{"id":211415,"date":"2024-01-09T16:08:00","date_gmt":"2024-01-09T16:08:00","guid":{"rendered":"https:\/\/www.webdo.tn\/fr\/blog\/tunisie-wadii-jary-adresse-une-lettre-ouverte-a-kais-saied\/211415\/"},"modified":"2025-05-20T21:54:01","modified_gmt":"2025-05-20T21:54:01","slug":"tunisie-wadii-jary-adresse-une-lettre-ouverte-a-kais-saied","status":"publish","type":"post","link":"https:\/\/www.webdo.tn\/fr\/actualite\/sport\/tunisie-wadii-jary-adresse-une-lettre-ouverte-a-kais-saied\/211415\/","title":{"rendered":"Tunisie : Wadii Jary adresse une lettre ouverte \u00e0 Kais Saied"},"content":{"rendered":"<p>Arr\u00eat\u00e9 le 26 octobre dernier pour soup\u00e7ons de corruption financi\u00e8re et faisant l\u2019objet de deux mandats de d\u00e9p\u00f4t, le pr\u00e9sident de la FTF a adress\u00e9, ce mardi 9 janvier 2024, une lettre ouverte au pr\u00e9sident de la R\u00e9publique Kais Saied. Une lettre publi\u00e9e sur sa page Facebook\u2026<\/p>\n<p>\t\t\t\t\t\t\t\t\tLe pr\u00e9sident de la F\u00e9d\u00e9ration tunisienne de football (FTF), Wadii Jary, fait l\u2019objet de deux mandats de d\u00e9p\u00f4t. Le premier a \u00e9t\u00e9 \u00e9mis \u00e0 son encontre le 26 octobre 2023 sur fond de suspicions de corruption concernant la signature d&rsquo;un contrat entre la FTF et un ancien directeur technique.<\/p>\n<p>Affaire pour laquelle Wadii Jary avait \u00e9t\u00e9 auditionn\u00e9 une premi\u00e8re fois \u00e0 El Gorjani, le 30 ao\u00fbt 2023 et avait \u00e9t\u00e9 maintenu en \u00e9tat de libert\u00e9, \u00e0 cette \u00e9poque.<\/p>\n<p>Mais, le le pr\u00e9sident de la FTF est aussi accus\u00e9 de \u00ab\u00a0malversation de deniers publics mis \u00e0 sa disposition, en relation avec des caract\u00e9ristiques de son poste\u00a0\u00bb. Le juge d&rsquo;instruction a \u00e9mis un mandat de d\u00e9p\u00f4t contre Wadi Jary, le 28 novembre dernier dans le cadre de cette affaire.<\/p>\n<p>Cette affaire est en rapport avec une plainte d\u00e9pos\u00e9e par le minist\u00e8re de la Jeunesse et des sports contre le pr\u00e9sident de la FTF, au sujet de fonds de la Conf\u00e9d\u00e9ration africaine de football.<\/p>\n<p>Ce mardi 9 janvier 2023, une lettre adress\u00e9e directement au Chef de l\u2019Etat a \u00e9t\u00e9 publi\u00e9e sur son compte Facebook dans laquelle il fait d\u2019abord une longue pr\u00e9sentation de sa personne et de ses origines, de Ben Guerdane, qui \u00ab\u00a0a r\u00e9sist\u00e9 au terrorisme\u00a0\u00bb, sans que celle-ci ne demande de compensation en retour.<\/p>\n<p>Wadii Jary indique en substance, qu\u2019il a su r\u00e9sister \u00e0 \u00ab\u00a0certains des lobbies qui ont tent\u00e9 de le renverser \u00e0 la t\u00eate de la FTF et ont utilis\u00e9 tous les mensonges et m\u00e9thodes possibles\u00a0\u00bb.<\/p>\n<p>\u00ab\u00a0L&rsquo;objet de cette premi\u00e8re correspondance est une plainte d\u00e9pos\u00e9e par l&rsquo;actuel ministre de la Jeunesse et des Sports (Kamel Deguiche) au motif que je n&rsquo;ai pas respect\u00e9 l&rsquo;arr\u00eat\u00e9 n\u00b0 552 de 1977 lors de la conclusion d\u2019un contrat avec l&rsquo;ancien directeur technique pour la p\u00e9riode s&rsquo;\u00e9tendant du 07\/01\/2020 au 30\/06\/2022.<\/p>\n<p>Le fait est que cette question a \u00e9t\u00e9 abrog\u00e9e par la loi n\u00b063 de 1984, qui a ensuite \u00e9t\u00e9 explicitement abrog\u00e9 par la loi sur les associations sportives de 1995\u00a0\u00bb. Il explique ainsi que \u00ab\u00a0la plainte p\u00e9nale n&rsquo;a plus d&rsquo;existence l\u00e9gale depuis 1995\u00a0\u00bb.<\/p>\n<p>Il explique \u00e9galement que \u00ab\u00a0le contrat a \u00e9t\u00e9 ratifi\u00e9 avec l&rsquo;ancien directeur technique par le minist\u00e8re, qui a \u00e9crit \u00e0 la FTF pour l&rsquo;informer de la ratification par le minist\u00e8re du contrat susmentionn\u00e9 (\u2026)\u00a0\u00bb.<\/p>\n<p>Wadii Jary rappelle que la FTF conclut le m\u00eame contrat avec tous les anciens pr\u00e9sidents de la FTF et directeurs techniques depuis environ un quart de si\u00e8cle, et estime ainsi qu\u2019aucun pr\u00e9sident n\u2019est coupable.<\/p>\n","protected":false},"excerpt":{"rendered":"<p>Ce mardi 9 janvier 2023, une lettre adress\u00e9e directement au Chef de l\u2019Etat a \u00e9t\u00e9 publi\u00e9e sur son compte Facebook dans laquelle il fait d\u2019abord une longue pr\u00e9sen&#8230;<\/p>\n","protected":false},"author":3162,"featured_media":248290,"comment_status":"open","ping_status":"closed","sticky":false,"template":"","format":"standard","meta":{"footnotes":""},"categories":[2593],"tags":[2614,3937],"class_list":["post-211415","post","type-post","status-publish","format-standard","has-post-thumbnail","hentry","category-sport","tag-kais-saied","tag-wadii-jary"],"yoast_head":"<!-- This site is optimized with the Yoast SEO Premium plugin v27.4 (Yoast SEO v27.5) - https:\/\/yoast.com\/product\/yoast-seo-premium-wordpress\/ -->\n<title>Tunisie : Wadii Jary adresse une lettre ouverte \u00e0 Kais Saied<\/title>\n<meta name=\"description\" content=\"Ce mardi 9 janvier 2023, une lettre adress\u00e9e directement au Chef de l\u2019Etat a \u00e9t\u00e9 publi\u00e9e sur son compte Facebook dans laquelle il fait d\u2019abord une longue pr\u00e9sen...\" \/>\n<link rel=\"canonical\" href=\"https:\/\/www.webdo.tn\/fr\/actualite\/sport\/tunisie-wadii-jary-adresse-une-lettre-ouverte-a-kais-saied\/211415\/\" \/>\n<meta property=\"og:locale\" content=\"fr_FR\" \/>\n<meta property=\"og:type\" content=\"article\" \/>\n<meta property=\"og:title\" content=\"Tunisie : Wadii Jary adresse une lettre ouverte \u00e0 Kais Saied\" \/>\n<meta property=\"og:description\" content=\"Ce mardi 9 janvier 2023, une lettre adress\u00e9e directement au Chef de l\u2019Etat a \u00e9t\u00e9 publi\u00e9e sur son compte Facebook dans laquelle il fait d\u2019abord une longue pr\u00e9sen...\" \/>\n<meta property=\"og:url\" content=\"https:\/\/www.webdo.tn\/fr\/actualite\/sport\/tunisie-wadii-jary-adresse-une-lettre-ouverte-a-kais-saied\/211415\/\" \/>\n<meta property=\"og:site_name\" content=\"webdo\" \/>\n<meta property=\"article:publisher\" content=\"https:\/\/www.facebook.com\/webdotn\" \/>\n<meta property=\"article:published_time\" content=\"2024-01-09T16:08:00+00:00\" \/>\n<meta property=\"article:modified_time\" content=\"2025-05-20T21:54:01+00:00\" \/>\n<meta property=\"og:image\" content=\"https:\/\/www.webdo.tn\/fr\/wp-content\/uploads\/2024\/01\/3d2fd8110ea0ea5bbaa98ad8dec5fddd.jpg\" \/>\n\t<meta property=\"og:image:width\" content=\"750\" \/>\n\t<meta property=\"og:image:height\" content=\"400\" \/>\n\t<meta property=\"og:image:type\" content=\"image\/jpeg\" \/>\n<meta name=\"author\" content=\"MC\" \/>\n<meta name=\"twitter:card\" content=\"summary_large_image\" \/>\n<meta name=\"twitter:creator\" content=\"@webdo_tn\" \/>\n<meta name=\"twitter:site\" content=\"@webdo_tn\" \/>\n<meta name=\"twitter:label1\" content=\"\u00c9crit par\" \/>\n\t<meta name=\"twitter:data1\" content=\"MC\" \/>\n\t<meta name=\"twitter:label2\" content=\"Dur\u00e9e de lecture estim\u00e9e\" \/>\n\t<meta name=\"twitter:data2\" content=\"2 minutes\" \/>\n<script type=\"application\/ld+json\" class=\"yoast-schema-graph\">{\"@context\":\"https:\\\/\\\/schema.org\",\"@graph\":[{\"@type\":\"NewsArticle\",\"@id\":\"https:\\\/\\\/www.webdo.tn\\\/fr\\\/actualite\\\/sport\\\/tunisie-wadii-jary-adresse-une-lettre-ouverte-a-kais-saied\\\/211415\\\/#article\",\"isPartOf\":{\"@id\":\"https:\\\/\\\/www.webdo.tn\\\/fr\\\/actualite\\\/sport\\\/tunisie-wadii-jary-adresse-une-lettre-ouverte-a-kais-saied\\\/211415\\\/\"},\"author\":{\"name\":\"MC\",\"@id\":\"https:\\\/\\\/www.webdo.tn\\\/fr\\\/#\\\/schema\\\/person\\\/2c4929cbf5a809e3bd38617c6ce150f6\"},\"headline\":\"Tunisie : Wadii Jary adresse une lettre ouverte \u00e0 Kais Saied\",\"datePublished\":\"2024-01-09T16:08:00+00:00\",\"dateModified\":\"2025-05-20T21:54:01+00:00\",\"mainEntityOfPage\":{\"@id\":\"https:\\\/\\\/www.webdo.tn\\\/fr\\\/actualite\\\/sport\\\/tunisie-wadii-jary-adresse-une-lettre-ouverte-a-kais-saied\\\/211415\\\/\"},\"wordCount\":506,\"commentCount\":0,\"publisher\":{\"@id\":\"https:\\\/\\\/www.webdo.tn\\\/fr\\\/#organization\"},\"image\":{\"@id\":\"https:\\\/\\\/www.webdo.tn\\\/fr\\\/actualite\\\/sport\\\/tunisie-wadii-jary-adresse-une-lettre-ouverte-a-kais-saied\\\/211415\\\/#primaryimage\"},\"thumbnailUrl\":\"https:\\\/\\\/www.webdo.tn\\\/fr\\\/wp-content\\\/uploads\\\/2024\\\/01\\\/3d2fd8110ea0ea5bbaa98ad8dec5fddd.jpg\",\"keywords\":[\"Kais Saied\",\"wadii jary\"],\"articleSection\":[\"Sport\"],\"inLanguage\":\"fr-FR\"},{\"@type\":\"WebPage\",\"@id\":\"https:\\\/\\\/www.webdo.tn\\\/fr\\\/actualite\\\/sport\\\/tunisie-wadii-jary-adresse-une-lettre-ouverte-a-kais-saied\\\/211415\\\/\",\"url\":\"https:\\\/\\\/www.webdo.tn\\\/fr\\\/actualite\\\/sport\\\/tunisie-wadii-jary-adresse-une-lettre-ouverte-a-kais-saied\\\/211415\\\/\",\"name\":\"Tunisie : Wadii Jary adresse une lettre ouverte \u00e0 Kais Saied\",\"isPartOf\":{\"@id\":\"https:\\\/\\\/www.webdo.tn\\\/fr\\\/#website\"},\"primaryImageOfPage\":{\"@id\":\"https:\\\/\\\/www.webdo.tn\\\/fr\\\/actualite\\\/sport\\\/tunisie-wadii-jary-adresse-une-lettre-ouverte-a-kais-saied\\\/211415\\\/#primaryimage\"},\"image\":{\"@id\":\"https:\\\/\\\/www.webdo.tn\\\/fr\\\/actualite\\\/sport\\\/tunisie-wadii-jary-adresse-une-lettre-ouverte-a-kais-saied\\\/211415\\\/#primaryimage\"},\"thumbnailUrl\":\"https:\\\/\\\/www.webdo.tn\\\/fr\\\/wp-content\\\/uploads\\\/2024\\\/01\\\/3d2fd8110ea0ea5bbaa98ad8dec5fddd.jpg\",\"datePublished\":\"2024-01-09T16:08:00+00:00\",\"dateModified\":\"2025-05-20T21:54:01+00:00\",\"description\":\"Ce mardi 9 janvier 2023, une lettre adress\u00e9e directement au Chef de l\u2019Etat a \u00e9t\u00e9 publi\u00e9e sur son compte Facebook dans laquelle il fait d\u2019abord une longue pr\u00e9sen...\",\"breadcrumb\":{\"@id\":\"https:\\\/\\\/www.webdo.tn\\\/fr\\\/actualite\\\/sport\\\/tunisie-wadii-jary-adresse-une-lettre-ouverte-a-kais-saied\\\/211415\\\/#breadcrumb\"},\"inLanguage\":\"fr-FR\",\"potentialAction\":[{\"@type\":\"ReadAction\",\"target\":[\"https:\\\/\\\/www.webdo.tn\\\/fr\\\/actualite\\\/sport\\\/tunisie-wadii-jary-adresse-une-lettre-ouverte-a-kais-saied\\\/211415\\\/\"]}]},{\"@type\":\"ImageObject\",\"inLanguage\":\"fr-FR\",\"@id\":\"https:\\\/\\\/www.webdo.tn\\\/fr\\\/actualite\\\/sport\\\/tunisie-wadii-jary-adresse-une-lettre-ouverte-a-kais-saied\\\/211415\\\/#primaryimage\",\"url\":\"https:\\\/\\\/www.webdo.tn\\\/fr\\\/wp-content\\\/uploads\\\/2024\\\/01\\\/3d2fd8110ea0ea5bbaa98ad8dec5fddd.jpg\",\"contentUrl\":\"https:\\\/\\\/www.webdo.tn\\\/fr\\\/wp-content\\\/uploads\\\/2024\\\/01\\\/3d2fd8110ea0ea5bbaa98ad8dec5fddd.jpg\",\"width\":750,\"height\":400,\"caption\":\"Tunisie : Wadii Jary adresse une lettre ouverte \u00e0 Kais Saied\"},{\"@type\":\"BreadcrumbList\",\"@id\":\"https:\\\/\\\/www.webdo.tn\\\/fr\\\/actualite\\\/sport\\\/tunisie-wadii-jary-adresse-une-lettre-ouverte-a-kais-saied\\\/211415\\\/#breadcrumb\",\"itemListElement\":[{\"@type\":\"ListItem\",\"position\":1,\"name\":\"Accueil\",\"item\":\"https:\\\/\\\/www.webdo.tn\\\/fr\\\/\"},{\"@type\":\"ListItem\",\"position\":2,\"name\":\"Tunisie : Wadii Jary adresse une lettre ouverte \u00e0 Kais Saied\"}]},{\"@type\":\"WebSite\",\"@id\":\"https:\\\/\\\/www.webdo.tn\\\/fr\\\/#website\",\"url\":\"https:\\\/\\\/www.webdo.tn\\\/fr\\\/\",\"name\":\"webdo\",\"description\":\"Tunisie - News en Tunisie et \u00e0 l&#039;international sur Webdo.tn\",\"publisher\":{\"@id\":\"https:\\\/\\\/www.webdo.tn\\\/fr\\\/#organization\"},\"potentialAction\":[{\"@type\":\"SearchAction\",\"target\":{\"@type\":\"EntryPoint\",\"urlTemplate\":\"https:\\\/\\\/www.webdo.tn\\\/fr\\\/?s={search_term_string}\"},\"query-input\":{\"@type\":\"PropertyValueSpecification\",\"valueRequired\":true,\"valueName\":\"search_term_string\"}}],\"inLanguage\":\"fr-FR\"},{\"@type\":\"Organization\",\"@id\":\"https:\\\/\\\/www.webdo.tn\\\/fr\\\/#organization\",\"name\":\"Webdo\",\"alternateName\":\"Webdo.tn\",\"url\":\"https:\\\/\\\/www.webdo.tn\\\/fr\\\/\",\"logo\":{\"@type\":\"ImageObject\",\"inLanguage\":\"fr-FR\",\"@id\":\"https:\\\/\\\/www.webdo.tn\\\/fr\\\/#\\\/schema\\\/logo\\\/image\\\/\",\"url\":\"https:\\\/\\\/www.webdo.tn\\\/fr\\\/wp-content\\\/uploads\\\/2025\\\/06\\\/Webdo-Tunisie_168377.jpg\",\"contentUrl\":\"https:\\\/\\\/www.webdo.tn\\\/fr\\\/wp-content\\\/uploads\\\/2025\\\/06\\\/Webdo-Tunisie_168377.jpg\",\"width\":301,\"height\":301,\"caption\":\"Webdo\"},\"image\":{\"@id\":\"https:\\\/\\\/www.webdo.tn\\\/fr\\\/#\\\/schema\\\/logo\\\/image\\\/\"},\"sameAs\":[\"https:\\\/\\\/www.facebook.com\\\/webdotn\",\"https:\\\/\\\/x.com\\\/webdo_tn\"],\"description\":\"Webdo est un m\u00e9dia num\u00e9rique tunisien fond\u00e9 en 2010, sp\u00e9cialis\u00e9 dans l\u2019actualit\u00e9 nationale et internationale, l\u2019\u00e9conomie, la soci\u00e9t\u00e9 et les analyses politiques. Le site s\u2019adresse \u00e0 un large public francophone et couvre l\u2019information tunisienne en temps r\u00e9el.\",\"email\":\"redac@webdo.tn\",\"legalName\":\"YNJ SARL\",\"foundingDate\":\"2010-09-06\",\"numberOfEmployees\":{\"@type\":\"QuantitativeValue\",\"minValue\":\"11\",\"maxValue\":\"50\"}},{\"@type\":\"Person\",\"@id\":\"https:\\\/\\\/www.webdo.tn\\\/fr\\\/#\\\/schema\\\/person\\\/2c4929cbf5a809e3bd38617c6ce150f6\",\"name\":\"MC\",\"image\":{\"@type\":\"ImageObject\",\"inLanguage\":\"fr-FR\",\"@id\":\"https:\\\/\\\/secure.gravatar.com\\\/avatar\\\/a545bbb6f84efdd5553dbbc2895e3ca8f1d12c5215e00a041c9670b54aa9b18a?s=96&d=mm&r=g\",\"url\":\"https:\\\/\\\/secure.gravatar.com\\\/avatar\\\/a545bbb6f84efdd5553dbbc2895e3ca8f1d12c5215e00a041c9670b54aa9b18a?s=96&d=mm&r=g\",\"contentUrl\":\"https:\\\/\\\/secure.gravatar.com\\\/avatar\\\/a545bbb6f84efdd5553dbbc2895e3ca8f1d12c5215e00a041c9670b54aa9b18a?s=96&d=mm&r=g\",\"caption\":\"MC\"},\"url\":\"https:\\\/\\\/www.webdo.tn\\\/fr\\\/actualite\\\/author\\\/mc\\\/\"}]}<\/script>\n<!-- \/ Yoast SEO Premium plugin. -->","yoast_head_json":{"title":"Tunisie : Wadii Jary adresse une lettre ouverte \u00e0 Kais Saied","description":"Ce mardi 9 janvier 2023, une lettre adress\u00e9e directement au Chef de l\u2019Etat a \u00e9t\u00e9 publi\u00e9e sur son compte Facebook dans laquelle il fait d\u2019abord une longue pr\u00e9sen...","canonical":"https:\/\/www.webdo.tn\/fr\/actualite\/sport\/tunisie-wadii-jary-adresse-une-lettre-ouverte-a-kais-saied\/211415\/","og_locale":"fr_FR","og_type":"article","og_title":"Tunisie : Wadii Jary adresse une lettre ouverte \u00e0 Kais Saied","og_description":"Ce mardi 9 janvier 2023, une lettre adress\u00e9e directement au Chef de l\u2019Etat a \u00e9t\u00e9 publi\u00e9e sur son compte Facebook dans laquelle il fait d\u2019abord une longue pr\u00e9sen...","og_url":"https:\/\/www.webdo.tn\/fr\/actualite\/sport\/tunisie-wadii-jary-adresse-une-lettre-ouverte-a-kais-saied\/211415\/","og_site_name":"webdo","article_publisher":"https:\/\/www.facebook.com\/webdotn","article_published_time":"2024-01-09T16:08:00+00:00","article_modified_time":"2025-05-20T21:54:01+00:00","og_image":[{"width":750,"height":400,"url":"https:\/\/www.webdo.tn\/fr\/wp-content\/uploads\/2024\/01\/3d2fd8110ea0ea5bbaa98ad8dec5fddd.jpg","type":"image\/jpeg"}],"author":"MC","twitter_card":"summary_large_image","twitter_creator":"@webdo_tn","twitter_site":"@webdo_tn","twitter_misc":{"\u00c9crit par":"MC","Dur\u00e9e de lecture estim\u00e9e":"2 minutes"},"schema":{"@context":"https:\/\/schema.org","@graph":[{"@type":"NewsArticle","@id":"https:\/\/www.webdo.tn\/fr\/actualite\/sport\/tunisie-wadii-jary-adresse-une-lettre-ouverte-a-kais-saied\/211415\/#article","isPartOf":{"@id":"https:\/\/www.webdo.tn\/fr\/actualite\/sport\/tunisie-wadii-jary-adresse-une-lettre-ouverte-a-kais-saied\/211415\/"},"author":{"name":"MC","@id":"https:\/\/www.webdo.tn\/fr\/#\/schema\/person\/2c4929cbf5a809e3bd38617c6ce150f6"},"headline":"Tunisie : Wadii Jary adresse une lettre ouverte \u00e0 Kais Saied","datePublished":"2024-01-09T16:08:00+00:00","dateModified":"2025-05-20T21:54:01+00:00","mainEntityOfPage":{"@id":"https:\/\/www.webdo.tn\/fr\/actualite\/sport\/tunisie-wadii-jary-adresse-une-lettre-ouverte-a-kais-saied\/211415\/"},"wordCount":506,"commentCount":0,"publisher":{"@id":"https:\/\/www.webdo.tn\/fr\/#organization"},"image":{"@id":"https:\/\/www.webdo.tn\/fr\/actualite\/sport\/tunisie-wadii-jary-adresse-une-lettre-ouverte-a-kais-saied\/211415\/#primaryimage"},"thumbnailUrl":"https:\/\/www.webdo.tn\/fr\/wp-content\/uploads\/2024\/01\/3d2fd8110ea0ea5bbaa98ad8dec5fddd.jpg","keywords":["Kais Saied","wadii jary"],"articleSection":["Sport"],"inLanguage":"fr-FR"},{"@type":"WebPage","@id":"https:\/\/www.webdo.tn\/fr\/actualite\/sport\/tunisie-wadii-jary-adresse-une-lettre-ouverte-a-kais-saied\/211415\/","url":"https:\/\/www.webdo.tn\/fr\/actualite\/sport\/tunisie-wadii-jary-adresse-une-lettre-ouverte-a-kais-saied\/211415\/","name":"Tunisie : Wadii Jary adresse une lettre ouverte \u00e0 Kais Saied","isPartOf":{"@id":"https:\/\/www.webdo.tn\/fr\/#website"},"primaryImageOfPage":{"@id":"https:\/\/www.webdo.tn\/fr\/actualite\/sport\/tunisie-wadii-jary-adresse-une-lettre-ouverte-a-kais-saied\/211415\/#primaryimage"},"image":{"@id":"https:\/\/www.webdo.tn\/fr\/actualite\/sport\/tunisie-wadii-jary-adresse-une-lettre-ouverte-a-kais-saied\/211415\/#primaryimage"},"thumbnailUrl":"https:\/\/www.webdo.tn\/fr\/wp-content\/uploads\/2024\/01\/3d2fd8110ea0ea5bbaa98ad8dec5fddd.jpg","datePublished":"2024-01-09T16:08:00+00:00","dateModified":"2025-05-20T21:54:01+00:00","description":"Ce mardi 9 janvier 2023, une lettre adress\u00e9e directement au Chef de l\u2019Etat a \u00e9t\u00e9 publi\u00e9e sur son compte Facebook dans laquelle il fait d\u2019abord une longue pr\u00e9sen...","breadcrumb":{"@id":"https:\/\/www.webdo.tn\/fr\/actualite\/sport\/tunisie-wadii-jary-adresse-une-lettre-ouverte-a-kais-saied\/211415\/#breadcrumb"},"inLanguage":"fr-FR","potentialAction":[{"@type":"ReadAction","target":["https:\/\/www.webdo.tn\/fr\/actualite\/sport\/tunisie-wadii-jary-adresse-une-lettre-ouverte-a-kais-saied\/211415\/"]}]},{"@type":"ImageObject","inLanguage":"fr-FR","@id":"https:\/\/www.webdo.tn\/fr\/actualite\/sport\/tunisie-wadii-jary-adresse-une-lettre-ouverte-a-kais-saied\/211415\/#primaryimage","url":"https:\/\/www.webdo.tn\/fr\/wp-content\/uploads\/2024\/01\/3d2fd8110ea0ea5bbaa98ad8dec5fddd.jpg","contentUrl":"https:\/\/www.webdo.tn\/fr\/wp-content\/uploads\/2024\/01\/3d2fd8110ea0ea5bbaa98ad8dec5fddd.jpg","width":750,"height":400,"caption":"Tunisie : Wadii Jary adresse une lettre ouverte \u00e0 Kais Saied"},{"@type":"BreadcrumbList","@id":"https:\/\/www.webdo.tn\/fr\/actualite\/sport\/tunisie-wadii-jary-adresse-une-lettre-ouverte-a-kais-saied\/211415\/#breadcrumb","itemListElement":[{"@type":"ListItem","position":1,"name":"Accueil","item":"https:\/\/www.webdo.tn\/fr\/"},{"@type":"ListItem","position":2,"name":"Tunisie : Wadii Jary adresse une lettre ouverte \u00e0 Kais Saied"}]},{"@type":"WebSite","@id":"https:\/\/www.webdo.tn\/fr\/#website","url":"https:\/\/www.webdo.tn\/fr\/","name":"webdo","description":"Tunisie - News en Tunisie et \u00e0 l&#039;international sur Webdo.tn","publisher":{"@id":"https:\/\/www.webdo.tn\/fr\/#organization"},"potentialAction":[{"@type":"SearchAction","target":{"@type":"EntryPoint","urlTemplate":"https:\/\/www.webdo.tn\/fr\/?s={search_term_string}"},"query-input":{"@type":"PropertyValueSpecification","valueRequired":true,"valueName":"search_term_string"}}],"inLanguage":"fr-FR"},{"@type":"Organization","@id":"https:\/\/www.webdo.tn\/fr\/#organization","name":"Webdo","alternateName":"Webdo.tn","url":"https:\/\/www.webdo.tn\/fr\/","logo":{"@type":"ImageObject","inLanguage":"fr-FR","@id":"https:\/\/www.webdo.tn\/fr\/#\/schema\/logo\/image\/","url":"https:\/\/www.webdo.tn\/fr\/wp-content\/uploads\/2025\/06\/Webdo-Tunisie_168377.jpg","contentUrl":"https:\/\/www.webdo.tn\/fr\/wp-content\/uploads\/2025\/06\/Webdo-Tunisie_168377.jpg","width":301,"height":301,"caption":"Webdo"},"image":{"@id":"https:\/\/www.webdo.tn\/fr\/#\/schema\/logo\/image\/"},"sameAs":["https:\/\/www.facebook.com\/webdotn","https:\/\/x.com\/webdo_tn"],"description":"Webdo est un m\u00e9dia num\u00e9rique tunisien fond\u00e9 en 2010, sp\u00e9cialis\u00e9 dans l\u2019actualit\u00e9 nationale et internationale, l\u2019\u00e9conomie, la soci\u00e9t\u00e9 et les analyses politiques. Le site s\u2019adresse \u00e0 un large public francophone et couvre l\u2019information tunisienne en temps r\u00e9el.","email":"redac@webdo.tn","legalName":"YNJ SARL","foundingDate":"2010-09-06","numberOfEmployees":{"@type":"QuantitativeValue","minValue":"11","maxValue":"50"}},{"@type":"Person","@id":"https:\/\/www.webdo.tn\/fr\/#\/schema\/person\/2c4929cbf5a809e3bd38617c6ce150f6","name":"MC","image":{"@type":"ImageObject","inLanguage":"fr-FR","@id":"https:\/\/secure.gravatar.com\/avatar\/a545bbb6f84efdd5553dbbc2895e3ca8f1d12c5215e00a041c9670b54aa9b18a?s=96&d=mm&r=g","url":"https:\/\/secure.gravatar.com\/avatar\/a545bbb6f84efdd5553dbbc2895e3ca8f1d12c5215e00a041c9670b54aa9b18a?s=96&d=mm&r=g","contentUrl":"https:\/\/secure.gravatar.com\/avatar\/a545bbb6f84efdd5553dbbc2895e3ca8f1d12c5215e00a041c9670b54aa9b18a?s=96&d=mm&r=g","caption":"MC"},"url":"https:\/\/www.webdo.tn\/fr\/actualite\/author\/mc\/"}]}},"_links":{"self":[{"href":"https:\/\/www.webdo.tn\/fr\/wp-json\/wp\/v2\/posts\/211415","targetHints":{"allow":["GET"]}}],"collection":[{"href":"https:\/\/www.webdo.tn\/fr\/wp-json\/wp\/v2\/posts"}],"about":[{"href":"https:\/\/www.webdo.tn\/fr\/wp-json\/wp\/v2\/types\/post"}],"author":[{"embeddable":true,"href":"https:\/\/www.webdo.tn\/fr\/wp-json\/wp\/v2\/users\/3162"}],"replies":[{"embeddable":true,"href":"https:\/\/www.webdo.tn\/fr\/wp-json\/wp\/v2\/comments?post=211415"}],"version-history":[{"count":0,"href":"https:\/\/www.webdo.tn\/fr\/wp-json\/wp\/v2\/posts\/211415\/revisions"}],"wp:featuredmedia":[{"embeddable":true,"href":"https:\/\/www.webdo.tn\/fr\/wp-json\/wp\/v2\/media\/248290"}],"wp:attachment":[{"href":"https:\/\/www.webdo.tn\/fr\/wp-json\/wp\/v2\/media?parent=211415"}],"wp:term":[{"taxonomy":"category","embeddable":true,"href":"https:\/\/www.webdo.tn\/fr\/wp-json\/wp\/v2\/categories?post=211415"},{"taxonomy":"post_tag","embeddable":true,"href":"https:\/\/www.webdo.tn\/fr\/wp-json\/wp\/v2\/tags?post=211415"}],"curies":[{"name":"wp","href":"https:\/\/api.w.org\/{rel}","templated":true}]}}