{"id":211398,"date":"2024-01-09T09:12:00","date_gmt":"2024-01-09T09:12:00","guid":{"rendered":"https:\/\/www.webdo.tn\/fr\/blog\/mrazig-ghrib-adhara-et-bani-yaacoub-tribus-traditionnelles-de-la-region-de-douz\/211398\/"},"modified":"2024-01-09T09:12:00","modified_gmt":"2024-01-09T09:12:00","slug":"mrazig-ghrib-adhara-et-bani-yaacoub-tribus-traditionnelles-de-la-region-de-douz","status":"publish","type":"post","link":"https:\/\/www.webdo.tn\/fr\/actualite\/chroniques\/mrazig-ghrib-adhara-et-bani-yaacoub-tribus-traditionnelles-de-la-region-de-douz\/211398\/","title":{"rendered":"Mrazig, Ghrib, Adhara et Bani Yaacoub : Tribus traditionnelles de la r\u00e9gion de Douz"},"content":{"rendered":"<p>Aux portes du d\u00e9sert, les mille et un secrets de Douz et des Mrazig permettent de d\u00e9couvrir les modes de vie traditionnels du sud-ouest de la Tunisie.<\/p>\n<p>\t\t\t\t\t\t\t\t\tDouz est un tremplin id\u00e9al pour visiter les oasis de la r\u00e9gion et mieux connaitre la tradition des fiers Mrazig, l&rsquo;une des quatre grandes tribus traditionnelles de la r\u00e9gion de Nefzaoua. Ces quatre lign\u00e9es descendent des Beni Souleim et cette r\u00e9gion de Nefzaoua est leur terre de parcours.<\/p>\n<p>Ainsi, les Mrazig nomadisaient au sud-est de Douz alors que les Adhara, bas\u00e9s \u00e0 Zaafrane, et les Ghrib, bas\u00e9s \u00e0 El Faouar et Sabria, ont le sud-ouest de Douz comme terre de parcours. Enfin, la quatri\u00e8me tribu, celle des Bani Yaacoub, est plut\u00f4t install\u00e9e dans la r\u00e9gion de K\u00e9bili.<\/p>\n<p>Les Mrazig font remonter leur lignage \u00e0 Sidi Merzoug, un patriarche ayant v\u00e9cu au dix-septi\u00e8me si\u00e8cle. Leur mode de vie traditionnel est nomade et ils m\u00e8nent leurs troupeaux jusqu&rsquo;\u00e0 Gab\u00e8s et Gafsa, en automne, avant de revenir en hiver dans la r\u00e9gion de Douz pour y cueillir les dattes et presser les olives.<\/p>\n<p>Au printemps, ils nomadisent vers le sud jusqu&rsquo;\u00e0 la tonte des ovins qui permettra aux femmes de r\u00e9aliser les beaux tissages de la r\u00e9gion. L&rsquo;\u00e9t\u00e9 venu; ils revenaient vers Douz et ses oasis pour y surveiller la croissance des dattes alors que les femmes s&rsquo;affairaient \u00e0 la \u00ab\u00a0oula\u00a0\u00bb pour pr\u00e9parer les provisions de l&rsquo;hiver. Ce mode de vie ancestral reste souvent encore valable.<\/p>\n<p>Autour de Douz, les visiteurs pourront d\u00e9couvrir l&rsquo;oasis de Jemna qui, en 2016, avait d\u00e9fray\u00e9 la chronique avec une association de gestionnaires de l&rsquo;oasis qui s&rsquo;\u00e9tait empar\u00e9e des terres du domaine public.<\/p>\n<p>Cette exp\u00e9rience de d\u00e9veloppement local continue \u00e0 susciter les passions et l&rsquo;oasis de Jemna est pour sa part admirable de beaut\u00e9 malgr\u00e9 une p\u00e9nurie d&rsquo;eau r\u00e9currente. Avec son souk du samedi, Jemna est aussi r\u00e9put\u00e9e pour son hammam utilisant des eaux de source qui jaillissent chaudes des entrailles de la terre.<\/p>\n<p>Non loin de Douz, Zaafrane et les tentes noires des Adhara toujours dress\u00e9es dans la proximit\u00e9 de leurs demeures en briques est une destination r\u00e9put\u00e9e pour son march\u00e9 aux chameaux. Plus loin, Sabria est le lieu o\u00f9 les dunes sont les plus spectaculaires ; on y trouve encore un vieux fort de l&rsquo;arm\u00e9e fran\u00e7aise d&rsquo;o\u00f9 la vue sur le d\u00e9sert est imprenable.<\/p>\n<p>El Faouar est la localit\u00e9 la plus \u00e9loign\u00e9e et se trouve \u00e0 une quarantaine de kilom\u00e8tres \u00e0 l&rsquo;ouest de Douz. Ici aussi les dunes sont impressionnantes et les Ghrib continuent \u00e0 pr\u00e9server en partie leur mode de vie ancestral.<\/p>\n<p>A d\u00e9couvrir aussi dans cette r\u00e9gion, le petit village de Nouail a \u00e9t\u00e9 l&rsquo;un des premiers \u00e0 abriter un campement nomade alors que Blidet offre son mausol\u00e9e de marabout et sa m\u00e9dina historique aux visiteurs.<\/p>\n<p>Enfin, El Gola&rsquo;a est le lieu par excellence d&rsquo;o\u00f9 l&rsquo;on peut admirer lever et coucher du soleil. Entour\u00e9 de cinq petites oasis, ce village rec\u00e8le l&rsquo;une des plus anciennes mosqu\u00e9es de la r\u00e9gion.<\/p>\n<p>[Photos : Festival international de Douz]<\/p>\n","protected":false},"excerpt":{"rendered":"<p>Douz est un tremplin id\u00e9al pour visiter les oasis de la r\u00e9gion et mieux connaitre la tradition des fiers Mrazig, l&rsquo;une des quatre grandes tribus traditionnelles&#8230;<\/p>\n","protected":false},"author":3229,"featured_media":290051,"comment_status":"open","ping_status":"closed","sticky":false,"template":"","format":"standard","meta":{"footnotes":""},"categories":[2596],"tags":[9922,8432],"class_list":["post-211398","post","type-post","status-publish","format-standard","has-post-thumbnail","hentry","category-chroniques","tag-tribus","tag-douz"],"yoast_head":"<!-- This site is optimized with the Yoast SEO Premium plugin v27.4 (Yoast SEO v27.5) - https:\/\/yoast.com\/product\/yoast-seo-premium-wordpress\/ -->\n<title>Mrazig, Ghrib, Adhara et Bani Yaacoub : Tribus traditionnelles de la r\u00e9gion de Douz<\/title>\n<meta name=\"description\" content=\"Douz est un tremplin id\u00e9al pour visiter les oasis de la r\u00e9gion et mieux connaitre la tradition des fiers Mrazig, l&#039;une des quatre grandes tribus traditionnelles...\" \/>\n<link rel=\"canonical\" href=\"https:\/\/www.webdo.tn\/fr\/actualite\/chroniques\/mrazig-ghrib-adhara-et-bani-yaacoub-tribus-traditionnelles-de-la-region-de-douz\/211398\/\" \/>\n<meta property=\"og:locale\" content=\"fr_FR\" \/>\n<meta property=\"og:type\" content=\"article\" \/>\n<meta property=\"og:title\" content=\"Mrazig, Ghrib, Adhara et Bani Yaacoub : Tribus traditionnelles de la r\u00e9gion de Douz\" \/>\n<meta property=\"og:description\" content=\"Douz est un tremplin id\u00e9al pour visiter les oasis de la r\u00e9gion et mieux connaitre la tradition des fiers Mrazig, l&#039;une des quatre grandes tribus traditionnelles...\" \/>\n<meta property=\"og:url\" content=\"https:\/\/www.webdo.tn\/fr\/actualite\/chroniques\/mrazig-ghrib-adhara-et-bani-yaacoub-tribus-traditionnelles-de-la-region-de-douz\/211398\/\" \/>\n<meta property=\"og:site_name\" content=\"webdo\" \/>\n<meta property=\"article:publisher\" content=\"https:\/\/www.facebook.com\/webdotn\" \/>\n<meta property=\"article:author\" content=\"https:\/\/www.facebook.com\/hatem.bourial.2025\" \/>\n<meta property=\"article:published_time\" content=\"2024-01-09T09:12:00+00:00\" \/>\n<meta property=\"og:image\" content=\"https:\/\/www.webdo.tn\/fr\/wp-content\/uploads\/2024\/01\/96cbdb45c8a581861630738c5d8ae077.jpg\" \/>\n\t<meta property=\"og:image:width\" content=\"720\" \/>\n\t<meta property=\"og:image:height\" content=\"384\" \/>\n\t<meta property=\"og:image:type\" content=\"image\/jpeg\" \/>\n<meta name=\"author\" content=\"Hatem Bourial\" \/>\n<meta name=\"twitter:card\" content=\"summary_large_image\" \/>\n<meta name=\"twitter:creator\" content=\"@webdo_tn\" \/>\n<meta name=\"twitter:site\" content=\"@webdo_tn\" \/>\n<meta name=\"twitter:label1\" content=\"\u00c9crit par\" \/>\n\t<meta name=\"twitter:data1\" content=\"Hatem Bourial\" \/>\n\t<meta name=\"twitter:label2\" content=\"Dur\u00e9e de lecture estim\u00e9e\" \/>\n\t<meta name=\"twitter:data2\" content=\"3 minutes\" \/>\n<script type=\"application\/ld+json\" class=\"yoast-schema-graph\">{\"@context\":\"https:\\\/\\\/schema.org\",\"@graph\":[{\"@type\":\"NewsArticle\",\"@id\":\"https:\\\/\\\/www.webdo.tn\\\/fr\\\/actualite\\\/chroniques\\\/mrazig-ghrib-adhara-et-bani-yaacoub-tribus-traditionnelles-de-la-region-de-douz\\\/211398\\\/#article\",\"isPartOf\":{\"@id\":\"https:\\\/\\\/www.webdo.tn\\\/fr\\\/actualite\\\/chroniques\\\/mrazig-ghrib-adhara-et-bani-yaacoub-tribus-traditionnelles-de-la-region-de-douz\\\/211398\\\/\"},\"author\":{\"name\":\"Hatem Bourial\",\"@id\":\"https:\\\/\\\/www.webdo.tn\\\/fr\\\/#\\\/schema\\\/person\\\/6bc0beba2cd23aec27cb5df85ca2554f\"},\"headline\":\"Mrazig, Ghrib, Adhara et Bani Yaacoub : Tribus traditionnelles de la r\u00e9gion de Douz\",\"datePublished\":\"2024-01-09T09:12:00+00:00\",\"mainEntityOfPage\":{\"@id\":\"https:\\\/\\\/www.webdo.tn\\\/fr\\\/actualite\\\/chroniques\\\/mrazig-ghrib-adhara-et-bani-yaacoub-tribus-traditionnelles-de-la-region-de-douz\\\/211398\\\/\"},\"wordCount\":565,\"commentCount\":0,\"publisher\":{\"@id\":\"https:\\\/\\\/www.webdo.tn\\\/fr\\\/#organization\"},\"image\":{\"@id\":\"https:\\\/\\\/www.webdo.tn\\\/fr\\\/actualite\\\/chroniques\\\/mrazig-ghrib-adhara-et-bani-yaacoub-tribus-traditionnelles-de-la-region-de-douz\\\/211398\\\/#primaryimage\"},\"thumbnailUrl\":\"https:\\\/\\\/www.webdo.tn\\\/fr\\\/wp-content\\\/uploads\\\/2024\\\/01\\\/96cbdb45c8a581861630738c5d8ae077.jpg\",\"keywords\":[\"'tribus']\",\"douz\"],\"articleSection\":[\"Chroniques\"],\"inLanguage\":\"fr-FR\"},{\"@type\":\"WebPage\",\"@id\":\"https:\\\/\\\/www.webdo.tn\\\/fr\\\/actualite\\\/chroniques\\\/mrazig-ghrib-adhara-et-bani-yaacoub-tribus-traditionnelles-de-la-region-de-douz\\\/211398\\\/\",\"url\":\"https:\\\/\\\/www.webdo.tn\\\/fr\\\/actualite\\\/chroniques\\\/mrazig-ghrib-adhara-et-bani-yaacoub-tribus-traditionnelles-de-la-region-de-douz\\\/211398\\\/\",\"name\":\"Mrazig, Ghrib, Adhara et Bani Yaacoub : Tribus traditionnelles de la r\u00e9gion de Douz\",\"isPartOf\":{\"@id\":\"https:\\\/\\\/www.webdo.tn\\\/fr\\\/#website\"},\"primaryImageOfPage\":{\"@id\":\"https:\\\/\\\/www.webdo.tn\\\/fr\\\/actualite\\\/chroniques\\\/mrazig-ghrib-adhara-et-bani-yaacoub-tribus-traditionnelles-de-la-region-de-douz\\\/211398\\\/#primaryimage\"},\"image\":{\"@id\":\"https:\\\/\\\/www.webdo.tn\\\/fr\\\/actualite\\\/chroniques\\\/mrazig-ghrib-adhara-et-bani-yaacoub-tribus-traditionnelles-de-la-region-de-douz\\\/211398\\\/#primaryimage\"},\"thumbnailUrl\":\"https:\\\/\\\/www.webdo.tn\\\/fr\\\/wp-content\\\/uploads\\\/2024\\\/01\\\/96cbdb45c8a581861630738c5d8ae077.jpg\",\"datePublished\":\"2024-01-09T09:12:00+00:00\",\"description\":\"Douz est un tremplin id\u00e9al pour visiter les oasis de la r\u00e9gion et mieux connaitre la tradition des fiers Mrazig, l'une des quatre grandes tribus traditionnelles...\",\"breadcrumb\":{\"@id\":\"https:\\\/\\\/www.webdo.tn\\\/fr\\\/actualite\\\/chroniques\\\/mrazig-ghrib-adhara-et-bani-yaacoub-tribus-traditionnelles-de-la-region-de-douz\\\/211398\\\/#breadcrumb\"},\"inLanguage\":\"fr-FR\",\"potentialAction\":[{\"@type\":\"ReadAction\",\"target\":[\"https:\\\/\\\/www.webdo.tn\\\/fr\\\/actualite\\\/chroniques\\\/mrazig-ghrib-adhara-et-bani-yaacoub-tribus-traditionnelles-de-la-region-de-douz\\\/211398\\\/\"]}]},{\"@type\":\"ImageObject\",\"inLanguage\":\"fr-FR\",\"@id\":\"https:\\\/\\\/www.webdo.tn\\\/fr\\\/actualite\\\/chroniques\\\/mrazig-ghrib-adhara-et-bani-yaacoub-tribus-traditionnelles-de-la-region-de-douz\\\/211398\\\/#primaryimage\",\"url\":\"https:\\\/\\\/www.webdo.tn\\\/fr\\\/wp-content\\\/uploads\\\/2024\\\/01\\\/96cbdb45c8a581861630738c5d8ae077.jpg\",\"contentUrl\":\"https:\\\/\\\/www.webdo.tn\\\/fr\\\/wp-content\\\/uploads\\\/2024\\\/01\\\/96cbdb45c8a581861630738c5d8ae077.jpg\",\"width\":720,\"height\":384,\"caption\":\"Mrazig, Ghrib, Adhara et Bani Yaacoub : Tribus traditionnelles de la r\u00e9gion de Douz\"},{\"@type\":\"BreadcrumbList\",\"@id\":\"https:\\\/\\\/www.webdo.tn\\\/fr\\\/actualite\\\/chroniques\\\/mrazig-ghrib-adhara-et-bani-yaacoub-tribus-traditionnelles-de-la-region-de-douz\\\/211398\\\/#breadcrumb\",\"itemListElement\":[{\"@type\":\"ListItem\",\"position\":1,\"name\":\"Accueil\",\"item\":\"https:\\\/\\\/www.webdo.tn\\\/fr\\\/\"},{\"@type\":\"ListItem\",\"position\":2,\"name\":\"Mrazig, Ghrib, Adhara et Bani Yaacoub : Tribus traditionnelles de la r\u00e9gion de Douz\"}]},{\"@type\":\"WebSite\",\"@id\":\"https:\\\/\\\/www.webdo.tn\\\/fr\\\/#website\",\"url\":\"https:\\\/\\\/www.webdo.tn\\\/fr\\\/\",\"name\":\"webdo\",\"description\":\"Tunisie - News en Tunisie et \u00e0 l&#039;international sur Webdo.tn\",\"publisher\":{\"@id\":\"https:\\\/\\\/www.webdo.tn\\\/fr\\\/#organization\"},\"potentialAction\":[{\"@type\":\"SearchAction\",\"target\":{\"@type\":\"EntryPoint\",\"urlTemplate\":\"https:\\\/\\\/www.webdo.tn\\\/fr\\\/?s={search_term_string}\"},\"query-input\":{\"@type\":\"PropertyValueSpecification\",\"valueRequired\":true,\"valueName\":\"search_term_string\"}}],\"inLanguage\":\"fr-FR\"},{\"@type\":\"Organization\",\"@id\":\"https:\\\/\\\/www.webdo.tn\\\/fr\\\/#organization\",\"name\":\"Webdo\",\"alternateName\":\"Webdo.tn\",\"url\":\"https:\\\/\\\/www.webdo.tn\\\/fr\\\/\",\"logo\":{\"@type\":\"ImageObject\",\"inLanguage\":\"fr-FR\",\"@id\":\"https:\\\/\\\/www.webdo.tn\\\/fr\\\/#\\\/schema\\\/logo\\\/image\\\/\",\"url\":\"https:\\\/\\\/www.webdo.tn\\\/fr\\\/wp-content\\\/uploads\\\/2025\\\/06\\\/Webdo-Tunisie_168377.jpg\",\"contentUrl\":\"https:\\\/\\\/www.webdo.tn\\\/fr\\\/wp-content\\\/uploads\\\/2025\\\/06\\\/Webdo-Tunisie_168377.jpg\",\"width\":301,\"height\":301,\"caption\":\"Webdo\"},\"image\":{\"@id\":\"https:\\\/\\\/www.webdo.tn\\\/fr\\\/#\\\/schema\\\/logo\\\/image\\\/\"},\"sameAs\":[\"https:\\\/\\\/www.facebook.com\\\/webdotn\",\"https:\\\/\\\/x.com\\\/webdo_tn\"],\"description\":\"Webdo est un m\u00e9dia num\u00e9rique tunisien fond\u00e9 en 2010, sp\u00e9cialis\u00e9 dans l\u2019actualit\u00e9 nationale et internationale, l\u2019\u00e9conomie, la soci\u00e9t\u00e9 et les analyses politiques. Le site s\u2019adresse \u00e0 un large public francophone et couvre l\u2019information tunisienne en temps r\u00e9el.\",\"email\":\"redac@webdo.tn\",\"legalName\":\"YNJ SARL\",\"foundingDate\":\"2010-09-06\",\"numberOfEmployees\":{\"@type\":\"QuantitativeValue\",\"minValue\":\"11\",\"maxValue\":\"50\"}},{\"@type\":\"Person\",\"@id\":\"https:\\\/\\\/www.webdo.tn\\\/fr\\\/#\\\/schema\\\/person\\\/6bc0beba2cd23aec27cb5df85ca2554f\",\"name\":\"Hatem Bourial\",\"image\":{\"@type\":\"ImageObject\",\"inLanguage\":\"fr-FR\",\"@id\":\"https:\\\/\\\/www.webdo.tn\\\/fr\\\/wp-content\\\/uploads\\\/2026\\\/04\\\/hatem-bourial_avatar-96x96.jpg\",\"url\":\"https:\\\/\\\/www.webdo.tn\\\/fr\\\/wp-content\\\/uploads\\\/2026\\\/04\\\/hatem-bourial_avatar-96x96.jpg\",\"contentUrl\":\"https:\\\/\\\/www.webdo.tn\\\/fr\\\/wp-content\\\/uploads\\\/2026\\\/04\\\/hatem-bourial_avatar-96x96.jpg\",\"caption\":\"Hatem Bourial\"},\"description\":\"Hatem Bourial est journaliste, \u00e9crivain et chroniqueur tunisien. Actif depuis plusieurs d\u00e9cennies, il s\u2019est impos\u00e9 comme un observateur attentif de la soci\u00e9t\u00e9 tunisienne, m\u00ealant dans ses \u00e9crits m\u00e9moire, culture et analyse du quotidien. Auteur de nombreux ouvrages, il d\u00e9veloppe une \u0153uvre \u00e0 la crois\u00e9e du r\u00e9cit, de la po\u00e9sie et de l\u2019observation sociologique. Parall\u00e8lement \u00e0 ses contributions dans la presse, il intervient r\u00e9guli\u00e8rement \u00e0 la radio et dans des espaces culturels, o\u00f9 il explore les enjeux li\u00e9s au patrimoine, \u00e0 l\u2019identit\u00e9 et aux transformations du monde contemporain. \u00c0 travers ses chroniques, Hatem Bourial propose une lecture sensible et approfondie de l\u2019actualit\u00e9, nourrie par une exp\u00e9rience journalistique et litt\u00e9raire reconnue. \ud83d\udd17 Facebook : https:\\\/\\\/www.facebook.com\\\/hatem.bourial.2025\",\"sameAs\":[\"https:\\\/\\\/www.facebook.com\\\/hatem.bourial.2025\",\"https:\\\/\\\/fr.wikipedia.org\\\/wiki\\\/Fichier:Hatem_Bourial.jpg\"],\"knowsAbout\":[\"Culture & patrimoine tunisien\",\"Chronique soci\u00e9tale\",\"Litt\u00e9rature & m\u00e9moire\",\"Cin\u00e9ma & critique culturelle\",\"Identit\u00e9 & mutations sociales\"],\"knowsLanguage\":[\"Arabe\",\"Fran\u00e7ais\",\"Anglais\",\"Italien\",\"Polonais\"],\"jobTitle\":\"Journaliste, \u00e9crivain et chroniqueur culturel\",\"worksFor\":\"Webdo\",\"url\":\"https:\\\/\\\/www.webdo.tn\\\/fr\\\/actualite\\\/author\\\/hatem-bourial-2\\\/\"}]}<\/script>\n<!-- \/ Yoast SEO Premium plugin. -->","yoast_head_json":{"title":"Mrazig, Ghrib, Adhara et Bani Yaacoub : Tribus traditionnelles de la r\u00e9gion de Douz","description":"Douz est un tremplin id\u00e9al pour visiter les oasis de la r\u00e9gion et mieux connaitre la tradition des fiers Mrazig, l'une des quatre grandes tribus traditionnelles...","canonical":"https:\/\/www.webdo.tn\/fr\/actualite\/chroniques\/mrazig-ghrib-adhara-et-bani-yaacoub-tribus-traditionnelles-de-la-region-de-douz\/211398\/","og_locale":"fr_FR","og_type":"article","og_title":"Mrazig, Ghrib, Adhara et Bani Yaacoub : Tribus traditionnelles de la r\u00e9gion de Douz","og_description":"Douz est un tremplin id\u00e9al pour visiter les oasis de la r\u00e9gion et mieux connaitre la tradition des fiers Mrazig, l'une des quatre grandes tribus traditionnelles...","og_url":"https:\/\/www.webdo.tn\/fr\/actualite\/chroniques\/mrazig-ghrib-adhara-et-bani-yaacoub-tribus-traditionnelles-de-la-region-de-douz\/211398\/","og_site_name":"webdo","article_publisher":"https:\/\/www.facebook.com\/webdotn","article_author":"https:\/\/www.facebook.com\/hatem.bourial.2025","article_published_time":"2024-01-09T09:12:00+00:00","og_image":[{"width":720,"height":384,"url":"https:\/\/www.webdo.tn\/fr\/wp-content\/uploads\/2024\/01\/96cbdb45c8a581861630738c5d8ae077.jpg","type":"image\/jpeg"}],"author":"Hatem Bourial","twitter_card":"summary_large_image","twitter_creator":"@webdo_tn","twitter_site":"@webdo_tn","twitter_misc":{"\u00c9crit par":"Hatem Bourial","Dur\u00e9e de lecture estim\u00e9e":"3 minutes"},"schema":{"@context":"https:\/\/schema.org","@graph":[{"@type":"NewsArticle","@id":"https:\/\/www.webdo.tn\/fr\/actualite\/chroniques\/mrazig-ghrib-adhara-et-bani-yaacoub-tribus-traditionnelles-de-la-region-de-douz\/211398\/#article","isPartOf":{"@id":"https:\/\/www.webdo.tn\/fr\/actualite\/chroniques\/mrazig-ghrib-adhara-et-bani-yaacoub-tribus-traditionnelles-de-la-region-de-douz\/211398\/"},"author":{"name":"Hatem Bourial","@id":"https:\/\/www.webdo.tn\/fr\/#\/schema\/person\/6bc0beba2cd23aec27cb5df85ca2554f"},"headline":"Mrazig, Ghrib, Adhara et Bani Yaacoub : Tribus traditionnelles de la r\u00e9gion de Douz","datePublished":"2024-01-09T09:12:00+00:00","mainEntityOfPage":{"@id":"https:\/\/www.webdo.tn\/fr\/actualite\/chroniques\/mrazig-ghrib-adhara-et-bani-yaacoub-tribus-traditionnelles-de-la-region-de-douz\/211398\/"},"wordCount":565,"commentCount":0,"publisher":{"@id":"https:\/\/www.webdo.tn\/fr\/#organization"},"image":{"@id":"https:\/\/www.webdo.tn\/fr\/actualite\/chroniques\/mrazig-ghrib-adhara-et-bani-yaacoub-tribus-traditionnelles-de-la-region-de-douz\/211398\/#primaryimage"},"thumbnailUrl":"https:\/\/www.webdo.tn\/fr\/wp-content\/uploads\/2024\/01\/96cbdb45c8a581861630738c5d8ae077.jpg","keywords":["'tribus']","douz"],"articleSection":["Chroniques"],"inLanguage":"fr-FR"},{"@type":"WebPage","@id":"https:\/\/www.webdo.tn\/fr\/actualite\/chroniques\/mrazig-ghrib-adhara-et-bani-yaacoub-tribus-traditionnelles-de-la-region-de-douz\/211398\/","url":"https:\/\/www.webdo.tn\/fr\/actualite\/chroniques\/mrazig-ghrib-adhara-et-bani-yaacoub-tribus-traditionnelles-de-la-region-de-douz\/211398\/","name":"Mrazig, Ghrib, Adhara et Bani Yaacoub : Tribus traditionnelles de la r\u00e9gion de Douz","isPartOf":{"@id":"https:\/\/www.webdo.tn\/fr\/#website"},"primaryImageOfPage":{"@id":"https:\/\/www.webdo.tn\/fr\/actualite\/chroniques\/mrazig-ghrib-adhara-et-bani-yaacoub-tribus-traditionnelles-de-la-region-de-douz\/211398\/#primaryimage"},"image":{"@id":"https:\/\/www.webdo.tn\/fr\/actualite\/chroniques\/mrazig-ghrib-adhara-et-bani-yaacoub-tribus-traditionnelles-de-la-region-de-douz\/211398\/#primaryimage"},"thumbnailUrl":"https:\/\/www.webdo.tn\/fr\/wp-content\/uploads\/2024\/01\/96cbdb45c8a581861630738c5d8ae077.jpg","datePublished":"2024-01-09T09:12:00+00:00","description":"Douz est un tremplin id\u00e9al pour visiter les oasis de la r\u00e9gion et mieux connaitre la tradition des fiers Mrazig, l'une des quatre grandes tribus traditionnelles...","breadcrumb":{"@id":"https:\/\/www.webdo.tn\/fr\/actualite\/chroniques\/mrazig-ghrib-adhara-et-bani-yaacoub-tribus-traditionnelles-de-la-region-de-douz\/211398\/#breadcrumb"},"inLanguage":"fr-FR","potentialAction":[{"@type":"ReadAction","target":["https:\/\/www.webdo.tn\/fr\/actualite\/chroniques\/mrazig-ghrib-adhara-et-bani-yaacoub-tribus-traditionnelles-de-la-region-de-douz\/211398\/"]}]},{"@type":"ImageObject","inLanguage":"fr-FR","@id":"https:\/\/www.webdo.tn\/fr\/actualite\/chroniques\/mrazig-ghrib-adhara-et-bani-yaacoub-tribus-traditionnelles-de-la-region-de-douz\/211398\/#primaryimage","url":"https:\/\/www.webdo.tn\/fr\/wp-content\/uploads\/2024\/01\/96cbdb45c8a581861630738c5d8ae077.jpg","contentUrl":"https:\/\/www.webdo.tn\/fr\/wp-content\/uploads\/2024\/01\/96cbdb45c8a581861630738c5d8ae077.jpg","width":720,"height":384,"caption":"Mrazig, Ghrib, Adhara et Bani Yaacoub : Tribus traditionnelles de la r\u00e9gion de Douz"},{"@type":"BreadcrumbList","@id":"https:\/\/www.webdo.tn\/fr\/actualite\/chroniques\/mrazig-ghrib-adhara-et-bani-yaacoub-tribus-traditionnelles-de-la-region-de-douz\/211398\/#breadcrumb","itemListElement":[{"@type":"ListItem","position":1,"name":"Accueil","item":"https:\/\/www.webdo.tn\/fr\/"},{"@type":"ListItem","position":2,"name":"Mrazig, Ghrib, Adhara et Bani Yaacoub : Tribus traditionnelles de la r\u00e9gion de Douz"}]},{"@type":"WebSite","@id":"https:\/\/www.webdo.tn\/fr\/#website","url":"https:\/\/www.webdo.tn\/fr\/","name":"webdo","description":"Tunisie - News en Tunisie et \u00e0 l&#039;international sur Webdo.tn","publisher":{"@id":"https:\/\/www.webdo.tn\/fr\/#organization"},"potentialAction":[{"@type":"SearchAction","target":{"@type":"EntryPoint","urlTemplate":"https:\/\/www.webdo.tn\/fr\/?s={search_term_string}"},"query-input":{"@type":"PropertyValueSpecification","valueRequired":true,"valueName":"search_term_string"}}],"inLanguage":"fr-FR"},{"@type":"Organization","@id":"https:\/\/www.webdo.tn\/fr\/#organization","name":"Webdo","alternateName":"Webdo.tn","url":"https:\/\/www.webdo.tn\/fr\/","logo":{"@type":"ImageObject","inLanguage":"fr-FR","@id":"https:\/\/www.webdo.tn\/fr\/#\/schema\/logo\/image\/","url":"https:\/\/www.webdo.tn\/fr\/wp-content\/uploads\/2025\/06\/Webdo-Tunisie_168377.jpg","contentUrl":"https:\/\/www.webdo.tn\/fr\/wp-content\/uploads\/2025\/06\/Webdo-Tunisie_168377.jpg","width":301,"height":301,"caption":"Webdo"},"image":{"@id":"https:\/\/www.webdo.tn\/fr\/#\/schema\/logo\/image\/"},"sameAs":["https:\/\/www.facebook.com\/webdotn","https:\/\/x.com\/webdo_tn"],"description":"Webdo est un m\u00e9dia num\u00e9rique tunisien fond\u00e9 en 2010, sp\u00e9cialis\u00e9 dans l\u2019actualit\u00e9 nationale et internationale, l\u2019\u00e9conomie, la soci\u00e9t\u00e9 et les analyses politiques. Le site s\u2019adresse \u00e0 un large public francophone et couvre l\u2019information tunisienne en temps r\u00e9el.","email":"redac@webdo.tn","legalName":"YNJ SARL","foundingDate":"2010-09-06","numberOfEmployees":{"@type":"QuantitativeValue","minValue":"11","maxValue":"50"}},{"@type":"Person","@id":"https:\/\/www.webdo.tn\/fr\/#\/schema\/person\/6bc0beba2cd23aec27cb5df85ca2554f","name":"Hatem Bourial","image":{"@type":"ImageObject","inLanguage":"fr-FR","@id":"https:\/\/www.webdo.tn\/fr\/wp-content\/uploads\/2026\/04\/hatem-bourial_avatar-96x96.jpg","url":"https:\/\/www.webdo.tn\/fr\/wp-content\/uploads\/2026\/04\/hatem-bourial_avatar-96x96.jpg","contentUrl":"https:\/\/www.webdo.tn\/fr\/wp-content\/uploads\/2026\/04\/hatem-bourial_avatar-96x96.jpg","caption":"Hatem Bourial"},"description":"Hatem Bourial est journaliste, \u00e9crivain et chroniqueur tunisien. Actif depuis plusieurs d\u00e9cennies, il s\u2019est impos\u00e9 comme un observateur attentif de la soci\u00e9t\u00e9 tunisienne, m\u00ealant dans ses \u00e9crits m\u00e9moire, culture et analyse du quotidien. Auteur de nombreux ouvrages, il d\u00e9veloppe une \u0153uvre \u00e0 la crois\u00e9e du r\u00e9cit, de la po\u00e9sie et de l\u2019observation sociologique. Parall\u00e8lement \u00e0 ses contributions dans la presse, il intervient r\u00e9guli\u00e8rement \u00e0 la radio et dans des espaces culturels, o\u00f9 il explore les enjeux li\u00e9s au patrimoine, \u00e0 l\u2019identit\u00e9 et aux transformations du monde contemporain. \u00c0 travers ses chroniques, Hatem Bourial propose une lecture sensible et approfondie de l\u2019actualit\u00e9, nourrie par une exp\u00e9rience journalistique et litt\u00e9raire reconnue. \ud83d\udd17 Facebook : https:\/\/www.facebook.com\/hatem.bourial.2025","sameAs":["https:\/\/www.facebook.com\/hatem.bourial.2025","https:\/\/fr.wikipedia.org\/wiki\/Fichier:Hatem_Bourial.jpg"],"knowsAbout":["Culture & patrimoine tunisien","Chronique soci\u00e9tale","Litt\u00e9rature & m\u00e9moire","Cin\u00e9ma & critique culturelle","Identit\u00e9 & mutations sociales"],"knowsLanguage":["Arabe","Fran\u00e7ais","Anglais","Italien","Polonais"],"jobTitle":"Journaliste, \u00e9crivain et chroniqueur culturel","worksFor":"Webdo","url":"https:\/\/www.webdo.tn\/fr\/actualite\/author\/hatem-bourial-2\/"}]}},"_links":{"self":[{"href":"https:\/\/www.webdo.tn\/fr\/wp-json\/wp\/v2\/posts\/211398","targetHints":{"allow":["GET"]}}],"collection":[{"href":"https:\/\/www.webdo.tn\/fr\/wp-json\/wp\/v2\/posts"}],"about":[{"href":"https:\/\/www.webdo.tn\/fr\/wp-json\/wp\/v2\/types\/post"}],"author":[{"embeddable":true,"href":"https:\/\/www.webdo.tn\/fr\/wp-json\/wp\/v2\/users\/3229"}],"replies":[{"embeddable":true,"href":"https:\/\/www.webdo.tn\/fr\/wp-json\/wp\/v2\/comments?post=211398"}],"version-history":[{"count":0,"href":"https:\/\/www.webdo.tn\/fr\/wp-json\/wp\/v2\/posts\/211398\/revisions"}],"wp:featuredmedia":[{"embeddable":true,"href":"https:\/\/www.webdo.tn\/fr\/wp-json\/wp\/v2\/media\/290051"}],"wp:attachment":[{"href":"https:\/\/www.webdo.tn\/fr\/wp-json\/wp\/v2\/media?parent=211398"}],"wp:term":[{"taxonomy":"category","embeddable":true,"href":"https:\/\/www.webdo.tn\/fr\/wp-json\/wp\/v2\/categories?post=211398"},{"taxonomy":"post_tag","embeddable":true,"href":"https:\/\/www.webdo.tn\/fr\/wp-json\/wp\/v2\/tags?post=211398"}],"curies":[{"name":"wp","href":"https:\/\/api.w.org\/{rel}","templated":true}]}}