{"id":211389,"date":"2024-01-08T19:13:00","date_gmt":"2024-01-08T19:13:00","guid":{"rendered":"https:\/\/www.webdo.tn\/fr\/blog\/tunis-18-subsahariens-en-prison-pour-sejour-illegal\/211389\/"},"modified":"2025-05-20T22:38:34","modified_gmt":"2025-05-20T22:38:34","slug":"tunis-18-subsahariens-en-prison-pour-sejour-illegal","status":"publish","type":"post","link":"https:\/\/www.webdo.tn\/fr\/actualite\/national\/tunis-18-subsahariens-en-prison-pour-sejour-illegal\/211389\/","title":{"rendered":"Tunis : 18 Subsahariens en prison pour s\u00e9jour ill\u00e9gal"},"content":{"rendered":"<p>Le tribunal de premi\u00e8re instance de Tunis a \u00e9mis des mandats de d\u00e9p\u00f4t \u00e0 l&rsquo;encontre de 18 jeunes immigr\u00e9s clandestins de nationalit\u00e9s des pays subsahariens, pour s\u00e9jour ill\u00e9gal.<\/p>\n<p>Selon Mosa\u00efque FM, une campagne s\u00e9curitaire a cibl\u00e9 plusieurs endroits de la capitale Tunis dont des b\u00e2timents d\u00e9laiss\u00e9s, ce qui a permis l&rsquo;arrestation de 18 jeunes Subsahariens qui se sont introduits en Tunisie d\u2019une mani\u00e8re ill\u00e9gale.\u00a0<\/p>\n<p>Ils ont \u00e9t\u00e9 plac\u00e9s en d\u00e9tention et d\u00e9f\u00e9r\u00e9s aujourd&rsquo;hui devant le parquet du tribunal de premi\u00e8re instance de Tunis, qui a d\u00e9cid\u00e9 de d\u00e9livrer des mandats de d\u00e9p\u00f4t \u00e0 leur encontre et de les renvoyer devant le tribunal correctionnel pour r\u00e9pondre des accusations port\u00e9es contre eux.<\/p>\n<p>Le Forum tunisien pour les droits \u00e9conomiques et sociaux (FTDES) a appel\u00e9, lundi, \u00e0 une r\u00e9ponse humanitaire \u00e0 la situation des r\u00e9fugi\u00e9s en Tunisie.<br \/>\nDans un communiqu\u00e9 publi\u00e9 sur sa page officielle, le FTDES a r\u00e9affirm\u00e9 la n\u00e9cessit\u00e9 de garantir les droits des migrants et leur dignit\u00e9.<\/p>\n<p>En effet, le FTDES s\u2019est dit pr\u00e9occup\u00e9 par la situation des r\u00e9fugi\u00e9s en Tunisie indiquant avoir re\u00e7u plusieurs t\u00e9moignages de r\u00e9fugi\u00e9s expuls\u00e9s aux fronti\u00e8res alg\u00e9riennes et libyennes en cette p\u00e9riode de froid outre les arrestations arbitraires des migrants dans le gouvernorat de Sfax.<\/p>\n","protected":false},"excerpt":{"rendered":"<p>Selon Mosa\u00efque FM, une campagne s\u00e9curitaire a cibl\u00e9 plusieurs endroits de la capitale Tunis dont des b\u00e2timents d\u00e9laiss\u00e9s, ce qui a permis l&rsquo;arrestation de 18 je&#8230;<\/p>\n","protected":false},"author":3175,"featured_media":248305,"comment_status":"open","ping_status":"closed","sticky":false,"template":"","format":"standard","meta":{"footnotes":""},"categories":[44],"tags":[2708,3377,2608],"class_list":["post-211389","post","type-post","status-publish","format-standard","has-post-thumbnail","hentry","category-national","tag-prison","tag-subsahariens","tag-tunisie"],"yoast_head":"<!-- This site is optimized with the Yoast SEO Premium plugin v27.4 (Yoast SEO v27.4) - https:\/\/yoast.com\/product\/yoast-seo-premium-wordpress\/ -->\n<title>Tunis : 18 Subsahariens en prison pour s\u00e9jour ill\u00e9gal<\/title>\n<meta name=\"description\" content=\"Selon Mosa\u00efque FM, une campagne s\u00e9curitaire a cibl\u00e9 plusieurs endroits de la capitale Tunis dont des b\u00e2timents d\u00e9laiss\u00e9s, ce qui a permis l&#039;arrestation de 18 je...\" \/>\n<link rel=\"canonical\" href=\"https:\/\/www.webdo.tn\/fr\/actualite\/national\/tunis-18-subsahariens-en-prison-pour-sejour-illegal\/211389\/\" \/>\n<meta property=\"og:locale\" content=\"fr_FR\" \/>\n<meta property=\"og:type\" content=\"article\" \/>\n<meta property=\"og:title\" content=\"Tunis : 18 Subsahariens en prison pour s\u00e9jour ill\u00e9gal\" \/>\n<meta property=\"og:description\" content=\"Selon Mosa\u00efque FM, une campagne s\u00e9curitaire a cibl\u00e9 plusieurs endroits de la capitale Tunis dont des b\u00e2timents d\u00e9laiss\u00e9s, ce qui a permis l&#039;arrestation de 18 je...\" \/>\n<meta property=\"og:url\" content=\"https:\/\/www.webdo.tn\/fr\/actualite\/national\/tunis-18-subsahariens-en-prison-pour-sejour-illegal\/211389\/\" \/>\n<meta property=\"og:site_name\" content=\"webdo\" \/>\n<meta property=\"article:publisher\" content=\"https:\/\/www.facebook.com\/webdotn\" \/>\n<meta property=\"article:published_time\" content=\"2024-01-08T19:13:00+00:00\" \/>\n<meta property=\"article:modified_time\" content=\"2025-05-20T22:38:34+00:00\" \/>\n<meta property=\"og:image\" content=\"https:\/\/www.webdo.tn\/fr\/wp-content\/uploads\/2024\/01\/8af58290701769aaad83ef178e58518d.png\" \/>\n\t<meta property=\"og:image:width\" content=\"750\" \/>\n\t<meta property=\"og:image:height\" content=\"400\" \/>\n\t<meta property=\"og:image:type\" content=\"image\/png\" \/>\n<meta name=\"author\" content=\"CL\" \/>\n<meta name=\"twitter:card\" content=\"summary_large_image\" \/>\n<meta name=\"twitter:creator\" content=\"@webdo_tn\" \/>\n<meta name=\"twitter:site\" content=\"@webdo_tn\" \/>\n<meta name=\"twitter:label1\" content=\"\u00c9crit par\" \/>\n\t<meta name=\"twitter:data1\" content=\"CL\" \/>\n\t<meta name=\"twitter:label2\" content=\"Dur\u00e9e de lecture estim\u00e9e\" \/>\n\t<meta name=\"twitter:data2\" content=\"1 minute\" \/>\n<script type=\"application\/ld+json\" class=\"yoast-schema-graph\">{\"@context\":\"https:\\\/\\\/schema.org\",\"@graph\":[{\"@type\":\"NewsArticle\",\"@id\":\"https:\\\/\\\/www.webdo.tn\\\/fr\\\/actualite\\\/national\\\/tunis-18-subsahariens-en-prison-pour-sejour-illegal\\\/211389\\\/#article\",\"isPartOf\":{\"@id\":\"https:\\\/\\\/www.webdo.tn\\\/fr\\\/actualite\\\/national\\\/tunis-18-subsahariens-en-prison-pour-sejour-illegal\\\/211389\\\/\"},\"author\":{\"name\":\"CL\",\"@id\":\"https:\\\/\\\/www.webdo.tn\\\/fr\\\/#\\\/schema\\\/person\\\/f35b42a42c5e2511bbd282959d6385cc\"},\"headline\":\"Tunis : 18 Subsahariens en prison pour s\u00e9jour ill\u00e9gal\",\"datePublished\":\"2024-01-08T19:13:00+00:00\",\"dateModified\":\"2025-05-20T22:38:34+00:00\",\"mainEntityOfPage\":{\"@id\":\"https:\\\/\\\/www.webdo.tn\\\/fr\\\/actualite\\\/national\\\/tunis-18-subsahariens-en-prison-pour-sejour-illegal\\\/211389\\\/\"},\"wordCount\":250,\"commentCount\":0,\"publisher\":{\"@id\":\"https:\\\/\\\/www.webdo.tn\\\/fr\\\/#organization\"},\"image\":{\"@id\":\"https:\\\/\\\/www.webdo.tn\\\/fr\\\/actualite\\\/national\\\/tunis-18-subsahariens-en-prison-pour-sejour-illegal\\\/211389\\\/#primaryimage\"},\"thumbnailUrl\":\"https:\\\/\\\/www.webdo.tn\\\/fr\\\/wp-content\\\/uploads\\\/2024\\\/01\\\/8af58290701769aaad83ef178e58518d.png\",\"keywords\":[\"Prison\",\"Subsahariens\",\"Tunisie\"],\"articleSection\":[\"National\"],\"inLanguage\":\"fr-FR\"},{\"@type\":\"WebPage\",\"@id\":\"https:\\\/\\\/www.webdo.tn\\\/fr\\\/actualite\\\/national\\\/tunis-18-subsahariens-en-prison-pour-sejour-illegal\\\/211389\\\/\",\"url\":\"https:\\\/\\\/www.webdo.tn\\\/fr\\\/actualite\\\/national\\\/tunis-18-subsahariens-en-prison-pour-sejour-illegal\\\/211389\\\/\",\"name\":\"Tunis : 18 Subsahariens en prison pour s\u00e9jour ill\u00e9gal\",\"isPartOf\":{\"@id\":\"https:\\\/\\\/www.webdo.tn\\\/fr\\\/#website\"},\"primaryImageOfPage\":{\"@id\":\"https:\\\/\\\/www.webdo.tn\\\/fr\\\/actualite\\\/national\\\/tunis-18-subsahariens-en-prison-pour-sejour-illegal\\\/211389\\\/#primaryimage\"},\"image\":{\"@id\":\"https:\\\/\\\/www.webdo.tn\\\/fr\\\/actualite\\\/national\\\/tunis-18-subsahariens-en-prison-pour-sejour-illegal\\\/211389\\\/#primaryimage\"},\"thumbnailUrl\":\"https:\\\/\\\/www.webdo.tn\\\/fr\\\/wp-content\\\/uploads\\\/2024\\\/01\\\/8af58290701769aaad83ef178e58518d.png\",\"datePublished\":\"2024-01-08T19:13:00+00:00\",\"dateModified\":\"2025-05-20T22:38:34+00:00\",\"description\":\"Selon Mosa\u00efque FM, une campagne s\u00e9curitaire a cibl\u00e9 plusieurs endroits de la capitale Tunis dont des b\u00e2timents d\u00e9laiss\u00e9s, ce qui a permis l'arrestation de 18 je...\",\"breadcrumb\":{\"@id\":\"https:\\\/\\\/www.webdo.tn\\\/fr\\\/actualite\\\/national\\\/tunis-18-subsahariens-en-prison-pour-sejour-illegal\\\/211389\\\/#breadcrumb\"},\"inLanguage\":\"fr-FR\",\"potentialAction\":[{\"@type\":\"ReadAction\",\"target\":[\"https:\\\/\\\/www.webdo.tn\\\/fr\\\/actualite\\\/national\\\/tunis-18-subsahariens-en-prison-pour-sejour-illegal\\\/211389\\\/\"]}]},{\"@type\":\"ImageObject\",\"inLanguage\":\"fr-FR\",\"@id\":\"https:\\\/\\\/www.webdo.tn\\\/fr\\\/actualite\\\/national\\\/tunis-18-subsahariens-en-prison-pour-sejour-illegal\\\/211389\\\/#primaryimage\",\"url\":\"https:\\\/\\\/www.webdo.tn\\\/fr\\\/wp-content\\\/uploads\\\/2024\\\/01\\\/8af58290701769aaad83ef178e58518d.png\",\"contentUrl\":\"https:\\\/\\\/www.webdo.tn\\\/fr\\\/wp-content\\\/uploads\\\/2024\\\/01\\\/8af58290701769aaad83ef178e58518d.png\",\"width\":750,\"height\":400,\"caption\":\"Tunis : 18 Subsahariens en prison pour s\u00e9jour ill\u00e9gal\"},{\"@type\":\"BreadcrumbList\",\"@id\":\"https:\\\/\\\/www.webdo.tn\\\/fr\\\/actualite\\\/national\\\/tunis-18-subsahariens-en-prison-pour-sejour-illegal\\\/211389\\\/#breadcrumb\",\"itemListElement\":[{\"@type\":\"ListItem\",\"position\":1,\"name\":\"Accueil\",\"item\":\"https:\\\/\\\/www.webdo.tn\\\/fr\\\/\"},{\"@type\":\"ListItem\",\"position\":2,\"name\":\"Tunis : 18 Subsahariens en prison pour s\u00e9jour ill\u00e9gal\"}]},{\"@type\":\"WebSite\",\"@id\":\"https:\\\/\\\/www.webdo.tn\\\/fr\\\/#website\",\"url\":\"https:\\\/\\\/www.webdo.tn\\\/fr\\\/\",\"name\":\"webdo\",\"description\":\"Tunisie - News en Tunisie et \u00e0 l&#039;international sur Webdo.tn\",\"publisher\":{\"@id\":\"https:\\\/\\\/www.webdo.tn\\\/fr\\\/#organization\"},\"potentialAction\":[{\"@type\":\"SearchAction\",\"target\":{\"@type\":\"EntryPoint\",\"urlTemplate\":\"https:\\\/\\\/www.webdo.tn\\\/fr\\\/?s={search_term_string}\"},\"query-input\":{\"@type\":\"PropertyValueSpecification\",\"valueRequired\":true,\"valueName\":\"search_term_string\"}}],\"inLanguage\":\"fr-FR\"},{\"@type\":\"Organization\",\"@id\":\"https:\\\/\\\/www.webdo.tn\\\/fr\\\/#organization\",\"name\":\"Webdo\",\"alternateName\":\"Webdo.tn\",\"url\":\"https:\\\/\\\/www.webdo.tn\\\/fr\\\/\",\"logo\":{\"@type\":\"ImageObject\",\"inLanguage\":\"fr-FR\",\"@id\":\"https:\\\/\\\/www.webdo.tn\\\/fr\\\/#\\\/schema\\\/logo\\\/image\\\/\",\"url\":\"https:\\\/\\\/www.webdo.tn\\\/fr\\\/wp-content\\\/uploads\\\/2025\\\/06\\\/Webdo-Tunisie_168377.jpg\",\"contentUrl\":\"https:\\\/\\\/www.webdo.tn\\\/fr\\\/wp-content\\\/uploads\\\/2025\\\/06\\\/Webdo-Tunisie_168377.jpg\",\"width\":301,\"height\":301,\"caption\":\"Webdo\"},\"image\":{\"@id\":\"https:\\\/\\\/www.webdo.tn\\\/fr\\\/#\\\/schema\\\/logo\\\/image\\\/\"},\"sameAs\":[\"https:\\\/\\\/www.facebook.com\\\/webdotn\",\"https:\\\/\\\/x.com\\\/webdo_tn\"],\"description\":\"Webdo est un m\u00e9dia num\u00e9rique tunisien fond\u00e9 en 2010, sp\u00e9cialis\u00e9 dans l\u2019actualit\u00e9 nationale et internationale, l\u2019\u00e9conomie, la soci\u00e9t\u00e9 et les analyses politiques. Le site s\u2019adresse \u00e0 un large public francophone et couvre l\u2019information tunisienne en temps r\u00e9el.\",\"email\":\"redac@webdo.tn\",\"legalName\":\"YNJ SARL\",\"foundingDate\":\"2010-09-06\",\"numberOfEmployees\":{\"@type\":\"QuantitativeValue\",\"minValue\":\"11\",\"maxValue\":\"50\"}},{\"@type\":\"Person\",\"@id\":\"https:\\\/\\\/www.webdo.tn\\\/fr\\\/#\\\/schema\\\/person\\\/f35b42a42c5e2511bbd282959d6385cc\",\"name\":\"CL\",\"image\":{\"@type\":\"ImageObject\",\"inLanguage\":\"fr-FR\",\"@id\":\"https:\\\/\\\/secure.gravatar.com\\\/avatar\\\/1447a49909b67aa657c488aec6512e1dd6143a480c1ecfee9b5b5cd74eb3b59e?s=96&d=mm&r=g\",\"url\":\"https:\\\/\\\/secure.gravatar.com\\\/avatar\\\/1447a49909b67aa657c488aec6512e1dd6143a480c1ecfee9b5b5cd74eb3b59e?s=96&d=mm&r=g\",\"contentUrl\":\"https:\\\/\\\/secure.gravatar.com\\\/avatar\\\/1447a49909b67aa657c488aec6512e1dd6143a480c1ecfee9b5b5cd74eb3b59e?s=96&d=mm&r=g\",\"caption\":\"CL\"},\"url\":\"https:\\\/\\\/www.webdo.tn\\\/fr\\\/actualite\\\/author\\\/cl\\\/\"}]}<\/script>\n<!-- \/ Yoast SEO Premium plugin. -->","yoast_head_json":{"title":"Tunis : 18 Subsahariens en prison pour s\u00e9jour ill\u00e9gal","description":"Selon Mosa\u00efque FM, une campagne s\u00e9curitaire a cibl\u00e9 plusieurs endroits de la capitale Tunis dont des b\u00e2timents d\u00e9laiss\u00e9s, ce qui a permis l'arrestation de 18 je...","canonical":"https:\/\/www.webdo.tn\/fr\/actualite\/national\/tunis-18-subsahariens-en-prison-pour-sejour-illegal\/211389\/","og_locale":"fr_FR","og_type":"article","og_title":"Tunis : 18 Subsahariens en prison pour s\u00e9jour ill\u00e9gal","og_description":"Selon Mosa\u00efque FM, une campagne s\u00e9curitaire a cibl\u00e9 plusieurs endroits de la capitale Tunis dont des b\u00e2timents d\u00e9laiss\u00e9s, ce qui a permis l'arrestation de 18 je...","og_url":"https:\/\/www.webdo.tn\/fr\/actualite\/national\/tunis-18-subsahariens-en-prison-pour-sejour-illegal\/211389\/","og_site_name":"webdo","article_publisher":"https:\/\/www.facebook.com\/webdotn","article_published_time":"2024-01-08T19:13:00+00:00","article_modified_time":"2025-05-20T22:38:34+00:00","og_image":[{"width":750,"height":400,"url":"https:\/\/www.webdo.tn\/fr\/wp-content\/uploads\/2024\/01\/8af58290701769aaad83ef178e58518d.png","type":"image\/png"}],"author":"CL","twitter_card":"summary_large_image","twitter_creator":"@webdo_tn","twitter_site":"@webdo_tn","twitter_misc":{"\u00c9crit par":"CL","Dur\u00e9e de lecture estim\u00e9e":"1 minute"},"schema":{"@context":"https:\/\/schema.org","@graph":[{"@type":"NewsArticle","@id":"https:\/\/www.webdo.tn\/fr\/actualite\/national\/tunis-18-subsahariens-en-prison-pour-sejour-illegal\/211389\/#article","isPartOf":{"@id":"https:\/\/www.webdo.tn\/fr\/actualite\/national\/tunis-18-subsahariens-en-prison-pour-sejour-illegal\/211389\/"},"author":{"name":"CL","@id":"https:\/\/www.webdo.tn\/fr\/#\/schema\/person\/f35b42a42c5e2511bbd282959d6385cc"},"headline":"Tunis : 18 Subsahariens en prison pour s\u00e9jour ill\u00e9gal","datePublished":"2024-01-08T19:13:00+00:00","dateModified":"2025-05-20T22:38:34+00:00","mainEntityOfPage":{"@id":"https:\/\/www.webdo.tn\/fr\/actualite\/national\/tunis-18-subsahariens-en-prison-pour-sejour-illegal\/211389\/"},"wordCount":250,"commentCount":0,"publisher":{"@id":"https:\/\/www.webdo.tn\/fr\/#organization"},"image":{"@id":"https:\/\/www.webdo.tn\/fr\/actualite\/national\/tunis-18-subsahariens-en-prison-pour-sejour-illegal\/211389\/#primaryimage"},"thumbnailUrl":"https:\/\/www.webdo.tn\/fr\/wp-content\/uploads\/2024\/01\/8af58290701769aaad83ef178e58518d.png","keywords":["Prison","Subsahariens","Tunisie"],"articleSection":["National"],"inLanguage":"fr-FR"},{"@type":"WebPage","@id":"https:\/\/www.webdo.tn\/fr\/actualite\/national\/tunis-18-subsahariens-en-prison-pour-sejour-illegal\/211389\/","url":"https:\/\/www.webdo.tn\/fr\/actualite\/national\/tunis-18-subsahariens-en-prison-pour-sejour-illegal\/211389\/","name":"Tunis : 18 Subsahariens en prison pour s\u00e9jour ill\u00e9gal","isPartOf":{"@id":"https:\/\/www.webdo.tn\/fr\/#website"},"primaryImageOfPage":{"@id":"https:\/\/www.webdo.tn\/fr\/actualite\/national\/tunis-18-subsahariens-en-prison-pour-sejour-illegal\/211389\/#primaryimage"},"image":{"@id":"https:\/\/www.webdo.tn\/fr\/actualite\/national\/tunis-18-subsahariens-en-prison-pour-sejour-illegal\/211389\/#primaryimage"},"thumbnailUrl":"https:\/\/www.webdo.tn\/fr\/wp-content\/uploads\/2024\/01\/8af58290701769aaad83ef178e58518d.png","datePublished":"2024-01-08T19:13:00+00:00","dateModified":"2025-05-20T22:38:34+00:00","description":"Selon Mosa\u00efque FM, une campagne s\u00e9curitaire a cibl\u00e9 plusieurs endroits de la capitale Tunis dont des b\u00e2timents d\u00e9laiss\u00e9s, ce qui a permis l'arrestation de 18 je...","breadcrumb":{"@id":"https:\/\/www.webdo.tn\/fr\/actualite\/national\/tunis-18-subsahariens-en-prison-pour-sejour-illegal\/211389\/#breadcrumb"},"inLanguage":"fr-FR","potentialAction":[{"@type":"ReadAction","target":["https:\/\/www.webdo.tn\/fr\/actualite\/national\/tunis-18-subsahariens-en-prison-pour-sejour-illegal\/211389\/"]}]},{"@type":"ImageObject","inLanguage":"fr-FR","@id":"https:\/\/www.webdo.tn\/fr\/actualite\/national\/tunis-18-subsahariens-en-prison-pour-sejour-illegal\/211389\/#primaryimage","url":"https:\/\/www.webdo.tn\/fr\/wp-content\/uploads\/2024\/01\/8af58290701769aaad83ef178e58518d.png","contentUrl":"https:\/\/www.webdo.tn\/fr\/wp-content\/uploads\/2024\/01\/8af58290701769aaad83ef178e58518d.png","width":750,"height":400,"caption":"Tunis : 18 Subsahariens en prison pour s\u00e9jour ill\u00e9gal"},{"@type":"BreadcrumbList","@id":"https:\/\/www.webdo.tn\/fr\/actualite\/national\/tunis-18-subsahariens-en-prison-pour-sejour-illegal\/211389\/#breadcrumb","itemListElement":[{"@type":"ListItem","position":1,"name":"Accueil","item":"https:\/\/www.webdo.tn\/fr\/"},{"@type":"ListItem","position":2,"name":"Tunis : 18 Subsahariens en prison pour s\u00e9jour ill\u00e9gal"}]},{"@type":"WebSite","@id":"https:\/\/www.webdo.tn\/fr\/#website","url":"https:\/\/www.webdo.tn\/fr\/","name":"webdo","description":"Tunisie - News en Tunisie et \u00e0 l&#039;international sur Webdo.tn","publisher":{"@id":"https:\/\/www.webdo.tn\/fr\/#organization"},"potentialAction":[{"@type":"SearchAction","target":{"@type":"EntryPoint","urlTemplate":"https:\/\/www.webdo.tn\/fr\/?s={search_term_string}"},"query-input":{"@type":"PropertyValueSpecification","valueRequired":true,"valueName":"search_term_string"}}],"inLanguage":"fr-FR"},{"@type":"Organization","@id":"https:\/\/www.webdo.tn\/fr\/#organization","name":"Webdo","alternateName":"Webdo.tn","url":"https:\/\/www.webdo.tn\/fr\/","logo":{"@type":"ImageObject","inLanguage":"fr-FR","@id":"https:\/\/www.webdo.tn\/fr\/#\/schema\/logo\/image\/","url":"https:\/\/www.webdo.tn\/fr\/wp-content\/uploads\/2025\/06\/Webdo-Tunisie_168377.jpg","contentUrl":"https:\/\/www.webdo.tn\/fr\/wp-content\/uploads\/2025\/06\/Webdo-Tunisie_168377.jpg","width":301,"height":301,"caption":"Webdo"},"image":{"@id":"https:\/\/www.webdo.tn\/fr\/#\/schema\/logo\/image\/"},"sameAs":["https:\/\/www.facebook.com\/webdotn","https:\/\/x.com\/webdo_tn"],"description":"Webdo est un m\u00e9dia num\u00e9rique tunisien fond\u00e9 en 2010, sp\u00e9cialis\u00e9 dans l\u2019actualit\u00e9 nationale et internationale, l\u2019\u00e9conomie, la soci\u00e9t\u00e9 et les analyses politiques. Le site s\u2019adresse \u00e0 un large public francophone et couvre l\u2019information tunisienne en temps r\u00e9el.","email":"redac@webdo.tn","legalName":"YNJ SARL","foundingDate":"2010-09-06","numberOfEmployees":{"@type":"QuantitativeValue","minValue":"11","maxValue":"50"}},{"@type":"Person","@id":"https:\/\/www.webdo.tn\/fr\/#\/schema\/person\/f35b42a42c5e2511bbd282959d6385cc","name":"CL","image":{"@type":"ImageObject","inLanguage":"fr-FR","@id":"https:\/\/secure.gravatar.com\/avatar\/1447a49909b67aa657c488aec6512e1dd6143a480c1ecfee9b5b5cd74eb3b59e?s=96&d=mm&r=g","url":"https:\/\/secure.gravatar.com\/avatar\/1447a49909b67aa657c488aec6512e1dd6143a480c1ecfee9b5b5cd74eb3b59e?s=96&d=mm&r=g","contentUrl":"https:\/\/secure.gravatar.com\/avatar\/1447a49909b67aa657c488aec6512e1dd6143a480c1ecfee9b5b5cd74eb3b59e?s=96&d=mm&r=g","caption":"CL"},"url":"https:\/\/www.webdo.tn\/fr\/actualite\/author\/cl\/"}]}},"_links":{"self":[{"href":"https:\/\/www.webdo.tn\/fr\/wp-json\/wp\/v2\/posts\/211389","targetHints":{"allow":["GET"]}}],"collection":[{"href":"https:\/\/www.webdo.tn\/fr\/wp-json\/wp\/v2\/posts"}],"about":[{"href":"https:\/\/www.webdo.tn\/fr\/wp-json\/wp\/v2\/types\/post"}],"author":[{"embeddable":true,"href":"https:\/\/www.webdo.tn\/fr\/wp-json\/wp\/v2\/users\/3175"}],"replies":[{"embeddable":true,"href":"https:\/\/www.webdo.tn\/fr\/wp-json\/wp\/v2\/comments?post=211389"}],"version-history":[{"count":0,"href":"https:\/\/www.webdo.tn\/fr\/wp-json\/wp\/v2\/posts\/211389\/revisions"}],"wp:featuredmedia":[{"embeddable":true,"href":"https:\/\/www.webdo.tn\/fr\/wp-json\/wp\/v2\/media\/248305"}],"wp:attachment":[{"href":"https:\/\/www.webdo.tn\/fr\/wp-json\/wp\/v2\/media?parent=211389"}],"wp:term":[{"taxonomy":"category","embeddable":true,"href":"https:\/\/www.webdo.tn\/fr\/wp-json\/wp\/v2\/categories?post=211389"},{"taxonomy":"post_tag","embeddable":true,"href":"https:\/\/www.webdo.tn\/fr\/wp-json\/wp\/v2\/tags?post=211389"}],"curies":[{"name":"wp","href":"https:\/\/api.w.org\/{rel}","templated":true}]}}