{"id":211387,"date":"2024-01-08T18:38:00","date_gmt":"2024-01-08T18:38:00","guid":{"rendered":"https:\/\/www.webdo.tn\/fr\/blog\/france-la-premiere-ministre-presente-la-demission-de-son-gouvernement\/211387\/"},"modified":"2025-05-20T22:38:33","modified_gmt":"2025-05-20T22:38:33","slug":"france-la-premiere-ministre-presente-la-demission-de-son-gouvernement","status":"publish","type":"post","link":"https:\/\/www.webdo.tn\/fr\/actualite\/international\/france-la-premiere-ministre-presente-la-demission-de-son-gouvernement\/211387\/","title":{"rendered":"France : La Premi\u00e8re ministre pr\u00e9sente la d\u00e9mission de son gouvernement"},"content":{"rendered":"<p>La premi\u00e8re ministre fran\u00e7aise Elisabeth Borne a remis, ce lundi 8 janvier 2024, la d\u00e9mission de son gouvernement au pr\u00e9sident de la R\u00e9publique Emmanuel Macron, qui l\u2019a accept\u00e9e.\u00a0<\/p>\n<p>Dans sa lettre de d\u00e9mission, Borne a estim\u00e9 qu\u2019il \u00e9tait \u00abplus que jamais n\u00e9cessaire de poursuivre les r\u00e9formes\u00bb.\u00a0<\/p>\n<p>\u00abAlors qu&rsquo;il me faut pr\u00e9senter la d\u00e9mission de mon gouvernement, je voulais vous dire combien j&rsquo;ai \u00e9t\u00e9 passionn\u00e9e par cette mission, guid\u00e9e par le souci constant, que nous partageons, d&rsquo;aboutir \u00e0 des r\u00e9sultats rapides et tangibles pour nos concitoyens\u00bb, a-t-elle \u00e9crit, rapporte l\u2019AFP.<\/p>\n<p>\u00c9lisabeth Borne va assurer, avec les membres du gouvernement, le traitement des affaires courantes jusqu&rsquo;\u00e0 la nomination du nouveau gouvernement\u00a0\u00bb, indique l&rsquo;\u00c9lys\u00e9e dans un communiqu\u00e9.<\/p>\n<p>En France, la rumeur d&rsquo;un remaniement devenait de plus en plus tenace ces derni\u00e8res semaines.<\/p>\n","protected":false},"excerpt":{"rendered":"<p>Dans sa lettre de d\u00e9mission, Borne a estim\u00e9 qu\u2019il \u00e9tait \u00abplus que jamais n\u00e9cessaire de poursuivre les r\u00e9formes\u00bb.\u00a0<\/p>\n","protected":false},"author":3175,"featured_media":248304,"comment_status":"open","ping_status":"closed","sticky":false,"template":"","format":"standard","meta":{"footnotes":""},"categories":[2598],"tags":[6379,2998,2651],"class_list":["post-211387","post","type-post","status-publish","format-standard","has-post-thumbnail","hentry","category-international","tag-demission","tag-france","tag-gouvernement"],"yoast_head":"<!-- This site is optimized with the Yoast SEO Premium plugin v27.4 (Yoast SEO v27.4) - https:\/\/yoast.com\/product\/yoast-seo-premium-wordpress\/ -->\n<title>France : La Premi\u00e8re ministre pr\u00e9sente la d\u00e9mission de son gouvernement<\/title>\n<meta name=\"description\" content=\"Dans sa lettre de d\u00e9mission, Borne a estim\u00e9 qu\u2019il \u00e9tait \u00abplus que jamais n\u00e9cessaire de poursuivre les r\u00e9formes\u00bb.\u00a0\" \/>\n<link rel=\"canonical\" href=\"https:\/\/www.webdo.tn\/fr\/actualite\/international\/france-la-premiere-ministre-presente-la-demission-de-son-gouvernement\/211387\/\" \/>\n<meta property=\"og:locale\" content=\"fr_FR\" \/>\n<meta property=\"og:type\" content=\"article\" \/>\n<meta property=\"og:title\" content=\"France : La Premi\u00e8re ministre pr\u00e9sente la d\u00e9mission de son gouvernement\" \/>\n<meta property=\"og:description\" content=\"Dans sa lettre de d\u00e9mission, Borne a estim\u00e9 qu\u2019il \u00e9tait \u00abplus que jamais n\u00e9cessaire de poursuivre les r\u00e9formes\u00bb.\u00a0\" \/>\n<meta property=\"og:url\" content=\"https:\/\/www.webdo.tn\/fr\/actualite\/international\/france-la-premiere-ministre-presente-la-demission-de-son-gouvernement\/211387\/\" \/>\n<meta property=\"og:site_name\" content=\"webdo\" \/>\n<meta property=\"article:publisher\" content=\"https:\/\/www.facebook.com\/webdotn\" \/>\n<meta property=\"article:published_time\" content=\"2024-01-08T18:38:00+00:00\" \/>\n<meta property=\"article:modified_time\" content=\"2025-05-20T22:38:33+00:00\" \/>\n<meta property=\"og:image\" content=\"https:\/\/www.webdo.tn\/fr\/wp-content\/uploads\/2024\/01\/78bac3a5720cd80c8b59d8b2fe253146.jpg\" \/>\n\t<meta property=\"og:image:width\" content=\"641\" \/>\n\t<meta property=\"og:image:height\" content=\"342\" \/>\n\t<meta property=\"og:image:type\" content=\"image\/jpeg\" \/>\n<meta name=\"author\" content=\"CL\" \/>\n<meta name=\"twitter:card\" content=\"summary_large_image\" \/>\n<meta name=\"twitter:creator\" content=\"@webdo_tn\" \/>\n<meta name=\"twitter:site\" content=\"@webdo_tn\" \/>\n<meta name=\"twitter:label1\" content=\"\u00c9crit par\" \/>\n\t<meta name=\"twitter:data1\" content=\"CL\" \/>\n\t<meta name=\"twitter:label2\" content=\"Dur\u00e9e de lecture estim\u00e9e\" \/>\n\t<meta name=\"twitter:data2\" content=\"1 minute\" \/>\n<script type=\"application\/ld+json\" class=\"yoast-schema-graph\">{\"@context\":\"https:\\\/\\\/schema.org\",\"@graph\":[{\"@type\":\"NewsArticle\",\"@id\":\"https:\\\/\\\/www.webdo.tn\\\/fr\\\/actualite\\\/international\\\/france-la-premiere-ministre-presente-la-demission-de-son-gouvernement\\\/211387\\\/#article\",\"isPartOf\":{\"@id\":\"https:\\\/\\\/www.webdo.tn\\\/fr\\\/actualite\\\/international\\\/france-la-premiere-ministre-presente-la-demission-de-son-gouvernement\\\/211387\\\/\"},\"author\":{\"name\":\"CL\",\"@id\":\"https:\\\/\\\/www.webdo.tn\\\/fr\\\/#\\\/schema\\\/person\\\/f35b42a42c5e2511bbd282959d6385cc\"},\"headline\":\"France : La Premi\u00e8re ministre pr\u00e9sente la d\u00e9mission de son gouvernement\",\"datePublished\":\"2024-01-08T18:38:00+00:00\",\"dateModified\":\"2025-05-20T22:38:33+00:00\",\"mainEntityOfPage\":{\"@id\":\"https:\\\/\\\/www.webdo.tn\\\/fr\\\/actualite\\\/international\\\/france-la-premiere-ministre-presente-la-demission-de-son-gouvernement\\\/211387\\\/\"},\"wordCount\":163,\"commentCount\":0,\"publisher\":{\"@id\":\"https:\\\/\\\/www.webdo.tn\\\/fr\\\/#organization\"},\"image\":{\"@id\":\"https:\\\/\\\/www.webdo.tn\\\/fr\\\/actualite\\\/international\\\/france-la-premiere-ministre-presente-la-demission-de-son-gouvernement\\\/211387\\\/#primaryimage\"},\"thumbnailUrl\":\"https:\\\/\\\/www.webdo.tn\\\/fr\\\/wp-content\\\/uploads\\\/2024\\\/01\\\/78bac3a5720cd80c8b59d8b2fe253146.jpg\",\"keywords\":[\"D\u00e9mission\",\"france\",\"gouvernement\"],\"articleSection\":[\"International\"],\"inLanguage\":\"fr-FR\"},{\"@type\":\"WebPage\",\"@id\":\"https:\\\/\\\/www.webdo.tn\\\/fr\\\/actualite\\\/international\\\/france-la-premiere-ministre-presente-la-demission-de-son-gouvernement\\\/211387\\\/\",\"url\":\"https:\\\/\\\/www.webdo.tn\\\/fr\\\/actualite\\\/international\\\/france-la-premiere-ministre-presente-la-demission-de-son-gouvernement\\\/211387\\\/\",\"name\":\"France : La Premi\u00e8re ministre pr\u00e9sente la d\u00e9mission de son gouvernement\",\"isPartOf\":{\"@id\":\"https:\\\/\\\/www.webdo.tn\\\/fr\\\/#website\"},\"primaryImageOfPage\":{\"@id\":\"https:\\\/\\\/www.webdo.tn\\\/fr\\\/actualite\\\/international\\\/france-la-premiere-ministre-presente-la-demission-de-son-gouvernement\\\/211387\\\/#primaryimage\"},\"image\":{\"@id\":\"https:\\\/\\\/www.webdo.tn\\\/fr\\\/actualite\\\/international\\\/france-la-premiere-ministre-presente-la-demission-de-son-gouvernement\\\/211387\\\/#primaryimage\"},\"thumbnailUrl\":\"https:\\\/\\\/www.webdo.tn\\\/fr\\\/wp-content\\\/uploads\\\/2024\\\/01\\\/78bac3a5720cd80c8b59d8b2fe253146.jpg\",\"datePublished\":\"2024-01-08T18:38:00+00:00\",\"dateModified\":\"2025-05-20T22:38:33+00:00\",\"description\":\"Dans sa lettre de d\u00e9mission, Borne a estim\u00e9 qu\u2019il \u00e9tait \u00abplus que jamais n\u00e9cessaire de poursuivre les r\u00e9formes\u00bb.\u00a0\",\"breadcrumb\":{\"@id\":\"https:\\\/\\\/www.webdo.tn\\\/fr\\\/actualite\\\/international\\\/france-la-premiere-ministre-presente-la-demission-de-son-gouvernement\\\/211387\\\/#breadcrumb\"},\"inLanguage\":\"fr-FR\",\"potentialAction\":[{\"@type\":\"ReadAction\",\"target\":[\"https:\\\/\\\/www.webdo.tn\\\/fr\\\/actualite\\\/international\\\/france-la-premiere-ministre-presente-la-demission-de-son-gouvernement\\\/211387\\\/\"]}]},{\"@type\":\"ImageObject\",\"inLanguage\":\"fr-FR\",\"@id\":\"https:\\\/\\\/www.webdo.tn\\\/fr\\\/actualite\\\/international\\\/france-la-premiere-ministre-presente-la-demission-de-son-gouvernement\\\/211387\\\/#primaryimage\",\"url\":\"https:\\\/\\\/www.webdo.tn\\\/fr\\\/wp-content\\\/uploads\\\/2024\\\/01\\\/78bac3a5720cd80c8b59d8b2fe253146.jpg\",\"contentUrl\":\"https:\\\/\\\/www.webdo.tn\\\/fr\\\/wp-content\\\/uploads\\\/2024\\\/01\\\/78bac3a5720cd80c8b59d8b2fe253146.jpg\",\"width\":641,\"height\":342,\"caption\":\"France : La Premi\u00e8re ministre pr\u00e9sente la d\u00e9mission de son gouvernement\"},{\"@type\":\"BreadcrumbList\",\"@id\":\"https:\\\/\\\/www.webdo.tn\\\/fr\\\/actualite\\\/international\\\/france-la-premiere-ministre-presente-la-demission-de-son-gouvernement\\\/211387\\\/#breadcrumb\",\"itemListElement\":[{\"@type\":\"ListItem\",\"position\":1,\"name\":\"Accueil\",\"item\":\"https:\\\/\\\/www.webdo.tn\\\/fr\\\/\"},{\"@type\":\"ListItem\",\"position\":2,\"name\":\"France : La Premi\u00e8re ministre pr\u00e9sente la d\u00e9mission de son gouvernement\"}]},{\"@type\":\"WebSite\",\"@id\":\"https:\\\/\\\/www.webdo.tn\\\/fr\\\/#website\",\"url\":\"https:\\\/\\\/www.webdo.tn\\\/fr\\\/\",\"name\":\"webdo\",\"description\":\"Tunisie - News en Tunisie et \u00e0 l&#039;international sur Webdo.tn\",\"publisher\":{\"@id\":\"https:\\\/\\\/www.webdo.tn\\\/fr\\\/#organization\"},\"potentialAction\":[{\"@type\":\"SearchAction\",\"target\":{\"@type\":\"EntryPoint\",\"urlTemplate\":\"https:\\\/\\\/www.webdo.tn\\\/fr\\\/?s={search_term_string}\"},\"query-input\":{\"@type\":\"PropertyValueSpecification\",\"valueRequired\":true,\"valueName\":\"search_term_string\"}}],\"inLanguage\":\"fr-FR\"},{\"@type\":\"Organization\",\"@id\":\"https:\\\/\\\/www.webdo.tn\\\/fr\\\/#organization\",\"name\":\"Webdo\",\"alternateName\":\"Webdo.tn\",\"url\":\"https:\\\/\\\/www.webdo.tn\\\/fr\\\/\",\"logo\":{\"@type\":\"ImageObject\",\"inLanguage\":\"fr-FR\",\"@id\":\"https:\\\/\\\/www.webdo.tn\\\/fr\\\/#\\\/schema\\\/logo\\\/image\\\/\",\"url\":\"https:\\\/\\\/www.webdo.tn\\\/fr\\\/wp-content\\\/uploads\\\/2025\\\/06\\\/Webdo-Tunisie_168377.jpg\",\"contentUrl\":\"https:\\\/\\\/www.webdo.tn\\\/fr\\\/wp-content\\\/uploads\\\/2025\\\/06\\\/Webdo-Tunisie_168377.jpg\",\"width\":301,\"height\":301,\"caption\":\"Webdo\"},\"image\":{\"@id\":\"https:\\\/\\\/www.webdo.tn\\\/fr\\\/#\\\/schema\\\/logo\\\/image\\\/\"},\"sameAs\":[\"https:\\\/\\\/www.facebook.com\\\/webdotn\",\"https:\\\/\\\/x.com\\\/webdo_tn\"],\"description\":\"Webdo est un m\u00e9dia num\u00e9rique tunisien fond\u00e9 en 2010, sp\u00e9cialis\u00e9 dans l\u2019actualit\u00e9 nationale et internationale, l\u2019\u00e9conomie, la soci\u00e9t\u00e9 et les analyses politiques. Le site s\u2019adresse \u00e0 un large public francophone et couvre l\u2019information tunisienne en temps r\u00e9el.\",\"email\":\"redac@webdo.tn\",\"legalName\":\"YNJ SARL\",\"foundingDate\":\"2010-09-06\",\"numberOfEmployees\":{\"@type\":\"QuantitativeValue\",\"minValue\":\"11\",\"maxValue\":\"50\"}},{\"@type\":\"Person\",\"@id\":\"https:\\\/\\\/www.webdo.tn\\\/fr\\\/#\\\/schema\\\/person\\\/f35b42a42c5e2511bbd282959d6385cc\",\"name\":\"CL\",\"image\":{\"@type\":\"ImageObject\",\"inLanguage\":\"fr-FR\",\"@id\":\"https:\\\/\\\/secure.gravatar.com\\\/avatar\\\/1447a49909b67aa657c488aec6512e1dd6143a480c1ecfee9b5b5cd74eb3b59e?s=96&d=mm&r=g\",\"url\":\"https:\\\/\\\/secure.gravatar.com\\\/avatar\\\/1447a49909b67aa657c488aec6512e1dd6143a480c1ecfee9b5b5cd74eb3b59e?s=96&d=mm&r=g\",\"contentUrl\":\"https:\\\/\\\/secure.gravatar.com\\\/avatar\\\/1447a49909b67aa657c488aec6512e1dd6143a480c1ecfee9b5b5cd74eb3b59e?s=96&d=mm&r=g\",\"caption\":\"CL\"},\"url\":\"https:\\\/\\\/www.webdo.tn\\\/fr\\\/actualite\\\/author\\\/cl\\\/\"}]}<\/script>\n<!-- \/ Yoast SEO Premium plugin. -->","yoast_head_json":{"title":"France : La Premi\u00e8re ministre pr\u00e9sente la d\u00e9mission de son gouvernement","description":"Dans sa lettre de d\u00e9mission, Borne a estim\u00e9 qu\u2019il \u00e9tait \u00abplus que jamais n\u00e9cessaire de poursuivre les r\u00e9formes\u00bb.\u00a0","canonical":"https:\/\/www.webdo.tn\/fr\/actualite\/international\/france-la-premiere-ministre-presente-la-demission-de-son-gouvernement\/211387\/","og_locale":"fr_FR","og_type":"article","og_title":"France : La Premi\u00e8re ministre pr\u00e9sente la d\u00e9mission de son gouvernement","og_description":"Dans sa lettre de d\u00e9mission, Borne a estim\u00e9 qu\u2019il \u00e9tait \u00abplus que jamais n\u00e9cessaire de poursuivre les r\u00e9formes\u00bb.\u00a0","og_url":"https:\/\/www.webdo.tn\/fr\/actualite\/international\/france-la-premiere-ministre-presente-la-demission-de-son-gouvernement\/211387\/","og_site_name":"webdo","article_publisher":"https:\/\/www.facebook.com\/webdotn","article_published_time":"2024-01-08T18:38:00+00:00","article_modified_time":"2025-05-20T22:38:33+00:00","og_image":[{"width":641,"height":342,"url":"https:\/\/www.webdo.tn\/fr\/wp-content\/uploads\/2024\/01\/78bac3a5720cd80c8b59d8b2fe253146.jpg","type":"image\/jpeg"}],"author":"CL","twitter_card":"summary_large_image","twitter_creator":"@webdo_tn","twitter_site":"@webdo_tn","twitter_misc":{"\u00c9crit par":"CL","Dur\u00e9e de lecture estim\u00e9e":"1 minute"},"schema":{"@context":"https:\/\/schema.org","@graph":[{"@type":"NewsArticle","@id":"https:\/\/www.webdo.tn\/fr\/actualite\/international\/france-la-premiere-ministre-presente-la-demission-de-son-gouvernement\/211387\/#article","isPartOf":{"@id":"https:\/\/www.webdo.tn\/fr\/actualite\/international\/france-la-premiere-ministre-presente-la-demission-de-son-gouvernement\/211387\/"},"author":{"name":"CL","@id":"https:\/\/www.webdo.tn\/fr\/#\/schema\/person\/f35b42a42c5e2511bbd282959d6385cc"},"headline":"France : La Premi\u00e8re ministre pr\u00e9sente la d\u00e9mission de son gouvernement","datePublished":"2024-01-08T18:38:00+00:00","dateModified":"2025-05-20T22:38:33+00:00","mainEntityOfPage":{"@id":"https:\/\/www.webdo.tn\/fr\/actualite\/international\/france-la-premiere-ministre-presente-la-demission-de-son-gouvernement\/211387\/"},"wordCount":163,"commentCount":0,"publisher":{"@id":"https:\/\/www.webdo.tn\/fr\/#organization"},"image":{"@id":"https:\/\/www.webdo.tn\/fr\/actualite\/international\/france-la-premiere-ministre-presente-la-demission-de-son-gouvernement\/211387\/#primaryimage"},"thumbnailUrl":"https:\/\/www.webdo.tn\/fr\/wp-content\/uploads\/2024\/01\/78bac3a5720cd80c8b59d8b2fe253146.jpg","keywords":["D\u00e9mission","france","gouvernement"],"articleSection":["International"],"inLanguage":"fr-FR"},{"@type":"WebPage","@id":"https:\/\/www.webdo.tn\/fr\/actualite\/international\/france-la-premiere-ministre-presente-la-demission-de-son-gouvernement\/211387\/","url":"https:\/\/www.webdo.tn\/fr\/actualite\/international\/france-la-premiere-ministre-presente-la-demission-de-son-gouvernement\/211387\/","name":"France : La Premi\u00e8re ministre pr\u00e9sente la d\u00e9mission de son gouvernement","isPartOf":{"@id":"https:\/\/www.webdo.tn\/fr\/#website"},"primaryImageOfPage":{"@id":"https:\/\/www.webdo.tn\/fr\/actualite\/international\/france-la-premiere-ministre-presente-la-demission-de-son-gouvernement\/211387\/#primaryimage"},"image":{"@id":"https:\/\/www.webdo.tn\/fr\/actualite\/international\/france-la-premiere-ministre-presente-la-demission-de-son-gouvernement\/211387\/#primaryimage"},"thumbnailUrl":"https:\/\/www.webdo.tn\/fr\/wp-content\/uploads\/2024\/01\/78bac3a5720cd80c8b59d8b2fe253146.jpg","datePublished":"2024-01-08T18:38:00+00:00","dateModified":"2025-05-20T22:38:33+00:00","description":"Dans sa lettre de d\u00e9mission, Borne a estim\u00e9 qu\u2019il \u00e9tait \u00abplus que jamais n\u00e9cessaire de poursuivre les r\u00e9formes\u00bb.\u00a0","breadcrumb":{"@id":"https:\/\/www.webdo.tn\/fr\/actualite\/international\/france-la-premiere-ministre-presente-la-demission-de-son-gouvernement\/211387\/#breadcrumb"},"inLanguage":"fr-FR","potentialAction":[{"@type":"ReadAction","target":["https:\/\/www.webdo.tn\/fr\/actualite\/international\/france-la-premiere-ministre-presente-la-demission-de-son-gouvernement\/211387\/"]}]},{"@type":"ImageObject","inLanguage":"fr-FR","@id":"https:\/\/www.webdo.tn\/fr\/actualite\/international\/france-la-premiere-ministre-presente-la-demission-de-son-gouvernement\/211387\/#primaryimage","url":"https:\/\/www.webdo.tn\/fr\/wp-content\/uploads\/2024\/01\/78bac3a5720cd80c8b59d8b2fe253146.jpg","contentUrl":"https:\/\/www.webdo.tn\/fr\/wp-content\/uploads\/2024\/01\/78bac3a5720cd80c8b59d8b2fe253146.jpg","width":641,"height":342,"caption":"France : La Premi\u00e8re ministre pr\u00e9sente la d\u00e9mission de son gouvernement"},{"@type":"BreadcrumbList","@id":"https:\/\/www.webdo.tn\/fr\/actualite\/international\/france-la-premiere-ministre-presente-la-demission-de-son-gouvernement\/211387\/#breadcrumb","itemListElement":[{"@type":"ListItem","position":1,"name":"Accueil","item":"https:\/\/www.webdo.tn\/fr\/"},{"@type":"ListItem","position":2,"name":"France : La Premi\u00e8re ministre pr\u00e9sente la d\u00e9mission de son gouvernement"}]},{"@type":"WebSite","@id":"https:\/\/www.webdo.tn\/fr\/#website","url":"https:\/\/www.webdo.tn\/fr\/","name":"webdo","description":"Tunisie - News en Tunisie et \u00e0 l&#039;international sur Webdo.tn","publisher":{"@id":"https:\/\/www.webdo.tn\/fr\/#organization"},"potentialAction":[{"@type":"SearchAction","target":{"@type":"EntryPoint","urlTemplate":"https:\/\/www.webdo.tn\/fr\/?s={search_term_string}"},"query-input":{"@type":"PropertyValueSpecification","valueRequired":true,"valueName":"search_term_string"}}],"inLanguage":"fr-FR"},{"@type":"Organization","@id":"https:\/\/www.webdo.tn\/fr\/#organization","name":"Webdo","alternateName":"Webdo.tn","url":"https:\/\/www.webdo.tn\/fr\/","logo":{"@type":"ImageObject","inLanguage":"fr-FR","@id":"https:\/\/www.webdo.tn\/fr\/#\/schema\/logo\/image\/","url":"https:\/\/www.webdo.tn\/fr\/wp-content\/uploads\/2025\/06\/Webdo-Tunisie_168377.jpg","contentUrl":"https:\/\/www.webdo.tn\/fr\/wp-content\/uploads\/2025\/06\/Webdo-Tunisie_168377.jpg","width":301,"height":301,"caption":"Webdo"},"image":{"@id":"https:\/\/www.webdo.tn\/fr\/#\/schema\/logo\/image\/"},"sameAs":["https:\/\/www.facebook.com\/webdotn","https:\/\/x.com\/webdo_tn"],"description":"Webdo est un m\u00e9dia num\u00e9rique tunisien fond\u00e9 en 2010, sp\u00e9cialis\u00e9 dans l\u2019actualit\u00e9 nationale et internationale, l\u2019\u00e9conomie, la soci\u00e9t\u00e9 et les analyses politiques. Le site s\u2019adresse \u00e0 un large public francophone et couvre l\u2019information tunisienne en temps r\u00e9el.","email":"redac@webdo.tn","legalName":"YNJ SARL","foundingDate":"2010-09-06","numberOfEmployees":{"@type":"QuantitativeValue","minValue":"11","maxValue":"50"}},{"@type":"Person","@id":"https:\/\/www.webdo.tn\/fr\/#\/schema\/person\/f35b42a42c5e2511bbd282959d6385cc","name":"CL","image":{"@type":"ImageObject","inLanguage":"fr-FR","@id":"https:\/\/secure.gravatar.com\/avatar\/1447a49909b67aa657c488aec6512e1dd6143a480c1ecfee9b5b5cd74eb3b59e?s=96&d=mm&r=g","url":"https:\/\/secure.gravatar.com\/avatar\/1447a49909b67aa657c488aec6512e1dd6143a480c1ecfee9b5b5cd74eb3b59e?s=96&d=mm&r=g","contentUrl":"https:\/\/secure.gravatar.com\/avatar\/1447a49909b67aa657c488aec6512e1dd6143a480c1ecfee9b5b5cd74eb3b59e?s=96&d=mm&r=g","caption":"CL"},"url":"https:\/\/www.webdo.tn\/fr\/actualite\/author\/cl\/"}]}},"_links":{"self":[{"href":"https:\/\/www.webdo.tn\/fr\/wp-json\/wp\/v2\/posts\/211387","targetHints":{"allow":["GET"]}}],"collection":[{"href":"https:\/\/www.webdo.tn\/fr\/wp-json\/wp\/v2\/posts"}],"about":[{"href":"https:\/\/www.webdo.tn\/fr\/wp-json\/wp\/v2\/types\/post"}],"author":[{"embeddable":true,"href":"https:\/\/www.webdo.tn\/fr\/wp-json\/wp\/v2\/users\/3175"}],"replies":[{"embeddable":true,"href":"https:\/\/www.webdo.tn\/fr\/wp-json\/wp\/v2\/comments?post=211387"}],"version-history":[{"count":0,"href":"https:\/\/www.webdo.tn\/fr\/wp-json\/wp\/v2\/posts\/211387\/revisions"}],"wp:featuredmedia":[{"embeddable":true,"href":"https:\/\/www.webdo.tn\/fr\/wp-json\/wp\/v2\/media\/248304"}],"wp:attachment":[{"href":"https:\/\/www.webdo.tn\/fr\/wp-json\/wp\/v2\/media?parent=211387"}],"wp:term":[{"taxonomy":"category","embeddable":true,"href":"https:\/\/www.webdo.tn\/fr\/wp-json\/wp\/v2\/categories?post=211387"},{"taxonomy":"post_tag","embeddable":true,"href":"https:\/\/www.webdo.tn\/fr\/wp-json\/wp\/v2\/tags?post=211387"}],"curies":[{"name":"wp","href":"https:\/\/api.w.org\/{rel}","templated":true}]}}