{"id":211381,"date":"2024-01-08T12:08:00","date_gmt":"2024-01-08T12:08:00","guid":{"rendered":"https:\/\/www.webdo.tn\/fr\/blog\/ligue-1-demarrage-du-play-off-le-17-fevrier-du-play-out-le-3-fevrier\/211381\/"},"modified":"2025-05-20T21:54:05","modified_gmt":"2025-05-20T21:54:05","slug":"ligue-1-demarrage-du-play-off-le-17-fevrier-du-play-out-le-3-fevrier","status":"publish","type":"post","link":"https:\/\/www.webdo.tn\/fr\/actualite\/sport\/ligue-1-demarrage-du-play-off-le-17-fevrier-du-play-out-le-3-fevrier\/211381\/","title":{"rendered":"Ligue 1 : D\u00e9marrage du play-off le 17 f\u00e9vrier, du play-out le 3 f\u00e9vrier"},"content":{"rendered":"<p>La premi\u00e8re phase du Championnat de Ligue 1, achev\u00e9e, il faudra attendre la fin de la CAN pour que la Ligue 1 reprenne en Tunisie. Ce sera au cours du mois de f\u00e9vrier.<\/p>\n<p>\t\t\t\t\t\t\t\t\tLa F\u00e9d\u00e9ration tunisienne de football a annonc\u00e9, sur sa page Facebook, que le d\u00e9marrage du play-off, est programm\u00e9 pour le 17 f\u00e9vrier 2024. Le play-out d\u00e9marrera, quant \u00e0 lui le 3 f\u00e9vrier prochain.<\/p>\n<p>En ce qui concerne la Coupe de Tunisie, les tours pr\u00e9liminaires d\u00e9marreront le 27 janvier prochain.<\/p>\n","protected":false},"excerpt":{"rendered":"<p>La phase play-off de la Ligue 1 d\u00e9marrera le 17 f\u00e9vrier prochain, le play-out, le 3 f\u00e9vrier<\/p>\n","protected":false},"author":3162,"featured_media":248299,"comment_status":"open","ping_status":"closed","sticky":false,"template":"","format":"standard","meta":{"footnotes":""},"categories":[2593],"tags":[2777,6308,7051],"class_list":["post-211381","post","type-post","status-publish","format-standard","has-post-thumbnail","hentry","category-sport","tag-ligue-1","tag-play-off","tag-play-out"],"yoast_head":"<!-- This site is optimized with the Yoast SEO Premium plugin v27.5 (Yoast SEO v27.5) - https:\/\/yoast.com\/product\/yoast-seo-premium-wordpress\/ -->\n<title>Ligue 1 : D\u00e9marrage du play-off le 17 f\u00e9vrier, du play-out le 3 f\u00e9vrier<\/title>\n<meta name=\"description\" content=\"La phase play-off de la Ligue 1 d\u00e9marrera le 17 f\u00e9vrier prochain, le play-out, le 3 f\u00e9vrier\" \/>\n<link rel=\"canonical\" href=\"https:\/\/www.webdo.tn\/fr\/actualite\/sport\/ligue-1-demarrage-du-play-off-le-17-fevrier-du-play-out-le-3-fevrier\/211381\/\" \/>\n<meta property=\"og:locale\" content=\"fr_FR\" \/>\n<meta property=\"og:type\" content=\"article\" \/>\n<meta property=\"og:title\" content=\"Ligue 1 : D\u00e9marrage du play-off le 17 f\u00e9vrier, du play-out le 3 f\u00e9vrier\" \/>\n<meta property=\"og:description\" content=\"La phase play-off de la Ligue 1 d\u00e9marrera le 17 f\u00e9vrier prochain, le play-out, le 3 f\u00e9vrier\" \/>\n<meta property=\"og:url\" content=\"https:\/\/www.webdo.tn\/fr\/actualite\/sport\/ligue-1-demarrage-du-play-off-le-17-fevrier-du-play-out-le-3-fevrier\/211381\/\" \/>\n<meta property=\"og:site_name\" content=\"webdo\" \/>\n<meta property=\"article:publisher\" content=\"https:\/\/www.facebook.com\/webdotn\" \/>\n<meta property=\"article:published_time\" content=\"2024-01-08T12:08:00+00:00\" \/>\n<meta property=\"article:modified_time\" content=\"2025-05-20T21:54:05+00:00\" \/>\n<meta property=\"og:image\" content=\"https:\/\/www.webdo.tn\/fr\/wp-content\/uploads\/2024\/01\/cb5b7c86e6662ffb6e0e5fc27b270d2a.jpg\" \/>\n\t<meta property=\"og:image:width\" content=\"750\" \/>\n\t<meta property=\"og:image:height\" content=\"400\" \/>\n\t<meta property=\"og:image:type\" content=\"image\/jpeg\" \/>\n<meta name=\"author\" content=\"MC\" \/>\n<meta name=\"twitter:card\" content=\"summary_large_image\" \/>\n<meta name=\"twitter:creator\" content=\"@webdo_tn\" \/>\n<meta name=\"twitter:site\" content=\"@webdo_tn\" \/>\n<meta name=\"twitter:label1\" content=\"\u00c9crit par\" \/>\n\t<meta name=\"twitter:data1\" content=\"MC\" \/>\n<script type=\"application\/ld+json\" class=\"yoast-schema-graph\">{\"@context\":\"https:\\\/\\\/schema.org\",\"@graph\":[{\"@type\":\"NewsArticle\",\"@id\":\"https:\\\/\\\/www.webdo.tn\\\/fr\\\/actualite\\\/sport\\\/ligue-1-demarrage-du-play-off-le-17-fevrier-du-play-out-le-3-fevrier\\\/211381\\\/#article\",\"isPartOf\":{\"@id\":\"https:\\\/\\\/www.webdo.tn\\\/fr\\\/actualite\\\/sport\\\/ligue-1-demarrage-du-play-off-le-17-fevrier-du-play-out-le-3-fevrier\\\/211381\\\/\"},\"author\":{\"name\":\"MC\",\"@id\":\"https:\\\/\\\/www.webdo.tn\\\/fr\\\/#\\\/schema\\\/person\\\/2c4929cbf5a809e3bd38617c6ce150f6\"},\"headline\":\"Ligue 1 : D\u00e9marrage du play-off le 17 f\u00e9vrier, du play-out le 3 f\u00e9vrier\",\"datePublished\":\"2024-01-08T12:08:00+00:00\",\"dateModified\":\"2025-05-20T21:54:05+00:00\",\"mainEntityOfPage\":{\"@id\":\"https:\\\/\\\/www.webdo.tn\\\/fr\\\/actualite\\\/sport\\\/ligue-1-demarrage-du-play-off-le-17-fevrier-du-play-out-le-3-fevrier\\\/211381\\\/\"},\"wordCount\":99,\"commentCount\":0,\"publisher\":{\"@id\":\"https:\\\/\\\/www.webdo.tn\\\/fr\\\/#organization\"},\"image\":{\"@id\":\"https:\\\/\\\/www.webdo.tn\\\/fr\\\/actualite\\\/sport\\\/ligue-1-demarrage-du-play-off-le-17-fevrier-du-play-out-le-3-fevrier\\\/211381\\\/#primaryimage\"},\"thumbnailUrl\":\"https:\\\/\\\/www.webdo.tn\\\/fr\\\/wp-content\\\/uploads\\\/2024\\\/01\\\/cb5b7c86e6662ffb6e0e5fc27b270d2a.jpg\",\"keywords\":[\"Ligue 1\",\"play-off\",\"play-out\"],\"articleSection\":[\"Sport\"],\"inLanguage\":\"fr-FR\"},{\"@type\":\"WebPage\",\"@id\":\"https:\\\/\\\/www.webdo.tn\\\/fr\\\/actualite\\\/sport\\\/ligue-1-demarrage-du-play-off-le-17-fevrier-du-play-out-le-3-fevrier\\\/211381\\\/\",\"url\":\"https:\\\/\\\/www.webdo.tn\\\/fr\\\/actualite\\\/sport\\\/ligue-1-demarrage-du-play-off-le-17-fevrier-du-play-out-le-3-fevrier\\\/211381\\\/\",\"name\":\"Ligue 1 : D\u00e9marrage du play-off le 17 f\u00e9vrier, du play-out le 3 f\u00e9vrier\",\"isPartOf\":{\"@id\":\"https:\\\/\\\/www.webdo.tn\\\/fr\\\/#website\"},\"primaryImageOfPage\":{\"@id\":\"https:\\\/\\\/www.webdo.tn\\\/fr\\\/actualite\\\/sport\\\/ligue-1-demarrage-du-play-off-le-17-fevrier-du-play-out-le-3-fevrier\\\/211381\\\/#primaryimage\"},\"image\":{\"@id\":\"https:\\\/\\\/www.webdo.tn\\\/fr\\\/actualite\\\/sport\\\/ligue-1-demarrage-du-play-off-le-17-fevrier-du-play-out-le-3-fevrier\\\/211381\\\/#primaryimage\"},\"thumbnailUrl\":\"https:\\\/\\\/www.webdo.tn\\\/fr\\\/wp-content\\\/uploads\\\/2024\\\/01\\\/cb5b7c86e6662ffb6e0e5fc27b270d2a.jpg\",\"datePublished\":\"2024-01-08T12:08:00+00:00\",\"dateModified\":\"2025-05-20T21:54:05+00:00\",\"description\":\"La phase play-off de la Ligue 1 d\u00e9marrera le 17 f\u00e9vrier prochain, le play-out, le 3 f\u00e9vrier\",\"breadcrumb\":{\"@id\":\"https:\\\/\\\/www.webdo.tn\\\/fr\\\/actualite\\\/sport\\\/ligue-1-demarrage-du-play-off-le-17-fevrier-du-play-out-le-3-fevrier\\\/211381\\\/#breadcrumb\"},\"inLanguage\":\"fr-FR\",\"potentialAction\":[{\"@type\":\"ReadAction\",\"target\":[\"https:\\\/\\\/www.webdo.tn\\\/fr\\\/actualite\\\/sport\\\/ligue-1-demarrage-du-play-off-le-17-fevrier-du-play-out-le-3-fevrier\\\/211381\\\/\"]}]},{\"@type\":\"ImageObject\",\"inLanguage\":\"fr-FR\",\"@id\":\"https:\\\/\\\/www.webdo.tn\\\/fr\\\/actualite\\\/sport\\\/ligue-1-demarrage-du-play-off-le-17-fevrier-du-play-out-le-3-fevrier\\\/211381\\\/#primaryimage\",\"url\":\"https:\\\/\\\/www.webdo.tn\\\/fr\\\/wp-content\\\/uploads\\\/2024\\\/01\\\/cb5b7c86e6662ffb6e0e5fc27b270d2a.jpg\",\"contentUrl\":\"https:\\\/\\\/www.webdo.tn\\\/fr\\\/wp-content\\\/uploads\\\/2024\\\/01\\\/cb5b7c86e6662ffb6e0e5fc27b270d2a.jpg\",\"width\":750,\"height\":400,\"caption\":\"Ligue 1 : D\u00e9marrage du play-off le 17 f\u00e9vrier, du play-out le 3 f\u00e9vrier\"},{\"@type\":\"BreadcrumbList\",\"@id\":\"https:\\\/\\\/www.webdo.tn\\\/fr\\\/actualite\\\/sport\\\/ligue-1-demarrage-du-play-off-le-17-fevrier-du-play-out-le-3-fevrier\\\/211381\\\/#breadcrumb\",\"itemListElement\":[{\"@type\":\"ListItem\",\"position\":1,\"name\":\"Accueil\",\"item\":\"https:\\\/\\\/www.webdo.tn\\\/fr\\\/\"},{\"@type\":\"ListItem\",\"position\":2,\"name\":\"Ligue 1 : D\u00e9marrage du play-off le 17 f\u00e9vrier, du play-out le 3 f\u00e9vrier\"}]},{\"@type\":\"WebSite\",\"@id\":\"https:\\\/\\\/www.webdo.tn\\\/fr\\\/#website\",\"url\":\"https:\\\/\\\/www.webdo.tn\\\/fr\\\/\",\"name\":\"webdo\",\"description\":\"Tunisie - News en Tunisie et \u00e0 l&#039;international sur Webdo.tn\",\"publisher\":{\"@id\":\"https:\\\/\\\/www.webdo.tn\\\/fr\\\/#organization\"},\"potentialAction\":[{\"@type\":\"SearchAction\",\"target\":{\"@type\":\"EntryPoint\",\"urlTemplate\":\"https:\\\/\\\/www.webdo.tn\\\/fr\\\/?s={search_term_string}\"},\"query-input\":{\"@type\":\"PropertyValueSpecification\",\"valueRequired\":true,\"valueName\":\"search_term_string\"}}],\"inLanguage\":\"fr-FR\"},{\"@type\":\"Organization\",\"@id\":\"https:\\\/\\\/www.webdo.tn\\\/fr\\\/#organization\",\"name\":\"Webdo\",\"alternateName\":\"Webdo.tn\",\"url\":\"https:\\\/\\\/www.webdo.tn\\\/fr\\\/\",\"logo\":{\"@type\":\"ImageObject\",\"inLanguage\":\"fr-FR\",\"@id\":\"https:\\\/\\\/www.webdo.tn\\\/fr\\\/#\\\/schema\\\/logo\\\/image\\\/\",\"url\":\"https:\\\/\\\/www.webdo.tn\\\/fr\\\/wp-content\\\/uploads\\\/2025\\\/06\\\/Webdo-Tunisie_168377.jpg\",\"contentUrl\":\"https:\\\/\\\/www.webdo.tn\\\/fr\\\/wp-content\\\/uploads\\\/2025\\\/06\\\/Webdo-Tunisie_168377.jpg\",\"width\":301,\"height\":301,\"caption\":\"Webdo\"},\"image\":{\"@id\":\"https:\\\/\\\/www.webdo.tn\\\/fr\\\/#\\\/schema\\\/logo\\\/image\\\/\"},\"sameAs\":[\"https:\\\/\\\/www.facebook.com\\\/webdotn\",\"https:\\\/\\\/x.com\\\/webdo_tn\"],\"description\":\"Webdo est un m\u00e9dia num\u00e9rique tunisien fond\u00e9 en 2010, sp\u00e9cialis\u00e9 dans l\u2019actualit\u00e9 nationale et internationale, l\u2019\u00e9conomie, la soci\u00e9t\u00e9 et les analyses politiques. Le site s\u2019adresse \u00e0 un large public francophone et couvre l\u2019information tunisienne en temps r\u00e9el.\",\"email\":\"redac@webdo.tn\",\"legalName\":\"YNJ SARL\",\"foundingDate\":\"2010-09-06\",\"numberOfEmployees\":{\"@type\":\"QuantitativeValue\",\"minValue\":\"11\",\"maxValue\":\"50\"}},{\"@type\":\"Person\",\"@id\":\"https:\\\/\\\/www.webdo.tn\\\/fr\\\/#\\\/schema\\\/person\\\/2c4929cbf5a809e3bd38617c6ce150f6\",\"name\":\"MC\",\"image\":{\"@type\":\"ImageObject\",\"inLanguage\":\"fr-FR\",\"@id\":\"https:\\\/\\\/secure.gravatar.com\\\/avatar\\\/a545bbb6f84efdd5553dbbc2895e3ca8f1d12c5215e00a041c9670b54aa9b18a?s=96&d=mm&r=g\",\"url\":\"https:\\\/\\\/secure.gravatar.com\\\/avatar\\\/a545bbb6f84efdd5553dbbc2895e3ca8f1d12c5215e00a041c9670b54aa9b18a?s=96&d=mm&r=g\",\"contentUrl\":\"https:\\\/\\\/secure.gravatar.com\\\/avatar\\\/a545bbb6f84efdd5553dbbc2895e3ca8f1d12c5215e00a041c9670b54aa9b18a?s=96&d=mm&r=g\",\"caption\":\"MC\"},\"url\":\"https:\\\/\\\/www.webdo.tn\\\/fr\\\/actualite\\\/author\\\/mc\\\/\"}]}<\/script>\n<!-- \/ Yoast SEO Premium plugin. -->","yoast_head_json":{"title":"Ligue 1 : D\u00e9marrage du play-off le 17 f\u00e9vrier, du play-out le 3 f\u00e9vrier","description":"La phase play-off de la Ligue 1 d\u00e9marrera le 17 f\u00e9vrier prochain, le play-out, le 3 f\u00e9vrier","canonical":"https:\/\/www.webdo.tn\/fr\/actualite\/sport\/ligue-1-demarrage-du-play-off-le-17-fevrier-du-play-out-le-3-fevrier\/211381\/","og_locale":"fr_FR","og_type":"article","og_title":"Ligue 1 : D\u00e9marrage du play-off le 17 f\u00e9vrier, du play-out le 3 f\u00e9vrier","og_description":"La phase play-off de la Ligue 1 d\u00e9marrera le 17 f\u00e9vrier prochain, le play-out, le 3 f\u00e9vrier","og_url":"https:\/\/www.webdo.tn\/fr\/actualite\/sport\/ligue-1-demarrage-du-play-off-le-17-fevrier-du-play-out-le-3-fevrier\/211381\/","og_site_name":"webdo","article_publisher":"https:\/\/www.facebook.com\/webdotn","article_published_time":"2024-01-08T12:08:00+00:00","article_modified_time":"2025-05-20T21:54:05+00:00","og_image":[{"width":750,"height":400,"url":"https:\/\/www.webdo.tn\/fr\/wp-content\/uploads\/2024\/01\/cb5b7c86e6662ffb6e0e5fc27b270d2a.jpg","type":"image\/jpeg"}],"author":"MC","twitter_card":"summary_large_image","twitter_creator":"@webdo_tn","twitter_site":"@webdo_tn","twitter_misc":{"\u00c9crit par":"MC"},"schema":{"@context":"https:\/\/schema.org","@graph":[{"@type":"NewsArticle","@id":"https:\/\/www.webdo.tn\/fr\/actualite\/sport\/ligue-1-demarrage-du-play-off-le-17-fevrier-du-play-out-le-3-fevrier\/211381\/#article","isPartOf":{"@id":"https:\/\/www.webdo.tn\/fr\/actualite\/sport\/ligue-1-demarrage-du-play-off-le-17-fevrier-du-play-out-le-3-fevrier\/211381\/"},"author":{"name":"MC","@id":"https:\/\/www.webdo.tn\/fr\/#\/schema\/person\/2c4929cbf5a809e3bd38617c6ce150f6"},"headline":"Ligue 1 : D\u00e9marrage du play-off le 17 f\u00e9vrier, du play-out le 3 f\u00e9vrier","datePublished":"2024-01-08T12:08:00+00:00","dateModified":"2025-05-20T21:54:05+00:00","mainEntityOfPage":{"@id":"https:\/\/www.webdo.tn\/fr\/actualite\/sport\/ligue-1-demarrage-du-play-off-le-17-fevrier-du-play-out-le-3-fevrier\/211381\/"},"wordCount":99,"commentCount":0,"publisher":{"@id":"https:\/\/www.webdo.tn\/fr\/#organization"},"image":{"@id":"https:\/\/www.webdo.tn\/fr\/actualite\/sport\/ligue-1-demarrage-du-play-off-le-17-fevrier-du-play-out-le-3-fevrier\/211381\/#primaryimage"},"thumbnailUrl":"https:\/\/www.webdo.tn\/fr\/wp-content\/uploads\/2024\/01\/cb5b7c86e6662ffb6e0e5fc27b270d2a.jpg","keywords":["Ligue 1","play-off","play-out"],"articleSection":["Sport"],"inLanguage":"fr-FR"},{"@type":"WebPage","@id":"https:\/\/www.webdo.tn\/fr\/actualite\/sport\/ligue-1-demarrage-du-play-off-le-17-fevrier-du-play-out-le-3-fevrier\/211381\/","url":"https:\/\/www.webdo.tn\/fr\/actualite\/sport\/ligue-1-demarrage-du-play-off-le-17-fevrier-du-play-out-le-3-fevrier\/211381\/","name":"Ligue 1 : D\u00e9marrage du play-off le 17 f\u00e9vrier, du play-out le 3 f\u00e9vrier","isPartOf":{"@id":"https:\/\/www.webdo.tn\/fr\/#website"},"primaryImageOfPage":{"@id":"https:\/\/www.webdo.tn\/fr\/actualite\/sport\/ligue-1-demarrage-du-play-off-le-17-fevrier-du-play-out-le-3-fevrier\/211381\/#primaryimage"},"image":{"@id":"https:\/\/www.webdo.tn\/fr\/actualite\/sport\/ligue-1-demarrage-du-play-off-le-17-fevrier-du-play-out-le-3-fevrier\/211381\/#primaryimage"},"thumbnailUrl":"https:\/\/www.webdo.tn\/fr\/wp-content\/uploads\/2024\/01\/cb5b7c86e6662ffb6e0e5fc27b270d2a.jpg","datePublished":"2024-01-08T12:08:00+00:00","dateModified":"2025-05-20T21:54:05+00:00","description":"La phase play-off de la Ligue 1 d\u00e9marrera le 17 f\u00e9vrier prochain, le play-out, le 3 f\u00e9vrier","breadcrumb":{"@id":"https:\/\/www.webdo.tn\/fr\/actualite\/sport\/ligue-1-demarrage-du-play-off-le-17-fevrier-du-play-out-le-3-fevrier\/211381\/#breadcrumb"},"inLanguage":"fr-FR","potentialAction":[{"@type":"ReadAction","target":["https:\/\/www.webdo.tn\/fr\/actualite\/sport\/ligue-1-demarrage-du-play-off-le-17-fevrier-du-play-out-le-3-fevrier\/211381\/"]}]},{"@type":"ImageObject","inLanguage":"fr-FR","@id":"https:\/\/www.webdo.tn\/fr\/actualite\/sport\/ligue-1-demarrage-du-play-off-le-17-fevrier-du-play-out-le-3-fevrier\/211381\/#primaryimage","url":"https:\/\/www.webdo.tn\/fr\/wp-content\/uploads\/2024\/01\/cb5b7c86e6662ffb6e0e5fc27b270d2a.jpg","contentUrl":"https:\/\/www.webdo.tn\/fr\/wp-content\/uploads\/2024\/01\/cb5b7c86e6662ffb6e0e5fc27b270d2a.jpg","width":750,"height":400,"caption":"Ligue 1 : D\u00e9marrage du play-off le 17 f\u00e9vrier, du play-out le 3 f\u00e9vrier"},{"@type":"BreadcrumbList","@id":"https:\/\/www.webdo.tn\/fr\/actualite\/sport\/ligue-1-demarrage-du-play-off-le-17-fevrier-du-play-out-le-3-fevrier\/211381\/#breadcrumb","itemListElement":[{"@type":"ListItem","position":1,"name":"Accueil","item":"https:\/\/www.webdo.tn\/fr\/"},{"@type":"ListItem","position":2,"name":"Ligue 1 : D\u00e9marrage du play-off le 17 f\u00e9vrier, du play-out le 3 f\u00e9vrier"}]},{"@type":"WebSite","@id":"https:\/\/www.webdo.tn\/fr\/#website","url":"https:\/\/www.webdo.tn\/fr\/","name":"webdo","description":"Tunisie - News en Tunisie et \u00e0 l&#039;international sur Webdo.tn","publisher":{"@id":"https:\/\/www.webdo.tn\/fr\/#organization"},"potentialAction":[{"@type":"SearchAction","target":{"@type":"EntryPoint","urlTemplate":"https:\/\/www.webdo.tn\/fr\/?s={search_term_string}"},"query-input":{"@type":"PropertyValueSpecification","valueRequired":true,"valueName":"search_term_string"}}],"inLanguage":"fr-FR"},{"@type":"Organization","@id":"https:\/\/www.webdo.tn\/fr\/#organization","name":"Webdo","alternateName":"Webdo.tn","url":"https:\/\/www.webdo.tn\/fr\/","logo":{"@type":"ImageObject","inLanguage":"fr-FR","@id":"https:\/\/www.webdo.tn\/fr\/#\/schema\/logo\/image\/","url":"https:\/\/www.webdo.tn\/fr\/wp-content\/uploads\/2025\/06\/Webdo-Tunisie_168377.jpg","contentUrl":"https:\/\/www.webdo.tn\/fr\/wp-content\/uploads\/2025\/06\/Webdo-Tunisie_168377.jpg","width":301,"height":301,"caption":"Webdo"},"image":{"@id":"https:\/\/www.webdo.tn\/fr\/#\/schema\/logo\/image\/"},"sameAs":["https:\/\/www.facebook.com\/webdotn","https:\/\/x.com\/webdo_tn"],"description":"Webdo est un m\u00e9dia num\u00e9rique tunisien fond\u00e9 en 2010, sp\u00e9cialis\u00e9 dans l\u2019actualit\u00e9 nationale et internationale, l\u2019\u00e9conomie, la soci\u00e9t\u00e9 et les analyses politiques. Le site s\u2019adresse \u00e0 un large public francophone et couvre l\u2019information tunisienne en temps r\u00e9el.","email":"redac@webdo.tn","legalName":"YNJ SARL","foundingDate":"2010-09-06","numberOfEmployees":{"@type":"QuantitativeValue","minValue":"11","maxValue":"50"}},{"@type":"Person","@id":"https:\/\/www.webdo.tn\/fr\/#\/schema\/person\/2c4929cbf5a809e3bd38617c6ce150f6","name":"MC","image":{"@type":"ImageObject","inLanguage":"fr-FR","@id":"https:\/\/secure.gravatar.com\/avatar\/a545bbb6f84efdd5553dbbc2895e3ca8f1d12c5215e00a041c9670b54aa9b18a?s=96&d=mm&r=g","url":"https:\/\/secure.gravatar.com\/avatar\/a545bbb6f84efdd5553dbbc2895e3ca8f1d12c5215e00a041c9670b54aa9b18a?s=96&d=mm&r=g","contentUrl":"https:\/\/secure.gravatar.com\/avatar\/a545bbb6f84efdd5553dbbc2895e3ca8f1d12c5215e00a041c9670b54aa9b18a?s=96&d=mm&r=g","caption":"MC"},"url":"https:\/\/www.webdo.tn\/fr\/actualite\/author\/mc\/"}]}},"_links":{"self":[{"href":"https:\/\/www.webdo.tn\/fr\/wp-json\/wp\/v2\/posts\/211381","targetHints":{"allow":["GET"]}}],"collection":[{"href":"https:\/\/www.webdo.tn\/fr\/wp-json\/wp\/v2\/posts"}],"about":[{"href":"https:\/\/www.webdo.tn\/fr\/wp-json\/wp\/v2\/types\/post"}],"author":[{"embeddable":true,"href":"https:\/\/www.webdo.tn\/fr\/wp-json\/wp\/v2\/users\/3162"}],"replies":[{"embeddable":true,"href":"https:\/\/www.webdo.tn\/fr\/wp-json\/wp\/v2\/comments?post=211381"}],"version-history":[{"count":0,"href":"https:\/\/www.webdo.tn\/fr\/wp-json\/wp\/v2\/posts\/211381\/revisions"}],"wp:featuredmedia":[{"embeddable":true,"href":"https:\/\/www.webdo.tn\/fr\/wp-json\/wp\/v2\/media\/248299"}],"wp:attachment":[{"href":"https:\/\/www.webdo.tn\/fr\/wp-json\/wp\/v2\/media?parent=211381"}],"wp:term":[{"taxonomy":"category","embeddable":true,"href":"https:\/\/www.webdo.tn\/fr\/wp-json\/wp\/v2\/categories?post=211381"},{"taxonomy":"post_tag","embeddable":true,"href":"https:\/\/www.webdo.tn\/fr\/wp-json\/wp\/v2\/tags?post=211381"}],"curies":[{"name":"wp","href":"https:\/\/api.w.org\/{rel}","templated":true}]}}