{"id":211373,"date":"2024-01-08T09:15:00","date_gmt":"2024-01-08T09:15:00","guid":{"rendered":"https:\/\/www.webdo.tn\/fr\/blog\/ennahdha-veut-renaitre-de-ses-cendres-en-changeant-de-nom\/211373\/"},"modified":"2025-05-20T22:38:32","modified_gmt":"2025-05-20T22:38:32","slug":"ennahdha-veut-renaitre-de-ses-cendres-en-changeant-de-nom","status":"publish","type":"post","link":"https:\/\/www.webdo.tn\/fr\/actualite\/national\/ennahdha-veut-renaitre-de-ses-cendres-en-changeant-de-nom\/211373\/","title":{"rendered":"Ennahdha veut rena\u00eetre de ses cendres en changeant de nom !\u00a0"},"content":{"rendered":"<p>En pleine tourmente depuis plusieurs mois, le parti Ennahdha ne connait pas ses meilleurs jours. Pour certains, il risque m\u00eame la disparition, alors que ses principaux leaders sont dans le collimateur de la justice.\u00a0<\/p>\n<p>\t\t\t\t\t\t\t\t\tC\u2019est dans ce contexte flou que le parti tente de renaitre de ses cendres sous les commandes du nouveau secr\u00e9taire-g\u00e9n\u00e9ral Ajmi Lourimi, propuls\u00e9 \u00e0 la t\u00eate du parti. La premi\u00e8re d\u00e9cision serait de changer de nom, mais dans quel objectif ?\u00a0<\/p>\n<p>En effet, faisant l\u2019annonce sur sa page Facebook, Lourimi a laiss\u00e9 envisager le changement de nom du parti pour donner un nouveau souffle, voire une nouvelle identit\u00e9, \u00e0 ses structures largement secou\u00e9es par les \u00e9v\u00e8nements du 25 juillet.\u00a0<\/p>\n<p>\u00ab\u00a0Le changement de nom d\u2019Ennahdha ne n\u00e9cessite pas un vote interne, il pourrait intervenir \u00e0 l\u2019issu du prochain congr\u00e8s du parti. On envisage \u00e9galement de changer l\u2019appellation du conseil de la Choura, au conseil national\u00a0\u00bb, a-t-il dit.\u00a0<\/p>\n<p>Cr\u00e9\u00e9 officiellement le 6 juin 1981 dans l&rsquo;ill\u00e9galit\u00e9, sous le nom de Mouvement de la tendance islamique, le parti change de nom en f\u00e9vrier 1989, pour devenir Ennahdha.<\/p>\n<p>En effet, pour respecter les clauses du Code \u00e9lectoral qui interdisent les r\u00e9f\u00e9rences \u00e0 la religion dans les partis politiques, la fraction dite mod\u00e9r\u00e9e du parti d\u00e9cide de retirer toute allusion \u00e0 l&rsquo;islam dans le nom du mouvement et choisit de le rebaptiser Parti Ennahdha\u00a0<\/p>\n<p>Longtemps interdit, il est l\u00e9galis\u00e9 le 1er mars 2011 par le gouvernement d&rsquo;union nationale instaur\u00e9 apr\u00e8s la r\u00e9volution.<\/p>\n","protected":false},"excerpt":{"rendered":"<p>C\u2019est dans ce contexte flou que le parti tente de renaitre de ses cendres sous les commandes du nouveau secr\u00e9taire-g\u00e9n\u00e9ral Ajmi Lourimi, propuls\u00e9 \u00e0 la t\u00eate du p&#8230;<\/p>\n","protected":false},"author":3175,"featured_media":248295,"comment_status":"open","ping_status":"closed","sticky":false,"template":"","format":"standard","meta":{"footnotes":""},"categories":[44],"tags":[3057,7225,4029,2608],"class_list":["post-211373","post","type-post","status-publish","format-standard","has-post-thumbnail","hentry","category-national","tag-ennahdha","tag-parti","tag-politique","tag-tunisie"],"yoast_head":"<!-- This site is optimized with the Yoast SEO Premium plugin v27.4 (Yoast SEO v27.5) - https:\/\/yoast.com\/product\/yoast-seo-premium-wordpress\/ -->\n<title>Ennahdha veut rena\u00eetre de ses cendres en changeant de nom !\u00a0<\/title>\n<meta name=\"description\" content=\"C\u2019est dans ce contexte flou que le parti tente de renaitre de ses cendres sous les commandes du nouveau secr\u00e9taire-g\u00e9n\u00e9ral Ajmi Lourimi, propuls\u00e9 \u00e0 la t\u00eate du p...\" \/>\n<link rel=\"canonical\" href=\"https:\/\/www.webdo.tn\/fr\/actualite\/national\/ennahdha-veut-renaitre-de-ses-cendres-en-changeant-de-nom\/211373\/\" \/>\n<meta property=\"og:locale\" content=\"fr_FR\" \/>\n<meta property=\"og:type\" content=\"article\" \/>\n<meta property=\"og:title\" content=\"Ennahdha veut rena\u00eetre de ses cendres en changeant de nom !\u00a0\" \/>\n<meta property=\"og:description\" content=\"C\u2019est dans ce contexte flou que le parti tente de renaitre de ses cendres sous les commandes du nouveau secr\u00e9taire-g\u00e9n\u00e9ral Ajmi Lourimi, propuls\u00e9 \u00e0 la t\u00eate du p...\" \/>\n<meta property=\"og:url\" content=\"https:\/\/www.webdo.tn\/fr\/actualite\/national\/ennahdha-veut-renaitre-de-ses-cendres-en-changeant-de-nom\/211373\/\" \/>\n<meta property=\"og:site_name\" content=\"webdo\" \/>\n<meta property=\"article:publisher\" content=\"https:\/\/www.facebook.com\/webdotn\" \/>\n<meta property=\"article:published_time\" content=\"2024-01-08T09:15:00+00:00\" \/>\n<meta property=\"article:modified_time\" content=\"2025-05-20T22:38:32+00:00\" \/>\n<meta property=\"og:image\" content=\"https:\/\/www.webdo.tn\/fr\/wp-content\/uploads\/2024\/01\/92a7b886b51b45f94ca6cf114f196770.jpg\" \/>\n\t<meta property=\"og:image:width\" content=\"680\" \/>\n\t<meta property=\"og:image:height\" content=\"363\" \/>\n\t<meta property=\"og:image:type\" content=\"image\/jpeg\" \/>\n<meta name=\"author\" content=\"CL\" \/>\n<meta name=\"twitter:card\" content=\"summary_large_image\" \/>\n<meta name=\"twitter:creator\" content=\"@webdo_tn\" \/>\n<meta name=\"twitter:site\" content=\"@webdo_tn\" \/>\n<meta name=\"twitter:label1\" content=\"\u00c9crit par\" \/>\n\t<meta name=\"twitter:data1\" content=\"CL\" \/>\n\t<meta name=\"twitter:label2\" content=\"Dur\u00e9e de lecture estim\u00e9e\" \/>\n\t<meta name=\"twitter:data2\" content=\"1 minute\" \/>\n<script type=\"application\/ld+json\" class=\"yoast-schema-graph\">{\"@context\":\"https:\\\/\\\/schema.org\",\"@graph\":[{\"@type\":\"NewsArticle\",\"@id\":\"https:\\\/\\\/www.webdo.tn\\\/fr\\\/actualite\\\/national\\\/ennahdha-veut-renaitre-de-ses-cendres-en-changeant-de-nom\\\/211373\\\/#article\",\"isPartOf\":{\"@id\":\"https:\\\/\\\/www.webdo.tn\\\/fr\\\/actualite\\\/national\\\/ennahdha-veut-renaitre-de-ses-cendres-en-changeant-de-nom\\\/211373\\\/\"},\"author\":{\"name\":\"CL\",\"@id\":\"https:\\\/\\\/www.webdo.tn\\\/fr\\\/#\\\/schema\\\/person\\\/f35b42a42c5e2511bbd282959d6385cc\"},\"headline\":\"Ennahdha veut rena\u00eetre de ses cendres en changeant de nom !\u00a0\",\"datePublished\":\"2024-01-08T09:15:00+00:00\",\"dateModified\":\"2025-05-20T22:38:32+00:00\",\"mainEntityOfPage\":{\"@id\":\"https:\\\/\\\/www.webdo.tn\\\/fr\\\/actualite\\\/national\\\/ennahdha-veut-renaitre-de-ses-cendres-en-changeant-de-nom\\\/211373\\\/\"},\"wordCount\":270,\"commentCount\":0,\"publisher\":{\"@id\":\"https:\\\/\\\/www.webdo.tn\\\/fr\\\/#organization\"},\"image\":{\"@id\":\"https:\\\/\\\/www.webdo.tn\\\/fr\\\/actualite\\\/national\\\/ennahdha-veut-renaitre-de-ses-cendres-en-changeant-de-nom\\\/211373\\\/#primaryimage\"},\"thumbnailUrl\":\"https:\\\/\\\/www.webdo.tn\\\/fr\\\/wp-content\\\/uploads\\\/2024\\\/01\\\/92a7b886b51b45f94ca6cf114f196770.jpg\",\"keywords\":[\"Ennahdha\",\"Parti\",\"Politique\",\"Tunisie\"],\"articleSection\":[\"National\"],\"inLanguage\":\"fr-FR\"},{\"@type\":\"WebPage\",\"@id\":\"https:\\\/\\\/www.webdo.tn\\\/fr\\\/actualite\\\/national\\\/ennahdha-veut-renaitre-de-ses-cendres-en-changeant-de-nom\\\/211373\\\/\",\"url\":\"https:\\\/\\\/www.webdo.tn\\\/fr\\\/actualite\\\/national\\\/ennahdha-veut-renaitre-de-ses-cendres-en-changeant-de-nom\\\/211373\\\/\",\"name\":\"Ennahdha veut rena\u00eetre de ses cendres en changeant de nom !\u00a0\",\"isPartOf\":{\"@id\":\"https:\\\/\\\/www.webdo.tn\\\/fr\\\/#website\"},\"primaryImageOfPage\":{\"@id\":\"https:\\\/\\\/www.webdo.tn\\\/fr\\\/actualite\\\/national\\\/ennahdha-veut-renaitre-de-ses-cendres-en-changeant-de-nom\\\/211373\\\/#primaryimage\"},\"image\":{\"@id\":\"https:\\\/\\\/www.webdo.tn\\\/fr\\\/actualite\\\/national\\\/ennahdha-veut-renaitre-de-ses-cendres-en-changeant-de-nom\\\/211373\\\/#primaryimage\"},\"thumbnailUrl\":\"https:\\\/\\\/www.webdo.tn\\\/fr\\\/wp-content\\\/uploads\\\/2024\\\/01\\\/92a7b886b51b45f94ca6cf114f196770.jpg\",\"datePublished\":\"2024-01-08T09:15:00+00:00\",\"dateModified\":\"2025-05-20T22:38:32+00:00\",\"description\":\"C\u2019est dans ce contexte flou que le parti tente de renaitre de ses cendres sous les commandes du nouveau secr\u00e9taire-g\u00e9n\u00e9ral Ajmi Lourimi, propuls\u00e9 \u00e0 la t\u00eate du p...\",\"breadcrumb\":{\"@id\":\"https:\\\/\\\/www.webdo.tn\\\/fr\\\/actualite\\\/national\\\/ennahdha-veut-renaitre-de-ses-cendres-en-changeant-de-nom\\\/211373\\\/#breadcrumb\"},\"inLanguage\":\"fr-FR\",\"potentialAction\":[{\"@type\":\"ReadAction\",\"target\":[\"https:\\\/\\\/www.webdo.tn\\\/fr\\\/actualite\\\/national\\\/ennahdha-veut-renaitre-de-ses-cendres-en-changeant-de-nom\\\/211373\\\/\"]}]},{\"@type\":\"ImageObject\",\"inLanguage\":\"fr-FR\",\"@id\":\"https:\\\/\\\/www.webdo.tn\\\/fr\\\/actualite\\\/national\\\/ennahdha-veut-renaitre-de-ses-cendres-en-changeant-de-nom\\\/211373\\\/#primaryimage\",\"url\":\"https:\\\/\\\/www.webdo.tn\\\/fr\\\/wp-content\\\/uploads\\\/2024\\\/01\\\/92a7b886b51b45f94ca6cf114f196770.jpg\",\"contentUrl\":\"https:\\\/\\\/www.webdo.tn\\\/fr\\\/wp-content\\\/uploads\\\/2024\\\/01\\\/92a7b886b51b45f94ca6cf114f196770.jpg\",\"width\":680,\"height\":363,\"caption\":\"Ennahdha veut rena\u00eetre de ses cendres en changeant de nom !\u00a0\"},{\"@type\":\"BreadcrumbList\",\"@id\":\"https:\\\/\\\/www.webdo.tn\\\/fr\\\/actualite\\\/national\\\/ennahdha-veut-renaitre-de-ses-cendres-en-changeant-de-nom\\\/211373\\\/#breadcrumb\",\"itemListElement\":[{\"@type\":\"ListItem\",\"position\":1,\"name\":\"Accueil\",\"item\":\"https:\\\/\\\/www.webdo.tn\\\/fr\\\/\"},{\"@type\":\"ListItem\",\"position\":2,\"name\":\"Ennahdha veut rena\u00eetre de ses cendres en changeant de nom !\u00a0\"}]},{\"@type\":\"WebSite\",\"@id\":\"https:\\\/\\\/www.webdo.tn\\\/fr\\\/#website\",\"url\":\"https:\\\/\\\/www.webdo.tn\\\/fr\\\/\",\"name\":\"webdo\",\"description\":\"Tunisie - News en Tunisie et \u00e0 l&#039;international sur Webdo.tn\",\"publisher\":{\"@id\":\"https:\\\/\\\/www.webdo.tn\\\/fr\\\/#organization\"},\"potentialAction\":[{\"@type\":\"SearchAction\",\"target\":{\"@type\":\"EntryPoint\",\"urlTemplate\":\"https:\\\/\\\/www.webdo.tn\\\/fr\\\/?s={search_term_string}\"},\"query-input\":{\"@type\":\"PropertyValueSpecification\",\"valueRequired\":true,\"valueName\":\"search_term_string\"}}],\"inLanguage\":\"fr-FR\"},{\"@type\":\"Organization\",\"@id\":\"https:\\\/\\\/www.webdo.tn\\\/fr\\\/#organization\",\"name\":\"Webdo\",\"alternateName\":\"Webdo.tn\",\"url\":\"https:\\\/\\\/www.webdo.tn\\\/fr\\\/\",\"logo\":{\"@type\":\"ImageObject\",\"inLanguage\":\"fr-FR\",\"@id\":\"https:\\\/\\\/www.webdo.tn\\\/fr\\\/#\\\/schema\\\/logo\\\/image\\\/\",\"url\":\"https:\\\/\\\/www.webdo.tn\\\/fr\\\/wp-content\\\/uploads\\\/2025\\\/06\\\/Webdo-Tunisie_168377.jpg\",\"contentUrl\":\"https:\\\/\\\/www.webdo.tn\\\/fr\\\/wp-content\\\/uploads\\\/2025\\\/06\\\/Webdo-Tunisie_168377.jpg\",\"width\":301,\"height\":301,\"caption\":\"Webdo\"},\"image\":{\"@id\":\"https:\\\/\\\/www.webdo.tn\\\/fr\\\/#\\\/schema\\\/logo\\\/image\\\/\"},\"sameAs\":[\"https:\\\/\\\/www.facebook.com\\\/webdotn\",\"https:\\\/\\\/x.com\\\/webdo_tn\"],\"description\":\"Webdo est un m\u00e9dia num\u00e9rique tunisien fond\u00e9 en 2010, sp\u00e9cialis\u00e9 dans l\u2019actualit\u00e9 nationale et internationale, l\u2019\u00e9conomie, la soci\u00e9t\u00e9 et les analyses politiques. Le site s\u2019adresse \u00e0 un large public francophone et couvre l\u2019information tunisienne en temps r\u00e9el.\",\"email\":\"redac@webdo.tn\",\"legalName\":\"YNJ SARL\",\"foundingDate\":\"2010-09-06\",\"numberOfEmployees\":{\"@type\":\"QuantitativeValue\",\"minValue\":\"11\",\"maxValue\":\"50\"}},{\"@type\":\"Person\",\"@id\":\"https:\\\/\\\/www.webdo.tn\\\/fr\\\/#\\\/schema\\\/person\\\/f35b42a42c5e2511bbd282959d6385cc\",\"name\":\"CL\",\"image\":{\"@type\":\"ImageObject\",\"inLanguage\":\"fr-FR\",\"@id\":\"https:\\\/\\\/secure.gravatar.com\\\/avatar\\\/1447a49909b67aa657c488aec6512e1dd6143a480c1ecfee9b5b5cd74eb3b59e?s=96&d=mm&r=g\",\"url\":\"https:\\\/\\\/secure.gravatar.com\\\/avatar\\\/1447a49909b67aa657c488aec6512e1dd6143a480c1ecfee9b5b5cd74eb3b59e?s=96&d=mm&r=g\",\"contentUrl\":\"https:\\\/\\\/secure.gravatar.com\\\/avatar\\\/1447a49909b67aa657c488aec6512e1dd6143a480c1ecfee9b5b5cd74eb3b59e?s=96&d=mm&r=g\",\"caption\":\"CL\"},\"url\":\"https:\\\/\\\/www.webdo.tn\\\/fr\\\/actualite\\\/author\\\/cl\\\/\"}]}<\/script>\n<!-- \/ Yoast SEO Premium plugin. -->","yoast_head_json":{"title":"Ennahdha veut rena\u00eetre de ses cendres en changeant de nom !\u00a0","description":"C\u2019est dans ce contexte flou que le parti tente de renaitre de ses cendres sous les commandes du nouveau secr\u00e9taire-g\u00e9n\u00e9ral Ajmi Lourimi, propuls\u00e9 \u00e0 la t\u00eate du p...","canonical":"https:\/\/www.webdo.tn\/fr\/actualite\/national\/ennahdha-veut-renaitre-de-ses-cendres-en-changeant-de-nom\/211373\/","og_locale":"fr_FR","og_type":"article","og_title":"Ennahdha veut rena\u00eetre de ses cendres en changeant de nom !\u00a0","og_description":"C\u2019est dans ce contexte flou que le parti tente de renaitre de ses cendres sous les commandes du nouveau secr\u00e9taire-g\u00e9n\u00e9ral Ajmi Lourimi, propuls\u00e9 \u00e0 la t\u00eate du p...","og_url":"https:\/\/www.webdo.tn\/fr\/actualite\/national\/ennahdha-veut-renaitre-de-ses-cendres-en-changeant-de-nom\/211373\/","og_site_name":"webdo","article_publisher":"https:\/\/www.facebook.com\/webdotn","article_published_time":"2024-01-08T09:15:00+00:00","article_modified_time":"2025-05-20T22:38:32+00:00","og_image":[{"width":680,"height":363,"url":"https:\/\/www.webdo.tn\/fr\/wp-content\/uploads\/2024\/01\/92a7b886b51b45f94ca6cf114f196770.jpg","type":"image\/jpeg"}],"author":"CL","twitter_card":"summary_large_image","twitter_creator":"@webdo_tn","twitter_site":"@webdo_tn","twitter_misc":{"\u00c9crit par":"CL","Dur\u00e9e de lecture estim\u00e9e":"1 minute"},"schema":{"@context":"https:\/\/schema.org","@graph":[{"@type":"NewsArticle","@id":"https:\/\/www.webdo.tn\/fr\/actualite\/national\/ennahdha-veut-renaitre-de-ses-cendres-en-changeant-de-nom\/211373\/#article","isPartOf":{"@id":"https:\/\/www.webdo.tn\/fr\/actualite\/national\/ennahdha-veut-renaitre-de-ses-cendres-en-changeant-de-nom\/211373\/"},"author":{"name":"CL","@id":"https:\/\/www.webdo.tn\/fr\/#\/schema\/person\/f35b42a42c5e2511bbd282959d6385cc"},"headline":"Ennahdha veut rena\u00eetre de ses cendres en changeant de nom !\u00a0","datePublished":"2024-01-08T09:15:00+00:00","dateModified":"2025-05-20T22:38:32+00:00","mainEntityOfPage":{"@id":"https:\/\/www.webdo.tn\/fr\/actualite\/national\/ennahdha-veut-renaitre-de-ses-cendres-en-changeant-de-nom\/211373\/"},"wordCount":270,"commentCount":0,"publisher":{"@id":"https:\/\/www.webdo.tn\/fr\/#organization"},"image":{"@id":"https:\/\/www.webdo.tn\/fr\/actualite\/national\/ennahdha-veut-renaitre-de-ses-cendres-en-changeant-de-nom\/211373\/#primaryimage"},"thumbnailUrl":"https:\/\/www.webdo.tn\/fr\/wp-content\/uploads\/2024\/01\/92a7b886b51b45f94ca6cf114f196770.jpg","keywords":["Ennahdha","Parti","Politique","Tunisie"],"articleSection":["National"],"inLanguage":"fr-FR"},{"@type":"WebPage","@id":"https:\/\/www.webdo.tn\/fr\/actualite\/national\/ennahdha-veut-renaitre-de-ses-cendres-en-changeant-de-nom\/211373\/","url":"https:\/\/www.webdo.tn\/fr\/actualite\/national\/ennahdha-veut-renaitre-de-ses-cendres-en-changeant-de-nom\/211373\/","name":"Ennahdha veut rena\u00eetre de ses cendres en changeant de nom !\u00a0","isPartOf":{"@id":"https:\/\/www.webdo.tn\/fr\/#website"},"primaryImageOfPage":{"@id":"https:\/\/www.webdo.tn\/fr\/actualite\/national\/ennahdha-veut-renaitre-de-ses-cendres-en-changeant-de-nom\/211373\/#primaryimage"},"image":{"@id":"https:\/\/www.webdo.tn\/fr\/actualite\/national\/ennahdha-veut-renaitre-de-ses-cendres-en-changeant-de-nom\/211373\/#primaryimage"},"thumbnailUrl":"https:\/\/www.webdo.tn\/fr\/wp-content\/uploads\/2024\/01\/92a7b886b51b45f94ca6cf114f196770.jpg","datePublished":"2024-01-08T09:15:00+00:00","dateModified":"2025-05-20T22:38:32+00:00","description":"C\u2019est dans ce contexte flou que le parti tente de renaitre de ses cendres sous les commandes du nouveau secr\u00e9taire-g\u00e9n\u00e9ral Ajmi Lourimi, propuls\u00e9 \u00e0 la t\u00eate du p...","breadcrumb":{"@id":"https:\/\/www.webdo.tn\/fr\/actualite\/national\/ennahdha-veut-renaitre-de-ses-cendres-en-changeant-de-nom\/211373\/#breadcrumb"},"inLanguage":"fr-FR","potentialAction":[{"@type":"ReadAction","target":["https:\/\/www.webdo.tn\/fr\/actualite\/national\/ennahdha-veut-renaitre-de-ses-cendres-en-changeant-de-nom\/211373\/"]}]},{"@type":"ImageObject","inLanguage":"fr-FR","@id":"https:\/\/www.webdo.tn\/fr\/actualite\/national\/ennahdha-veut-renaitre-de-ses-cendres-en-changeant-de-nom\/211373\/#primaryimage","url":"https:\/\/www.webdo.tn\/fr\/wp-content\/uploads\/2024\/01\/92a7b886b51b45f94ca6cf114f196770.jpg","contentUrl":"https:\/\/www.webdo.tn\/fr\/wp-content\/uploads\/2024\/01\/92a7b886b51b45f94ca6cf114f196770.jpg","width":680,"height":363,"caption":"Ennahdha veut rena\u00eetre de ses cendres en changeant de nom !\u00a0"},{"@type":"BreadcrumbList","@id":"https:\/\/www.webdo.tn\/fr\/actualite\/national\/ennahdha-veut-renaitre-de-ses-cendres-en-changeant-de-nom\/211373\/#breadcrumb","itemListElement":[{"@type":"ListItem","position":1,"name":"Accueil","item":"https:\/\/www.webdo.tn\/fr\/"},{"@type":"ListItem","position":2,"name":"Ennahdha veut rena\u00eetre de ses cendres en changeant de nom !\u00a0"}]},{"@type":"WebSite","@id":"https:\/\/www.webdo.tn\/fr\/#website","url":"https:\/\/www.webdo.tn\/fr\/","name":"webdo","description":"Tunisie - News en Tunisie et \u00e0 l&#039;international sur Webdo.tn","publisher":{"@id":"https:\/\/www.webdo.tn\/fr\/#organization"},"potentialAction":[{"@type":"SearchAction","target":{"@type":"EntryPoint","urlTemplate":"https:\/\/www.webdo.tn\/fr\/?s={search_term_string}"},"query-input":{"@type":"PropertyValueSpecification","valueRequired":true,"valueName":"search_term_string"}}],"inLanguage":"fr-FR"},{"@type":"Organization","@id":"https:\/\/www.webdo.tn\/fr\/#organization","name":"Webdo","alternateName":"Webdo.tn","url":"https:\/\/www.webdo.tn\/fr\/","logo":{"@type":"ImageObject","inLanguage":"fr-FR","@id":"https:\/\/www.webdo.tn\/fr\/#\/schema\/logo\/image\/","url":"https:\/\/www.webdo.tn\/fr\/wp-content\/uploads\/2025\/06\/Webdo-Tunisie_168377.jpg","contentUrl":"https:\/\/www.webdo.tn\/fr\/wp-content\/uploads\/2025\/06\/Webdo-Tunisie_168377.jpg","width":301,"height":301,"caption":"Webdo"},"image":{"@id":"https:\/\/www.webdo.tn\/fr\/#\/schema\/logo\/image\/"},"sameAs":["https:\/\/www.facebook.com\/webdotn","https:\/\/x.com\/webdo_tn"],"description":"Webdo est un m\u00e9dia num\u00e9rique tunisien fond\u00e9 en 2010, sp\u00e9cialis\u00e9 dans l\u2019actualit\u00e9 nationale et internationale, l\u2019\u00e9conomie, la soci\u00e9t\u00e9 et les analyses politiques. Le site s\u2019adresse \u00e0 un large public francophone et couvre l\u2019information tunisienne en temps r\u00e9el.","email":"redac@webdo.tn","legalName":"YNJ SARL","foundingDate":"2010-09-06","numberOfEmployees":{"@type":"QuantitativeValue","minValue":"11","maxValue":"50"}},{"@type":"Person","@id":"https:\/\/www.webdo.tn\/fr\/#\/schema\/person\/f35b42a42c5e2511bbd282959d6385cc","name":"CL","image":{"@type":"ImageObject","inLanguage":"fr-FR","@id":"https:\/\/secure.gravatar.com\/avatar\/1447a49909b67aa657c488aec6512e1dd6143a480c1ecfee9b5b5cd74eb3b59e?s=96&d=mm&r=g","url":"https:\/\/secure.gravatar.com\/avatar\/1447a49909b67aa657c488aec6512e1dd6143a480c1ecfee9b5b5cd74eb3b59e?s=96&d=mm&r=g","contentUrl":"https:\/\/secure.gravatar.com\/avatar\/1447a49909b67aa657c488aec6512e1dd6143a480c1ecfee9b5b5cd74eb3b59e?s=96&d=mm&r=g","caption":"CL"},"url":"https:\/\/www.webdo.tn\/fr\/actualite\/author\/cl\/"}]}},"_links":{"self":[{"href":"https:\/\/www.webdo.tn\/fr\/wp-json\/wp\/v2\/posts\/211373","targetHints":{"allow":["GET"]}}],"collection":[{"href":"https:\/\/www.webdo.tn\/fr\/wp-json\/wp\/v2\/posts"}],"about":[{"href":"https:\/\/www.webdo.tn\/fr\/wp-json\/wp\/v2\/types\/post"}],"author":[{"embeddable":true,"href":"https:\/\/www.webdo.tn\/fr\/wp-json\/wp\/v2\/users\/3175"}],"replies":[{"embeddable":true,"href":"https:\/\/www.webdo.tn\/fr\/wp-json\/wp\/v2\/comments?post=211373"}],"version-history":[{"count":0,"href":"https:\/\/www.webdo.tn\/fr\/wp-json\/wp\/v2\/posts\/211373\/revisions"}],"wp:featuredmedia":[{"embeddable":true,"href":"https:\/\/www.webdo.tn\/fr\/wp-json\/wp\/v2\/media\/248295"}],"wp:attachment":[{"href":"https:\/\/www.webdo.tn\/fr\/wp-json\/wp\/v2\/media?parent=211373"}],"wp:term":[{"taxonomy":"category","embeddable":true,"href":"https:\/\/www.webdo.tn\/fr\/wp-json\/wp\/v2\/categories?post=211373"},{"taxonomy":"post_tag","embeddable":true,"href":"https:\/\/www.webdo.tn\/fr\/wp-json\/wp\/v2\/tags?post=211373"}],"curies":[{"name":"wp","href":"https:\/\/api.w.org\/{rel}","templated":true}]}}