{"id":211359,"date":"2024-01-06T12:25:00","date_gmt":"2024-01-06T12:25:00","guid":{"rendered":"https:\/\/www.webdo.tn\/fr\/blog\/alcool-frelate-deux-morts-et-26-cas-d-intoxication-a-medenine\/211359\/"},"modified":"2025-05-20T22:11:17","modified_gmt":"2025-05-20T22:11:17","slug":"alcool-frelate-deux-morts-et-26-cas-d-intoxication-a-medenine","status":"publish","type":"post","link":"https:\/\/www.webdo.tn\/fr\/actualite\/regions\/alcool-frelate-deux-morts-et-26-cas-d-intoxication-a-medenine\/211359\/","title":{"rendered":"Alcool frelat\u00e9 : Deux morts et 26 cas d\u2019intoxication \u00e0 M\u00e9denine"},"content":{"rendered":"<p>Deux personnes sont d\u00e9c\u00e9d\u00e9es, ce samedi 6 janvier 2024 dans la d\u00e9l\u00e9gation de Sidi Makhlouf apr\u00e8s avoir consomm\u00e9 de l\u2019alcool frelat\u00e9, 26 autres personnes ont \u00e9t\u00e9 intoxiqu\u00e9es.<\/p>\n<p>\t\t\t\t\t\t\t\t\tL\u2019alcool frelat\u00e9 a tu\u00e9 deux personnes dans la d\u00e9l\u00e9gation de Sidi Makhlouf, dans legouvernorat de M\u00e9denine. Ces deux d\u00e9c\u00e8s enregistr\u00e9s ce samedi matin, font partie des 28 cas d&rsquo;intoxication de personnes ayant consomm\u00e9 de l\u2019alcool fabriqu\u00e9.<\/p>\n<p>Les victimes ont \u00e9t\u00e9 transf\u00e9r\u00e9es \u00e0 l&rsquo;h\u00f4pital local \u00e0 Sidi Makhlouf et l&rsquo;h\u00f4pital universitaire de M\u00e9denine. Parmi les 26 intoxiqu\u00e9s, outre les deux morts, deux victimes ont \u00e9t\u00e9 transf\u00e9r\u00e9es vers le service de r\u00e9animation, a indiqu\u00e9 \u00e0 Mosaique fm, le directeur r\u00e9gional de la sant\u00e9 de l&rsquo;Etat de M\u00e9denine, Samir Marzouk.<\/p>\n","protected":false},"excerpt":{"rendered":"<p>La d\u00e9l\u00e9gation de Sidi Makhlouf au gouvernorat de M\u00e9denine a enregistr\u00e9, ce samedi matin, deux d\u00e9c\u00e8s dus \u00e0 la consommation d&rsquo;alcool frelat\u00e9.<\/p>\n","protected":false},"author":3162,"featured_media":290044,"comment_status":"open","ping_status":"closed","sticky":false,"template":"","format":"standard","meta":{"footnotes":""},"categories":[2595],"tags":[7222,5891,3873,2985],"class_list":["post-211359","post","type-post","status-publish","format-standard","has-post-thumbnail","hentry","category-regions","tag-alcool-frelate","tag-intoxication","tag-medenine","tag-mort"],"yoast_head":"<!-- This site is optimized with the Yoast SEO Premium plugin v27.5 (Yoast SEO v27.5) - https:\/\/yoast.com\/product\/yoast-seo-premium-wordpress\/ -->\n<title>Alcool frelat\u00e9 : Deux morts et 26 cas d\u2019intoxication \u00e0 M\u00e9denine<\/title>\n<meta name=\"description\" content=\"La d\u00e9l\u00e9gation de Sidi Makhlouf au gouvernorat de M\u00e9denine a enregistr\u00e9, ce samedi matin, deux d\u00e9c\u00e8s dus \u00e0 la consommation d&#039;alcool frelat\u00e9.\" \/>\n<link rel=\"canonical\" href=\"https:\/\/www.webdo.tn\/fr\/actualite\/regions\/alcool-frelate-deux-morts-et-26-cas-d-intoxication-a-medenine\/211359\/\" \/>\n<meta property=\"og:locale\" content=\"fr_FR\" \/>\n<meta property=\"og:type\" content=\"article\" \/>\n<meta property=\"og:title\" content=\"Alcool frelat\u00e9 : Deux morts et 26 cas d\u2019intoxication \u00e0 M\u00e9denine\" \/>\n<meta property=\"og:description\" content=\"La d\u00e9l\u00e9gation de Sidi Makhlouf au gouvernorat de M\u00e9denine a enregistr\u00e9, ce samedi matin, deux d\u00e9c\u00e8s dus \u00e0 la consommation d&#039;alcool frelat\u00e9.\" \/>\n<meta property=\"og:url\" content=\"https:\/\/www.webdo.tn\/fr\/actualite\/regions\/alcool-frelate-deux-morts-et-26-cas-d-intoxication-a-medenine\/211359\/\" \/>\n<meta property=\"og:site_name\" content=\"webdo\" \/>\n<meta property=\"article:publisher\" content=\"https:\/\/www.facebook.com\/webdotn\" \/>\n<meta property=\"article:published_time\" content=\"2024-01-06T12:25:00+00:00\" \/>\n<meta property=\"article:modified_time\" content=\"2025-05-20T22:11:17+00:00\" \/>\n<meta property=\"og:image\" content=\"https:\/\/www.webdo.tn\/fr\/wp-content\/uploads\/2024\/01\/06cb8ed0be3d598473e4d870c4b6ccf9.jpg\" \/>\n\t<meta property=\"og:image:width\" content=\"750\" \/>\n\t<meta property=\"og:image:height\" content=\"400\" \/>\n\t<meta property=\"og:image:type\" content=\"image\/jpeg\" \/>\n<meta name=\"author\" content=\"MC\" \/>\n<meta name=\"twitter:card\" content=\"summary_large_image\" \/>\n<meta name=\"twitter:creator\" content=\"@webdo_tn\" \/>\n<meta name=\"twitter:site\" content=\"@webdo_tn\" \/>\n<meta name=\"twitter:label1\" content=\"\u00c9crit par\" \/>\n\t<meta name=\"twitter:data1\" content=\"MC\" \/>\n\t<meta name=\"twitter:label2\" content=\"Dur\u00e9e de lecture estim\u00e9e\" \/>\n\t<meta name=\"twitter:data2\" content=\"1 minute\" \/>\n<script type=\"application\/ld+json\" class=\"yoast-schema-graph\">{\"@context\":\"https:\\\/\\\/schema.org\",\"@graph\":[{\"@type\":\"NewsArticle\",\"@id\":\"https:\\\/\\\/www.webdo.tn\\\/fr\\\/actualite\\\/regions\\\/alcool-frelate-deux-morts-et-26-cas-d-intoxication-a-medenine\\\/211359\\\/#article\",\"isPartOf\":{\"@id\":\"https:\\\/\\\/www.webdo.tn\\\/fr\\\/actualite\\\/regions\\\/alcool-frelate-deux-morts-et-26-cas-d-intoxication-a-medenine\\\/211359\\\/\"},\"author\":{\"name\":\"MC\",\"@id\":\"https:\\\/\\\/www.webdo.tn\\\/fr\\\/#\\\/schema\\\/person\\\/2c4929cbf5a809e3bd38617c6ce150f6\"},\"headline\":\"Alcool frelat\u00e9 : Deux morts et 26 cas d\u2019intoxication \u00e0 M\u00e9denine\",\"datePublished\":\"2024-01-06T12:25:00+00:00\",\"dateModified\":\"2025-05-20T22:11:17+00:00\",\"mainEntityOfPage\":{\"@id\":\"https:\\\/\\\/www.webdo.tn\\\/fr\\\/actualite\\\/regions\\\/alcool-frelate-deux-morts-et-26-cas-d-intoxication-a-medenine\\\/211359\\\/\"},\"wordCount\":147,\"commentCount\":0,\"publisher\":{\"@id\":\"https:\\\/\\\/www.webdo.tn\\\/fr\\\/#organization\"},\"image\":{\"@id\":\"https:\\\/\\\/www.webdo.tn\\\/fr\\\/actualite\\\/regions\\\/alcool-frelate-deux-morts-et-26-cas-d-intoxication-a-medenine\\\/211359\\\/#primaryimage\"},\"thumbnailUrl\":\"https:\\\/\\\/www.webdo.tn\\\/fr\\\/wp-content\\\/uploads\\\/2024\\\/01\\\/06cb8ed0be3d598473e4d870c4b6ccf9.jpg\",\"keywords\":[\"alcool frelat\u00e9\",\"intoxication\",\"m\u00e9denine\",\"mort\"],\"articleSection\":[\"regions\"],\"inLanguage\":\"fr-FR\"},{\"@type\":\"WebPage\",\"@id\":\"https:\\\/\\\/www.webdo.tn\\\/fr\\\/actualite\\\/regions\\\/alcool-frelate-deux-morts-et-26-cas-d-intoxication-a-medenine\\\/211359\\\/\",\"url\":\"https:\\\/\\\/www.webdo.tn\\\/fr\\\/actualite\\\/regions\\\/alcool-frelate-deux-morts-et-26-cas-d-intoxication-a-medenine\\\/211359\\\/\",\"name\":\"Alcool frelat\u00e9 : Deux morts et 26 cas d\u2019intoxication \u00e0 M\u00e9denine\",\"isPartOf\":{\"@id\":\"https:\\\/\\\/www.webdo.tn\\\/fr\\\/#website\"},\"primaryImageOfPage\":{\"@id\":\"https:\\\/\\\/www.webdo.tn\\\/fr\\\/actualite\\\/regions\\\/alcool-frelate-deux-morts-et-26-cas-d-intoxication-a-medenine\\\/211359\\\/#primaryimage\"},\"image\":{\"@id\":\"https:\\\/\\\/www.webdo.tn\\\/fr\\\/actualite\\\/regions\\\/alcool-frelate-deux-morts-et-26-cas-d-intoxication-a-medenine\\\/211359\\\/#primaryimage\"},\"thumbnailUrl\":\"https:\\\/\\\/www.webdo.tn\\\/fr\\\/wp-content\\\/uploads\\\/2024\\\/01\\\/06cb8ed0be3d598473e4d870c4b6ccf9.jpg\",\"datePublished\":\"2024-01-06T12:25:00+00:00\",\"dateModified\":\"2025-05-20T22:11:17+00:00\",\"description\":\"La d\u00e9l\u00e9gation de Sidi Makhlouf au gouvernorat de M\u00e9denine a enregistr\u00e9, ce samedi matin, deux d\u00e9c\u00e8s dus \u00e0 la consommation d'alcool frelat\u00e9.\",\"breadcrumb\":{\"@id\":\"https:\\\/\\\/www.webdo.tn\\\/fr\\\/actualite\\\/regions\\\/alcool-frelate-deux-morts-et-26-cas-d-intoxication-a-medenine\\\/211359\\\/#breadcrumb\"},\"inLanguage\":\"fr-FR\",\"potentialAction\":[{\"@type\":\"ReadAction\",\"target\":[\"https:\\\/\\\/www.webdo.tn\\\/fr\\\/actualite\\\/regions\\\/alcool-frelate-deux-morts-et-26-cas-d-intoxication-a-medenine\\\/211359\\\/\"]}]},{\"@type\":\"ImageObject\",\"inLanguage\":\"fr-FR\",\"@id\":\"https:\\\/\\\/www.webdo.tn\\\/fr\\\/actualite\\\/regions\\\/alcool-frelate-deux-morts-et-26-cas-d-intoxication-a-medenine\\\/211359\\\/#primaryimage\",\"url\":\"https:\\\/\\\/www.webdo.tn\\\/fr\\\/wp-content\\\/uploads\\\/2024\\\/01\\\/06cb8ed0be3d598473e4d870c4b6ccf9.jpg\",\"contentUrl\":\"https:\\\/\\\/www.webdo.tn\\\/fr\\\/wp-content\\\/uploads\\\/2024\\\/01\\\/06cb8ed0be3d598473e4d870c4b6ccf9.jpg\",\"width\":750,\"height\":400,\"caption\":\"Alcool frelat\u00e9 : Deux morts et 26 cas d\u2019intoxication \u00e0 M\u00e9denine\"},{\"@type\":\"BreadcrumbList\",\"@id\":\"https:\\\/\\\/www.webdo.tn\\\/fr\\\/actualite\\\/regions\\\/alcool-frelate-deux-morts-et-26-cas-d-intoxication-a-medenine\\\/211359\\\/#breadcrumb\",\"itemListElement\":[{\"@type\":\"ListItem\",\"position\":1,\"name\":\"Accueil\",\"item\":\"https:\\\/\\\/www.webdo.tn\\\/fr\\\/\"},{\"@type\":\"ListItem\",\"position\":2,\"name\":\"Alcool frelat\u00e9 : Deux morts et 26 cas d\u2019intoxication \u00e0 M\u00e9denine\"}]},{\"@type\":\"WebSite\",\"@id\":\"https:\\\/\\\/www.webdo.tn\\\/fr\\\/#website\",\"url\":\"https:\\\/\\\/www.webdo.tn\\\/fr\\\/\",\"name\":\"webdo\",\"description\":\"Tunisie - News en Tunisie et \u00e0 l&#039;international sur Webdo.tn\",\"publisher\":{\"@id\":\"https:\\\/\\\/www.webdo.tn\\\/fr\\\/#organization\"},\"potentialAction\":[{\"@type\":\"SearchAction\",\"target\":{\"@type\":\"EntryPoint\",\"urlTemplate\":\"https:\\\/\\\/www.webdo.tn\\\/fr\\\/?s={search_term_string}\"},\"query-input\":{\"@type\":\"PropertyValueSpecification\",\"valueRequired\":true,\"valueName\":\"search_term_string\"}}],\"inLanguage\":\"fr-FR\"},{\"@type\":\"Organization\",\"@id\":\"https:\\\/\\\/www.webdo.tn\\\/fr\\\/#organization\",\"name\":\"Webdo\",\"alternateName\":\"Webdo.tn\",\"url\":\"https:\\\/\\\/www.webdo.tn\\\/fr\\\/\",\"logo\":{\"@type\":\"ImageObject\",\"inLanguage\":\"fr-FR\",\"@id\":\"https:\\\/\\\/www.webdo.tn\\\/fr\\\/#\\\/schema\\\/logo\\\/image\\\/\",\"url\":\"https:\\\/\\\/www.webdo.tn\\\/fr\\\/wp-content\\\/uploads\\\/2025\\\/06\\\/Webdo-Tunisie_168377.jpg\",\"contentUrl\":\"https:\\\/\\\/www.webdo.tn\\\/fr\\\/wp-content\\\/uploads\\\/2025\\\/06\\\/Webdo-Tunisie_168377.jpg\",\"width\":301,\"height\":301,\"caption\":\"Webdo\"},\"image\":{\"@id\":\"https:\\\/\\\/www.webdo.tn\\\/fr\\\/#\\\/schema\\\/logo\\\/image\\\/\"},\"sameAs\":[\"https:\\\/\\\/www.facebook.com\\\/webdotn\",\"https:\\\/\\\/x.com\\\/webdo_tn\"],\"description\":\"Webdo est un m\u00e9dia num\u00e9rique tunisien fond\u00e9 en 2010, sp\u00e9cialis\u00e9 dans l\u2019actualit\u00e9 nationale et internationale, l\u2019\u00e9conomie, la soci\u00e9t\u00e9 et les analyses politiques. Le site s\u2019adresse \u00e0 un large public francophone et couvre l\u2019information tunisienne en temps r\u00e9el.\",\"email\":\"redac@webdo.tn\",\"legalName\":\"YNJ SARL\",\"foundingDate\":\"2010-09-06\",\"numberOfEmployees\":{\"@type\":\"QuantitativeValue\",\"minValue\":\"11\",\"maxValue\":\"50\"}},{\"@type\":\"Person\",\"@id\":\"https:\\\/\\\/www.webdo.tn\\\/fr\\\/#\\\/schema\\\/person\\\/2c4929cbf5a809e3bd38617c6ce150f6\",\"name\":\"MC\",\"image\":{\"@type\":\"ImageObject\",\"inLanguage\":\"fr-FR\",\"@id\":\"https:\\\/\\\/secure.gravatar.com\\\/avatar\\\/a545bbb6f84efdd5553dbbc2895e3ca8f1d12c5215e00a041c9670b54aa9b18a?s=96&d=mm&r=g\",\"url\":\"https:\\\/\\\/secure.gravatar.com\\\/avatar\\\/a545bbb6f84efdd5553dbbc2895e3ca8f1d12c5215e00a041c9670b54aa9b18a?s=96&d=mm&r=g\",\"contentUrl\":\"https:\\\/\\\/secure.gravatar.com\\\/avatar\\\/a545bbb6f84efdd5553dbbc2895e3ca8f1d12c5215e00a041c9670b54aa9b18a?s=96&d=mm&r=g\",\"caption\":\"MC\"},\"url\":\"https:\\\/\\\/www.webdo.tn\\\/fr\\\/actualite\\\/author\\\/mc\\\/\"}]}<\/script>\n<!-- \/ Yoast SEO Premium plugin. -->","yoast_head_json":{"title":"Alcool frelat\u00e9 : Deux morts et 26 cas d\u2019intoxication \u00e0 M\u00e9denine","description":"La d\u00e9l\u00e9gation de Sidi Makhlouf au gouvernorat de M\u00e9denine a enregistr\u00e9, ce samedi matin, deux d\u00e9c\u00e8s dus \u00e0 la consommation d'alcool frelat\u00e9.","canonical":"https:\/\/www.webdo.tn\/fr\/actualite\/regions\/alcool-frelate-deux-morts-et-26-cas-d-intoxication-a-medenine\/211359\/","og_locale":"fr_FR","og_type":"article","og_title":"Alcool frelat\u00e9 : Deux morts et 26 cas d\u2019intoxication \u00e0 M\u00e9denine","og_description":"La d\u00e9l\u00e9gation de Sidi Makhlouf au gouvernorat de M\u00e9denine a enregistr\u00e9, ce samedi matin, deux d\u00e9c\u00e8s dus \u00e0 la consommation d'alcool frelat\u00e9.","og_url":"https:\/\/www.webdo.tn\/fr\/actualite\/regions\/alcool-frelate-deux-morts-et-26-cas-d-intoxication-a-medenine\/211359\/","og_site_name":"webdo","article_publisher":"https:\/\/www.facebook.com\/webdotn","article_published_time":"2024-01-06T12:25:00+00:00","article_modified_time":"2025-05-20T22:11:17+00:00","og_image":[{"width":750,"height":400,"url":"https:\/\/www.webdo.tn\/fr\/wp-content\/uploads\/2024\/01\/06cb8ed0be3d598473e4d870c4b6ccf9.jpg","type":"image\/jpeg"}],"author":"MC","twitter_card":"summary_large_image","twitter_creator":"@webdo_tn","twitter_site":"@webdo_tn","twitter_misc":{"\u00c9crit par":"MC","Dur\u00e9e de lecture estim\u00e9e":"1 minute"},"schema":{"@context":"https:\/\/schema.org","@graph":[{"@type":"NewsArticle","@id":"https:\/\/www.webdo.tn\/fr\/actualite\/regions\/alcool-frelate-deux-morts-et-26-cas-d-intoxication-a-medenine\/211359\/#article","isPartOf":{"@id":"https:\/\/www.webdo.tn\/fr\/actualite\/regions\/alcool-frelate-deux-morts-et-26-cas-d-intoxication-a-medenine\/211359\/"},"author":{"name":"MC","@id":"https:\/\/www.webdo.tn\/fr\/#\/schema\/person\/2c4929cbf5a809e3bd38617c6ce150f6"},"headline":"Alcool frelat\u00e9 : Deux morts et 26 cas d\u2019intoxication \u00e0 M\u00e9denine","datePublished":"2024-01-06T12:25:00+00:00","dateModified":"2025-05-20T22:11:17+00:00","mainEntityOfPage":{"@id":"https:\/\/www.webdo.tn\/fr\/actualite\/regions\/alcool-frelate-deux-morts-et-26-cas-d-intoxication-a-medenine\/211359\/"},"wordCount":147,"commentCount":0,"publisher":{"@id":"https:\/\/www.webdo.tn\/fr\/#organization"},"image":{"@id":"https:\/\/www.webdo.tn\/fr\/actualite\/regions\/alcool-frelate-deux-morts-et-26-cas-d-intoxication-a-medenine\/211359\/#primaryimage"},"thumbnailUrl":"https:\/\/www.webdo.tn\/fr\/wp-content\/uploads\/2024\/01\/06cb8ed0be3d598473e4d870c4b6ccf9.jpg","keywords":["alcool frelat\u00e9","intoxication","m\u00e9denine","mort"],"articleSection":["regions"],"inLanguage":"fr-FR"},{"@type":"WebPage","@id":"https:\/\/www.webdo.tn\/fr\/actualite\/regions\/alcool-frelate-deux-morts-et-26-cas-d-intoxication-a-medenine\/211359\/","url":"https:\/\/www.webdo.tn\/fr\/actualite\/regions\/alcool-frelate-deux-morts-et-26-cas-d-intoxication-a-medenine\/211359\/","name":"Alcool frelat\u00e9 : Deux morts et 26 cas d\u2019intoxication \u00e0 M\u00e9denine","isPartOf":{"@id":"https:\/\/www.webdo.tn\/fr\/#website"},"primaryImageOfPage":{"@id":"https:\/\/www.webdo.tn\/fr\/actualite\/regions\/alcool-frelate-deux-morts-et-26-cas-d-intoxication-a-medenine\/211359\/#primaryimage"},"image":{"@id":"https:\/\/www.webdo.tn\/fr\/actualite\/regions\/alcool-frelate-deux-morts-et-26-cas-d-intoxication-a-medenine\/211359\/#primaryimage"},"thumbnailUrl":"https:\/\/www.webdo.tn\/fr\/wp-content\/uploads\/2024\/01\/06cb8ed0be3d598473e4d870c4b6ccf9.jpg","datePublished":"2024-01-06T12:25:00+00:00","dateModified":"2025-05-20T22:11:17+00:00","description":"La d\u00e9l\u00e9gation de Sidi Makhlouf au gouvernorat de M\u00e9denine a enregistr\u00e9, ce samedi matin, deux d\u00e9c\u00e8s dus \u00e0 la consommation d'alcool frelat\u00e9.","breadcrumb":{"@id":"https:\/\/www.webdo.tn\/fr\/actualite\/regions\/alcool-frelate-deux-morts-et-26-cas-d-intoxication-a-medenine\/211359\/#breadcrumb"},"inLanguage":"fr-FR","potentialAction":[{"@type":"ReadAction","target":["https:\/\/www.webdo.tn\/fr\/actualite\/regions\/alcool-frelate-deux-morts-et-26-cas-d-intoxication-a-medenine\/211359\/"]}]},{"@type":"ImageObject","inLanguage":"fr-FR","@id":"https:\/\/www.webdo.tn\/fr\/actualite\/regions\/alcool-frelate-deux-morts-et-26-cas-d-intoxication-a-medenine\/211359\/#primaryimage","url":"https:\/\/www.webdo.tn\/fr\/wp-content\/uploads\/2024\/01\/06cb8ed0be3d598473e4d870c4b6ccf9.jpg","contentUrl":"https:\/\/www.webdo.tn\/fr\/wp-content\/uploads\/2024\/01\/06cb8ed0be3d598473e4d870c4b6ccf9.jpg","width":750,"height":400,"caption":"Alcool frelat\u00e9 : Deux morts et 26 cas d\u2019intoxication \u00e0 M\u00e9denine"},{"@type":"BreadcrumbList","@id":"https:\/\/www.webdo.tn\/fr\/actualite\/regions\/alcool-frelate-deux-morts-et-26-cas-d-intoxication-a-medenine\/211359\/#breadcrumb","itemListElement":[{"@type":"ListItem","position":1,"name":"Accueil","item":"https:\/\/www.webdo.tn\/fr\/"},{"@type":"ListItem","position":2,"name":"Alcool frelat\u00e9 : Deux morts et 26 cas d\u2019intoxication \u00e0 M\u00e9denine"}]},{"@type":"WebSite","@id":"https:\/\/www.webdo.tn\/fr\/#website","url":"https:\/\/www.webdo.tn\/fr\/","name":"webdo","description":"Tunisie - News en Tunisie et \u00e0 l&#039;international sur Webdo.tn","publisher":{"@id":"https:\/\/www.webdo.tn\/fr\/#organization"},"potentialAction":[{"@type":"SearchAction","target":{"@type":"EntryPoint","urlTemplate":"https:\/\/www.webdo.tn\/fr\/?s={search_term_string}"},"query-input":{"@type":"PropertyValueSpecification","valueRequired":true,"valueName":"search_term_string"}}],"inLanguage":"fr-FR"},{"@type":"Organization","@id":"https:\/\/www.webdo.tn\/fr\/#organization","name":"Webdo","alternateName":"Webdo.tn","url":"https:\/\/www.webdo.tn\/fr\/","logo":{"@type":"ImageObject","inLanguage":"fr-FR","@id":"https:\/\/www.webdo.tn\/fr\/#\/schema\/logo\/image\/","url":"https:\/\/www.webdo.tn\/fr\/wp-content\/uploads\/2025\/06\/Webdo-Tunisie_168377.jpg","contentUrl":"https:\/\/www.webdo.tn\/fr\/wp-content\/uploads\/2025\/06\/Webdo-Tunisie_168377.jpg","width":301,"height":301,"caption":"Webdo"},"image":{"@id":"https:\/\/www.webdo.tn\/fr\/#\/schema\/logo\/image\/"},"sameAs":["https:\/\/www.facebook.com\/webdotn","https:\/\/x.com\/webdo_tn"],"description":"Webdo est un m\u00e9dia num\u00e9rique tunisien fond\u00e9 en 2010, sp\u00e9cialis\u00e9 dans l\u2019actualit\u00e9 nationale et internationale, l\u2019\u00e9conomie, la soci\u00e9t\u00e9 et les analyses politiques. Le site s\u2019adresse \u00e0 un large public francophone et couvre l\u2019information tunisienne en temps r\u00e9el.","email":"redac@webdo.tn","legalName":"YNJ SARL","foundingDate":"2010-09-06","numberOfEmployees":{"@type":"QuantitativeValue","minValue":"11","maxValue":"50"}},{"@type":"Person","@id":"https:\/\/www.webdo.tn\/fr\/#\/schema\/person\/2c4929cbf5a809e3bd38617c6ce150f6","name":"MC","image":{"@type":"ImageObject","inLanguage":"fr-FR","@id":"https:\/\/secure.gravatar.com\/avatar\/a545bbb6f84efdd5553dbbc2895e3ca8f1d12c5215e00a041c9670b54aa9b18a?s=96&d=mm&r=g","url":"https:\/\/secure.gravatar.com\/avatar\/a545bbb6f84efdd5553dbbc2895e3ca8f1d12c5215e00a041c9670b54aa9b18a?s=96&d=mm&r=g","contentUrl":"https:\/\/secure.gravatar.com\/avatar\/a545bbb6f84efdd5553dbbc2895e3ca8f1d12c5215e00a041c9670b54aa9b18a?s=96&d=mm&r=g","caption":"MC"},"url":"https:\/\/www.webdo.tn\/fr\/actualite\/author\/mc\/"}]}},"_links":{"self":[{"href":"https:\/\/www.webdo.tn\/fr\/wp-json\/wp\/v2\/posts\/211359","targetHints":{"allow":["GET"]}}],"collection":[{"href":"https:\/\/www.webdo.tn\/fr\/wp-json\/wp\/v2\/posts"}],"about":[{"href":"https:\/\/www.webdo.tn\/fr\/wp-json\/wp\/v2\/types\/post"}],"author":[{"embeddable":true,"href":"https:\/\/www.webdo.tn\/fr\/wp-json\/wp\/v2\/users\/3162"}],"replies":[{"embeddable":true,"href":"https:\/\/www.webdo.tn\/fr\/wp-json\/wp\/v2\/comments?post=211359"}],"version-history":[{"count":0,"href":"https:\/\/www.webdo.tn\/fr\/wp-json\/wp\/v2\/posts\/211359\/revisions"}],"wp:featuredmedia":[{"embeddable":true,"href":"https:\/\/www.webdo.tn\/fr\/wp-json\/wp\/v2\/media\/290044"}],"wp:attachment":[{"href":"https:\/\/www.webdo.tn\/fr\/wp-json\/wp\/v2\/media?parent=211359"}],"wp:term":[{"taxonomy":"category","embeddable":true,"href":"https:\/\/www.webdo.tn\/fr\/wp-json\/wp\/v2\/categories?post=211359"},{"taxonomy":"post_tag","embeddable":true,"href":"https:\/\/www.webdo.tn\/fr\/wp-json\/wp\/v2\/tags?post=211359"}],"curies":[{"name":"wp","href":"https:\/\/api.w.org\/{rel}","templated":true}]}}