{"id":211351,"date":"2024-01-06T09:23:00","date_gmt":"2024-01-06T09:23:00","guid":{"rendered":"https:\/\/www.webdo.tn\/fr\/blog\/deces-de-mario-zagallo-quadruple-champion-du-monde-avec-le-bresil\/211351\/"},"modified":"2025-05-20T21:54:10","modified_gmt":"2025-05-20T21:54:10","slug":"deces-de-mario-zagallo-quadruple-champion-du-monde-avec-le-bresil","status":"publish","type":"post","link":"https:\/\/www.webdo.tn\/fr\/actualite\/sport\/deces-de-mario-zagallo-quadruple-champion-du-monde-avec-le-bresil\/211351\/","title":{"rendered":"D\u00e9c\u00e8s de Mario Zagallo, quadruple champion du monde avec le Br\u00e9sil"},"content":{"rendered":"<p>Mario Zagallo est d\u00e9c\u00e9d\u00e9, hier, vendredi 5 janvier 2024 \u00e0 l&rsquo;\u00e2ge de 92 ans \u00e0 Rio de Janeiro. Il restera \u00e0 jamais dans l&rsquo;histoire du football mondial comme le premier joueur et entra\u00eeneur \u00e0 avoir remport\u00e9 la Coupe du monde de football.<\/p>\n<p>\t\t\t\t\t\t\t\t\tLa l\u00e9gende du football br\u00e9silien et mondial, a \u00e9t\u00e9 double champion du monde en tant que joueur, en 1958 et 1962, puis en tant qu&rsquo;entra\u00eeneur, en 1970, et enfin en tant que coach adjoint de Carlos Alberto Parreira, en 1994. Il a aussi \u00e9t\u00e9 vice-champion du monde en 1998.<\/p>\n<p>Cet ancien ailier gauche a aussi \u00e9t\u00e9 entra\u00eeneur des quatre grands clubs de Rio (Flamengo, Fluminense, Vasco, Botafogo) et s\u00e9lectionneur du Kowe\u00eft (1976-1977), de l&rsquo;Arabie saoudite (1982-1984), ou des \u00c9mirats arabes unis (1988-1990).<\/p>\n<p>Mario Zagallo avait \u00e9t\u00e9 hospitalis\u00e9 en ao\u00fbt dernier \u00e0 Rio de Janeiro pour une infection urinaire. Mais l\u2019ancien joueur de la Sele\u00e7ao avait eu r\u00e9cemment d\u2019autres probl\u00e8mes de sant\u00e9. Apr\u00e8s la mort de Pel\u00e9 en d\u00e9cembre 2022, il avait \u00e9t\u00e9 hospitalis\u00e9 pendant pr\u00e8s de deux semaines pour une infection respiratoire.<\/p>\n<p>Le pr\u00e9sident de la Conf\u00e9d\u00e9ration br\u00e9silienne de football (CBF), Ednaldo Rodrigues, a d\u00e9cr\u00e9t\u00e9 un deuil officiel de sept jours pour la mort de Zagallo.<\/p>\n","protected":false},"excerpt":{"rendered":"<p>Quadruple champion du monde avec le Br\u00e9sil et l\u00e9gende du football mondial, Mario Zagallo est d\u00e9c\u00e9d\u00e9 \u00e0 l&rsquo;\u00e2ge de 92 ans \u00e0 Rio de Janeiro.<\/p>\n","protected":false},"author":3162,"featured_media":248315,"comment_status":"open","ping_status":"closed","sticky":false,"template":"","format":"standard","meta":{"footnotes":""},"categories":[2593],"tags":[4949,4066,7237],"class_list":["post-211351","post","type-post","status-publish","format-standard","has-post-thumbnail","hentry","category-sport","tag-bresil","tag-coupe-du-monde","tag-mario-zagallo"],"yoast_head":"<!-- This site is optimized with the Yoast SEO Premium plugin v27.5 (Yoast SEO v27.5) - https:\/\/yoast.com\/product\/yoast-seo-premium-wordpress\/ -->\n<title>D\u00e9c\u00e8s de Mario Zagallo, quadruple champion du monde avec le Br\u00e9sil<\/title>\n<meta name=\"description\" content=\"Quadruple champion du monde avec le Br\u00e9sil et l\u00e9gende du football mondial, Mario Zagallo est d\u00e9c\u00e9d\u00e9 \u00e0 l&#039;\u00e2ge de 92 ans \u00e0 Rio de Janeiro.\" \/>\n<link rel=\"canonical\" href=\"https:\/\/www.webdo.tn\/fr\/actualite\/sport\/deces-de-mario-zagallo-quadruple-champion-du-monde-avec-le-bresil\/211351\/\" \/>\n<meta property=\"og:locale\" content=\"fr_FR\" \/>\n<meta property=\"og:type\" content=\"article\" \/>\n<meta property=\"og:title\" content=\"D\u00e9c\u00e8s de Mario Zagallo, quadruple champion du monde avec le Br\u00e9sil\" \/>\n<meta property=\"og:description\" content=\"Quadruple champion du monde avec le Br\u00e9sil et l\u00e9gende du football mondial, Mario Zagallo est d\u00e9c\u00e9d\u00e9 \u00e0 l&#039;\u00e2ge de 92 ans \u00e0 Rio de Janeiro.\" \/>\n<meta property=\"og:url\" content=\"https:\/\/www.webdo.tn\/fr\/actualite\/sport\/deces-de-mario-zagallo-quadruple-champion-du-monde-avec-le-bresil\/211351\/\" \/>\n<meta property=\"og:site_name\" content=\"webdo\" \/>\n<meta property=\"article:publisher\" content=\"https:\/\/www.facebook.com\/webdotn\" \/>\n<meta property=\"article:published_time\" content=\"2024-01-06T09:23:00+00:00\" \/>\n<meta property=\"article:modified_time\" content=\"2025-05-20T21:54:10+00:00\" \/>\n<meta property=\"og:image\" content=\"https:\/\/www.webdo.tn\/fr\/wp-content\/uploads\/2024\/01\/7abc03ccc341e56e5588f86c59021489.jpg\" \/>\n\t<meta property=\"og:image:width\" content=\"750\" \/>\n\t<meta property=\"og:image:height\" content=\"400\" \/>\n\t<meta property=\"og:image:type\" content=\"image\/jpeg\" \/>\n<meta name=\"author\" content=\"MC\" \/>\n<meta name=\"twitter:card\" content=\"summary_large_image\" \/>\n<meta name=\"twitter:creator\" content=\"@webdo_tn\" \/>\n<meta name=\"twitter:site\" content=\"@webdo_tn\" \/>\n<meta name=\"twitter:label1\" content=\"\u00c9crit par\" \/>\n\t<meta name=\"twitter:data1\" content=\"MC\" \/>\n\t<meta name=\"twitter:label2\" content=\"Dur\u00e9e de lecture estim\u00e9e\" \/>\n\t<meta name=\"twitter:data2\" content=\"1 minute\" \/>\n<script type=\"application\/ld+json\" class=\"yoast-schema-graph\">{\"@context\":\"https:\\\/\\\/schema.org\",\"@graph\":[{\"@type\":\"NewsArticle\",\"@id\":\"https:\\\/\\\/www.webdo.tn\\\/fr\\\/actualite\\\/sport\\\/deces-de-mario-zagallo-quadruple-champion-du-monde-avec-le-bresil\\\/211351\\\/#article\",\"isPartOf\":{\"@id\":\"https:\\\/\\\/www.webdo.tn\\\/fr\\\/actualite\\\/sport\\\/deces-de-mario-zagallo-quadruple-champion-du-monde-avec-le-bresil\\\/211351\\\/\"},\"author\":{\"name\":\"MC\",\"@id\":\"https:\\\/\\\/www.webdo.tn\\\/fr\\\/#\\\/schema\\\/person\\\/2c4929cbf5a809e3bd38617c6ce150f6\"},\"headline\":\"D\u00e9c\u00e8s de Mario Zagallo, quadruple champion du monde avec le Br\u00e9sil\",\"datePublished\":\"2024-01-06T09:23:00+00:00\",\"dateModified\":\"2025-05-20T21:54:10+00:00\",\"mainEntityOfPage\":{\"@id\":\"https:\\\/\\\/www.webdo.tn\\\/fr\\\/actualite\\\/sport\\\/deces-de-mario-zagallo-quadruple-champion-du-monde-avec-le-bresil\\\/211351\\\/\"},\"wordCount\":226,\"commentCount\":0,\"publisher\":{\"@id\":\"https:\\\/\\\/www.webdo.tn\\\/fr\\\/#organization\"},\"image\":{\"@id\":\"https:\\\/\\\/www.webdo.tn\\\/fr\\\/actualite\\\/sport\\\/deces-de-mario-zagallo-quadruple-champion-du-monde-avec-le-bresil\\\/211351\\\/#primaryimage\"},\"thumbnailUrl\":\"https:\\\/\\\/www.webdo.tn\\\/fr\\\/wp-content\\\/uploads\\\/2024\\\/01\\\/7abc03ccc341e56e5588f86c59021489.jpg\",\"keywords\":[\"Br\u00e9sil\",\"Coupe du Monde\",\"mario zagallo\"],\"articleSection\":[\"Sport\"],\"inLanguage\":\"fr-FR\"},{\"@type\":\"WebPage\",\"@id\":\"https:\\\/\\\/www.webdo.tn\\\/fr\\\/actualite\\\/sport\\\/deces-de-mario-zagallo-quadruple-champion-du-monde-avec-le-bresil\\\/211351\\\/\",\"url\":\"https:\\\/\\\/www.webdo.tn\\\/fr\\\/actualite\\\/sport\\\/deces-de-mario-zagallo-quadruple-champion-du-monde-avec-le-bresil\\\/211351\\\/\",\"name\":\"D\u00e9c\u00e8s de Mario Zagallo, quadruple champion du monde avec le Br\u00e9sil\",\"isPartOf\":{\"@id\":\"https:\\\/\\\/www.webdo.tn\\\/fr\\\/#website\"},\"primaryImageOfPage\":{\"@id\":\"https:\\\/\\\/www.webdo.tn\\\/fr\\\/actualite\\\/sport\\\/deces-de-mario-zagallo-quadruple-champion-du-monde-avec-le-bresil\\\/211351\\\/#primaryimage\"},\"image\":{\"@id\":\"https:\\\/\\\/www.webdo.tn\\\/fr\\\/actualite\\\/sport\\\/deces-de-mario-zagallo-quadruple-champion-du-monde-avec-le-bresil\\\/211351\\\/#primaryimage\"},\"thumbnailUrl\":\"https:\\\/\\\/www.webdo.tn\\\/fr\\\/wp-content\\\/uploads\\\/2024\\\/01\\\/7abc03ccc341e56e5588f86c59021489.jpg\",\"datePublished\":\"2024-01-06T09:23:00+00:00\",\"dateModified\":\"2025-05-20T21:54:10+00:00\",\"description\":\"Quadruple champion du monde avec le Br\u00e9sil et l\u00e9gende du football mondial, Mario Zagallo est d\u00e9c\u00e9d\u00e9 \u00e0 l'\u00e2ge de 92 ans \u00e0 Rio de Janeiro.\",\"breadcrumb\":{\"@id\":\"https:\\\/\\\/www.webdo.tn\\\/fr\\\/actualite\\\/sport\\\/deces-de-mario-zagallo-quadruple-champion-du-monde-avec-le-bresil\\\/211351\\\/#breadcrumb\"},\"inLanguage\":\"fr-FR\",\"potentialAction\":[{\"@type\":\"ReadAction\",\"target\":[\"https:\\\/\\\/www.webdo.tn\\\/fr\\\/actualite\\\/sport\\\/deces-de-mario-zagallo-quadruple-champion-du-monde-avec-le-bresil\\\/211351\\\/\"]}]},{\"@type\":\"ImageObject\",\"inLanguage\":\"fr-FR\",\"@id\":\"https:\\\/\\\/www.webdo.tn\\\/fr\\\/actualite\\\/sport\\\/deces-de-mario-zagallo-quadruple-champion-du-monde-avec-le-bresil\\\/211351\\\/#primaryimage\",\"url\":\"https:\\\/\\\/www.webdo.tn\\\/fr\\\/wp-content\\\/uploads\\\/2024\\\/01\\\/7abc03ccc341e56e5588f86c59021489.jpg\",\"contentUrl\":\"https:\\\/\\\/www.webdo.tn\\\/fr\\\/wp-content\\\/uploads\\\/2024\\\/01\\\/7abc03ccc341e56e5588f86c59021489.jpg\",\"width\":750,\"height\":400,\"caption\":\"D\u00e9c\u00e8s de Mario Zagallo, quadruple champion du monde avec le Br\u00e9sil\"},{\"@type\":\"BreadcrumbList\",\"@id\":\"https:\\\/\\\/www.webdo.tn\\\/fr\\\/actualite\\\/sport\\\/deces-de-mario-zagallo-quadruple-champion-du-monde-avec-le-bresil\\\/211351\\\/#breadcrumb\",\"itemListElement\":[{\"@type\":\"ListItem\",\"position\":1,\"name\":\"Accueil\",\"item\":\"https:\\\/\\\/www.webdo.tn\\\/fr\\\/\"},{\"@type\":\"ListItem\",\"position\":2,\"name\":\"D\u00e9c\u00e8s de Mario Zagallo, quadruple champion du monde avec le Br\u00e9sil\"}]},{\"@type\":\"WebSite\",\"@id\":\"https:\\\/\\\/www.webdo.tn\\\/fr\\\/#website\",\"url\":\"https:\\\/\\\/www.webdo.tn\\\/fr\\\/\",\"name\":\"webdo\",\"description\":\"Tunisie - News en Tunisie et \u00e0 l&#039;international sur Webdo.tn\",\"publisher\":{\"@id\":\"https:\\\/\\\/www.webdo.tn\\\/fr\\\/#organization\"},\"potentialAction\":[{\"@type\":\"SearchAction\",\"target\":{\"@type\":\"EntryPoint\",\"urlTemplate\":\"https:\\\/\\\/www.webdo.tn\\\/fr\\\/?s={search_term_string}\"},\"query-input\":{\"@type\":\"PropertyValueSpecification\",\"valueRequired\":true,\"valueName\":\"search_term_string\"}}],\"inLanguage\":\"fr-FR\"},{\"@type\":\"Organization\",\"@id\":\"https:\\\/\\\/www.webdo.tn\\\/fr\\\/#organization\",\"name\":\"Webdo\",\"alternateName\":\"Webdo.tn\",\"url\":\"https:\\\/\\\/www.webdo.tn\\\/fr\\\/\",\"logo\":{\"@type\":\"ImageObject\",\"inLanguage\":\"fr-FR\",\"@id\":\"https:\\\/\\\/www.webdo.tn\\\/fr\\\/#\\\/schema\\\/logo\\\/image\\\/\",\"url\":\"https:\\\/\\\/www.webdo.tn\\\/fr\\\/wp-content\\\/uploads\\\/2025\\\/06\\\/Webdo-Tunisie_168377.jpg\",\"contentUrl\":\"https:\\\/\\\/www.webdo.tn\\\/fr\\\/wp-content\\\/uploads\\\/2025\\\/06\\\/Webdo-Tunisie_168377.jpg\",\"width\":301,\"height\":301,\"caption\":\"Webdo\"},\"image\":{\"@id\":\"https:\\\/\\\/www.webdo.tn\\\/fr\\\/#\\\/schema\\\/logo\\\/image\\\/\"},\"sameAs\":[\"https:\\\/\\\/www.facebook.com\\\/webdotn\",\"https:\\\/\\\/x.com\\\/webdo_tn\"],\"description\":\"Webdo est un m\u00e9dia num\u00e9rique tunisien fond\u00e9 en 2010, sp\u00e9cialis\u00e9 dans l\u2019actualit\u00e9 nationale et internationale, l\u2019\u00e9conomie, la soci\u00e9t\u00e9 et les analyses politiques. Le site s\u2019adresse \u00e0 un large public francophone et couvre l\u2019information tunisienne en temps r\u00e9el.\",\"email\":\"redac@webdo.tn\",\"legalName\":\"YNJ SARL\",\"foundingDate\":\"2010-09-06\",\"numberOfEmployees\":{\"@type\":\"QuantitativeValue\",\"minValue\":\"11\",\"maxValue\":\"50\"}},{\"@type\":\"Person\",\"@id\":\"https:\\\/\\\/www.webdo.tn\\\/fr\\\/#\\\/schema\\\/person\\\/2c4929cbf5a809e3bd38617c6ce150f6\",\"name\":\"MC\",\"image\":{\"@type\":\"ImageObject\",\"inLanguage\":\"fr-FR\",\"@id\":\"https:\\\/\\\/secure.gravatar.com\\\/avatar\\\/a545bbb6f84efdd5553dbbc2895e3ca8f1d12c5215e00a041c9670b54aa9b18a?s=96&d=mm&r=g\",\"url\":\"https:\\\/\\\/secure.gravatar.com\\\/avatar\\\/a545bbb6f84efdd5553dbbc2895e3ca8f1d12c5215e00a041c9670b54aa9b18a?s=96&d=mm&r=g\",\"contentUrl\":\"https:\\\/\\\/secure.gravatar.com\\\/avatar\\\/a545bbb6f84efdd5553dbbc2895e3ca8f1d12c5215e00a041c9670b54aa9b18a?s=96&d=mm&r=g\",\"caption\":\"MC\"},\"url\":\"https:\\\/\\\/www.webdo.tn\\\/fr\\\/actualite\\\/author\\\/mc\\\/\"}]}<\/script>\n<!-- \/ Yoast SEO Premium plugin. -->","yoast_head_json":{"title":"D\u00e9c\u00e8s de Mario Zagallo, quadruple champion du monde avec le Br\u00e9sil","description":"Quadruple champion du monde avec le Br\u00e9sil et l\u00e9gende du football mondial, Mario Zagallo est d\u00e9c\u00e9d\u00e9 \u00e0 l'\u00e2ge de 92 ans \u00e0 Rio de Janeiro.","canonical":"https:\/\/www.webdo.tn\/fr\/actualite\/sport\/deces-de-mario-zagallo-quadruple-champion-du-monde-avec-le-bresil\/211351\/","og_locale":"fr_FR","og_type":"article","og_title":"D\u00e9c\u00e8s de Mario Zagallo, quadruple champion du monde avec le Br\u00e9sil","og_description":"Quadruple champion du monde avec le Br\u00e9sil et l\u00e9gende du football mondial, Mario Zagallo est d\u00e9c\u00e9d\u00e9 \u00e0 l'\u00e2ge de 92 ans \u00e0 Rio de Janeiro.","og_url":"https:\/\/www.webdo.tn\/fr\/actualite\/sport\/deces-de-mario-zagallo-quadruple-champion-du-monde-avec-le-bresil\/211351\/","og_site_name":"webdo","article_publisher":"https:\/\/www.facebook.com\/webdotn","article_published_time":"2024-01-06T09:23:00+00:00","article_modified_time":"2025-05-20T21:54:10+00:00","og_image":[{"width":750,"height":400,"url":"https:\/\/www.webdo.tn\/fr\/wp-content\/uploads\/2024\/01\/7abc03ccc341e56e5588f86c59021489.jpg","type":"image\/jpeg"}],"author":"MC","twitter_card":"summary_large_image","twitter_creator":"@webdo_tn","twitter_site":"@webdo_tn","twitter_misc":{"\u00c9crit par":"MC","Dur\u00e9e de lecture estim\u00e9e":"1 minute"},"schema":{"@context":"https:\/\/schema.org","@graph":[{"@type":"NewsArticle","@id":"https:\/\/www.webdo.tn\/fr\/actualite\/sport\/deces-de-mario-zagallo-quadruple-champion-du-monde-avec-le-bresil\/211351\/#article","isPartOf":{"@id":"https:\/\/www.webdo.tn\/fr\/actualite\/sport\/deces-de-mario-zagallo-quadruple-champion-du-monde-avec-le-bresil\/211351\/"},"author":{"name":"MC","@id":"https:\/\/www.webdo.tn\/fr\/#\/schema\/person\/2c4929cbf5a809e3bd38617c6ce150f6"},"headline":"D\u00e9c\u00e8s de Mario Zagallo, quadruple champion du monde avec le Br\u00e9sil","datePublished":"2024-01-06T09:23:00+00:00","dateModified":"2025-05-20T21:54:10+00:00","mainEntityOfPage":{"@id":"https:\/\/www.webdo.tn\/fr\/actualite\/sport\/deces-de-mario-zagallo-quadruple-champion-du-monde-avec-le-bresil\/211351\/"},"wordCount":226,"commentCount":0,"publisher":{"@id":"https:\/\/www.webdo.tn\/fr\/#organization"},"image":{"@id":"https:\/\/www.webdo.tn\/fr\/actualite\/sport\/deces-de-mario-zagallo-quadruple-champion-du-monde-avec-le-bresil\/211351\/#primaryimage"},"thumbnailUrl":"https:\/\/www.webdo.tn\/fr\/wp-content\/uploads\/2024\/01\/7abc03ccc341e56e5588f86c59021489.jpg","keywords":["Br\u00e9sil","Coupe du Monde","mario zagallo"],"articleSection":["Sport"],"inLanguage":"fr-FR"},{"@type":"WebPage","@id":"https:\/\/www.webdo.tn\/fr\/actualite\/sport\/deces-de-mario-zagallo-quadruple-champion-du-monde-avec-le-bresil\/211351\/","url":"https:\/\/www.webdo.tn\/fr\/actualite\/sport\/deces-de-mario-zagallo-quadruple-champion-du-monde-avec-le-bresil\/211351\/","name":"D\u00e9c\u00e8s de Mario Zagallo, quadruple champion du monde avec le Br\u00e9sil","isPartOf":{"@id":"https:\/\/www.webdo.tn\/fr\/#website"},"primaryImageOfPage":{"@id":"https:\/\/www.webdo.tn\/fr\/actualite\/sport\/deces-de-mario-zagallo-quadruple-champion-du-monde-avec-le-bresil\/211351\/#primaryimage"},"image":{"@id":"https:\/\/www.webdo.tn\/fr\/actualite\/sport\/deces-de-mario-zagallo-quadruple-champion-du-monde-avec-le-bresil\/211351\/#primaryimage"},"thumbnailUrl":"https:\/\/www.webdo.tn\/fr\/wp-content\/uploads\/2024\/01\/7abc03ccc341e56e5588f86c59021489.jpg","datePublished":"2024-01-06T09:23:00+00:00","dateModified":"2025-05-20T21:54:10+00:00","description":"Quadruple champion du monde avec le Br\u00e9sil et l\u00e9gende du football mondial, Mario Zagallo est d\u00e9c\u00e9d\u00e9 \u00e0 l'\u00e2ge de 92 ans \u00e0 Rio de Janeiro.","breadcrumb":{"@id":"https:\/\/www.webdo.tn\/fr\/actualite\/sport\/deces-de-mario-zagallo-quadruple-champion-du-monde-avec-le-bresil\/211351\/#breadcrumb"},"inLanguage":"fr-FR","potentialAction":[{"@type":"ReadAction","target":["https:\/\/www.webdo.tn\/fr\/actualite\/sport\/deces-de-mario-zagallo-quadruple-champion-du-monde-avec-le-bresil\/211351\/"]}]},{"@type":"ImageObject","inLanguage":"fr-FR","@id":"https:\/\/www.webdo.tn\/fr\/actualite\/sport\/deces-de-mario-zagallo-quadruple-champion-du-monde-avec-le-bresil\/211351\/#primaryimage","url":"https:\/\/www.webdo.tn\/fr\/wp-content\/uploads\/2024\/01\/7abc03ccc341e56e5588f86c59021489.jpg","contentUrl":"https:\/\/www.webdo.tn\/fr\/wp-content\/uploads\/2024\/01\/7abc03ccc341e56e5588f86c59021489.jpg","width":750,"height":400,"caption":"D\u00e9c\u00e8s de Mario Zagallo, quadruple champion du monde avec le Br\u00e9sil"},{"@type":"BreadcrumbList","@id":"https:\/\/www.webdo.tn\/fr\/actualite\/sport\/deces-de-mario-zagallo-quadruple-champion-du-monde-avec-le-bresil\/211351\/#breadcrumb","itemListElement":[{"@type":"ListItem","position":1,"name":"Accueil","item":"https:\/\/www.webdo.tn\/fr\/"},{"@type":"ListItem","position":2,"name":"D\u00e9c\u00e8s de Mario Zagallo, quadruple champion du monde avec le Br\u00e9sil"}]},{"@type":"WebSite","@id":"https:\/\/www.webdo.tn\/fr\/#website","url":"https:\/\/www.webdo.tn\/fr\/","name":"webdo","description":"Tunisie - News en Tunisie et \u00e0 l&#039;international sur Webdo.tn","publisher":{"@id":"https:\/\/www.webdo.tn\/fr\/#organization"},"potentialAction":[{"@type":"SearchAction","target":{"@type":"EntryPoint","urlTemplate":"https:\/\/www.webdo.tn\/fr\/?s={search_term_string}"},"query-input":{"@type":"PropertyValueSpecification","valueRequired":true,"valueName":"search_term_string"}}],"inLanguage":"fr-FR"},{"@type":"Organization","@id":"https:\/\/www.webdo.tn\/fr\/#organization","name":"Webdo","alternateName":"Webdo.tn","url":"https:\/\/www.webdo.tn\/fr\/","logo":{"@type":"ImageObject","inLanguage":"fr-FR","@id":"https:\/\/www.webdo.tn\/fr\/#\/schema\/logo\/image\/","url":"https:\/\/www.webdo.tn\/fr\/wp-content\/uploads\/2025\/06\/Webdo-Tunisie_168377.jpg","contentUrl":"https:\/\/www.webdo.tn\/fr\/wp-content\/uploads\/2025\/06\/Webdo-Tunisie_168377.jpg","width":301,"height":301,"caption":"Webdo"},"image":{"@id":"https:\/\/www.webdo.tn\/fr\/#\/schema\/logo\/image\/"},"sameAs":["https:\/\/www.facebook.com\/webdotn","https:\/\/x.com\/webdo_tn"],"description":"Webdo est un m\u00e9dia num\u00e9rique tunisien fond\u00e9 en 2010, sp\u00e9cialis\u00e9 dans l\u2019actualit\u00e9 nationale et internationale, l\u2019\u00e9conomie, la soci\u00e9t\u00e9 et les analyses politiques. Le site s\u2019adresse \u00e0 un large public francophone et couvre l\u2019information tunisienne en temps r\u00e9el.","email":"redac@webdo.tn","legalName":"YNJ SARL","foundingDate":"2010-09-06","numberOfEmployees":{"@type":"QuantitativeValue","minValue":"11","maxValue":"50"}},{"@type":"Person","@id":"https:\/\/www.webdo.tn\/fr\/#\/schema\/person\/2c4929cbf5a809e3bd38617c6ce150f6","name":"MC","image":{"@type":"ImageObject","inLanguage":"fr-FR","@id":"https:\/\/secure.gravatar.com\/avatar\/a545bbb6f84efdd5553dbbc2895e3ca8f1d12c5215e00a041c9670b54aa9b18a?s=96&d=mm&r=g","url":"https:\/\/secure.gravatar.com\/avatar\/a545bbb6f84efdd5553dbbc2895e3ca8f1d12c5215e00a041c9670b54aa9b18a?s=96&d=mm&r=g","contentUrl":"https:\/\/secure.gravatar.com\/avatar\/a545bbb6f84efdd5553dbbc2895e3ca8f1d12c5215e00a041c9670b54aa9b18a?s=96&d=mm&r=g","caption":"MC"},"url":"https:\/\/www.webdo.tn\/fr\/actualite\/author\/mc\/"}]}},"_links":{"self":[{"href":"https:\/\/www.webdo.tn\/fr\/wp-json\/wp\/v2\/posts\/211351","targetHints":{"allow":["GET"]}}],"collection":[{"href":"https:\/\/www.webdo.tn\/fr\/wp-json\/wp\/v2\/posts"}],"about":[{"href":"https:\/\/www.webdo.tn\/fr\/wp-json\/wp\/v2\/types\/post"}],"author":[{"embeddable":true,"href":"https:\/\/www.webdo.tn\/fr\/wp-json\/wp\/v2\/users\/3162"}],"replies":[{"embeddable":true,"href":"https:\/\/www.webdo.tn\/fr\/wp-json\/wp\/v2\/comments?post=211351"}],"version-history":[{"count":0,"href":"https:\/\/www.webdo.tn\/fr\/wp-json\/wp\/v2\/posts\/211351\/revisions"}],"wp:featuredmedia":[{"embeddable":true,"href":"https:\/\/www.webdo.tn\/fr\/wp-json\/wp\/v2\/media\/248315"}],"wp:attachment":[{"href":"https:\/\/www.webdo.tn\/fr\/wp-json\/wp\/v2\/media?parent=211351"}],"wp:term":[{"taxonomy":"category","embeddable":true,"href":"https:\/\/www.webdo.tn\/fr\/wp-json\/wp\/v2\/categories?post=211351"},{"taxonomy":"post_tag","embeddable":true,"href":"https:\/\/www.webdo.tn\/fr\/wp-json\/wp\/v2\/tags?post=211351"}],"curies":[{"name":"wp","href":"https:\/\/api.w.org\/{rel}","templated":true}]}}