{"id":211347,"date":"2024-01-05T21:40:00","date_gmt":"2024-01-05T21:40:00","guid":{"rendered":"https:\/\/www.webdo.tn\/fr\/blog\/nasrallah-l-assassinat-d-al-arouri-ne-restera-pas-sans-reponse\/211347\/"},"modified":"2025-05-20T22:55:40","modified_gmt":"2025-05-20T22:55:40","slug":"nasrallah-l-assassinat-d-al-arouri-ne-restera-pas-sans-reponse","status":"publish","type":"post","link":"https:\/\/www.webdo.tn\/fr\/actualite\/international\/nasrallah-l-assassinat-d-al-arouri-ne-restera-pas-sans-reponse\/211347\/","title":{"rendered":"Nasrallah: \u00ab L&rsquo;assassinat d&rsquo;Al Arouri ne restera pas sans r\u00e9ponse ! \u00bb"},"content":{"rendered":"<p>Le secr\u00e9taire g\u00e9n\u00e9ral du Hezbollah, Hassan Nasrallah, a pr\u00e9venu ce vendredi que la frappe sur la banlieue sud de Beyrouth \u00ab est grave et ne restera pas sans riposte \u00bb ajoutant que son mouvement r\u00e9pondra sur le champ de bataille.<\/p>\n<p>\t\t\t\t\t\t\t\t\tHassan Nasrallah a pris la parole pour la quatri\u00e8me fois depuis octobre, pour aborder notamment l\u2019assassinat sur son sol du vice-pr\u00e9sident du bureau politique du Hamas, Salah Al-Arouri.\u00a0<\/p>\n<p>Dans un discours t\u00e9l\u00e9vis\u00e9 prononc\u00e9 ce vendredi 5 janvier, il a d\u00e9clar\u00e9 : \u00ab L\u2019assassinat de Saleh al-Arouri ne restera certainement pas sans r\u00e9ponse, et la d\u00e9cision d\u00e9pend du champ de bataille. Nous allons y r\u00e9pondre \u00bb.<\/p>\n<p>Il a ajout\u00e9 : \u00ab si nous gardons le silence sur l\u2019assassinat d\u2019Al-Arouri, le Liban sera expos\u00e9 \u00e0 l\u2019avenir. Notre r\u00e9ponse est in\u00e9luctable \u00bb.<br \/>\nNasrallah a estim\u00e9 que \u00ab les \u00c9tats-Unis ne veulent pas que la guerre s\u2019\u00e9tende au Liban parce qu&rsquo;ils sont pr\u00e9occup\u00e9s par le front ukrainien et se pr\u00e9parent \u00e0 une d\u00e9faite strat\u00e9gique contre la Russie \u00bb.<\/p>\n<p>Il convient de noter que le Liban a d\u00e9pos\u00e9, jeudi 4 janvier, une plainte aupr\u00e8s du Conseil de s\u00e9curit\u00e9 de l&rsquo;ONU apr\u00e8s l\u2019assassinat du num\u00e9ro deux du Hamas, Saleh al-Arouri, dans une attaque isra\u00e9lienne \u00e0 Beyrouth.<\/p>\n<p>Selon la plainte, cette offensive et violation flagrante de la souverainet\u00e9 et de la s\u00e9curit\u00e9 du Liban risque de \u00ab\u00a0provoquer une escalade, une premi\u00e8re depuis 2006, et qu\u2019elle pourrait conduire \u00e0 une expansion du conflit, d\u00e9stabilisant ainsi la paix et la s\u00e9curit\u00e9 r\u00e9gionales\u00a0\u00bb.<\/p>\n","protected":false},"excerpt":{"rendered":"<p>Dans un discours t\u00e9l\u00e9vis\u00e9 prononc\u00e9 ce vendredi 5 janvier, il a d\u00e9clar\u00e9 : \u00ab L\u2019assassinat de Saleh al-Arouri ne restera certainement pas sans r\u00e9ponse, et la d\u00e9cis&#8230;<\/p>\n","protected":false},"author":3182,"featured_media":248319,"comment_status":"open","ping_status":"closed","sticky":false,"template":"","format":"standard","meta":{"footnotes":""},"categories":[2598],"tags":[3349,5302,7241,7242],"class_list":["post-211347","post","type-post","status-publish","format-standard","has-post-thumbnail","hentry","category-international","tag-hamas","tag-hezbollah","tag-menace","tag-nasrallah"],"yoast_head":"<!-- This site is optimized with the Yoast SEO Premium plugin v27.5 (Yoast SEO v27.5) - https:\/\/yoast.com\/product\/yoast-seo-premium-wordpress\/ -->\n<title>Nasrallah: \u00ab L&#039;assassinat d&#039;Al Arouri ne restera pas sans r\u00e9ponse ! \u00bb<\/title>\n<meta name=\"description\" content=\"Dans un discours t\u00e9l\u00e9vis\u00e9 prononc\u00e9 ce vendredi 5 janvier, il a d\u00e9clar\u00e9 : \u00ab L\u2019assassinat de Saleh al-Arouri ne restera certainement pas sans r\u00e9ponse, et la d\u00e9cis...\" \/>\n<link rel=\"canonical\" href=\"https:\/\/www.webdo.tn\/fr\/actualite\/international\/nasrallah-l-assassinat-d-al-arouri-ne-restera-pas-sans-reponse\/211347\/\" \/>\n<meta property=\"og:locale\" content=\"fr_FR\" \/>\n<meta property=\"og:type\" content=\"article\" \/>\n<meta property=\"og:title\" content=\"Nasrallah: \u00ab L&#039;assassinat d&#039;Al Arouri ne restera pas sans r\u00e9ponse ! \u00bb\" \/>\n<meta property=\"og:description\" content=\"Dans un discours t\u00e9l\u00e9vis\u00e9 prononc\u00e9 ce vendredi 5 janvier, il a d\u00e9clar\u00e9 : \u00ab L\u2019assassinat de Saleh al-Arouri ne restera certainement pas sans r\u00e9ponse, et la d\u00e9cis...\" \/>\n<meta property=\"og:url\" content=\"https:\/\/www.webdo.tn\/fr\/actualite\/international\/nasrallah-l-assassinat-d-al-arouri-ne-restera-pas-sans-reponse\/211347\/\" \/>\n<meta property=\"og:site_name\" content=\"webdo\" \/>\n<meta property=\"article:publisher\" content=\"https:\/\/www.facebook.com\/webdotn\" \/>\n<meta property=\"article:published_time\" content=\"2024-01-05T21:40:00+00:00\" \/>\n<meta property=\"article:modified_time\" content=\"2025-05-20T22:55:40+00:00\" \/>\n<meta property=\"og:image\" content=\"https:\/\/www.webdo.tn\/fr\/wp-content\/uploads\/2024\/01\/5c625c4ae6b2698246468fdfc1192a28.jpg\" \/>\n\t<meta property=\"og:image:width\" content=\"750\" \/>\n\t<meta property=\"og:image:height\" content=\"400\" \/>\n\t<meta property=\"og:image:type\" content=\"image\/jpeg\" \/>\n<meta name=\"author\" content=\"WB\" \/>\n<meta name=\"twitter:card\" content=\"summary_large_image\" \/>\n<meta name=\"twitter:creator\" content=\"@webdo_tn\" \/>\n<meta name=\"twitter:site\" content=\"@webdo_tn\" \/>\n<meta name=\"twitter:label1\" content=\"\u00c9crit par\" \/>\n\t<meta name=\"twitter:data1\" content=\"WB\" \/>\n\t<meta name=\"twitter:label2\" content=\"Dur\u00e9e de lecture estim\u00e9e\" \/>\n\t<meta name=\"twitter:data2\" content=\"1 minute\" \/>\n<script type=\"application\/ld+json\" class=\"yoast-schema-graph\">{\"@context\":\"https:\\\/\\\/schema.org\",\"@graph\":[{\"@type\":\"NewsArticle\",\"@id\":\"https:\\\/\\\/www.webdo.tn\\\/fr\\\/actualite\\\/international\\\/nasrallah-l-assassinat-d-al-arouri-ne-restera-pas-sans-reponse\\\/211347\\\/#article\",\"isPartOf\":{\"@id\":\"https:\\\/\\\/www.webdo.tn\\\/fr\\\/actualite\\\/international\\\/nasrallah-l-assassinat-d-al-arouri-ne-restera-pas-sans-reponse\\\/211347\\\/\"},\"author\":{\"name\":\"WB\",\"@id\":\"https:\\\/\\\/www.webdo.tn\\\/fr\\\/#\\\/schema\\\/person\\\/f16bf91e3b3c6347371884777659f9d8\"},\"headline\":\"Nasrallah: \u00ab L&rsquo;assassinat d&rsquo;Al Arouri ne restera pas sans r\u00e9ponse ! \u00bb\",\"datePublished\":\"2024-01-05T21:40:00+00:00\",\"dateModified\":\"2025-05-20T22:55:40+00:00\",\"mainEntityOfPage\":{\"@id\":\"https:\\\/\\\/www.webdo.tn\\\/fr\\\/actualite\\\/international\\\/nasrallah-l-assassinat-d-al-arouri-ne-restera-pas-sans-reponse\\\/211347\\\/\"},\"wordCount\":280,\"commentCount\":0,\"publisher\":{\"@id\":\"https:\\\/\\\/www.webdo.tn\\\/fr\\\/#organization\"},\"image\":{\"@id\":\"https:\\\/\\\/www.webdo.tn\\\/fr\\\/actualite\\\/international\\\/nasrallah-l-assassinat-d-al-arouri-ne-restera-pas-sans-reponse\\\/211347\\\/#primaryimage\"},\"thumbnailUrl\":\"https:\\\/\\\/www.webdo.tn\\\/fr\\\/wp-content\\\/uploads\\\/2024\\\/01\\\/5c625c4ae6b2698246468fdfc1192a28.jpg\",\"keywords\":[\"hamas\",\"Hezbollah\",\"menace\",\"Nasrallah\"],\"articleSection\":[\"International\"],\"inLanguage\":\"fr-FR\"},{\"@type\":\"WebPage\",\"@id\":\"https:\\\/\\\/www.webdo.tn\\\/fr\\\/actualite\\\/international\\\/nasrallah-l-assassinat-d-al-arouri-ne-restera-pas-sans-reponse\\\/211347\\\/\",\"url\":\"https:\\\/\\\/www.webdo.tn\\\/fr\\\/actualite\\\/international\\\/nasrallah-l-assassinat-d-al-arouri-ne-restera-pas-sans-reponse\\\/211347\\\/\",\"name\":\"Nasrallah: \u00ab L'assassinat d'Al Arouri ne restera pas sans r\u00e9ponse ! \u00bb\",\"isPartOf\":{\"@id\":\"https:\\\/\\\/www.webdo.tn\\\/fr\\\/#website\"},\"primaryImageOfPage\":{\"@id\":\"https:\\\/\\\/www.webdo.tn\\\/fr\\\/actualite\\\/international\\\/nasrallah-l-assassinat-d-al-arouri-ne-restera-pas-sans-reponse\\\/211347\\\/#primaryimage\"},\"image\":{\"@id\":\"https:\\\/\\\/www.webdo.tn\\\/fr\\\/actualite\\\/international\\\/nasrallah-l-assassinat-d-al-arouri-ne-restera-pas-sans-reponse\\\/211347\\\/#primaryimage\"},\"thumbnailUrl\":\"https:\\\/\\\/www.webdo.tn\\\/fr\\\/wp-content\\\/uploads\\\/2024\\\/01\\\/5c625c4ae6b2698246468fdfc1192a28.jpg\",\"datePublished\":\"2024-01-05T21:40:00+00:00\",\"dateModified\":\"2025-05-20T22:55:40+00:00\",\"description\":\"Dans un discours t\u00e9l\u00e9vis\u00e9 prononc\u00e9 ce vendredi 5 janvier, il a d\u00e9clar\u00e9 : \u00ab L\u2019assassinat de Saleh al-Arouri ne restera certainement pas sans r\u00e9ponse, et la d\u00e9cis...\",\"breadcrumb\":{\"@id\":\"https:\\\/\\\/www.webdo.tn\\\/fr\\\/actualite\\\/international\\\/nasrallah-l-assassinat-d-al-arouri-ne-restera-pas-sans-reponse\\\/211347\\\/#breadcrumb\"},\"inLanguage\":\"fr-FR\",\"potentialAction\":[{\"@type\":\"ReadAction\",\"target\":[\"https:\\\/\\\/www.webdo.tn\\\/fr\\\/actualite\\\/international\\\/nasrallah-l-assassinat-d-al-arouri-ne-restera-pas-sans-reponse\\\/211347\\\/\"]}]},{\"@type\":\"ImageObject\",\"inLanguage\":\"fr-FR\",\"@id\":\"https:\\\/\\\/www.webdo.tn\\\/fr\\\/actualite\\\/international\\\/nasrallah-l-assassinat-d-al-arouri-ne-restera-pas-sans-reponse\\\/211347\\\/#primaryimage\",\"url\":\"https:\\\/\\\/www.webdo.tn\\\/fr\\\/wp-content\\\/uploads\\\/2024\\\/01\\\/5c625c4ae6b2698246468fdfc1192a28.jpg\",\"contentUrl\":\"https:\\\/\\\/www.webdo.tn\\\/fr\\\/wp-content\\\/uploads\\\/2024\\\/01\\\/5c625c4ae6b2698246468fdfc1192a28.jpg\",\"width\":750,\"height\":400,\"caption\":\"Nasrallah\"},{\"@type\":\"BreadcrumbList\",\"@id\":\"https:\\\/\\\/www.webdo.tn\\\/fr\\\/actualite\\\/international\\\/nasrallah-l-assassinat-d-al-arouri-ne-restera-pas-sans-reponse\\\/211347\\\/#breadcrumb\",\"itemListElement\":[{\"@type\":\"ListItem\",\"position\":1,\"name\":\"Accueil\",\"item\":\"https:\\\/\\\/www.webdo.tn\\\/fr\\\/\"},{\"@type\":\"ListItem\",\"position\":2,\"name\":\"Nasrallah: \u00ab L&rsquo;assassinat d&rsquo;Al Arouri ne restera pas sans r\u00e9ponse ! \u00bb\"}]},{\"@type\":\"WebSite\",\"@id\":\"https:\\\/\\\/www.webdo.tn\\\/fr\\\/#website\",\"url\":\"https:\\\/\\\/www.webdo.tn\\\/fr\\\/\",\"name\":\"webdo\",\"description\":\"Tunisie - News en Tunisie et \u00e0 l&#039;international sur Webdo.tn\",\"publisher\":{\"@id\":\"https:\\\/\\\/www.webdo.tn\\\/fr\\\/#organization\"},\"potentialAction\":[{\"@type\":\"SearchAction\",\"target\":{\"@type\":\"EntryPoint\",\"urlTemplate\":\"https:\\\/\\\/www.webdo.tn\\\/fr\\\/?s={search_term_string}\"},\"query-input\":{\"@type\":\"PropertyValueSpecification\",\"valueRequired\":true,\"valueName\":\"search_term_string\"}}],\"inLanguage\":\"fr-FR\"},{\"@type\":\"Organization\",\"@id\":\"https:\\\/\\\/www.webdo.tn\\\/fr\\\/#organization\",\"name\":\"Webdo\",\"alternateName\":\"Webdo.tn\",\"url\":\"https:\\\/\\\/www.webdo.tn\\\/fr\\\/\",\"logo\":{\"@type\":\"ImageObject\",\"inLanguage\":\"fr-FR\",\"@id\":\"https:\\\/\\\/www.webdo.tn\\\/fr\\\/#\\\/schema\\\/logo\\\/image\\\/\",\"url\":\"https:\\\/\\\/www.webdo.tn\\\/fr\\\/wp-content\\\/uploads\\\/2025\\\/06\\\/Webdo-Tunisie_168377.jpg\",\"contentUrl\":\"https:\\\/\\\/www.webdo.tn\\\/fr\\\/wp-content\\\/uploads\\\/2025\\\/06\\\/Webdo-Tunisie_168377.jpg\",\"width\":301,\"height\":301,\"caption\":\"Webdo\"},\"image\":{\"@id\":\"https:\\\/\\\/www.webdo.tn\\\/fr\\\/#\\\/schema\\\/logo\\\/image\\\/\"},\"sameAs\":[\"https:\\\/\\\/www.facebook.com\\\/webdotn\",\"https:\\\/\\\/x.com\\\/webdo_tn\"],\"description\":\"Webdo est un m\u00e9dia num\u00e9rique tunisien fond\u00e9 en 2010, sp\u00e9cialis\u00e9 dans l\u2019actualit\u00e9 nationale et internationale, l\u2019\u00e9conomie, la soci\u00e9t\u00e9 et les analyses politiques. Le site s\u2019adresse \u00e0 un large public francophone et couvre l\u2019information tunisienne en temps r\u00e9el.\",\"email\":\"redac@webdo.tn\",\"legalName\":\"YNJ SARL\",\"foundingDate\":\"2010-09-06\",\"numberOfEmployees\":{\"@type\":\"QuantitativeValue\",\"minValue\":\"11\",\"maxValue\":\"50\"}},{\"@type\":\"Person\",\"@id\":\"https:\\\/\\\/www.webdo.tn\\\/fr\\\/#\\\/schema\\\/person\\\/f16bf91e3b3c6347371884777659f9d8\",\"name\":\"WB\",\"image\":{\"@type\":\"ImageObject\",\"inLanguage\":\"fr-FR\",\"@id\":\"https:\\\/\\\/secure.gravatar.com\\\/avatar\\\/fd3caf00dbfd4b6d6ce43e8ea4748ed2e4d0fae2c3a87c1e2f6ba0a54c3ab5cb?s=96&d=mm&r=g\",\"url\":\"https:\\\/\\\/secure.gravatar.com\\\/avatar\\\/fd3caf00dbfd4b6d6ce43e8ea4748ed2e4d0fae2c3a87c1e2f6ba0a54c3ab5cb?s=96&d=mm&r=g\",\"contentUrl\":\"https:\\\/\\\/secure.gravatar.com\\\/avatar\\\/fd3caf00dbfd4b6d6ce43e8ea4748ed2e4d0fae2c3a87c1e2f6ba0a54c3ab5cb?s=96&d=mm&r=g\",\"caption\":\"WB\"},\"url\":\"https:\\\/\\\/www.webdo.tn\\\/fr\\\/actualite\\\/author\\\/wb\\\/\"}]}<\/script>\n<!-- \/ Yoast SEO Premium plugin. -->","yoast_head_json":{"title":"Nasrallah: \u00ab L'assassinat d'Al Arouri ne restera pas sans r\u00e9ponse ! \u00bb","description":"Dans un discours t\u00e9l\u00e9vis\u00e9 prononc\u00e9 ce vendredi 5 janvier, il a d\u00e9clar\u00e9 : \u00ab L\u2019assassinat de Saleh al-Arouri ne restera certainement pas sans r\u00e9ponse, et la d\u00e9cis...","canonical":"https:\/\/www.webdo.tn\/fr\/actualite\/international\/nasrallah-l-assassinat-d-al-arouri-ne-restera-pas-sans-reponse\/211347\/","og_locale":"fr_FR","og_type":"article","og_title":"Nasrallah: \u00ab L'assassinat d'Al Arouri ne restera pas sans r\u00e9ponse ! \u00bb","og_description":"Dans un discours t\u00e9l\u00e9vis\u00e9 prononc\u00e9 ce vendredi 5 janvier, il a d\u00e9clar\u00e9 : \u00ab L\u2019assassinat de Saleh al-Arouri ne restera certainement pas sans r\u00e9ponse, et la d\u00e9cis...","og_url":"https:\/\/www.webdo.tn\/fr\/actualite\/international\/nasrallah-l-assassinat-d-al-arouri-ne-restera-pas-sans-reponse\/211347\/","og_site_name":"webdo","article_publisher":"https:\/\/www.facebook.com\/webdotn","article_published_time":"2024-01-05T21:40:00+00:00","article_modified_time":"2025-05-20T22:55:40+00:00","og_image":[{"width":750,"height":400,"url":"https:\/\/www.webdo.tn\/fr\/wp-content\/uploads\/2024\/01\/5c625c4ae6b2698246468fdfc1192a28.jpg","type":"image\/jpeg"}],"author":"WB","twitter_card":"summary_large_image","twitter_creator":"@webdo_tn","twitter_site":"@webdo_tn","twitter_misc":{"\u00c9crit par":"WB","Dur\u00e9e de lecture estim\u00e9e":"1 minute"},"schema":{"@context":"https:\/\/schema.org","@graph":[{"@type":"NewsArticle","@id":"https:\/\/www.webdo.tn\/fr\/actualite\/international\/nasrallah-l-assassinat-d-al-arouri-ne-restera-pas-sans-reponse\/211347\/#article","isPartOf":{"@id":"https:\/\/www.webdo.tn\/fr\/actualite\/international\/nasrallah-l-assassinat-d-al-arouri-ne-restera-pas-sans-reponse\/211347\/"},"author":{"name":"WB","@id":"https:\/\/www.webdo.tn\/fr\/#\/schema\/person\/f16bf91e3b3c6347371884777659f9d8"},"headline":"Nasrallah: \u00ab L&rsquo;assassinat d&rsquo;Al Arouri ne restera pas sans r\u00e9ponse ! \u00bb","datePublished":"2024-01-05T21:40:00+00:00","dateModified":"2025-05-20T22:55:40+00:00","mainEntityOfPage":{"@id":"https:\/\/www.webdo.tn\/fr\/actualite\/international\/nasrallah-l-assassinat-d-al-arouri-ne-restera-pas-sans-reponse\/211347\/"},"wordCount":280,"commentCount":0,"publisher":{"@id":"https:\/\/www.webdo.tn\/fr\/#organization"},"image":{"@id":"https:\/\/www.webdo.tn\/fr\/actualite\/international\/nasrallah-l-assassinat-d-al-arouri-ne-restera-pas-sans-reponse\/211347\/#primaryimage"},"thumbnailUrl":"https:\/\/www.webdo.tn\/fr\/wp-content\/uploads\/2024\/01\/5c625c4ae6b2698246468fdfc1192a28.jpg","keywords":["hamas","Hezbollah","menace","Nasrallah"],"articleSection":["International"],"inLanguage":"fr-FR"},{"@type":"WebPage","@id":"https:\/\/www.webdo.tn\/fr\/actualite\/international\/nasrallah-l-assassinat-d-al-arouri-ne-restera-pas-sans-reponse\/211347\/","url":"https:\/\/www.webdo.tn\/fr\/actualite\/international\/nasrallah-l-assassinat-d-al-arouri-ne-restera-pas-sans-reponse\/211347\/","name":"Nasrallah: \u00ab L'assassinat d'Al Arouri ne restera pas sans r\u00e9ponse ! \u00bb","isPartOf":{"@id":"https:\/\/www.webdo.tn\/fr\/#website"},"primaryImageOfPage":{"@id":"https:\/\/www.webdo.tn\/fr\/actualite\/international\/nasrallah-l-assassinat-d-al-arouri-ne-restera-pas-sans-reponse\/211347\/#primaryimage"},"image":{"@id":"https:\/\/www.webdo.tn\/fr\/actualite\/international\/nasrallah-l-assassinat-d-al-arouri-ne-restera-pas-sans-reponse\/211347\/#primaryimage"},"thumbnailUrl":"https:\/\/www.webdo.tn\/fr\/wp-content\/uploads\/2024\/01\/5c625c4ae6b2698246468fdfc1192a28.jpg","datePublished":"2024-01-05T21:40:00+00:00","dateModified":"2025-05-20T22:55:40+00:00","description":"Dans un discours t\u00e9l\u00e9vis\u00e9 prononc\u00e9 ce vendredi 5 janvier, il a d\u00e9clar\u00e9 : \u00ab L\u2019assassinat de Saleh al-Arouri ne restera certainement pas sans r\u00e9ponse, et la d\u00e9cis...","breadcrumb":{"@id":"https:\/\/www.webdo.tn\/fr\/actualite\/international\/nasrallah-l-assassinat-d-al-arouri-ne-restera-pas-sans-reponse\/211347\/#breadcrumb"},"inLanguage":"fr-FR","potentialAction":[{"@type":"ReadAction","target":["https:\/\/www.webdo.tn\/fr\/actualite\/international\/nasrallah-l-assassinat-d-al-arouri-ne-restera-pas-sans-reponse\/211347\/"]}]},{"@type":"ImageObject","inLanguage":"fr-FR","@id":"https:\/\/www.webdo.tn\/fr\/actualite\/international\/nasrallah-l-assassinat-d-al-arouri-ne-restera-pas-sans-reponse\/211347\/#primaryimage","url":"https:\/\/www.webdo.tn\/fr\/wp-content\/uploads\/2024\/01\/5c625c4ae6b2698246468fdfc1192a28.jpg","contentUrl":"https:\/\/www.webdo.tn\/fr\/wp-content\/uploads\/2024\/01\/5c625c4ae6b2698246468fdfc1192a28.jpg","width":750,"height":400,"caption":"Nasrallah"},{"@type":"BreadcrumbList","@id":"https:\/\/www.webdo.tn\/fr\/actualite\/international\/nasrallah-l-assassinat-d-al-arouri-ne-restera-pas-sans-reponse\/211347\/#breadcrumb","itemListElement":[{"@type":"ListItem","position":1,"name":"Accueil","item":"https:\/\/www.webdo.tn\/fr\/"},{"@type":"ListItem","position":2,"name":"Nasrallah: \u00ab L&rsquo;assassinat d&rsquo;Al Arouri ne restera pas sans r\u00e9ponse ! \u00bb"}]},{"@type":"WebSite","@id":"https:\/\/www.webdo.tn\/fr\/#website","url":"https:\/\/www.webdo.tn\/fr\/","name":"webdo","description":"Tunisie - News en Tunisie et \u00e0 l&#039;international sur Webdo.tn","publisher":{"@id":"https:\/\/www.webdo.tn\/fr\/#organization"},"potentialAction":[{"@type":"SearchAction","target":{"@type":"EntryPoint","urlTemplate":"https:\/\/www.webdo.tn\/fr\/?s={search_term_string}"},"query-input":{"@type":"PropertyValueSpecification","valueRequired":true,"valueName":"search_term_string"}}],"inLanguage":"fr-FR"},{"@type":"Organization","@id":"https:\/\/www.webdo.tn\/fr\/#organization","name":"Webdo","alternateName":"Webdo.tn","url":"https:\/\/www.webdo.tn\/fr\/","logo":{"@type":"ImageObject","inLanguage":"fr-FR","@id":"https:\/\/www.webdo.tn\/fr\/#\/schema\/logo\/image\/","url":"https:\/\/www.webdo.tn\/fr\/wp-content\/uploads\/2025\/06\/Webdo-Tunisie_168377.jpg","contentUrl":"https:\/\/www.webdo.tn\/fr\/wp-content\/uploads\/2025\/06\/Webdo-Tunisie_168377.jpg","width":301,"height":301,"caption":"Webdo"},"image":{"@id":"https:\/\/www.webdo.tn\/fr\/#\/schema\/logo\/image\/"},"sameAs":["https:\/\/www.facebook.com\/webdotn","https:\/\/x.com\/webdo_tn"],"description":"Webdo est un m\u00e9dia num\u00e9rique tunisien fond\u00e9 en 2010, sp\u00e9cialis\u00e9 dans l\u2019actualit\u00e9 nationale et internationale, l\u2019\u00e9conomie, la soci\u00e9t\u00e9 et les analyses politiques. Le site s\u2019adresse \u00e0 un large public francophone et couvre l\u2019information tunisienne en temps r\u00e9el.","email":"redac@webdo.tn","legalName":"YNJ SARL","foundingDate":"2010-09-06","numberOfEmployees":{"@type":"QuantitativeValue","minValue":"11","maxValue":"50"}},{"@type":"Person","@id":"https:\/\/www.webdo.tn\/fr\/#\/schema\/person\/f16bf91e3b3c6347371884777659f9d8","name":"WB","image":{"@type":"ImageObject","inLanguage":"fr-FR","@id":"https:\/\/secure.gravatar.com\/avatar\/fd3caf00dbfd4b6d6ce43e8ea4748ed2e4d0fae2c3a87c1e2f6ba0a54c3ab5cb?s=96&d=mm&r=g","url":"https:\/\/secure.gravatar.com\/avatar\/fd3caf00dbfd4b6d6ce43e8ea4748ed2e4d0fae2c3a87c1e2f6ba0a54c3ab5cb?s=96&d=mm&r=g","contentUrl":"https:\/\/secure.gravatar.com\/avatar\/fd3caf00dbfd4b6d6ce43e8ea4748ed2e4d0fae2c3a87c1e2f6ba0a54c3ab5cb?s=96&d=mm&r=g","caption":"WB"},"url":"https:\/\/www.webdo.tn\/fr\/actualite\/author\/wb\/"}]}},"_links":{"self":[{"href":"https:\/\/www.webdo.tn\/fr\/wp-json\/wp\/v2\/posts\/211347","targetHints":{"allow":["GET"]}}],"collection":[{"href":"https:\/\/www.webdo.tn\/fr\/wp-json\/wp\/v2\/posts"}],"about":[{"href":"https:\/\/www.webdo.tn\/fr\/wp-json\/wp\/v2\/types\/post"}],"author":[{"embeddable":true,"href":"https:\/\/www.webdo.tn\/fr\/wp-json\/wp\/v2\/users\/3182"}],"replies":[{"embeddable":true,"href":"https:\/\/www.webdo.tn\/fr\/wp-json\/wp\/v2\/comments?post=211347"}],"version-history":[{"count":0,"href":"https:\/\/www.webdo.tn\/fr\/wp-json\/wp\/v2\/posts\/211347\/revisions"}],"wp:featuredmedia":[{"embeddable":true,"href":"https:\/\/www.webdo.tn\/fr\/wp-json\/wp\/v2\/media\/248319"}],"wp:attachment":[{"href":"https:\/\/www.webdo.tn\/fr\/wp-json\/wp\/v2\/media?parent=211347"}],"wp:term":[{"taxonomy":"category","embeddable":true,"href":"https:\/\/www.webdo.tn\/fr\/wp-json\/wp\/v2\/categories?post=211347"},{"taxonomy":"post_tag","embeddable":true,"href":"https:\/\/www.webdo.tn\/fr\/wp-json\/wp\/v2\/tags?post=211347"}],"curies":[{"name":"wp","href":"https:\/\/api.w.org\/{rel}","templated":true}]}}