{"id":211344,"date":"2024-01-05T19:21:00","date_gmt":"2024-01-05T19:21:00","guid":{"rendered":"https:\/\/www.webdo.tn\/fr\/blog\/dix-nouveaux-ambassadeurs-de-tunisie-a-l-etranger\/211344\/"},"modified":"2025-05-20T22:55:39","modified_gmt":"2025-05-20T22:55:39","slug":"dix-nouveaux-ambassadeurs-de-tunisie-a-l-etranger","status":"publish","type":"post","link":"https:\/\/www.webdo.tn\/fr\/actualite\/national\/dix-nouveaux-ambassadeurs-de-tunisie-a-l-etranger\/211344\/","title":{"rendered":"Dix nouveaux ambassadeurs de Tunisie \u00e0 l&rsquo;\u00e9tranger"},"content":{"rendered":"<p>Au cours d&rsquo;une c\u00e9r\u00e9monie tenue, vendredi 5 janvier, au Palais de Carthage, le pr\u00e9sident de la R\u00e9publique, Ka\u00efs Sa\u00efed, a remis leurs lettres de cr\u00e9ance \u00e0 dix nouveaux ambassadeurs de Tunisie \u00e0 l&rsquo;\u00e9tranger.<\/p>\n<p>\t\t\t\t\t\t\t\t\tIl s&rsquo;agit :<br \/>\n-Dhia Khaled, ambassadeur de la R\u00e9publique Tunisienne aupr\u00e8s de la R\u00e9publique de France.<br \/>\n-Zouhair Bouras, ambassadeur de la R\u00e9publique Tunisienne aupr\u00e8s de la R\u00e9publique de Malte.<br \/>\n-Taoufik Chebbi, ambassadeur de la R\u00e9publique Tunisienne aupr\u00e8s de la R\u00e9publique de Pologne.<br \/>\n-Mehrez Ferchichi, ambassadeur de la R\u00e9publique Tunisienne aupr\u00e8s de la R\u00e9publique du Congo D\u00e9mocratique.<br \/>\n-Samia Ilhem Ammar, ambassadrice de la R\u00e9publique Tunisienne aupr\u00e8s de la R\u00e9publique tch\u00e8que.<br \/>\n-Nabil Lakhal, ambassadeur de la R\u00e9publique Tunisienne aupr\u00e8s de la R\u00e9publique f\u00e9d\u00e9rative du Br\u00e9sil<br \/>\n-Mourad Bourahla, ambassadeur de la R\u00e9publique Tunisienne aupr\u00e8s de la R\u00e9publique d\u2019Italie<br \/>\n-Ahmed Chafra, ambassadeur de la R\u00e9publique Tunisienne aupr\u00e8s du Japon<br \/>\n-Mohssef Antit, ambassadeur de la R\u00e9publique Tunisienne aupr\u00e8s de la R\u00e9publique f\u00e9d\u00e9rale du Nig\u00e9ria.<br \/>\n-Lassaad Boutara, ambassadeur de la R\u00e9publique Tunisienne aupr\u00e8s du Canada.<\/p>\n<p>Au cours de cette c\u00e9r\u00e9monie, les nouveaux ambassadeurs ont pr\u00eat\u00e9 serment devant le chef de l&rsquo;Etat, en pr\u00e9sence du ministre des Affaires \u00e9trang\u00e8res, de la Migration et des Tunisiens \u00e0 l&rsquo;\u00e9tranger, Nabil Ammar.<\/p>\n","protected":false},"excerpt":{"rendered":"<p>Au cours d&rsquo;une c\u00e9r\u00e9monie tenue, vendredi 5 janvier, au Palais de Carthage, le pr\u00e9sident de la R\u00e9publique, Ka\u00efs Sa\u00efed, a remis leurs lettres de cr\u00e9ance \u00e0 dix nou&#8230;<\/p>\n","protected":false},"author":3182,"featured_media":248313,"comment_status":"open","ping_status":"closed","sticky":false,"template":"","format":"standard","meta":{"footnotes":""},"categories":[44],"tags":[5121,2990,2614],"class_list":["post-211344","post","type-post","status-publish","format-standard","has-post-thumbnail","hentry","category-national","tag-ambassadeurs","tag-diplomatie","tag-kais-saied"],"yoast_head":"<!-- This site is optimized with the Yoast SEO Premium plugin v27.5 (Yoast SEO v27.5) - https:\/\/yoast.com\/product\/yoast-seo-premium-wordpress\/ -->\n<title>Dix nouveaux ambassadeurs de Tunisie \u00e0 l&#039;\u00e9tranger<\/title>\n<meta name=\"description\" content=\"Au cours d&#039;une c\u00e9r\u00e9monie tenue, vendredi 5 janvier, au Palais de Carthage, le pr\u00e9sident de la R\u00e9publique, Ka\u00efs Sa\u00efed, a remis leurs lettres de cr\u00e9ance \u00e0 dix nou...\" \/>\n<link rel=\"canonical\" href=\"https:\/\/www.webdo.tn\/fr\/actualite\/national\/dix-nouveaux-ambassadeurs-de-tunisie-a-l-etranger\/211344\/\" \/>\n<meta property=\"og:locale\" content=\"fr_FR\" \/>\n<meta property=\"og:type\" content=\"article\" \/>\n<meta property=\"og:title\" content=\"Dix nouveaux ambassadeurs de Tunisie \u00e0 l&#039;\u00e9tranger\" \/>\n<meta property=\"og:description\" content=\"Au cours d&#039;une c\u00e9r\u00e9monie tenue, vendredi 5 janvier, au Palais de Carthage, le pr\u00e9sident de la R\u00e9publique, Ka\u00efs Sa\u00efed, a remis leurs lettres de cr\u00e9ance \u00e0 dix nou...\" \/>\n<meta property=\"og:url\" content=\"https:\/\/www.webdo.tn\/fr\/actualite\/national\/dix-nouveaux-ambassadeurs-de-tunisie-a-l-etranger\/211344\/\" \/>\n<meta property=\"og:site_name\" content=\"webdo\" \/>\n<meta property=\"article:publisher\" content=\"https:\/\/www.facebook.com\/webdotn\" \/>\n<meta property=\"article:published_time\" content=\"2024-01-05T19:21:00+00:00\" \/>\n<meta property=\"article:modified_time\" content=\"2025-05-20T22:55:39+00:00\" \/>\n<meta property=\"og:image\" content=\"https:\/\/www.webdo.tn\/fr\/wp-content\/uploads\/2024\/01\/1325e7c9769a7ef38aae97e9ed3e7b13.jpg\" \/>\n\t<meta property=\"og:image:width\" content=\"750\" \/>\n\t<meta property=\"og:image:height\" content=\"400\" \/>\n\t<meta property=\"og:image:type\" content=\"image\/jpeg\" \/>\n<meta name=\"author\" content=\"WB\" \/>\n<meta name=\"twitter:card\" content=\"summary_large_image\" \/>\n<meta name=\"twitter:creator\" content=\"@webdo_tn\" \/>\n<meta name=\"twitter:site\" content=\"@webdo_tn\" \/>\n<meta name=\"twitter:label1\" content=\"\u00c9crit par\" \/>\n\t<meta name=\"twitter:data1\" content=\"WB\" \/>\n\t<meta name=\"twitter:label2\" content=\"Dur\u00e9e de lecture estim\u00e9e\" \/>\n\t<meta name=\"twitter:data2\" content=\"1 minute\" \/>\n<script type=\"application\/ld+json\" class=\"yoast-schema-graph\">{\"@context\":\"https:\\\/\\\/schema.org\",\"@graph\":[{\"@type\":\"NewsArticle\",\"@id\":\"https:\\\/\\\/www.webdo.tn\\\/fr\\\/actualite\\\/national\\\/dix-nouveaux-ambassadeurs-de-tunisie-a-l-etranger\\\/211344\\\/#article\",\"isPartOf\":{\"@id\":\"https:\\\/\\\/www.webdo.tn\\\/fr\\\/actualite\\\/national\\\/dix-nouveaux-ambassadeurs-de-tunisie-a-l-etranger\\\/211344\\\/\"},\"author\":{\"name\":\"WB\",\"@id\":\"https:\\\/\\\/www.webdo.tn\\\/fr\\\/#\\\/schema\\\/person\\\/f16bf91e3b3c6347371884777659f9d8\"},\"headline\":\"Dix nouveaux ambassadeurs de Tunisie \u00e0 l&rsquo;\u00e9tranger\",\"datePublished\":\"2024-01-05T19:21:00+00:00\",\"dateModified\":\"2025-05-20T22:55:39+00:00\",\"mainEntityOfPage\":{\"@id\":\"https:\\\/\\\/www.webdo.tn\\\/fr\\\/actualite\\\/national\\\/dix-nouveaux-ambassadeurs-de-tunisie-a-l-etranger\\\/211344\\\/\"},\"wordCount\":251,\"commentCount\":0,\"publisher\":{\"@id\":\"https:\\\/\\\/www.webdo.tn\\\/fr\\\/#organization\"},\"image\":{\"@id\":\"https:\\\/\\\/www.webdo.tn\\\/fr\\\/actualite\\\/national\\\/dix-nouveaux-ambassadeurs-de-tunisie-a-l-etranger\\\/211344\\\/#primaryimage\"},\"thumbnailUrl\":\"https:\\\/\\\/www.webdo.tn\\\/fr\\\/wp-content\\\/uploads\\\/2024\\\/01\\\/1325e7c9769a7ef38aae97e9ed3e7b13.jpg\",\"keywords\":[\"ambassadeurs\",\"Diplomatie\",\"Kais Saied\"],\"articleSection\":[\"National\"],\"inLanguage\":\"fr-FR\"},{\"@type\":\"WebPage\",\"@id\":\"https:\\\/\\\/www.webdo.tn\\\/fr\\\/actualite\\\/national\\\/dix-nouveaux-ambassadeurs-de-tunisie-a-l-etranger\\\/211344\\\/\",\"url\":\"https:\\\/\\\/www.webdo.tn\\\/fr\\\/actualite\\\/national\\\/dix-nouveaux-ambassadeurs-de-tunisie-a-l-etranger\\\/211344\\\/\",\"name\":\"Dix nouveaux ambassadeurs de Tunisie \u00e0 l'\u00e9tranger\",\"isPartOf\":{\"@id\":\"https:\\\/\\\/www.webdo.tn\\\/fr\\\/#website\"},\"primaryImageOfPage\":{\"@id\":\"https:\\\/\\\/www.webdo.tn\\\/fr\\\/actualite\\\/national\\\/dix-nouveaux-ambassadeurs-de-tunisie-a-l-etranger\\\/211344\\\/#primaryimage\"},\"image\":{\"@id\":\"https:\\\/\\\/www.webdo.tn\\\/fr\\\/actualite\\\/national\\\/dix-nouveaux-ambassadeurs-de-tunisie-a-l-etranger\\\/211344\\\/#primaryimage\"},\"thumbnailUrl\":\"https:\\\/\\\/www.webdo.tn\\\/fr\\\/wp-content\\\/uploads\\\/2024\\\/01\\\/1325e7c9769a7ef38aae97e9ed3e7b13.jpg\",\"datePublished\":\"2024-01-05T19:21:00+00:00\",\"dateModified\":\"2025-05-20T22:55:39+00:00\",\"description\":\"Au cours d'une c\u00e9r\u00e9monie tenue, vendredi 5 janvier, au Palais de Carthage, le pr\u00e9sident de la R\u00e9publique, Ka\u00efs Sa\u00efed, a remis leurs lettres de cr\u00e9ance \u00e0 dix nou...\",\"breadcrumb\":{\"@id\":\"https:\\\/\\\/www.webdo.tn\\\/fr\\\/actualite\\\/national\\\/dix-nouveaux-ambassadeurs-de-tunisie-a-l-etranger\\\/211344\\\/#breadcrumb\"},\"inLanguage\":\"fr-FR\",\"potentialAction\":[{\"@type\":\"ReadAction\",\"target\":[\"https:\\\/\\\/www.webdo.tn\\\/fr\\\/actualite\\\/national\\\/dix-nouveaux-ambassadeurs-de-tunisie-a-l-etranger\\\/211344\\\/\"]}]},{\"@type\":\"ImageObject\",\"inLanguage\":\"fr-FR\",\"@id\":\"https:\\\/\\\/www.webdo.tn\\\/fr\\\/actualite\\\/national\\\/dix-nouveaux-ambassadeurs-de-tunisie-a-l-etranger\\\/211344\\\/#primaryimage\",\"url\":\"https:\\\/\\\/www.webdo.tn\\\/fr\\\/wp-content\\\/uploads\\\/2024\\\/01\\\/1325e7c9769a7ef38aae97e9ed3e7b13.jpg\",\"contentUrl\":\"https:\\\/\\\/www.webdo.tn\\\/fr\\\/wp-content\\\/uploads\\\/2024\\\/01\\\/1325e7c9769a7ef38aae97e9ed3e7b13.jpg\",\"width\":750,\"height\":400,\"caption\":\"ambassadeur\"},{\"@type\":\"BreadcrumbList\",\"@id\":\"https:\\\/\\\/www.webdo.tn\\\/fr\\\/actualite\\\/national\\\/dix-nouveaux-ambassadeurs-de-tunisie-a-l-etranger\\\/211344\\\/#breadcrumb\",\"itemListElement\":[{\"@type\":\"ListItem\",\"position\":1,\"name\":\"Accueil\",\"item\":\"https:\\\/\\\/www.webdo.tn\\\/fr\\\/\"},{\"@type\":\"ListItem\",\"position\":2,\"name\":\"Dix nouveaux ambassadeurs de Tunisie \u00e0 l&#8217;\u00e9tranger\"}]},{\"@type\":\"WebSite\",\"@id\":\"https:\\\/\\\/www.webdo.tn\\\/fr\\\/#website\",\"url\":\"https:\\\/\\\/www.webdo.tn\\\/fr\\\/\",\"name\":\"webdo\",\"description\":\"Tunisie - News en Tunisie et \u00e0 l&#039;international sur Webdo.tn\",\"publisher\":{\"@id\":\"https:\\\/\\\/www.webdo.tn\\\/fr\\\/#organization\"},\"potentialAction\":[{\"@type\":\"SearchAction\",\"target\":{\"@type\":\"EntryPoint\",\"urlTemplate\":\"https:\\\/\\\/www.webdo.tn\\\/fr\\\/?s={search_term_string}\"},\"query-input\":{\"@type\":\"PropertyValueSpecification\",\"valueRequired\":true,\"valueName\":\"search_term_string\"}}],\"inLanguage\":\"fr-FR\"},{\"@type\":\"Organization\",\"@id\":\"https:\\\/\\\/www.webdo.tn\\\/fr\\\/#organization\",\"name\":\"Webdo\",\"alternateName\":\"Webdo.tn\",\"url\":\"https:\\\/\\\/www.webdo.tn\\\/fr\\\/\",\"logo\":{\"@type\":\"ImageObject\",\"inLanguage\":\"fr-FR\",\"@id\":\"https:\\\/\\\/www.webdo.tn\\\/fr\\\/#\\\/schema\\\/logo\\\/image\\\/\",\"url\":\"https:\\\/\\\/www.webdo.tn\\\/fr\\\/wp-content\\\/uploads\\\/2025\\\/06\\\/Webdo-Tunisie_168377.jpg\",\"contentUrl\":\"https:\\\/\\\/www.webdo.tn\\\/fr\\\/wp-content\\\/uploads\\\/2025\\\/06\\\/Webdo-Tunisie_168377.jpg\",\"width\":301,\"height\":301,\"caption\":\"Webdo\"},\"image\":{\"@id\":\"https:\\\/\\\/www.webdo.tn\\\/fr\\\/#\\\/schema\\\/logo\\\/image\\\/\"},\"sameAs\":[\"https:\\\/\\\/www.facebook.com\\\/webdotn\",\"https:\\\/\\\/x.com\\\/webdo_tn\"],\"description\":\"Webdo est un m\u00e9dia num\u00e9rique tunisien fond\u00e9 en 2010, sp\u00e9cialis\u00e9 dans l\u2019actualit\u00e9 nationale et internationale, l\u2019\u00e9conomie, la soci\u00e9t\u00e9 et les analyses politiques. Le site s\u2019adresse \u00e0 un large public francophone et couvre l\u2019information tunisienne en temps r\u00e9el.\",\"email\":\"redac@webdo.tn\",\"legalName\":\"YNJ SARL\",\"foundingDate\":\"2010-09-06\",\"numberOfEmployees\":{\"@type\":\"QuantitativeValue\",\"minValue\":\"11\",\"maxValue\":\"50\"}},{\"@type\":\"Person\",\"@id\":\"https:\\\/\\\/www.webdo.tn\\\/fr\\\/#\\\/schema\\\/person\\\/f16bf91e3b3c6347371884777659f9d8\",\"name\":\"WB\",\"image\":{\"@type\":\"ImageObject\",\"inLanguage\":\"fr-FR\",\"@id\":\"https:\\\/\\\/secure.gravatar.com\\\/avatar\\\/fd3caf00dbfd4b6d6ce43e8ea4748ed2e4d0fae2c3a87c1e2f6ba0a54c3ab5cb?s=96&d=mm&r=g\",\"url\":\"https:\\\/\\\/secure.gravatar.com\\\/avatar\\\/fd3caf00dbfd4b6d6ce43e8ea4748ed2e4d0fae2c3a87c1e2f6ba0a54c3ab5cb?s=96&d=mm&r=g\",\"contentUrl\":\"https:\\\/\\\/secure.gravatar.com\\\/avatar\\\/fd3caf00dbfd4b6d6ce43e8ea4748ed2e4d0fae2c3a87c1e2f6ba0a54c3ab5cb?s=96&d=mm&r=g\",\"caption\":\"WB\"},\"url\":\"https:\\\/\\\/www.webdo.tn\\\/fr\\\/actualite\\\/author\\\/wb\\\/\"}]}<\/script>\n<!-- \/ Yoast SEO Premium plugin. -->","yoast_head_json":{"title":"Dix nouveaux ambassadeurs de Tunisie \u00e0 l'\u00e9tranger","description":"Au cours d'une c\u00e9r\u00e9monie tenue, vendredi 5 janvier, au Palais de Carthage, le pr\u00e9sident de la R\u00e9publique, Ka\u00efs Sa\u00efed, a remis leurs lettres de cr\u00e9ance \u00e0 dix nou...","canonical":"https:\/\/www.webdo.tn\/fr\/actualite\/national\/dix-nouveaux-ambassadeurs-de-tunisie-a-l-etranger\/211344\/","og_locale":"fr_FR","og_type":"article","og_title":"Dix nouveaux ambassadeurs de Tunisie \u00e0 l'\u00e9tranger","og_description":"Au cours d'une c\u00e9r\u00e9monie tenue, vendredi 5 janvier, au Palais de Carthage, le pr\u00e9sident de la R\u00e9publique, Ka\u00efs Sa\u00efed, a remis leurs lettres de cr\u00e9ance \u00e0 dix nou...","og_url":"https:\/\/www.webdo.tn\/fr\/actualite\/national\/dix-nouveaux-ambassadeurs-de-tunisie-a-l-etranger\/211344\/","og_site_name":"webdo","article_publisher":"https:\/\/www.facebook.com\/webdotn","article_published_time":"2024-01-05T19:21:00+00:00","article_modified_time":"2025-05-20T22:55:39+00:00","og_image":[{"width":750,"height":400,"url":"https:\/\/www.webdo.tn\/fr\/wp-content\/uploads\/2024\/01\/1325e7c9769a7ef38aae97e9ed3e7b13.jpg","type":"image\/jpeg"}],"author":"WB","twitter_card":"summary_large_image","twitter_creator":"@webdo_tn","twitter_site":"@webdo_tn","twitter_misc":{"\u00c9crit par":"WB","Dur\u00e9e de lecture estim\u00e9e":"1 minute"},"schema":{"@context":"https:\/\/schema.org","@graph":[{"@type":"NewsArticle","@id":"https:\/\/www.webdo.tn\/fr\/actualite\/national\/dix-nouveaux-ambassadeurs-de-tunisie-a-l-etranger\/211344\/#article","isPartOf":{"@id":"https:\/\/www.webdo.tn\/fr\/actualite\/national\/dix-nouveaux-ambassadeurs-de-tunisie-a-l-etranger\/211344\/"},"author":{"name":"WB","@id":"https:\/\/www.webdo.tn\/fr\/#\/schema\/person\/f16bf91e3b3c6347371884777659f9d8"},"headline":"Dix nouveaux ambassadeurs de Tunisie \u00e0 l&rsquo;\u00e9tranger","datePublished":"2024-01-05T19:21:00+00:00","dateModified":"2025-05-20T22:55:39+00:00","mainEntityOfPage":{"@id":"https:\/\/www.webdo.tn\/fr\/actualite\/national\/dix-nouveaux-ambassadeurs-de-tunisie-a-l-etranger\/211344\/"},"wordCount":251,"commentCount":0,"publisher":{"@id":"https:\/\/www.webdo.tn\/fr\/#organization"},"image":{"@id":"https:\/\/www.webdo.tn\/fr\/actualite\/national\/dix-nouveaux-ambassadeurs-de-tunisie-a-l-etranger\/211344\/#primaryimage"},"thumbnailUrl":"https:\/\/www.webdo.tn\/fr\/wp-content\/uploads\/2024\/01\/1325e7c9769a7ef38aae97e9ed3e7b13.jpg","keywords":["ambassadeurs","Diplomatie","Kais Saied"],"articleSection":["National"],"inLanguage":"fr-FR"},{"@type":"WebPage","@id":"https:\/\/www.webdo.tn\/fr\/actualite\/national\/dix-nouveaux-ambassadeurs-de-tunisie-a-l-etranger\/211344\/","url":"https:\/\/www.webdo.tn\/fr\/actualite\/national\/dix-nouveaux-ambassadeurs-de-tunisie-a-l-etranger\/211344\/","name":"Dix nouveaux ambassadeurs de Tunisie \u00e0 l'\u00e9tranger","isPartOf":{"@id":"https:\/\/www.webdo.tn\/fr\/#website"},"primaryImageOfPage":{"@id":"https:\/\/www.webdo.tn\/fr\/actualite\/national\/dix-nouveaux-ambassadeurs-de-tunisie-a-l-etranger\/211344\/#primaryimage"},"image":{"@id":"https:\/\/www.webdo.tn\/fr\/actualite\/national\/dix-nouveaux-ambassadeurs-de-tunisie-a-l-etranger\/211344\/#primaryimage"},"thumbnailUrl":"https:\/\/www.webdo.tn\/fr\/wp-content\/uploads\/2024\/01\/1325e7c9769a7ef38aae97e9ed3e7b13.jpg","datePublished":"2024-01-05T19:21:00+00:00","dateModified":"2025-05-20T22:55:39+00:00","description":"Au cours d'une c\u00e9r\u00e9monie tenue, vendredi 5 janvier, au Palais de Carthage, le pr\u00e9sident de la R\u00e9publique, Ka\u00efs Sa\u00efed, a remis leurs lettres de cr\u00e9ance \u00e0 dix nou...","breadcrumb":{"@id":"https:\/\/www.webdo.tn\/fr\/actualite\/national\/dix-nouveaux-ambassadeurs-de-tunisie-a-l-etranger\/211344\/#breadcrumb"},"inLanguage":"fr-FR","potentialAction":[{"@type":"ReadAction","target":["https:\/\/www.webdo.tn\/fr\/actualite\/national\/dix-nouveaux-ambassadeurs-de-tunisie-a-l-etranger\/211344\/"]}]},{"@type":"ImageObject","inLanguage":"fr-FR","@id":"https:\/\/www.webdo.tn\/fr\/actualite\/national\/dix-nouveaux-ambassadeurs-de-tunisie-a-l-etranger\/211344\/#primaryimage","url":"https:\/\/www.webdo.tn\/fr\/wp-content\/uploads\/2024\/01\/1325e7c9769a7ef38aae97e9ed3e7b13.jpg","contentUrl":"https:\/\/www.webdo.tn\/fr\/wp-content\/uploads\/2024\/01\/1325e7c9769a7ef38aae97e9ed3e7b13.jpg","width":750,"height":400,"caption":"ambassadeur"},{"@type":"BreadcrumbList","@id":"https:\/\/www.webdo.tn\/fr\/actualite\/national\/dix-nouveaux-ambassadeurs-de-tunisie-a-l-etranger\/211344\/#breadcrumb","itemListElement":[{"@type":"ListItem","position":1,"name":"Accueil","item":"https:\/\/www.webdo.tn\/fr\/"},{"@type":"ListItem","position":2,"name":"Dix nouveaux ambassadeurs de Tunisie \u00e0 l&#8217;\u00e9tranger"}]},{"@type":"WebSite","@id":"https:\/\/www.webdo.tn\/fr\/#website","url":"https:\/\/www.webdo.tn\/fr\/","name":"webdo","description":"Tunisie - News en Tunisie et \u00e0 l&#039;international sur Webdo.tn","publisher":{"@id":"https:\/\/www.webdo.tn\/fr\/#organization"},"potentialAction":[{"@type":"SearchAction","target":{"@type":"EntryPoint","urlTemplate":"https:\/\/www.webdo.tn\/fr\/?s={search_term_string}"},"query-input":{"@type":"PropertyValueSpecification","valueRequired":true,"valueName":"search_term_string"}}],"inLanguage":"fr-FR"},{"@type":"Organization","@id":"https:\/\/www.webdo.tn\/fr\/#organization","name":"Webdo","alternateName":"Webdo.tn","url":"https:\/\/www.webdo.tn\/fr\/","logo":{"@type":"ImageObject","inLanguage":"fr-FR","@id":"https:\/\/www.webdo.tn\/fr\/#\/schema\/logo\/image\/","url":"https:\/\/www.webdo.tn\/fr\/wp-content\/uploads\/2025\/06\/Webdo-Tunisie_168377.jpg","contentUrl":"https:\/\/www.webdo.tn\/fr\/wp-content\/uploads\/2025\/06\/Webdo-Tunisie_168377.jpg","width":301,"height":301,"caption":"Webdo"},"image":{"@id":"https:\/\/www.webdo.tn\/fr\/#\/schema\/logo\/image\/"},"sameAs":["https:\/\/www.facebook.com\/webdotn","https:\/\/x.com\/webdo_tn"],"description":"Webdo est un m\u00e9dia num\u00e9rique tunisien fond\u00e9 en 2010, sp\u00e9cialis\u00e9 dans l\u2019actualit\u00e9 nationale et internationale, l\u2019\u00e9conomie, la soci\u00e9t\u00e9 et les analyses politiques. Le site s\u2019adresse \u00e0 un large public francophone et couvre l\u2019information tunisienne en temps r\u00e9el.","email":"redac@webdo.tn","legalName":"YNJ SARL","foundingDate":"2010-09-06","numberOfEmployees":{"@type":"QuantitativeValue","minValue":"11","maxValue":"50"}},{"@type":"Person","@id":"https:\/\/www.webdo.tn\/fr\/#\/schema\/person\/f16bf91e3b3c6347371884777659f9d8","name":"WB","image":{"@type":"ImageObject","inLanguage":"fr-FR","@id":"https:\/\/secure.gravatar.com\/avatar\/fd3caf00dbfd4b6d6ce43e8ea4748ed2e4d0fae2c3a87c1e2f6ba0a54c3ab5cb?s=96&d=mm&r=g","url":"https:\/\/secure.gravatar.com\/avatar\/fd3caf00dbfd4b6d6ce43e8ea4748ed2e4d0fae2c3a87c1e2f6ba0a54c3ab5cb?s=96&d=mm&r=g","contentUrl":"https:\/\/secure.gravatar.com\/avatar\/fd3caf00dbfd4b6d6ce43e8ea4748ed2e4d0fae2c3a87c1e2f6ba0a54c3ab5cb?s=96&d=mm&r=g","caption":"WB"},"url":"https:\/\/www.webdo.tn\/fr\/actualite\/author\/wb\/"}]}},"_links":{"self":[{"href":"https:\/\/www.webdo.tn\/fr\/wp-json\/wp\/v2\/posts\/211344","targetHints":{"allow":["GET"]}}],"collection":[{"href":"https:\/\/www.webdo.tn\/fr\/wp-json\/wp\/v2\/posts"}],"about":[{"href":"https:\/\/www.webdo.tn\/fr\/wp-json\/wp\/v2\/types\/post"}],"author":[{"embeddable":true,"href":"https:\/\/www.webdo.tn\/fr\/wp-json\/wp\/v2\/users\/3182"}],"replies":[{"embeddable":true,"href":"https:\/\/www.webdo.tn\/fr\/wp-json\/wp\/v2\/comments?post=211344"}],"version-history":[{"count":0,"href":"https:\/\/www.webdo.tn\/fr\/wp-json\/wp\/v2\/posts\/211344\/revisions"}],"wp:featuredmedia":[{"embeddable":true,"href":"https:\/\/www.webdo.tn\/fr\/wp-json\/wp\/v2\/media\/248313"}],"wp:attachment":[{"href":"https:\/\/www.webdo.tn\/fr\/wp-json\/wp\/v2\/media?parent=211344"}],"wp:term":[{"taxonomy":"category","embeddable":true,"href":"https:\/\/www.webdo.tn\/fr\/wp-json\/wp\/v2\/categories?post=211344"},{"taxonomy":"post_tag","embeddable":true,"href":"https:\/\/www.webdo.tn\/fr\/wp-json\/wp\/v2\/tags?post=211344"}],"curies":[{"name":"wp","href":"https:\/\/api.w.org\/{rel}","templated":true}]}}