{"id":211339,"date":"2024-01-05T15:29:00","date_gmt":"2024-01-05T15:29:00","guid":{"rendered":"https:\/\/www.webdo.tn\/fr\/blog\/tunisie-ennahdha-reste-concerne-par-la-prochaine-election-presidentielle\/211339\/"},"modified":"2025-05-20T21:54:09","modified_gmt":"2025-05-20T21:54:09","slug":"tunisie-ennahdha-reste-concerne-par-la-prochaine-election-presidentielle","status":"publish","type":"post","link":"https:\/\/www.webdo.tn\/fr\/actualite\/national\/tunisie-ennahdha-reste-concerne-par-la-prochaine-election-presidentielle\/211339\/","title":{"rendered":"Tunisie : Ennahdha reste concern\u00e9 par la prochaine \u00e9lection pr\u00e9sidentielle"},"content":{"rendered":"<p>Le dirigeant d\u2019Ennahdha et membre du Front du Salut national, Riadh Cha\u00efbi a annonc\u00e9, ce vendredi 5 janvier 2024 sur les ondes de Diwan FM, que le mouvement Ennahdha et toutes les composantes politiques du Front de salut national restent concern\u00e9s par le processus \u00e9lectoral en Tunisie.<\/p>\n<p>\t\t\t\t\t\t\t\t\tCelui qui est aussi le conseiller politique de Rached Ghannouchi a indiqu\u00e9 qu&rsquo;Ennahda appelle toutes les forces d\u00e9mocratiques \u00e0 soutenir un candidat, niant l&rsquo;existence de tout d\u00e9saccord sur un candidat sp\u00e9cifique au sein du Front du Salut.<\/p>\n<p>Selon Riadh Cha\u00efbi, le succ\u00e8s de la prochaine \u00e9tape \u00e9lectorale n\u00e9cessite la prise de d\u00e9cisions courageuses qui contribuent \u00e0 purifier le climat politique. Il consid\u00e8re que cela doit commencer avant tout par la lib\u00e9ration des d\u00e9tenus, selon ses dires.<\/p>\n<p>Il est \u00e0 noter qu\u2019Ennahdha a boycott\u00e9 les \u00e9lections l\u00e9gislatives de d\u00e9cembre 2022 et a \u00e9galement boycott\u00e9 les \u00e9lections locales de d\u00e9cembre 2023.<\/p>\n","protected":false},"excerpt":{"rendered":"<p>Ennahda appelle toutes les forces d\u00e9mocratiques \u00e0 soutenir un candidat \u00e0 l&rsquo;\u00e9lection pr\u00e9sidentielle en Tunisie, niant l&rsquo;existence de tout d\u00e9saccord sur un candid&#8230;<\/p>\n","protected":false},"author":3162,"featured_media":248312,"comment_status":"open","ping_status":"closed","sticky":false,"template":"","format":"standard","meta":{"footnotes":""},"categories":[44],"tags":[3057,6519,7236,2608],"class_list":["post-211339","post","type-post","status-publish","format-standard","has-post-thumbnail","hentry","category-national","tag-ennahdha","tag-front-du-salut","tag-riadh-chaibi","tag-tunisie"],"yoast_head":"<!-- This site is optimized with the Yoast SEO Premium plugin v27.5 (Yoast SEO v27.5) - https:\/\/yoast.com\/product\/yoast-seo-premium-wordpress\/ -->\n<title>Tunisie : Ennahdha reste concern\u00e9 par la prochaine \u00e9lection pr\u00e9sidentielle<\/title>\n<meta name=\"description\" content=\"Ennahda appelle toutes les forces d\u00e9mocratiques \u00e0 soutenir un candidat \u00e0 l&#039;\u00e9lection pr\u00e9sidentielle en Tunisie, niant l&#039;existence de tout d\u00e9saccord sur un candid...\" \/>\n<link rel=\"canonical\" href=\"https:\/\/www.webdo.tn\/fr\/actualite\/national\/tunisie-ennahdha-reste-concerne-par-la-prochaine-election-presidentielle\/211339\/\" \/>\n<meta property=\"og:locale\" content=\"fr_FR\" \/>\n<meta property=\"og:type\" content=\"article\" \/>\n<meta property=\"og:title\" content=\"Tunisie : Ennahdha reste concern\u00e9 par la prochaine \u00e9lection pr\u00e9sidentielle\" \/>\n<meta property=\"og:description\" content=\"Ennahda appelle toutes les forces d\u00e9mocratiques \u00e0 soutenir un candidat \u00e0 l&#039;\u00e9lection pr\u00e9sidentielle en Tunisie, niant l&#039;existence de tout d\u00e9saccord sur un candid...\" \/>\n<meta property=\"og:url\" content=\"https:\/\/www.webdo.tn\/fr\/actualite\/national\/tunisie-ennahdha-reste-concerne-par-la-prochaine-election-presidentielle\/211339\/\" \/>\n<meta property=\"og:site_name\" content=\"webdo\" \/>\n<meta property=\"article:publisher\" content=\"https:\/\/www.facebook.com\/webdotn\" \/>\n<meta property=\"article:published_time\" content=\"2024-01-05T15:29:00+00:00\" \/>\n<meta property=\"article:modified_time\" content=\"2025-05-20T21:54:09+00:00\" \/>\n<meta property=\"og:image\" content=\"https:\/\/www.webdo.tn\/fr\/wp-content\/uploads\/2024\/01\/51cd868965ed374978fbf8a8c0f3b956.jpg\" \/>\n\t<meta property=\"og:image:width\" content=\"675\" \/>\n\t<meta property=\"og:image:height\" content=\"360\" \/>\n\t<meta property=\"og:image:type\" content=\"image\/jpeg\" \/>\n<meta name=\"author\" content=\"MC\" \/>\n<meta name=\"twitter:card\" content=\"summary_large_image\" \/>\n<meta name=\"twitter:creator\" content=\"@webdo_tn\" \/>\n<meta name=\"twitter:site\" content=\"@webdo_tn\" \/>\n<meta name=\"twitter:label1\" content=\"\u00c9crit par\" \/>\n\t<meta name=\"twitter:data1\" content=\"MC\" \/>\n\t<meta name=\"twitter:label2\" content=\"Dur\u00e9e de lecture estim\u00e9e\" \/>\n\t<meta name=\"twitter:data2\" content=\"1 minute\" \/>\n<script type=\"application\/ld+json\" class=\"yoast-schema-graph\">{\"@context\":\"https:\\\/\\\/schema.org\",\"@graph\":[{\"@type\":\"NewsArticle\",\"@id\":\"https:\\\/\\\/www.webdo.tn\\\/fr\\\/actualite\\\/national\\\/tunisie-ennahdha-reste-concerne-par-la-prochaine-election-presidentielle\\\/211339\\\/#article\",\"isPartOf\":{\"@id\":\"https:\\\/\\\/www.webdo.tn\\\/fr\\\/actualite\\\/national\\\/tunisie-ennahdha-reste-concerne-par-la-prochaine-election-presidentielle\\\/211339\\\/\"},\"author\":{\"name\":\"MC\",\"@id\":\"https:\\\/\\\/www.webdo.tn\\\/fr\\\/#\\\/schema\\\/person\\\/2c4929cbf5a809e3bd38617c6ce150f6\"},\"headline\":\"Tunisie : Ennahdha reste concern\u00e9 par la prochaine \u00e9lection pr\u00e9sidentielle\",\"datePublished\":\"2024-01-05T15:29:00+00:00\",\"dateModified\":\"2025-05-20T21:54:09+00:00\",\"mainEntityOfPage\":{\"@id\":\"https:\\\/\\\/www.webdo.tn\\\/fr\\\/actualite\\\/national\\\/tunisie-ennahdha-reste-concerne-par-la-prochaine-election-presidentielle\\\/211339\\\/\"},\"wordCount\":168,\"commentCount\":0,\"publisher\":{\"@id\":\"https:\\\/\\\/www.webdo.tn\\\/fr\\\/#organization\"},\"image\":{\"@id\":\"https:\\\/\\\/www.webdo.tn\\\/fr\\\/actualite\\\/national\\\/tunisie-ennahdha-reste-concerne-par-la-prochaine-election-presidentielle\\\/211339\\\/#primaryimage\"},\"thumbnailUrl\":\"https:\\\/\\\/www.webdo.tn\\\/fr\\\/wp-content\\\/uploads\\\/2024\\\/01\\\/51cd868965ed374978fbf8a8c0f3b956.jpg\",\"keywords\":[\"Ennahdha\",\"front du salut\",\"Riadh Chaibi\",\"Tunisie\"],\"articleSection\":[\"National\"],\"inLanguage\":\"fr-FR\"},{\"@type\":\"WebPage\",\"@id\":\"https:\\\/\\\/www.webdo.tn\\\/fr\\\/actualite\\\/national\\\/tunisie-ennahdha-reste-concerne-par-la-prochaine-election-presidentielle\\\/211339\\\/\",\"url\":\"https:\\\/\\\/www.webdo.tn\\\/fr\\\/actualite\\\/national\\\/tunisie-ennahdha-reste-concerne-par-la-prochaine-election-presidentielle\\\/211339\\\/\",\"name\":\"Tunisie : Ennahdha reste concern\u00e9 par la prochaine \u00e9lection pr\u00e9sidentielle\",\"isPartOf\":{\"@id\":\"https:\\\/\\\/www.webdo.tn\\\/fr\\\/#website\"},\"primaryImageOfPage\":{\"@id\":\"https:\\\/\\\/www.webdo.tn\\\/fr\\\/actualite\\\/national\\\/tunisie-ennahdha-reste-concerne-par-la-prochaine-election-presidentielle\\\/211339\\\/#primaryimage\"},\"image\":{\"@id\":\"https:\\\/\\\/www.webdo.tn\\\/fr\\\/actualite\\\/national\\\/tunisie-ennahdha-reste-concerne-par-la-prochaine-election-presidentielle\\\/211339\\\/#primaryimage\"},\"thumbnailUrl\":\"https:\\\/\\\/www.webdo.tn\\\/fr\\\/wp-content\\\/uploads\\\/2024\\\/01\\\/51cd868965ed374978fbf8a8c0f3b956.jpg\",\"datePublished\":\"2024-01-05T15:29:00+00:00\",\"dateModified\":\"2025-05-20T21:54:09+00:00\",\"description\":\"Ennahda appelle toutes les forces d\u00e9mocratiques \u00e0 soutenir un candidat \u00e0 l'\u00e9lection pr\u00e9sidentielle en Tunisie, niant l'existence de tout d\u00e9saccord sur un candid...\",\"breadcrumb\":{\"@id\":\"https:\\\/\\\/www.webdo.tn\\\/fr\\\/actualite\\\/national\\\/tunisie-ennahdha-reste-concerne-par-la-prochaine-election-presidentielle\\\/211339\\\/#breadcrumb\"},\"inLanguage\":\"fr-FR\",\"potentialAction\":[{\"@type\":\"ReadAction\",\"target\":[\"https:\\\/\\\/www.webdo.tn\\\/fr\\\/actualite\\\/national\\\/tunisie-ennahdha-reste-concerne-par-la-prochaine-election-presidentielle\\\/211339\\\/\"]}]},{\"@type\":\"ImageObject\",\"inLanguage\":\"fr-FR\",\"@id\":\"https:\\\/\\\/www.webdo.tn\\\/fr\\\/actualite\\\/national\\\/tunisie-ennahdha-reste-concerne-par-la-prochaine-election-presidentielle\\\/211339\\\/#primaryimage\",\"url\":\"https:\\\/\\\/www.webdo.tn\\\/fr\\\/wp-content\\\/uploads\\\/2024\\\/01\\\/51cd868965ed374978fbf8a8c0f3b956.jpg\",\"contentUrl\":\"https:\\\/\\\/www.webdo.tn\\\/fr\\\/wp-content\\\/uploads\\\/2024\\\/01\\\/51cd868965ed374978fbf8a8c0f3b956.jpg\",\"width\":675,\"height\":360,\"caption\":\"Tunisie : Ennahdha reste concern\u00e9 par la prochaine \u00e9lection pr\u00e9sidentielle\"},{\"@type\":\"BreadcrumbList\",\"@id\":\"https:\\\/\\\/www.webdo.tn\\\/fr\\\/actualite\\\/national\\\/tunisie-ennahdha-reste-concerne-par-la-prochaine-election-presidentielle\\\/211339\\\/#breadcrumb\",\"itemListElement\":[{\"@type\":\"ListItem\",\"position\":1,\"name\":\"Accueil\",\"item\":\"https:\\\/\\\/www.webdo.tn\\\/fr\\\/\"},{\"@type\":\"ListItem\",\"position\":2,\"name\":\"Tunisie : Ennahdha reste concern\u00e9 par la prochaine \u00e9lection pr\u00e9sidentielle\"}]},{\"@type\":\"WebSite\",\"@id\":\"https:\\\/\\\/www.webdo.tn\\\/fr\\\/#website\",\"url\":\"https:\\\/\\\/www.webdo.tn\\\/fr\\\/\",\"name\":\"webdo\",\"description\":\"Tunisie - News en Tunisie et \u00e0 l&#039;international sur Webdo.tn\",\"publisher\":{\"@id\":\"https:\\\/\\\/www.webdo.tn\\\/fr\\\/#organization\"},\"potentialAction\":[{\"@type\":\"SearchAction\",\"target\":{\"@type\":\"EntryPoint\",\"urlTemplate\":\"https:\\\/\\\/www.webdo.tn\\\/fr\\\/?s={search_term_string}\"},\"query-input\":{\"@type\":\"PropertyValueSpecification\",\"valueRequired\":true,\"valueName\":\"search_term_string\"}}],\"inLanguage\":\"fr-FR\"},{\"@type\":\"Organization\",\"@id\":\"https:\\\/\\\/www.webdo.tn\\\/fr\\\/#organization\",\"name\":\"Webdo\",\"alternateName\":\"Webdo.tn\",\"url\":\"https:\\\/\\\/www.webdo.tn\\\/fr\\\/\",\"logo\":{\"@type\":\"ImageObject\",\"inLanguage\":\"fr-FR\",\"@id\":\"https:\\\/\\\/www.webdo.tn\\\/fr\\\/#\\\/schema\\\/logo\\\/image\\\/\",\"url\":\"https:\\\/\\\/www.webdo.tn\\\/fr\\\/wp-content\\\/uploads\\\/2025\\\/06\\\/Webdo-Tunisie_168377.jpg\",\"contentUrl\":\"https:\\\/\\\/www.webdo.tn\\\/fr\\\/wp-content\\\/uploads\\\/2025\\\/06\\\/Webdo-Tunisie_168377.jpg\",\"width\":301,\"height\":301,\"caption\":\"Webdo\"},\"image\":{\"@id\":\"https:\\\/\\\/www.webdo.tn\\\/fr\\\/#\\\/schema\\\/logo\\\/image\\\/\"},\"sameAs\":[\"https:\\\/\\\/www.facebook.com\\\/webdotn\",\"https:\\\/\\\/x.com\\\/webdo_tn\"],\"description\":\"Webdo est un m\u00e9dia num\u00e9rique tunisien fond\u00e9 en 2010, sp\u00e9cialis\u00e9 dans l\u2019actualit\u00e9 nationale et internationale, l\u2019\u00e9conomie, la soci\u00e9t\u00e9 et les analyses politiques. Le site s\u2019adresse \u00e0 un large public francophone et couvre l\u2019information tunisienne en temps r\u00e9el.\",\"email\":\"redac@webdo.tn\",\"legalName\":\"YNJ SARL\",\"foundingDate\":\"2010-09-06\",\"numberOfEmployees\":{\"@type\":\"QuantitativeValue\",\"minValue\":\"11\",\"maxValue\":\"50\"}},{\"@type\":\"Person\",\"@id\":\"https:\\\/\\\/www.webdo.tn\\\/fr\\\/#\\\/schema\\\/person\\\/2c4929cbf5a809e3bd38617c6ce150f6\",\"name\":\"MC\",\"image\":{\"@type\":\"ImageObject\",\"inLanguage\":\"fr-FR\",\"@id\":\"https:\\\/\\\/secure.gravatar.com\\\/avatar\\\/a545bbb6f84efdd5553dbbc2895e3ca8f1d12c5215e00a041c9670b54aa9b18a?s=96&d=mm&r=g\",\"url\":\"https:\\\/\\\/secure.gravatar.com\\\/avatar\\\/a545bbb6f84efdd5553dbbc2895e3ca8f1d12c5215e00a041c9670b54aa9b18a?s=96&d=mm&r=g\",\"contentUrl\":\"https:\\\/\\\/secure.gravatar.com\\\/avatar\\\/a545bbb6f84efdd5553dbbc2895e3ca8f1d12c5215e00a041c9670b54aa9b18a?s=96&d=mm&r=g\",\"caption\":\"MC\"},\"url\":\"https:\\\/\\\/www.webdo.tn\\\/fr\\\/actualite\\\/author\\\/mc\\\/\"}]}<\/script>\n<!-- \/ Yoast SEO Premium plugin. -->","yoast_head_json":{"title":"Tunisie : Ennahdha reste concern\u00e9 par la prochaine \u00e9lection pr\u00e9sidentielle","description":"Ennahda appelle toutes les forces d\u00e9mocratiques \u00e0 soutenir un candidat \u00e0 l'\u00e9lection pr\u00e9sidentielle en Tunisie, niant l'existence de tout d\u00e9saccord sur un candid...","canonical":"https:\/\/www.webdo.tn\/fr\/actualite\/national\/tunisie-ennahdha-reste-concerne-par-la-prochaine-election-presidentielle\/211339\/","og_locale":"fr_FR","og_type":"article","og_title":"Tunisie : Ennahdha reste concern\u00e9 par la prochaine \u00e9lection pr\u00e9sidentielle","og_description":"Ennahda appelle toutes les forces d\u00e9mocratiques \u00e0 soutenir un candidat \u00e0 l'\u00e9lection pr\u00e9sidentielle en Tunisie, niant l'existence de tout d\u00e9saccord sur un candid...","og_url":"https:\/\/www.webdo.tn\/fr\/actualite\/national\/tunisie-ennahdha-reste-concerne-par-la-prochaine-election-presidentielle\/211339\/","og_site_name":"webdo","article_publisher":"https:\/\/www.facebook.com\/webdotn","article_published_time":"2024-01-05T15:29:00+00:00","article_modified_time":"2025-05-20T21:54:09+00:00","og_image":[{"width":675,"height":360,"url":"https:\/\/www.webdo.tn\/fr\/wp-content\/uploads\/2024\/01\/51cd868965ed374978fbf8a8c0f3b956.jpg","type":"image\/jpeg"}],"author":"MC","twitter_card":"summary_large_image","twitter_creator":"@webdo_tn","twitter_site":"@webdo_tn","twitter_misc":{"\u00c9crit par":"MC","Dur\u00e9e de lecture estim\u00e9e":"1 minute"},"schema":{"@context":"https:\/\/schema.org","@graph":[{"@type":"NewsArticle","@id":"https:\/\/www.webdo.tn\/fr\/actualite\/national\/tunisie-ennahdha-reste-concerne-par-la-prochaine-election-presidentielle\/211339\/#article","isPartOf":{"@id":"https:\/\/www.webdo.tn\/fr\/actualite\/national\/tunisie-ennahdha-reste-concerne-par-la-prochaine-election-presidentielle\/211339\/"},"author":{"name":"MC","@id":"https:\/\/www.webdo.tn\/fr\/#\/schema\/person\/2c4929cbf5a809e3bd38617c6ce150f6"},"headline":"Tunisie : Ennahdha reste concern\u00e9 par la prochaine \u00e9lection pr\u00e9sidentielle","datePublished":"2024-01-05T15:29:00+00:00","dateModified":"2025-05-20T21:54:09+00:00","mainEntityOfPage":{"@id":"https:\/\/www.webdo.tn\/fr\/actualite\/national\/tunisie-ennahdha-reste-concerne-par-la-prochaine-election-presidentielle\/211339\/"},"wordCount":168,"commentCount":0,"publisher":{"@id":"https:\/\/www.webdo.tn\/fr\/#organization"},"image":{"@id":"https:\/\/www.webdo.tn\/fr\/actualite\/national\/tunisie-ennahdha-reste-concerne-par-la-prochaine-election-presidentielle\/211339\/#primaryimage"},"thumbnailUrl":"https:\/\/www.webdo.tn\/fr\/wp-content\/uploads\/2024\/01\/51cd868965ed374978fbf8a8c0f3b956.jpg","keywords":["Ennahdha","front du salut","Riadh Chaibi","Tunisie"],"articleSection":["National"],"inLanguage":"fr-FR"},{"@type":"WebPage","@id":"https:\/\/www.webdo.tn\/fr\/actualite\/national\/tunisie-ennahdha-reste-concerne-par-la-prochaine-election-presidentielle\/211339\/","url":"https:\/\/www.webdo.tn\/fr\/actualite\/national\/tunisie-ennahdha-reste-concerne-par-la-prochaine-election-presidentielle\/211339\/","name":"Tunisie : Ennahdha reste concern\u00e9 par la prochaine \u00e9lection pr\u00e9sidentielle","isPartOf":{"@id":"https:\/\/www.webdo.tn\/fr\/#website"},"primaryImageOfPage":{"@id":"https:\/\/www.webdo.tn\/fr\/actualite\/national\/tunisie-ennahdha-reste-concerne-par-la-prochaine-election-presidentielle\/211339\/#primaryimage"},"image":{"@id":"https:\/\/www.webdo.tn\/fr\/actualite\/national\/tunisie-ennahdha-reste-concerne-par-la-prochaine-election-presidentielle\/211339\/#primaryimage"},"thumbnailUrl":"https:\/\/www.webdo.tn\/fr\/wp-content\/uploads\/2024\/01\/51cd868965ed374978fbf8a8c0f3b956.jpg","datePublished":"2024-01-05T15:29:00+00:00","dateModified":"2025-05-20T21:54:09+00:00","description":"Ennahda appelle toutes les forces d\u00e9mocratiques \u00e0 soutenir un candidat \u00e0 l'\u00e9lection pr\u00e9sidentielle en Tunisie, niant l'existence de tout d\u00e9saccord sur un candid...","breadcrumb":{"@id":"https:\/\/www.webdo.tn\/fr\/actualite\/national\/tunisie-ennahdha-reste-concerne-par-la-prochaine-election-presidentielle\/211339\/#breadcrumb"},"inLanguage":"fr-FR","potentialAction":[{"@type":"ReadAction","target":["https:\/\/www.webdo.tn\/fr\/actualite\/national\/tunisie-ennahdha-reste-concerne-par-la-prochaine-election-presidentielle\/211339\/"]}]},{"@type":"ImageObject","inLanguage":"fr-FR","@id":"https:\/\/www.webdo.tn\/fr\/actualite\/national\/tunisie-ennahdha-reste-concerne-par-la-prochaine-election-presidentielle\/211339\/#primaryimage","url":"https:\/\/www.webdo.tn\/fr\/wp-content\/uploads\/2024\/01\/51cd868965ed374978fbf8a8c0f3b956.jpg","contentUrl":"https:\/\/www.webdo.tn\/fr\/wp-content\/uploads\/2024\/01\/51cd868965ed374978fbf8a8c0f3b956.jpg","width":675,"height":360,"caption":"Tunisie : Ennahdha reste concern\u00e9 par la prochaine \u00e9lection pr\u00e9sidentielle"},{"@type":"BreadcrumbList","@id":"https:\/\/www.webdo.tn\/fr\/actualite\/national\/tunisie-ennahdha-reste-concerne-par-la-prochaine-election-presidentielle\/211339\/#breadcrumb","itemListElement":[{"@type":"ListItem","position":1,"name":"Accueil","item":"https:\/\/www.webdo.tn\/fr\/"},{"@type":"ListItem","position":2,"name":"Tunisie : Ennahdha reste concern\u00e9 par la prochaine \u00e9lection pr\u00e9sidentielle"}]},{"@type":"WebSite","@id":"https:\/\/www.webdo.tn\/fr\/#website","url":"https:\/\/www.webdo.tn\/fr\/","name":"webdo","description":"Tunisie - News en Tunisie et \u00e0 l&#039;international sur Webdo.tn","publisher":{"@id":"https:\/\/www.webdo.tn\/fr\/#organization"},"potentialAction":[{"@type":"SearchAction","target":{"@type":"EntryPoint","urlTemplate":"https:\/\/www.webdo.tn\/fr\/?s={search_term_string}"},"query-input":{"@type":"PropertyValueSpecification","valueRequired":true,"valueName":"search_term_string"}}],"inLanguage":"fr-FR"},{"@type":"Organization","@id":"https:\/\/www.webdo.tn\/fr\/#organization","name":"Webdo","alternateName":"Webdo.tn","url":"https:\/\/www.webdo.tn\/fr\/","logo":{"@type":"ImageObject","inLanguage":"fr-FR","@id":"https:\/\/www.webdo.tn\/fr\/#\/schema\/logo\/image\/","url":"https:\/\/www.webdo.tn\/fr\/wp-content\/uploads\/2025\/06\/Webdo-Tunisie_168377.jpg","contentUrl":"https:\/\/www.webdo.tn\/fr\/wp-content\/uploads\/2025\/06\/Webdo-Tunisie_168377.jpg","width":301,"height":301,"caption":"Webdo"},"image":{"@id":"https:\/\/www.webdo.tn\/fr\/#\/schema\/logo\/image\/"},"sameAs":["https:\/\/www.facebook.com\/webdotn","https:\/\/x.com\/webdo_tn"],"description":"Webdo est un m\u00e9dia num\u00e9rique tunisien fond\u00e9 en 2010, sp\u00e9cialis\u00e9 dans l\u2019actualit\u00e9 nationale et internationale, l\u2019\u00e9conomie, la soci\u00e9t\u00e9 et les analyses politiques. Le site s\u2019adresse \u00e0 un large public francophone et couvre l\u2019information tunisienne en temps r\u00e9el.","email":"redac@webdo.tn","legalName":"YNJ SARL","foundingDate":"2010-09-06","numberOfEmployees":{"@type":"QuantitativeValue","minValue":"11","maxValue":"50"}},{"@type":"Person","@id":"https:\/\/www.webdo.tn\/fr\/#\/schema\/person\/2c4929cbf5a809e3bd38617c6ce150f6","name":"MC","image":{"@type":"ImageObject","inLanguage":"fr-FR","@id":"https:\/\/secure.gravatar.com\/avatar\/a545bbb6f84efdd5553dbbc2895e3ca8f1d12c5215e00a041c9670b54aa9b18a?s=96&d=mm&r=g","url":"https:\/\/secure.gravatar.com\/avatar\/a545bbb6f84efdd5553dbbc2895e3ca8f1d12c5215e00a041c9670b54aa9b18a?s=96&d=mm&r=g","contentUrl":"https:\/\/secure.gravatar.com\/avatar\/a545bbb6f84efdd5553dbbc2895e3ca8f1d12c5215e00a041c9670b54aa9b18a?s=96&d=mm&r=g","caption":"MC"},"url":"https:\/\/www.webdo.tn\/fr\/actualite\/author\/mc\/"}]}},"_links":{"self":[{"href":"https:\/\/www.webdo.tn\/fr\/wp-json\/wp\/v2\/posts\/211339","targetHints":{"allow":["GET"]}}],"collection":[{"href":"https:\/\/www.webdo.tn\/fr\/wp-json\/wp\/v2\/posts"}],"about":[{"href":"https:\/\/www.webdo.tn\/fr\/wp-json\/wp\/v2\/types\/post"}],"author":[{"embeddable":true,"href":"https:\/\/www.webdo.tn\/fr\/wp-json\/wp\/v2\/users\/3162"}],"replies":[{"embeddable":true,"href":"https:\/\/www.webdo.tn\/fr\/wp-json\/wp\/v2\/comments?post=211339"}],"version-history":[{"count":0,"href":"https:\/\/www.webdo.tn\/fr\/wp-json\/wp\/v2\/posts\/211339\/revisions"}],"wp:featuredmedia":[{"embeddable":true,"href":"https:\/\/www.webdo.tn\/fr\/wp-json\/wp\/v2\/media\/248312"}],"wp:attachment":[{"href":"https:\/\/www.webdo.tn\/fr\/wp-json\/wp\/v2\/media?parent=211339"}],"wp:term":[{"taxonomy":"category","embeddable":true,"href":"https:\/\/www.webdo.tn\/fr\/wp-json\/wp\/v2\/categories?post=211339"},{"taxonomy":"post_tag","embeddable":true,"href":"https:\/\/www.webdo.tn\/fr\/wp-json\/wp\/v2\/tags?post=211339"}],"curies":[{"name":"wp","href":"https:\/\/api.w.org\/{rel}","templated":true}]}}