{"id":211338,"date":"2024-01-05T15:10:00","date_gmt":"2024-01-05T15:10:00","guid":{"rendered":"https:\/\/www.webdo.tn\/fr\/blog\/affaire-ahmed-souli-reduction-de-peine-pour-le-policier-coupable-d-homicide-involontaire\/211338\/"},"modified":"2025-05-20T21:54:08","modified_gmt":"2025-05-20T21:54:08","slug":"affaire-ahmed-souli-reduction-de-peine-pour-le-policier-coupable-d-homicide-involontaire","status":"publish","type":"post","link":"https:\/\/www.webdo.tn\/fr\/actualite\/regions\/affaire-ahmed-souli-reduction-de-peine-pour-le-policier-coupable-d-homicide-involontaire\/211338\/","title":{"rendered":"Affaire Ahmed Souli : R\u00e9duction de peine pour le policier coupable \u00ab\u00a0d\u2019homicide involontaire\u00a0\u00bb"},"content":{"rendered":"<p>Le 5 d\u00e9cembre dernier, le Tribunal de premi\u00e8re instance de Kasserine avait condamn\u00e9 \u00e0 6 mois de prison ferme et \u00e0 une amende de 45 mille dinars l\u2019agent de s\u00e9curit\u00e9 qui avait abattu le jeune Ahmed Souli, d\u00e9c\u00e9d\u00e9 \u00e0 Sbeitla, le 5 juillet dernier des suites de blessures par balle. Sa peine a \u00e9t\u00e9 r\u00e9duite en appel.<\/p>\n<p>\t\t\t\t\t\t\t\t\tEn effet, le s\u00e9curitaire impliqu\u00e9 dans le meurtre du jeune Ahmed Souli, a vu sa peine r\u00e9duite, selon un jugement en appel rendu ce jeudi 4 janvier 2024, \u00e0 cinq mois de prison ferme et \u00e0 trente mille dinars d\u2019amende.<\/p>\n<p>Le suspect avait \u00e9t\u00e9 initialement condamn\u00e9 \u00e0 six mois de d\u00e9tention et \u00e0 une amende de 45 mille dinars au profit de la famille de la victime, \u00e0 titre de compensation financi\u00e8re. Et ce, pour \u00ab\u00a0homicide involontaire suite au manque de pr\u00e9caution, n\u00e9gligence et au non-respect des lois selon les articles 201 et 202 du Code p\u00e9nal\u00a0\u00bb.<\/p>\n<p>L&rsquo;affaire remonte au mois de juillet dernier. Le jeune homme, Ahmed Souli, est d\u00e9c\u00e9d\u00e9 suite \u00e0 un tir d\u2019arme \u00e0 feu par un agent de s\u00e9curit\u00e9 lors d\u2019une descente dans un local de paris sportifs. L\u2019incident avait provoqu\u00e9 des tensions et des \u00e9changes violents \u00e0 Sbeitla qui ont perdur\u00e9 pendant plusieurs jours.<\/p>\n<p>Rappelons que le rapport balistique a confirm\u00e9 que la victime a perdu la vie apr\u00e8s avoir re\u00e7u une balle lors des affrontements entre un groupe de personnes arm\u00e9es de fusils et de cocktails Molotov et les forces de l\u2019ordre.<\/p>\n","protected":false},"excerpt":{"rendered":"<p>Le s\u00e9curitaire impliqu\u00e9 dans la mort du jeune Ahmed Souli, a vu sa peine r\u00e9duite, selon un jugement en appel rendu ce jeudi 4 janvier 2024, \u00e0 cinq mois de priso&#8230;<\/p>\n","protected":false},"author":3162,"featured_media":248308,"comment_status":"open","ping_status":"closed","sticky":false,"template":"","format":"standard","meta":{"footnotes":""},"categories":[2595],"tags":[7231,2985,4604,7230],"class_list":["post-211338","post","type-post","status-publish","format-standard","has-post-thumbnail","hentry","category-regions","tag-ahmed-souli","tag-mort","tag-policier","tag-sbeitla"],"yoast_head":"<!-- This site is optimized with the Yoast SEO Premium plugin v27.4 (Yoast SEO v27.5) - https:\/\/yoast.com\/product\/yoast-seo-premium-wordpress\/ -->\n<title>Affaire Ahmed Souli : R\u00e9duction de peine pour le policier coupable d\u2019homicide involontaire<\/title>\n<meta name=\"description\" content=\"Le s\u00e9curitaire impliqu\u00e9 dans la mort du jeune Ahmed Souli, a vu sa peine r\u00e9duite, selon un jugement en appel rendu ce jeudi 4 janvier 2024, \u00e0 cinq mois de priso...\" \/>\n<link rel=\"canonical\" href=\"https:\/\/www.webdo.tn\/fr\/actualite\/regions\/affaire-ahmed-souli-reduction-de-peine-pour-le-policier-coupable-d-homicide-involontaire\/211338\/\" \/>\n<meta property=\"og:locale\" content=\"fr_FR\" \/>\n<meta property=\"og:type\" content=\"article\" \/>\n<meta property=\"og:title\" content=\"Affaire Ahmed Souli : R\u00e9duction de peine pour le policier coupable &quot;d\u2019homicide involontaire&quot;\" \/>\n<meta property=\"og:description\" content=\"Le s\u00e9curitaire impliqu\u00e9 dans la mort du jeune Ahmed Souli, a vu sa peine r\u00e9duite, selon un jugement en appel rendu ce jeudi 4 janvier 2024, \u00e0 cinq mois de priso...\" \/>\n<meta property=\"og:url\" content=\"https:\/\/www.webdo.tn\/fr\/actualite\/regions\/affaire-ahmed-souli-reduction-de-peine-pour-le-policier-coupable-d-homicide-involontaire\/211338\/\" \/>\n<meta property=\"og:site_name\" content=\"webdo\" \/>\n<meta property=\"article:publisher\" content=\"https:\/\/www.facebook.com\/webdotn\" \/>\n<meta property=\"article:published_time\" content=\"2024-01-05T15:10:00+00:00\" \/>\n<meta property=\"article:modified_time\" content=\"2025-05-20T21:54:08+00:00\" \/>\n<meta property=\"og:image\" content=\"https:\/\/www.webdo.tn\/fr\/wp-content\/uploads\/2024\/01\/a8a2820baaa21d0765d89ded79c20e28.jpg\" \/>\n\t<meta property=\"og:image:width\" content=\"750\" \/>\n\t<meta property=\"og:image:height\" content=\"400\" \/>\n\t<meta property=\"og:image:type\" content=\"image\/jpeg\" \/>\n<meta name=\"author\" content=\"MC\" \/>\n<meta name=\"twitter:card\" content=\"summary_large_image\" \/>\n<meta name=\"twitter:creator\" content=\"@webdo_tn\" \/>\n<meta name=\"twitter:site\" content=\"@webdo_tn\" \/>\n<meta name=\"twitter:label1\" content=\"\u00c9crit par\" \/>\n\t<meta name=\"twitter:data1\" content=\"MC\" \/>\n\t<meta name=\"twitter:label2\" content=\"Dur\u00e9e de lecture estim\u00e9e\" \/>\n\t<meta name=\"twitter:data2\" content=\"1 minute\" \/>\n<script type=\"application\/ld+json\" class=\"yoast-schema-graph\">{\"@context\":\"https:\\\/\\\/schema.org\",\"@graph\":[{\"@type\":\"NewsArticle\",\"@id\":\"https:\\\/\\\/www.webdo.tn\\\/fr\\\/actualite\\\/regions\\\/affaire-ahmed-souli-reduction-de-peine-pour-le-policier-coupable-d-homicide-involontaire\\\/211338\\\/#article\",\"isPartOf\":{\"@id\":\"https:\\\/\\\/www.webdo.tn\\\/fr\\\/actualite\\\/regions\\\/affaire-ahmed-souli-reduction-de-peine-pour-le-policier-coupable-d-homicide-involontaire\\\/211338\\\/\"},\"author\":{\"name\":\"MC\",\"@id\":\"https:\\\/\\\/www.webdo.tn\\\/fr\\\/#\\\/schema\\\/person\\\/2c4929cbf5a809e3bd38617c6ce150f6\"},\"headline\":\"Affaire Ahmed Souli : R\u00e9duction de peine pour le policier coupable \u00ab\u00a0d\u2019homicide involontaire\u00a0\u00bb\",\"datePublished\":\"2024-01-05T15:10:00+00:00\",\"dateModified\":\"2025-05-20T21:54:08+00:00\",\"mainEntityOfPage\":{\"@id\":\"https:\\\/\\\/www.webdo.tn\\\/fr\\\/actualite\\\/regions\\\/affaire-ahmed-souli-reduction-de-peine-pour-le-policier-coupable-d-homicide-involontaire\\\/211338\\\/\"},\"wordCount\":265,\"commentCount\":0,\"publisher\":{\"@id\":\"https:\\\/\\\/www.webdo.tn\\\/fr\\\/#organization\"},\"image\":{\"@id\":\"https:\\\/\\\/www.webdo.tn\\\/fr\\\/actualite\\\/regions\\\/affaire-ahmed-souli-reduction-de-peine-pour-le-policier-coupable-d-homicide-involontaire\\\/211338\\\/#primaryimage\"},\"thumbnailUrl\":\"https:\\\/\\\/www.webdo.tn\\\/fr\\\/wp-content\\\/uploads\\\/2024\\\/01\\\/a8a2820baaa21d0765d89ded79c20e28.jpg\",\"keywords\":[\"ahmed souli\",\"mort\",\"policier\",\"Sb\u00e9itla\"],\"articleSection\":[\"regions\"],\"inLanguage\":\"fr-FR\"},{\"@type\":\"WebPage\",\"@id\":\"https:\\\/\\\/www.webdo.tn\\\/fr\\\/actualite\\\/regions\\\/affaire-ahmed-souli-reduction-de-peine-pour-le-policier-coupable-d-homicide-involontaire\\\/211338\\\/\",\"url\":\"https:\\\/\\\/www.webdo.tn\\\/fr\\\/actualite\\\/regions\\\/affaire-ahmed-souli-reduction-de-peine-pour-le-policier-coupable-d-homicide-involontaire\\\/211338\\\/\",\"name\":\"Affaire Ahmed Souli : R\u00e9duction de peine pour le policier coupable d\u2019homicide involontaire\",\"isPartOf\":{\"@id\":\"https:\\\/\\\/www.webdo.tn\\\/fr\\\/#website\"},\"primaryImageOfPage\":{\"@id\":\"https:\\\/\\\/www.webdo.tn\\\/fr\\\/actualite\\\/regions\\\/affaire-ahmed-souli-reduction-de-peine-pour-le-policier-coupable-d-homicide-involontaire\\\/211338\\\/#primaryimage\"},\"image\":{\"@id\":\"https:\\\/\\\/www.webdo.tn\\\/fr\\\/actualite\\\/regions\\\/affaire-ahmed-souli-reduction-de-peine-pour-le-policier-coupable-d-homicide-involontaire\\\/211338\\\/#primaryimage\"},\"thumbnailUrl\":\"https:\\\/\\\/www.webdo.tn\\\/fr\\\/wp-content\\\/uploads\\\/2024\\\/01\\\/a8a2820baaa21d0765d89ded79c20e28.jpg\",\"datePublished\":\"2024-01-05T15:10:00+00:00\",\"dateModified\":\"2025-05-20T21:54:08+00:00\",\"description\":\"Le s\u00e9curitaire impliqu\u00e9 dans la mort du jeune Ahmed Souli, a vu sa peine r\u00e9duite, selon un jugement en appel rendu ce jeudi 4 janvier 2024, \u00e0 cinq mois de priso...\",\"breadcrumb\":{\"@id\":\"https:\\\/\\\/www.webdo.tn\\\/fr\\\/actualite\\\/regions\\\/affaire-ahmed-souli-reduction-de-peine-pour-le-policier-coupable-d-homicide-involontaire\\\/211338\\\/#breadcrumb\"},\"inLanguage\":\"fr-FR\",\"potentialAction\":[{\"@type\":\"ReadAction\",\"target\":[\"https:\\\/\\\/www.webdo.tn\\\/fr\\\/actualite\\\/regions\\\/affaire-ahmed-souli-reduction-de-peine-pour-le-policier-coupable-d-homicide-involontaire\\\/211338\\\/\"]}]},{\"@type\":\"ImageObject\",\"inLanguage\":\"fr-FR\",\"@id\":\"https:\\\/\\\/www.webdo.tn\\\/fr\\\/actualite\\\/regions\\\/affaire-ahmed-souli-reduction-de-peine-pour-le-policier-coupable-d-homicide-involontaire\\\/211338\\\/#primaryimage\",\"url\":\"https:\\\/\\\/www.webdo.tn\\\/fr\\\/wp-content\\\/uploads\\\/2024\\\/01\\\/a8a2820baaa21d0765d89ded79c20e28.jpg\",\"contentUrl\":\"https:\\\/\\\/www.webdo.tn\\\/fr\\\/wp-content\\\/uploads\\\/2024\\\/01\\\/a8a2820baaa21d0765d89ded79c20e28.jpg\",\"width\":750,\"height\":400,\"caption\":\"Affaire Ahmed Souli : R\u00e9duction de peine pour le policier coupable \\\"d\u2019homicide involontaire\\\"\"},{\"@type\":\"BreadcrumbList\",\"@id\":\"https:\\\/\\\/www.webdo.tn\\\/fr\\\/actualite\\\/regions\\\/affaire-ahmed-souli-reduction-de-peine-pour-le-policier-coupable-d-homicide-involontaire\\\/211338\\\/#breadcrumb\",\"itemListElement\":[{\"@type\":\"ListItem\",\"position\":1,\"name\":\"Accueil\",\"item\":\"https:\\\/\\\/www.webdo.tn\\\/fr\\\/\"},{\"@type\":\"ListItem\",\"position\":2,\"name\":\"Affaire Ahmed Souli : R\u00e9duction de peine pour le policier coupable \u00ab\u00a0d\u2019homicide involontaire\u00a0\u00bb\"}]},{\"@type\":\"WebSite\",\"@id\":\"https:\\\/\\\/www.webdo.tn\\\/fr\\\/#website\",\"url\":\"https:\\\/\\\/www.webdo.tn\\\/fr\\\/\",\"name\":\"webdo\",\"description\":\"Tunisie - News en Tunisie et \u00e0 l&#039;international sur Webdo.tn\",\"publisher\":{\"@id\":\"https:\\\/\\\/www.webdo.tn\\\/fr\\\/#organization\"},\"potentialAction\":[{\"@type\":\"SearchAction\",\"target\":{\"@type\":\"EntryPoint\",\"urlTemplate\":\"https:\\\/\\\/www.webdo.tn\\\/fr\\\/?s={search_term_string}\"},\"query-input\":{\"@type\":\"PropertyValueSpecification\",\"valueRequired\":true,\"valueName\":\"search_term_string\"}}],\"inLanguage\":\"fr-FR\"},{\"@type\":\"Organization\",\"@id\":\"https:\\\/\\\/www.webdo.tn\\\/fr\\\/#organization\",\"name\":\"Webdo\",\"alternateName\":\"Webdo.tn\",\"url\":\"https:\\\/\\\/www.webdo.tn\\\/fr\\\/\",\"logo\":{\"@type\":\"ImageObject\",\"inLanguage\":\"fr-FR\",\"@id\":\"https:\\\/\\\/www.webdo.tn\\\/fr\\\/#\\\/schema\\\/logo\\\/image\\\/\",\"url\":\"https:\\\/\\\/www.webdo.tn\\\/fr\\\/wp-content\\\/uploads\\\/2025\\\/06\\\/Webdo-Tunisie_168377.jpg\",\"contentUrl\":\"https:\\\/\\\/www.webdo.tn\\\/fr\\\/wp-content\\\/uploads\\\/2025\\\/06\\\/Webdo-Tunisie_168377.jpg\",\"width\":301,\"height\":301,\"caption\":\"Webdo\"},\"image\":{\"@id\":\"https:\\\/\\\/www.webdo.tn\\\/fr\\\/#\\\/schema\\\/logo\\\/image\\\/\"},\"sameAs\":[\"https:\\\/\\\/www.facebook.com\\\/webdotn\",\"https:\\\/\\\/x.com\\\/webdo_tn\"],\"description\":\"Webdo est un m\u00e9dia num\u00e9rique tunisien fond\u00e9 en 2010, sp\u00e9cialis\u00e9 dans l\u2019actualit\u00e9 nationale et internationale, l\u2019\u00e9conomie, la soci\u00e9t\u00e9 et les analyses politiques. Le site s\u2019adresse \u00e0 un large public francophone et couvre l\u2019information tunisienne en temps r\u00e9el.\",\"email\":\"redac@webdo.tn\",\"legalName\":\"YNJ SARL\",\"foundingDate\":\"2010-09-06\",\"numberOfEmployees\":{\"@type\":\"QuantitativeValue\",\"minValue\":\"11\",\"maxValue\":\"50\"}},{\"@type\":\"Person\",\"@id\":\"https:\\\/\\\/www.webdo.tn\\\/fr\\\/#\\\/schema\\\/person\\\/2c4929cbf5a809e3bd38617c6ce150f6\",\"name\":\"MC\",\"image\":{\"@type\":\"ImageObject\",\"inLanguage\":\"fr-FR\",\"@id\":\"https:\\\/\\\/secure.gravatar.com\\\/avatar\\\/a545bbb6f84efdd5553dbbc2895e3ca8f1d12c5215e00a041c9670b54aa9b18a?s=96&d=mm&r=g\",\"url\":\"https:\\\/\\\/secure.gravatar.com\\\/avatar\\\/a545bbb6f84efdd5553dbbc2895e3ca8f1d12c5215e00a041c9670b54aa9b18a?s=96&d=mm&r=g\",\"contentUrl\":\"https:\\\/\\\/secure.gravatar.com\\\/avatar\\\/a545bbb6f84efdd5553dbbc2895e3ca8f1d12c5215e00a041c9670b54aa9b18a?s=96&d=mm&r=g\",\"caption\":\"MC\"},\"url\":\"https:\\\/\\\/www.webdo.tn\\\/fr\\\/actualite\\\/author\\\/mc\\\/\"}]}<\/script>\n<!-- \/ Yoast SEO Premium plugin. -->","yoast_head_json":{"title":"Affaire Ahmed Souli : R\u00e9duction de peine pour le policier coupable d\u2019homicide involontaire","description":"Le s\u00e9curitaire impliqu\u00e9 dans la mort du jeune Ahmed Souli, a vu sa peine r\u00e9duite, selon un jugement en appel rendu ce jeudi 4 janvier 2024, \u00e0 cinq mois de priso...","canonical":"https:\/\/www.webdo.tn\/fr\/actualite\/regions\/affaire-ahmed-souli-reduction-de-peine-pour-le-policier-coupable-d-homicide-involontaire\/211338\/","og_locale":"fr_FR","og_type":"article","og_title":"Affaire Ahmed Souli : R\u00e9duction de peine pour le policier coupable \"d\u2019homicide involontaire\"","og_description":"Le s\u00e9curitaire impliqu\u00e9 dans la mort du jeune Ahmed Souli, a vu sa peine r\u00e9duite, selon un jugement en appel rendu ce jeudi 4 janvier 2024, \u00e0 cinq mois de priso...","og_url":"https:\/\/www.webdo.tn\/fr\/actualite\/regions\/affaire-ahmed-souli-reduction-de-peine-pour-le-policier-coupable-d-homicide-involontaire\/211338\/","og_site_name":"webdo","article_publisher":"https:\/\/www.facebook.com\/webdotn","article_published_time":"2024-01-05T15:10:00+00:00","article_modified_time":"2025-05-20T21:54:08+00:00","og_image":[{"width":750,"height":400,"url":"https:\/\/www.webdo.tn\/fr\/wp-content\/uploads\/2024\/01\/a8a2820baaa21d0765d89ded79c20e28.jpg","type":"image\/jpeg"}],"author":"MC","twitter_card":"summary_large_image","twitter_creator":"@webdo_tn","twitter_site":"@webdo_tn","twitter_misc":{"\u00c9crit par":"MC","Dur\u00e9e de lecture estim\u00e9e":"1 minute"},"schema":{"@context":"https:\/\/schema.org","@graph":[{"@type":"NewsArticle","@id":"https:\/\/www.webdo.tn\/fr\/actualite\/regions\/affaire-ahmed-souli-reduction-de-peine-pour-le-policier-coupable-d-homicide-involontaire\/211338\/#article","isPartOf":{"@id":"https:\/\/www.webdo.tn\/fr\/actualite\/regions\/affaire-ahmed-souli-reduction-de-peine-pour-le-policier-coupable-d-homicide-involontaire\/211338\/"},"author":{"name":"MC","@id":"https:\/\/www.webdo.tn\/fr\/#\/schema\/person\/2c4929cbf5a809e3bd38617c6ce150f6"},"headline":"Affaire Ahmed Souli : R\u00e9duction de peine pour le policier coupable \u00ab\u00a0d\u2019homicide involontaire\u00a0\u00bb","datePublished":"2024-01-05T15:10:00+00:00","dateModified":"2025-05-20T21:54:08+00:00","mainEntityOfPage":{"@id":"https:\/\/www.webdo.tn\/fr\/actualite\/regions\/affaire-ahmed-souli-reduction-de-peine-pour-le-policier-coupable-d-homicide-involontaire\/211338\/"},"wordCount":265,"commentCount":0,"publisher":{"@id":"https:\/\/www.webdo.tn\/fr\/#organization"},"image":{"@id":"https:\/\/www.webdo.tn\/fr\/actualite\/regions\/affaire-ahmed-souli-reduction-de-peine-pour-le-policier-coupable-d-homicide-involontaire\/211338\/#primaryimage"},"thumbnailUrl":"https:\/\/www.webdo.tn\/fr\/wp-content\/uploads\/2024\/01\/a8a2820baaa21d0765d89ded79c20e28.jpg","keywords":["ahmed souli","mort","policier","Sb\u00e9itla"],"articleSection":["regions"],"inLanguage":"fr-FR"},{"@type":"WebPage","@id":"https:\/\/www.webdo.tn\/fr\/actualite\/regions\/affaire-ahmed-souli-reduction-de-peine-pour-le-policier-coupable-d-homicide-involontaire\/211338\/","url":"https:\/\/www.webdo.tn\/fr\/actualite\/regions\/affaire-ahmed-souli-reduction-de-peine-pour-le-policier-coupable-d-homicide-involontaire\/211338\/","name":"Affaire Ahmed Souli : R\u00e9duction de peine pour le policier coupable d\u2019homicide involontaire","isPartOf":{"@id":"https:\/\/www.webdo.tn\/fr\/#website"},"primaryImageOfPage":{"@id":"https:\/\/www.webdo.tn\/fr\/actualite\/regions\/affaire-ahmed-souli-reduction-de-peine-pour-le-policier-coupable-d-homicide-involontaire\/211338\/#primaryimage"},"image":{"@id":"https:\/\/www.webdo.tn\/fr\/actualite\/regions\/affaire-ahmed-souli-reduction-de-peine-pour-le-policier-coupable-d-homicide-involontaire\/211338\/#primaryimage"},"thumbnailUrl":"https:\/\/www.webdo.tn\/fr\/wp-content\/uploads\/2024\/01\/a8a2820baaa21d0765d89ded79c20e28.jpg","datePublished":"2024-01-05T15:10:00+00:00","dateModified":"2025-05-20T21:54:08+00:00","description":"Le s\u00e9curitaire impliqu\u00e9 dans la mort du jeune Ahmed Souli, a vu sa peine r\u00e9duite, selon un jugement en appel rendu ce jeudi 4 janvier 2024, \u00e0 cinq mois de priso...","breadcrumb":{"@id":"https:\/\/www.webdo.tn\/fr\/actualite\/regions\/affaire-ahmed-souli-reduction-de-peine-pour-le-policier-coupable-d-homicide-involontaire\/211338\/#breadcrumb"},"inLanguage":"fr-FR","potentialAction":[{"@type":"ReadAction","target":["https:\/\/www.webdo.tn\/fr\/actualite\/regions\/affaire-ahmed-souli-reduction-de-peine-pour-le-policier-coupable-d-homicide-involontaire\/211338\/"]}]},{"@type":"ImageObject","inLanguage":"fr-FR","@id":"https:\/\/www.webdo.tn\/fr\/actualite\/regions\/affaire-ahmed-souli-reduction-de-peine-pour-le-policier-coupable-d-homicide-involontaire\/211338\/#primaryimage","url":"https:\/\/www.webdo.tn\/fr\/wp-content\/uploads\/2024\/01\/a8a2820baaa21d0765d89ded79c20e28.jpg","contentUrl":"https:\/\/www.webdo.tn\/fr\/wp-content\/uploads\/2024\/01\/a8a2820baaa21d0765d89ded79c20e28.jpg","width":750,"height":400,"caption":"Affaire Ahmed Souli : R\u00e9duction de peine pour le policier coupable \"d\u2019homicide involontaire\""},{"@type":"BreadcrumbList","@id":"https:\/\/www.webdo.tn\/fr\/actualite\/regions\/affaire-ahmed-souli-reduction-de-peine-pour-le-policier-coupable-d-homicide-involontaire\/211338\/#breadcrumb","itemListElement":[{"@type":"ListItem","position":1,"name":"Accueil","item":"https:\/\/www.webdo.tn\/fr\/"},{"@type":"ListItem","position":2,"name":"Affaire Ahmed Souli : R\u00e9duction de peine pour le policier coupable \u00ab\u00a0d\u2019homicide involontaire\u00a0\u00bb"}]},{"@type":"WebSite","@id":"https:\/\/www.webdo.tn\/fr\/#website","url":"https:\/\/www.webdo.tn\/fr\/","name":"webdo","description":"Tunisie - News en Tunisie et \u00e0 l&#039;international sur Webdo.tn","publisher":{"@id":"https:\/\/www.webdo.tn\/fr\/#organization"},"potentialAction":[{"@type":"SearchAction","target":{"@type":"EntryPoint","urlTemplate":"https:\/\/www.webdo.tn\/fr\/?s={search_term_string}"},"query-input":{"@type":"PropertyValueSpecification","valueRequired":true,"valueName":"search_term_string"}}],"inLanguage":"fr-FR"},{"@type":"Organization","@id":"https:\/\/www.webdo.tn\/fr\/#organization","name":"Webdo","alternateName":"Webdo.tn","url":"https:\/\/www.webdo.tn\/fr\/","logo":{"@type":"ImageObject","inLanguage":"fr-FR","@id":"https:\/\/www.webdo.tn\/fr\/#\/schema\/logo\/image\/","url":"https:\/\/www.webdo.tn\/fr\/wp-content\/uploads\/2025\/06\/Webdo-Tunisie_168377.jpg","contentUrl":"https:\/\/www.webdo.tn\/fr\/wp-content\/uploads\/2025\/06\/Webdo-Tunisie_168377.jpg","width":301,"height":301,"caption":"Webdo"},"image":{"@id":"https:\/\/www.webdo.tn\/fr\/#\/schema\/logo\/image\/"},"sameAs":["https:\/\/www.facebook.com\/webdotn","https:\/\/x.com\/webdo_tn"],"description":"Webdo est un m\u00e9dia num\u00e9rique tunisien fond\u00e9 en 2010, sp\u00e9cialis\u00e9 dans l\u2019actualit\u00e9 nationale et internationale, l\u2019\u00e9conomie, la soci\u00e9t\u00e9 et les analyses politiques. Le site s\u2019adresse \u00e0 un large public francophone et couvre l\u2019information tunisienne en temps r\u00e9el.","email":"redac@webdo.tn","legalName":"YNJ SARL","foundingDate":"2010-09-06","numberOfEmployees":{"@type":"QuantitativeValue","minValue":"11","maxValue":"50"}},{"@type":"Person","@id":"https:\/\/www.webdo.tn\/fr\/#\/schema\/person\/2c4929cbf5a809e3bd38617c6ce150f6","name":"MC","image":{"@type":"ImageObject","inLanguage":"fr-FR","@id":"https:\/\/secure.gravatar.com\/avatar\/a545bbb6f84efdd5553dbbc2895e3ca8f1d12c5215e00a041c9670b54aa9b18a?s=96&d=mm&r=g","url":"https:\/\/secure.gravatar.com\/avatar\/a545bbb6f84efdd5553dbbc2895e3ca8f1d12c5215e00a041c9670b54aa9b18a?s=96&d=mm&r=g","contentUrl":"https:\/\/secure.gravatar.com\/avatar\/a545bbb6f84efdd5553dbbc2895e3ca8f1d12c5215e00a041c9670b54aa9b18a?s=96&d=mm&r=g","caption":"MC"},"url":"https:\/\/www.webdo.tn\/fr\/actualite\/author\/mc\/"}]}},"_links":{"self":[{"href":"https:\/\/www.webdo.tn\/fr\/wp-json\/wp\/v2\/posts\/211338","targetHints":{"allow":["GET"]}}],"collection":[{"href":"https:\/\/www.webdo.tn\/fr\/wp-json\/wp\/v2\/posts"}],"about":[{"href":"https:\/\/www.webdo.tn\/fr\/wp-json\/wp\/v2\/types\/post"}],"author":[{"embeddable":true,"href":"https:\/\/www.webdo.tn\/fr\/wp-json\/wp\/v2\/users\/3162"}],"replies":[{"embeddable":true,"href":"https:\/\/www.webdo.tn\/fr\/wp-json\/wp\/v2\/comments?post=211338"}],"version-history":[{"count":0,"href":"https:\/\/www.webdo.tn\/fr\/wp-json\/wp\/v2\/posts\/211338\/revisions"}],"wp:featuredmedia":[{"embeddable":true,"href":"https:\/\/www.webdo.tn\/fr\/wp-json\/wp\/v2\/media\/248308"}],"wp:attachment":[{"href":"https:\/\/www.webdo.tn\/fr\/wp-json\/wp\/v2\/media?parent=211338"}],"wp:term":[{"taxonomy":"category","embeddable":true,"href":"https:\/\/www.webdo.tn\/fr\/wp-json\/wp\/v2\/categories?post=211338"},{"taxonomy":"post_tag","embeddable":true,"href":"https:\/\/www.webdo.tn\/fr\/wp-json\/wp\/v2\/tags?post=211338"}],"curies":[{"name":"wp","href":"https:\/\/api.w.org\/{rel}","templated":true}]}}