{"id":211327,"date":"2024-01-05T11:11:00","date_gmt":"2024-01-05T11:11:00","guid":{"rendered":"https:\/\/www.webdo.tn\/fr\/blog\/tunisie-la-detention-de-bechir-akremi-et-d-habib-ellouze-prolongee-de-4-mois\/211327\/"},"modified":"2025-05-20T22:11:17","modified_gmt":"2025-05-20T22:11:17","slug":"tunisie-la-detention-de-bechir-akremi-et-d-habib-ellouze-prolongee-de-4-mois","status":"publish","type":"post","link":"https:\/\/www.webdo.tn\/fr\/actualite\/national\/tunisie-la-detention-de-bechir-akremi-et-d-habib-ellouze-prolongee-de-4-mois\/211327\/","title":{"rendered":"Tunisie : La d\u00e9tention de Bechir Akremi et d\u2019Habib Ellouze prolong\u00e9e de 4 mois"},"content":{"rendered":"<p>L&rsquo;ancien procureur de la R\u00e9publique pr\u00e8s le Tribunal de premi\u00e8re instance de Tunis, Bechir Akremi, et l&rsquo;ancien dirigeant d&rsquo;Ennahdha, Habib Ellouze, ont vu leur d\u00e9tention prolong\u00e9e de 4 mois.<\/p>\n<p>\t\t\t\t\t\t\t\t\tCette d\u00e9cision a \u00e9t\u00e9 prise par le juge d\u2019instruction aupr\u00e8s du P\u00f4le judiciaire antiterroriste. Ce m\u00eame juge d\u2019instruction avait \u00e9mis les mandats de d\u00e9p\u00f4t \u00e0 l\u2019encontre de ces deux personnes en mars 2023, dans le cadre d&rsquo;une affaire de suspicion d&rsquo;appartenance \u00e0 une organisation terroriste et de falsification et dissimulation de documents d&rsquo;une affaire \u00e0 caract\u00e8re terroriste.<\/p>\n<p>Le juge d\u2019instruction au Tribunal de premi\u00e8re instance de Tunis a \u00e9mis, le 24 juillet 2023, un mandat de d\u00e9p\u00f4t \u00e0 l\u2019encontre de l\u2019ancien procureur de la R\u00e9publique au Tribunal de premi\u00e8re instance de Tunis, Bechir Akremi.<\/p>\n<p>Ce mandat de d\u00e9p\u00f4t fait suite \u00e0 la plainte d\u00e9pos\u00e9e contre Bechir Akremi pour des suspicions de d\u00e9passement de pr\u00e9rogatives et des infractions lors de sa prise en charge des dossiers des martyrs Chokri Bela\u00efd et Mohamed Brahmi alors qu\u2019il \u00e9tait juge d\u2019instruction au bureau 13 du P\u00f4le judiciaire de lutte contre le terrorisme, rapporte Mosaique fm.<\/p>\n<p>En mars dernier, un mandat de d\u00e9p\u00f4t avait \u00e9t\u00e9 \u00e9mis par le juge d\u2019instruction contre le magistrat r\u00e9voqu\u00e9, accus\u00e9 d\u2019avoir voulu changer le statut d\u2019un accus\u00e9 dans une affaire terroriste.<\/p>\n<p>Bechir Akremi a \u00e9t\u00e9 arr\u00eat\u00e9 le 12 f\u00e9vrier 2023. Son arrestation est en lien avec l&rsquo;affaire de l&rsquo;assassinat du martyr Chokri Belaid.<\/p>\n<p>Concernant Habib Ellouze, un mandat de d\u00e9p\u00f4t a \u00e9t\u00e9 \u00e9mis \u00e0 son encontre, par le juge d\u2019instruction pr\u00e8s le p\u00f4le judiciaire antiterroriste, le 10 mars 2023. Il est \u00e0 rappeler que le leader d&rsquo;Ennahdha a \u00e9t\u00e9 arr\u00eat\u00e9 le 2 mars 2023.<\/p>\n","protected":false},"excerpt":{"rendered":"<p>Le juge d\u2019instruction relevant du P\u00f4le judiciaire de lutte contre le terrorisme a prolong\u00e9 de quatre mois la d\u00e9tention pr\u00e9ventive de l\u2019ancien procureur de la R\u00e9&#8230;<\/p>\n","protected":false},"author":3162,"featured_media":290045,"comment_status":"open","ping_status":"closed","sticky":false,"template":"","format":"standard","meta":{"footnotes":""},"categories":[44],"tags":[5457,3286,7972],"class_list":["post-211327","post","type-post","status-publish","format-standard","has-post-thumbnail","hentry","category-national","tag-bechir-akremi","tag-detention","tag-habib-ellouze"],"yoast_head":"<!-- This site is optimized with the Yoast SEO Premium plugin v27.4 (Yoast SEO v27.5) - https:\/\/yoast.com\/product\/yoast-seo-premium-wordpress\/ -->\n<title>Tunisie : La d\u00e9tention de Bechir Akremi et d\u2019Habib Ellouze prolong\u00e9e de 4 mois<\/title>\n<meta name=\"description\" content=\"Le juge d\u2019instruction relevant du P\u00f4le judiciaire de lutte contre le terrorisme a prolong\u00e9 de quatre mois la d\u00e9tention pr\u00e9ventive de l\u2019ancien procureur de la R\u00e9...\" \/>\n<link rel=\"canonical\" href=\"https:\/\/www.webdo.tn\/fr\/actualite\/national\/tunisie-la-detention-de-bechir-akremi-et-d-habib-ellouze-prolongee-de-4-mois\/211327\/\" \/>\n<meta property=\"og:locale\" content=\"fr_FR\" \/>\n<meta property=\"og:type\" content=\"article\" \/>\n<meta property=\"og:title\" content=\"Tunisie : La d\u00e9tention de Bechir Akremi et d\u2019Habib Ellouze prolong\u00e9e de 4 mois\" \/>\n<meta property=\"og:description\" content=\"Le juge d\u2019instruction relevant du P\u00f4le judiciaire de lutte contre le terrorisme a prolong\u00e9 de quatre mois la d\u00e9tention pr\u00e9ventive de l\u2019ancien procureur de la R\u00e9...\" \/>\n<meta property=\"og:url\" content=\"https:\/\/www.webdo.tn\/fr\/actualite\/national\/tunisie-la-detention-de-bechir-akremi-et-d-habib-ellouze-prolongee-de-4-mois\/211327\/\" \/>\n<meta property=\"og:site_name\" content=\"webdo\" \/>\n<meta property=\"article:publisher\" content=\"https:\/\/www.facebook.com\/webdotn\" \/>\n<meta property=\"article:published_time\" content=\"2024-01-05T11:11:00+00:00\" \/>\n<meta property=\"article:modified_time\" content=\"2025-05-20T22:11:17+00:00\" \/>\n<meta property=\"og:image\" content=\"https:\/\/www.webdo.tn\/fr\/wp-content\/uploads\/2024\/01\/363bb47d301e0a039cb9fd389fb985cc.jpeg\" \/>\n\t<meta property=\"og:image:width\" content=\"650\" \/>\n\t<meta property=\"og:image:height\" content=\"347\" \/>\n\t<meta property=\"og:image:type\" content=\"image\/jpeg\" \/>\n<meta name=\"author\" content=\"MC\" \/>\n<meta name=\"twitter:card\" content=\"summary_large_image\" \/>\n<meta name=\"twitter:creator\" content=\"@webdo_tn\" \/>\n<meta name=\"twitter:site\" content=\"@webdo_tn\" \/>\n<meta name=\"twitter:label1\" content=\"\u00c9crit par\" \/>\n\t<meta name=\"twitter:data1\" content=\"MC\" \/>\n\t<meta name=\"twitter:label2\" content=\"Dur\u00e9e de lecture estim\u00e9e\" \/>\n\t<meta name=\"twitter:data2\" content=\"2 minutes\" \/>\n<script type=\"application\/ld+json\" class=\"yoast-schema-graph\">{\"@context\":\"https:\\\/\\\/schema.org\",\"@graph\":[{\"@type\":\"NewsArticle\",\"@id\":\"https:\\\/\\\/www.webdo.tn\\\/fr\\\/actualite\\\/national\\\/tunisie-la-detention-de-bechir-akremi-et-d-habib-ellouze-prolongee-de-4-mois\\\/211327\\\/#article\",\"isPartOf\":{\"@id\":\"https:\\\/\\\/www.webdo.tn\\\/fr\\\/actualite\\\/national\\\/tunisie-la-detention-de-bechir-akremi-et-d-habib-ellouze-prolongee-de-4-mois\\\/211327\\\/\"},\"author\":{\"name\":\"MC\",\"@id\":\"https:\\\/\\\/www.webdo.tn\\\/fr\\\/#\\\/schema\\\/person\\\/2c4929cbf5a809e3bd38617c6ce150f6\"},\"headline\":\"Tunisie : La d\u00e9tention de Bechir Akremi et d\u2019Habib Ellouze prolong\u00e9e de 4 mois\",\"datePublished\":\"2024-01-05T11:11:00+00:00\",\"dateModified\":\"2025-05-20T22:11:17+00:00\",\"mainEntityOfPage\":{\"@id\":\"https:\\\/\\\/www.webdo.tn\\\/fr\\\/actualite\\\/national\\\/tunisie-la-detention-de-bechir-akremi-et-d-habib-ellouze-prolongee-de-4-mois\\\/211327\\\/\"},\"wordCount\":326,\"commentCount\":0,\"publisher\":{\"@id\":\"https:\\\/\\\/www.webdo.tn\\\/fr\\\/#organization\"},\"image\":{\"@id\":\"https:\\\/\\\/www.webdo.tn\\\/fr\\\/actualite\\\/national\\\/tunisie-la-detention-de-bechir-akremi-et-d-habib-ellouze-prolongee-de-4-mois\\\/211327\\\/#primaryimage\"},\"thumbnailUrl\":\"https:\\\/\\\/www.webdo.tn\\\/fr\\\/wp-content\\\/uploads\\\/2024\\\/01\\\/363bb47d301e0a039cb9fd389fb985cc.jpeg\",\"keywords\":[\"bechir akremi\",\"d\u00e9tention\",\"Habib Ellouze\"],\"articleSection\":[\"National\"],\"inLanguage\":\"fr-FR\"},{\"@type\":\"WebPage\",\"@id\":\"https:\\\/\\\/www.webdo.tn\\\/fr\\\/actualite\\\/national\\\/tunisie-la-detention-de-bechir-akremi-et-d-habib-ellouze-prolongee-de-4-mois\\\/211327\\\/\",\"url\":\"https:\\\/\\\/www.webdo.tn\\\/fr\\\/actualite\\\/national\\\/tunisie-la-detention-de-bechir-akremi-et-d-habib-ellouze-prolongee-de-4-mois\\\/211327\\\/\",\"name\":\"Tunisie : La d\u00e9tention de Bechir Akremi et d\u2019Habib Ellouze prolong\u00e9e de 4 mois\",\"isPartOf\":{\"@id\":\"https:\\\/\\\/www.webdo.tn\\\/fr\\\/#website\"},\"primaryImageOfPage\":{\"@id\":\"https:\\\/\\\/www.webdo.tn\\\/fr\\\/actualite\\\/national\\\/tunisie-la-detention-de-bechir-akremi-et-d-habib-ellouze-prolongee-de-4-mois\\\/211327\\\/#primaryimage\"},\"image\":{\"@id\":\"https:\\\/\\\/www.webdo.tn\\\/fr\\\/actualite\\\/national\\\/tunisie-la-detention-de-bechir-akremi-et-d-habib-ellouze-prolongee-de-4-mois\\\/211327\\\/#primaryimage\"},\"thumbnailUrl\":\"https:\\\/\\\/www.webdo.tn\\\/fr\\\/wp-content\\\/uploads\\\/2024\\\/01\\\/363bb47d301e0a039cb9fd389fb985cc.jpeg\",\"datePublished\":\"2024-01-05T11:11:00+00:00\",\"dateModified\":\"2025-05-20T22:11:17+00:00\",\"description\":\"Le juge d\u2019instruction relevant du P\u00f4le judiciaire de lutte contre le terrorisme a prolong\u00e9 de quatre mois la d\u00e9tention pr\u00e9ventive de l\u2019ancien procureur de la R\u00e9...\",\"breadcrumb\":{\"@id\":\"https:\\\/\\\/www.webdo.tn\\\/fr\\\/actualite\\\/national\\\/tunisie-la-detention-de-bechir-akremi-et-d-habib-ellouze-prolongee-de-4-mois\\\/211327\\\/#breadcrumb\"},\"inLanguage\":\"fr-FR\",\"potentialAction\":[{\"@type\":\"ReadAction\",\"target\":[\"https:\\\/\\\/www.webdo.tn\\\/fr\\\/actualite\\\/national\\\/tunisie-la-detention-de-bechir-akremi-et-d-habib-ellouze-prolongee-de-4-mois\\\/211327\\\/\"]}]},{\"@type\":\"ImageObject\",\"inLanguage\":\"fr-FR\",\"@id\":\"https:\\\/\\\/www.webdo.tn\\\/fr\\\/actualite\\\/national\\\/tunisie-la-detention-de-bechir-akremi-et-d-habib-ellouze-prolongee-de-4-mois\\\/211327\\\/#primaryimage\",\"url\":\"https:\\\/\\\/www.webdo.tn\\\/fr\\\/wp-content\\\/uploads\\\/2024\\\/01\\\/363bb47d301e0a039cb9fd389fb985cc.jpeg\",\"contentUrl\":\"https:\\\/\\\/www.webdo.tn\\\/fr\\\/wp-content\\\/uploads\\\/2024\\\/01\\\/363bb47d301e0a039cb9fd389fb985cc.jpeg\",\"width\":650,\"height\":347,\"caption\":\"Tunisie : La d\u00e9tention de Bechir Akremi et d\u2019Habib Ellouze prolong\u00e9e de 4 mois\"},{\"@type\":\"BreadcrumbList\",\"@id\":\"https:\\\/\\\/www.webdo.tn\\\/fr\\\/actualite\\\/national\\\/tunisie-la-detention-de-bechir-akremi-et-d-habib-ellouze-prolongee-de-4-mois\\\/211327\\\/#breadcrumb\",\"itemListElement\":[{\"@type\":\"ListItem\",\"position\":1,\"name\":\"Accueil\",\"item\":\"https:\\\/\\\/www.webdo.tn\\\/fr\\\/\"},{\"@type\":\"ListItem\",\"position\":2,\"name\":\"Tunisie : La d\u00e9tention de Bechir Akremi et d\u2019Habib Ellouze prolong\u00e9e de 4 mois\"}]},{\"@type\":\"WebSite\",\"@id\":\"https:\\\/\\\/www.webdo.tn\\\/fr\\\/#website\",\"url\":\"https:\\\/\\\/www.webdo.tn\\\/fr\\\/\",\"name\":\"webdo\",\"description\":\"Tunisie - News en Tunisie et \u00e0 l&#039;international sur Webdo.tn\",\"publisher\":{\"@id\":\"https:\\\/\\\/www.webdo.tn\\\/fr\\\/#organization\"},\"potentialAction\":[{\"@type\":\"SearchAction\",\"target\":{\"@type\":\"EntryPoint\",\"urlTemplate\":\"https:\\\/\\\/www.webdo.tn\\\/fr\\\/?s={search_term_string}\"},\"query-input\":{\"@type\":\"PropertyValueSpecification\",\"valueRequired\":true,\"valueName\":\"search_term_string\"}}],\"inLanguage\":\"fr-FR\"},{\"@type\":\"Organization\",\"@id\":\"https:\\\/\\\/www.webdo.tn\\\/fr\\\/#organization\",\"name\":\"Webdo\",\"alternateName\":\"Webdo.tn\",\"url\":\"https:\\\/\\\/www.webdo.tn\\\/fr\\\/\",\"logo\":{\"@type\":\"ImageObject\",\"inLanguage\":\"fr-FR\",\"@id\":\"https:\\\/\\\/www.webdo.tn\\\/fr\\\/#\\\/schema\\\/logo\\\/image\\\/\",\"url\":\"https:\\\/\\\/www.webdo.tn\\\/fr\\\/wp-content\\\/uploads\\\/2025\\\/06\\\/Webdo-Tunisie_168377.jpg\",\"contentUrl\":\"https:\\\/\\\/www.webdo.tn\\\/fr\\\/wp-content\\\/uploads\\\/2025\\\/06\\\/Webdo-Tunisie_168377.jpg\",\"width\":301,\"height\":301,\"caption\":\"Webdo\"},\"image\":{\"@id\":\"https:\\\/\\\/www.webdo.tn\\\/fr\\\/#\\\/schema\\\/logo\\\/image\\\/\"},\"sameAs\":[\"https:\\\/\\\/www.facebook.com\\\/webdotn\",\"https:\\\/\\\/x.com\\\/webdo_tn\"],\"description\":\"Webdo est un m\u00e9dia num\u00e9rique tunisien fond\u00e9 en 2010, sp\u00e9cialis\u00e9 dans l\u2019actualit\u00e9 nationale et internationale, l\u2019\u00e9conomie, la soci\u00e9t\u00e9 et les analyses politiques. Le site s\u2019adresse \u00e0 un large public francophone et couvre l\u2019information tunisienne en temps r\u00e9el.\",\"email\":\"redac@webdo.tn\",\"legalName\":\"YNJ SARL\",\"foundingDate\":\"2010-09-06\",\"numberOfEmployees\":{\"@type\":\"QuantitativeValue\",\"minValue\":\"11\",\"maxValue\":\"50\"}},{\"@type\":\"Person\",\"@id\":\"https:\\\/\\\/www.webdo.tn\\\/fr\\\/#\\\/schema\\\/person\\\/2c4929cbf5a809e3bd38617c6ce150f6\",\"name\":\"MC\",\"image\":{\"@type\":\"ImageObject\",\"inLanguage\":\"fr-FR\",\"@id\":\"https:\\\/\\\/secure.gravatar.com\\\/avatar\\\/a545bbb6f84efdd5553dbbc2895e3ca8f1d12c5215e00a041c9670b54aa9b18a?s=96&d=mm&r=g\",\"url\":\"https:\\\/\\\/secure.gravatar.com\\\/avatar\\\/a545bbb6f84efdd5553dbbc2895e3ca8f1d12c5215e00a041c9670b54aa9b18a?s=96&d=mm&r=g\",\"contentUrl\":\"https:\\\/\\\/secure.gravatar.com\\\/avatar\\\/a545bbb6f84efdd5553dbbc2895e3ca8f1d12c5215e00a041c9670b54aa9b18a?s=96&d=mm&r=g\",\"caption\":\"MC\"},\"url\":\"https:\\\/\\\/www.webdo.tn\\\/fr\\\/actualite\\\/author\\\/mc\\\/\"}]}<\/script>\n<!-- \/ Yoast SEO Premium plugin. -->","yoast_head_json":{"title":"Tunisie : La d\u00e9tention de Bechir Akremi et d\u2019Habib Ellouze prolong\u00e9e de 4 mois","description":"Le juge d\u2019instruction relevant du P\u00f4le judiciaire de lutte contre le terrorisme a prolong\u00e9 de quatre mois la d\u00e9tention pr\u00e9ventive de l\u2019ancien procureur de la R\u00e9...","canonical":"https:\/\/www.webdo.tn\/fr\/actualite\/national\/tunisie-la-detention-de-bechir-akremi-et-d-habib-ellouze-prolongee-de-4-mois\/211327\/","og_locale":"fr_FR","og_type":"article","og_title":"Tunisie : La d\u00e9tention de Bechir Akremi et d\u2019Habib Ellouze prolong\u00e9e de 4 mois","og_description":"Le juge d\u2019instruction relevant du P\u00f4le judiciaire de lutte contre le terrorisme a prolong\u00e9 de quatre mois la d\u00e9tention pr\u00e9ventive de l\u2019ancien procureur de la R\u00e9...","og_url":"https:\/\/www.webdo.tn\/fr\/actualite\/national\/tunisie-la-detention-de-bechir-akremi-et-d-habib-ellouze-prolongee-de-4-mois\/211327\/","og_site_name":"webdo","article_publisher":"https:\/\/www.facebook.com\/webdotn","article_published_time":"2024-01-05T11:11:00+00:00","article_modified_time":"2025-05-20T22:11:17+00:00","og_image":[{"width":650,"height":347,"url":"https:\/\/www.webdo.tn\/fr\/wp-content\/uploads\/2024\/01\/363bb47d301e0a039cb9fd389fb985cc.jpeg","type":"image\/jpeg"}],"author":"MC","twitter_card":"summary_large_image","twitter_creator":"@webdo_tn","twitter_site":"@webdo_tn","twitter_misc":{"\u00c9crit par":"MC","Dur\u00e9e de lecture estim\u00e9e":"2 minutes"},"schema":{"@context":"https:\/\/schema.org","@graph":[{"@type":"NewsArticle","@id":"https:\/\/www.webdo.tn\/fr\/actualite\/national\/tunisie-la-detention-de-bechir-akremi-et-d-habib-ellouze-prolongee-de-4-mois\/211327\/#article","isPartOf":{"@id":"https:\/\/www.webdo.tn\/fr\/actualite\/national\/tunisie-la-detention-de-bechir-akremi-et-d-habib-ellouze-prolongee-de-4-mois\/211327\/"},"author":{"name":"MC","@id":"https:\/\/www.webdo.tn\/fr\/#\/schema\/person\/2c4929cbf5a809e3bd38617c6ce150f6"},"headline":"Tunisie : La d\u00e9tention de Bechir Akremi et d\u2019Habib Ellouze prolong\u00e9e de 4 mois","datePublished":"2024-01-05T11:11:00+00:00","dateModified":"2025-05-20T22:11:17+00:00","mainEntityOfPage":{"@id":"https:\/\/www.webdo.tn\/fr\/actualite\/national\/tunisie-la-detention-de-bechir-akremi-et-d-habib-ellouze-prolongee-de-4-mois\/211327\/"},"wordCount":326,"commentCount":0,"publisher":{"@id":"https:\/\/www.webdo.tn\/fr\/#organization"},"image":{"@id":"https:\/\/www.webdo.tn\/fr\/actualite\/national\/tunisie-la-detention-de-bechir-akremi-et-d-habib-ellouze-prolongee-de-4-mois\/211327\/#primaryimage"},"thumbnailUrl":"https:\/\/www.webdo.tn\/fr\/wp-content\/uploads\/2024\/01\/363bb47d301e0a039cb9fd389fb985cc.jpeg","keywords":["bechir akremi","d\u00e9tention","Habib Ellouze"],"articleSection":["National"],"inLanguage":"fr-FR"},{"@type":"WebPage","@id":"https:\/\/www.webdo.tn\/fr\/actualite\/national\/tunisie-la-detention-de-bechir-akremi-et-d-habib-ellouze-prolongee-de-4-mois\/211327\/","url":"https:\/\/www.webdo.tn\/fr\/actualite\/national\/tunisie-la-detention-de-bechir-akremi-et-d-habib-ellouze-prolongee-de-4-mois\/211327\/","name":"Tunisie : La d\u00e9tention de Bechir Akremi et d\u2019Habib Ellouze prolong\u00e9e de 4 mois","isPartOf":{"@id":"https:\/\/www.webdo.tn\/fr\/#website"},"primaryImageOfPage":{"@id":"https:\/\/www.webdo.tn\/fr\/actualite\/national\/tunisie-la-detention-de-bechir-akremi-et-d-habib-ellouze-prolongee-de-4-mois\/211327\/#primaryimage"},"image":{"@id":"https:\/\/www.webdo.tn\/fr\/actualite\/national\/tunisie-la-detention-de-bechir-akremi-et-d-habib-ellouze-prolongee-de-4-mois\/211327\/#primaryimage"},"thumbnailUrl":"https:\/\/www.webdo.tn\/fr\/wp-content\/uploads\/2024\/01\/363bb47d301e0a039cb9fd389fb985cc.jpeg","datePublished":"2024-01-05T11:11:00+00:00","dateModified":"2025-05-20T22:11:17+00:00","description":"Le juge d\u2019instruction relevant du P\u00f4le judiciaire de lutte contre le terrorisme a prolong\u00e9 de quatre mois la d\u00e9tention pr\u00e9ventive de l\u2019ancien procureur de la R\u00e9...","breadcrumb":{"@id":"https:\/\/www.webdo.tn\/fr\/actualite\/national\/tunisie-la-detention-de-bechir-akremi-et-d-habib-ellouze-prolongee-de-4-mois\/211327\/#breadcrumb"},"inLanguage":"fr-FR","potentialAction":[{"@type":"ReadAction","target":["https:\/\/www.webdo.tn\/fr\/actualite\/national\/tunisie-la-detention-de-bechir-akremi-et-d-habib-ellouze-prolongee-de-4-mois\/211327\/"]}]},{"@type":"ImageObject","inLanguage":"fr-FR","@id":"https:\/\/www.webdo.tn\/fr\/actualite\/national\/tunisie-la-detention-de-bechir-akremi-et-d-habib-ellouze-prolongee-de-4-mois\/211327\/#primaryimage","url":"https:\/\/www.webdo.tn\/fr\/wp-content\/uploads\/2024\/01\/363bb47d301e0a039cb9fd389fb985cc.jpeg","contentUrl":"https:\/\/www.webdo.tn\/fr\/wp-content\/uploads\/2024\/01\/363bb47d301e0a039cb9fd389fb985cc.jpeg","width":650,"height":347,"caption":"Tunisie : La d\u00e9tention de Bechir Akremi et d\u2019Habib Ellouze prolong\u00e9e de 4 mois"},{"@type":"BreadcrumbList","@id":"https:\/\/www.webdo.tn\/fr\/actualite\/national\/tunisie-la-detention-de-bechir-akremi-et-d-habib-ellouze-prolongee-de-4-mois\/211327\/#breadcrumb","itemListElement":[{"@type":"ListItem","position":1,"name":"Accueil","item":"https:\/\/www.webdo.tn\/fr\/"},{"@type":"ListItem","position":2,"name":"Tunisie : La d\u00e9tention de Bechir Akremi et d\u2019Habib Ellouze prolong\u00e9e de 4 mois"}]},{"@type":"WebSite","@id":"https:\/\/www.webdo.tn\/fr\/#website","url":"https:\/\/www.webdo.tn\/fr\/","name":"webdo","description":"Tunisie - News en Tunisie et \u00e0 l&#039;international sur Webdo.tn","publisher":{"@id":"https:\/\/www.webdo.tn\/fr\/#organization"},"potentialAction":[{"@type":"SearchAction","target":{"@type":"EntryPoint","urlTemplate":"https:\/\/www.webdo.tn\/fr\/?s={search_term_string}"},"query-input":{"@type":"PropertyValueSpecification","valueRequired":true,"valueName":"search_term_string"}}],"inLanguage":"fr-FR"},{"@type":"Organization","@id":"https:\/\/www.webdo.tn\/fr\/#organization","name":"Webdo","alternateName":"Webdo.tn","url":"https:\/\/www.webdo.tn\/fr\/","logo":{"@type":"ImageObject","inLanguage":"fr-FR","@id":"https:\/\/www.webdo.tn\/fr\/#\/schema\/logo\/image\/","url":"https:\/\/www.webdo.tn\/fr\/wp-content\/uploads\/2025\/06\/Webdo-Tunisie_168377.jpg","contentUrl":"https:\/\/www.webdo.tn\/fr\/wp-content\/uploads\/2025\/06\/Webdo-Tunisie_168377.jpg","width":301,"height":301,"caption":"Webdo"},"image":{"@id":"https:\/\/www.webdo.tn\/fr\/#\/schema\/logo\/image\/"},"sameAs":["https:\/\/www.facebook.com\/webdotn","https:\/\/x.com\/webdo_tn"],"description":"Webdo est un m\u00e9dia num\u00e9rique tunisien fond\u00e9 en 2010, sp\u00e9cialis\u00e9 dans l\u2019actualit\u00e9 nationale et internationale, l\u2019\u00e9conomie, la soci\u00e9t\u00e9 et les analyses politiques. Le site s\u2019adresse \u00e0 un large public francophone et couvre l\u2019information tunisienne en temps r\u00e9el.","email":"redac@webdo.tn","legalName":"YNJ SARL","foundingDate":"2010-09-06","numberOfEmployees":{"@type":"QuantitativeValue","minValue":"11","maxValue":"50"}},{"@type":"Person","@id":"https:\/\/www.webdo.tn\/fr\/#\/schema\/person\/2c4929cbf5a809e3bd38617c6ce150f6","name":"MC","image":{"@type":"ImageObject","inLanguage":"fr-FR","@id":"https:\/\/secure.gravatar.com\/avatar\/a545bbb6f84efdd5553dbbc2895e3ca8f1d12c5215e00a041c9670b54aa9b18a?s=96&d=mm&r=g","url":"https:\/\/secure.gravatar.com\/avatar\/a545bbb6f84efdd5553dbbc2895e3ca8f1d12c5215e00a041c9670b54aa9b18a?s=96&d=mm&r=g","contentUrl":"https:\/\/secure.gravatar.com\/avatar\/a545bbb6f84efdd5553dbbc2895e3ca8f1d12c5215e00a041c9670b54aa9b18a?s=96&d=mm&r=g","caption":"MC"},"url":"https:\/\/www.webdo.tn\/fr\/actualite\/author\/mc\/"}]}},"_links":{"self":[{"href":"https:\/\/www.webdo.tn\/fr\/wp-json\/wp\/v2\/posts\/211327","targetHints":{"allow":["GET"]}}],"collection":[{"href":"https:\/\/www.webdo.tn\/fr\/wp-json\/wp\/v2\/posts"}],"about":[{"href":"https:\/\/www.webdo.tn\/fr\/wp-json\/wp\/v2\/types\/post"}],"author":[{"embeddable":true,"href":"https:\/\/www.webdo.tn\/fr\/wp-json\/wp\/v2\/users\/3162"}],"replies":[{"embeddable":true,"href":"https:\/\/www.webdo.tn\/fr\/wp-json\/wp\/v2\/comments?post=211327"}],"version-history":[{"count":0,"href":"https:\/\/www.webdo.tn\/fr\/wp-json\/wp\/v2\/posts\/211327\/revisions"}],"wp:featuredmedia":[{"embeddable":true,"href":"https:\/\/www.webdo.tn\/fr\/wp-json\/wp\/v2\/media\/290045"}],"wp:attachment":[{"href":"https:\/\/www.webdo.tn\/fr\/wp-json\/wp\/v2\/media?parent=211327"}],"wp:term":[{"taxonomy":"category","embeddable":true,"href":"https:\/\/www.webdo.tn\/fr\/wp-json\/wp\/v2\/categories?post=211327"},{"taxonomy":"post_tag","embeddable":true,"href":"https:\/\/www.webdo.tn\/fr\/wp-json\/wp\/v2\/tags?post=211327"}],"curies":[{"name":"wp","href":"https:\/\/api.w.org\/{rel}","templated":true}]}}