{"id":211324,"date":"2024-01-05T10:13:00","date_gmt":"2024-01-05T10:13:00","guid":{"rendered":"https:\/\/www.webdo.tn\/fr\/blog\/le-chef-de-la-diplomatie-us-antony-blinken-en-tournee-au-proche-orient\/211324\/"},"modified":"2025-05-20T22:11:16","modified_gmt":"2025-05-20T22:11:16","slug":"le-chef-de-la-diplomatie-us-antony-blinken-en-tournee-au-proche-orient","status":"publish","type":"post","link":"https:\/\/www.webdo.tn\/fr\/actualite\/international\/le-chef-de-la-diplomatie-us-antony-blinken-en-tournee-au-proche-orient\/211324\/","title":{"rendered":"Le chef de la diplomatie US Antony Blinken en tourn\u00e9e au Proche-Orient"},"content":{"rendered":"<p>Le chef de la diplomatie am\u00e9ricaine Antony Blinken va effectuer sa quatri\u00e8me tourn\u00e9e au Proche-Orient en l\u2019espace de trois mois.<\/p>\n<p>\t\t\t\t\t\t\t\t\tIl doit se rendre en Isra\u00ebl, en Jordanie, au Qatar, en Arabie saoudite, aux Emirats arabes unis, en Egypte. Ainsi qu\u2019en Cisjordanie occup\u00e9e, en Turquie et en Gr\u00e8ce, lors d&rsquo;une quatri\u00e8me tourn\u00e9e au Proche-Orient depuis le d\u00e9but de la guerre \u00e0 Gaza, le 7 octobre dernier.<\/p>\n<p>L\u2019objectif affich\u00e9 de cette visite est de discuter de la mani\u00e8re d&#8217;emp\u00eacher le conflit de s&rsquo;\u00e9tendre, dans un contexte r\u00e9gional extr\u00eamement tendu apr\u00e8s l&rsquo;assassinat d&rsquo;un haut dirigeant du Hamas au Liban.<\/p>\n<p>Il y plaidera notamment \u00ab\u00a0des mesures imm\u00e9diates \u00e0 prendre pour accro\u00eetre de mani\u00e8re substantielle l&rsquo;aide humanitaire\u00a0\u00bb dans la bande de Gaza, et \u00ab\u00a0discutera de mesures sp\u00e9cifiques que les parties peuvent prendre, notamment de la mani\u00e8re dont elles peuvent user de leur influence aupr\u00e8s des autres pays de la r\u00e9gion, afin d&rsquo;\u00e9viter une escalade\u00a0\u00bb, a d\u00e9clar\u00e9, jeudi \u00e0 la presse le porte-parole du d\u00e9partement d&rsquo;Etat, Matthew Miller.<\/p>\n","protected":false},"excerpt":{"rendered":"<p>L\u2019objectif affich\u00e9 de cette visite au Proche-Orient est de discuter de la mani\u00e8re d&#8217;emp\u00eacher le conflit de s&rsquo;\u00e9tendre, dans un contexte r\u00e9gional extr\u00eamement tend&#8230;<\/p>\n","protected":false},"author":3162,"featured_media":290042,"comment_status":"open","ping_status":"closed","sticky":false,"template":"","format":"standard","meta":{"footnotes":""},"categories":[2598],"tags":[7736,2689,4345],"class_list":["post-211324","post","type-post","status-publish","format-standard","has-post-thumbnail","hentry","category-international","tag-blinken","tag-gaza","tag-proche-orient"],"yoast_head":"<!-- This site is optimized with the Yoast SEO Premium plugin v27.4 (Yoast SEO v27.4) - https:\/\/yoast.com\/product\/yoast-seo-premium-wordpress\/ -->\n<title>Le chef de la diplomatie US Antony Blinken en tourn\u00e9e au Proche-Orient<\/title>\n<meta name=\"description\" content=\"L\u2019objectif affich\u00e9 de cette visite au Proche-Orient est de discuter de la mani\u00e8re d&#039;emp\u00eacher le conflit de s&#039;\u00e9tendre, dans un contexte r\u00e9gional extr\u00eamement tend...\" \/>\n<link rel=\"canonical\" href=\"https:\/\/www.webdo.tn\/fr\/actualite\/international\/le-chef-de-la-diplomatie-us-antony-blinken-en-tournee-au-proche-orient\/211324\/\" \/>\n<meta property=\"og:locale\" content=\"fr_FR\" \/>\n<meta property=\"og:type\" content=\"article\" \/>\n<meta property=\"og:title\" content=\"Le chef de la diplomatie US Antony Blinken en tourn\u00e9e au Proche-Orient\" \/>\n<meta property=\"og:description\" content=\"L\u2019objectif affich\u00e9 de cette visite au Proche-Orient est de discuter de la mani\u00e8re d&#039;emp\u00eacher le conflit de s&#039;\u00e9tendre, dans un contexte r\u00e9gional extr\u00eamement tend...\" \/>\n<meta property=\"og:url\" content=\"https:\/\/www.webdo.tn\/fr\/actualite\/international\/le-chef-de-la-diplomatie-us-antony-blinken-en-tournee-au-proche-orient\/211324\/\" \/>\n<meta property=\"og:site_name\" content=\"webdo\" \/>\n<meta property=\"article:publisher\" content=\"https:\/\/www.facebook.com\/webdotn\" \/>\n<meta property=\"article:published_time\" content=\"2024-01-05T10:13:00+00:00\" \/>\n<meta property=\"article:modified_time\" content=\"2025-05-20T22:11:16+00:00\" \/>\n<meta property=\"og:image\" content=\"https:\/\/www.webdo.tn\/fr\/wp-content\/uploads\/2024\/01\/500a62c4c1e562e833912aa985eab828.jpg\" \/>\n\t<meta property=\"og:image:width\" content=\"750\" \/>\n\t<meta property=\"og:image:height\" content=\"400\" \/>\n\t<meta property=\"og:image:type\" content=\"image\/jpeg\" \/>\n<meta name=\"author\" content=\"MC\" \/>\n<meta name=\"twitter:card\" content=\"summary_large_image\" \/>\n<meta name=\"twitter:creator\" content=\"@webdo_tn\" \/>\n<meta name=\"twitter:site\" content=\"@webdo_tn\" \/>\n<meta name=\"twitter:label1\" content=\"\u00c9crit par\" \/>\n\t<meta name=\"twitter:data1\" content=\"MC\" \/>\n\t<meta name=\"twitter:label2\" content=\"Dur\u00e9e de lecture estim\u00e9e\" \/>\n\t<meta name=\"twitter:data2\" content=\"1 minute\" \/>\n<script type=\"application\/ld+json\" class=\"yoast-schema-graph\">{\"@context\":\"https:\\\/\\\/schema.org\",\"@graph\":[{\"@type\":\"NewsArticle\",\"@id\":\"https:\\\/\\\/www.webdo.tn\\\/fr\\\/actualite\\\/international\\\/le-chef-de-la-diplomatie-us-antony-blinken-en-tournee-au-proche-orient\\\/211324\\\/#article\",\"isPartOf\":{\"@id\":\"https:\\\/\\\/www.webdo.tn\\\/fr\\\/actualite\\\/international\\\/le-chef-de-la-diplomatie-us-antony-blinken-en-tournee-au-proche-orient\\\/211324\\\/\"},\"author\":{\"name\":\"MC\",\"@id\":\"https:\\\/\\\/www.webdo.tn\\\/fr\\\/#\\\/schema\\\/person\\\/2c4929cbf5a809e3bd38617c6ce150f6\"},\"headline\":\"Le chef de la diplomatie US Antony Blinken en tourn\u00e9e au Proche-Orient\",\"datePublished\":\"2024-01-05T10:13:00+00:00\",\"dateModified\":\"2025-05-20T22:11:16+00:00\",\"mainEntityOfPage\":{\"@id\":\"https:\\\/\\\/www.webdo.tn\\\/fr\\\/actualite\\\/international\\\/le-chef-de-la-diplomatie-us-antony-blinken-en-tournee-au-proche-orient\\\/211324\\\/\"},\"wordCount\":206,\"commentCount\":0,\"publisher\":{\"@id\":\"https:\\\/\\\/www.webdo.tn\\\/fr\\\/#organization\"},\"image\":{\"@id\":\"https:\\\/\\\/www.webdo.tn\\\/fr\\\/actualite\\\/international\\\/le-chef-de-la-diplomatie-us-antony-blinken-en-tournee-au-proche-orient\\\/211324\\\/#primaryimage\"},\"thumbnailUrl\":\"https:\\\/\\\/www.webdo.tn\\\/fr\\\/wp-content\\\/uploads\\\/2024\\\/01\\\/500a62c4c1e562e833912aa985eab828.jpg\",\"keywords\":[\"Blinken\",\"Gaza\",\"proche-orient\"],\"articleSection\":[\"International\"],\"inLanguage\":\"fr-FR\"},{\"@type\":\"WebPage\",\"@id\":\"https:\\\/\\\/www.webdo.tn\\\/fr\\\/actualite\\\/international\\\/le-chef-de-la-diplomatie-us-antony-blinken-en-tournee-au-proche-orient\\\/211324\\\/\",\"url\":\"https:\\\/\\\/www.webdo.tn\\\/fr\\\/actualite\\\/international\\\/le-chef-de-la-diplomatie-us-antony-blinken-en-tournee-au-proche-orient\\\/211324\\\/\",\"name\":\"Le chef de la diplomatie US Antony Blinken en tourn\u00e9e au Proche-Orient\",\"isPartOf\":{\"@id\":\"https:\\\/\\\/www.webdo.tn\\\/fr\\\/#website\"},\"primaryImageOfPage\":{\"@id\":\"https:\\\/\\\/www.webdo.tn\\\/fr\\\/actualite\\\/international\\\/le-chef-de-la-diplomatie-us-antony-blinken-en-tournee-au-proche-orient\\\/211324\\\/#primaryimage\"},\"image\":{\"@id\":\"https:\\\/\\\/www.webdo.tn\\\/fr\\\/actualite\\\/international\\\/le-chef-de-la-diplomatie-us-antony-blinken-en-tournee-au-proche-orient\\\/211324\\\/#primaryimage\"},\"thumbnailUrl\":\"https:\\\/\\\/www.webdo.tn\\\/fr\\\/wp-content\\\/uploads\\\/2024\\\/01\\\/500a62c4c1e562e833912aa985eab828.jpg\",\"datePublished\":\"2024-01-05T10:13:00+00:00\",\"dateModified\":\"2025-05-20T22:11:16+00:00\",\"description\":\"L\u2019objectif affich\u00e9 de cette visite au Proche-Orient est de discuter de la mani\u00e8re d'emp\u00eacher le conflit de s'\u00e9tendre, dans un contexte r\u00e9gional extr\u00eamement tend...\",\"breadcrumb\":{\"@id\":\"https:\\\/\\\/www.webdo.tn\\\/fr\\\/actualite\\\/international\\\/le-chef-de-la-diplomatie-us-antony-blinken-en-tournee-au-proche-orient\\\/211324\\\/#breadcrumb\"},\"inLanguage\":\"fr-FR\",\"potentialAction\":[{\"@type\":\"ReadAction\",\"target\":[\"https:\\\/\\\/www.webdo.tn\\\/fr\\\/actualite\\\/international\\\/le-chef-de-la-diplomatie-us-antony-blinken-en-tournee-au-proche-orient\\\/211324\\\/\"]}]},{\"@type\":\"ImageObject\",\"inLanguage\":\"fr-FR\",\"@id\":\"https:\\\/\\\/www.webdo.tn\\\/fr\\\/actualite\\\/international\\\/le-chef-de-la-diplomatie-us-antony-blinken-en-tournee-au-proche-orient\\\/211324\\\/#primaryimage\",\"url\":\"https:\\\/\\\/www.webdo.tn\\\/fr\\\/wp-content\\\/uploads\\\/2024\\\/01\\\/500a62c4c1e562e833912aa985eab828.jpg\",\"contentUrl\":\"https:\\\/\\\/www.webdo.tn\\\/fr\\\/wp-content\\\/uploads\\\/2024\\\/01\\\/500a62c4c1e562e833912aa985eab828.jpg\",\"width\":750,\"height\":400,\"caption\":\"Le chef de la diplomatie US Antony Blinken en tourn\u00e9e au Proche-Orient\"},{\"@type\":\"BreadcrumbList\",\"@id\":\"https:\\\/\\\/www.webdo.tn\\\/fr\\\/actualite\\\/international\\\/le-chef-de-la-diplomatie-us-antony-blinken-en-tournee-au-proche-orient\\\/211324\\\/#breadcrumb\",\"itemListElement\":[{\"@type\":\"ListItem\",\"position\":1,\"name\":\"Accueil\",\"item\":\"https:\\\/\\\/www.webdo.tn\\\/fr\\\/\"},{\"@type\":\"ListItem\",\"position\":2,\"name\":\"Le chef de la diplomatie US Antony Blinken en tourn\u00e9e au Proche-Orient\"}]},{\"@type\":\"WebSite\",\"@id\":\"https:\\\/\\\/www.webdo.tn\\\/fr\\\/#website\",\"url\":\"https:\\\/\\\/www.webdo.tn\\\/fr\\\/\",\"name\":\"webdo\",\"description\":\"Tunisie - News en Tunisie et \u00e0 l&#039;international sur Webdo.tn\",\"publisher\":{\"@id\":\"https:\\\/\\\/www.webdo.tn\\\/fr\\\/#organization\"},\"potentialAction\":[{\"@type\":\"SearchAction\",\"target\":{\"@type\":\"EntryPoint\",\"urlTemplate\":\"https:\\\/\\\/www.webdo.tn\\\/fr\\\/?s={search_term_string}\"},\"query-input\":{\"@type\":\"PropertyValueSpecification\",\"valueRequired\":true,\"valueName\":\"search_term_string\"}}],\"inLanguage\":\"fr-FR\"},{\"@type\":\"Organization\",\"@id\":\"https:\\\/\\\/www.webdo.tn\\\/fr\\\/#organization\",\"name\":\"Webdo\",\"alternateName\":\"Webdo.tn\",\"url\":\"https:\\\/\\\/www.webdo.tn\\\/fr\\\/\",\"logo\":{\"@type\":\"ImageObject\",\"inLanguage\":\"fr-FR\",\"@id\":\"https:\\\/\\\/www.webdo.tn\\\/fr\\\/#\\\/schema\\\/logo\\\/image\\\/\",\"url\":\"https:\\\/\\\/www.webdo.tn\\\/fr\\\/wp-content\\\/uploads\\\/2025\\\/06\\\/Webdo-Tunisie_168377.jpg\",\"contentUrl\":\"https:\\\/\\\/www.webdo.tn\\\/fr\\\/wp-content\\\/uploads\\\/2025\\\/06\\\/Webdo-Tunisie_168377.jpg\",\"width\":301,\"height\":301,\"caption\":\"Webdo\"},\"image\":{\"@id\":\"https:\\\/\\\/www.webdo.tn\\\/fr\\\/#\\\/schema\\\/logo\\\/image\\\/\"},\"sameAs\":[\"https:\\\/\\\/www.facebook.com\\\/webdotn\",\"https:\\\/\\\/x.com\\\/webdo_tn\"],\"description\":\"Webdo est un m\u00e9dia num\u00e9rique tunisien fond\u00e9 en 2010, sp\u00e9cialis\u00e9 dans l\u2019actualit\u00e9 nationale et internationale, l\u2019\u00e9conomie, la soci\u00e9t\u00e9 et les analyses politiques. Le site s\u2019adresse \u00e0 un large public francophone et couvre l\u2019information tunisienne en temps r\u00e9el.\",\"email\":\"redac@webdo.tn\",\"legalName\":\"YNJ SARL\",\"foundingDate\":\"2010-09-06\",\"numberOfEmployees\":{\"@type\":\"QuantitativeValue\",\"minValue\":\"11\",\"maxValue\":\"50\"}},{\"@type\":\"Person\",\"@id\":\"https:\\\/\\\/www.webdo.tn\\\/fr\\\/#\\\/schema\\\/person\\\/2c4929cbf5a809e3bd38617c6ce150f6\",\"name\":\"MC\",\"image\":{\"@type\":\"ImageObject\",\"inLanguage\":\"fr-FR\",\"@id\":\"https:\\\/\\\/secure.gravatar.com\\\/avatar\\\/a545bbb6f84efdd5553dbbc2895e3ca8f1d12c5215e00a041c9670b54aa9b18a?s=96&d=mm&r=g\",\"url\":\"https:\\\/\\\/secure.gravatar.com\\\/avatar\\\/a545bbb6f84efdd5553dbbc2895e3ca8f1d12c5215e00a041c9670b54aa9b18a?s=96&d=mm&r=g\",\"contentUrl\":\"https:\\\/\\\/secure.gravatar.com\\\/avatar\\\/a545bbb6f84efdd5553dbbc2895e3ca8f1d12c5215e00a041c9670b54aa9b18a?s=96&d=mm&r=g\",\"caption\":\"MC\"},\"url\":\"https:\\\/\\\/www.webdo.tn\\\/fr\\\/actualite\\\/author\\\/mc\\\/\"}]}<\/script>\n<!-- \/ Yoast SEO Premium plugin. -->","yoast_head_json":{"title":"Le chef de la diplomatie US Antony Blinken en tourn\u00e9e au Proche-Orient","description":"L\u2019objectif affich\u00e9 de cette visite au Proche-Orient est de discuter de la mani\u00e8re d'emp\u00eacher le conflit de s'\u00e9tendre, dans un contexte r\u00e9gional extr\u00eamement tend...","canonical":"https:\/\/www.webdo.tn\/fr\/actualite\/international\/le-chef-de-la-diplomatie-us-antony-blinken-en-tournee-au-proche-orient\/211324\/","og_locale":"fr_FR","og_type":"article","og_title":"Le chef de la diplomatie US Antony Blinken en tourn\u00e9e au Proche-Orient","og_description":"L\u2019objectif affich\u00e9 de cette visite au Proche-Orient est de discuter de la mani\u00e8re d'emp\u00eacher le conflit de s'\u00e9tendre, dans un contexte r\u00e9gional extr\u00eamement tend...","og_url":"https:\/\/www.webdo.tn\/fr\/actualite\/international\/le-chef-de-la-diplomatie-us-antony-blinken-en-tournee-au-proche-orient\/211324\/","og_site_name":"webdo","article_publisher":"https:\/\/www.facebook.com\/webdotn","article_published_time":"2024-01-05T10:13:00+00:00","article_modified_time":"2025-05-20T22:11:16+00:00","og_image":[{"width":750,"height":400,"url":"https:\/\/www.webdo.tn\/fr\/wp-content\/uploads\/2024\/01\/500a62c4c1e562e833912aa985eab828.jpg","type":"image\/jpeg"}],"author":"MC","twitter_card":"summary_large_image","twitter_creator":"@webdo_tn","twitter_site":"@webdo_tn","twitter_misc":{"\u00c9crit par":"MC","Dur\u00e9e de lecture estim\u00e9e":"1 minute"},"schema":{"@context":"https:\/\/schema.org","@graph":[{"@type":"NewsArticle","@id":"https:\/\/www.webdo.tn\/fr\/actualite\/international\/le-chef-de-la-diplomatie-us-antony-blinken-en-tournee-au-proche-orient\/211324\/#article","isPartOf":{"@id":"https:\/\/www.webdo.tn\/fr\/actualite\/international\/le-chef-de-la-diplomatie-us-antony-blinken-en-tournee-au-proche-orient\/211324\/"},"author":{"name":"MC","@id":"https:\/\/www.webdo.tn\/fr\/#\/schema\/person\/2c4929cbf5a809e3bd38617c6ce150f6"},"headline":"Le chef de la diplomatie US Antony Blinken en tourn\u00e9e au Proche-Orient","datePublished":"2024-01-05T10:13:00+00:00","dateModified":"2025-05-20T22:11:16+00:00","mainEntityOfPage":{"@id":"https:\/\/www.webdo.tn\/fr\/actualite\/international\/le-chef-de-la-diplomatie-us-antony-blinken-en-tournee-au-proche-orient\/211324\/"},"wordCount":206,"commentCount":0,"publisher":{"@id":"https:\/\/www.webdo.tn\/fr\/#organization"},"image":{"@id":"https:\/\/www.webdo.tn\/fr\/actualite\/international\/le-chef-de-la-diplomatie-us-antony-blinken-en-tournee-au-proche-orient\/211324\/#primaryimage"},"thumbnailUrl":"https:\/\/www.webdo.tn\/fr\/wp-content\/uploads\/2024\/01\/500a62c4c1e562e833912aa985eab828.jpg","keywords":["Blinken","Gaza","proche-orient"],"articleSection":["International"],"inLanguage":"fr-FR"},{"@type":"WebPage","@id":"https:\/\/www.webdo.tn\/fr\/actualite\/international\/le-chef-de-la-diplomatie-us-antony-blinken-en-tournee-au-proche-orient\/211324\/","url":"https:\/\/www.webdo.tn\/fr\/actualite\/international\/le-chef-de-la-diplomatie-us-antony-blinken-en-tournee-au-proche-orient\/211324\/","name":"Le chef de la diplomatie US Antony Blinken en tourn\u00e9e au Proche-Orient","isPartOf":{"@id":"https:\/\/www.webdo.tn\/fr\/#website"},"primaryImageOfPage":{"@id":"https:\/\/www.webdo.tn\/fr\/actualite\/international\/le-chef-de-la-diplomatie-us-antony-blinken-en-tournee-au-proche-orient\/211324\/#primaryimage"},"image":{"@id":"https:\/\/www.webdo.tn\/fr\/actualite\/international\/le-chef-de-la-diplomatie-us-antony-blinken-en-tournee-au-proche-orient\/211324\/#primaryimage"},"thumbnailUrl":"https:\/\/www.webdo.tn\/fr\/wp-content\/uploads\/2024\/01\/500a62c4c1e562e833912aa985eab828.jpg","datePublished":"2024-01-05T10:13:00+00:00","dateModified":"2025-05-20T22:11:16+00:00","description":"L\u2019objectif affich\u00e9 de cette visite au Proche-Orient est de discuter de la mani\u00e8re d'emp\u00eacher le conflit de s'\u00e9tendre, dans un contexte r\u00e9gional extr\u00eamement tend...","breadcrumb":{"@id":"https:\/\/www.webdo.tn\/fr\/actualite\/international\/le-chef-de-la-diplomatie-us-antony-blinken-en-tournee-au-proche-orient\/211324\/#breadcrumb"},"inLanguage":"fr-FR","potentialAction":[{"@type":"ReadAction","target":["https:\/\/www.webdo.tn\/fr\/actualite\/international\/le-chef-de-la-diplomatie-us-antony-blinken-en-tournee-au-proche-orient\/211324\/"]}]},{"@type":"ImageObject","inLanguage":"fr-FR","@id":"https:\/\/www.webdo.tn\/fr\/actualite\/international\/le-chef-de-la-diplomatie-us-antony-blinken-en-tournee-au-proche-orient\/211324\/#primaryimage","url":"https:\/\/www.webdo.tn\/fr\/wp-content\/uploads\/2024\/01\/500a62c4c1e562e833912aa985eab828.jpg","contentUrl":"https:\/\/www.webdo.tn\/fr\/wp-content\/uploads\/2024\/01\/500a62c4c1e562e833912aa985eab828.jpg","width":750,"height":400,"caption":"Le chef de la diplomatie US Antony Blinken en tourn\u00e9e au Proche-Orient"},{"@type":"BreadcrumbList","@id":"https:\/\/www.webdo.tn\/fr\/actualite\/international\/le-chef-de-la-diplomatie-us-antony-blinken-en-tournee-au-proche-orient\/211324\/#breadcrumb","itemListElement":[{"@type":"ListItem","position":1,"name":"Accueil","item":"https:\/\/www.webdo.tn\/fr\/"},{"@type":"ListItem","position":2,"name":"Le chef de la diplomatie US Antony Blinken en tourn\u00e9e au Proche-Orient"}]},{"@type":"WebSite","@id":"https:\/\/www.webdo.tn\/fr\/#website","url":"https:\/\/www.webdo.tn\/fr\/","name":"webdo","description":"Tunisie - News en Tunisie et \u00e0 l&#039;international sur Webdo.tn","publisher":{"@id":"https:\/\/www.webdo.tn\/fr\/#organization"},"potentialAction":[{"@type":"SearchAction","target":{"@type":"EntryPoint","urlTemplate":"https:\/\/www.webdo.tn\/fr\/?s={search_term_string}"},"query-input":{"@type":"PropertyValueSpecification","valueRequired":true,"valueName":"search_term_string"}}],"inLanguage":"fr-FR"},{"@type":"Organization","@id":"https:\/\/www.webdo.tn\/fr\/#organization","name":"Webdo","alternateName":"Webdo.tn","url":"https:\/\/www.webdo.tn\/fr\/","logo":{"@type":"ImageObject","inLanguage":"fr-FR","@id":"https:\/\/www.webdo.tn\/fr\/#\/schema\/logo\/image\/","url":"https:\/\/www.webdo.tn\/fr\/wp-content\/uploads\/2025\/06\/Webdo-Tunisie_168377.jpg","contentUrl":"https:\/\/www.webdo.tn\/fr\/wp-content\/uploads\/2025\/06\/Webdo-Tunisie_168377.jpg","width":301,"height":301,"caption":"Webdo"},"image":{"@id":"https:\/\/www.webdo.tn\/fr\/#\/schema\/logo\/image\/"},"sameAs":["https:\/\/www.facebook.com\/webdotn","https:\/\/x.com\/webdo_tn"],"description":"Webdo est un m\u00e9dia num\u00e9rique tunisien fond\u00e9 en 2010, sp\u00e9cialis\u00e9 dans l\u2019actualit\u00e9 nationale et internationale, l\u2019\u00e9conomie, la soci\u00e9t\u00e9 et les analyses politiques. Le site s\u2019adresse \u00e0 un large public francophone et couvre l\u2019information tunisienne en temps r\u00e9el.","email":"redac@webdo.tn","legalName":"YNJ SARL","foundingDate":"2010-09-06","numberOfEmployees":{"@type":"QuantitativeValue","minValue":"11","maxValue":"50"}},{"@type":"Person","@id":"https:\/\/www.webdo.tn\/fr\/#\/schema\/person\/2c4929cbf5a809e3bd38617c6ce150f6","name":"MC","image":{"@type":"ImageObject","inLanguage":"fr-FR","@id":"https:\/\/secure.gravatar.com\/avatar\/a545bbb6f84efdd5553dbbc2895e3ca8f1d12c5215e00a041c9670b54aa9b18a?s=96&d=mm&r=g","url":"https:\/\/secure.gravatar.com\/avatar\/a545bbb6f84efdd5553dbbc2895e3ca8f1d12c5215e00a041c9670b54aa9b18a?s=96&d=mm&r=g","contentUrl":"https:\/\/secure.gravatar.com\/avatar\/a545bbb6f84efdd5553dbbc2895e3ca8f1d12c5215e00a041c9670b54aa9b18a?s=96&d=mm&r=g","caption":"MC"},"url":"https:\/\/www.webdo.tn\/fr\/actualite\/author\/mc\/"}]}},"_links":{"self":[{"href":"https:\/\/www.webdo.tn\/fr\/wp-json\/wp\/v2\/posts\/211324","targetHints":{"allow":["GET"]}}],"collection":[{"href":"https:\/\/www.webdo.tn\/fr\/wp-json\/wp\/v2\/posts"}],"about":[{"href":"https:\/\/www.webdo.tn\/fr\/wp-json\/wp\/v2\/types\/post"}],"author":[{"embeddable":true,"href":"https:\/\/www.webdo.tn\/fr\/wp-json\/wp\/v2\/users\/3162"}],"replies":[{"embeddable":true,"href":"https:\/\/www.webdo.tn\/fr\/wp-json\/wp\/v2\/comments?post=211324"}],"version-history":[{"count":0,"href":"https:\/\/www.webdo.tn\/fr\/wp-json\/wp\/v2\/posts\/211324\/revisions"}],"wp:featuredmedia":[{"embeddable":true,"href":"https:\/\/www.webdo.tn\/fr\/wp-json\/wp\/v2\/media\/290042"}],"wp:attachment":[{"href":"https:\/\/www.webdo.tn\/fr\/wp-json\/wp\/v2\/media?parent=211324"}],"wp:term":[{"taxonomy":"category","embeddable":true,"href":"https:\/\/www.webdo.tn\/fr\/wp-json\/wp\/v2\/categories?post=211324"},{"taxonomy":"post_tag","embeddable":true,"href":"https:\/\/www.webdo.tn\/fr\/wp-json\/wp\/v2\/tags?post=211324"}],"curies":[{"name":"wp","href":"https:\/\/api.w.org\/{rel}","templated":true}]}}