{"id":211322,"date":"2024-01-05T09:52:00","date_gmt":"2024-01-05T09:52:00","guid":{"rendered":"https:\/\/www.webdo.tn\/fr\/blog\/gaza-apres-la-guerre-l-entite-sioniste-devoile-son-plan\/211322\/"},"modified":"2025-05-20T22:11:16","modified_gmt":"2025-05-20T22:11:16","slug":"gaza-apres-la-guerre-l-entite-sioniste-devoile-son-plan","status":"publish","type":"post","link":"https:\/\/www.webdo.tn\/fr\/actualite\/international\/gaza-apres-la-guerre-l-entite-sioniste-devoile-son-plan\/211322\/","title":{"rendered":"Gaza apr\u00e8s la guerre : L\u2019entit\u00e9 sioniste d\u00e9voile son plan !"},"content":{"rendered":"<p>Quel sort r\u00e9serve l\u2019entit\u00e9 sioniste \u00e0 Gaza apr\u00e8s la guerre en supposant qu\u2019elle parvient \u00e0 \u00e9liminer le Hamas ? Dans ce contexte, le ministre isra\u00e9lien de la D\u00e9fense Yoav Gallant a pr\u00e9sent\u00e9, dans la soir\u00e9e de jeudi 4 janvier 2024, son premier plan de \u00ab\u00a0l&rsquo;apr\u00e8s-guerre\u00a0\u00bb dans la bande de Gaza.<\/p>\n<p>\t\t\t\t\t\t\t\t\tCe plan, bas\u00e9 sur un sc\u00e9nario optimiste pour les Isra\u00e9liens, et dont les grandes lignes ont \u00e9t\u00e9 d\u00e9voil\u00e9es, projette que la bande de Gaza sera gouvern\u00e9e sans le Hamas ni l\u2019administration civile isra\u00e9lienne apr\u00e8s les combats.<\/p>\n<p>Ce plan de Yoav Gallant a \u00e9t\u00e9 d\u00e9voil\u00e9 \u00e0 la presse mais n\u2019a pas encore obtenu l\u2019approbation du cabinet de guerre de Benjamin Netanyahu, sachant que le ministre de la S\u00e9curit\u00e9 nationale, Itamar Ben Gvir, a appel\u00e9 lundi, de son c\u00f4t\u00e9, \u00e0 un retour de colons juifs \u00e0 Gaza apr\u00e8s la guerre et \u00e0 \u00ab\u00a0encourager\u00a0\u00bb la population palestinienne \u00e0 \u00e9migrer.<\/p>\n<p>Le d\u00e9voilement de ce plan intervient \u00e0 la veille d&rsquo;une nouvelle visite au Moyen-Orient du chef de la diplomatie am\u00e9ricaine Antony Blinken, qui vise entre autres \u00e0 \u00e9viter une propagation de la guerre entre Isra\u00ebl et le Hamas, au pouvoir \u00e0 Gaza depuis 2007<\/p>\n<p>Quoi qu\u2019il en soit, l\u2019entit\u00e9 sioniste reste d\u00e9termin\u00e9e \u00e0 poursuivre la guerre \u00e0 Gaza jusqu&rsquo;au \u00ab\u00a0retour des otages\u00a0\u00bb et au \u00ab\u00a0d\u00e9mant\u00e8lement des capacit\u00e9s militaires et de gouvernance du Hamas\u00a0\u00bb.<\/p>\n<p>Le plan ne pr\u00e9voit pas une pr\u00e9sence civile isra\u00e9lienne dans la bande de Gaza apr\u00e8s la guerre, mais l\u2019arm\u00e9e d\u2019occupation garderait toutefois sa libert\u00e9 d&rsquo;action \u00e0 Gaza, qui devra \u00eatre administr\u00e9e par les Palestiniens \u00e0 la condition qu&rsquo;il n&rsquo;y ait aucune action hostile ou menace contre Isra\u00ebl.<\/p>\n<p>Reste \u00e0 savoir si ce plan sera appliqu\u00e9, m\u00eame en cas de victoire des Isra\u00e9liens, comme ils le pr\u00e9sument sachant qu\u2019\u00e0 Gaza, le Hamas jouit d\u2019une immense popularit\u00e9 et que le pr\u00e9sident de l&rsquo;Autorit\u00e9 palestinienne, Mahmoud Abbas, qui si\u00e8ge actuellement en Cisjordanie occup\u00e9e, n\u2019est pas en odeur de saintet\u00e9 dans ce territoire.<\/p>\n<p>Le Premier ministre de l&rsquo;Autorit\u00e9 palestinienne, Mohammed Shtayyeh, a un autre avis sur la question. Dans un entretien au Financial Times, il a rappel\u00e9 qu\u2019Isra\u00ebl \u00ab\u00a0veut s\u00e9parer politiquement la bande de Gaza de la Cisjordanie\u00a0\u00bb.<\/p>\n<p>Il ne pense pas \u00ab\u00a0qu&rsquo;Isra\u00ebl va quitter Gaza tr\u00e8s bient\u00f4t\u00a0\u00bb, et croit plut\u00f4t \u00ab\u00a0qu&rsquo;Isra\u00ebl va cr\u00e9er sa propre administration civile qui fonctionnera sous l&rsquo;autorit\u00e9 de son arm\u00e9e d&rsquo;occupation\u00a0\u00bb.<\/p>\n","protected":false},"excerpt":{"rendered":"<p>Le d\u00e9voilement de ce plan intervient \u00e0 la veille d&rsquo;une nouvelle visite au Moyen-Orient du chef de la diplomatie am\u00e9ricaine Antony Blinken.<\/p>\n","protected":false},"author":3162,"featured_media":290037,"comment_status":"open","ping_status":"closed","sticky":false,"template":"","format":"standard","meta":{"footnotes":""},"categories":[2598],"tags":[2689,3349,2636,3029],"class_list":["post-211322","post","type-post","status-publish","format-standard","has-post-thumbnail","hentry","category-international","tag-gaza","tag-hamas","tag-israel","tag-plan"],"yoast_head":"<!-- This site is optimized with the Yoast SEO Premium plugin v27.4 (Yoast SEO v27.4) - https:\/\/yoast.com\/product\/yoast-seo-premium-wordpress\/ -->\n<title>Gaza apr\u00e8s la guerre : L\u2019entit\u00e9 sioniste d\u00e9voile son plan !<\/title>\n<meta name=\"description\" content=\"Le d\u00e9voilement de ce plan intervient \u00e0 la veille d&#039;une nouvelle visite au Moyen-Orient du chef de la diplomatie am\u00e9ricaine Antony Blinken.\" \/>\n<link rel=\"canonical\" href=\"https:\/\/www.webdo.tn\/fr\/actualite\/international\/gaza-apres-la-guerre-l-entite-sioniste-devoile-son-plan\/211322\/\" \/>\n<meta property=\"og:locale\" content=\"fr_FR\" \/>\n<meta property=\"og:type\" content=\"article\" \/>\n<meta property=\"og:title\" content=\"Gaza apr\u00e8s la guerre : L\u2019entit\u00e9 sioniste d\u00e9voile son plan !\" \/>\n<meta property=\"og:description\" content=\"Le d\u00e9voilement de ce plan intervient \u00e0 la veille d&#039;une nouvelle visite au Moyen-Orient du chef de la diplomatie am\u00e9ricaine Antony Blinken.\" \/>\n<meta property=\"og:url\" content=\"https:\/\/www.webdo.tn\/fr\/actualite\/international\/gaza-apres-la-guerre-l-entite-sioniste-devoile-son-plan\/211322\/\" \/>\n<meta property=\"og:site_name\" content=\"webdo\" \/>\n<meta property=\"article:publisher\" content=\"https:\/\/www.facebook.com\/webdotn\" \/>\n<meta property=\"article:published_time\" content=\"2024-01-05T09:52:00+00:00\" \/>\n<meta property=\"article:modified_time\" content=\"2025-05-20T22:11:16+00:00\" \/>\n<meta property=\"og:image\" content=\"https:\/\/www.webdo.tn\/fr\/wp-content\/uploads\/2024\/01\/3817120bccb11df6ff5e16fc0bed27c3.jpg\" \/>\n\t<meta property=\"og:image:width\" content=\"750\" \/>\n\t<meta property=\"og:image:height\" content=\"400\" \/>\n\t<meta property=\"og:image:type\" content=\"image\/jpeg\" \/>\n<meta name=\"author\" content=\"MC\" \/>\n<meta name=\"twitter:card\" content=\"summary_large_image\" \/>\n<meta name=\"twitter:creator\" content=\"@webdo_tn\" \/>\n<meta name=\"twitter:site\" content=\"@webdo_tn\" \/>\n<meta name=\"twitter:label1\" content=\"\u00c9crit par\" \/>\n\t<meta name=\"twitter:data1\" content=\"MC\" \/>\n\t<meta name=\"twitter:label2\" content=\"Dur\u00e9e de lecture estim\u00e9e\" \/>\n\t<meta name=\"twitter:data2\" content=\"2 minutes\" \/>\n<script type=\"application\/ld+json\" class=\"yoast-schema-graph\">{\"@context\":\"https:\\\/\\\/schema.org\",\"@graph\":[{\"@type\":\"NewsArticle\",\"@id\":\"https:\\\/\\\/www.webdo.tn\\\/fr\\\/actualite\\\/international\\\/gaza-apres-la-guerre-l-entite-sioniste-devoile-son-plan\\\/211322\\\/#article\",\"isPartOf\":{\"@id\":\"https:\\\/\\\/www.webdo.tn\\\/fr\\\/actualite\\\/international\\\/gaza-apres-la-guerre-l-entite-sioniste-devoile-son-plan\\\/211322\\\/\"},\"author\":{\"name\":\"MC\",\"@id\":\"https:\\\/\\\/www.webdo.tn\\\/fr\\\/#\\\/schema\\\/person\\\/2c4929cbf5a809e3bd38617c6ce150f6\"},\"headline\":\"Gaza apr\u00e8s la guerre : L\u2019entit\u00e9 sioniste d\u00e9voile son plan !\",\"datePublished\":\"2024-01-05T09:52:00+00:00\",\"dateModified\":\"2025-05-20T22:11:16+00:00\",\"mainEntityOfPage\":{\"@id\":\"https:\\\/\\\/www.webdo.tn\\\/fr\\\/actualite\\\/international\\\/gaza-apres-la-guerre-l-entite-sioniste-devoile-son-plan\\\/211322\\\/\"},\"wordCount\":446,\"commentCount\":0,\"publisher\":{\"@id\":\"https:\\\/\\\/www.webdo.tn\\\/fr\\\/#organization\"},\"image\":{\"@id\":\"https:\\\/\\\/www.webdo.tn\\\/fr\\\/actualite\\\/international\\\/gaza-apres-la-guerre-l-entite-sioniste-devoile-son-plan\\\/211322\\\/#primaryimage\"},\"thumbnailUrl\":\"https:\\\/\\\/www.webdo.tn\\\/fr\\\/wp-content\\\/uploads\\\/2024\\\/01\\\/3817120bccb11df6ff5e16fc0bed27c3.jpg\",\"keywords\":[\"Gaza\",\"hamas\",\"isra\u00ebl\",\"plan\"],\"articleSection\":[\"International\"],\"inLanguage\":\"fr-FR\"},{\"@type\":\"WebPage\",\"@id\":\"https:\\\/\\\/www.webdo.tn\\\/fr\\\/actualite\\\/international\\\/gaza-apres-la-guerre-l-entite-sioniste-devoile-son-plan\\\/211322\\\/\",\"url\":\"https:\\\/\\\/www.webdo.tn\\\/fr\\\/actualite\\\/international\\\/gaza-apres-la-guerre-l-entite-sioniste-devoile-son-plan\\\/211322\\\/\",\"name\":\"Gaza apr\u00e8s la guerre : L\u2019entit\u00e9 sioniste d\u00e9voile son plan !\",\"isPartOf\":{\"@id\":\"https:\\\/\\\/www.webdo.tn\\\/fr\\\/#website\"},\"primaryImageOfPage\":{\"@id\":\"https:\\\/\\\/www.webdo.tn\\\/fr\\\/actualite\\\/international\\\/gaza-apres-la-guerre-l-entite-sioniste-devoile-son-plan\\\/211322\\\/#primaryimage\"},\"image\":{\"@id\":\"https:\\\/\\\/www.webdo.tn\\\/fr\\\/actualite\\\/international\\\/gaza-apres-la-guerre-l-entite-sioniste-devoile-son-plan\\\/211322\\\/#primaryimage\"},\"thumbnailUrl\":\"https:\\\/\\\/www.webdo.tn\\\/fr\\\/wp-content\\\/uploads\\\/2024\\\/01\\\/3817120bccb11df6ff5e16fc0bed27c3.jpg\",\"datePublished\":\"2024-01-05T09:52:00+00:00\",\"dateModified\":\"2025-05-20T22:11:16+00:00\",\"description\":\"Le d\u00e9voilement de ce plan intervient \u00e0 la veille d'une nouvelle visite au Moyen-Orient du chef de la diplomatie am\u00e9ricaine Antony Blinken.\",\"breadcrumb\":{\"@id\":\"https:\\\/\\\/www.webdo.tn\\\/fr\\\/actualite\\\/international\\\/gaza-apres-la-guerre-l-entite-sioniste-devoile-son-plan\\\/211322\\\/#breadcrumb\"},\"inLanguage\":\"fr-FR\",\"potentialAction\":[{\"@type\":\"ReadAction\",\"target\":[\"https:\\\/\\\/www.webdo.tn\\\/fr\\\/actualite\\\/international\\\/gaza-apres-la-guerre-l-entite-sioniste-devoile-son-plan\\\/211322\\\/\"]}]},{\"@type\":\"ImageObject\",\"inLanguage\":\"fr-FR\",\"@id\":\"https:\\\/\\\/www.webdo.tn\\\/fr\\\/actualite\\\/international\\\/gaza-apres-la-guerre-l-entite-sioniste-devoile-son-plan\\\/211322\\\/#primaryimage\",\"url\":\"https:\\\/\\\/www.webdo.tn\\\/fr\\\/wp-content\\\/uploads\\\/2024\\\/01\\\/3817120bccb11df6ff5e16fc0bed27c3.jpg\",\"contentUrl\":\"https:\\\/\\\/www.webdo.tn\\\/fr\\\/wp-content\\\/uploads\\\/2024\\\/01\\\/3817120bccb11df6ff5e16fc0bed27c3.jpg\",\"width\":750,\"height\":400,\"caption\":\"Gaza apr\u00e8s la guerre : L\u2019entit\u00e9 sioniste d\u00e9voile son plan !\"},{\"@type\":\"BreadcrumbList\",\"@id\":\"https:\\\/\\\/www.webdo.tn\\\/fr\\\/actualite\\\/international\\\/gaza-apres-la-guerre-l-entite-sioniste-devoile-son-plan\\\/211322\\\/#breadcrumb\",\"itemListElement\":[{\"@type\":\"ListItem\",\"position\":1,\"name\":\"Accueil\",\"item\":\"https:\\\/\\\/www.webdo.tn\\\/fr\\\/\"},{\"@type\":\"ListItem\",\"position\":2,\"name\":\"Gaza apr\u00e8s la guerre : L\u2019entit\u00e9 sioniste d\u00e9voile son plan !\"}]},{\"@type\":\"WebSite\",\"@id\":\"https:\\\/\\\/www.webdo.tn\\\/fr\\\/#website\",\"url\":\"https:\\\/\\\/www.webdo.tn\\\/fr\\\/\",\"name\":\"webdo\",\"description\":\"Tunisie - News en Tunisie et \u00e0 l&#039;international sur Webdo.tn\",\"publisher\":{\"@id\":\"https:\\\/\\\/www.webdo.tn\\\/fr\\\/#organization\"},\"potentialAction\":[{\"@type\":\"SearchAction\",\"target\":{\"@type\":\"EntryPoint\",\"urlTemplate\":\"https:\\\/\\\/www.webdo.tn\\\/fr\\\/?s={search_term_string}\"},\"query-input\":{\"@type\":\"PropertyValueSpecification\",\"valueRequired\":true,\"valueName\":\"search_term_string\"}}],\"inLanguage\":\"fr-FR\"},{\"@type\":\"Organization\",\"@id\":\"https:\\\/\\\/www.webdo.tn\\\/fr\\\/#organization\",\"name\":\"Webdo\",\"alternateName\":\"Webdo.tn\",\"url\":\"https:\\\/\\\/www.webdo.tn\\\/fr\\\/\",\"logo\":{\"@type\":\"ImageObject\",\"inLanguage\":\"fr-FR\",\"@id\":\"https:\\\/\\\/www.webdo.tn\\\/fr\\\/#\\\/schema\\\/logo\\\/image\\\/\",\"url\":\"https:\\\/\\\/www.webdo.tn\\\/fr\\\/wp-content\\\/uploads\\\/2025\\\/06\\\/Webdo-Tunisie_168377.jpg\",\"contentUrl\":\"https:\\\/\\\/www.webdo.tn\\\/fr\\\/wp-content\\\/uploads\\\/2025\\\/06\\\/Webdo-Tunisie_168377.jpg\",\"width\":301,\"height\":301,\"caption\":\"Webdo\"},\"image\":{\"@id\":\"https:\\\/\\\/www.webdo.tn\\\/fr\\\/#\\\/schema\\\/logo\\\/image\\\/\"},\"sameAs\":[\"https:\\\/\\\/www.facebook.com\\\/webdotn\",\"https:\\\/\\\/x.com\\\/webdo_tn\"],\"description\":\"Webdo est un m\u00e9dia num\u00e9rique tunisien fond\u00e9 en 2010, sp\u00e9cialis\u00e9 dans l\u2019actualit\u00e9 nationale et internationale, l\u2019\u00e9conomie, la soci\u00e9t\u00e9 et les analyses politiques. Le site s\u2019adresse \u00e0 un large public francophone et couvre l\u2019information tunisienne en temps r\u00e9el.\",\"email\":\"redac@webdo.tn\",\"legalName\":\"YNJ SARL\",\"foundingDate\":\"2010-09-06\",\"numberOfEmployees\":{\"@type\":\"QuantitativeValue\",\"minValue\":\"11\",\"maxValue\":\"50\"}},{\"@type\":\"Person\",\"@id\":\"https:\\\/\\\/www.webdo.tn\\\/fr\\\/#\\\/schema\\\/person\\\/2c4929cbf5a809e3bd38617c6ce150f6\",\"name\":\"MC\",\"image\":{\"@type\":\"ImageObject\",\"inLanguage\":\"fr-FR\",\"@id\":\"https:\\\/\\\/secure.gravatar.com\\\/avatar\\\/a545bbb6f84efdd5553dbbc2895e3ca8f1d12c5215e00a041c9670b54aa9b18a?s=96&d=mm&r=g\",\"url\":\"https:\\\/\\\/secure.gravatar.com\\\/avatar\\\/a545bbb6f84efdd5553dbbc2895e3ca8f1d12c5215e00a041c9670b54aa9b18a?s=96&d=mm&r=g\",\"contentUrl\":\"https:\\\/\\\/secure.gravatar.com\\\/avatar\\\/a545bbb6f84efdd5553dbbc2895e3ca8f1d12c5215e00a041c9670b54aa9b18a?s=96&d=mm&r=g\",\"caption\":\"MC\"},\"url\":\"https:\\\/\\\/www.webdo.tn\\\/fr\\\/actualite\\\/author\\\/mc\\\/\"}]}<\/script>\n<!-- \/ Yoast SEO Premium plugin. -->","yoast_head_json":{"title":"Gaza apr\u00e8s la guerre : L\u2019entit\u00e9 sioniste d\u00e9voile son plan !","description":"Le d\u00e9voilement de ce plan intervient \u00e0 la veille d'une nouvelle visite au Moyen-Orient du chef de la diplomatie am\u00e9ricaine Antony Blinken.","canonical":"https:\/\/www.webdo.tn\/fr\/actualite\/international\/gaza-apres-la-guerre-l-entite-sioniste-devoile-son-plan\/211322\/","og_locale":"fr_FR","og_type":"article","og_title":"Gaza apr\u00e8s la guerre : L\u2019entit\u00e9 sioniste d\u00e9voile son plan !","og_description":"Le d\u00e9voilement de ce plan intervient \u00e0 la veille d'une nouvelle visite au Moyen-Orient du chef de la diplomatie am\u00e9ricaine Antony Blinken.","og_url":"https:\/\/www.webdo.tn\/fr\/actualite\/international\/gaza-apres-la-guerre-l-entite-sioniste-devoile-son-plan\/211322\/","og_site_name":"webdo","article_publisher":"https:\/\/www.facebook.com\/webdotn","article_published_time":"2024-01-05T09:52:00+00:00","article_modified_time":"2025-05-20T22:11:16+00:00","og_image":[{"width":750,"height":400,"url":"https:\/\/www.webdo.tn\/fr\/wp-content\/uploads\/2024\/01\/3817120bccb11df6ff5e16fc0bed27c3.jpg","type":"image\/jpeg"}],"author":"MC","twitter_card":"summary_large_image","twitter_creator":"@webdo_tn","twitter_site":"@webdo_tn","twitter_misc":{"\u00c9crit par":"MC","Dur\u00e9e de lecture estim\u00e9e":"2 minutes"},"schema":{"@context":"https:\/\/schema.org","@graph":[{"@type":"NewsArticle","@id":"https:\/\/www.webdo.tn\/fr\/actualite\/international\/gaza-apres-la-guerre-l-entite-sioniste-devoile-son-plan\/211322\/#article","isPartOf":{"@id":"https:\/\/www.webdo.tn\/fr\/actualite\/international\/gaza-apres-la-guerre-l-entite-sioniste-devoile-son-plan\/211322\/"},"author":{"name":"MC","@id":"https:\/\/www.webdo.tn\/fr\/#\/schema\/person\/2c4929cbf5a809e3bd38617c6ce150f6"},"headline":"Gaza apr\u00e8s la guerre : L\u2019entit\u00e9 sioniste d\u00e9voile son plan !","datePublished":"2024-01-05T09:52:00+00:00","dateModified":"2025-05-20T22:11:16+00:00","mainEntityOfPage":{"@id":"https:\/\/www.webdo.tn\/fr\/actualite\/international\/gaza-apres-la-guerre-l-entite-sioniste-devoile-son-plan\/211322\/"},"wordCount":446,"commentCount":0,"publisher":{"@id":"https:\/\/www.webdo.tn\/fr\/#organization"},"image":{"@id":"https:\/\/www.webdo.tn\/fr\/actualite\/international\/gaza-apres-la-guerre-l-entite-sioniste-devoile-son-plan\/211322\/#primaryimage"},"thumbnailUrl":"https:\/\/www.webdo.tn\/fr\/wp-content\/uploads\/2024\/01\/3817120bccb11df6ff5e16fc0bed27c3.jpg","keywords":["Gaza","hamas","isra\u00ebl","plan"],"articleSection":["International"],"inLanguage":"fr-FR"},{"@type":"WebPage","@id":"https:\/\/www.webdo.tn\/fr\/actualite\/international\/gaza-apres-la-guerre-l-entite-sioniste-devoile-son-plan\/211322\/","url":"https:\/\/www.webdo.tn\/fr\/actualite\/international\/gaza-apres-la-guerre-l-entite-sioniste-devoile-son-plan\/211322\/","name":"Gaza apr\u00e8s la guerre : L\u2019entit\u00e9 sioniste d\u00e9voile son plan !","isPartOf":{"@id":"https:\/\/www.webdo.tn\/fr\/#website"},"primaryImageOfPage":{"@id":"https:\/\/www.webdo.tn\/fr\/actualite\/international\/gaza-apres-la-guerre-l-entite-sioniste-devoile-son-plan\/211322\/#primaryimage"},"image":{"@id":"https:\/\/www.webdo.tn\/fr\/actualite\/international\/gaza-apres-la-guerre-l-entite-sioniste-devoile-son-plan\/211322\/#primaryimage"},"thumbnailUrl":"https:\/\/www.webdo.tn\/fr\/wp-content\/uploads\/2024\/01\/3817120bccb11df6ff5e16fc0bed27c3.jpg","datePublished":"2024-01-05T09:52:00+00:00","dateModified":"2025-05-20T22:11:16+00:00","description":"Le d\u00e9voilement de ce plan intervient \u00e0 la veille d'une nouvelle visite au Moyen-Orient du chef de la diplomatie am\u00e9ricaine Antony Blinken.","breadcrumb":{"@id":"https:\/\/www.webdo.tn\/fr\/actualite\/international\/gaza-apres-la-guerre-l-entite-sioniste-devoile-son-plan\/211322\/#breadcrumb"},"inLanguage":"fr-FR","potentialAction":[{"@type":"ReadAction","target":["https:\/\/www.webdo.tn\/fr\/actualite\/international\/gaza-apres-la-guerre-l-entite-sioniste-devoile-son-plan\/211322\/"]}]},{"@type":"ImageObject","inLanguage":"fr-FR","@id":"https:\/\/www.webdo.tn\/fr\/actualite\/international\/gaza-apres-la-guerre-l-entite-sioniste-devoile-son-plan\/211322\/#primaryimage","url":"https:\/\/www.webdo.tn\/fr\/wp-content\/uploads\/2024\/01\/3817120bccb11df6ff5e16fc0bed27c3.jpg","contentUrl":"https:\/\/www.webdo.tn\/fr\/wp-content\/uploads\/2024\/01\/3817120bccb11df6ff5e16fc0bed27c3.jpg","width":750,"height":400,"caption":"Gaza apr\u00e8s la guerre : L\u2019entit\u00e9 sioniste d\u00e9voile son plan !"},{"@type":"BreadcrumbList","@id":"https:\/\/www.webdo.tn\/fr\/actualite\/international\/gaza-apres-la-guerre-l-entite-sioniste-devoile-son-plan\/211322\/#breadcrumb","itemListElement":[{"@type":"ListItem","position":1,"name":"Accueil","item":"https:\/\/www.webdo.tn\/fr\/"},{"@type":"ListItem","position":2,"name":"Gaza apr\u00e8s la guerre : L\u2019entit\u00e9 sioniste d\u00e9voile son plan !"}]},{"@type":"WebSite","@id":"https:\/\/www.webdo.tn\/fr\/#website","url":"https:\/\/www.webdo.tn\/fr\/","name":"webdo","description":"Tunisie - News en Tunisie et \u00e0 l&#039;international sur Webdo.tn","publisher":{"@id":"https:\/\/www.webdo.tn\/fr\/#organization"},"potentialAction":[{"@type":"SearchAction","target":{"@type":"EntryPoint","urlTemplate":"https:\/\/www.webdo.tn\/fr\/?s={search_term_string}"},"query-input":{"@type":"PropertyValueSpecification","valueRequired":true,"valueName":"search_term_string"}}],"inLanguage":"fr-FR"},{"@type":"Organization","@id":"https:\/\/www.webdo.tn\/fr\/#organization","name":"Webdo","alternateName":"Webdo.tn","url":"https:\/\/www.webdo.tn\/fr\/","logo":{"@type":"ImageObject","inLanguage":"fr-FR","@id":"https:\/\/www.webdo.tn\/fr\/#\/schema\/logo\/image\/","url":"https:\/\/www.webdo.tn\/fr\/wp-content\/uploads\/2025\/06\/Webdo-Tunisie_168377.jpg","contentUrl":"https:\/\/www.webdo.tn\/fr\/wp-content\/uploads\/2025\/06\/Webdo-Tunisie_168377.jpg","width":301,"height":301,"caption":"Webdo"},"image":{"@id":"https:\/\/www.webdo.tn\/fr\/#\/schema\/logo\/image\/"},"sameAs":["https:\/\/www.facebook.com\/webdotn","https:\/\/x.com\/webdo_tn"],"description":"Webdo est un m\u00e9dia num\u00e9rique tunisien fond\u00e9 en 2010, sp\u00e9cialis\u00e9 dans l\u2019actualit\u00e9 nationale et internationale, l\u2019\u00e9conomie, la soci\u00e9t\u00e9 et les analyses politiques. Le site s\u2019adresse \u00e0 un large public francophone et couvre l\u2019information tunisienne en temps r\u00e9el.","email":"redac@webdo.tn","legalName":"YNJ SARL","foundingDate":"2010-09-06","numberOfEmployees":{"@type":"QuantitativeValue","minValue":"11","maxValue":"50"}},{"@type":"Person","@id":"https:\/\/www.webdo.tn\/fr\/#\/schema\/person\/2c4929cbf5a809e3bd38617c6ce150f6","name":"MC","image":{"@type":"ImageObject","inLanguage":"fr-FR","@id":"https:\/\/secure.gravatar.com\/avatar\/a545bbb6f84efdd5553dbbc2895e3ca8f1d12c5215e00a041c9670b54aa9b18a?s=96&d=mm&r=g","url":"https:\/\/secure.gravatar.com\/avatar\/a545bbb6f84efdd5553dbbc2895e3ca8f1d12c5215e00a041c9670b54aa9b18a?s=96&d=mm&r=g","contentUrl":"https:\/\/secure.gravatar.com\/avatar\/a545bbb6f84efdd5553dbbc2895e3ca8f1d12c5215e00a041c9670b54aa9b18a?s=96&d=mm&r=g","caption":"MC"},"url":"https:\/\/www.webdo.tn\/fr\/actualite\/author\/mc\/"}]}},"_links":{"self":[{"href":"https:\/\/www.webdo.tn\/fr\/wp-json\/wp\/v2\/posts\/211322","targetHints":{"allow":["GET"]}}],"collection":[{"href":"https:\/\/www.webdo.tn\/fr\/wp-json\/wp\/v2\/posts"}],"about":[{"href":"https:\/\/www.webdo.tn\/fr\/wp-json\/wp\/v2\/types\/post"}],"author":[{"embeddable":true,"href":"https:\/\/www.webdo.tn\/fr\/wp-json\/wp\/v2\/users\/3162"}],"replies":[{"embeddable":true,"href":"https:\/\/www.webdo.tn\/fr\/wp-json\/wp\/v2\/comments?post=211322"}],"version-history":[{"count":0,"href":"https:\/\/www.webdo.tn\/fr\/wp-json\/wp\/v2\/posts\/211322\/revisions"}],"wp:featuredmedia":[{"embeddable":true,"href":"https:\/\/www.webdo.tn\/fr\/wp-json\/wp\/v2\/media\/290037"}],"wp:attachment":[{"href":"https:\/\/www.webdo.tn\/fr\/wp-json\/wp\/v2\/media?parent=211322"}],"wp:term":[{"taxonomy":"category","embeddable":true,"href":"https:\/\/www.webdo.tn\/fr\/wp-json\/wp\/v2\/categories?post=211322"},{"taxonomy":"post_tag","embeddable":true,"href":"https:\/\/www.webdo.tn\/fr\/wp-json\/wp\/v2\/tags?post=211322"}],"curies":[{"name":"wp","href":"https:\/\/api.w.org\/{rel}","templated":true}]}}