{"id":211316,"date":"2024-01-04T20:03:00","date_gmt":"2024-01-04T20:03:00","guid":{"rendered":"https:\/\/www.webdo.tn\/fr\/blog\/tunisie-lettre-ouverte-de-la-federation-internationale-des-journalistes-a-kais-saied\/211316\/"},"modified":"2025-05-20T22:38:36","modified_gmt":"2025-05-20T22:38:36","slug":"tunisie-lettre-ouverte-de-la-federation-internationale-des-journalistes-a-kais-saied","status":"publish","type":"post","link":"https:\/\/www.webdo.tn\/fr\/actualite\/national\/tunisie-lettre-ouverte-de-la-federation-internationale-des-journalistes-a-kais-saied\/211316\/","title":{"rendered":"Tunisie : Lettre ouverte de la F\u00e9d\u00e9ration internationale des journalistes \u00e0 Kais Saied"},"content":{"rendered":"<p>En marge de l\u2019arrestation du journaliste Zied El-Heni, la FIJ, s\u2019est adress\u00e9e directement au pr\u00e9sident de la R\u00e9publique, craignant des poursuites judiciaires contre les journalistes.\u00a0<\/p>\n<p>\t\t\t\t\t\t\t\t\tLa F\u00e9d\u00e9ration internationale des journalistes (FIJ) a exhort\u00e9 le pr\u00e9sident de la R\u00e9publique, Kais Sa\u00efed, \u00ab\u00a0\u00e0 exercer ses pleins pouvoirs afin d&rsquo;imposer le respect de la constitution et prot\u00e9ger le sort des libert\u00e9s journalistiques dans le pays\u00a0\u00bb.\u00a0<\/p>\n<p>Dans une lettre ouverte adress\u00e9e, jeudi, au Pr\u00e9sident de la R\u00e9publique et dont copie est parvenue \u00e0 la TAP, la FIJ s\u2019est dite profond\u00e9ment constern\u00e9e face \u00e0 la mont\u00e9e en puissance des proc\u00e8s port\u00e9s contre des journalistes, estimant que cette orientation est \u00a0\u00bb en totale contradiction avec les acquis pr\u00e9vus par la Constitution tunisienne en mati\u00e8re de libert\u00e9 d&rsquo;expression et de l\u2019information \u00ab\u00a0.Elle a appel\u00e9 \u00e0 ce titre le chef de l&rsquo;Etat \u00e0 exercer ses pleins pouvoirs afin de faire respecter la Constitution et de prot\u00e9ger la libert\u00e9 de la presse.<\/p>\n<p>La FIJ a \u00e9galement exhort\u00e9 le pr\u00e9sident de la R\u00e9publique \u00e0 \u0153uvrer \u00e0 la lib\u00e9ration des journalistes Zied el Heni, Khalifa Guesmi et Shadha Hadj Mbarek et \u00e0 mettre fin au recours fr\u00e9quent aux textes de d\u00e9crets et de lois jug\u00e9s liberticides dans le dessein de traquer les journalistes.<\/p>\n<p>Le minist\u00e8re public a d\u00e9cid\u00e9 d\u2019\u00e9mettre un mandat de d\u00e9p\u00f4t contre le journaliste Zied El-Heni dans une affaire d\u2019atteinte \u00e0 autrui via les canaux de t\u00e9l\u00e9communication.<br \/>\nEl-Heni sera traduit devant le juge le 10 janvier prochain pour examen de son affaire, indique son avocat ce lundi 1er janvier 2024.\u00a0<\/p>\n<p>Zied El Heni a \u00e9t\u00e9 plac\u00e9, jeudi 28 d\u00e9cembre en garde \u00e0 vue et est confront\u00e9 \u00e0 des poursuites judiciaires suite \u00e0 ses commentaires critiques envers la ministre du Commerce Kalthoum Ben Rejeb lors d\u2019une intervention sur les ondes de la radio iFM dans la matin\u00e9e de jeudi.<\/p>\n","protected":false},"excerpt":{"rendered":"<p>La F\u00e9d\u00e9ration internationale des journalistes (FIJ) a exhort\u00e9 le pr\u00e9sident de la R\u00e9publique, Kais Sa\u00efed,  \u00e0 exercer ses pleins pouvoirs afin d&rsquo;imposer le respec&#8230;<\/p>\n","protected":false},"author":3175,"featured_media":248336,"comment_status":"open","ping_status":"closed","sticky":false,"template":"","format":"standard","meta":{"footnotes":""},"categories":[44],"tags":[7260,2614,7204,2608],"class_list":["post-211316","post","type-post","status-publish","format-standard","has-post-thumbnail","hentry","category-national","tag-fij","tag-kais-saied","tag-lettre-ouverte","tag-tunisie"],"yoast_head":"<!-- This site is optimized with the Yoast SEO Premium plugin v27.4 (Yoast SEO v27.4) - https:\/\/yoast.com\/product\/yoast-seo-premium-wordpress\/ -->\n<title>Tunisie : Lettre ouverte de la F\u00e9d\u00e9ration internationale des journalistes \u00e0 Kais Saied<\/title>\n<meta name=\"description\" content=\"La F\u00e9d\u00e9ration internationale des journalistes (FIJ) a exhort\u00e9 le pr\u00e9sident de la R\u00e9publique, Kais Sa\u00efed, \u00e0 exercer ses pleins pouvoirs afin d&#039;imposer le respec...\" \/>\n<link rel=\"canonical\" href=\"https:\/\/www.webdo.tn\/fr\/actualite\/national\/tunisie-lettre-ouverte-de-la-federation-internationale-des-journalistes-a-kais-saied\/211316\/\" \/>\n<meta property=\"og:locale\" content=\"fr_FR\" \/>\n<meta property=\"og:type\" content=\"article\" \/>\n<meta property=\"og:title\" content=\"Tunisie : Lettre ouverte de la F\u00e9d\u00e9ration internationale des journalistes \u00e0 Kais Saied\" \/>\n<meta property=\"og:description\" content=\"La F\u00e9d\u00e9ration internationale des journalistes (FIJ) a exhort\u00e9 le pr\u00e9sident de la R\u00e9publique, Kais Sa\u00efed, \u00e0 exercer ses pleins pouvoirs afin d&#039;imposer le respec...\" \/>\n<meta property=\"og:url\" content=\"https:\/\/www.webdo.tn\/fr\/actualite\/national\/tunisie-lettre-ouverte-de-la-federation-internationale-des-journalistes-a-kais-saied\/211316\/\" \/>\n<meta property=\"og:site_name\" content=\"webdo\" \/>\n<meta property=\"article:publisher\" content=\"https:\/\/www.facebook.com\/webdotn\" \/>\n<meta property=\"article:published_time\" content=\"2024-01-04T20:03:00+00:00\" \/>\n<meta property=\"article:modified_time\" content=\"2025-05-20T22:38:36+00:00\" \/>\n<meta property=\"og:image\" content=\"https:\/\/www.webdo.tn\/fr\/wp-content\/uploads\/2024\/01\/71e0510f77f75451fe176db7d1f390dc.jpg\" \/>\n\t<meta property=\"og:image:width\" content=\"750\" \/>\n\t<meta property=\"og:image:height\" content=\"400\" \/>\n\t<meta property=\"og:image:type\" content=\"image\/jpeg\" \/>\n<meta name=\"author\" content=\"CL\" \/>\n<meta name=\"twitter:card\" content=\"summary_large_image\" \/>\n<meta name=\"twitter:creator\" content=\"@webdo_tn\" \/>\n<meta name=\"twitter:site\" content=\"@webdo_tn\" \/>\n<meta name=\"twitter:label1\" content=\"\u00c9crit par\" \/>\n\t<meta name=\"twitter:data1\" content=\"CL\" \/>\n\t<meta name=\"twitter:label2\" content=\"Dur\u00e9e de lecture estim\u00e9e\" \/>\n\t<meta name=\"twitter:data2\" content=\"2 minutes\" \/>\n<script type=\"application\/ld+json\" class=\"yoast-schema-graph\">{\"@context\":\"https:\\\/\\\/schema.org\",\"@graph\":[{\"@type\":\"NewsArticle\",\"@id\":\"https:\\\/\\\/www.webdo.tn\\\/fr\\\/actualite\\\/national\\\/tunisie-lettre-ouverte-de-la-federation-internationale-des-journalistes-a-kais-saied\\\/211316\\\/#article\",\"isPartOf\":{\"@id\":\"https:\\\/\\\/www.webdo.tn\\\/fr\\\/actualite\\\/national\\\/tunisie-lettre-ouverte-de-la-federation-internationale-des-journalistes-a-kais-saied\\\/211316\\\/\"},\"author\":{\"name\":\"CL\",\"@id\":\"https:\\\/\\\/www.webdo.tn\\\/fr\\\/#\\\/schema\\\/person\\\/f35b42a42c5e2511bbd282959d6385cc\"},\"headline\":\"Tunisie : Lettre ouverte de la F\u00e9d\u00e9ration internationale des journalistes \u00e0 Kais Saied\",\"datePublished\":\"2024-01-04T20:03:00+00:00\",\"dateModified\":\"2025-05-20T22:38:36+00:00\",\"mainEntityOfPage\":{\"@id\":\"https:\\\/\\\/www.webdo.tn\\\/fr\\\/actualite\\\/national\\\/tunisie-lettre-ouverte-de-la-federation-internationale-des-journalistes-a-kais-saied\\\/211316\\\/\"},\"wordCount\":341,\"commentCount\":0,\"publisher\":{\"@id\":\"https:\\\/\\\/www.webdo.tn\\\/fr\\\/#organization\"},\"image\":{\"@id\":\"https:\\\/\\\/www.webdo.tn\\\/fr\\\/actualite\\\/national\\\/tunisie-lettre-ouverte-de-la-federation-internationale-des-journalistes-a-kais-saied\\\/211316\\\/#primaryimage\"},\"thumbnailUrl\":\"https:\\\/\\\/www.webdo.tn\\\/fr\\\/wp-content\\\/uploads\\\/2024\\\/01\\\/71e0510f77f75451fe176db7d1f390dc.jpg\",\"keywords\":[\"FIJ\",\"Kais Saied\",\"Lettre ouverte\",\"Tunisie\"],\"articleSection\":[\"National\"],\"inLanguage\":\"fr-FR\"},{\"@type\":\"WebPage\",\"@id\":\"https:\\\/\\\/www.webdo.tn\\\/fr\\\/actualite\\\/national\\\/tunisie-lettre-ouverte-de-la-federation-internationale-des-journalistes-a-kais-saied\\\/211316\\\/\",\"url\":\"https:\\\/\\\/www.webdo.tn\\\/fr\\\/actualite\\\/national\\\/tunisie-lettre-ouverte-de-la-federation-internationale-des-journalistes-a-kais-saied\\\/211316\\\/\",\"name\":\"Tunisie : Lettre ouverte de la F\u00e9d\u00e9ration internationale des journalistes \u00e0 Kais Saied\",\"isPartOf\":{\"@id\":\"https:\\\/\\\/www.webdo.tn\\\/fr\\\/#website\"},\"primaryImageOfPage\":{\"@id\":\"https:\\\/\\\/www.webdo.tn\\\/fr\\\/actualite\\\/national\\\/tunisie-lettre-ouverte-de-la-federation-internationale-des-journalistes-a-kais-saied\\\/211316\\\/#primaryimage\"},\"image\":{\"@id\":\"https:\\\/\\\/www.webdo.tn\\\/fr\\\/actualite\\\/national\\\/tunisie-lettre-ouverte-de-la-federation-internationale-des-journalistes-a-kais-saied\\\/211316\\\/#primaryimage\"},\"thumbnailUrl\":\"https:\\\/\\\/www.webdo.tn\\\/fr\\\/wp-content\\\/uploads\\\/2024\\\/01\\\/71e0510f77f75451fe176db7d1f390dc.jpg\",\"datePublished\":\"2024-01-04T20:03:00+00:00\",\"dateModified\":\"2025-05-20T22:38:36+00:00\",\"description\":\"La F\u00e9d\u00e9ration internationale des journalistes (FIJ) a exhort\u00e9 le pr\u00e9sident de la R\u00e9publique, Kais Sa\u00efed, \u00e0 exercer ses pleins pouvoirs afin d'imposer le respec...\",\"breadcrumb\":{\"@id\":\"https:\\\/\\\/www.webdo.tn\\\/fr\\\/actualite\\\/national\\\/tunisie-lettre-ouverte-de-la-federation-internationale-des-journalistes-a-kais-saied\\\/211316\\\/#breadcrumb\"},\"inLanguage\":\"fr-FR\",\"potentialAction\":[{\"@type\":\"ReadAction\",\"target\":[\"https:\\\/\\\/www.webdo.tn\\\/fr\\\/actualite\\\/national\\\/tunisie-lettre-ouverte-de-la-federation-internationale-des-journalistes-a-kais-saied\\\/211316\\\/\"]}]},{\"@type\":\"ImageObject\",\"inLanguage\":\"fr-FR\",\"@id\":\"https:\\\/\\\/www.webdo.tn\\\/fr\\\/actualite\\\/national\\\/tunisie-lettre-ouverte-de-la-federation-internationale-des-journalistes-a-kais-saied\\\/211316\\\/#primaryimage\",\"url\":\"https:\\\/\\\/www.webdo.tn\\\/fr\\\/wp-content\\\/uploads\\\/2024\\\/01\\\/71e0510f77f75451fe176db7d1f390dc.jpg\",\"contentUrl\":\"https:\\\/\\\/www.webdo.tn\\\/fr\\\/wp-content\\\/uploads\\\/2024\\\/01\\\/71e0510f77f75451fe176db7d1f390dc.jpg\",\"width\":750,\"height\":400,\"caption\":\"Tunisie : Lettre ouverte de la F\u00e9d\u00e9ration internationale des journalistes \u00e0 Kais Saied\"},{\"@type\":\"BreadcrumbList\",\"@id\":\"https:\\\/\\\/www.webdo.tn\\\/fr\\\/actualite\\\/national\\\/tunisie-lettre-ouverte-de-la-federation-internationale-des-journalistes-a-kais-saied\\\/211316\\\/#breadcrumb\",\"itemListElement\":[{\"@type\":\"ListItem\",\"position\":1,\"name\":\"Accueil\",\"item\":\"https:\\\/\\\/www.webdo.tn\\\/fr\\\/\"},{\"@type\":\"ListItem\",\"position\":2,\"name\":\"Tunisie : Lettre ouverte de la F\u00e9d\u00e9ration internationale des journalistes \u00e0 Kais Saied\"}]},{\"@type\":\"WebSite\",\"@id\":\"https:\\\/\\\/www.webdo.tn\\\/fr\\\/#website\",\"url\":\"https:\\\/\\\/www.webdo.tn\\\/fr\\\/\",\"name\":\"webdo\",\"description\":\"Tunisie - News en Tunisie et \u00e0 l&#039;international sur Webdo.tn\",\"publisher\":{\"@id\":\"https:\\\/\\\/www.webdo.tn\\\/fr\\\/#organization\"},\"potentialAction\":[{\"@type\":\"SearchAction\",\"target\":{\"@type\":\"EntryPoint\",\"urlTemplate\":\"https:\\\/\\\/www.webdo.tn\\\/fr\\\/?s={search_term_string}\"},\"query-input\":{\"@type\":\"PropertyValueSpecification\",\"valueRequired\":true,\"valueName\":\"search_term_string\"}}],\"inLanguage\":\"fr-FR\"},{\"@type\":\"Organization\",\"@id\":\"https:\\\/\\\/www.webdo.tn\\\/fr\\\/#organization\",\"name\":\"Webdo\",\"alternateName\":\"Webdo.tn\",\"url\":\"https:\\\/\\\/www.webdo.tn\\\/fr\\\/\",\"logo\":{\"@type\":\"ImageObject\",\"inLanguage\":\"fr-FR\",\"@id\":\"https:\\\/\\\/www.webdo.tn\\\/fr\\\/#\\\/schema\\\/logo\\\/image\\\/\",\"url\":\"https:\\\/\\\/www.webdo.tn\\\/fr\\\/wp-content\\\/uploads\\\/2025\\\/06\\\/Webdo-Tunisie_168377.jpg\",\"contentUrl\":\"https:\\\/\\\/www.webdo.tn\\\/fr\\\/wp-content\\\/uploads\\\/2025\\\/06\\\/Webdo-Tunisie_168377.jpg\",\"width\":301,\"height\":301,\"caption\":\"Webdo\"},\"image\":{\"@id\":\"https:\\\/\\\/www.webdo.tn\\\/fr\\\/#\\\/schema\\\/logo\\\/image\\\/\"},\"sameAs\":[\"https:\\\/\\\/www.facebook.com\\\/webdotn\",\"https:\\\/\\\/x.com\\\/webdo_tn\"],\"description\":\"Webdo est un m\u00e9dia num\u00e9rique tunisien fond\u00e9 en 2010, sp\u00e9cialis\u00e9 dans l\u2019actualit\u00e9 nationale et internationale, l\u2019\u00e9conomie, la soci\u00e9t\u00e9 et les analyses politiques. Le site s\u2019adresse \u00e0 un large public francophone et couvre l\u2019information tunisienne en temps r\u00e9el.\",\"email\":\"redac@webdo.tn\",\"legalName\":\"YNJ SARL\",\"foundingDate\":\"2010-09-06\",\"numberOfEmployees\":{\"@type\":\"QuantitativeValue\",\"minValue\":\"11\",\"maxValue\":\"50\"}},{\"@type\":\"Person\",\"@id\":\"https:\\\/\\\/www.webdo.tn\\\/fr\\\/#\\\/schema\\\/person\\\/f35b42a42c5e2511bbd282959d6385cc\",\"name\":\"CL\",\"image\":{\"@type\":\"ImageObject\",\"inLanguage\":\"fr-FR\",\"@id\":\"https:\\\/\\\/secure.gravatar.com\\\/avatar\\\/1447a49909b67aa657c488aec6512e1dd6143a480c1ecfee9b5b5cd74eb3b59e?s=96&d=mm&r=g\",\"url\":\"https:\\\/\\\/secure.gravatar.com\\\/avatar\\\/1447a49909b67aa657c488aec6512e1dd6143a480c1ecfee9b5b5cd74eb3b59e?s=96&d=mm&r=g\",\"contentUrl\":\"https:\\\/\\\/secure.gravatar.com\\\/avatar\\\/1447a49909b67aa657c488aec6512e1dd6143a480c1ecfee9b5b5cd74eb3b59e?s=96&d=mm&r=g\",\"caption\":\"CL\"},\"url\":\"https:\\\/\\\/www.webdo.tn\\\/fr\\\/actualite\\\/author\\\/cl\\\/\"}]}<\/script>\n<!-- \/ Yoast SEO Premium plugin. -->","yoast_head_json":{"title":"Tunisie : Lettre ouverte de la F\u00e9d\u00e9ration internationale des journalistes \u00e0 Kais Saied","description":"La F\u00e9d\u00e9ration internationale des journalistes (FIJ) a exhort\u00e9 le pr\u00e9sident de la R\u00e9publique, Kais Sa\u00efed, \u00e0 exercer ses pleins pouvoirs afin d'imposer le respec...","canonical":"https:\/\/www.webdo.tn\/fr\/actualite\/national\/tunisie-lettre-ouverte-de-la-federation-internationale-des-journalistes-a-kais-saied\/211316\/","og_locale":"fr_FR","og_type":"article","og_title":"Tunisie : Lettre ouverte de la F\u00e9d\u00e9ration internationale des journalistes \u00e0 Kais Saied","og_description":"La F\u00e9d\u00e9ration internationale des journalistes (FIJ) a exhort\u00e9 le pr\u00e9sident de la R\u00e9publique, Kais Sa\u00efed, \u00e0 exercer ses pleins pouvoirs afin d'imposer le respec...","og_url":"https:\/\/www.webdo.tn\/fr\/actualite\/national\/tunisie-lettre-ouverte-de-la-federation-internationale-des-journalistes-a-kais-saied\/211316\/","og_site_name":"webdo","article_publisher":"https:\/\/www.facebook.com\/webdotn","article_published_time":"2024-01-04T20:03:00+00:00","article_modified_time":"2025-05-20T22:38:36+00:00","og_image":[{"width":750,"height":400,"url":"https:\/\/www.webdo.tn\/fr\/wp-content\/uploads\/2024\/01\/71e0510f77f75451fe176db7d1f390dc.jpg","type":"image\/jpeg"}],"author":"CL","twitter_card":"summary_large_image","twitter_creator":"@webdo_tn","twitter_site":"@webdo_tn","twitter_misc":{"\u00c9crit par":"CL","Dur\u00e9e de lecture estim\u00e9e":"2 minutes"},"schema":{"@context":"https:\/\/schema.org","@graph":[{"@type":"NewsArticle","@id":"https:\/\/www.webdo.tn\/fr\/actualite\/national\/tunisie-lettre-ouverte-de-la-federation-internationale-des-journalistes-a-kais-saied\/211316\/#article","isPartOf":{"@id":"https:\/\/www.webdo.tn\/fr\/actualite\/national\/tunisie-lettre-ouverte-de-la-federation-internationale-des-journalistes-a-kais-saied\/211316\/"},"author":{"name":"CL","@id":"https:\/\/www.webdo.tn\/fr\/#\/schema\/person\/f35b42a42c5e2511bbd282959d6385cc"},"headline":"Tunisie : Lettre ouverte de la F\u00e9d\u00e9ration internationale des journalistes \u00e0 Kais Saied","datePublished":"2024-01-04T20:03:00+00:00","dateModified":"2025-05-20T22:38:36+00:00","mainEntityOfPage":{"@id":"https:\/\/www.webdo.tn\/fr\/actualite\/national\/tunisie-lettre-ouverte-de-la-federation-internationale-des-journalistes-a-kais-saied\/211316\/"},"wordCount":341,"commentCount":0,"publisher":{"@id":"https:\/\/www.webdo.tn\/fr\/#organization"},"image":{"@id":"https:\/\/www.webdo.tn\/fr\/actualite\/national\/tunisie-lettre-ouverte-de-la-federation-internationale-des-journalistes-a-kais-saied\/211316\/#primaryimage"},"thumbnailUrl":"https:\/\/www.webdo.tn\/fr\/wp-content\/uploads\/2024\/01\/71e0510f77f75451fe176db7d1f390dc.jpg","keywords":["FIJ","Kais Saied","Lettre ouverte","Tunisie"],"articleSection":["National"],"inLanguage":"fr-FR"},{"@type":"WebPage","@id":"https:\/\/www.webdo.tn\/fr\/actualite\/national\/tunisie-lettre-ouverte-de-la-federation-internationale-des-journalistes-a-kais-saied\/211316\/","url":"https:\/\/www.webdo.tn\/fr\/actualite\/national\/tunisie-lettre-ouverte-de-la-federation-internationale-des-journalistes-a-kais-saied\/211316\/","name":"Tunisie : Lettre ouverte de la F\u00e9d\u00e9ration internationale des journalistes \u00e0 Kais Saied","isPartOf":{"@id":"https:\/\/www.webdo.tn\/fr\/#website"},"primaryImageOfPage":{"@id":"https:\/\/www.webdo.tn\/fr\/actualite\/national\/tunisie-lettre-ouverte-de-la-federation-internationale-des-journalistes-a-kais-saied\/211316\/#primaryimage"},"image":{"@id":"https:\/\/www.webdo.tn\/fr\/actualite\/national\/tunisie-lettre-ouverte-de-la-federation-internationale-des-journalistes-a-kais-saied\/211316\/#primaryimage"},"thumbnailUrl":"https:\/\/www.webdo.tn\/fr\/wp-content\/uploads\/2024\/01\/71e0510f77f75451fe176db7d1f390dc.jpg","datePublished":"2024-01-04T20:03:00+00:00","dateModified":"2025-05-20T22:38:36+00:00","description":"La F\u00e9d\u00e9ration internationale des journalistes (FIJ) a exhort\u00e9 le pr\u00e9sident de la R\u00e9publique, Kais Sa\u00efed, \u00e0 exercer ses pleins pouvoirs afin d'imposer le respec...","breadcrumb":{"@id":"https:\/\/www.webdo.tn\/fr\/actualite\/national\/tunisie-lettre-ouverte-de-la-federation-internationale-des-journalistes-a-kais-saied\/211316\/#breadcrumb"},"inLanguage":"fr-FR","potentialAction":[{"@type":"ReadAction","target":["https:\/\/www.webdo.tn\/fr\/actualite\/national\/tunisie-lettre-ouverte-de-la-federation-internationale-des-journalistes-a-kais-saied\/211316\/"]}]},{"@type":"ImageObject","inLanguage":"fr-FR","@id":"https:\/\/www.webdo.tn\/fr\/actualite\/national\/tunisie-lettre-ouverte-de-la-federation-internationale-des-journalistes-a-kais-saied\/211316\/#primaryimage","url":"https:\/\/www.webdo.tn\/fr\/wp-content\/uploads\/2024\/01\/71e0510f77f75451fe176db7d1f390dc.jpg","contentUrl":"https:\/\/www.webdo.tn\/fr\/wp-content\/uploads\/2024\/01\/71e0510f77f75451fe176db7d1f390dc.jpg","width":750,"height":400,"caption":"Tunisie : Lettre ouverte de la F\u00e9d\u00e9ration internationale des journalistes \u00e0 Kais Saied"},{"@type":"BreadcrumbList","@id":"https:\/\/www.webdo.tn\/fr\/actualite\/national\/tunisie-lettre-ouverte-de-la-federation-internationale-des-journalistes-a-kais-saied\/211316\/#breadcrumb","itemListElement":[{"@type":"ListItem","position":1,"name":"Accueil","item":"https:\/\/www.webdo.tn\/fr\/"},{"@type":"ListItem","position":2,"name":"Tunisie : Lettre ouverte de la F\u00e9d\u00e9ration internationale des journalistes \u00e0 Kais Saied"}]},{"@type":"WebSite","@id":"https:\/\/www.webdo.tn\/fr\/#website","url":"https:\/\/www.webdo.tn\/fr\/","name":"webdo","description":"Tunisie - News en Tunisie et \u00e0 l&#039;international sur Webdo.tn","publisher":{"@id":"https:\/\/www.webdo.tn\/fr\/#organization"},"potentialAction":[{"@type":"SearchAction","target":{"@type":"EntryPoint","urlTemplate":"https:\/\/www.webdo.tn\/fr\/?s={search_term_string}"},"query-input":{"@type":"PropertyValueSpecification","valueRequired":true,"valueName":"search_term_string"}}],"inLanguage":"fr-FR"},{"@type":"Organization","@id":"https:\/\/www.webdo.tn\/fr\/#organization","name":"Webdo","alternateName":"Webdo.tn","url":"https:\/\/www.webdo.tn\/fr\/","logo":{"@type":"ImageObject","inLanguage":"fr-FR","@id":"https:\/\/www.webdo.tn\/fr\/#\/schema\/logo\/image\/","url":"https:\/\/www.webdo.tn\/fr\/wp-content\/uploads\/2025\/06\/Webdo-Tunisie_168377.jpg","contentUrl":"https:\/\/www.webdo.tn\/fr\/wp-content\/uploads\/2025\/06\/Webdo-Tunisie_168377.jpg","width":301,"height":301,"caption":"Webdo"},"image":{"@id":"https:\/\/www.webdo.tn\/fr\/#\/schema\/logo\/image\/"},"sameAs":["https:\/\/www.facebook.com\/webdotn","https:\/\/x.com\/webdo_tn"],"description":"Webdo est un m\u00e9dia num\u00e9rique tunisien fond\u00e9 en 2010, sp\u00e9cialis\u00e9 dans l\u2019actualit\u00e9 nationale et internationale, l\u2019\u00e9conomie, la soci\u00e9t\u00e9 et les analyses politiques. Le site s\u2019adresse \u00e0 un large public francophone et couvre l\u2019information tunisienne en temps r\u00e9el.","email":"redac@webdo.tn","legalName":"YNJ SARL","foundingDate":"2010-09-06","numberOfEmployees":{"@type":"QuantitativeValue","minValue":"11","maxValue":"50"}},{"@type":"Person","@id":"https:\/\/www.webdo.tn\/fr\/#\/schema\/person\/f35b42a42c5e2511bbd282959d6385cc","name":"CL","image":{"@type":"ImageObject","inLanguage":"fr-FR","@id":"https:\/\/secure.gravatar.com\/avatar\/1447a49909b67aa657c488aec6512e1dd6143a480c1ecfee9b5b5cd74eb3b59e?s=96&d=mm&r=g","url":"https:\/\/secure.gravatar.com\/avatar\/1447a49909b67aa657c488aec6512e1dd6143a480c1ecfee9b5b5cd74eb3b59e?s=96&d=mm&r=g","contentUrl":"https:\/\/secure.gravatar.com\/avatar\/1447a49909b67aa657c488aec6512e1dd6143a480c1ecfee9b5b5cd74eb3b59e?s=96&d=mm&r=g","caption":"CL"},"url":"https:\/\/www.webdo.tn\/fr\/actualite\/author\/cl\/"}]}},"_links":{"self":[{"href":"https:\/\/www.webdo.tn\/fr\/wp-json\/wp\/v2\/posts\/211316","targetHints":{"allow":["GET"]}}],"collection":[{"href":"https:\/\/www.webdo.tn\/fr\/wp-json\/wp\/v2\/posts"}],"about":[{"href":"https:\/\/www.webdo.tn\/fr\/wp-json\/wp\/v2\/types\/post"}],"author":[{"embeddable":true,"href":"https:\/\/www.webdo.tn\/fr\/wp-json\/wp\/v2\/users\/3175"}],"replies":[{"embeddable":true,"href":"https:\/\/www.webdo.tn\/fr\/wp-json\/wp\/v2\/comments?post=211316"}],"version-history":[{"count":0,"href":"https:\/\/www.webdo.tn\/fr\/wp-json\/wp\/v2\/posts\/211316\/revisions"}],"wp:featuredmedia":[{"embeddable":true,"href":"https:\/\/www.webdo.tn\/fr\/wp-json\/wp\/v2\/media\/248336"}],"wp:attachment":[{"href":"https:\/\/www.webdo.tn\/fr\/wp-json\/wp\/v2\/media?parent=211316"}],"wp:term":[{"taxonomy":"category","embeddable":true,"href":"https:\/\/www.webdo.tn\/fr\/wp-json\/wp\/v2\/categories?post=211316"},{"taxonomy":"post_tag","embeddable":true,"href":"https:\/\/www.webdo.tn\/fr\/wp-json\/wp\/v2\/tags?post=211316"}],"curies":[{"name":"wp","href":"https:\/\/api.w.org\/{rel}","templated":true}]}}