{"id":211314,"date":"2024-01-04T18:53:00","date_gmt":"2024-01-04T18:53:00","guid":{"rendered":"https:\/\/www.webdo.tn\/fr\/blog\/nouveau-mandat-de-depot-contre-l-homme-d-affaires-maher-chaabane\/211314\/"},"modified":"2025-05-20T22:38:35","modified_gmt":"2025-05-20T22:38:35","slug":"nouveau-mandat-de-depot-contre-l-homme-d-affaires-maher-chaabane","status":"publish","type":"post","link":"https:\/\/www.webdo.tn\/fr\/actualite\/national\/nouveau-mandat-de-depot-contre-l-homme-d-affaires-maher-chaabane\/211314\/","title":{"rendered":"Nouveau mandat de d\u00e9p\u00f4t contre l\u2019homme d\u2019affaires Maher Cha\u00e2bane"},"content":{"rendered":"<p>D\u00e9j\u00e0 en prison dans le cadre d&rsquo;une autre affaire, l\u2019homme d\u2019affaires Maher Cha\u00e2bane fait face \u00e0 un nouveau mandat de d\u00e9p\u00f4t.\u00a0<\/p>\n<p>Selon Mosa\u00efque FM, le juge d&rsquo;instruction du Tribunal de premi\u00e8re instance de Tunis a \u00e9mis un mandat de d\u00e9p\u00f4t \u00e0 l&rsquo;encontre de l&rsquo;homme d&rsquo;affaires, Maher Chaabane pour \u00ab formation d&rsquo;une bande pour porter atteinte aux personnes et aux biens et pour d&rsquo;autres accusations li\u00e9es \u00e0 la corruption \u00bb.\u00a0<\/p>\n<p>Maher Cha\u00e2bane avait \u00e9t\u00e9 condamn\u00e9 \u00e0 deux ans de prison par la 6e Chambre criminelle charg\u00e9e des affaires de corruption financi\u00e8re aupr\u00e8s du Tribunal de premi\u00e8re instance de Tunis pour non-rapatriement de recettes d&rsquo;exportation de l&rsquo;\u00e9tranger.<\/p>\n<p>Il est \u00e0 rappeler que Maher Cha\u00e2bane faisait l&rsquo;objet d&rsquo;un mandat de d\u00e9p\u00f4t \u00e9mis par le P\u00f4le judiciaire financier pour des accusations de corruption financi\u00e8re et de gestion de biens confisqu\u00e9s.<\/p>\n","protected":false},"excerpt":{"rendered":"<p>Selon Mosa\u00efque FM, le juge d&rsquo;instruction du Tribunal de premi\u00e8re instance de Tunis a \u00e9mis un mandat de d\u00e9p\u00f4t \u00e0 l&rsquo;encontre de l&rsquo;homme d&rsquo;affaires, Maher Chaabane&#8230;<\/p>\n","protected":false},"author":3175,"featured_media":248333,"comment_status":"open","ping_status":"closed","sticky":false,"template":"","format":"standard","meta":{"footnotes":""},"categories":[44],"tags":[3196,2683,2608],"class_list":["post-211314","post","type-post","status-publish","format-standard","has-post-thumbnail","hentry","category-national","tag-corruption","tag-homme-daffaires","tag-tunisie"],"yoast_head":"<!-- This site is optimized with the Yoast SEO Premium plugin v27.4 (Yoast SEO v27.4) - https:\/\/yoast.com\/product\/yoast-seo-premium-wordpress\/ -->\n<title>Nouveau mandat de d\u00e9p\u00f4t contre l\u2019homme d\u2019affaires Maher Cha\u00e2bane<\/title>\n<meta name=\"description\" content=\"Selon Mosa\u00efque FM, le juge d&#039;instruction du Tribunal de premi\u00e8re instance de Tunis a \u00e9mis un mandat de d\u00e9p\u00f4t \u00e0 l&#039;encontre de l&#039;homme d&#039;affaires, Maher Chaabane...\" \/>\n<link rel=\"canonical\" href=\"https:\/\/www.webdo.tn\/fr\/actualite\/national\/nouveau-mandat-de-depot-contre-l-homme-d-affaires-maher-chaabane\/211314\/\" \/>\n<meta property=\"og:locale\" content=\"fr_FR\" \/>\n<meta property=\"og:type\" content=\"article\" \/>\n<meta property=\"og:title\" content=\"Nouveau mandat de d\u00e9p\u00f4t contre l\u2019homme d\u2019affaires Maher Cha\u00e2bane\" \/>\n<meta property=\"og:description\" content=\"Selon Mosa\u00efque FM, le juge d&#039;instruction du Tribunal de premi\u00e8re instance de Tunis a \u00e9mis un mandat de d\u00e9p\u00f4t \u00e0 l&#039;encontre de l&#039;homme d&#039;affaires, Maher Chaabane...\" \/>\n<meta property=\"og:url\" content=\"https:\/\/www.webdo.tn\/fr\/actualite\/national\/nouveau-mandat-de-depot-contre-l-homme-d-affaires-maher-chaabane\/211314\/\" \/>\n<meta property=\"og:site_name\" content=\"webdo\" \/>\n<meta property=\"article:publisher\" content=\"https:\/\/www.facebook.com\/webdotn\" \/>\n<meta property=\"article:published_time\" content=\"2024-01-04T18:53:00+00:00\" \/>\n<meta property=\"article:modified_time\" content=\"2025-05-20T22:38:35+00:00\" \/>\n<meta property=\"og:image\" content=\"https:\/\/www.webdo.tn\/fr\/wp-content\/uploads\/2024\/01\/c0edd8c44e6eb89c782fbacf7d6ca79d.jpg\" \/>\n\t<meta property=\"og:image:width\" content=\"710\" \/>\n\t<meta property=\"og:image:height\" content=\"379\" \/>\n\t<meta property=\"og:image:type\" content=\"image\/jpeg\" \/>\n<meta name=\"author\" content=\"CL\" \/>\n<meta name=\"twitter:card\" content=\"summary_large_image\" \/>\n<meta name=\"twitter:creator\" content=\"@webdo_tn\" \/>\n<meta name=\"twitter:site\" content=\"@webdo_tn\" \/>\n<meta name=\"twitter:label1\" content=\"\u00c9crit par\" \/>\n\t<meta name=\"twitter:data1\" content=\"CL\" \/>\n\t<meta name=\"twitter:label2\" content=\"Dur\u00e9e de lecture estim\u00e9e\" \/>\n\t<meta name=\"twitter:data2\" content=\"1 minute\" \/>\n<script type=\"application\/ld+json\" class=\"yoast-schema-graph\">{\"@context\":\"https:\\\/\\\/schema.org\",\"@graph\":[{\"@type\":\"NewsArticle\",\"@id\":\"https:\\\/\\\/www.webdo.tn\\\/fr\\\/actualite\\\/national\\\/nouveau-mandat-de-depot-contre-l-homme-d-affaires-maher-chaabane\\\/211314\\\/#article\",\"isPartOf\":{\"@id\":\"https:\\\/\\\/www.webdo.tn\\\/fr\\\/actualite\\\/national\\\/nouveau-mandat-de-depot-contre-l-homme-d-affaires-maher-chaabane\\\/211314\\\/\"},\"author\":{\"name\":\"CL\",\"@id\":\"https:\\\/\\\/www.webdo.tn\\\/fr\\\/#\\\/schema\\\/person\\\/f35b42a42c5e2511bbd282959d6385cc\"},\"headline\":\"Nouveau mandat de d\u00e9p\u00f4t contre l\u2019homme d\u2019affaires Maher Cha\u00e2bane\",\"datePublished\":\"2024-01-04T18:53:00+00:00\",\"dateModified\":\"2025-05-20T22:38:35+00:00\",\"mainEntityOfPage\":{\"@id\":\"https:\\\/\\\/www.webdo.tn\\\/fr\\\/actualite\\\/national\\\/nouveau-mandat-de-depot-contre-l-homme-d-affaires-maher-chaabane\\\/211314\\\/\"},\"wordCount\":176,\"commentCount\":0,\"publisher\":{\"@id\":\"https:\\\/\\\/www.webdo.tn\\\/fr\\\/#organization\"},\"image\":{\"@id\":\"https:\\\/\\\/www.webdo.tn\\\/fr\\\/actualite\\\/national\\\/nouveau-mandat-de-depot-contre-l-homme-d-affaires-maher-chaabane\\\/211314\\\/#primaryimage\"},\"thumbnailUrl\":\"https:\\\/\\\/www.webdo.tn\\\/fr\\\/wp-content\\\/uploads\\\/2024\\\/01\\\/c0edd8c44e6eb89c782fbacf7d6ca79d.jpg\",\"keywords\":[\"corruption\",\"Homme d'affaires\",\"Tunisie\"],\"articleSection\":[\"National\"],\"inLanguage\":\"fr-FR\"},{\"@type\":\"WebPage\",\"@id\":\"https:\\\/\\\/www.webdo.tn\\\/fr\\\/actualite\\\/national\\\/nouveau-mandat-de-depot-contre-l-homme-d-affaires-maher-chaabane\\\/211314\\\/\",\"url\":\"https:\\\/\\\/www.webdo.tn\\\/fr\\\/actualite\\\/national\\\/nouveau-mandat-de-depot-contre-l-homme-d-affaires-maher-chaabane\\\/211314\\\/\",\"name\":\"Nouveau mandat de d\u00e9p\u00f4t contre l\u2019homme d\u2019affaires Maher Cha\u00e2bane\",\"isPartOf\":{\"@id\":\"https:\\\/\\\/www.webdo.tn\\\/fr\\\/#website\"},\"primaryImageOfPage\":{\"@id\":\"https:\\\/\\\/www.webdo.tn\\\/fr\\\/actualite\\\/national\\\/nouveau-mandat-de-depot-contre-l-homme-d-affaires-maher-chaabane\\\/211314\\\/#primaryimage\"},\"image\":{\"@id\":\"https:\\\/\\\/www.webdo.tn\\\/fr\\\/actualite\\\/national\\\/nouveau-mandat-de-depot-contre-l-homme-d-affaires-maher-chaabane\\\/211314\\\/#primaryimage\"},\"thumbnailUrl\":\"https:\\\/\\\/www.webdo.tn\\\/fr\\\/wp-content\\\/uploads\\\/2024\\\/01\\\/c0edd8c44e6eb89c782fbacf7d6ca79d.jpg\",\"datePublished\":\"2024-01-04T18:53:00+00:00\",\"dateModified\":\"2025-05-20T22:38:35+00:00\",\"description\":\"Selon Mosa\u00efque FM, le juge d'instruction du Tribunal de premi\u00e8re instance de Tunis a \u00e9mis un mandat de d\u00e9p\u00f4t \u00e0 l'encontre de l'homme d'affaires, Maher Chaabane...\",\"breadcrumb\":{\"@id\":\"https:\\\/\\\/www.webdo.tn\\\/fr\\\/actualite\\\/national\\\/nouveau-mandat-de-depot-contre-l-homme-d-affaires-maher-chaabane\\\/211314\\\/#breadcrumb\"},\"inLanguage\":\"fr-FR\",\"potentialAction\":[{\"@type\":\"ReadAction\",\"target\":[\"https:\\\/\\\/www.webdo.tn\\\/fr\\\/actualite\\\/national\\\/nouveau-mandat-de-depot-contre-l-homme-d-affaires-maher-chaabane\\\/211314\\\/\"]}]},{\"@type\":\"ImageObject\",\"inLanguage\":\"fr-FR\",\"@id\":\"https:\\\/\\\/www.webdo.tn\\\/fr\\\/actualite\\\/national\\\/nouveau-mandat-de-depot-contre-l-homme-d-affaires-maher-chaabane\\\/211314\\\/#primaryimage\",\"url\":\"https:\\\/\\\/www.webdo.tn\\\/fr\\\/wp-content\\\/uploads\\\/2024\\\/01\\\/c0edd8c44e6eb89c782fbacf7d6ca79d.jpg\",\"contentUrl\":\"https:\\\/\\\/www.webdo.tn\\\/fr\\\/wp-content\\\/uploads\\\/2024\\\/01\\\/c0edd8c44e6eb89c782fbacf7d6ca79d.jpg\",\"width\":710,\"height\":379,\"caption\":\"Nouveau mandat de d\u00e9p\u00f4t contre l\u2019homme d\u2019affaires Maher Cha\u00e2bane\"},{\"@type\":\"BreadcrumbList\",\"@id\":\"https:\\\/\\\/www.webdo.tn\\\/fr\\\/actualite\\\/national\\\/nouveau-mandat-de-depot-contre-l-homme-d-affaires-maher-chaabane\\\/211314\\\/#breadcrumb\",\"itemListElement\":[{\"@type\":\"ListItem\",\"position\":1,\"name\":\"Accueil\",\"item\":\"https:\\\/\\\/www.webdo.tn\\\/fr\\\/\"},{\"@type\":\"ListItem\",\"position\":2,\"name\":\"Nouveau mandat de d\u00e9p\u00f4t contre l\u2019homme d\u2019affaires Maher Cha\u00e2bane\"}]},{\"@type\":\"WebSite\",\"@id\":\"https:\\\/\\\/www.webdo.tn\\\/fr\\\/#website\",\"url\":\"https:\\\/\\\/www.webdo.tn\\\/fr\\\/\",\"name\":\"webdo\",\"description\":\"Tunisie - News en Tunisie et \u00e0 l&#039;international sur Webdo.tn\",\"publisher\":{\"@id\":\"https:\\\/\\\/www.webdo.tn\\\/fr\\\/#organization\"},\"potentialAction\":[{\"@type\":\"SearchAction\",\"target\":{\"@type\":\"EntryPoint\",\"urlTemplate\":\"https:\\\/\\\/www.webdo.tn\\\/fr\\\/?s={search_term_string}\"},\"query-input\":{\"@type\":\"PropertyValueSpecification\",\"valueRequired\":true,\"valueName\":\"search_term_string\"}}],\"inLanguage\":\"fr-FR\"},{\"@type\":\"Organization\",\"@id\":\"https:\\\/\\\/www.webdo.tn\\\/fr\\\/#organization\",\"name\":\"Webdo\",\"alternateName\":\"Webdo.tn\",\"url\":\"https:\\\/\\\/www.webdo.tn\\\/fr\\\/\",\"logo\":{\"@type\":\"ImageObject\",\"inLanguage\":\"fr-FR\",\"@id\":\"https:\\\/\\\/www.webdo.tn\\\/fr\\\/#\\\/schema\\\/logo\\\/image\\\/\",\"url\":\"https:\\\/\\\/www.webdo.tn\\\/fr\\\/wp-content\\\/uploads\\\/2025\\\/06\\\/Webdo-Tunisie_168377.jpg\",\"contentUrl\":\"https:\\\/\\\/www.webdo.tn\\\/fr\\\/wp-content\\\/uploads\\\/2025\\\/06\\\/Webdo-Tunisie_168377.jpg\",\"width\":301,\"height\":301,\"caption\":\"Webdo\"},\"image\":{\"@id\":\"https:\\\/\\\/www.webdo.tn\\\/fr\\\/#\\\/schema\\\/logo\\\/image\\\/\"},\"sameAs\":[\"https:\\\/\\\/www.facebook.com\\\/webdotn\",\"https:\\\/\\\/x.com\\\/webdo_tn\"],\"description\":\"Webdo est un m\u00e9dia num\u00e9rique tunisien fond\u00e9 en 2010, sp\u00e9cialis\u00e9 dans l\u2019actualit\u00e9 nationale et internationale, l\u2019\u00e9conomie, la soci\u00e9t\u00e9 et les analyses politiques. Le site s\u2019adresse \u00e0 un large public francophone et couvre l\u2019information tunisienne en temps r\u00e9el.\",\"email\":\"redac@webdo.tn\",\"legalName\":\"YNJ SARL\",\"foundingDate\":\"2010-09-06\",\"numberOfEmployees\":{\"@type\":\"QuantitativeValue\",\"minValue\":\"11\",\"maxValue\":\"50\"}},{\"@type\":\"Person\",\"@id\":\"https:\\\/\\\/www.webdo.tn\\\/fr\\\/#\\\/schema\\\/person\\\/f35b42a42c5e2511bbd282959d6385cc\",\"name\":\"CL\",\"image\":{\"@type\":\"ImageObject\",\"inLanguage\":\"fr-FR\",\"@id\":\"https:\\\/\\\/secure.gravatar.com\\\/avatar\\\/1447a49909b67aa657c488aec6512e1dd6143a480c1ecfee9b5b5cd74eb3b59e?s=96&d=mm&r=g\",\"url\":\"https:\\\/\\\/secure.gravatar.com\\\/avatar\\\/1447a49909b67aa657c488aec6512e1dd6143a480c1ecfee9b5b5cd74eb3b59e?s=96&d=mm&r=g\",\"contentUrl\":\"https:\\\/\\\/secure.gravatar.com\\\/avatar\\\/1447a49909b67aa657c488aec6512e1dd6143a480c1ecfee9b5b5cd74eb3b59e?s=96&d=mm&r=g\",\"caption\":\"CL\"},\"url\":\"https:\\\/\\\/www.webdo.tn\\\/fr\\\/actualite\\\/author\\\/cl\\\/\"}]}<\/script>\n<!-- \/ Yoast SEO Premium plugin. -->","yoast_head_json":{"title":"Nouveau mandat de d\u00e9p\u00f4t contre l\u2019homme d\u2019affaires Maher Cha\u00e2bane","description":"Selon Mosa\u00efque FM, le juge d'instruction du Tribunal de premi\u00e8re instance de Tunis a \u00e9mis un mandat de d\u00e9p\u00f4t \u00e0 l'encontre de l'homme d'affaires, Maher Chaabane...","canonical":"https:\/\/www.webdo.tn\/fr\/actualite\/national\/nouveau-mandat-de-depot-contre-l-homme-d-affaires-maher-chaabane\/211314\/","og_locale":"fr_FR","og_type":"article","og_title":"Nouveau mandat de d\u00e9p\u00f4t contre l\u2019homme d\u2019affaires Maher Cha\u00e2bane","og_description":"Selon Mosa\u00efque FM, le juge d'instruction du Tribunal de premi\u00e8re instance de Tunis a \u00e9mis un mandat de d\u00e9p\u00f4t \u00e0 l'encontre de l'homme d'affaires, Maher Chaabane...","og_url":"https:\/\/www.webdo.tn\/fr\/actualite\/national\/nouveau-mandat-de-depot-contre-l-homme-d-affaires-maher-chaabane\/211314\/","og_site_name":"webdo","article_publisher":"https:\/\/www.facebook.com\/webdotn","article_published_time":"2024-01-04T18:53:00+00:00","article_modified_time":"2025-05-20T22:38:35+00:00","og_image":[{"width":710,"height":379,"url":"https:\/\/www.webdo.tn\/fr\/wp-content\/uploads\/2024\/01\/c0edd8c44e6eb89c782fbacf7d6ca79d.jpg","type":"image\/jpeg"}],"author":"CL","twitter_card":"summary_large_image","twitter_creator":"@webdo_tn","twitter_site":"@webdo_tn","twitter_misc":{"\u00c9crit par":"CL","Dur\u00e9e de lecture estim\u00e9e":"1 minute"},"schema":{"@context":"https:\/\/schema.org","@graph":[{"@type":"NewsArticle","@id":"https:\/\/www.webdo.tn\/fr\/actualite\/national\/nouveau-mandat-de-depot-contre-l-homme-d-affaires-maher-chaabane\/211314\/#article","isPartOf":{"@id":"https:\/\/www.webdo.tn\/fr\/actualite\/national\/nouveau-mandat-de-depot-contre-l-homme-d-affaires-maher-chaabane\/211314\/"},"author":{"name":"CL","@id":"https:\/\/www.webdo.tn\/fr\/#\/schema\/person\/f35b42a42c5e2511bbd282959d6385cc"},"headline":"Nouveau mandat de d\u00e9p\u00f4t contre l\u2019homme d\u2019affaires Maher Cha\u00e2bane","datePublished":"2024-01-04T18:53:00+00:00","dateModified":"2025-05-20T22:38:35+00:00","mainEntityOfPage":{"@id":"https:\/\/www.webdo.tn\/fr\/actualite\/national\/nouveau-mandat-de-depot-contre-l-homme-d-affaires-maher-chaabane\/211314\/"},"wordCount":176,"commentCount":0,"publisher":{"@id":"https:\/\/www.webdo.tn\/fr\/#organization"},"image":{"@id":"https:\/\/www.webdo.tn\/fr\/actualite\/national\/nouveau-mandat-de-depot-contre-l-homme-d-affaires-maher-chaabane\/211314\/#primaryimage"},"thumbnailUrl":"https:\/\/www.webdo.tn\/fr\/wp-content\/uploads\/2024\/01\/c0edd8c44e6eb89c782fbacf7d6ca79d.jpg","keywords":["corruption","Homme d'affaires","Tunisie"],"articleSection":["National"],"inLanguage":"fr-FR"},{"@type":"WebPage","@id":"https:\/\/www.webdo.tn\/fr\/actualite\/national\/nouveau-mandat-de-depot-contre-l-homme-d-affaires-maher-chaabane\/211314\/","url":"https:\/\/www.webdo.tn\/fr\/actualite\/national\/nouveau-mandat-de-depot-contre-l-homme-d-affaires-maher-chaabane\/211314\/","name":"Nouveau mandat de d\u00e9p\u00f4t contre l\u2019homme d\u2019affaires Maher Cha\u00e2bane","isPartOf":{"@id":"https:\/\/www.webdo.tn\/fr\/#website"},"primaryImageOfPage":{"@id":"https:\/\/www.webdo.tn\/fr\/actualite\/national\/nouveau-mandat-de-depot-contre-l-homme-d-affaires-maher-chaabane\/211314\/#primaryimage"},"image":{"@id":"https:\/\/www.webdo.tn\/fr\/actualite\/national\/nouveau-mandat-de-depot-contre-l-homme-d-affaires-maher-chaabane\/211314\/#primaryimage"},"thumbnailUrl":"https:\/\/www.webdo.tn\/fr\/wp-content\/uploads\/2024\/01\/c0edd8c44e6eb89c782fbacf7d6ca79d.jpg","datePublished":"2024-01-04T18:53:00+00:00","dateModified":"2025-05-20T22:38:35+00:00","description":"Selon Mosa\u00efque FM, le juge d'instruction du Tribunal de premi\u00e8re instance de Tunis a \u00e9mis un mandat de d\u00e9p\u00f4t \u00e0 l'encontre de l'homme d'affaires, Maher Chaabane...","breadcrumb":{"@id":"https:\/\/www.webdo.tn\/fr\/actualite\/national\/nouveau-mandat-de-depot-contre-l-homme-d-affaires-maher-chaabane\/211314\/#breadcrumb"},"inLanguage":"fr-FR","potentialAction":[{"@type":"ReadAction","target":["https:\/\/www.webdo.tn\/fr\/actualite\/national\/nouveau-mandat-de-depot-contre-l-homme-d-affaires-maher-chaabane\/211314\/"]}]},{"@type":"ImageObject","inLanguage":"fr-FR","@id":"https:\/\/www.webdo.tn\/fr\/actualite\/national\/nouveau-mandat-de-depot-contre-l-homme-d-affaires-maher-chaabane\/211314\/#primaryimage","url":"https:\/\/www.webdo.tn\/fr\/wp-content\/uploads\/2024\/01\/c0edd8c44e6eb89c782fbacf7d6ca79d.jpg","contentUrl":"https:\/\/www.webdo.tn\/fr\/wp-content\/uploads\/2024\/01\/c0edd8c44e6eb89c782fbacf7d6ca79d.jpg","width":710,"height":379,"caption":"Nouveau mandat de d\u00e9p\u00f4t contre l\u2019homme d\u2019affaires Maher Cha\u00e2bane"},{"@type":"BreadcrumbList","@id":"https:\/\/www.webdo.tn\/fr\/actualite\/national\/nouveau-mandat-de-depot-contre-l-homme-d-affaires-maher-chaabane\/211314\/#breadcrumb","itemListElement":[{"@type":"ListItem","position":1,"name":"Accueil","item":"https:\/\/www.webdo.tn\/fr\/"},{"@type":"ListItem","position":2,"name":"Nouveau mandat de d\u00e9p\u00f4t contre l\u2019homme d\u2019affaires Maher Cha\u00e2bane"}]},{"@type":"WebSite","@id":"https:\/\/www.webdo.tn\/fr\/#website","url":"https:\/\/www.webdo.tn\/fr\/","name":"webdo","description":"Tunisie - News en Tunisie et \u00e0 l&#039;international sur Webdo.tn","publisher":{"@id":"https:\/\/www.webdo.tn\/fr\/#organization"},"potentialAction":[{"@type":"SearchAction","target":{"@type":"EntryPoint","urlTemplate":"https:\/\/www.webdo.tn\/fr\/?s={search_term_string}"},"query-input":{"@type":"PropertyValueSpecification","valueRequired":true,"valueName":"search_term_string"}}],"inLanguage":"fr-FR"},{"@type":"Organization","@id":"https:\/\/www.webdo.tn\/fr\/#organization","name":"Webdo","alternateName":"Webdo.tn","url":"https:\/\/www.webdo.tn\/fr\/","logo":{"@type":"ImageObject","inLanguage":"fr-FR","@id":"https:\/\/www.webdo.tn\/fr\/#\/schema\/logo\/image\/","url":"https:\/\/www.webdo.tn\/fr\/wp-content\/uploads\/2025\/06\/Webdo-Tunisie_168377.jpg","contentUrl":"https:\/\/www.webdo.tn\/fr\/wp-content\/uploads\/2025\/06\/Webdo-Tunisie_168377.jpg","width":301,"height":301,"caption":"Webdo"},"image":{"@id":"https:\/\/www.webdo.tn\/fr\/#\/schema\/logo\/image\/"},"sameAs":["https:\/\/www.facebook.com\/webdotn","https:\/\/x.com\/webdo_tn"],"description":"Webdo est un m\u00e9dia num\u00e9rique tunisien fond\u00e9 en 2010, sp\u00e9cialis\u00e9 dans l\u2019actualit\u00e9 nationale et internationale, l\u2019\u00e9conomie, la soci\u00e9t\u00e9 et les analyses politiques. Le site s\u2019adresse \u00e0 un large public francophone et couvre l\u2019information tunisienne en temps r\u00e9el.","email":"redac@webdo.tn","legalName":"YNJ SARL","foundingDate":"2010-09-06","numberOfEmployees":{"@type":"QuantitativeValue","minValue":"11","maxValue":"50"}},{"@type":"Person","@id":"https:\/\/www.webdo.tn\/fr\/#\/schema\/person\/f35b42a42c5e2511bbd282959d6385cc","name":"CL","image":{"@type":"ImageObject","inLanguage":"fr-FR","@id":"https:\/\/secure.gravatar.com\/avatar\/1447a49909b67aa657c488aec6512e1dd6143a480c1ecfee9b5b5cd74eb3b59e?s=96&d=mm&r=g","url":"https:\/\/secure.gravatar.com\/avatar\/1447a49909b67aa657c488aec6512e1dd6143a480c1ecfee9b5b5cd74eb3b59e?s=96&d=mm&r=g","contentUrl":"https:\/\/secure.gravatar.com\/avatar\/1447a49909b67aa657c488aec6512e1dd6143a480c1ecfee9b5b5cd74eb3b59e?s=96&d=mm&r=g","caption":"CL"},"url":"https:\/\/www.webdo.tn\/fr\/actualite\/author\/cl\/"}]}},"_links":{"self":[{"href":"https:\/\/www.webdo.tn\/fr\/wp-json\/wp\/v2\/posts\/211314","targetHints":{"allow":["GET"]}}],"collection":[{"href":"https:\/\/www.webdo.tn\/fr\/wp-json\/wp\/v2\/posts"}],"about":[{"href":"https:\/\/www.webdo.tn\/fr\/wp-json\/wp\/v2\/types\/post"}],"author":[{"embeddable":true,"href":"https:\/\/www.webdo.tn\/fr\/wp-json\/wp\/v2\/users\/3175"}],"replies":[{"embeddable":true,"href":"https:\/\/www.webdo.tn\/fr\/wp-json\/wp\/v2\/comments?post=211314"}],"version-history":[{"count":0,"href":"https:\/\/www.webdo.tn\/fr\/wp-json\/wp\/v2\/posts\/211314\/revisions"}],"wp:featuredmedia":[{"embeddable":true,"href":"https:\/\/www.webdo.tn\/fr\/wp-json\/wp\/v2\/media\/248333"}],"wp:attachment":[{"href":"https:\/\/www.webdo.tn\/fr\/wp-json\/wp\/v2\/media?parent=211314"}],"wp:term":[{"taxonomy":"category","embeddable":true,"href":"https:\/\/www.webdo.tn\/fr\/wp-json\/wp\/v2\/categories?post=211314"},{"taxonomy":"post_tag","embeddable":true,"href":"https:\/\/www.webdo.tn\/fr\/wp-json\/wp\/v2\/tags?post=211314"}],"curies":[{"name":"wp","href":"https:\/\/api.w.org\/{rel}","templated":true}]}}