{"id":211279,"date":"2024-01-03T18:36:00","date_gmt":"2024-01-03T18:36:00","guid":{"rendered":"https:\/\/www.webdo.tn\/fr\/blog\/e-istichara-systeme-educatif-kais-saied-annoncer-bientot-les-resultats\/211279\/"},"modified":"2024-01-03T18:36:00","modified_gmt":"2024-01-03T18:36:00","slug":"e-istichara-systeme-educatif-kais-saied-annoncer-bientot-les-resultats","status":"publish","type":"post","link":"https:\/\/www.webdo.tn\/fr\/actualite\/national\/e-istichara-systeme-educatif-kais-saied-annoncer-bientot-les-resultats\/211279\/","title":{"rendered":"E-istichara &#8211; Syst\u00e8me \u00e9ducatif : Kais Saied annoncera bient\u00f4t les r\u00e9sultats"},"content":{"rendered":"<p>Un comit\u00e9, que pr\u00e9side par le ministre de l&rsquo;enseignement sup\u00e9rieur et de la recherche scientifique, est en train d&rsquo;\u00e9tudier les donn\u00e9es de la consultation nationale (E-istichara)  sur la r\u00e9forme du syst\u00e8me \u00e9ducatif et de l&rsquo;enseignement.<\/p>\n<p>\t\t\t\t\t\t\t\t\tC&rsquo;est ce qu&rsquo;a annonc\u00e9, ce mercredi 3 janvier 2023,\u00a0Mohamed Ali Boughdiri, le ministre de l&rsquo;\u00e9ducation, en marge du lancement de la plateforme num\u00e9rique \u00ab\u00a0l&rsquo;\u00e9cole de la Tunisie du futur\u00a0\u00bb au centre national des technologies en \u00e9ducation (CNTE).<\/p>\n<p>Mohamed Ali Boughdrir a ainsi expliqu\u00e9 que le bilan r\u00e9alis\u00e9 par le comit\u00e9 sera, par la suite, pr\u00e9sent\u00e9 au pr\u00e9sident de la r\u00e9publique Kais Said pour \u00eatre annonc\u00e9s avec celle de la\u00a0la cr\u00e9ation du conseil sup\u00e9rieur de l&rsquo;\u00e9ducation.<\/p>\n<p>Pr\u00e8s de 580 620 personnes ont particip\u00e9 \u00e0 cette E-istichara, selon le ministre de l&rsquo;Education.<\/p>\n","protected":false},"excerpt":{"rendered":"<p>Un comit\u00e9, que pr\u00e9side par le ministre de l&rsquo;enseignement sup\u00e9rieur et de la recherche scientifique, est en train d&rsquo;\u00e9tudier les donn\u00e9es de la consultation nation&#8230;<\/p>\n","protected":false},"author":3169,"featured_media":290039,"comment_status":"open","ping_status":"closed","sticky":false,"template":"","format":"standard","meta":{"footnotes":""},"categories":[44],"tags":[9917,7309,2634,2828,3493,2608],"class_list":["post-211279","post","type-post","status-publish","format-standard","has-post-thumbnail","hentry","category-national","tag-e-istichara","tag-consultation","tag-education","tag-enseignement","tag-reforme","tag-tunisie"],"yoast_head":"<!-- This site is optimized with the Yoast SEO Premium plugin v27.5 (Yoast SEO v27.5) - https:\/\/yoast.com\/product\/yoast-seo-premium-wordpress\/ -->\n<title>E-istichara - Syst\u00e8me \u00e9ducatif : Kais Saied annoncera bient\u00f4t les r\u00e9sultats<\/title>\n<meta name=\"description\" content=\"Un comit\u00e9, que pr\u00e9side par le ministre de l&#039;enseignement sup\u00e9rieur et de la recherche scientifique, est en train d&#039;\u00e9tudier les donn\u00e9es de la consultation nation...\" \/>\n<link rel=\"canonical\" href=\"https:\/\/www.webdo.tn\/fr\/actualite\/national\/e-istichara-systeme-educatif-kais-saied-annoncer-bientot-les-resultats\/211279\/\" \/>\n<meta property=\"og:locale\" content=\"fr_FR\" \/>\n<meta property=\"og:type\" content=\"article\" \/>\n<meta property=\"og:title\" content=\"E-istichara - Syst\u00e8me \u00e9ducatif : Kais Saied annoncera bient\u00f4t les r\u00e9sultats\" \/>\n<meta property=\"og:description\" content=\"Un comit\u00e9, que pr\u00e9side par le ministre de l&#039;enseignement sup\u00e9rieur et de la recherche scientifique, est en train d&#039;\u00e9tudier les donn\u00e9es de la consultation nation...\" \/>\n<meta property=\"og:url\" content=\"https:\/\/www.webdo.tn\/fr\/actualite\/national\/e-istichara-systeme-educatif-kais-saied-annoncer-bientot-les-resultats\/211279\/\" \/>\n<meta property=\"og:site_name\" content=\"webdo\" \/>\n<meta property=\"article:publisher\" content=\"https:\/\/www.facebook.com\/webdotn\" \/>\n<meta property=\"article:published_time\" content=\"2024-01-03T18:36:00+00:00\" \/>\n<meta property=\"og:image\" content=\"https:\/\/www.webdo.tn\/fr\/wp-content\/uploads\/2024\/01\/83f3b5791f516012e31a963472ef6218.png\" \/>\n\t<meta property=\"og:image:width\" content=\"750\" \/>\n\t<meta property=\"og:image:height\" content=\"400\" \/>\n\t<meta property=\"og:image:type\" content=\"image\/png\" \/>\n<meta name=\"author\" content=\"Webdo\" \/>\n<meta name=\"twitter:card\" content=\"summary_large_image\" \/>\n<meta name=\"twitter:creator\" content=\"@webdo_tn\" \/>\n<meta name=\"twitter:site\" content=\"@webdo_tn\" \/>\n<meta name=\"twitter:label1\" content=\"\u00c9crit par\" \/>\n\t<meta name=\"twitter:data1\" content=\"Webdo\" \/>\n\t<meta name=\"twitter:label2\" content=\"Dur\u00e9e de lecture estim\u00e9e\" \/>\n\t<meta name=\"twitter:data2\" content=\"1 minute\" \/>\n<script type=\"application\/ld+json\" class=\"yoast-schema-graph\">{\"@context\":\"https:\\\/\\\/schema.org\",\"@graph\":[{\"@type\":\"NewsArticle\",\"@id\":\"https:\\\/\\\/www.webdo.tn\\\/fr\\\/actualite\\\/national\\\/e-istichara-systeme-educatif-kais-saied-annoncer-bientot-les-resultats\\\/211279\\\/#article\",\"isPartOf\":{\"@id\":\"https:\\\/\\\/www.webdo.tn\\\/fr\\\/actualite\\\/national\\\/e-istichara-systeme-educatif-kais-saied-annoncer-bientot-les-resultats\\\/211279\\\/\"},\"author\":{\"name\":\"Webdo\",\"@id\":\"https:\\\/\\\/www.webdo.tn\\\/fr\\\/#\\\/schema\\\/person\\\/1f4e491e0907b413d61089e8eb573acc\"},\"headline\":\"E-istichara &#8211; Syst\u00e8me \u00e9ducatif : Kais Saied annoncera bient\u00f4t les r\u00e9sultats\",\"datePublished\":\"2024-01-03T18:36:00+00:00\",\"mainEntityOfPage\":{\"@id\":\"https:\\\/\\\/www.webdo.tn\\\/fr\\\/actualite\\\/national\\\/e-istichara-systeme-educatif-kais-saied-annoncer-bientot-les-resultats\\\/211279\\\/\"},\"wordCount\":158,\"commentCount\":0,\"publisher\":{\"@id\":\"https:\\\/\\\/www.webdo.tn\\\/fr\\\/#organization\"},\"image\":{\"@id\":\"https:\\\/\\\/www.webdo.tn\\\/fr\\\/actualite\\\/national\\\/e-istichara-systeme-educatif-kais-saied-annoncer-bientot-les-resultats\\\/211279\\\/#primaryimage\"},\"thumbnailUrl\":\"https:\\\/\\\/www.webdo.tn\\\/fr\\\/wp-content\\\/uploads\\\/2024\\\/01\\\/83f3b5791f516012e31a963472ef6218.png\",\"keywords\":[\"'e-istichara']\",\"consultation\",\"\u00e9ducation\",\"enseignement\",\"r\u00e9forme\",\"Tunisie\"],\"articleSection\":[\"National\"],\"inLanguage\":\"fr-FR\"},{\"@type\":\"WebPage\",\"@id\":\"https:\\\/\\\/www.webdo.tn\\\/fr\\\/actualite\\\/national\\\/e-istichara-systeme-educatif-kais-saied-annoncer-bientot-les-resultats\\\/211279\\\/\",\"url\":\"https:\\\/\\\/www.webdo.tn\\\/fr\\\/actualite\\\/national\\\/e-istichara-systeme-educatif-kais-saied-annoncer-bientot-les-resultats\\\/211279\\\/\",\"name\":\"E-istichara - Syst\u00e8me \u00e9ducatif : Kais Saied annoncera bient\u00f4t les r\u00e9sultats\",\"isPartOf\":{\"@id\":\"https:\\\/\\\/www.webdo.tn\\\/fr\\\/#website\"},\"primaryImageOfPage\":{\"@id\":\"https:\\\/\\\/www.webdo.tn\\\/fr\\\/actualite\\\/national\\\/e-istichara-systeme-educatif-kais-saied-annoncer-bientot-les-resultats\\\/211279\\\/#primaryimage\"},\"image\":{\"@id\":\"https:\\\/\\\/www.webdo.tn\\\/fr\\\/actualite\\\/national\\\/e-istichara-systeme-educatif-kais-saied-annoncer-bientot-les-resultats\\\/211279\\\/#primaryimage\"},\"thumbnailUrl\":\"https:\\\/\\\/www.webdo.tn\\\/fr\\\/wp-content\\\/uploads\\\/2024\\\/01\\\/83f3b5791f516012e31a963472ef6218.png\",\"datePublished\":\"2024-01-03T18:36:00+00:00\",\"description\":\"Un comit\u00e9, que pr\u00e9side par le ministre de l'enseignement sup\u00e9rieur et de la recherche scientifique, est en train d'\u00e9tudier les donn\u00e9es de la consultation nation...\",\"breadcrumb\":{\"@id\":\"https:\\\/\\\/www.webdo.tn\\\/fr\\\/actualite\\\/national\\\/e-istichara-systeme-educatif-kais-saied-annoncer-bientot-les-resultats\\\/211279\\\/#breadcrumb\"},\"inLanguage\":\"fr-FR\",\"potentialAction\":[{\"@type\":\"ReadAction\",\"target\":[\"https:\\\/\\\/www.webdo.tn\\\/fr\\\/actualite\\\/national\\\/e-istichara-systeme-educatif-kais-saied-annoncer-bientot-les-resultats\\\/211279\\\/\"]}]},{\"@type\":\"ImageObject\",\"inLanguage\":\"fr-FR\",\"@id\":\"https:\\\/\\\/www.webdo.tn\\\/fr\\\/actualite\\\/national\\\/e-istichara-systeme-educatif-kais-saied-annoncer-bientot-les-resultats\\\/211279\\\/#primaryimage\",\"url\":\"https:\\\/\\\/www.webdo.tn\\\/fr\\\/wp-content\\\/uploads\\\/2024\\\/01\\\/83f3b5791f516012e31a963472ef6218.png\",\"contentUrl\":\"https:\\\/\\\/www.webdo.tn\\\/fr\\\/wp-content\\\/uploads\\\/2024\\\/01\\\/83f3b5791f516012e31a963472ef6218.png\",\"width\":750,\"height\":400,\"caption\":\"E-istichara - Syst\u00e8me \u00e9ducatif : Kais Saied annoncera bient\u00f4t les r\u00e9sultats\"},{\"@type\":\"BreadcrumbList\",\"@id\":\"https:\\\/\\\/www.webdo.tn\\\/fr\\\/actualite\\\/national\\\/e-istichara-systeme-educatif-kais-saied-annoncer-bientot-les-resultats\\\/211279\\\/#breadcrumb\",\"itemListElement\":[{\"@type\":\"ListItem\",\"position\":1,\"name\":\"Accueil\",\"item\":\"https:\\\/\\\/www.webdo.tn\\\/fr\\\/\"},{\"@type\":\"ListItem\",\"position\":2,\"name\":\"E-istichara &#8211; Syst\u00e8me \u00e9ducatif : Kais Saied annoncera bient\u00f4t les r\u00e9sultats\"}]},{\"@type\":\"WebSite\",\"@id\":\"https:\\\/\\\/www.webdo.tn\\\/fr\\\/#website\",\"url\":\"https:\\\/\\\/www.webdo.tn\\\/fr\\\/\",\"name\":\"webdo\",\"description\":\"Tunisie - News en Tunisie et \u00e0 l&#039;international sur Webdo.tn\",\"publisher\":{\"@id\":\"https:\\\/\\\/www.webdo.tn\\\/fr\\\/#organization\"},\"potentialAction\":[{\"@type\":\"SearchAction\",\"target\":{\"@type\":\"EntryPoint\",\"urlTemplate\":\"https:\\\/\\\/www.webdo.tn\\\/fr\\\/?s={search_term_string}\"},\"query-input\":{\"@type\":\"PropertyValueSpecification\",\"valueRequired\":true,\"valueName\":\"search_term_string\"}}],\"inLanguage\":\"fr-FR\"},{\"@type\":\"Organization\",\"@id\":\"https:\\\/\\\/www.webdo.tn\\\/fr\\\/#organization\",\"name\":\"Webdo\",\"alternateName\":\"Webdo.tn\",\"url\":\"https:\\\/\\\/www.webdo.tn\\\/fr\\\/\",\"logo\":{\"@type\":\"ImageObject\",\"inLanguage\":\"fr-FR\",\"@id\":\"https:\\\/\\\/www.webdo.tn\\\/fr\\\/#\\\/schema\\\/logo\\\/image\\\/\",\"url\":\"https:\\\/\\\/www.webdo.tn\\\/fr\\\/wp-content\\\/uploads\\\/2025\\\/06\\\/Webdo-Tunisie_168377.jpg\",\"contentUrl\":\"https:\\\/\\\/www.webdo.tn\\\/fr\\\/wp-content\\\/uploads\\\/2025\\\/06\\\/Webdo-Tunisie_168377.jpg\",\"width\":301,\"height\":301,\"caption\":\"Webdo\"},\"image\":{\"@id\":\"https:\\\/\\\/www.webdo.tn\\\/fr\\\/#\\\/schema\\\/logo\\\/image\\\/\"},\"sameAs\":[\"https:\\\/\\\/www.facebook.com\\\/webdotn\",\"https:\\\/\\\/x.com\\\/webdo_tn\"],\"description\":\"Webdo est un m\u00e9dia num\u00e9rique tunisien fond\u00e9 en 2010, sp\u00e9cialis\u00e9 dans l\u2019actualit\u00e9 nationale et internationale, l\u2019\u00e9conomie, la soci\u00e9t\u00e9 et les analyses politiques. Le site s\u2019adresse \u00e0 un large public francophone et couvre l\u2019information tunisienne en temps r\u00e9el.\",\"email\":\"redac@webdo.tn\",\"legalName\":\"YNJ SARL\",\"foundingDate\":\"2010-09-06\",\"numberOfEmployees\":{\"@type\":\"QuantitativeValue\",\"minValue\":\"11\",\"maxValue\":\"50\"}},{\"@type\":\"Person\",\"@id\":\"https:\\\/\\\/www.webdo.tn\\\/fr\\\/#\\\/schema\\\/person\\\/1f4e491e0907b413d61089e8eb573acc\",\"name\":\"Webdo\",\"image\":{\"@type\":\"ImageObject\",\"inLanguage\":\"fr-FR\",\"@id\":\"https:\\\/\\\/secure.gravatar.com\\\/avatar\\\/de97aeec1bb80978a9dbb127e47dfc88aaacb2f3c29aac907d8d3222e3495d49?s=96&d=mm&r=g\",\"url\":\"https:\\\/\\\/secure.gravatar.com\\\/avatar\\\/de97aeec1bb80978a9dbb127e47dfc88aaacb2f3c29aac907d8d3222e3495d49?s=96&d=mm&r=g\",\"contentUrl\":\"https:\\\/\\\/secure.gravatar.com\\\/avatar\\\/de97aeec1bb80978a9dbb127e47dfc88aaacb2f3c29aac907d8d3222e3495d49?s=96&d=mm&r=g\",\"caption\":\"Webdo\"},\"url\":\"https:\\\/\\\/www.webdo.tn\\\/fr\\\/actualite\\\/author\\\/webdo\\\/\"}]}<\/script>\n<!-- \/ Yoast SEO Premium plugin. -->","yoast_head_json":{"title":"E-istichara - Syst\u00e8me \u00e9ducatif : Kais Saied annoncera bient\u00f4t les r\u00e9sultats","description":"Un comit\u00e9, que pr\u00e9side par le ministre de l'enseignement sup\u00e9rieur et de la recherche scientifique, est en train d'\u00e9tudier les donn\u00e9es de la consultation nation...","canonical":"https:\/\/www.webdo.tn\/fr\/actualite\/national\/e-istichara-systeme-educatif-kais-saied-annoncer-bientot-les-resultats\/211279\/","og_locale":"fr_FR","og_type":"article","og_title":"E-istichara - Syst\u00e8me \u00e9ducatif : Kais Saied annoncera bient\u00f4t les r\u00e9sultats","og_description":"Un comit\u00e9, que pr\u00e9side par le ministre de l'enseignement sup\u00e9rieur et de la recherche scientifique, est en train d'\u00e9tudier les donn\u00e9es de la consultation nation...","og_url":"https:\/\/www.webdo.tn\/fr\/actualite\/national\/e-istichara-systeme-educatif-kais-saied-annoncer-bientot-les-resultats\/211279\/","og_site_name":"webdo","article_publisher":"https:\/\/www.facebook.com\/webdotn","article_published_time":"2024-01-03T18:36:00+00:00","og_image":[{"width":750,"height":400,"url":"https:\/\/www.webdo.tn\/fr\/wp-content\/uploads\/2024\/01\/83f3b5791f516012e31a963472ef6218.png","type":"image\/png"}],"author":"Webdo","twitter_card":"summary_large_image","twitter_creator":"@webdo_tn","twitter_site":"@webdo_tn","twitter_misc":{"\u00c9crit par":"Webdo","Dur\u00e9e de lecture estim\u00e9e":"1 minute"},"schema":{"@context":"https:\/\/schema.org","@graph":[{"@type":"NewsArticle","@id":"https:\/\/www.webdo.tn\/fr\/actualite\/national\/e-istichara-systeme-educatif-kais-saied-annoncer-bientot-les-resultats\/211279\/#article","isPartOf":{"@id":"https:\/\/www.webdo.tn\/fr\/actualite\/national\/e-istichara-systeme-educatif-kais-saied-annoncer-bientot-les-resultats\/211279\/"},"author":{"name":"Webdo","@id":"https:\/\/www.webdo.tn\/fr\/#\/schema\/person\/1f4e491e0907b413d61089e8eb573acc"},"headline":"E-istichara &#8211; Syst\u00e8me \u00e9ducatif : Kais Saied annoncera bient\u00f4t les r\u00e9sultats","datePublished":"2024-01-03T18:36:00+00:00","mainEntityOfPage":{"@id":"https:\/\/www.webdo.tn\/fr\/actualite\/national\/e-istichara-systeme-educatif-kais-saied-annoncer-bientot-les-resultats\/211279\/"},"wordCount":158,"commentCount":0,"publisher":{"@id":"https:\/\/www.webdo.tn\/fr\/#organization"},"image":{"@id":"https:\/\/www.webdo.tn\/fr\/actualite\/national\/e-istichara-systeme-educatif-kais-saied-annoncer-bientot-les-resultats\/211279\/#primaryimage"},"thumbnailUrl":"https:\/\/www.webdo.tn\/fr\/wp-content\/uploads\/2024\/01\/83f3b5791f516012e31a963472ef6218.png","keywords":["'e-istichara']","consultation","\u00e9ducation","enseignement","r\u00e9forme","Tunisie"],"articleSection":["National"],"inLanguage":"fr-FR"},{"@type":"WebPage","@id":"https:\/\/www.webdo.tn\/fr\/actualite\/national\/e-istichara-systeme-educatif-kais-saied-annoncer-bientot-les-resultats\/211279\/","url":"https:\/\/www.webdo.tn\/fr\/actualite\/national\/e-istichara-systeme-educatif-kais-saied-annoncer-bientot-les-resultats\/211279\/","name":"E-istichara - Syst\u00e8me \u00e9ducatif : Kais Saied annoncera bient\u00f4t les r\u00e9sultats","isPartOf":{"@id":"https:\/\/www.webdo.tn\/fr\/#website"},"primaryImageOfPage":{"@id":"https:\/\/www.webdo.tn\/fr\/actualite\/national\/e-istichara-systeme-educatif-kais-saied-annoncer-bientot-les-resultats\/211279\/#primaryimage"},"image":{"@id":"https:\/\/www.webdo.tn\/fr\/actualite\/national\/e-istichara-systeme-educatif-kais-saied-annoncer-bientot-les-resultats\/211279\/#primaryimage"},"thumbnailUrl":"https:\/\/www.webdo.tn\/fr\/wp-content\/uploads\/2024\/01\/83f3b5791f516012e31a963472ef6218.png","datePublished":"2024-01-03T18:36:00+00:00","description":"Un comit\u00e9, que pr\u00e9side par le ministre de l'enseignement sup\u00e9rieur et de la recherche scientifique, est en train d'\u00e9tudier les donn\u00e9es de la consultation nation...","breadcrumb":{"@id":"https:\/\/www.webdo.tn\/fr\/actualite\/national\/e-istichara-systeme-educatif-kais-saied-annoncer-bientot-les-resultats\/211279\/#breadcrumb"},"inLanguage":"fr-FR","potentialAction":[{"@type":"ReadAction","target":["https:\/\/www.webdo.tn\/fr\/actualite\/national\/e-istichara-systeme-educatif-kais-saied-annoncer-bientot-les-resultats\/211279\/"]}]},{"@type":"ImageObject","inLanguage":"fr-FR","@id":"https:\/\/www.webdo.tn\/fr\/actualite\/national\/e-istichara-systeme-educatif-kais-saied-annoncer-bientot-les-resultats\/211279\/#primaryimage","url":"https:\/\/www.webdo.tn\/fr\/wp-content\/uploads\/2024\/01\/83f3b5791f516012e31a963472ef6218.png","contentUrl":"https:\/\/www.webdo.tn\/fr\/wp-content\/uploads\/2024\/01\/83f3b5791f516012e31a963472ef6218.png","width":750,"height":400,"caption":"E-istichara - Syst\u00e8me \u00e9ducatif : Kais Saied annoncera bient\u00f4t les r\u00e9sultats"},{"@type":"BreadcrumbList","@id":"https:\/\/www.webdo.tn\/fr\/actualite\/national\/e-istichara-systeme-educatif-kais-saied-annoncer-bientot-les-resultats\/211279\/#breadcrumb","itemListElement":[{"@type":"ListItem","position":1,"name":"Accueil","item":"https:\/\/www.webdo.tn\/fr\/"},{"@type":"ListItem","position":2,"name":"E-istichara &#8211; Syst\u00e8me \u00e9ducatif : Kais Saied annoncera bient\u00f4t les r\u00e9sultats"}]},{"@type":"WebSite","@id":"https:\/\/www.webdo.tn\/fr\/#website","url":"https:\/\/www.webdo.tn\/fr\/","name":"webdo","description":"Tunisie - News en Tunisie et \u00e0 l&#039;international sur Webdo.tn","publisher":{"@id":"https:\/\/www.webdo.tn\/fr\/#organization"},"potentialAction":[{"@type":"SearchAction","target":{"@type":"EntryPoint","urlTemplate":"https:\/\/www.webdo.tn\/fr\/?s={search_term_string}"},"query-input":{"@type":"PropertyValueSpecification","valueRequired":true,"valueName":"search_term_string"}}],"inLanguage":"fr-FR"},{"@type":"Organization","@id":"https:\/\/www.webdo.tn\/fr\/#organization","name":"Webdo","alternateName":"Webdo.tn","url":"https:\/\/www.webdo.tn\/fr\/","logo":{"@type":"ImageObject","inLanguage":"fr-FR","@id":"https:\/\/www.webdo.tn\/fr\/#\/schema\/logo\/image\/","url":"https:\/\/www.webdo.tn\/fr\/wp-content\/uploads\/2025\/06\/Webdo-Tunisie_168377.jpg","contentUrl":"https:\/\/www.webdo.tn\/fr\/wp-content\/uploads\/2025\/06\/Webdo-Tunisie_168377.jpg","width":301,"height":301,"caption":"Webdo"},"image":{"@id":"https:\/\/www.webdo.tn\/fr\/#\/schema\/logo\/image\/"},"sameAs":["https:\/\/www.facebook.com\/webdotn","https:\/\/x.com\/webdo_tn"],"description":"Webdo est un m\u00e9dia num\u00e9rique tunisien fond\u00e9 en 2010, sp\u00e9cialis\u00e9 dans l\u2019actualit\u00e9 nationale et internationale, l\u2019\u00e9conomie, la soci\u00e9t\u00e9 et les analyses politiques. Le site s\u2019adresse \u00e0 un large public francophone et couvre l\u2019information tunisienne en temps r\u00e9el.","email":"redac@webdo.tn","legalName":"YNJ SARL","foundingDate":"2010-09-06","numberOfEmployees":{"@type":"QuantitativeValue","minValue":"11","maxValue":"50"}},{"@type":"Person","@id":"https:\/\/www.webdo.tn\/fr\/#\/schema\/person\/1f4e491e0907b413d61089e8eb573acc","name":"Webdo","image":{"@type":"ImageObject","inLanguage":"fr-FR","@id":"https:\/\/secure.gravatar.com\/avatar\/de97aeec1bb80978a9dbb127e47dfc88aaacb2f3c29aac907d8d3222e3495d49?s=96&d=mm&r=g","url":"https:\/\/secure.gravatar.com\/avatar\/de97aeec1bb80978a9dbb127e47dfc88aaacb2f3c29aac907d8d3222e3495d49?s=96&d=mm&r=g","contentUrl":"https:\/\/secure.gravatar.com\/avatar\/de97aeec1bb80978a9dbb127e47dfc88aaacb2f3c29aac907d8d3222e3495d49?s=96&d=mm&r=g","caption":"Webdo"},"url":"https:\/\/www.webdo.tn\/fr\/actualite\/author\/webdo\/"}]}},"_links":{"self":[{"href":"https:\/\/www.webdo.tn\/fr\/wp-json\/wp\/v2\/posts\/211279","targetHints":{"allow":["GET"]}}],"collection":[{"href":"https:\/\/www.webdo.tn\/fr\/wp-json\/wp\/v2\/posts"}],"about":[{"href":"https:\/\/www.webdo.tn\/fr\/wp-json\/wp\/v2\/types\/post"}],"author":[{"embeddable":true,"href":"https:\/\/www.webdo.tn\/fr\/wp-json\/wp\/v2\/users\/3169"}],"replies":[{"embeddable":true,"href":"https:\/\/www.webdo.tn\/fr\/wp-json\/wp\/v2\/comments?post=211279"}],"version-history":[{"count":0,"href":"https:\/\/www.webdo.tn\/fr\/wp-json\/wp\/v2\/posts\/211279\/revisions"}],"wp:featuredmedia":[{"embeddable":true,"href":"https:\/\/www.webdo.tn\/fr\/wp-json\/wp\/v2\/media\/290039"}],"wp:attachment":[{"href":"https:\/\/www.webdo.tn\/fr\/wp-json\/wp\/v2\/media?parent=211279"}],"wp:term":[{"taxonomy":"category","embeddable":true,"href":"https:\/\/www.webdo.tn\/fr\/wp-json\/wp\/v2\/categories?post=211279"},{"taxonomy":"post_tag","embeddable":true,"href":"https:\/\/www.webdo.tn\/fr\/wp-json\/wp\/v2\/tags?post=211279"}],"curies":[{"name":"wp","href":"https:\/\/api.w.org\/{rel}","templated":true}]}}