{"id":211274,"date":"2024-01-03T14:33:00","date_gmt":"2024-01-03T14:33:00","guid":{"rendered":"https:\/\/www.webdo.tn\/fr\/blog\/au-moins-73-morts-dans-une-double-explosion-en-iran\/211274\/"},"modified":"2025-05-20T22:38:40","modified_gmt":"2025-05-20T22:38:40","slug":"au-moins-73-morts-dans-une-double-explosion-en-iran","status":"publish","type":"post","link":"https:\/\/www.webdo.tn\/fr\/actualite\/international\/au-moins-73-morts-dans-une-double-explosion-en-iran\/211274\/","title":{"rendered":"Au moins 103 morts dans une double explosion en Iran"},"content":{"rendered":"<p>Au moins 103 personnes ont \u00e9t\u00e9 tu\u00e9es dans une double explosion ce mercredi 3 janvier 2024 pr\u00e8s de la tombe du g\u00e9n\u00e9ral iranien Qassem Soleimani.\u00a0<\/p>\n<p>\t\t\t\t\t\t\t\t\tCette double explosion, qui a fait plus de 170 bless\u00e9s, est survenue lors de la c\u00e9r\u00e9monie en m\u00e9moire de l&rsquo;ancien chef de la Force Al-Qods Qassem Soleimani, celui-ci avait \u00e9t\u00e9 tu\u00e9 en 2020 par une frappe am\u00e9ricaine \u00e0 l&rsquo;a\u00e9roport de Bagdad.<\/p>\n<p>Les d\u00e9flagrations ont eu lieu \u00e0 Kerman au sud-est du pays. Le nombre de victimes a \u00e9t\u00e9 communiqu\u00e9 par l&rsquo;agence de presse officielle IRNA.\u00a0<\/p>\n<p>D\u2019autres sources \u00e9voquent plusieurs bonbonnes de gaz qui auraient explos\u00e9 sur la route conduisant au cimeti\u00e8re.\u00a0<\/p>\n<p>\u00ab\u00a0On ne sait pas encore si les explosions ont \u00e9t\u00e9 provoqu\u00e9es par les bonbonnes de gaz ou par une attaque terroriste\u00a0\u00bb, a d\u00e9clar\u00e9 un responsable local cit\u00e9 par les m\u00e9dias officiels.<\/p>\n","protected":false},"excerpt":{"rendered":"<p>Cette double explosion, qui a fait plus de cent bless\u00e9s, est survenue lors de la c\u00e9r\u00e9monie en m\u00e9moire de l&rsquo;ancien chef de la Force Al-Qods Qassem Soleimani, cel&#8230;<\/p>\n","protected":false},"author":3175,"featured_media":248349,"comment_status":"open","ping_status":"closed","sticky":false,"template":"","format":"standard","meta":{"footnotes":""},"categories":[2598],"tags":[2869,2912],"class_list":["post-211274","post","type-post","status-publish","format-standard","has-post-thumbnail","hentry","category-international","tag-explosion","tag-iran"],"yoast_head":"<!-- This site is optimized with the Yoast SEO Premium plugin v27.5 (Yoast SEO v27.5) - https:\/\/yoast.com\/product\/yoast-seo-premium-wordpress\/ -->\n<title>Au moins 103 morts dans une double explosion en Iran<\/title>\n<meta name=\"description\" content=\"Cette double explosion, qui a fait plus de cent bless\u00e9s, est survenue lors de la c\u00e9r\u00e9monie en m\u00e9moire de l&#039;ancien chef de la Force Al-Qods Qassem Soleimani, cel...\" \/>\n<link rel=\"canonical\" href=\"https:\/\/www.webdo.tn\/fr\/actualite\/international\/au-moins-73-morts-dans-une-double-explosion-en-iran\/211274\/\" \/>\n<meta property=\"og:locale\" content=\"fr_FR\" \/>\n<meta property=\"og:type\" content=\"article\" \/>\n<meta property=\"og:title\" content=\"Au moins 103 morts dans une double explosion en Iran\" \/>\n<meta property=\"og:description\" content=\"Cette double explosion, qui a fait plus de cent bless\u00e9s, est survenue lors de la c\u00e9r\u00e9monie en m\u00e9moire de l&#039;ancien chef de la Force Al-Qods Qassem Soleimani, cel...\" \/>\n<meta property=\"og:url\" content=\"https:\/\/www.webdo.tn\/fr\/actualite\/international\/au-moins-73-morts-dans-une-double-explosion-en-iran\/211274\/\" \/>\n<meta property=\"og:site_name\" content=\"webdo\" \/>\n<meta property=\"article:publisher\" content=\"https:\/\/www.facebook.com\/webdotn\" \/>\n<meta property=\"article:published_time\" content=\"2024-01-03T14:33:00+00:00\" \/>\n<meta property=\"article:modified_time\" content=\"2025-05-20T22:38:40+00:00\" \/>\n<meta property=\"og:image\" content=\"https:\/\/www.webdo.tn\/fr\/wp-content\/uploads\/2024\/01\/dcae829e2caf346b0aecbe9f132fbd74.png\" \/>\n\t<meta property=\"og:image:width\" content=\"750\" \/>\n\t<meta property=\"og:image:height\" content=\"400\" \/>\n\t<meta property=\"og:image:type\" content=\"image\/png\" \/>\n<meta name=\"author\" content=\"CL\" \/>\n<meta name=\"twitter:card\" content=\"summary_large_image\" \/>\n<meta name=\"twitter:creator\" content=\"@webdo_tn\" \/>\n<meta name=\"twitter:site\" content=\"@webdo_tn\" \/>\n<meta name=\"twitter:label1\" content=\"\u00c9crit par\" \/>\n\t<meta name=\"twitter:data1\" content=\"CL\" \/>\n\t<meta name=\"twitter:label2\" content=\"Dur\u00e9e de lecture estim\u00e9e\" \/>\n\t<meta name=\"twitter:data2\" content=\"1 minute\" \/>\n<script type=\"application\/ld+json\" class=\"yoast-schema-graph\">{\"@context\":\"https:\\\/\\\/schema.org\",\"@graph\":[{\"@type\":\"NewsArticle\",\"@id\":\"https:\\\/\\\/www.webdo.tn\\\/fr\\\/actualite\\\/international\\\/au-moins-73-morts-dans-une-double-explosion-en-iran\\\/211274\\\/#article\",\"isPartOf\":{\"@id\":\"https:\\\/\\\/www.webdo.tn\\\/fr\\\/actualite\\\/international\\\/au-moins-73-morts-dans-une-double-explosion-en-iran\\\/211274\\\/\"},\"author\":{\"name\":\"CL\",\"@id\":\"https:\\\/\\\/www.webdo.tn\\\/fr\\\/#\\\/schema\\\/person\\\/f35b42a42c5e2511bbd282959d6385cc\"},\"headline\":\"Au moins 103 morts dans une double explosion en Iran\",\"datePublished\":\"2024-01-03T14:33:00+00:00\",\"dateModified\":\"2025-05-20T22:38:40+00:00\",\"mainEntityOfPage\":{\"@id\":\"https:\\\/\\\/www.webdo.tn\\\/fr\\\/actualite\\\/international\\\/au-moins-73-morts-dans-une-double-explosion-en-iran\\\/211274\\\/\"},\"wordCount\":158,\"commentCount\":0,\"publisher\":{\"@id\":\"https:\\\/\\\/www.webdo.tn\\\/fr\\\/#organization\"},\"image\":{\"@id\":\"https:\\\/\\\/www.webdo.tn\\\/fr\\\/actualite\\\/international\\\/au-moins-73-morts-dans-une-double-explosion-en-iran\\\/211274\\\/#primaryimage\"},\"thumbnailUrl\":\"https:\\\/\\\/www.webdo.tn\\\/fr\\\/wp-content\\\/uploads\\\/2024\\\/01\\\/dcae829e2caf346b0aecbe9f132fbd74.png\",\"keywords\":[\"Explosion\",\"Iran\"],\"articleSection\":[\"International\"],\"inLanguage\":\"fr-FR\"},{\"@type\":\"WebPage\",\"@id\":\"https:\\\/\\\/www.webdo.tn\\\/fr\\\/actualite\\\/international\\\/au-moins-73-morts-dans-une-double-explosion-en-iran\\\/211274\\\/\",\"url\":\"https:\\\/\\\/www.webdo.tn\\\/fr\\\/actualite\\\/international\\\/au-moins-73-morts-dans-une-double-explosion-en-iran\\\/211274\\\/\",\"name\":\"Au moins 103 morts dans une double explosion en Iran\",\"isPartOf\":{\"@id\":\"https:\\\/\\\/www.webdo.tn\\\/fr\\\/#website\"},\"primaryImageOfPage\":{\"@id\":\"https:\\\/\\\/www.webdo.tn\\\/fr\\\/actualite\\\/international\\\/au-moins-73-morts-dans-une-double-explosion-en-iran\\\/211274\\\/#primaryimage\"},\"image\":{\"@id\":\"https:\\\/\\\/www.webdo.tn\\\/fr\\\/actualite\\\/international\\\/au-moins-73-morts-dans-une-double-explosion-en-iran\\\/211274\\\/#primaryimage\"},\"thumbnailUrl\":\"https:\\\/\\\/www.webdo.tn\\\/fr\\\/wp-content\\\/uploads\\\/2024\\\/01\\\/dcae829e2caf346b0aecbe9f132fbd74.png\",\"datePublished\":\"2024-01-03T14:33:00+00:00\",\"dateModified\":\"2025-05-20T22:38:40+00:00\",\"description\":\"Cette double explosion, qui a fait plus de cent bless\u00e9s, est survenue lors de la c\u00e9r\u00e9monie en m\u00e9moire de l'ancien chef de la Force Al-Qods Qassem Soleimani, cel...\",\"breadcrumb\":{\"@id\":\"https:\\\/\\\/www.webdo.tn\\\/fr\\\/actualite\\\/international\\\/au-moins-73-morts-dans-une-double-explosion-en-iran\\\/211274\\\/#breadcrumb\"},\"inLanguage\":\"fr-FR\",\"potentialAction\":[{\"@type\":\"ReadAction\",\"target\":[\"https:\\\/\\\/www.webdo.tn\\\/fr\\\/actualite\\\/international\\\/au-moins-73-morts-dans-une-double-explosion-en-iran\\\/211274\\\/\"]}]},{\"@type\":\"ImageObject\",\"inLanguage\":\"fr-FR\",\"@id\":\"https:\\\/\\\/www.webdo.tn\\\/fr\\\/actualite\\\/international\\\/au-moins-73-morts-dans-une-double-explosion-en-iran\\\/211274\\\/#primaryimage\",\"url\":\"https:\\\/\\\/www.webdo.tn\\\/fr\\\/wp-content\\\/uploads\\\/2024\\\/01\\\/dcae829e2caf346b0aecbe9f132fbd74.png\",\"contentUrl\":\"https:\\\/\\\/www.webdo.tn\\\/fr\\\/wp-content\\\/uploads\\\/2024\\\/01\\\/dcae829e2caf346b0aecbe9f132fbd74.png\",\"width\":750,\"height\":400,\"caption\":\"Au moins 103 morts dans une double explosion en Iran\"},{\"@type\":\"BreadcrumbList\",\"@id\":\"https:\\\/\\\/www.webdo.tn\\\/fr\\\/actualite\\\/international\\\/au-moins-73-morts-dans-une-double-explosion-en-iran\\\/211274\\\/#breadcrumb\",\"itemListElement\":[{\"@type\":\"ListItem\",\"position\":1,\"name\":\"Accueil\",\"item\":\"https:\\\/\\\/www.webdo.tn\\\/fr\\\/\"},{\"@type\":\"ListItem\",\"position\":2,\"name\":\"Au moins 103 morts dans une double explosion en Iran\"}]},{\"@type\":\"WebSite\",\"@id\":\"https:\\\/\\\/www.webdo.tn\\\/fr\\\/#website\",\"url\":\"https:\\\/\\\/www.webdo.tn\\\/fr\\\/\",\"name\":\"webdo\",\"description\":\"Tunisie - News en Tunisie et \u00e0 l&#039;international sur Webdo.tn\",\"publisher\":{\"@id\":\"https:\\\/\\\/www.webdo.tn\\\/fr\\\/#organization\"},\"potentialAction\":[{\"@type\":\"SearchAction\",\"target\":{\"@type\":\"EntryPoint\",\"urlTemplate\":\"https:\\\/\\\/www.webdo.tn\\\/fr\\\/?s={search_term_string}\"},\"query-input\":{\"@type\":\"PropertyValueSpecification\",\"valueRequired\":true,\"valueName\":\"search_term_string\"}}],\"inLanguage\":\"fr-FR\"},{\"@type\":\"Organization\",\"@id\":\"https:\\\/\\\/www.webdo.tn\\\/fr\\\/#organization\",\"name\":\"Webdo\",\"alternateName\":\"Webdo.tn\",\"url\":\"https:\\\/\\\/www.webdo.tn\\\/fr\\\/\",\"logo\":{\"@type\":\"ImageObject\",\"inLanguage\":\"fr-FR\",\"@id\":\"https:\\\/\\\/www.webdo.tn\\\/fr\\\/#\\\/schema\\\/logo\\\/image\\\/\",\"url\":\"https:\\\/\\\/www.webdo.tn\\\/fr\\\/wp-content\\\/uploads\\\/2025\\\/06\\\/Webdo-Tunisie_168377.jpg\",\"contentUrl\":\"https:\\\/\\\/www.webdo.tn\\\/fr\\\/wp-content\\\/uploads\\\/2025\\\/06\\\/Webdo-Tunisie_168377.jpg\",\"width\":301,\"height\":301,\"caption\":\"Webdo\"},\"image\":{\"@id\":\"https:\\\/\\\/www.webdo.tn\\\/fr\\\/#\\\/schema\\\/logo\\\/image\\\/\"},\"sameAs\":[\"https:\\\/\\\/www.facebook.com\\\/webdotn\",\"https:\\\/\\\/x.com\\\/webdo_tn\"],\"description\":\"Webdo est un m\u00e9dia num\u00e9rique tunisien fond\u00e9 en 2010, sp\u00e9cialis\u00e9 dans l\u2019actualit\u00e9 nationale et internationale, l\u2019\u00e9conomie, la soci\u00e9t\u00e9 et les analyses politiques. Le site s\u2019adresse \u00e0 un large public francophone et couvre l\u2019information tunisienne en temps r\u00e9el.\",\"email\":\"redac@webdo.tn\",\"legalName\":\"YNJ SARL\",\"foundingDate\":\"2010-09-06\",\"numberOfEmployees\":{\"@type\":\"QuantitativeValue\",\"minValue\":\"11\",\"maxValue\":\"50\"}},{\"@type\":\"Person\",\"@id\":\"https:\\\/\\\/www.webdo.tn\\\/fr\\\/#\\\/schema\\\/person\\\/f35b42a42c5e2511bbd282959d6385cc\",\"name\":\"CL\",\"image\":{\"@type\":\"ImageObject\",\"inLanguage\":\"fr-FR\",\"@id\":\"https:\\\/\\\/secure.gravatar.com\\\/avatar\\\/1447a49909b67aa657c488aec6512e1dd6143a480c1ecfee9b5b5cd74eb3b59e?s=96&d=mm&r=g\",\"url\":\"https:\\\/\\\/secure.gravatar.com\\\/avatar\\\/1447a49909b67aa657c488aec6512e1dd6143a480c1ecfee9b5b5cd74eb3b59e?s=96&d=mm&r=g\",\"contentUrl\":\"https:\\\/\\\/secure.gravatar.com\\\/avatar\\\/1447a49909b67aa657c488aec6512e1dd6143a480c1ecfee9b5b5cd74eb3b59e?s=96&d=mm&r=g\",\"caption\":\"CL\"},\"url\":\"https:\\\/\\\/www.webdo.tn\\\/fr\\\/actualite\\\/author\\\/cl\\\/\"}]}<\/script>\n<!-- \/ Yoast SEO Premium plugin. -->","yoast_head_json":{"title":"Au moins 103 morts dans une double explosion en Iran","description":"Cette double explosion, qui a fait plus de cent bless\u00e9s, est survenue lors de la c\u00e9r\u00e9monie en m\u00e9moire de l'ancien chef de la Force Al-Qods Qassem Soleimani, cel...","canonical":"https:\/\/www.webdo.tn\/fr\/actualite\/international\/au-moins-73-morts-dans-une-double-explosion-en-iran\/211274\/","og_locale":"fr_FR","og_type":"article","og_title":"Au moins 103 morts dans une double explosion en Iran","og_description":"Cette double explosion, qui a fait plus de cent bless\u00e9s, est survenue lors de la c\u00e9r\u00e9monie en m\u00e9moire de l'ancien chef de la Force Al-Qods Qassem Soleimani, cel...","og_url":"https:\/\/www.webdo.tn\/fr\/actualite\/international\/au-moins-73-morts-dans-une-double-explosion-en-iran\/211274\/","og_site_name":"webdo","article_publisher":"https:\/\/www.facebook.com\/webdotn","article_published_time":"2024-01-03T14:33:00+00:00","article_modified_time":"2025-05-20T22:38:40+00:00","og_image":[{"width":750,"height":400,"url":"https:\/\/www.webdo.tn\/fr\/wp-content\/uploads\/2024\/01\/dcae829e2caf346b0aecbe9f132fbd74.png","type":"image\/png"}],"author":"CL","twitter_card":"summary_large_image","twitter_creator":"@webdo_tn","twitter_site":"@webdo_tn","twitter_misc":{"\u00c9crit par":"CL","Dur\u00e9e de lecture estim\u00e9e":"1 minute"},"schema":{"@context":"https:\/\/schema.org","@graph":[{"@type":"NewsArticle","@id":"https:\/\/www.webdo.tn\/fr\/actualite\/international\/au-moins-73-morts-dans-une-double-explosion-en-iran\/211274\/#article","isPartOf":{"@id":"https:\/\/www.webdo.tn\/fr\/actualite\/international\/au-moins-73-morts-dans-une-double-explosion-en-iran\/211274\/"},"author":{"name":"CL","@id":"https:\/\/www.webdo.tn\/fr\/#\/schema\/person\/f35b42a42c5e2511bbd282959d6385cc"},"headline":"Au moins 103 morts dans une double explosion en Iran","datePublished":"2024-01-03T14:33:00+00:00","dateModified":"2025-05-20T22:38:40+00:00","mainEntityOfPage":{"@id":"https:\/\/www.webdo.tn\/fr\/actualite\/international\/au-moins-73-morts-dans-une-double-explosion-en-iran\/211274\/"},"wordCount":158,"commentCount":0,"publisher":{"@id":"https:\/\/www.webdo.tn\/fr\/#organization"},"image":{"@id":"https:\/\/www.webdo.tn\/fr\/actualite\/international\/au-moins-73-morts-dans-une-double-explosion-en-iran\/211274\/#primaryimage"},"thumbnailUrl":"https:\/\/www.webdo.tn\/fr\/wp-content\/uploads\/2024\/01\/dcae829e2caf346b0aecbe9f132fbd74.png","keywords":["Explosion","Iran"],"articleSection":["International"],"inLanguage":"fr-FR"},{"@type":"WebPage","@id":"https:\/\/www.webdo.tn\/fr\/actualite\/international\/au-moins-73-morts-dans-une-double-explosion-en-iran\/211274\/","url":"https:\/\/www.webdo.tn\/fr\/actualite\/international\/au-moins-73-morts-dans-une-double-explosion-en-iran\/211274\/","name":"Au moins 103 morts dans une double explosion en Iran","isPartOf":{"@id":"https:\/\/www.webdo.tn\/fr\/#website"},"primaryImageOfPage":{"@id":"https:\/\/www.webdo.tn\/fr\/actualite\/international\/au-moins-73-morts-dans-une-double-explosion-en-iran\/211274\/#primaryimage"},"image":{"@id":"https:\/\/www.webdo.tn\/fr\/actualite\/international\/au-moins-73-morts-dans-une-double-explosion-en-iran\/211274\/#primaryimage"},"thumbnailUrl":"https:\/\/www.webdo.tn\/fr\/wp-content\/uploads\/2024\/01\/dcae829e2caf346b0aecbe9f132fbd74.png","datePublished":"2024-01-03T14:33:00+00:00","dateModified":"2025-05-20T22:38:40+00:00","description":"Cette double explosion, qui a fait plus de cent bless\u00e9s, est survenue lors de la c\u00e9r\u00e9monie en m\u00e9moire de l'ancien chef de la Force Al-Qods Qassem Soleimani, cel...","breadcrumb":{"@id":"https:\/\/www.webdo.tn\/fr\/actualite\/international\/au-moins-73-morts-dans-une-double-explosion-en-iran\/211274\/#breadcrumb"},"inLanguage":"fr-FR","potentialAction":[{"@type":"ReadAction","target":["https:\/\/www.webdo.tn\/fr\/actualite\/international\/au-moins-73-morts-dans-une-double-explosion-en-iran\/211274\/"]}]},{"@type":"ImageObject","inLanguage":"fr-FR","@id":"https:\/\/www.webdo.tn\/fr\/actualite\/international\/au-moins-73-morts-dans-une-double-explosion-en-iran\/211274\/#primaryimage","url":"https:\/\/www.webdo.tn\/fr\/wp-content\/uploads\/2024\/01\/dcae829e2caf346b0aecbe9f132fbd74.png","contentUrl":"https:\/\/www.webdo.tn\/fr\/wp-content\/uploads\/2024\/01\/dcae829e2caf346b0aecbe9f132fbd74.png","width":750,"height":400,"caption":"Au moins 103 morts dans une double explosion en Iran"},{"@type":"BreadcrumbList","@id":"https:\/\/www.webdo.tn\/fr\/actualite\/international\/au-moins-73-morts-dans-une-double-explosion-en-iran\/211274\/#breadcrumb","itemListElement":[{"@type":"ListItem","position":1,"name":"Accueil","item":"https:\/\/www.webdo.tn\/fr\/"},{"@type":"ListItem","position":2,"name":"Au moins 103 morts dans une double explosion en Iran"}]},{"@type":"WebSite","@id":"https:\/\/www.webdo.tn\/fr\/#website","url":"https:\/\/www.webdo.tn\/fr\/","name":"webdo","description":"Tunisie - News en Tunisie et \u00e0 l&#039;international sur Webdo.tn","publisher":{"@id":"https:\/\/www.webdo.tn\/fr\/#organization"},"potentialAction":[{"@type":"SearchAction","target":{"@type":"EntryPoint","urlTemplate":"https:\/\/www.webdo.tn\/fr\/?s={search_term_string}"},"query-input":{"@type":"PropertyValueSpecification","valueRequired":true,"valueName":"search_term_string"}}],"inLanguage":"fr-FR"},{"@type":"Organization","@id":"https:\/\/www.webdo.tn\/fr\/#organization","name":"Webdo","alternateName":"Webdo.tn","url":"https:\/\/www.webdo.tn\/fr\/","logo":{"@type":"ImageObject","inLanguage":"fr-FR","@id":"https:\/\/www.webdo.tn\/fr\/#\/schema\/logo\/image\/","url":"https:\/\/www.webdo.tn\/fr\/wp-content\/uploads\/2025\/06\/Webdo-Tunisie_168377.jpg","contentUrl":"https:\/\/www.webdo.tn\/fr\/wp-content\/uploads\/2025\/06\/Webdo-Tunisie_168377.jpg","width":301,"height":301,"caption":"Webdo"},"image":{"@id":"https:\/\/www.webdo.tn\/fr\/#\/schema\/logo\/image\/"},"sameAs":["https:\/\/www.facebook.com\/webdotn","https:\/\/x.com\/webdo_tn"],"description":"Webdo est un m\u00e9dia num\u00e9rique tunisien fond\u00e9 en 2010, sp\u00e9cialis\u00e9 dans l\u2019actualit\u00e9 nationale et internationale, l\u2019\u00e9conomie, la soci\u00e9t\u00e9 et les analyses politiques. Le site s\u2019adresse \u00e0 un large public francophone et couvre l\u2019information tunisienne en temps r\u00e9el.","email":"redac@webdo.tn","legalName":"YNJ SARL","foundingDate":"2010-09-06","numberOfEmployees":{"@type":"QuantitativeValue","minValue":"11","maxValue":"50"}},{"@type":"Person","@id":"https:\/\/www.webdo.tn\/fr\/#\/schema\/person\/f35b42a42c5e2511bbd282959d6385cc","name":"CL","image":{"@type":"ImageObject","inLanguage":"fr-FR","@id":"https:\/\/secure.gravatar.com\/avatar\/1447a49909b67aa657c488aec6512e1dd6143a480c1ecfee9b5b5cd74eb3b59e?s=96&d=mm&r=g","url":"https:\/\/secure.gravatar.com\/avatar\/1447a49909b67aa657c488aec6512e1dd6143a480c1ecfee9b5b5cd74eb3b59e?s=96&d=mm&r=g","contentUrl":"https:\/\/secure.gravatar.com\/avatar\/1447a49909b67aa657c488aec6512e1dd6143a480c1ecfee9b5b5cd74eb3b59e?s=96&d=mm&r=g","caption":"CL"},"url":"https:\/\/www.webdo.tn\/fr\/actualite\/author\/cl\/"}]}},"_links":{"self":[{"href":"https:\/\/www.webdo.tn\/fr\/wp-json\/wp\/v2\/posts\/211274","targetHints":{"allow":["GET"]}}],"collection":[{"href":"https:\/\/www.webdo.tn\/fr\/wp-json\/wp\/v2\/posts"}],"about":[{"href":"https:\/\/www.webdo.tn\/fr\/wp-json\/wp\/v2\/types\/post"}],"author":[{"embeddable":true,"href":"https:\/\/www.webdo.tn\/fr\/wp-json\/wp\/v2\/users\/3175"}],"replies":[{"embeddable":true,"href":"https:\/\/www.webdo.tn\/fr\/wp-json\/wp\/v2\/comments?post=211274"}],"version-history":[{"count":0,"href":"https:\/\/www.webdo.tn\/fr\/wp-json\/wp\/v2\/posts\/211274\/revisions"}],"wp:featuredmedia":[{"embeddable":true,"href":"https:\/\/www.webdo.tn\/fr\/wp-json\/wp\/v2\/media\/248349"}],"wp:attachment":[{"href":"https:\/\/www.webdo.tn\/fr\/wp-json\/wp\/v2\/media?parent=211274"}],"wp:term":[{"taxonomy":"category","embeddable":true,"href":"https:\/\/www.webdo.tn\/fr\/wp-json\/wp\/v2\/categories?post=211274"},{"taxonomy":"post_tag","embeddable":true,"href":"https:\/\/www.webdo.tn\/fr\/wp-json\/wp\/v2\/tags?post=211274"}],"curies":[{"name":"wp","href":"https:\/\/api.w.org\/{rel}","templated":true}]}}