{"id":211259,"date":"2024-01-02T23:06:00","date_gmt":"2024-01-02T23:06:00","guid":{"rendered":"https:\/\/www.webdo.tn\/fr\/blog\/la-detention-de-hattab-ben-othmen-prolongee-de-quatre-mois\/211259\/"},"modified":"2025-05-20T22:55:42","modified_gmt":"2025-05-20T22:55:42","slug":"la-detention-de-hattab-ben-othmen-prolongee-de-quatre-mois","status":"publish","type":"post","link":"https:\/\/www.webdo.tn\/fr\/actualite\/national\/la-detention-de-hattab-ben-othmen-prolongee-de-quatre-mois\/211259\/","title":{"rendered":"La d\u00e9tention de Hattab Ben Othmen prolong\u00e9e de quatre mois"},"content":{"rendered":"<p>La d\u00e9tention pr\u00e9ventive de l&rsquo;ancien secr\u00e9taire g\u00e9n\u00e9ral du Syndicat des agents judiciaires, Hattab Ben Othmane, a \u00e9t\u00e9 prolong\u00e9e de quatre mois<\/p>\n<p>\t\t\t\t\t\t\t\t\tSelon Mosa\u00efque Fm, le juge d&rsquo;instruction aupr\u00e8s du P\u00f4le judiciaire anti-terrorisme a d\u00e9cid\u00e9 de prolonger la d\u00e9tention de Hattab Ben Othmane, sur fond d\u2019une affaire terroriste.<\/p>\n<p>Un mandat de d\u00e9p\u00f4t a \u00e9t\u00e9 \u00e9mis \u00e0 son encontre par le juge d\u2019instruction au Tribunal de premi\u00e8re instance de Tunis \u00a0en f\u00e9vrier 2023.<\/p>\n","protected":false},"excerpt":{"rendered":"<p>le juge d&rsquo;instruction aupr\u00e8s du P\u00f4le judiciaire anti-terrorisme a d\u00e9cid\u00e9 de prolonger la d\u00e9tention de Hattab Ben Othmane, sur fond d\u2019affaire terroriste.<\/p>\n","protected":false},"author":3182,"featured_media":248343,"comment_status":"open","ping_status":"closed","sticky":false,"template":"","format":"standard","meta":{"footnotes":""},"categories":[44],"tags":[3286,6348,3093],"class_list":["post-211259","post","type-post","status-publish","format-standard","has-post-thumbnail","hentry","category-national","tag-detention","tag-hattab-ben-othmane","tag-syndicat"],"yoast_head":"<!-- This site is optimized with the Yoast SEO Premium plugin v27.4 (Yoast SEO v27.5) - https:\/\/yoast.com\/product\/yoast-seo-premium-wordpress\/ -->\n<title>La d\u00e9tention de Hattab Ben Othmen prolong\u00e9e de quatre mois<\/title>\n<meta name=\"description\" content=\"le juge d&#039;instruction aupr\u00e8s du P\u00f4le judiciaire anti-terrorisme a d\u00e9cid\u00e9 de prolonger la d\u00e9tention de Hattab Ben Othmane, sur fond d\u2019affaire terroriste.\" \/>\n<link rel=\"canonical\" href=\"https:\/\/www.webdo.tn\/fr\/actualite\/national\/la-detention-de-hattab-ben-othmen-prolongee-de-quatre-mois\/211259\/\" \/>\n<meta property=\"og:locale\" content=\"fr_FR\" \/>\n<meta property=\"og:type\" content=\"article\" \/>\n<meta property=\"og:title\" content=\"La d\u00e9tention de Hattab Ben Othmen prolong\u00e9e de quatre mois\" \/>\n<meta property=\"og:description\" content=\"le juge d&#039;instruction aupr\u00e8s du P\u00f4le judiciaire anti-terrorisme a d\u00e9cid\u00e9 de prolonger la d\u00e9tention de Hattab Ben Othmane, sur fond d\u2019affaire terroriste.\" \/>\n<meta property=\"og:url\" content=\"https:\/\/www.webdo.tn\/fr\/actualite\/national\/la-detention-de-hattab-ben-othmen-prolongee-de-quatre-mois\/211259\/\" \/>\n<meta property=\"og:site_name\" content=\"webdo\" \/>\n<meta property=\"article:publisher\" content=\"https:\/\/www.facebook.com\/webdotn\" \/>\n<meta property=\"article:published_time\" content=\"2024-01-02T23:06:00+00:00\" \/>\n<meta property=\"article:modified_time\" content=\"2025-05-20T22:55:42+00:00\" \/>\n<meta property=\"og:image\" content=\"https:\/\/www.webdo.tn\/fr\/wp-content\/uploads\/2024\/01\/63bcdb90f1cb1e3f8574907224d51c82.jpg\" \/>\n\t<meta property=\"og:image:width\" content=\"750\" \/>\n\t<meta property=\"og:image:height\" content=\"400\" \/>\n\t<meta property=\"og:image:type\" content=\"image\/jpeg\" \/>\n<meta name=\"author\" content=\"WB\" \/>\n<meta name=\"twitter:card\" content=\"summary_large_image\" \/>\n<meta name=\"twitter:creator\" content=\"@webdo_tn\" \/>\n<meta name=\"twitter:site\" content=\"@webdo_tn\" \/>\n<meta name=\"twitter:label1\" content=\"\u00c9crit par\" \/>\n\t<meta name=\"twitter:data1\" content=\"WB\" \/>\n<script type=\"application\/ld+json\" class=\"yoast-schema-graph\">{\"@context\":\"https:\\\/\\\/schema.org\",\"@graph\":[{\"@type\":\"NewsArticle\",\"@id\":\"https:\\\/\\\/www.webdo.tn\\\/fr\\\/actualite\\\/national\\\/la-detention-de-hattab-ben-othmen-prolongee-de-quatre-mois\\\/211259\\\/#article\",\"isPartOf\":{\"@id\":\"https:\\\/\\\/www.webdo.tn\\\/fr\\\/actualite\\\/national\\\/la-detention-de-hattab-ben-othmen-prolongee-de-quatre-mois\\\/211259\\\/\"},\"author\":{\"name\":\"WB\",\"@id\":\"https:\\\/\\\/www.webdo.tn\\\/fr\\\/#\\\/schema\\\/person\\\/f16bf91e3b3c6347371884777659f9d8\"},\"headline\":\"La d\u00e9tention de Hattab Ben Othmen prolong\u00e9e de quatre mois\",\"datePublished\":\"2024-01-02T23:06:00+00:00\",\"dateModified\":\"2025-05-20T22:55:42+00:00\",\"mainEntityOfPage\":{\"@id\":\"https:\\\/\\\/www.webdo.tn\\\/fr\\\/actualite\\\/national\\\/la-detention-de-hattab-ben-othmen-prolongee-de-quatre-mois\\\/211259\\\/\"},\"wordCount\":100,\"commentCount\":0,\"publisher\":{\"@id\":\"https:\\\/\\\/www.webdo.tn\\\/fr\\\/#organization\"},\"image\":{\"@id\":\"https:\\\/\\\/www.webdo.tn\\\/fr\\\/actualite\\\/national\\\/la-detention-de-hattab-ben-othmen-prolongee-de-quatre-mois\\\/211259\\\/#primaryimage\"},\"thumbnailUrl\":\"https:\\\/\\\/www.webdo.tn\\\/fr\\\/wp-content\\\/uploads\\\/2024\\\/01\\\/63bcdb90f1cb1e3f8574907224d51c82.jpg\",\"keywords\":[\"d\u00e9tention\",\"hattab ben othmane\",\"syndicat\"],\"articleSection\":[\"National\"],\"inLanguage\":\"fr-FR\"},{\"@type\":\"WebPage\",\"@id\":\"https:\\\/\\\/www.webdo.tn\\\/fr\\\/actualite\\\/national\\\/la-detention-de-hattab-ben-othmen-prolongee-de-quatre-mois\\\/211259\\\/\",\"url\":\"https:\\\/\\\/www.webdo.tn\\\/fr\\\/actualite\\\/national\\\/la-detention-de-hattab-ben-othmen-prolongee-de-quatre-mois\\\/211259\\\/\",\"name\":\"La d\u00e9tention de Hattab Ben Othmen prolong\u00e9e de quatre mois\",\"isPartOf\":{\"@id\":\"https:\\\/\\\/www.webdo.tn\\\/fr\\\/#website\"},\"primaryImageOfPage\":{\"@id\":\"https:\\\/\\\/www.webdo.tn\\\/fr\\\/actualite\\\/national\\\/la-detention-de-hattab-ben-othmen-prolongee-de-quatre-mois\\\/211259\\\/#primaryimage\"},\"image\":{\"@id\":\"https:\\\/\\\/www.webdo.tn\\\/fr\\\/actualite\\\/national\\\/la-detention-de-hattab-ben-othmen-prolongee-de-quatre-mois\\\/211259\\\/#primaryimage\"},\"thumbnailUrl\":\"https:\\\/\\\/www.webdo.tn\\\/fr\\\/wp-content\\\/uploads\\\/2024\\\/01\\\/63bcdb90f1cb1e3f8574907224d51c82.jpg\",\"datePublished\":\"2024-01-02T23:06:00+00:00\",\"dateModified\":\"2025-05-20T22:55:42+00:00\",\"description\":\"le juge d'instruction aupr\u00e8s du P\u00f4le judiciaire anti-terrorisme a d\u00e9cid\u00e9 de prolonger la d\u00e9tention de Hattab Ben Othmane, sur fond d\u2019affaire terroriste.\",\"breadcrumb\":{\"@id\":\"https:\\\/\\\/www.webdo.tn\\\/fr\\\/actualite\\\/national\\\/la-detention-de-hattab-ben-othmen-prolongee-de-quatre-mois\\\/211259\\\/#breadcrumb\"},\"inLanguage\":\"fr-FR\",\"potentialAction\":[{\"@type\":\"ReadAction\",\"target\":[\"https:\\\/\\\/www.webdo.tn\\\/fr\\\/actualite\\\/national\\\/la-detention-de-hattab-ben-othmen-prolongee-de-quatre-mois\\\/211259\\\/\"]}]},{\"@type\":\"ImageObject\",\"inLanguage\":\"fr-FR\",\"@id\":\"https:\\\/\\\/www.webdo.tn\\\/fr\\\/actualite\\\/national\\\/la-detention-de-hattab-ben-othmen-prolongee-de-quatre-mois\\\/211259\\\/#primaryimage\",\"url\":\"https:\\\/\\\/www.webdo.tn\\\/fr\\\/wp-content\\\/uploads\\\/2024\\\/01\\\/63bcdb90f1cb1e3f8574907224d51c82.jpg\",\"contentUrl\":\"https:\\\/\\\/www.webdo.tn\\\/fr\\\/wp-content\\\/uploads\\\/2024\\\/01\\\/63bcdb90f1cb1e3f8574907224d51c82.jpg\",\"width\":750,\"height\":400,\"caption\":\"La d\u00e9tention de Hattab Ben Othmen prolong\u00e9e de quatre mois\"},{\"@type\":\"BreadcrumbList\",\"@id\":\"https:\\\/\\\/www.webdo.tn\\\/fr\\\/actualite\\\/national\\\/la-detention-de-hattab-ben-othmen-prolongee-de-quatre-mois\\\/211259\\\/#breadcrumb\",\"itemListElement\":[{\"@type\":\"ListItem\",\"position\":1,\"name\":\"Accueil\",\"item\":\"https:\\\/\\\/www.webdo.tn\\\/fr\\\/\"},{\"@type\":\"ListItem\",\"position\":2,\"name\":\"La d\u00e9tention de Hattab Ben Othmen prolong\u00e9e de quatre mois\"}]},{\"@type\":\"WebSite\",\"@id\":\"https:\\\/\\\/www.webdo.tn\\\/fr\\\/#website\",\"url\":\"https:\\\/\\\/www.webdo.tn\\\/fr\\\/\",\"name\":\"webdo\",\"description\":\"Tunisie - News en Tunisie et \u00e0 l&#039;international sur Webdo.tn\",\"publisher\":{\"@id\":\"https:\\\/\\\/www.webdo.tn\\\/fr\\\/#organization\"},\"potentialAction\":[{\"@type\":\"SearchAction\",\"target\":{\"@type\":\"EntryPoint\",\"urlTemplate\":\"https:\\\/\\\/www.webdo.tn\\\/fr\\\/?s={search_term_string}\"},\"query-input\":{\"@type\":\"PropertyValueSpecification\",\"valueRequired\":true,\"valueName\":\"search_term_string\"}}],\"inLanguage\":\"fr-FR\"},{\"@type\":\"Organization\",\"@id\":\"https:\\\/\\\/www.webdo.tn\\\/fr\\\/#organization\",\"name\":\"Webdo\",\"alternateName\":\"Webdo.tn\",\"url\":\"https:\\\/\\\/www.webdo.tn\\\/fr\\\/\",\"logo\":{\"@type\":\"ImageObject\",\"inLanguage\":\"fr-FR\",\"@id\":\"https:\\\/\\\/www.webdo.tn\\\/fr\\\/#\\\/schema\\\/logo\\\/image\\\/\",\"url\":\"https:\\\/\\\/www.webdo.tn\\\/fr\\\/wp-content\\\/uploads\\\/2025\\\/06\\\/Webdo-Tunisie_168377.jpg\",\"contentUrl\":\"https:\\\/\\\/www.webdo.tn\\\/fr\\\/wp-content\\\/uploads\\\/2025\\\/06\\\/Webdo-Tunisie_168377.jpg\",\"width\":301,\"height\":301,\"caption\":\"Webdo\"},\"image\":{\"@id\":\"https:\\\/\\\/www.webdo.tn\\\/fr\\\/#\\\/schema\\\/logo\\\/image\\\/\"},\"sameAs\":[\"https:\\\/\\\/www.facebook.com\\\/webdotn\",\"https:\\\/\\\/x.com\\\/webdo_tn\"],\"description\":\"Webdo est un m\u00e9dia num\u00e9rique tunisien fond\u00e9 en 2010, sp\u00e9cialis\u00e9 dans l\u2019actualit\u00e9 nationale et internationale, l\u2019\u00e9conomie, la soci\u00e9t\u00e9 et les analyses politiques. Le site s\u2019adresse \u00e0 un large public francophone et couvre l\u2019information tunisienne en temps r\u00e9el.\",\"email\":\"redac@webdo.tn\",\"legalName\":\"YNJ SARL\",\"foundingDate\":\"2010-09-06\",\"numberOfEmployees\":{\"@type\":\"QuantitativeValue\",\"minValue\":\"11\",\"maxValue\":\"50\"}},{\"@type\":\"Person\",\"@id\":\"https:\\\/\\\/www.webdo.tn\\\/fr\\\/#\\\/schema\\\/person\\\/f16bf91e3b3c6347371884777659f9d8\",\"name\":\"WB\",\"image\":{\"@type\":\"ImageObject\",\"inLanguage\":\"fr-FR\",\"@id\":\"https:\\\/\\\/secure.gravatar.com\\\/avatar\\\/fd3caf00dbfd4b6d6ce43e8ea4748ed2e4d0fae2c3a87c1e2f6ba0a54c3ab5cb?s=96&d=mm&r=g\",\"url\":\"https:\\\/\\\/secure.gravatar.com\\\/avatar\\\/fd3caf00dbfd4b6d6ce43e8ea4748ed2e4d0fae2c3a87c1e2f6ba0a54c3ab5cb?s=96&d=mm&r=g\",\"contentUrl\":\"https:\\\/\\\/secure.gravatar.com\\\/avatar\\\/fd3caf00dbfd4b6d6ce43e8ea4748ed2e4d0fae2c3a87c1e2f6ba0a54c3ab5cb?s=96&d=mm&r=g\",\"caption\":\"WB\"},\"url\":\"https:\\\/\\\/www.webdo.tn\\\/fr\\\/actualite\\\/author\\\/wb\\\/\"}]}<\/script>\n<!-- \/ Yoast SEO Premium plugin. -->","yoast_head_json":{"title":"La d\u00e9tention de Hattab Ben Othmen prolong\u00e9e de quatre mois","description":"le juge d'instruction aupr\u00e8s du P\u00f4le judiciaire anti-terrorisme a d\u00e9cid\u00e9 de prolonger la d\u00e9tention de Hattab Ben Othmane, sur fond d\u2019affaire terroriste.","canonical":"https:\/\/www.webdo.tn\/fr\/actualite\/national\/la-detention-de-hattab-ben-othmen-prolongee-de-quatre-mois\/211259\/","og_locale":"fr_FR","og_type":"article","og_title":"La d\u00e9tention de Hattab Ben Othmen prolong\u00e9e de quatre mois","og_description":"le juge d'instruction aupr\u00e8s du P\u00f4le judiciaire anti-terrorisme a d\u00e9cid\u00e9 de prolonger la d\u00e9tention de Hattab Ben Othmane, sur fond d\u2019affaire terroriste.","og_url":"https:\/\/www.webdo.tn\/fr\/actualite\/national\/la-detention-de-hattab-ben-othmen-prolongee-de-quatre-mois\/211259\/","og_site_name":"webdo","article_publisher":"https:\/\/www.facebook.com\/webdotn","article_published_time":"2024-01-02T23:06:00+00:00","article_modified_time":"2025-05-20T22:55:42+00:00","og_image":[{"width":750,"height":400,"url":"https:\/\/www.webdo.tn\/fr\/wp-content\/uploads\/2024\/01\/63bcdb90f1cb1e3f8574907224d51c82.jpg","type":"image\/jpeg"}],"author":"WB","twitter_card":"summary_large_image","twitter_creator":"@webdo_tn","twitter_site":"@webdo_tn","twitter_misc":{"\u00c9crit par":"WB"},"schema":{"@context":"https:\/\/schema.org","@graph":[{"@type":"NewsArticle","@id":"https:\/\/www.webdo.tn\/fr\/actualite\/national\/la-detention-de-hattab-ben-othmen-prolongee-de-quatre-mois\/211259\/#article","isPartOf":{"@id":"https:\/\/www.webdo.tn\/fr\/actualite\/national\/la-detention-de-hattab-ben-othmen-prolongee-de-quatre-mois\/211259\/"},"author":{"name":"WB","@id":"https:\/\/www.webdo.tn\/fr\/#\/schema\/person\/f16bf91e3b3c6347371884777659f9d8"},"headline":"La d\u00e9tention de Hattab Ben Othmen prolong\u00e9e de quatre mois","datePublished":"2024-01-02T23:06:00+00:00","dateModified":"2025-05-20T22:55:42+00:00","mainEntityOfPage":{"@id":"https:\/\/www.webdo.tn\/fr\/actualite\/national\/la-detention-de-hattab-ben-othmen-prolongee-de-quatre-mois\/211259\/"},"wordCount":100,"commentCount":0,"publisher":{"@id":"https:\/\/www.webdo.tn\/fr\/#organization"},"image":{"@id":"https:\/\/www.webdo.tn\/fr\/actualite\/national\/la-detention-de-hattab-ben-othmen-prolongee-de-quatre-mois\/211259\/#primaryimage"},"thumbnailUrl":"https:\/\/www.webdo.tn\/fr\/wp-content\/uploads\/2024\/01\/63bcdb90f1cb1e3f8574907224d51c82.jpg","keywords":["d\u00e9tention","hattab ben othmane","syndicat"],"articleSection":["National"],"inLanguage":"fr-FR"},{"@type":"WebPage","@id":"https:\/\/www.webdo.tn\/fr\/actualite\/national\/la-detention-de-hattab-ben-othmen-prolongee-de-quatre-mois\/211259\/","url":"https:\/\/www.webdo.tn\/fr\/actualite\/national\/la-detention-de-hattab-ben-othmen-prolongee-de-quatre-mois\/211259\/","name":"La d\u00e9tention de Hattab Ben Othmen prolong\u00e9e de quatre mois","isPartOf":{"@id":"https:\/\/www.webdo.tn\/fr\/#website"},"primaryImageOfPage":{"@id":"https:\/\/www.webdo.tn\/fr\/actualite\/national\/la-detention-de-hattab-ben-othmen-prolongee-de-quatre-mois\/211259\/#primaryimage"},"image":{"@id":"https:\/\/www.webdo.tn\/fr\/actualite\/national\/la-detention-de-hattab-ben-othmen-prolongee-de-quatre-mois\/211259\/#primaryimage"},"thumbnailUrl":"https:\/\/www.webdo.tn\/fr\/wp-content\/uploads\/2024\/01\/63bcdb90f1cb1e3f8574907224d51c82.jpg","datePublished":"2024-01-02T23:06:00+00:00","dateModified":"2025-05-20T22:55:42+00:00","description":"le juge d'instruction aupr\u00e8s du P\u00f4le judiciaire anti-terrorisme a d\u00e9cid\u00e9 de prolonger la d\u00e9tention de Hattab Ben Othmane, sur fond d\u2019affaire terroriste.","breadcrumb":{"@id":"https:\/\/www.webdo.tn\/fr\/actualite\/national\/la-detention-de-hattab-ben-othmen-prolongee-de-quatre-mois\/211259\/#breadcrumb"},"inLanguage":"fr-FR","potentialAction":[{"@type":"ReadAction","target":["https:\/\/www.webdo.tn\/fr\/actualite\/national\/la-detention-de-hattab-ben-othmen-prolongee-de-quatre-mois\/211259\/"]}]},{"@type":"ImageObject","inLanguage":"fr-FR","@id":"https:\/\/www.webdo.tn\/fr\/actualite\/national\/la-detention-de-hattab-ben-othmen-prolongee-de-quatre-mois\/211259\/#primaryimage","url":"https:\/\/www.webdo.tn\/fr\/wp-content\/uploads\/2024\/01\/63bcdb90f1cb1e3f8574907224d51c82.jpg","contentUrl":"https:\/\/www.webdo.tn\/fr\/wp-content\/uploads\/2024\/01\/63bcdb90f1cb1e3f8574907224d51c82.jpg","width":750,"height":400,"caption":"La d\u00e9tention de Hattab Ben Othmen prolong\u00e9e de quatre mois"},{"@type":"BreadcrumbList","@id":"https:\/\/www.webdo.tn\/fr\/actualite\/national\/la-detention-de-hattab-ben-othmen-prolongee-de-quatre-mois\/211259\/#breadcrumb","itemListElement":[{"@type":"ListItem","position":1,"name":"Accueil","item":"https:\/\/www.webdo.tn\/fr\/"},{"@type":"ListItem","position":2,"name":"La d\u00e9tention de Hattab Ben Othmen prolong\u00e9e de quatre mois"}]},{"@type":"WebSite","@id":"https:\/\/www.webdo.tn\/fr\/#website","url":"https:\/\/www.webdo.tn\/fr\/","name":"webdo","description":"Tunisie - News en Tunisie et \u00e0 l&#039;international sur Webdo.tn","publisher":{"@id":"https:\/\/www.webdo.tn\/fr\/#organization"},"potentialAction":[{"@type":"SearchAction","target":{"@type":"EntryPoint","urlTemplate":"https:\/\/www.webdo.tn\/fr\/?s={search_term_string}"},"query-input":{"@type":"PropertyValueSpecification","valueRequired":true,"valueName":"search_term_string"}}],"inLanguage":"fr-FR"},{"@type":"Organization","@id":"https:\/\/www.webdo.tn\/fr\/#organization","name":"Webdo","alternateName":"Webdo.tn","url":"https:\/\/www.webdo.tn\/fr\/","logo":{"@type":"ImageObject","inLanguage":"fr-FR","@id":"https:\/\/www.webdo.tn\/fr\/#\/schema\/logo\/image\/","url":"https:\/\/www.webdo.tn\/fr\/wp-content\/uploads\/2025\/06\/Webdo-Tunisie_168377.jpg","contentUrl":"https:\/\/www.webdo.tn\/fr\/wp-content\/uploads\/2025\/06\/Webdo-Tunisie_168377.jpg","width":301,"height":301,"caption":"Webdo"},"image":{"@id":"https:\/\/www.webdo.tn\/fr\/#\/schema\/logo\/image\/"},"sameAs":["https:\/\/www.facebook.com\/webdotn","https:\/\/x.com\/webdo_tn"],"description":"Webdo est un m\u00e9dia num\u00e9rique tunisien fond\u00e9 en 2010, sp\u00e9cialis\u00e9 dans l\u2019actualit\u00e9 nationale et internationale, l\u2019\u00e9conomie, la soci\u00e9t\u00e9 et les analyses politiques. Le site s\u2019adresse \u00e0 un large public francophone et couvre l\u2019information tunisienne en temps r\u00e9el.","email":"redac@webdo.tn","legalName":"YNJ SARL","foundingDate":"2010-09-06","numberOfEmployees":{"@type":"QuantitativeValue","minValue":"11","maxValue":"50"}},{"@type":"Person","@id":"https:\/\/www.webdo.tn\/fr\/#\/schema\/person\/f16bf91e3b3c6347371884777659f9d8","name":"WB","image":{"@type":"ImageObject","inLanguage":"fr-FR","@id":"https:\/\/secure.gravatar.com\/avatar\/fd3caf00dbfd4b6d6ce43e8ea4748ed2e4d0fae2c3a87c1e2f6ba0a54c3ab5cb?s=96&d=mm&r=g","url":"https:\/\/secure.gravatar.com\/avatar\/fd3caf00dbfd4b6d6ce43e8ea4748ed2e4d0fae2c3a87c1e2f6ba0a54c3ab5cb?s=96&d=mm&r=g","contentUrl":"https:\/\/secure.gravatar.com\/avatar\/fd3caf00dbfd4b6d6ce43e8ea4748ed2e4d0fae2c3a87c1e2f6ba0a54c3ab5cb?s=96&d=mm&r=g","caption":"WB"},"url":"https:\/\/www.webdo.tn\/fr\/actualite\/author\/wb\/"}]}},"_links":{"self":[{"href":"https:\/\/www.webdo.tn\/fr\/wp-json\/wp\/v2\/posts\/211259","targetHints":{"allow":["GET"]}}],"collection":[{"href":"https:\/\/www.webdo.tn\/fr\/wp-json\/wp\/v2\/posts"}],"about":[{"href":"https:\/\/www.webdo.tn\/fr\/wp-json\/wp\/v2\/types\/post"}],"author":[{"embeddable":true,"href":"https:\/\/www.webdo.tn\/fr\/wp-json\/wp\/v2\/users\/3182"}],"replies":[{"embeddable":true,"href":"https:\/\/www.webdo.tn\/fr\/wp-json\/wp\/v2\/comments?post=211259"}],"version-history":[{"count":0,"href":"https:\/\/www.webdo.tn\/fr\/wp-json\/wp\/v2\/posts\/211259\/revisions"}],"wp:featuredmedia":[{"embeddable":true,"href":"https:\/\/www.webdo.tn\/fr\/wp-json\/wp\/v2\/media\/248343"}],"wp:attachment":[{"href":"https:\/\/www.webdo.tn\/fr\/wp-json\/wp\/v2\/media?parent=211259"}],"wp:term":[{"taxonomy":"category","embeddable":true,"href":"https:\/\/www.webdo.tn\/fr\/wp-json\/wp\/v2\/categories?post=211259"},{"taxonomy":"post_tag","embeddable":true,"href":"https:\/\/www.webdo.tn\/fr\/wp-json\/wp\/v2\/tags?post=211259"}],"curies":[{"name":"wp","href":"https:\/\/api.w.org\/{rel}","templated":true}]}}