{"id":211240,"date":"2024-01-02T12:37:00","date_gmt":"2024-01-02T12:37:00","guid":{"rendered":"https:\/\/www.webdo.tn\/fr\/blog\/ma-selection-cinema-2023-emotions-et-decouvertes\/211240\/"},"modified":"2025-05-21T08:57:19","modified_gmt":"2025-05-21T08:57:19","slug":"ma-selection-cinema-2023-emotions-et-decouvertes","status":"publish","type":"post","link":"https:\/\/www.webdo.tn\/fr\/actualite\/culture\/ma-selection-cinema-2023-emotions-et-decouvertes\/211240\/","title":{"rendered":"Ma S\u00e9lection Cin\u00e9ma 2023 : \u00c9motions et D\u00e9couvertes"},"content":{"rendered":"<div class=\"single-body entry-content typography-copy\" itemprop=\"articleBody\">\n<p style=\"font-weight: bold; text-align: justify\">\n\t\t\t\t\t\t\t\t\tEn ce d\u00e9but d&rsquo;ann\u00e9e 2024, je me permets de plonger dans mes souvenirs cin\u00e9matographiques de l&rsquo;ann\u00e9e pass\u00e9e, parsem\u00e9e d&rsquo;une myriade d&rsquo;\u00e9motions et de d\u00e9couvertes. Parmi les 420 films et s\u00e9ries que j&rsquo;ai eu le privil\u00e8ge de visionner, certains se d\u00e9marquent de mani\u00e8re exceptionnelle, \u00e9clipsant les autres par leur qualit\u00e9 artistique et narrative. Voici, sans ordre particulier, ma s\u00e9lection personnelle de joyaux cin\u00e9matographiques de l&rsquo;ann\u00e9e 2023.\n\t\t\t\t\t\t\t\t<\/p>\n<div class=\"coprs\" style=\"text-align: center\"><\/div>\n<div class=\"coprs\" style=\"text-align: justify\">\n<p><span><span><strong><em><a href=\"https:\/\/www.webdo.tn\/fr\/actualite\/culture\/cannes-2023-the-zone-of-interest-une-immersion-troublante-dans-l-univers-domestique-nazi-d-auschwitz\/206264\">La zone d&rsquo;int\u00e9r\u00eat (2023) \u2013 GB, r\u00e9alis\u00e9 par Jonathan Glazer.<\/a><\/em><\/strong><\/span><\/span><\/p>\n<p><span><span>Ce film, <a href=\"https:\/\/www.webdo.tn\/fr\/actualite\/culture\/cannes-2023-palmares-palme-d-or-anatomie-d-une-chute\/206119\">r\u00e9cipiendaire du Grand Prix au Festival de Cannes 2023<\/a> et shortlist\u00e9 pour l&rsquo;Oscar 2024 du Meilleur Film International, plonge dans l&rsquo;univers du commandant d&rsquo;Auschwitz, Rudolf H\u00f6ss, et de sa femme Hedwig. L&rsquo;histoire, situ\u00e9e dans une maison \u00e0 c\u00f4t\u00e9 du camp, explore la tentative de construire une vie normale dans un contexte extraordinaire et raconte l\u2019horreur des camps sans jamais les montrer. <\/span><\/span><\/p>\n<p><img decoding=\"async\" alt=\"\" height=\"682\" src=\"\/assets\/uploads\/images\/\/Neila\/Liste%202023%20The%20zone%20of%20interest.jpg\" width=\"526\"><\/p>\n<p>\u00a0<\/p>\n<p><span><span><strong><em>Everything Everywhere All at Once<\/em><\/strong> (2022) \u2013 USA, r\u00e9alis\u00e9 par Daniel Scheinert et Daniel Kwan.<\/span><\/span><\/p>\n<p><span><span><a href=\"https:\/\/www.webdo.tn\/fr\/actualite\/culture\/oscars-2023-le-triomphe-de-everything-everywhere-all-at-once\/203879\">Portant les lauriers de 7 Oscars en 2023,<\/a> ce film transporte Evelyn Wang \u00e0 travers le multivers, offrant une r\u00e9flexion poignante sur les choix de vie, les relations familiales et le destin. Face \u00e0 des forces obscures, Evelyn se retrouve \u00e0 la crois\u00e9e des mondes, devant sauver le monde tout en pr\u00e9servant l&rsquo;essence m\u00eame de sa vie : sa famille.<\/span><\/span><\/p>\n<p><img decoding=\"async\" alt=\"\" height=\"751\" src=\"\/assets\/uploads\/images\/\/Neila\/Everything%20Everywhere%20all%20at%20once.jpeg\" width=\"519\"><\/p>\n<p>\u00a0<\/p>\n<p><span><span><strong><em>Les Banshees d&rsquo;Inisherin<\/em><\/strong> (2022) \u2013 Irlande, r\u00e9alis\u00e9 par Martin McDonagh.<\/span><\/span><\/p>\n<p><span><span>Nomm\u00e9 pour 9 Oscars en 2023, ce film irlandais explore la complexit\u00e9 des relations humaines sur l&rsquo;\u00eele isol\u00e9e d&rsquo;Inisherin. Alors que l&rsquo;amiti\u00e9 entre Padraic et Colm s&rsquo;effrite, les r\u00e9percussions sont d\u00e9chirantes, mettant en lumi\u00e8re les dynamiques sociales et \u00e9motionnelles dans un contexte isol\u00e9.<\/span><\/span><\/p>\n<p><img decoding=\"async\" alt=\"\" height=\"746\" src=\"\/assets\/uploads\/images\/\/Neila\/Les%20Banshees.jpeg\" width=\"548\"><\/p>\n<p>\u00a0<\/p>\n<p><span><span><strong><em><a href=\"https:\/\/www.webdo.tn\/fr\/actualite\/culture\/cannes-2023\/206056\">L&rsquo;enl\u00e8vement\/Rapito (2023) \u2013 Italie, r\u00e9alis\u00e9 par Marco Bellocchio.<\/a><\/em><\/strong><\/span><\/span><\/p>\n<p><span><span>En comp\u00e9tition officielle \u00e0 Cannes 2023, ce film plonge dans une page sombre de l&rsquo;histoire italienne du XIXe si\u00e8cle. Bas\u00e9 sur des faits r\u00e9els, il raconte l&rsquo;histoire d\u00e9chirante de l&rsquo;enl\u00e8vement par l\u2019Eglise, d&rsquo;Edgardo, un enfant juif, pris au centre d&rsquo;une lutte politique et religieuse intense.<\/span><\/span><\/p>\n<p><img decoding=\"async\" alt=\"\" height=\"739\" src=\"\/assets\/uploads\/images\/\/Neila\/Liste%202023%20L'enle%CC%80vement.jpeg\" width=\"554\"><\/p>\n<p>\u00a0<\/p>\n<p><span><span><strong><em><a href=\"https:\/\/www.webdo.tn\/fr\/actualite\/culture\/cannes-2023\/206097\">Les filles d&rsquo;Olfa (2023) \u2013 Tunisie, r\u00e9alis\u00e9 par Kaouther Ben Hania.<\/a><\/em><\/strong><\/span><\/span><\/p>\n<p><span><span><a href=\"https:\/\/www.webdo.tn\/fr\/actualite\/culture\/cannes-2023-quatre-prix-pour-les-filles-d-olfa-de-kaouther-ben-hania\/206114\">R\u00e9coltant 4 prix \u00e0 Cannes<\/a> et figurant sur <a href=\"https:\/\/www.webdo.tn\/fr\/actualite\/culture\/les-filles-d-olfa-cap-sur-les-oscars-2024\/211044\">la shortlist des Oscars 2024, dans la cat\u00e9gorie Meilleur film international et Meilleur documentaire<\/a>, ce film tunisien oscille entre lumi\u00e8re et t\u00e9n\u00e8bres. Olfa, m\u00e8re de quatre filles, se retrouve confront\u00e9e \u00e0 la disparition soudaine de ses deux a\u00een\u00e9es. Le film d\u00e9voile une exploration poignante des aspirations individuelles, des tensions familiales et des dynamiques soci\u00e9tales, offrant une perspective nuanc\u00e9e sur les complexit\u00e9s de la vie.<\/span><\/span><\/p>\n<p><img decoding=\"async\" alt=\"\" height=\"857\" src=\"\/assets\/uploads\/images\/\/Neila\/Liste%202023%20Les%20filles%20d'Olfa.jpeg\" width=\"600\"><\/p>\n<p>\u00a0<\/p>\n<p><span><span><strong><em><a href=\"https:\/\/www.webdo.tn\/fr\/actualite\/culture\/cannes-2023\/206021\">Inchallah un fils (2023) \u2013 Jordanie, r\u00e9alis\u00e9 par Amjad Al Rasheed.<\/a><\/em><\/strong><\/span><\/span><\/p>\n<p><span><span>S\u00e9lectionn\u00e9 \u00e0 la semaine de la critique \u00e0 Cannes 2023 et r\u00e9cipiendaire du Prix de la distribution, ce film jordanien explore les luttes de Nawal apr\u00e8s la mort de son mari. La narration contemporaine dans une r\u00e9gion du monde o\u00f9 l&rsquo;h\u00e9ritage d&rsquo;un fils change tout met en lumi\u00e8re les enjeux familiaux et sociaux.<\/span><\/span><\/p>\n<p><img decoding=\"async\" alt=\"\" height=\"542\" src=\"\/assets\/uploads\/images\/\/Neila\/inshallah%20walad%20gan.jpeg\" width=\"542\"><\/p>\n<p>\u00a0<\/p>\n<p><span><span><strong><em>Le temps d&rsquo;aimer<\/em><\/strong> (2023) \u2013 France, r\u00e9alis\u00e9 par Katell Quill\u00e9v\u00e9r\u00e9.<\/span><\/span><\/p>\n<p><span><span>S\u00e9lectionn\u00e9 \u00e0 Cannes en 2023, ce film fran\u00e7ais plonge dans la France de 1947. L&rsquo;histoire d&rsquo;amour entre Madeleine et Fran\u00e7ois d\u00e9voile les intrications des aspirations individuelles et des circonstances historiques.<\/span><\/span><\/p>\n<p><img decoding=\"async\" alt=\"\" height=\"656\" src=\"\/assets\/uploads\/images\/\/Neila\/Le%20temps%20d'aimer.jpeg\" width=\"492\"><\/p>\n<p>\u00a0<\/p>\n<p><span><span><strong><em>Shab, Dakheli, Divar\/Beyond the wall<\/em><\/strong> (2022) \u2013 Iran, r\u00e9alis\u00e9 par Vahid Jalilvand.<\/span><\/span><\/p>\n<p><span><span>S\u00e9lectionn\u00e9 au festival de Venise, ce film iranien explore la rencontre inattendue entre Ali, un homme aveugle, et Leila, une femme en fuite. L&rsquo;intrigue se d\u00e9roule dans l&rsquo;intimit\u00e9 d&rsquo;un appartement, r\u00e9v\u00e9lant des couches complexes de relations humaines.<\/span><\/span><\/p>\n<p><img decoding=\"async\" alt=\"\" height=\"624\" src=\"\/assets\/uploads\/images\/\/Neila\/Beyond%20the%20wall.jpeg\" width=\"499\"><\/p>\n<p>\u00a0<\/p>\n<p><span><span><strong><em>Si seulement je pouvais hiberner<\/em><\/strong> (2023) \u2013 Mongolie, r\u00e9alis\u00e9 par Zoljargal Purevdash. <\/span><\/span><\/p>\n<p><span><span>S\u00e9lectionn\u00e9 \u00e0 Un certain Regard au Festival de Cannes 2023, ce film mongol met en sc\u00e8ne Ulzii, un adolescent aux prises avec la n\u00e9cessit\u00e9 de prendre soin de sa famille et son r\u00eave d&rsquo;\u00e9tudes. Une exploration touchante des d\u00e9fis de la vie quotidienne dans un contexte difficile. <\/span><\/span><\/p>\n<p><img decoding=\"async\" alt=\"\" height=\"643\" src=\"\/assets\/uploads\/images\/\/Neila\/Si%20seulement%20je%20pouvais%20hiberner.jpeg\" width=\"482\"><\/p>\n<p>\u00a0<\/p>\n<p><span><span><strong><em><a href=\"https:\/\/www.webdo.tn\/fr\/actualite\/culture\/cannes-2023-terrestrial-verses-le-totalitarisme-du-pouvoir-iranien\/206031\">Terrestrial verses\/Chroniques de T\u00e9h\u00e9ran (2023) \u2013 Iran, r\u00e9alis\u00e9 par Ali Asgari et Alireza Khatami.<\/a><\/em><\/strong><\/span><\/span><\/p>\n<p><span><span>S\u00e9lectionn\u00e9 \u00e0 Un certain Regard \u00e0 Cannes 2023, ce film propose neuf instantan\u00e9s de la vie quotidienne \u00e0 T\u00e9h\u00e9ran. \u00c0 travers ces vignettes, les r\u00e9alisateurs capturent la complexit\u00e9 et la richesse des existences ordinaires dans cette m\u00e9tropole vibrante.<\/span><\/span><\/p>\n<p><img decoding=\"async\" alt=\"\" height=\"705\" src=\"\/assets\/uploads\/images\/\/Neila\/tERRESTRIAL%20VERSES.jpg\" width=\"502\"><\/p>\n<p>\u00a0<\/p>\n<p><span><span><strong><em>Les feuilles mortes<\/em><\/strong> (2023) \u2013 Finlande, r\u00e9alis\u00e9 par Aki Kaurismaki.<\/span><\/span><\/p>\n<p><span><span><a href=\"https:\/\/www.webdo.tn\/fr\/actualite\/culture\/cannes-2023-palmares-palme-d-or-anatomie-d-une-chute\/206119\">R\u00e9compens\u00e9 du Prix du Jury \u00e0 la comp\u00e9tition officielle de Cannes 2023<\/a> et shortlist\u00e9 pour l\u2019Oscars 2024 du meilleur film international, ce film finlandais nous transporte dans une qu\u00eate romantique. Deux \u00e2mes solitaires cherchent l&rsquo;amour dans la froideur de Helsinki, traversant des obstacles \u00e0 la recherche du bonheur.<\/span><\/span><\/p>\n<p><img decoding=\"async\" alt=\"\" height=\"704\" src=\"\/assets\/uploads\/images\/\/Neila\/Liste%202023%20Les%20feuilles%20mortes.jpeg\" width=\"518\"><\/p>\n<p>\u00a0<\/p>\n<p><span><span><strong><em>The Quiet Girl<\/em><\/strong> (2022) \u2013 Irlande, r\u00e9alis\u00e9 par Colm Bair\u00e9ad.<\/span><\/span><\/p>\n<p><span><span>Nomm\u00e9 pour l&rsquo;Oscar 2023 du Meilleur film International, ce film irlandais des ann\u00e9es 1981 plonge dans l&rsquo;histoire de C\u00e1it, une jeune fille n\u00e9glig\u00e9e par sa famille, cherchant refuge dans une maison en apparence ordinaire. <\/span><\/span><\/p>\n<p><img decoding=\"async\" alt=\"\" height=\"1200\" src=\"\/assets\/uploads\/images\/\/Neila\/The%20Quiet%20Girl.jpeg\" width=\"812\"><\/p>\n<p>\u00a0<\/p>\n<p><span><span><strong><em><a href=\"https:\/\/www.webdo.tn\/fr\/actualite\/culture\/triomphe-de-gangubai-kathiawadi-aux-filmfare-awards-la-mafia-queen-indienne-qui-a-bouleverse-le-destin-des-prostituees-remporte-10-prix\/205250\">Gangubai Kathiawadi (2022) \u2013 Inde, r\u00e9alis\u00e9 par Sanjay Leela Bhansali.<\/a><\/em><\/strong><\/span><\/span><\/p>\n<p><span><span>C\u00e9l\u00e9brant l&rsquo;ascension de Ganga, une travailleuse du sexe, vers la notori\u00e9t\u00e9 malgr\u00e9 des d\u00e9buts tragiques, ce film indien s&rsquo;inscrit comme un hymne \u00e0 la r\u00e9silience. Les contours d&rsquo;une vie transform\u00e9e par les circonstances impitoyables de la soci\u00e9t\u00e9 sont m\u00e9ticuleusement dessin\u00e9s.<\/span><\/span><\/p>\n<p><img decoding=\"async\" alt=\"\" height=\"673\" src=\"\/assets\/uploads\/images\/\/Neila\/Gangubai%20Affiche.jpeg\" width=\"1080\"><\/p>\n<p>\u00a0<\/p>\n<p><span><span><strong><em><a href=\"https:\/\/www.webdo.tn\/fr\/actualite\/culture\/cannes-2023-anatomie-d-une-chute-une-exploration-complexe-des-relations-humaines-sous-le-prisme-judiciaire\/206187\">Anatomie d&rsquo;une chute (2023) \u2013 France, r\u00e9alis\u00e9 par Justine Triet.<\/a><\/em><\/strong><\/span><\/span><\/p>\n<p><span><span><a href=\"https:\/\/www.webdo.tn\/fr\/actualite\/culture\/cannes-2023-palmares-palme-d-or-anatomie-d-une-chute\/206119\">La Palme d&rsquo;Or \u00e0 Cannes en 2023<\/a> offre une immersion profonde dans l&rsquo;histoire de Sandra, accus\u00e9e de la mort suspecte de son mari. Un r\u00e9cit complexe qui d\u00e9construit les \u00e9l\u00e9ments d&rsquo;un couple apparemment ordinaire.<\/span><\/span><\/p>\n<p><img decoding=\"async\" alt=\"\" height=\"1000\" src=\"\/assets\/uploads\/images\/\/Neila\/Liste%202023%20Anatomie%20d'une%20chute.jpeg\" width=\"692\"><\/p>\n<p>\u00a0<\/p>\n<p><span><span><strong><em><a href=\"https:\/\/www.facebook.com\/massir.destiniii\/posts\/pfbid02Ck6YnnkNsQApMaVMRc852521SjrMhthof9VegWbnhe8R7yqirAbjqdioJjnGaY9bl\">Laal Singh Chaddha (2022) \u2013 Inde, r\u00e9alis\u00e9 par Advait Chandan<\/a><\/em><\/strong>.<\/span><\/span><\/p>\n<p><span><span>Magnifique remake de <em>Forrest Gump<\/em> (1994), ce film indien offre une perspective unique sur la vie de Laal, touchant au c\u0153ur les personnes qu&rsquo;il croise sur son chemin. Une odyss\u00e9e humaine qui rappelle que chacun porte en lui une histoire unique, m\u00eame les individus les plus singuliers.<\/span><\/span><\/p>\n<p><img decoding=\"async\" alt=\"\" height=\"1200\" src=\"\/assets\/uploads\/images\/\/Neila\/Laal%20Singh%20Chaddha.jpeg\" width=\"900\"><\/p>\n<p>\u00a0<\/p>\n<p><span><span>Chacun de ces films, issu de divers coins du monde, transcende les barri\u00e8res culturelles pour offrir une exp\u00e9rience cin\u00e9matographique universelle. Des sujets poignants, des performances exceptionnelles et une r\u00e9alisation impeccable les ont propuls\u00e9s sur la sc\u00e8ne mondiale.\u00a0Neuf de ces films ont \u00e9t\u00e9 s\u00e9lectionn\u00e9 dans le plus grand festival de cin\u00e9ma au monde, \u00e0 savoir le festival de Cannes, certains d\u2019entre eux y ont m\u00eame remport\u00e9 des prix. Six films ont \u00e9t\u00e9 soit shortlist\u00e9s, soit m\u00eame nomm\u00e9s pour les oscars, et parfois dans plusieurs cat\u00e9gories et un film a m\u00eame remport\u00e9 7 oscars en 2023. <\/span><\/span><\/p>\n<p><span><span>Cette s\u00e9lection met en lumi\u00e8re la richesse de la diversit\u00e9, \u00e0 la fois culturelle et narrative, illustrant la capacit\u00e9 du cin\u00e9ma \u00e0 servir de miroir refl\u00e9tant les multiples facettes de l&rsquo;exp\u00e9rience humaine. Chaque film, avec sa propre empreinte, contribue \u00e0 fa\u00e7onner la palette cin\u00e9matographique mondiale, \u00e9largissant notre compr\u00e9hension et enrichissant notre appr\u00e9ciation de l&rsquo;art cin\u00e9matographique. <\/span><\/span><\/p>\n<p><span><span>En explorant ces films, on d\u00e9couvre non seulement des histoires int\u00e9ressantes, mais on se plonge \u00e9galement dans les vies des gens partout dans le monde. Les th\u00e8mes universels sont pr\u00e9sent\u00e9s de mani\u00e8re \u00e0 toucher les gens de diff\u00e9rentes cultures, offrant une profondeur qui va au-del\u00e0 des fronti\u00e8res g\u00e9ographiques. Chaque sc\u00e8ne, chaque conversation, nous donne un aper\u00e7u d&rsquo;une r\u00e9alit\u00e9 diff\u00e9rente, une vision unique qui nous aide \u00e0 mieux comprendre notre monde.<\/span><\/span><\/p>\n<p><span><span>En c\u00e9l\u00e9brant cette diversit\u00e9 cin\u00e9matographique, on c\u00e9l\u00e8bre la richesse de nos vies \u00e0 travers le prisme magique du cin\u00e9ma. Chaque film devient une lumi\u00e8re brillante dans le ciel du cin\u00e9ma mondial, contribuant \u00e0 une exp\u00e9rience partag\u00e9e qui rassemble les gens, malgr\u00e9 leurs diff\u00e9rences, pour appr\u00e9cier la beaut\u00e9 et la complexit\u00e9 de la vie.<\/span><\/span><\/p>\n<p><span><span><strong>Ne\u00efla Driss<\/strong><\/span><\/span><\/p>\n<p>\u00a0<\/p>\n<\/p><\/div>\n<div class=\"coprs\" style=\"text-align: center\"><\/div><\/div>\n","protected":false},"excerpt":{"rendered":"<p>En ce d\u00e9but d&rsquo;ann\u00e9e 2024, je me permets de plonger dans mes souvenirs cin\u00e9matographiques de l&rsquo;ann\u00e9e pass\u00e9e, parsem\u00e9e d&rsquo;une myriade d&rsquo;\u00e9motions et de d\u00e9couvertes&#8230;.<\/p>\n","protected":false},"author":3164,"featured_media":290034,"comment_status":"open","ping_status":"closed","sticky":false,"template":"","format":"standard","meta":{"footnotes":""},"categories":[2594],"tags":[2626,7119,2655],"class_list":["post-211240","post","type-post","status-publish","format-standard","has-post-thumbnail","hentry","category-culture","tag-cinema","tag-cinema-2023","tag-film"],"yoast_head":"<!-- This site is optimized with the Yoast SEO Premium plugin v27.4 (Yoast SEO v27.4) - https:\/\/yoast.com\/product\/yoast-seo-premium-wordpress\/ -->\n<title>Ma S\u00e9lection Cin\u00e9ma 2023 : \u00c9motions et D\u00e9couvertes<\/title>\n<meta name=\"description\" content=\"En ce d\u00e9but d&#039;ann\u00e9e 2024, je me permets de plonger dans mes souvenirs cin\u00e9matographiques de l&#039;ann\u00e9e pass\u00e9e, parsem\u00e9e d&#039;une myriade d&#039;\u00e9motions et de d\u00e9couvertes....\" \/>\n<link rel=\"canonical\" href=\"https:\/\/www.webdo.tn\/fr\/actualite\/culture\/ma-selection-cinema-2023-emotions-et-decouvertes\/211240\/\" \/>\n<meta property=\"og:locale\" content=\"fr_FR\" \/>\n<meta property=\"og:type\" content=\"article\" \/>\n<meta property=\"og:title\" content=\"Ma S\u00e9lection Cin\u00e9ma 2023 : \u00c9motions et D\u00e9couvertes\" \/>\n<meta property=\"og:description\" content=\"En ce d\u00e9but d&#039;ann\u00e9e 2024, je me permets de plonger dans mes souvenirs cin\u00e9matographiques de l&#039;ann\u00e9e pass\u00e9e, parsem\u00e9e d&#039;une myriade d&#039;\u00e9motions et de d\u00e9couvertes....\" \/>\n<meta property=\"og:url\" content=\"https:\/\/www.webdo.tn\/fr\/actualite\/culture\/ma-selection-cinema-2023-emotions-et-decouvertes\/211240\/\" \/>\n<meta property=\"og:site_name\" content=\"webdo\" \/>\n<meta property=\"article:publisher\" content=\"https:\/\/www.facebook.com\/webdotn\" \/>\n<meta property=\"article:author\" content=\"https:\/\/www.facebook.com\/massir.destiniii\/\" \/>\n<meta property=\"article:published_time\" content=\"2024-01-02T12:37:00+00:00\" \/>\n<meta property=\"article:modified_time\" content=\"2025-05-21T08:57:19+00:00\" \/>\n<meta property=\"og:image\" content=\"https:\/\/www.webdo.tn\/fr\/wp-content\/uploads\/2024\/01\/e580878d3424ac7d9c41e1ee86b711e0.jpg\" \/>\n\t<meta property=\"og:image:width\" content=\"750\" \/>\n\t<meta property=\"og:image:height\" content=\"400\" \/>\n\t<meta property=\"og:image:type\" content=\"image\/jpeg\" \/>\n<meta name=\"author\" content=\"Ne\u00efla DRISS\" \/>\n<meta name=\"twitter:card\" content=\"summary_large_image\" \/>\n<meta name=\"twitter:creator\" content=\"@https:\/\/x.com\/MassirDestin\" \/>\n<meta name=\"twitter:site\" content=\"@webdo_tn\" \/>\n<meta name=\"twitter:label1\" content=\"\u00c9crit par\" \/>\n\t<meta name=\"twitter:data1\" content=\"Ne\u00efla DRISS\" \/>\n\t<meta name=\"twitter:label2\" content=\"Dur\u00e9e de lecture estim\u00e9e\" \/>\n\t<meta name=\"twitter:data2\" content=\"6 minutes\" \/>\n<script type=\"application\/ld+json\" class=\"yoast-schema-graph\">{\"@context\":\"https:\\\/\\\/schema.org\",\"@graph\":[{\"@type\":\"NewsArticle\",\"@id\":\"https:\\\/\\\/www.webdo.tn\\\/fr\\\/actualite\\\/culture\\\/ma-selection-cinema-2023-emotions-et-decouvertes\\\/211240\\\/#article\",\"isPartOf\":{\"@id\":\"https:\\\/\\\/www.webdo.tn\\\/fr\\\/actualite\\\/culture\\\/ma-selection-cinema-2023-emotions-et-decouvertes\\\/211240\\\/\"},\"author\":{\"name\":\"Ne\u00efla DRISS\",\"@id\":\"https:\\\/\\\/www.webdo.tn\\\/fr\\\/#\\\/schema\\\/person\\\/60d5ba619ed3f58783b0dc82b7dada80\"},\"headline\":\"Ma S\u00e9lection Cin\u00e9ma 2023 : \u00c9motions et D\u00e9couvertes\",\"datePublished\":\"2024-01-02T12:37:00+00:00\",\"dateModified\":\"2025-05-21T08:57:19+00:00\",\"mainEntityOfPage\":{\"@id\":\"https:\\\/\\\/www.webdo.tn\\\/fr\\\/actualite\\\/culture\\\/ma-selection-cinema-2023-emotions-et-decouvertes\\\/211240\\\/\"},\"wordCount\":1339,\"commentCount\":0,\"publisher\":{\"@id\":\"https:\\\/\\\/www.webdo.tn\\\/fr\\\/#organization\"},\"image\":{\"@id\":\"https:\\\/\\\/www.webdo.tn\\\/fr\\\/actualite\\\/culture\\\/ma-selection-cinema-2023-emotions-et-decouvertes\\\/211240\\\/#primaryimage\"},\"thumbnailUrl\":\"https:\\\/\\\/www.webdo.tn\\\/fr\\\/wp-content\\\/uploads\\\/2024\\\/01\\\/e580878d3424ac7d9c41e1ee86b711e0.jpg\",\"keywords\":[\"Cin\u00e9ma\",\"Cin\u00e9ma 2023\",\"Film\"],\"articleSection\":[\"Culture\"],\"inLanguage\":\"fr-FR\"},{\"@type\":\"WebPage\",\"@id\":\"https:\\\/\\\/www.webdo.tn\\\/fr\\\/actualite\\\/culture\\\/ma-selection-cinema-2023-emotions-et-decouvertes\\\/211240\\\/\",\"url\":\"https:\\\/\\\/www.webdo.tn\\\/fr\\\/actualite\\\/culture\\\/ma-selection-cinema-2023-emotions-et-decouvertes\\\/211240\\\/\",\"name\":\"Ma S\u00e9lection Cin\u00e9ma 2023 : \u00c9motions et D\u00e9couvertes\",\"isPartOf\":{\"@id\":\"https:\\\/\\\/www.webdo.tn\\\/fr\\\/#website\"},\"primaryImageOfPage\":{\"@id\":\"https:\\\/\\\/www.webdo.tn\\\/fr\\\/actualite\\\/culture\\\/ma-selection-cinema-2023-emotions-et-decouvertes\\\/211240\\\/#primaryimage\"},\"image\":{\"@id\":\"https:\\\/\\\/www.webdo.tn\\\/fr\\\/actualite\\\/culture\\\/ma-selection-cinema-2023-emotions-et-decouvertes\\\/211240\\\/#primaryimage\"},\"thumbnailUrl\":\"https:\\\/\\\/www.webdo.tn\\\/fr\\\/wp-content\\\/uploads\\\/2024\\\/01\\\/e580878d3424ac7d9c41e1ee86b711e0.jpg\",\"datePublished\":\"2024-01-02T12:37:00+00:00\",\"dateModified\":\"2025-05-21T08:57:19+00:00\",\"description\":\"En ce d\u00e9but d'ann\u00e9e 2024, je me permets de plonger dans mes souvenirs cin\u00e9matographiques de l'ann\u00e9e pass\u00e9e, parsem\u00e9e d'une myriade d'\u00e9motions et de d\u00e9couvertes....\",\"breadcrumb\":{\"@id\":\"https:\\\/\\\/www.webdo.tn\\\/fr\\\/actualite\\\/culture\\\/ma-selection-cinema-2023-emotions-et-decouvertes\\\/211240\\\/#breadcrumb\"},\"inLanguage\":\"fr-FR\",\"potentialAction\":[{\"@type\":\"ReadAction\",\"target\":[\"https:\\\/\\\/www.webdo.tn\\\/fr\\\/actualite\\\/culture\\\/ma-selection-cinema-2023-emotions-et-decouvertes\\\/211240\\\/\"]}]},{\"@type\":\"ImageObject\",\"inLanguage\":\"fr-FR\",\"@id\":\"https:\\\/\\\/www.webdo.tn\\\/fr\\\/actualite\\\/culture\\\/ma-selection-cinema-2023-emotions-et-decouvertes\\\/211240\\\/#primaryimage\",\"url\":\"https:\\\/\\\/www.webdo.tn\\\/fr\\\/wp-content\\\/uploads\\\/2024\\\/01\\\/e580878d3424ac7d9c41e1ee86b711e0.jpg\",\"contentUrl\":\"https:\\\/\\\/www.webdo.tn\\\/fr\\\/wp-content\\\/uploads\\\/2024\\\/01\\\/e580878d3424ac7d9c41e1ee86b711e0.jpg\",\"width\":750,\"height\":400,\"caption\":\"Ma S\u00e9lection Cin\u00e9ma 2023 : \u00c9motions et D\u00e9couvertes\"},{\"@type\":\"BreadcrumbList\",\"@id\":\"https:\\\/\\\/www.webdo.tn\\\/fr\\\/actualite\\\/culture\\\/ma-selection-cinema-2023-emotions-et-decouvertes\\\/211240\\\/#breadcrumb\",\"itemListElement\":[{\"@type\":\"ListItem\",\"position\":1,\"name\":\"Accueil\",\"item\":\"https:\\\/\\\/www.webdo.tn\\\/fr\\\/\"},{\"@type\":\"ListItem\",\"position\":2,\"name\":\"Ma S\u00e9lection Cin\u00e9ma 2023 : \u00c9motions et D\u00e9couvertes\"}]},{\"@type\":\"WebSite\",\"@id\":\"https:\\\/\\\/www.webdo.tn\\\/fr\\\/#website\",\"url\":\"https:\\\/\\\/www.webdo.tn\\\/fr\\\/\",\"name\":\"webdo\",\"description\":\"Tunisie - News en Tunisie et \u00e0 l&#039;international sur Webdo.tn\",\"publisher\":{\"@id\":\"https:\\\/\\\/www.webdo.tn\\\/fr\\\/#organization\"},\"potentialAction\":[{\"@type\":\"SearchAction\",\"target\":{\"@type\":\"EntryPoint\",\"urlTemplate\":\"https:\\\/\\\/www.webdo.tn\\\/fr\\\/?s={search_term_string}\"},\"query-input\":{\"@type\":\"PropertyValueSpecification\",\"valueRequired\":true,\"valueName\":\"search_term_string\"}}],\"inLanguage\":\"fr-FR\"},{\"@type\":\"Organization\",\"@id\":\"https:\\\/\\\/www.webdo.tn\\\/fr\\\/#organization\",\"name\":\"Webdo\",\"alternateName\":\"Webdo.tn\",\"url\":\"https:\\\/\\\/www.webdo.tn\\\/fr\\\/\",\"logo\":{\"@type\":\"ImageObject\",\"inLanguage\":\"fr-FR\",\"@id\":\"https:\\\/\\\/www.webdo.tn\\\/fr\\\/#\\\/schema\\\/logo\\\/image\\\/\",\"url\":\"https:\\\/\\\/www.webdo.tn\\\/fr\\\/wp-content\\\/uploads\\\/2025\\\/06\\\/Webdo-Tunisie_168377.jpg\",\"contentUrl\":\"https:\\\/\\\/www.webdo.tn\\\/fr\\\/wp-content\\\/uploads\\\/2025\\\/06\\\/Webdo-Tunisie_168377.jpg\",\"width\":301,\"height\":301,\"caption\":\"Webdo\"},\"image\":{\"@id\":\"https:\\\/\\\/www.webdo.tn\\\/fr\\\/#\\\/schema\\\/logo\\\/image\\\/\"},\"sameAs\":[\"https:\\\/\\\/www.facebook.com\\\/webdotn\",\"https:\\\/\\\/x.com\\\/webdo_tn\"],\"description\":\"Webdo est un m\u00e9dia num\u00e9rique tunisien fond\u00e9 en 2010, sp\u00e9cialis\u00e9 dans l\u2019actualit\u00e9 nationale et internationale, l\u2019\u00e9conomie, la soci\u00e9t\u00e9 et les analyses politiques. Le site s\u2019adresse \u00e0 un large public francophone et couvre l\u2019information tunisienne en temps r\u00e9el.\",\"email\":\"redac@webdo.tn\",\"legalName\":\"YNJ SARL\",\"foundingDate\":\"2010-09-06\",\"numberOfEmployees\":{\"@type\":\"QuantitativeValue\",\"minValue\":\"11\",\"maxValue\":\"50\"}},{\"@type\":\"Person\",\"@id\":\"https:\\\/\\\/www.webdo.tn\\\/fr\\\/#\\\/schema\\\/person\\\/60d5ba619ed3f58783b0dc82b7dada80\",\"name\":\"Ne\u00efla DRISS\",\"image\":{\"@type\":\"ImageObject\",\"inLanguage\":\"fr-FR\",\"@id\":\"https:\\\/\\\/www.webdo.tn\\\/fr\\\/wp-content\\\/uploads\\\/2026\\\/04\\\/neila-driss_avatar-96x96.jpg\",\"url\":\"https:\\\/\\\/www.webdo.tn\\\/fr\\\/wp-content\\\/uploads\\\/2026\\\/04\\\/neila-driss_avatar-96x96.jpg\",\"contentUrl\":\"https:\\\/\\\/www.webdo.tn\\\/fr\\\/wp-content\\\/uploads\\\/2026\\\/04\\\/neila-driss_avatar-96x96.jpg\",\"caption\":\"Ne\u00efla DRISS\"},\"description\":\"Ne\u00efla Driss est juriste, journaliste culturelle et critique de cin\u00e9ma tunisienne. Titulaire d\u2019un DEA en droit priv\u00e9 de l\u2019Universit\u00e9 Paris II et d\u2019un DESS de l\u2019IHEC Carthage, elle d\u00e9bute sa carri\u00e8re comme juriste sp\u00e9cialis\u00e9e en gestion de patrimoine immobilier. Elle s\u2019oriente ensuite vers l\u2019\u00e9criture en ligne, o\u00f9 elle se distingue d\u00e8s 2006 aux Tunisia Blog Awards, avant de se consacrer au journalisme culturel, avec une sp\u00e9cialisation dans la critique cin\u00e9matographique. Elle couvre r\u00e9guli\u00e8rement les grands festivals internationaux, notamment le Festival de Cannes, les Journ\u00e9es Cin\u00e9matographiques de Carthage et le Festival du film du Caire. Membre de l\u2019ATPCC et de la FIPRESCI, elle participe \u00e0 des jurys et initiatives internationales de critique. Depuis 2024, elle est \u00e9lectrice internationale aux Golden Globes. Facebook : https:\\\/\\\/www.facebook.com\\\/massir.destiniii\\\/ X : https:\\\/\\\/x.com\\\/MassirDestin\",\"sameAs\":[\"https:\\\/\\\/www.facebook.com\\\/massir.destiniii\\\/\",\"https:\\\/\\\/www.instagram.com\\\/neila.driss\\\/?hl=fr\",\"https:\\\/\\\/www.linkedin.com\\\/in\\\/neila-driss-22606a80\\\/\",\"https:\\\/\\\/x.com\\\/https:\\\/\\\/x.com\\\/MassirDestin\"],\"knowsAbout\":[\"Cin\u00e9ma international\",\"critique cin\u00e9matographique\",\"festivals de cin\u00e9ma\",\"journalisme culturel\"],\"knowsLanguage\":[\"Fran\u00e7ais\",\"Arabe\",\"Anglais\"],\"jobTitle\":\"Journaliste culturelle et critique de cin\u00e9ma\",\"worksFor\":\"Webdo\",\"url\":\"https:\\\/\\\/www.webdo.tn\\\/fr\\\/actualite\\\/author\\\/neila-driss\\\/\"}]}<\/script>\n<!-- \/ Yoast SEO Premium plugin. -->","yoast_head_json":{"title":"Ma S\u00e9lection Cin\u00e9ma 2023 : \u00c9motions et D\u00e9couvertes","description":"En ce d\u00e9but d'ann\u00e9e 2024, je me permets de plonger dans mes souvenirs cin\u00e9matographiques de l'ann\u00e9e pass\u00e9e, parsem\u00e9e d'une myriade d'\u00e9motions et de d\u00e9couvertes....","canonical":"https:\/\/www.webdo.tn\/fr\/actualite\/culture\/ma-selection-cinema-2023-emotions-et-decouvertes\/211240\/","og_locale":"fr_FR","og_type":"article","og_title":"Ma S\u00e9lection Cin\u00e9ma 2023 : \u00c9motions et D\u00e9couvertes","og_description":"En ce d\u00e9but d'ann\u00e9e 2024, je me permets de plonger dans mes souvenirs cin\u00e9matographiques de l'ann\u00e9e pass\u00e9e, parsem\u00e9e d'une myriade d'\u00e9motions et de d\u00e9couvertes....","og_url":"https:\/\/www.webdo.tn\/fr\/actualite\/culture\/ma-selection-cinema-2023-emotions-et-decouvertes\/211240\/","og_site_name":"webdo","article_publisher":"https:\/\/www.facebook.com\/webdotn","article_author":"https:\/\/www.facebook.com\/massir.destiniii\/","article_published_time":"2024-01-02T12:37:00+00:00","article_modified_time":"2025-05-21T08:57:19+00:00","og_image":[{"width":750,"height":400,"url":"https:\/\/www.webdo.tn\/fr\/wp-content\/uploads\/2024\/01\/e580878d3424ac7d9c41e1ee86b711e0.jpg","type":"image\/jpeg"}],"author":"Ne\u00efla DRISS","twitter_card":"summary_large_image","twitter_creator":"@https:\/\/x.com\/MassirDestin","twitter_site":"@webdo_tn","twitter_misc":{"\u00c9crit par":"Ne\u00efla DRISS","Dur\u00e9e de lecture estim\u00e9e":"6 minutes"},"schema":{"@context":"https:\/\/schema.org","@graph":[{"@type":"NewsArticle","@id":"https:\/\/www.webdo.tn\/fr\/actualite\/culture\/ma-selection-cinema-2023-emotions-et-decouvertes\/211240\/#article","isPartOf":{"@id":"https:\/\/www.webdo.tn\/fr\/actualite\/culture\/ma-selection-cinema-2023-emotions-et-decouvertes\/211240\/"},"author":{"name":"Ne\u00efla DRISS","@id":"https:\/\/www.webdo.tn\/fr\/#\/schema\/person\/60d5ba619ed3f58783b0dc82b7dada80"},"headline":"Ma S\u00e9lection Cin\u00e9ma 2023 : \u00c9motions et D\u00e9couvertes","datePublished":"2024-01-02T12:37:00+00:00","dateModified":"2025-05-21T08:57:19+00:00","mainEntityOfPage":{"@id":"https:\/\/www.webdo.tn\/fr\/actualite\/culture\/ma-selection-cinema-2023-emotions-et-decouvertes\/211240\/"},"wordCount":1339,"commentCount":0,"publisher":{"@id":"https:\/\/www.webdo.tn\/fr\/#organization"},"image":{"@id":"https:\/\/www.webdo.tn\/fr\/actualite\/culture\/ma-selection-cinema-2023-emotions-et-decouvertes\/211240\/#primaryimage"},"thumbnailUrl":"https:\/\/www.webdo.tn\/fr\/wp-content\/uploads\/2024\/01\/e580878d3424ac7d9c41e1ee86b711e0.jpg","keywords":["Cin\u00e9ma","Cin\u00e9ma 2023","Film"],"articleSection":["Culture"],"inLanguage":"fr-FR"},{"@type":"WebPage","@id":"https:\/\/www.webdo.tn\/fr\/actualite\/culture\/ma-selection-cinema-2023-emotions-et-decouvertes\/211240\/","url":"https:\/\/www.webdo.tn\/fr\/actualite\/culture\/ma-selection-cinema-2023-emotions-et-decouvertes\/211240\/","name":"Ma S\u00e9lection Cin\u00e9ma 2023 : \u00c9motions et D\u00e9couvertes","isPartOf":{"@id":"https:\/\/www.webdo.tn\/fr\/#website"},"primaryImageOfPage":{"@id":"https:\/\/www.webdo.tn\/fr\/actualite\/culture\/ma-selection-cinema-2023-emotions-et-decouvertes\/211240\/#primaryimage"},"image":{"@id":"https:\/\/www.webdo.tn\/fr\/actualite\/culture\/ma-selection-cinema-2023-emotions-et-decouvertes\/211240\/#primaryimage"},"thumbnailUrl":"https:\/\/www.webdo.tn\/fr\/wp-content\/uploads\/2024\/01\/e580878d3424ac7d9c41e1ee86b711e0.jpg","datePublished":"2024-01-02T12:37:00+00:00","dateModified":"2025-05-21T08:57:19+00:00","description":"En ce d\u00e9but d'ann\u00e9e 2024, je me permets de plonger dans mes souvenirs cin\u00e9matographiques de l'ann\u00e9e pass\u00e9e, parsem\u00e9e d'une myriade d'\u00e9motions et de d\u00e9couvertes....","breadcrumb":{"@id":"https:\/\/www.webdo.tn\/fr\/actualite\/culture\/ma-selection-cinema-2023-emotions-et-decouvertes\/211240\/#breadcrumb"},"inLanguage":"fr-FR","potentialAction":[{"@type":"ReadAction","target":["https:\/\/www.webdo.tn\/fr\/actualite\/culture\/ma-selection-cinema-2023-emotions-et-decouvertes\/211240\/"]}]},{"@type":"ImageObject","inLanguage":"fr-FR","@id":"https:\/\/www.webdo.tn\/fr\/actualite\/culture\/ma-selection-cinema-2023-emotions-et-decouvertes\/211240\/#primaryimage","url":"https:\/\/www.webdo.tn\/fr\/wp-content\/uploads\/2024\/01\/e580878d3424ac7d9c41e1ee86b711e0.jpg","contentUrl":"https:\/\/www.webdo.tn\/fr\/wp-content\/uploads\/2024\/01\/e580878d3424ac7d9c41e1ee86b711e0.jpg","width":750,"height":400,"caption":"Ma S\u00e9lection Cin\u00e9ma 2023 : \u00c9motions et D\u00e9couvertes"},{"@type":"BreadcrumbList","@id":"https:\/\/www.webdo.tn\/fr\/actualite\/culture\/ma-selection-cinema-2023-emotions-et-decouvertes\/211240\/#breadcrumb","itemListElement":[{"@type":"ListItem","position":1,"name":"Accueil","item":"https:\/\/www.webdo.tn\/fr\/"},{"@type":"ListItem","position":2,"name":"Ma S\u00e9lection Cin\u00e9ma 2023 : \u00c9motions et D\u00e9couvertes"}]},{"@type":"WebSite","@id":"https:\/\/www.webdo.tn\/fr\/#website","url":"https:\/\/www.webdo.tn\/fr\/","name":"webdo","description":"Tunisie - News en Tunisie et \u00e0 l&#039;international sur Webdo.tn","publisher":{"@id":"https:\/\/www.webdo.tn\/fr\/#organization"},"potentialAction":[{"@type":"SearchAction","target":{"@type":"EntryPoint","urlTemplate":"https:\/\/www.webdo.tn\/fr\/?s={search_term_string}"},"query-input":{"@type":"PropertyValueSpecification","valueRequired":true,"valueName":"search_term_string"}}],"inLanguage":"fr-FR"},{"@type":"Organization","@id":"https:\/\/www.webdo.tn\/fr\/#organization","name":"Webdo","alternateName":"Webdo.tn","url":"https:\/\/www.webdo.tn\/fr\/","logo":{"@type":"ImageObject","inLanguage":"fr-FR","@id":"https:\/\/www.webdo.tn\/fr\/#\/schema\/logo\/image\/","url":"https:\/\/www.webdo.tn\/fr\/wp-content\/uploads\/2025\/06\/Webdo-Tunisie_168377.jpg","contentUrl":"https:\/\/www.webdo.tn\/fr\/wp-content\/uploads\/2025\/06\/Webdo-Tunisie_168377.jpg","width":301,"height":301,"caption":"Webdo"},"image":{"@id":"https:\/\/www.webdo.tn\/fr\/#\/schema\/logo\/image\/"},"sameAs":["https:\/\/www.facebook.com\/webdotn","https:\/\/x.com\/webdo_tn"],"description":"Webdo est un m\u00e9dia num\u00e9rique tunisien fond\u00e9 en 2010, sp\u00e9cialis\u00e9 dans l\u2019actualit\u00e9 nationale et internationale, l\u2019\u00e9conomie, la soci\u00e9t\u00e9 et les analyses politiques. Le site s\u2019adresse \u00e0 un large public francophone et couvre l\u2019information tunisienne en temps r\u00e9el.","email":"redac@webdo.tn","legalName":"YNJ SARL","foundingDate":"2010-09-06","numberOfEmployees":{"@type":"QuantitativeValue","minValue":"11","maxValue":"50"}},{"@type":"Person","@id":"https:\/\/www.webdo.tn\/fr\/#\/schema\/person\/60d5ba619ed3f58783b0dc82b7dada80","name":"Ne\u00efla DRISS","image":{"@type":"ImageObject","inLanguage":"fr-FR","@id":"https:\/\/www.webdo.tn\/fr\/wp-content\/uploads\/2026\/04\/neila-driss_avatar-96x96.jpg","url":"https:\/\/www.webdo.tn\/fr\/wp-content\/uploads\/2026\/04\/neila-driss_avatar-96x96.jpg","contentUrl":"https:\/\/www.webdo.tn\/fr\/wp-content\/uploads\/2026\/04\/neila-driss_avatar-96x96.jpg","caption":"Ne\u00efla DRISS"},"description":"Ne\u00efla Driss est juriste, journaliste culturelle et critique de cin\u00e9ma tunisienne. Titulaire d\u2019un DEA en droit priv\u00e9 de l\u2019Universit\u00e9 Paris II et d\u2019un DESS de l\u2019IHEC Carthage, elle d\u00e9bute sa carri\u00e8re comme juriste sp\u00e9cialis\u00e9e en gestion de patrimoine immobilier. Elle s\u2019oriente ensuite vers l\u2019\u00e9criture en ligne, o\u00f9 elle se distingue d\u00e8s 2006 aux Tunisia Blog Awards, avant de se consacrer au journalisme culturel, avec une sp\u00e9cialisation dans la critique cin\u00e9matographique. Elle couvre r\u00e9guli\u00e8rement les grands festivals internationaux, notamment le Festival de Cannes, les Journ\u00e9es Cin\u00e9matographiques de Carthage et le Festival du film du Caire. Membre de l\u2019ATPCC et de la FIPRESCI, elle participe \u00e0 des jurys et initiatives internationales de critique. Depuis 2024, elle est \u00e9lectrice internationale aux Golden Globes. Facebook : https:\/\/www.facebook.com\/massir.destiniii\/ X : https:\/\/x.com\/MassirDestin","sameAs":["https:\/\/www.facebook.com\/massir.destiniii\/","https:\/\/www.instagram.com\/neila.driss\/?hl=fr","https:\/\/www.linkedin.com\/in\/neila-driss-22606a80\/","https:\/\/x.com\/https:\/\/x.com\/MassirDestin"],"knowsAbout":["Cin\u00e9ma international","critique cin\u00e9matographique","festivals de cin\u00e9ma","journalisme culturel"],"knowsLanguage":["Fran\u00e7ais","Arabe","Anglais"],"jobTitle":"Journaliste culturelle et critique de cin\u00e9ma","worksFor":"Webdo","url":"https:\/\/www.webdo.tn\/fr\/actualite\/author\/neila-driss\/"}]}},"_links":{"self":[{"href":"https:\/\/www.webdo.tn\/fr\/wp-json\/wp\/v2\/posts\/211240","targetHints":{"allow":["GET"]}}],"collection":[{"href":"https:\/\/www.webdo.tn\/fr\/wp-json\/wp\/v2\/posts"}],"about":[{"href":"https:\/\/www.webdo.tn\/fr\/wp-json\/wp\/v2\/types\/post"}],"author":[{"embeddable":true,"href":"https:\/\/www.webdo.tn\/fr\/wp-json\/wp\/v2\/users\/3164"}],"replies":[{"embeddable":true,"href":"https:\/\/www.webdo.tn\/fr\/wp-json\/wp\/v2\/comments?post=211240"}],"version-history":[{"count":0,"href":"https:\/\/www.webdo.tn\/fr\/wp-json\/wp\/v2\/posts\/211240\/revisions"}],"wp:featuredmedia":[{"embeddable":true,"href":"https:\/\/www.webdo.tn\/fr\/wp-json\/wp\/v2\/media\/290034"}],"wp:attachment":[{"href":"https:\/\/www.webdo.tn\/fr\/wp-json\/wp\/v2\/media?parent=211240"}],"wp:term":[{"taxonomy":"category","embeddable":true,"href":"https:\/\/www.webdo.tn\/fr\/wp-json\/wp\/v2\/categories?post=211240"},{"taxonomy":"post_tag","embeddable":true,"href":"https:\/\/www.webdo.tn\/fr\/wp-json\/wp\/v2\/tags?post=211240"}],"curies":[{"name":"wp","href":"https:\/\/api.w.org\/{rel}","templated":true}]}}