{"id":211233,"date":"2024-01-02T10:36:00","date_gmt":"2024-01-02T10:36:00","guid":{"rendered":"https:\/\/www.webdo.tn\/fr\/blog\/japon-un-avion-de-ligne-prend-feu-sur-la-piste-de-l-aeroport-de-tokyo-haneda\/211233\/"},"modified":"2025-05-20T22:38:45","modified_gmt":"2025-05-20T22:38:45","slug":"japon-un-avion-de-ligne-prend-feu-sur-la-piste-de-l-aeroport-de-tokyo-haneda","status":"publish","type":"post","link":"https:\/\/www.webdo.tn\/fr\/actualite\/international\/japon-un-avion-de-ligne-prend-feu-sur-la-piste-de-l-aeroport-de-tokyo-haneda\/211233\/","title":{"rendered":"Un avion de ligne prend feu sur la piste de l\u2019a\u00e9roport de Tokyo-Haneda"},"content":{"rendered":"<p>Un avion de la compagnie Japan Airlines a pris feu, mardi 2 janvier 2024, sur une piste de l\u2019a\u00e9roport international de Tokyo-Haneda.\u00a0<\/p>\n<p>\t\t\t\t\t\t\t\t\tSelon des images de la cha\u00eene de t\u00e9l\u00e9vision publique japonaise NHK, on voit l\u2019avion prendre feu et roulant quelques m\u00e8tres sur le tarmac.\u00a0<\/p>\n<p>On peut voir \u00e9galement une explosion qui se d\u00e9clenche et laisse une tra\u00een\u00e9e de flammes derri\u00e8re l\u2019appareil, qui ralentissait ensuite.<\/p>\n<p>Les sources locales n\u2019ont pas encore pr\u00e9cis\u00e9 s\u2019il y avait des victimes ou des bless\u00e9s.<\/p>\n","protected":false},"excerpt":{"rendered":"<p>Selon des images de la cha\u00eene de t\u00e9l\u00e9vision publique japonaise NHK, on voit l\u2019avion prendre feu et roulant quelques m\u00e8tres sur le tarmac.\u00a0<\/p>\n","protected":false},"author":3175,"featured_media":248368,"comment_status":"open","ping_status":"closed","sticky":false,"template":"","format":"standard","meta":{"footnotes":""},"categories":[2598],"tags":[3915,4664,2961],"class_list":["post-211233","post","type-post","status-publish","format-standard","has-post-thumbnail","hentry","category-international","tag-accident","tag-avion","tag-japon"],"yoast_head":"<!-- This site is optimized with the Yoast SEO Premium plugin v27.5 (Yoast SEO v27.5) - https:\/\/yoast.com\/product\/yoast-seo-premium-wordpress\/ -->\n<title>Un avion de ligne prend feu sur la piste de l\u2019a\u00e9roport de Tokyo-Haneda<\/title>\n<meta name=\"description\" content=\"Selon des images de la cha\u00eene de t\u00e9l\u00e9vision publique japonaise NHK, on voit l\u2019avion prendre feu et roulant quelques m\u00e8tres sur le tarmac.\u00a0\" \/>\n<link rel=\"canonical\" href=\"https:\/\/www.webdo.tn\/fr\/actualite\/international\/japon-un-avion-de-ligne-prend-feu-sur-la-piste-de-l-aeroport-de-tokyo-haneda\/211233\/\" \/>\n<meta property=\"og:locale\" content=\"fr_FR\" \/>\n<meta property=\"og:type\" content=\"article\" \/>\n<meta property=\"og:title\" content=\"Un avion de ligne prend feu sur la piste de l\u2019a\u00e9roport de Tokyo-Haneda\" \/>\n<meta property=\"og:description\" content=\"Selon des images de la cha\u00eene de t\u00e9l\u00e9vision publique japonaise NHK, on voit l\u2019avion prendre feu et roulant quelques m\u00e8tres sur le tarmac.\u00a0\" \/>\n<meta property=\"og:url\" content=\"https:\/\/www.webdo.tn\/fr\/actualite\/international\/japon-un-avion-de-ligne-prend-feu-sur-la-piste-de-l-aeroport-de-tokyo-haneda\/211233\/\" \/>\n<meta property=\"og:site_name\" content=\"webdo\" \/>\n<meta property=\"article:publisher\" content=\"https:\/\/www.facebook.com\/webdotn\" \/>\n<meta property=\"article:published_time\" content=\"2024-01-02T10:36:00+00:00\" \/>\n<meta property=\"article:modified_time\" content=\"2025-05-20T22:38:45+00:00\" \/>\n<meta property=\"og:image\" content=\"https:\/\/www.webdo.tn\/fr\/wp-content\/uploads\/2024\/01\/131ed1daf681be1cccd3c83e2a314339.jpg\" \/>\n\t<meta property=\"og:image:width\" content=\"750\" \/>\n\t<meta property=\"og:image:height\" content=\"400\" \/>\n\t<meta property=\"og:image:type\" content=\"image\/jpeg\" \/>\n<meta name=\"author\" content=\"CL\" \/>\n<meta name=\"twitter:card\" content=\"summary_large_image\" \/>\n<meta name=\"twitter:creator\" content=\"@webdo_tn\" \/>\n<meta name=\"twitter:site\" content=\"@webdo_tn\" \/>\n<meta name=\"twitter:label1\" content=\"\u00c9crit par\" \/>\n\t<meta name=\"twitter:data1\" content=\"CL\" \/>\n<script type=\"application\/ld+json\" class=\"yoast-schema-graph\">{\"@context\":\"https:\\\/\\\/schema.org\",\"@graph\":[{\"@type\":\"NewsArticle\",\"@id\":\"https:\\\/\\\/www.webdo.tn\\\/fr\\\/actualite\\\/international\\\/japon-un-avion-de-ligne-prend-feu-sur-la-piste-de-l-aeroport-de-tokyo-haneda\\\/211233\\\/#article\",\"isPartOf\":{\"@id\":\"https:\\\/\\\/www.webdo.tn\\\/fr\\\/actualite\\\/international\\\/japon-un-avion-de-ligne-prend-feu-sur-la-piste-de-l-aeroport-de-tokyo-haneda\\\/211233\\\/\"},\"author\":{\"name\":\"CL\",\"@id\":\"https:\\\/\\\/www.webdo.tn\\\/fr\\\/#\\\/schema\\\/person\\\/f35b42a42c5e2511bbd282959d6385cc\"},\"headline\":\"Un avion de ligne prend feu sur la piste de l\u2019a\u00e9roport de Tokyo-Haneda\",\"datePublished\":\"2024-01-02T10:36:00+00:00\",\"dateModified\":\"2025-05-20T22:38:45+00:00\",\"mainEntityOfPage\":{\"@id\":\"https:\\\/\\\/www.webdo.tn\\\/fr\\\/actualite\\\/international\\\/japon-un-avion-de-ligne-prend-feu-sur-la-piste-de-l-aeroport-de-tokyo-haneda\\\/211233\\\/\"},\"wordCount\":109,\"commentCount\":0,\"publisher\":{\"@id\":\"https:\\\/\\\/www.webdo.tn\\\/fr\\\/#organization\"},\"image\":{\"@id\":\"https:\\\/\\\/www.webdo.tn\\\/fr\\\/actualite\\\/international\\\/japon-un-avion-de-ligne-prend-feu-sur-la-piste-de-l-aeroport-de-tokyo-haneda\\\/211233\\\/#primaryimage\"},\"thumbnailUrl\":\"https:\\\/\\\/www.webdo.tn\\\/fr\\\/wp-content\\\/uploads\\\/2024\\\/01\\\/131ed1daf681be1cccd3c83e2a314339.jpg\",\"keywords\":[\"accident\",\"Avion\",\"Japon\"],\"articleSection\":[\"International\"],\"inLanguage\":\"fr-FR\"},{\"@type\":\"WebPage\",\"@id\":\"https:\\\/\\\/www.webdo.tn\\\/fr\\\/actualite\\\/international\\\/japon-un-avion-de-ligne-prend-feu-sur-la-piste-de-l-aeroport-de-tokyo-haneda\\\/211233\\\/\",\"url\":\"https:\\\/\\\/www.webdo.tn\\\/fr\\\/actualite\\\/international\\\/japon-un-avion-de-ligne-prend-feu-sur-la-piste-de-l-aeroport-de-tokyo-haneda\\\/211233\\\/\",\"name\":\"Un avion de ligne prend feu sur la piste de l\u2019a\u00e9roport de Tokyo-Haneda\",\"isPartOf\":{\"@id\":\"https:\\\/\\\/www.webdo.tn\\\/fr\\\/#website\"},\"primaryImageOfPage\":{\"@id\":\"https:\\\/\\\/www.webdo.tn\\\/fr\\\/actualite\\\/international\\\/japon-un-avion-de-ligne-prend-feu-sur-la-piste-de-l-aeroport-de-tokyo-haneda\\\/211233\\\/#primaryimage\"},\"image\":{\"@id\":\"https:\\\/\\\/www.webdo.tn\\\/fr\\\/actualite\\\/international\\\/japon-un-avion-de-ligne-prend-feu-sur-la-piste-de-l-aeroport-de-tokyo-haneda\\\/211233\\\/#primaryimage\"},\"thumbnailUrl\":\"https:\\\/\\\/www.webdo.tn\\\/fr\\\/wp-content\\\/uploads\\\/2024\\\/01\\\/131ed1daf681be1cccd3c83e2a314339.jpg\",\"datePublished\":\"2024-01-02T10:36:00+00:00\",\"dateModified\":\"2025-05-20T22:38:45+00:00\",\"description\":\"Selon des images de la cha\u00eene de t\u00e9l\u00e9vision publique japonaise NHK, on voit l\u2019avion prendre feu et roulant quelques m\u00e8tres sur le tarmac.\u00a0\",\"breadcrumb\":{\"@id\":\"https:\\\/\\\/www.webdo.tn\\\/fr\\\/actualite\\\/international\\\/japon-un-avion-de-ligne-prend-feu-sur-la-piste-de-l-aeroport-de-tokyo-haneda\\\/211233\\\/#breadcrumb\"},\"inLanguage\":\"fr-FR\",\"potentialAction\":[{\"@type\":\"ReadAction\",\"target\":[\"https:\\\/\\\/www.webdo.tn\\\/fr\\\/actualite\\\/international\\\/japon-un-avion-de-ligne-prend-feu-sur-la-piste-de-l-aeroport-de-tokyo-haneda\\\/211233\\\/\"]}]},{\"@type\":\"ImageObject\",\"inLanguage\":\"fr-FR\",\"@id\":\"https:\\\/\\\/www.webdo.tn\\\/fr\\\/actualite\\\/international\\\/japon-un-avion-de-ligne-prend-feu-sur-la-piste-de-l-aeroport-de-tokyo-haneda\\\/211233\\\/#primaryimage\",\"url\":\"https:\\\/\\\/www.webdo.tn\\\/fr\\\/wp-content\\\/uploads\\\/2024\\\/01\\\/131ed1daf681be1cccd3c83e2a314339.jpg\",\"contentUrl\":\"https:\\\/\\\/www.webdo.tn\\\/fr\\\/wp-content\\\/uploads\\\/2024\\\/01\\\/131ed1daf681be1cccd3c83e2a314339.jpg\",\"width\":750,\"height\":400,\"caption\":\"Un avion de ligne prend feu sur la piste de l\u2019a\u00e9roport de Tokyo-Haneda\"},{\"@type\":\"BreadcrumbList\",\"@id\":\"https:\\\/\\\/www.webdo.tn\\\/fr\\\/actualite\\\/international\\\/japon-un-avion-de-ligne-prend-feu-sur-la-piste-de-l-aeroport-de-tokyo-haneda\\\/211233\\\/#breadcrumb\",\"itemListElement\":[{\"@type\":\"ListItem\",\"position\":1,\"name\":\"Accueil\",\"item\":\"https:\\\/\\\/www.webdo.tn\\\/fr\\\/\"},{\"@type\":\"ListItem\",\"position\":2,\"name\":\"Un avion de ligne prend feu sur la piste de l\u2019a\u00e9roport de Tokyo-Haneda\"}]},{\"@type\":\"WebSite\",\"@id\":\"https:\\\/\\\/www.webdo.tn\\\/fr\\\/#website\",\"url\":\"https:\\\/\\\/www.webdo.tn\\\/fr\\\/\",\"name\":\"webdo\",\"description\":\"Tunisie - News en Tunisie et \u00e0 l&#039;international sur Webdo.tn\",\"publisher\":{\"@id\":\"https:\\\/\\\/www.webdo.tn\\\/fr\\\/#organization\"},\"potentialAction\":[{\"@type\":\"SearchAction\",\"target\":{\"@type\":\"EntryPoint\",\"urlTemplate\":\"https:\\\/\\\/www.webdo.tn\\\/fr\\\/?s={search_term_string}\"},\"query-input\":{\"@type\":\"PropertyValueSpecification\",\"valueRequired\":true,\"valueName\":\"search_term_string\"}}],\"inLanguage\":\"fr-FR\"},{\"@type\":\"Organization\",\"@id\":\"https:\\\/\\\/www.webdo.tn\\\/fr\\\/#organization\",\"name\":\"Webdo\",\"alternateName\":\"Webdo.tn\",\"url\":\"https:\\\/\\\/www.webdo.tn\\\/fr\\\/\",\"logo\":{\"@type\":\"ImageObject\",\"inLanguage\":\"fr-FR\",\"@id\":\"https:\\\/\\\/www.webdo.tn\\\/fr\\\/#\\\/schema\\\/logo\\\/image\\\/\",\"url\":\"https:\\\/\\\/www.webdo.tn\\\/fr\\\/wp-content\\\/uploads\\\/2025\\\/06\\\/Webdo-Tunisie_168377.jpg\",\"contentUrl\":\"https:\\\/\\\/www.webdo.tn\\\/fr\\\/wp-content\\\/uploads\\\/2025\\\/06\\\/Webdo-Tunisie_168377.jpg\",\"width\":301,\"height\":301,\"caption\":\"Webdo\"},\"image\":{\"@id\":\"https:\\\/\\\/www.webdo.tn\\\/fr\\\/#\\\/schema\\\/logo\\\/image\\\/\"},\"sameAs\":[\"https:\\\/\\\/www.facebook.com\\\/webdotn\",\"https:\\\/\\\/x.com\\\/webdo_tn\"],\"description\":\"Webdo est un m\u00e9dia num\u00e9rique tunisien fond\u00e9 en 2010, sp\u00e9cialis\u00e9 dans l\u2019actualit\u00e9 nationale et internationale, l\u2019\u00e9conomie, la soci\u00e9t\u00e9 et les analyses politiques. Le site s\u2019adresse \u00e0 un large public francophone et couvre l\u2019information tunisienne en temps r\u00e9el.\",\"email\":\"redac@webdo.tn\",\"legalName\":\"YNJ SARL\",\"foundingDate\":\"2010-09-06\",\"numberOfEmployees\":{\"@type\":\"QuantitativeValue\",\"minValue\":\"11\",\"maxValue\":\"50\"}},{\"@type\":\"Person\",\"@id\":\"https:\\\/\\\/www.webdo.tn\\\/fr\\\/#\\\/schema\\\/person\\\/f35b42a42c5e2511bbd282959d6385cc\",\"name\":\"CL\",\"image\":{\"@type\":\"ImageObject\",\"inLanguage\":\"fr-FR\",\"@id\":\"https:\\\/\\\/secure.gravatar.com\\\/avatar\\\/1447a49909b67aa657c488aec6512e1dd6143a480c1ecfee9b5b5cd74eb3b59e?s=96&d=mm&r=g\",\"url\":\"https:\\\/\\\/secure.gravatar.com\\\/avatar\\\/1447a49909b67aa657c488aec6512e1dd6143a480c1ecfee9b5b5cd74eb3b59e?s=96&d=mm&r=g\",\"contentUrl\":\"https:\\\/\\\/secure.gravatar.com\\\/avatar\\\/1447a49909b67aa657c488aec6512e1dd6143a480c1ecfee9b5b5cd74eb3b59e?s=96&d=mm&r=g\",\"caption\":\"CL\"},\"url\":\"https:\\\/\\\/www.webdo.tn\\\/fr\\\/actualite\\\/author\\\/cl\\\/\"}]}<\/script>\n<!-- \/ Yoast SEO Premium plugin. -->","yoast_head_json":{"title":"Un avion de ligne prend feu sur la piste de l\u2019a\u00e9roport de Tokyo-Haneda","description":"Selon des images de la cha\u00eene de t\u00e9l\u00e9vision publique japonaise NHK, on voit l\u2019avion prendre feu et roulant quelques m\u00e8tres sur le tarmac.\u00a0","canonical":"https:\/\/www.webdo.tn\/fr\/actualite\/international\/japon-un-avion-de-ligne-prend-feu-sur-la-piste-de-l-aeroport-de-tokyo-haneda\/211233\/","og_locale":"fr_FR","og_type":"article","og_title":"Un avion de ligne prend feu sur la piste de l\u2019a\u00e9roport de Tokyo-Haneda","og_description":"Selon des images de la cha\u00eene de t\u00e9l\u00e9vision publique japonaise NHK, on voit l\u2019avion prendre feu et roulant quelques m\u00e8tres sur le tarmac.\u00a0","og_url":"https:\/\/www.webdo.tn\/fr\/actualite\/international\/japon-un-avion-de-ligne-prend-feu-sur-la-piste-de-l-aeroport-de-tokyo-haneda\/211233\/","og_site_name":"webdo","article_publisher":"https:\/\/www.facebook.com\/webdotn","article_published_time":"2024-01-02T10:36:00+00:00","article_modified_time":"2025-05-20T22:38:45+00:00","og_image":[{"width":750,"height":400,"url":"https:\/\/www.webdo.tn\/fr\/wp-content\/uploads\/2024\/01\/131ed1daf681be1cccd3c83e2a314339.jpg","type":"image\/jpeg"}],"author":"CL","twitter_card":"summary_large_image","twitter_creator":"@webdo_tn","twitter_site":"@webdo_tn","twitter_misc":{"\u00c9crit par":"CL"},"schema":{"@context":"https:\/\/schema.org","@graph":[{"@type":"NewsArticle","@id":"https:\/\/www.webdo.tn\/fr\/actualite\/international\/japon-un-avion-de-ligne-prend-feu-sur-la-piste-de-l-aeroport-de-tokyo-haneda\/211233\/#article","isPartOf":{"@id":"https:\/\/www.webdo.tn\/fr\/actualite\/international\/japon-un-avion-de-ligne-prend-feu-sur-la-piste-de-l-aeroport-de-tokyo-haneda\/211233\/"},"author":{"name":"CL","@id":"https:\/\/www.webdo.tn\/fr\/#\/schema\/person\/f35b42a42c5e2511bbd282959d6385cc"},"headline":"Un avion de ligne prend feu sur la piste de l\u2019a\u00e9roport de Tokyo-Haneda","datePublished":"2024-01-02T10:36:00+00:00","dateModified":"2025-05-20T22:38:45+00:00","mainEntityOfPage":{"@id":"https:\/\/www.webdo.tn\/fr\/actualite\/international\/japon-un-avion-de-ligne-prend-feu-sur-la-piste-de-l-aeroport-de-tokyo-haneda\/211233\/"},"wordCount":109,"commentCount":0,"publisher":{"@id":"https:\/\/www.webdo.tn\/fr\/#organization"},"image":{"@id":"https:\/\/www.webdo.tn\/fr\/actualite\/international\/japon-un-avion-de-ligne-prend-feu-sur-la-piste-de-l-aeroport-de-tokyo-haneda\/211233\/#primaryimage"},"thumbnailUrl":"https:\/\/www.webdo.tn\/fr\/wp-content\/uploads\/2024\/01\/131ed1daf681be1cccd3c83e2a314339.jpg","keywords":["accident","Avion","Japon"],"articleSection":["International"],"inLanguage":"fr-FR"},{"@type":"WebPage","@id":"https:\/\/www.webdo.tn\/fr\/actualite\/international\/japon-un-avion-de-ligne-prend-feu-sur-la-piste-de-l-aeroport-de-tokyo-haneda\/211233\/","url":"https:\/\/www.webdo.tn\/fr\/actualite\/international\/japon-un-avion-de-ligne-prend-feu-sur-la-piste-de-l-aeroport-de-tokyo-haneda\/211233\/","name":"Un avion de ligne prend feu sur la piste de l\u2019a\u00e9roport de Tokyo-Haneda","isPartOf":{"@id":"https:\/\/www.webdo.tn\/fr\/#website"},"primaryImageOfPage":{"@id":"https:\/\/www.webdo.tn\/fr\/actualite\/international\/japon-un-avion-de-ligne-prend-feu-sur-la-piste-de-l-aeroport-de-tokyo-haneda\/211233\/#primaryimage"},"image":{"@id":"https:\/\/www.webdo.tn\/fr\/actualite\/international\/japon-un-avion-de-ligne-prend-feu-sur-la-piste-de-l-aeroport-de-tokyo-haneda\/211233\/#primaryimage"},"thumbnailUrl":"https:\/\/www.webdo.tn\/fr\/wp-content\/uploads\/2024\/01\/131ed1daf681be1cccd3c83e2a314339.jpg","datePublished":"2024-01-02T10:36:00+00:00","dateModified":"2025-05-20T22:38:45+00:00","description":"Selon des images de la cha\u00eene de t\u00e9l\u00e9vision publique japonaise NHK, on voit l\u2019avion prendre feu et roulant quelques m\u00e8tres sur le tarmac.\u00a0","breadcrumb":{"@id":"https:\/\/www.webdo.tn\/fr\/actualite\/international\/japon-un-avion-de-ligne-prend-feu-sur-la-piste-de-l-aeroport-de-tokyo-haneda\/211233\/#breadcrumb"},"inLanguage":"fr-FR","potentialAction":[{"@type":"ReadAction","target":["https:\/\/www.webdo.tn\/fr\/actualite\/international\/japon-un-avion-de-ligne-prend-feu-sur-la-piste-de-l-aeroport-de-tokyo-haneda\/211233\/"]}]},{"@type":"ImageObject","inLanguage":"fr-FR","@id":"https:\/\/www.webdo.tn\/fr\/actualite\/international\/japon-un-avion-de-ligne-prend-feu-sur-la-piste-de-l-aeroport-de-tokyo-haneda\/211233\/#primaryimage","url":"https:\/\/www.webdo.tn\/fr\/wp-content\/uploads\/2024\/01\/131ed1daf681be1cccd3c83e2a314339.jpg","contentUrl":"https:\/\/www.webdo.tn\/fr\/wp-content\/uploads\/2024\/01\/131ed1daf681be1cccd3c83e2a314339.jpg","width":750,"height":400,"caption":"Un avion de ligne prend feu sur la piste de l\u2019a\u00e9roport de Tokyo-Haneda"},{"@type":"BreadcrumbList","@id":"https:\/\/www.webdo.tn\/fr\/actualite\/international\/japon-un-avion-de-ligne-prend-feu-sur-la-piste-de-l-aeroport-de-tokyo-haneda\/211233\/#breadcrumb","itemListElement":[{"@type":"ListItem","position":1,"name":"Accueil","item":"https:\/\/www.webdo.tn\/fr\/"},{"@type":"ListItem","position":2,"name":"Un avion de ligne prend feu sur la piste de l\u2019a\u00e9roport de Tokyo-Haneda"}]},{"@type":"WebSite","@id":"https:\/\/www.webdo.tn\/fr\/#website","url":"https:\/\/www.webdo.tn\/fr\/","name":"webdo","description":"Tunisie - News en Tunisie et \u00e0 l&#039;international sur Webdo.tn","publisher":{"@id":"https:\/\/www.webdo.tn\/fr\/#organization"},"potentialAction":[{"@type":"SearchAction","target":{"@type":"EntryPoint","urlTemplate":"https:\/\/www.webdo.tn\/fr\/?s={search_term_string}"},"query-input":{"@type":"PropertyValueSpecification","valueRequired":true,"valueName":"search_term_string"}}],"inLanguage":"fr-FR"},{"@type":"Organization","@id":"https:\/\/www.webdo.tn\/fr\/#organization","name":"Webdo","alternateName":"Webdo.tn","url":"https:\/\/www.webdo.tn\/fr\/","logo":{"@type":"ImageObject","inLanguage":"fr-FR","@id":"https:\/\/www.webdo.tn\/fr\/#\/schema\/logo\/image\/","url":"https:\/\/www.webdo.tn\/fr\/wp-content\/uploads\/2025\/06\/Webdo-Tunisie_168377.jpg","contentUrl":"https:\/\/www.webdo.tn\/fr\/wp-content\/uploads\/2025\/06\/Webdo-Tunisie_168377.jpg","width":301,"height":301,"caption":"Webdo"},"image":{"@id":"https:\/\/www.webdo.tn\/fr\/#\/schema\/logo\/image\/"},"sameAs":["https:\/\/www.facebook.com\/webdotn","https:\/\/x.com\/webdo_tn"],"description":"Webdo est un m\u00e9dia num\u00e9rique tunisien fond\u00e9 en 2010, sp\u00e9cialis\u00e9 dans l\u2019actualit\u00e9 nationale et internationale, l\u2019\u00e9conomie, la soci\u00e9t\u00e9 et les analyses politiques. Le site s\u2019adresse \u00e0 un large public francophone et couvre l\u2019information tunisienne en temps r\u00e9el.","email":"redac@webdo.tn","legalName":"YNJ SARL","foundingDate":"2010-09-06","numberOfEmployees":{"@type":"QuantitativeValue","minValue":"11","maxValue":"50"}},{"@type":"Person","@id":"https:\/\/www.webdo.tn\/fr\/#\/schema\/person\/f35b42a42c5e2511bbd282959d6385cc","name":"CL","image":{"@type":"ImageObject","inLanguage":"fr-FR","@id":"https:\/\/secure.gravatar.com\/avatar\/1447a49909b67aa657c488aec6512e1dd6143a480c1ecfee9b5b5cd74eb3b59e?s=96&d=mm&r=g","url":"https:\/\/secure.gravatar.com\/avatar\/1447a49909b67aa657c488aec6512e1dd6143a480c1ecfee9b5b5cd74eb3b59e?s=96&d=mm&r=g","contentUrl":"https:\/\/secure.gravatar.com\/avatar\/1447a49909b67aa657c488aec6512e1dd6143a480c1ecfee9b5b5cd74eb3b59e?s=96&d=mm&r=g","caption":"CL"},"url":"https:\/\/www.webdo.tn\/fr\/actualite\/author\/cl\/"}]}},"_links":{"self":[{"href":"https:\/\/www.webdo.tn\/fr\/wp-json\/wp\/v2\/posts\/211233","targetHints":{"allow":["GET"]}}],"collection":[{"href":"https:\/\/www.webdo.tn\/fr\/wp-json\/wp\/v2\/posts"}],"about":[{"href":"https:\/\/www.webdo.tn\/fr\/wp-json\/wp\/v2\/types\/post"}],"author":[{"embeddable":true,"href":"https:\/\/www.webdo.tn\/fr\/wp-json\/wp\/v2\/users\/3175"}],"replies":[{"embeddable":true,"href":"https:\/\/www.webdo.tn\/fr\/wp-json\/wp\/v2\/comments?post=211233"}],"version-history":[{"count":0,"href":"https:\/\/www.webdo.tn\/fr\/wp-json\/wp\/v2\/posts\/211233\/revisions"}],"wp:featuredmedia":[{"embeddable":true,"href":"https:\/\/www.webdo.tn\/fr\/wp-json\/wp\/v2\/media\/248368"}],"wp:attachment":[{"href":"https:\/\/www.webdo.tn\/fr\/wp-json\/wp\/v2\/media?parent=211233"}],"wp:term":[{"taxonomy":"category","embeddable":true,"href":"https:\/\/www.webdo.tn\/fr\/wp-json\/wp\/v2\/categories?post=211233"},{"taxonomy":"post_tag","embeddable":true,"href":"https:\/\/www.webdo.tn\/fr\/wp-json\/wp\/v2\/tags?post=211233"}],"curies":[{"name":"wp","href":"https:\/\/api.w.org\/{rel}","templated":true}]}}