{"id":211227,"date":"2024-01-01T22:42:00","date_gmt":"2024-01-01T22:42:00","guid":{"rendered":"https:\/\/www.webdo.tn\/fr\/blog\/el-gouna-2023-solidarite-avec-la-palestine\/211227\/"},"modified":"2025-05-21T08:56:12","modified_gmt":"2025-05-21T08:56:12","slug":"el-gouna-2023-solidarite-avec-la-palestine","status":"publish","type":"post","link":"https:\/\/www.webdo.tn\/fr\/actualite\/culture\/el-gouna-2023-solidarite-avec-la-palestine\/211227\/","title":{"rendered":"El Gouna 2023 : Cin\u00e9ma, Humanit\u00e9 et Solidarit\u00e9 avec la Palestine"},"content":{"rendered":"<div class=\"single-body entry-content typography-copy\" itemprop=\"articleBody\">\n<p style=\"font-weight: bold; text-align: justify\">\n\t\t\t\t\t\t\t\t\tLa 6\u00e8me \u00e9dition du Festival d&rsquo;El Gouna s&rsquo;est d\u00e9roul\u00e9e exceptionnellement du 14 au 21 d\u00e9cembre 2023. Initialement pr\u00e9vu en octobre, l&rsquo;\u00e9v\u00e9nement a \u00e9t\u00e9 report\u00e9 en raison de la guerre entre Isra\u00ebl et la Palestine, qui a d\u00e9but\u00e9 le 7 octobre.\n\t\t\t\t\t\t\t\t<\/p>\n<div class=\"coprs\" style=\"text-align: center\"><\/div>\n<div class=\"coprs\" style=\"text-align: justify\">\n<p><span><span><a href=\"https:\/\/www.webdo.tn\/fr\/actualite\/culture\/une-edition-du-festival-du-film-d-el-gouna-dediee-a-la-palestine-du-14-au-21-decembre-2023\/210412\">Face \u00e0 cette situation d\u00e9licate, les organisateurs ont pris une d\u00e9cision courageuse en maintenant l&rsquo;\u00e9dition et en la d\u00e9diant \u00e0 la Palestine, un geste de solidarit\u00e9 fort envers un peuple meurtri par les crimes isra\u00e9liens.<\/a><\/span><\/span><\/p>\n<p><span><span><strong>Le dilemme de la solidarit\u00e9 cin\u00e9matographique<\/strong><\/span><\/span><\/p>\n<p><span><span><a href=\"https:\/\/www.webdo.tn\/fr\/actualite\/culture\/el-gouna-2023-ceremonie-de-cloture\/211024\">Lors de la c\u00e9r\u00e9monie de cl\u00f4ture,<\/a> Naguib Sawiris, le cofondateur du festival, a expos\u00e9 les h\u00e9sitations qui ont marqu\u00e9 le processus de d\u00e9cision : \u00ab\u00a0<em>Nous avons beaucoup h\u00e9sit\u00e9, fallait-il garder ou annuler cette \u00e9dition? Mais c\u2019est un festival qui a pour slogan \u00ab\u00a0Cin\u00e9ma pour l\u2019Humanit\u00e9\u00a0\u00bb, il \u00e9tait donc logique de l\u2019offrir \u00e0 la Palestine. Notre festival est au service de l\u2019humanit\u00e9 qui fait un peu d\u00e9faut ces derniers temps<\/em>.\u00a0\u00bb Cette d\u00e9claration r\u00e9sume l&rsquo;essence du festival, mettant en avant son engagement envers l&rsquo;humanit\u00e9 et la n\u00e9cessit\u00e9 de donner une plateforme au cin\u00e9ma pour transcender les fronti\u00e8res et les diff\u00e9rences.<\/span><\/span><\/p>\n<p><span><span>La d\u00e9cision de maintenir le festival, malgr\u00e9 les d\u00e9fis, se distingue d&rsquo;autres \u00e9v\u00e9nements culturels, tels que les Journ\u00e9es Cin\u00e9matographiques de Carthage (JCC) en Tunisie et le Festival International du Film du Caire (CIFF) en \u00c9gypte, qui ont pr\u00e9f\u00e9r\u00e9 annuler leurs \u00e9ditions par solidarit\u00e9 envers les Palestiniens. Il est important de souligner que l&rsquo;annulation d&rsquo;\u00e9v\u00e9nements culturels n&rsquo;est pas une solution b\u00e9n\u00e9fique pour la cause palestinienne ou pour toute autre cause. Un festival de cin\u00e9ma, bien plus qu&rsquo;une simple distraction, offre une plateforme pour r\u00e9fl\u00e9chir, donner de la voix, gagner en visibilit\u00e9 et d\u00e9battre.<\/span><\/span><\/p>\n<p><span><span><strong>Les JCC et le CIFF : Des annulations d\u00e9cevantes<\/strong><\/span><\/span><\/p>\n<p><span><span><a href=\"https:\/\/www.webdo.tn\/fr\/actualite\/culture\/jcc-2023-annulation-du-cote-festif-et-lancement-direct-de-la-34eme-session-avec-la-projection-des-films-de-la-competition-officielle\/209388\">Les JCC, d\u00e8s le d\u00e9but de la guerre, avaient envisag\u00e9 de modifier leur programme pour donner une voix aux Palestiniens.<\/a> Des films palestiniens devaient \u00eatre programm\u00e9s, et des cin\u00e9astes palestiniens \u00e9taient invit\u00e9s. Cependant, une d\u00e9cision du Minist\u00e8re tunisien des affaires culturelles a conduit \u00e0 l&rsquo;annulation de l&rsquo;\u00e9dition. Cela a provoqu\u00e9 la d\u00e9ception des cin\u00e9astes palestiniens, priv\u00e9s de l&rsquo;occasion de partager leur narratif avec le monde. Le r\u00e9alisateur et acteur palestinien Mohamed Bacri, qui devait participer, a exprim\u00e9 \u00e0 la radio tunisienne sa frustration et a reproch\u00e9 au minist\u00e8re des affaires culturelles tunisien d&rsquo;avoir priv\u00e9 les Palestiniens de la possibilit\u00e9 d&rsquo;exprimer leurs points de vue et de raconter leur narratif.<\/span><\/span><\/p>\n<p><span><span>\u00c0 l&rsquo;inverse, le Festival d&rsquo;El Gouna a assum\u00e9 son r\u00f4le de solidarit\u00e9 et d&rsquo;aide envers la Palestine. La section \u00ab\u00a0<a href=\"https:\/\/www.webdo.tn\/fr\/actualite\/culture\/regards-sur-la-palestine-a-la-6eme-edition-du-festival-du-film-d-el-gouna\/210710\">Fen\u00eatre sur le cin\u00e9ma palestinien<\/a>\u00a0\u00bb a pr\u00e9sent\u00e9 plusieurs films, dont le remarquable \u00ab\u00a0La porte du soleil\u00a0\u00bb de Yousry Nasrallah, un film de 4 heures retra\u00e7ant la Nakba de 1948 \u00e0 1996. De plus, plusieurs cin\u00e9astes palestiniens ont \u00e9t\u00e9 invit\u00e9s \u00e0 participer \u00e0 diverses activit\u00e9s, notamment un panel consacr\u00e9 aux probl\u00e8mes du cin\u00e9ma palestinien.<\/span><\/span><\/p>\n<p>\u00a0<\/p>\n<p><img decoding=\"async\" alt=\"\" height=\"922\" src=\"\/assets\/uploads\/images\/\/Neila\/GFF%202023%20Rashid%20Masharawi.jpeg\" width=\"922\"><\/p>\n<p>\u00a0<\/p>\n<p><span><span><strong>Rencontres internationales et narratif palestinien<\/strong><\/span><\/span><\/p>\n<p><span><span>Au-del\u00e0 de la programmation cin\u00e9matographique, le festival a \u00e9t\u00e9 une opportunit\u00e9 pour les cin\u00e9astes palestiniens de rencontrer des journalistes \u00e9trangers venus de France, d&rsquo;Angleterre, d&rsquo;Inde, et d&rsquo;autres pays. Ces rencontres sont cruciales, offrant aux Palestiniens la possibilit\u00e9 de partager leur r\u00e9alit\u00e9 souvent m\u00e9connue avec des m\u00e9dias internationaux.<\/span><\/span><\/p>\n<p><span><span>Les c\u00e9r\u00e9monies d&rsquo;ouverture et de cl\u00f4ture ont \u00e9t\u00e9 des moments forts, mettant en lumi\u00e8re la cause palestinienne \u00e0 travers des chansons et des films. Les organisateurs ont impos\u00e9 un dress code strict, contribuant \u00e0 l&rsquo;\u00e9l\u00e9gance et la solennit\u00e9 de l&rsquo;\u00e9v\u00e9nement: costume noir pour les hommes et robes de soir\u00e9e sobres pour les femmes. Certains invit\u00e9s ont arbor\u00e9 des signes distinctifs palestiniens, comme la Keffieh, montrant ainsi leur solidarit\u00e9. Quelques femmes ont rev\u00eatu des costumes traditionnels palestiniens. Des programmes sp\u00e9ciaux Palestine ont enrichi ces c\u00e9r\u00e9monies, avec des artistes tels que <a href=\"https:\/\/www.webdo.tn\/fr\/actualite\/culture\/ceremonie-d-ouverture-du-festival-du-film-d-el-gouna-2023-dignite-solidarite-et-sobriete\/210829\">la chanteuse palestinienne Elyanna qui a chant\u00e9 \u00ab\u00a0Branch of Olive\u00a0\u00bb et le chanteur \u00e9gyptien Abu qui a chant\u00e9 \u00ab\u00a0The world is blind\u00a0\u00bb en ouverture<\/a>, et <a href=\"https:\/\/www.webdo.tn\/fr\/actualite\/culture\/el-gouna-2023-ceremonie-de-cloture\/211024\">le groupe \u00e9gyptien Cairokee qui a interpr\u00e9t\u00e9 deux chansons engag\u00e9es\u00a0 et d\u00e9di\u00e9s \u00e0 la Palestine : \u00ab\u00a0Tilka Al-Qadiya\u00a0\u00bb (Cette Cause) et \u00ab\u00a0Ana Njim\u00a0\u00bb (Je suis une \u00e9toile) en cl\u00f4ture.<\/a><\/span><\/span><\/p>\n<p><span><span>Une soir\u00e9e sp\u00e9ciale de collecte de fonds a \u00e9t\u00e9 organis\u00e9e pour soutenir les Palestiniens, mettant en avant la chanteuse tunisienne Ghalia Benali.<\/span><\/span><\/p>\n<p><span><span>Le festival a \u00e9galement propos\u00e9 des panels sp\u00e9ciaux, dont \u00ab\u00a0<a href=\"https:\/\/www.webdo.tn\/fr\/actualite\/culture\/el-gouna-2023-camera-en-crise-un-objectif-sur-la-palestine\/211157\">Cam\u00e9ra en crise : un objectif sur la Palestine\u00a0\u00bb<\/a>, avec des pan\u00e9listes exclusivement palestiniens, explorant le r\u00f4le du cin\u00e9ma palestinien et son avenir.<\/span><\/span><\/p>\n<p><span><span>D&rsquo;autres panels, tels que \u00ab\u00a0<a href=\"https:\/\/www.webdo.tn\/fr\/actualite\/culture\/el-gouna-2023-au-dela-des-frontieres-coproduire-des-films-a-l-echelle-mondiale\/211124\">Circulation et mobilisation : que peuvent faire les cin\u00e9mas ind\u00e9pendants en temps de crise<\/a> ?\u00a0\u00bb, ont mis en avant le r\u00f4le du Palestine Film Institut et du Palestine Film Plateforme, surtout en temps de crise. Les discussions ont \u00e9galement pr\u00e9sent\u00e9 le Palestine Cinema Days, initialement pr\u00e9vu \u00e0 Ramallah mais organis\u00e9 dans plusieurs pays \u00e0 travers le monde en raison du conflit et \u00ab\u00a0Regards de Palestine\u00a0\u00bb, organis\u00e9 par Cinemadart \u00e0 Tunis, un cycle de films autour de la Palestine, reversant l&rsquo;ensemble des recettes au Croissant Rouge tunisien pour soutenir les Palestiniens de Gaza. Le panel a mis l\u2019accent sur le r\u00f4le du cin\u00e9ma pour manifester sa solidarit\u00e9 et aider ceux qui en ont besoin. <\/span><\/span><\/p>\n<p><img decoding=\"async\" alt=\"\" height=\"925\" src=\"\/assets\/uploads\/images\/\/Neila\/GFF%202023%20May%20Odeh.jpeg\" width=\"925\"><\/p>\n<p>\u00a0<\/p>\n<p><span><span><strong>Un Festival au service de la Palestine<\/strong><\/span><\/span><\/p>\n<p><span><span>La d\u00e9cision intelligente des organisateurs du Festival d&rsquo;El Gouna de maintenir l&rsquo;\u00e9v\u00e9nement en d\u00e9cembre 2023 et de le d\u00e9dier \u00e0 la Palestine a marqu\u00e9 un exemple puissant de solidarit\u00e9 concr\u00e8te. La programmation cin\u00e9matographique, les c\u00e9r\u00e9monies, les rencontres internationales, et les panels ont tous contribu\u00e9 \u00e0 donner une voix et une visibilit\u00e9 accrues \u00e0 la cause palestinienne. Le festival a d\u00e9montr\u00e9 que la v\u00e9ritable solidarit\u00e9 ne r\u00e9side pas dans l&rsquo;annulation d&rsquo;\u00e9v\u00e9nements culturels, mais dans le maintien de ces derniers, en offrant une tribune aux Palestiniens pour qu&rsquo;ils puissent s&rsquo;exprimer, imposer leur narratif, et partager leurs points de vue avec le monde. Au croisement du cin\u00e9ma, de la solidarit\u00e9 internationale, et des rencontres culturelles, le Festival d&rsquo;El Gouna 2023 restera dans les annales comme un exemple \u00e9clatant de l&rsquo;impact positif que peut avoir la culture dans des moments de crise et de conflit.<\/span><\/span><\/p>\n<p><span><span><strong>Ne\u00efla Driss<\/strong><\/span><\/span><\/p>\n<\/p><\/div>\n<div class=\"coprs\" style=\"text-align: center\"><\/div><\/div>\n","protected":false},"excerpt":{"rendered":"<p>La 6\u00e8me \u00e9dition du Festival d&rsquo;El Gouna s&rsquo;est d\u00e9roul\u00e9e exceptionnellement du 14 au 21 d\u00e9cembre 2023. Initialement pr\u00e9vu en octobre, l&rsquo;\u00e9v\u00e9nement a \u00e9t\u00e9 report\u00e9 en&#8230;<\/p>\n","protected":false},"author":3164,"featured_media":248366,"comment_status":"open","ping_status":"closed","sticky":false,"template":"","format":"standard","meta":{"footnotes":""},"categories":[2594],"tags":[6648,7281,3258,3259,7280,2688],"class_list":["post-211227","post","type-post","status-publish","format-standard","has-post-thumbnail","hentry","category-culture","tag-el-gouna","tag-el-gouna-2023","tag-festival-du-film-del-gouna","tag-gff","tag-gff-2023","tag-palestine"],"yoast_head":"<!-- This site is optimized with the Yoast SEO Premium plugin v27.5 (Yoast SEO v27.5) - https:\/\/yoast.com\/product\/yoast-seo-premium-wordpress\/ -->\n<title>El Gouna 2023 : Cin\u00e9ma, Humanit\u00e9 et Solidarit\u00e9 avec la Palestine<\/title>\n<meta name=\"description\" content=\"La 6\u00e8me \u00e9dition du Festival d&#039;El Gouna s&#039;est d\u00e9roul\u00e9e exceptionnellement du 14 au 21 d\u00e9cembre 2023. Initialement pr\u00e9vu en octobre, l&#039;\u00e9v\u00e9nement a \u00e9t\u00e9 report\u00e9 en...\" \/>\n<link rel=\"canonical\" href=\"https:\/\/www.webdo.tn\/fr\/actualite\/culture\/el-gouna-2023-solidarite-avec-la-palestine\/211227\/\" \/>\n<meta property=\"og:locale\" content=\"fr_FR\" \/>\n<meta property=\"og:type\" content=\"article\" \/>\n<meta property=\"og:title\" content=\"El Gouna 2023 : Cin\u00e9ma, Humanit\u00e9 et Solidarit\u00e9 avec la Palestine\" \/>\n<meta property=\"og:description\" content=\"La 6\u00e8me \u00e9dition du Festival d&#039;El Gouna s&#039;est d\u00e9roul\u00e9e exceptionnellement du 14 au 21 d\u00e9cembre 2023. Initialement pr\u00e9vu en octobre, l&#039;\u00e9v\u00e9nement a \u00e9t\u00e9 report\u00e9 en...\" \/>\n<meta property=\"og:url\" content=\"https:\/\/www.webdo.tn\/fr\/actualite\/culture\/el-gouna-2023-solidarite-avec-la-palestine\/211227\/\" \/>\n<meta property=\"og:site_name\" content=\"webdo\" \/>\n<meta property=\"article:publisher\" content=\"https:\/\/www.facebook.com\/webdotn\" \/>\n<meta property=\"article:author\" content=\"https:\/\/www.facebook.com\/massir.destiniii\/\" \/>\n<meta property=\"article:published_time\" content=\"2024-01-01T22:42:00+00:00\" \/>\n<meta property=\"article:modified_time\" content=\"2025-05-21T08:56:12+00:00\" \/>\n<meta property=\"og:image\" content=\"https:\/\/www.webdo.tn\/fr\/wp-content\/uploads\/2024\/01\/5983fa5de8deb1eaef2e813bf0db6f38.jpeg\" \/>\n\t<meta property=\"og:image:width\" content=\"750\" \/>\n\t<meta property=\"og:image:height\" content=\"400\" \/>\n\t<meta property=\"og:image:type\" content=\"image\/jpeg\" \/>\n<meta name=\"author\" content=\"Ne\u00efla DRISS\" \/>\n<meta name=\"twitter:card\" content=\"summary_large_image\" \/>\n<meta name=\"twitter:creator\" content=\"@https:\/\/x.com\/MassirDestin\" \/>\n<meta name=\"twitter:site\" content=\"@webdo_tn\" \/>\n<meta name=\"twitter:label1\" content=\"\u00c9crit par\" \/>\n\t<meta name=\"twitter:data1\" content=\"Ne\u00efla DRISS\" \/>\n\t<meta name=\"twitter:label2\" content=\"Dur\u00e9e de lecture estim\u00e9e\" \/>\n\t<meta name=\"twitter:data2\" content=\"5 minutes\" \/>\n<script type=\"application\/ld+json\" class=\"yoast-schema-graph\">{\"@context\":\"https:\\\/\\\/schema.org\",\"@graph\":[{\"@type\":\"NewsArticle\",\"@id\":\"https:\\\/\\\/www.webdo.tn\\\/fr\\\/actualite\\\/culture\\\/el-gouna-2023-solidarite-avec-la-palestine\\\/211227\\\/#article\",\"isPartOf\":{\"@id\":\"https:\\\/\\\/www.webdo.tn\\\/fr\\\/actualite\\\/culture\\\/el-gouna-2023-solidarite-avec-la-palestine\\\/211227\\\/\"},\"author\":{\"name\":\"Ne\u00efla DRISS\",\"@id\":\"https:\\\/\\\/www.webdo.tn\\\/fr\\\/#\\\/schema\\\/person\\\/60d5ba619ed3f58783b0dc82b7dada80\"},\"headline\":\"El Gouna 2023 : Cin\u00e9ma, Humanit\u00e9 et Solidarit\u00e9 avec la Palestine\",\"datePublished\":\"2024-01-01T22:42:00+00:00\",\"dateModified\":\"2025-05-21T08:56:12+00:00\",\"mainEntityOfPage\":{\"@id\":\"https:\\\/\\\/www.webdo.tn\\\/fr\\\/actualite\\\/culture\\\/el-gouna-2023-solidarite-avec-la-palestine\\\/211227\\\/\"},\"wordCount\":1108,\"commentCount\":0,\"publisher\":{\"@id\":\"https:\\\/\\\/www.webdo.tn\\\/fr\\\/#organization\"},\"image\":{\"@id\":\"https:\\\/\\\/www.webdo.tn\\\/fr\\\/actualite\\\/culture\\\/el-gouna-2023-solidarite-avec-la-palestine\\\/211227\\\/#primaryimage\"},\"thumbnailUrl\":\"https:\\\/\\\/www.webdo.tn\\\/fr\\\/wp-content\\\/uploads\\\/2024\\\/01\\\/5983fa5de8deb1eaef2e813bf0db6f38.jpeg\",\"keywords\":[\"El Gouna\",\"El Gouna 2023\",\"Festival du Film d'El Gouna\",\"GFF\",\"GFF 2023\",\"Palestine\"],\"articleSection\":[\"Culture\"],\"inLanguage\":\"fr-FR\"},{\"@type\":\"WebPage\",\"@id\":\"https:\\\/\\\/www.webdo.tn\\\/fr\\\/actualite\\\/culture\\\/el-gouna-2023-solidarite-avec-la-palestine\\\/211227\\\/\",\"url\":\"https:\\\/\\\/www.webdo.tn\\\/fr\\\/actualite\\\/culture\\\/el-gouna-2023-solidarite-avec-la-palestine\\\/211227\\\/\",\"name\":\"El Gouna 2023 : Cin\u00e9ma, Humanit\u00e9 et Solidarit\u00e9 avec la Palestine\",\"isPartOf\":{\"@id\":\"https:\\\/\\\/www.webdo.tn\\\/fr\\\/#website\"},\"primaryImageOfPage\":{\"@id\":\"https:\\\/\\\/www.webdo.tn\\\/fr\\\/actualite\\\/culture\\\/el-gouna-2023-solidarite-avec-la-palestine\\\/211227\\\/#primaryimage\"},\"image\":{\"@id\":\"https:\\\/\\\/www.webdo.tn\\\/fr\\\/actualite\\\/culture\\\/el-gouna-2023-solidarite-avec-la-palestine\\\/211227\\\/#primaryimage\"},\"thumbnailUrl\":\"https:\\\/\\\/www.webdo.tn\\\/fr\\\/wp-content\\\/uploads\\\/2024\\\/01\\\/5983fa5de8deb1eaef2e813bf0db6f38.jpeg\",\"datePublished\":\"2024-01-01T22:42:00+00:00\",\"dateModified\":\"2025-05-21T08:56:12+00:00\",\"description\":\"La 6\u00e8me \u00e9dition du Festival d'El Gouna s'est d\u00e9roul\u00e9e exceptionnellement du 14 au 21 d\u00e9cembre 2023. Initialement pr\u00e9vu en octobre, l'\u00e9v\u00e9nement a \u00e9t\u00e9 report\u00e9 en...\",\"breadcrumb\":{\"@id\":\"https:\\\/\\\/www.webdo.tn\\\/fr\\\/actualite\\\/culture\\\/el-gouna-2023-solidarite-avec-la-palestine\\\/211227\\\/#breadcrumb\"},\"inLanguage\":\"fr-FR\",\"potentialAction\":[{\"@type\":\"ReadAction\",\"target\":[\"https:\\\/\\\/www.webdo.tn\\\/fr\\\/actualite\\\/culture\\\/el-gouna-2023-solidarite-avec-la-palestine\\\/211227\\\/\"]}]},{\"@type\":\"ImageObject\",\"inLanguage\":\"fr-FR\",\"@id\":\"https:\\\/\\\/www.webdo.tn\\\/fr\\\/actualite\\\/culture\\\/el-gouna-2023-solidarite-avec-la-palestine\\\/211227\\\/#primaryimage\",\"url\":\"https:\\\/\\\/www.webdo.tn\\\/fr\\\/wp-content\\\/uploads\\\/2024\\\/01\\\/5983fa5de8deb1eaef2e813bf0db6f38.jpeg\",\"contentUrl\":\"https:\\\/\\\/www.webdo.tn\\\/fr\\\/wp-content\\\/uploads\\\/2024\\\/01\\\/5983fa5de8deb1eaef2e813bf0db6f38.jpeg\",\"width\":750,\"height\":400,\"caption\":\"El Gouna 2023 : Cin\u00e9ma, Humanit\u00e9 et Solidarit\u00e9 avec la Palestine\"},{\"@type\":\"BreadcrumbList\",\"@id\":\"https:\\\/\\\/www.webdo.tn\\\/fr\\\/actualite\\\/culture\\\/el-gouna-2023-solidarite-avec-la-palestine\\\/211227\\\/#breadcrumb\",\"itemListElement\":[{\"@type\":\"ListItem\",\"position\":1,\"name\":\"Accueil\",\"item\":\"https:\\\/\\\/www.webdo.tn\\\/fr\\\/\"},{\"@type\":\"ListItem\",\"position\":2,\"name\":\"El Gouna 2023 : Cin\u00e9ma, Humanit\u00e9 et Solidarit\u00e9 avec la Palestine\"}]},{\"@type\":\"WebSite\",\"@id\":\"https:\\\/\\\/www.webdo.tn\\\/fr\\\/#website\",\"url\":\"https:\\\/\\\/www.webdo.tn\\\/fr\\\/\",\"name\":\"webdo\",\"description\":\"Tunisie - News en Tunisie et \u00e0 l&#039;international sur Webdo.tn\",\"publisher\":{\"@id\":\"https:\\\/\\\/www.webdo.tn\\\/fr\\\/#organization\"},\"potentialAction\":[{\"@type\":\"SearchAction\",\"target\":{\"@type\":\"EntryPoint\",\"urlTemplate\":\"https:\\\/\\\/www.webdo.tn\\\/fr\\\/?s={search_term_string}\"},\"query-input\":{\"@type\":\"PropertyValueSpecification\",\"valueRequired\":true,\"valueName\":\"search_term_string\"}}],\"inLanguage\":\"fr-FR\"},{\"@type\":\"Organization\",\"@id\":\"https:\\\/\\\/www.webdo.tn\\\/fr\\\/#organization\",\"name\":\"Webdo\",\"alternateName\":\"Webdo.tn\",\"url\":\"https:\\\/\\\/www.webdo.tn\\\/fr\\\/\",\"logo\":{\"@type\":\"ImageObject\",\"inLanguage\":\"fr-FR\",\"@id\":\"https:\\\/\\\/www.webdo.tn\\\/fr\\\/#\\\/schema\\\/logo\\\/image\\\/\",\"url\":\"https:\\\/\\\/www.webdo.tn\\\/fr\\\/wp-content\\\/uploads\\\/2025\\\/06\\\/Webdo-Tunisie_168377.jpg\",\"contentUrl\":\"https:\\\/\\\/www.webdo.tn\\\/fr\\\/wp-content\\\/uploads\\\/2025\\\/06\\\/Webdo-Tunisie_168377.jpg\",\"width\":301,\"height\":301,\"caption\":\"Webdo\"},\"image\":{\"@id\":\"https:\\\/\\\/www.webdo.tn\\\/fr\\\/#\\\/schema\\\/logo\\\/image\\\/\"},\"sameAs\":[\"https:\\\/\\\/www.facebook.com\\\/webdotn\",\"https:\\\/\\\/x.com\\\/webdo_tn\"],\"description\":\"Webdo est un m\u00e9dia num\u00e9rique tunisien fond\u00e9 en 2010, sp\u00e9cialis\u00e9 dans l\u2019actualit\u00e9 nationale et internationale, l\u2019\u00e9conomie, la soci\u00e9t\u00e9 et les analyses politiques. Le site s\u2019adresse \u00e0 un large public francophone et couvre l\u2019information tunisienne en temps r\u00e9el.\",\"email\":\"redac@webdo.tn\",\"legalName\":\"YNJ SARL\",\"foundingDate\":\"2010-09-06\",\"numberOfEmployees\":{\"@type\":\"QuantitativeValue\",\"minValue\":\"11\",\"maxValue\":\"50\"}},{\"@type\":\"Person\",\"@id\":\"https:\\\/\\\/www.webdo.tn\\\/fr\\\/#\\\/schema\\\/person\\\/60d5ba619ed3f58783b0dc82b7dada80\",\"name\":\"Ne\u00efla DRISS\",\"image\":{\"@type\":\"ImageObject\",\"inLanguage\":\"fr-FR\",\"@id\":\"https:\\\/\\\/www.webdo.tn\\\/fr\\\/wp-content\\\/uploads\\\/2026\\\/04\\\/neila-driss_avatar-96x96.jpg\",\"url\":\"https:\\\/\\\/www.webdo.tn\\\/fr\\\/wp-content\\\/uploads\\\/2026\\\/04\\\/neila-driss_avatar-96x96.jpg\",\"contentUrl\":\"https:\\\/\\\/www.webdo.tn\\\/fr\\\/wp-content\\\/uploads\\\/2026\\\/04\\\/neila-driss_avatar-96x96.jpg\",\"caption\":\"Ne\u00efla DRISS\"},\"description\":\"Ne\u00efla Driss est juriste, journaliste culturelle et critique de cin\u00e9ma tunisienne. Titulaire d\u2019un DEA en droit priv\u00e9 de l\u2019Universit\u00e9 Paris II et d\u2019un DESS de l\u2019IHEC Carthage, elle d\u00e9bute sa carri\u00e8re comme juriste sp\u00e9cialis\u00e9e en gestion de patrimoine immobilier. Elle s\u2019oriente ensuite vers l\u2019\u00e9criture en ligne, o\u00f9 elle se distingue d\u00e8s 2006 aux Tunisia Blog Awards, avant de se consacrer au journalisme culturel, avec une sp\u00e9cialisation dans la critique cin\u00e9matographique. Elle couvre r\u00e9guli\u00e8rement les grands festivals internationaux, notamment le Festival de Cannes, les Journ\u00e9es Cin\u00e9matographiques de Carthage et le Festival du film du Caire. Membre de l\u2019ATPCC et de la FIPRESCI, elle participe \u00e0 des jurys et initiatives internationales de critique. Depuis 2024, elle est \u00e9lectrice internationale aux Golden Globes. Facebook : https:\\\/\\\/www.facebook.com\\\/massir.destiniii\\\/ X : https:\\\/\\\/x.com\\\/MassirDestin\",\"sameAs\":[\"https:\\\/\\\/www.facebook.com\\\/massir.destiniii\\\/\",\"https:\\\/\\\/www.instagram.com\\\/neila.driss\\\/?hl=fr\",\"https:\\\/\\\/www.linkedin.com\\\/in\\\/neila-driss-22606a80\\\/\",\"https:\\\/\\\/x.com\\\/https:\\\/\\\/x.com\\\/MassirDestin\"],\"knowsAbout\":[\"Cin\u00e9ma international\",\"critique cin\u00e9matographique\",\"festivals de cin\u00e9ma\",\"journalisme culturel\"],\"knowsLanguage\":[\"Fran\u00e7ais\",\"Arabe\",\"Anglais\"],\"jobTitle\":\"Journaliste culturelle et critique de cin\u00e9ma\",\"worksFor\":\"Webdo\",\"url\":\"https:\\\/\\\/www.webdo.tn\\\/fr\\\/actualite\\\/author\\\/neila-driss\\\/\"}]}<\/script>\n<!-- \/ Yoast SEO Premium plugin. -->","yoast_head_json":{"title":"El Gouna 2023 : Cin\u00e9ma, Humanit\u00e9 et Solidarit\u00e9 avec la Palestine","description":"La 6\u00e8me \u00e9dition du Festival d'El Gouna s'est d\u00e9roul\u00e9e exceptionnellement du 14 au 21 d\u00e9cembre 2023. Initialement pr\u00e9vu en octobre, l'\u00e9v\u00e9nement a \u00e9t\u00e9 report\u00e9 en...","canonical":"https:\/\/www.webdo.tn\/fr\/actualite\/culture\/el-gouna-2023-solidarite-avec-la-palestine\/211227\/","og_locale":"fr_FR","og_type":"article","og_title":"El Gouna 2023 : Cin\u00e9ma, Humanit\u00e9 et Solidarit\u00e9 avec la Palestine","og_description":"La 6\u00e8me \u00e9dition du Festival d'El Gouna s'est d\u00e9roul\u00e9e exceptionnellement du 14 au 21 d\u00e9cembre 2023. Initialement pr\u00e9vu en octobre, l'\u00e9v\u00e9nement a \u00e9t\u00e9 report\u00e9 en...","og_url":"https:\/\/www.webdo.tn\/fr\/actualite\/culture\/el-gouna-2023-solidarite-avec-la-palestine\/211227\/","og_site_name":"webdo","article_publisher":"https:\/\/www.facebook.com\/webdotn","article_author":"https:\/\/www.facebook.com\/massir.destiniii\/","article_published_time":"2024-01-01T22:42:00+00:00","article_modified_time":"2025-05-21T08:56:12+00:00","og_image":[{"width":750,"height":400,"url":"https:\/\/www.webdo.tn\/fr\/wp-content\/uploads\/2024\/01\/5983fa5de8deb1eaef2e813bf0db6f38.jpeg","type":"image\/jpeg"}],"author":"Ne\u00efla DRISS","twitter_card":"summary_large_image","twitter_creator":"@https:\/\/x.com\/MassirDestin","twitter_site":"@webdo_tn","twitter_misc":{"\u00c9crit par":"Ne\u00efla DRISS","Dur\u00e9e de lecture estim\u00e9e":"5 minutes"},"schema":{"@context":"https:\/\/schema.org","@graph":[{"@type":"NewsArticle","@id":"https:\/\/www.webdo.tn\/fr\/actualite\/culture\/el-gouna-2023-solidarite-avec-la-palestine\/211227\/#article","isPartOf":{"@id":"https:\/\/www.webdo.tn\/fr\/actualite\/culture\/el-gouna-2023-solidarite-avec-la-palestine\/211227\/"},"author":{"name":"Ne\u00efla DRISS","@id":"https:\/\/www.webdo.tn\/fr\/#\/schema\/person\/60d5ba619ed3f58783b0dc82b7dada80"},"headline":"El Gouna 2023 : Cin\u00e9ma, Humanit\u00e9 et Solidarit\u00e9 avec la Palestine","datePublished":"2024-01-01T22:42:00+00:00","dateModified":"2025-05-21T08:56:12+00:00","mainEntityOfPage":{"@id":"https:\/\/www.webdo.tn\/fr\/actualite\/culture\/el-gouna-2023-solidarite-avec-la-palestine\/211227\/"},"wordCount":1108,"commentCount":0,"publisher":{"@id":"https:\/\/www.webdo.tn\/fr\/#organization"},"image":{"@id":"https:\/\/www.webdo.tn\/fr\/actualite\/culture\/el-gouna-2023-solidarite-avec-la-palestine\/211227\/#primaryimage"},"thumbnailUrl":"https:\/\/www.webdo.tn\/fr\/wp-content\/uploads\/2024\/01\/5983fa5de8deb1eaef2e813bf0db6f38.jpeg","keywords":["El Gouna","El Gouna 2023","Festival du Film d'El Gouna","GFF","GFF 2023","Palestine"],"articleSection":["Culture"],"inLanguage":"fr-FR"},{"@type":"WebPage","@id":"https:\/\/www.webdo.tn\/fr\/actualite\/culture\/el-gouna-2023-solidarite-avec-la-palestine\/211227\/","url":"https:\/\/www.webdo.tn\/fr\/actualite\/culture\/el-gouna-2023-solidarite-avec-la-palestine\/211227\/","name":"El Gouna 2023 : Cin\u00e9ma, Humanit\u00e9 et Solidarit\u00e9 avec la Palestine","isPartOf":{"@id":"https:\/\/www.webdo.tn\/fr\/#website"},"primaryImageOfPage":{"@id":"https:\/\/www.webdo.tn\/fr\/actualite\/culture\/el-gouna-2023-solidarite-avec-la-palestine\/211227\/#primaryimage"},"image":{"@id":"https:\/\/www.webdo.tn\/fr\/actualite\/culture\/el-gouna-2023-solidarite-avec-la-palestine\/211227\/#primaryimage"},"thumbnailUrl":"https:\/\/www.webdo.tn\/fr\/wp-content\/uploads\/2024\/01\/5983fa5de8deb1eaef2e813bf0db6f38.jpeg","datePublished":"2024-01-01T22:42:00+00:00","dateModified":"2025-05-21T08:56:12+00:00","description":"La 6\u00e8me \u00e9dition du Festival d'El Gouna s'est d\u00e9roul\u00e9e exceptionnellement du 14 au 21 d\u00e9cembre 2023. Initialement pr\u00e9vu en octobre, l'\u00e9v\u00e9nement a \u00e9t\u00e9 report\u00e9 en...","breadcrumb":{"@id":"https:\/\/www.webdo.tn\/fr\/actualite\/culture\/el-gouna-2023-solidarite-avec-la-palestine\/211227\/#breadcrumb"},"inLanguage":"fr-FR","potentialAction":[{"@type":"ReadAction","target":["https:\/\/www.webdo.tn\/fr\/actualite\/culture\/el-gouna-2023-solidarite-avec-la-palestine\/211227\/"]}]},{"@type":"ImageObject","inLanguage":"fr-FR","@id":"https:\/\/www.webdo.tn\/fr\/actualite\/culture\/el-gouna-2023-solidarite-avec-la-palestine\/211227\/#primaryimage","url":"https:\/\/www.webdo.tn\/fr\/wp-content\/uploads\/2024\/01\/5983fa5de8deb1eaef2e813bf0db6f38.jpeg","contentUrl":"https:\/\/www.webdo.tn\/fr\/wp-content\/uploads\/2024\/01\/5983fa5de8deb1eaef2e813bf0db6f38.jpeg","width":750,"height":400,"caption":"El Gouna 2023 : Cin\u00e9ma, Humanit\u00e9 et Solidarit\u00e9 avec la Palestine"},{"@type":"BreadcrumbList","@id":"https:\/\/www.webdo.tn\/fr\/actualite\/culture\/el-gouna-2023-solidarite-avec-la-palestine\/211227\/#breadcrumb","itemListElement":[{"@type":"ListItem","position":1,"name":"Accueil","item":"https:\/\/www.webdo.tn\/fr\/"},{"@type":"ListItem","position":2,"name":"El Gouna 2023 : Cin\u00e9ma, Humanit\u00e9 et Solidarit\u00e9 avec la Palestine"}]},{"@type":"WebSite","@id":"https:\/\/www.webdo.tn\/fr\/#website","url":"https:\/\/www.webdo.tn\/fr\/","name":"webdo","description":"Tunisie - News en Tunisie et \u00e0 l&#039;international sur Webdo.tn","publisher":{"@id":"https:\/\/www.webdo.tn\/fr\/#organization"},"potentialAction":[{"@type":"SearchAction","target":{"@type":"EntryPoint","urlTemplate":"https:\/\/www.webdo.tn\/fr\/?s={search_term_string}"},"query-input":{"@type":"PropertyValueSpecification","valueRequired":true,"valueName":"search_term_string"}}],"inLanguage":"fr-FR"},{"@type":"Organization","@id":"https:\/\/www.webdo.tn\/fr\/#organization","name":"Webdo","alternateName":"Webdo.tn","url":"https:\/\/www.webdo.tn\/fr\/","logo":{"@type":"ImageObject","inLanguage":"fr-FR","@id":"https:\/\/www.webdo.tn\/fr\/#\/schema\/logo\/image\/","url":"https:\/\/www.webdo.tn\/fr\/wp-content\/uploads\/2025\/06\/Webdo-Tunisie_168377.jpg","contentUrl":"https:\/\/www.webdo.tn\/fr\/wp-content\/uploads\/2025\/06\/Webdo-Tunisie_168377.jpg","width":301,"height":301,"caption":"Webdo"},"image":{"@id":"https:\/\/www.webdo.tn\/fr\/#\/schema\/logo\/image\/"},"sameAs":["https:\/\/www.facebook.com\/webdotn","https:\/\/x.com\/webdo_tn"],"description":"Webdo est un m\u00e9dia num\u00e9rique tunisien fond\u00e9 en 2010, sp\u00e9cialis\u00e9 dans l\u2019actualit\u00e9 nationale et internationale, l\u2019\u00e9conomie, la soci\u00e9t\u00e9 et les analyses politiques. Le site s\u2019adresse \u00e0 un large public francophone et couvre l\u2019information tunisienne en temps r\u00e9el.","email":"redac@webdo.tn","legalName":"YNJ SARL","foundingDate":"2010-09-06","numberOfEmployees":{"@type":"QuantitativeValue","minValue":"11","maxValue":"50"}},{"@type":"Person","@id":"https:\/\/www.webdo.tn\/fr\/#\/schema\/person\/60d5ba619ed3f58783b0dc82b7dada80","name":"Ne\u00efla DRISS","image":{"@type":"ImageObject","inLanguage":"fr-FR","@id":"https:\/\/www.webdo.tn\/fr\/wp-content\/uploads\/2026\/04\/neila-driss_avatar-96x96.jpg","url":"https:\/\/www.webdo.tn\/fr\/wp-content\/uploads\/2026\/04\/neila-driss_avatar-96x96.jpg","contentUrl":"https:\/\/www.webdo.tn\/fr\/wp-content\/uploads\/2026\/04\/neila-driss_avatar-96x96.jpg","caption":"Ne\u00efla DRISS"},"description":"Ne\u00efla Driss est juriste, journaliste culturelle et critique de cin\u00e9ma tunisienne. Titulaire d\u2019un DEA en droit priv\u00e9 de l\u2019Universit\u00e9 Paris II et d\u2019un DESS de l\u2019IHEC Carthage, elle d\u00e9bute sa carri\u00e8re comme juriste sp\u00e9cialis\u00e9e en gestion de patrimoine immobilier. Elle s\u2019oriente ensuite vers l\u2019\u00e9criture en ligne, o\u00f9 elle se distingue d\u00e8s 2006 aux Tunisia Blog Awards, avant de se consacrer au journalisme culturel, avec une sp\u00e9cialisation dans la critique cin\u00e9matographique. Elle couvre r\u00e9guli\u00e8rement les grands festivals internationaux, notamment le Festival de Cannes, les Journ\u00e9es Cin\u00e9matographiques de Carthage et le Festival du film du Caire. Membre de l\u2019ATPCC et de la FIPRESCI, elle participe \u00e0 des jurys et initiatives internationales de critique. Depuis 2024, elle est \u00e9lectrice internationale aux Golden Globes. Facebook : https:\/\/www.facebook.com\/massir.destiniii\/ X : https:\/\/x.com\/MassirDestin","sameAs":["https:\/\/www.facebook.com\/massir.destiniii\/","https:\/\/www.instagram.com\/neila.driss\/?hl=fr","https:\/\/www.linkedin.com\/in\/neila-driss-22606a80\/","https:\/\/x.com\/https:\/\/x.com\/MassirDestin"],"knowsAbout":["Cin\u00e9ma international","critique cin\u00e9matographique","festivals de cin\u00e9ma","journalisme culturel"],"knowsLanguage":["Fran\u00e7ais","Arabe","Anglais"],"jobTitle":"Journaliste culturelle et critique de cin\u00e9ma","worksFor":"Webdo","url":"https:\/\/www.webdo.tn\/fr\/actualite\/author\/neila-driss\/"}]}},"_links":{"self":[{"href":"https:\/\/www.webdo.tn\/fr\/wp-json\/wp\/v2\/posts\/211227","targetHints":{"allow":["GET"]}}],"collection":[{"href":"https:\/\/www.webdo.tn\/fr\/wp-json\/wp\/v2\/posts"}],"about":[{"href":"https:\/\/www.webdo.tn\/fr\/wp-json\/wp\/v2\/types\/post"}],"author":[{"embeddable":true,"href":"https:\/\/www.webdo.tn\/fr\/wp-json\/wp\/v2\/users\/3164"}],"replies":[{"embeddable":true,"href":"https:\/\/www.webdo.tn\/fr\/wp-json\/wp\/v2\/comments?post=211227"}],"version-history":[{"count":0,"href":"https:\/\/www.webdo.tn\/fr\/wp-json\/wp\/v2\/posts\/211227\/revisions"}],"wp:featuredmedia":[{"embeddable":true,"href":"https:\/\/www.webdo.tn\/fr\/wp-json\/wp\/v2\/media\/248366"}],"wp:attachment":[{"href":"https:\/\/www.webdo.tn\/fr\/wp-json\/wp\/v2\/media?parent=211227"}],"wp:term":[{"taxonomy":"category","embeddable":true,"href":"https:\/\/www.webdo.tn\/fr\/wp-json\/wp\/v2\/categories?post=211227"},{"taxonomy":"post_tag","embeddable":true,"href":"https:\/\/www.webdo.tn\/fr\/wp-json\/wp\/v2\/tags?post=211227"}],"curies":[{"name":"wp","href":"https:\/\/api.w.org\/{rel}","templated":true}]}}