{"id":211224,"date":"2024-01-01T16:38:00","date_gmt":"2024-01-01T16:38:00","guid":{"rendered":"https:\/\/www.webdo.tn\/fr\/blog\/la-guerre-a-gaza-va-se-poursuivre-tout-au-long-de-2024-annonce-l-armee-sioniste\/211224\/"},"modified":"2025-05-20T22:38:43","modified_gmt":"2025-05-20T22:38:43","slug":"la-guerre-a-gaza-va-se-poursuivre-tout-au-long-de-2024-annonce-l-armee-sioniste","status":"publish","type":"post","link":"https:\/\/www.webdo.tn\/fr\/actualite\/international\/la-guerre-a-gaza-va-se-poursuivre-tout-au-long-de-2024-annonce-l-armee-sioniste\/211224\/","title":{"rendered":"La guerre \u00e0 Gaza va se poursuivre tout au long de 2024, annonce l\u2019arm\u00e9e sioniste"},"content":{"rendered":"<p>La guerre entre Isra\u00ebl et le mouvement islamiste palestinien Hamas dans la bande de Gaza se poursuivra \u00ab\u00a0tout au long\u00a0\u00bb de l&rsquo;ann\u00e9e 2024, a d\u00e9clar\u00e9 l\u2019arm\u00e9e isra\u00e9lienne dans un communiqu\u00e9 ce lundi 1er janvier 2024.\u00a0<\/p>\n<p>\t\t\t\t\t\t\t\t\t\u00a0<\/p>\n<p>\u00ab L&rsquo;arm\u00e9e doit planifier \u00e0 l&rsquo;avance car nous serons sollicit\u00e9s pour des t\u00e2ches et des combats suppl\u00e9mentaires tout au long de cette ann\u00e9e\u00a0\u00bb, a annonc\u00e9 \u00e0 la presse Daniel Hagari.<\/p>\n<p>\u00ab\u00a0Certains r\u00e9servistes retrouveront leur famille et leur emploi cette semaine\u00a0\u00bb, a assur\u00e9 Daniel Hagari, ce qui leur \u00ab\u00a0permettra de reprendre des forces pour les activit\u00e9s \u00e0 venir au cours de l&rsquo;ann\u00e9e prochaine\u00a0\u00bb.<\/p>\n<p>Selon un bilan annonc\u00e9 dimanche 31 d\u00e9cembre 2023 par le minist\u00e8re de la Sant\u00e9 \u00e0 Gaza, 21.822 personnes, en majorit\u00e9 des femmes, des adolescents et des enfants, ont \u00e9t\u00e9 tu\u00e9es dans le petit territoire palestinien surpeupl\u00e9 depuis le d\u00e9but du conflit, et 56.451 bless\u00e9s.<\/p>\n","protected":false},"excerpt":{"rendered":"<p>\u00ab L&rsquo;arm\u00e9e doit planifier \u00e0 l&rsquo;avance car nous serons sollicit\u00e9s pour des t\u00e2ches et des combats suppl\u00e9mentaires tout au long de cette ann\u00e9e , a annonc\u00e9 \u00e0 la press&#8230;<\/p>\n","protected":false},"author":3175,"featured_media":248362,"comment_status":"open","ping_status":"closed","sticky":false,"template":"","format":"standard","meta":{"footnotes":""},"categories":[2598],"tags":[2689,2600,2636],"class_list":["post-211224","post","type-post","status-publish","format-standard","has-post-thumbnail","hentry","category-international","tag-gaza","tag-guerre","tag-israel"],"yoast_head":"<!-- This site is optimized with the Yoast SEO Premium plugin v27.4 (Yoast SEO v27.4) - https:\/\/yoast.com\/product\/yoast-seo-premium-wordpress\/ -->\n<title>La guerre \u00e0 Gaza va se poursuivre tout au long de 2024, annonce l\u2019arm\u00e9e sioniste<\/title>\n<meta name=\"description\" content=\"\u00ab L&#039;arm\u00e9e doit planifier \u00e0 l&#039;avance car nous serons sollicit\u00e9s pour des t\u00e2ches et des combats suppl\u00e9mentaires tout au long de cette ann\u00e9e , a annonc\u00e9 \u00e0 la press...\" \/>\n<link rel=\"canonical\" href=\"https:\/\/www.webdo.tn\/fr\/actualite\/international\/la-guerre-a-gaza-va-se-poursuivre-tout-au-long-de-2024-annonce-l-armee-sioniste\/211224\/\" \/>\n<meta property=\"og:locale\" content=\"fr_FR\" \/>\n<meta property=\"og:type\" content=\"article\" \/>\n<meta property=\"og:title\" content=\"La guerre \u00e0 Gaza va se poursuivre tout au long de 2024, annonce l\u2019arm\u00e9e sioniste\" \/>\n<meta property=\"og:description\" content=\"\u00ab L&#039;arm\u00e9e doit planifier \u00e0 l&#039;avance car nous serons sollicit\u00e9s pour des t\u00e2ches et des combats suppl\u00e9mentaires tout au long de cette ann\u00e9e , a annonc\u00e9 \u00e0 la press...\" \/>\n<meta property=\"og:url\" content=\"https:\/\/www.webdo.tn\/fr\/actualite\/international\/la-guerre-a-gaza-va-se-poursuivre-tout-au-long-de-2024-annonce-l-armee-sioniste\/211224\/\" \/>\n<meta property=\"og:site_name\" content=\"webdo\" \/>\n<meta property=\"article:publisher\" content=\"https:\/\/www.facebook.com\/webdotn\" \/>\n<meta property=\"article:published_time\" content=\"2024-01-01T16:38:00+00:00\" \/>\n<meta property=\"article:modified_time\" content=\"2025-05-20T22:38:43+00:00\" \/>\n<meta property=\"og:image\" content=\"https:\/\/www.webdo.tn\/fr\/wp-content\/uploads\/2024\/01\/133484354305c2cd31fcda363ee071e7.jpg\" \/>\n\t<meta property=\"og:image:width\" content=\"750\" \/>\n\t<meta property=\"og:image:height\" content=\"400\" \/>\n\t<meta property=\"og:image:type\" content=\"image\/jpeg\" \/>\n<meta name=\"author\" content=\"CL\" \/>\n<meta name=\"twitter:card\" content=\"summary_large_image\" \/>\n<meta name=\"twitter:creator\" content=\"@webdo_tn\" \/>\n<meta name=\"twitter:site\" content=\"@webdo_tn\" \/>\n<meta name=\"twitter:label1\" content=\"\u00c9crit par\" \/>\n\t<meta name=\"twitter:data1\" content=\"CL\" \/>\n\t<meta name=\"twitter:label2\" content=\"Dur\u00e9e de lecture estim\u00e9e\" \/>\n\t<meta name=\"twitter:data2\" content=\"1 minute\" \/>\n<script type=\"application\/ld+json\" class=\"yoast-schema-graph\">{\"@context\":\"https:\\\/\\\/schema.org\",\"@graph\":[{\"@type\":\"NewsArticle\",\"@id\":\"https:\\\/\\\/www.webdo.tn\\\/fr\\\/actualite\\\/international\\\/la-guerre-a-gaza-va-se-poursuivre-tout-au-long-de-2024-annonce-l-armee-sioniste\\\/211224\\\/#article\",\"isPartOf\":{\"@id\":\"https:\\\/\\\/www.webdo.tn\\\/fr\\\/actualite\\\/international\\\/la-guerre-a-gaza-va-se-poursuivre-tout-au-long-de-2024-annonce-l-armee-sioniste\\\/211224\\\/\"},\"author\":{\"name\":\"CL\",\"@id\":\"https:\\\/\\\/www.webdo.tn\\\/fr\\\/#\\\/schema\\\/person\\\/f35b42a42c5e2511bbd282959d6385cc\"},\"headline\":\"La guerre \u00e0 Gaza va se poursuivre tout au long de 2024, annonce l\u2019arm\u00e9e sioniste\",\"datePublished\":\"2024-01-01T16:38:00+00:00\",\"dateModified\":\"2025-05-20T22:38:43+00:00\",\"mainEntityOfPage\":{\"@id\":\"https:\\\/\\\/www.webdo.tn\\\/fr\\\/actualite\\\/international\\\/la-guerre-a-gaza-va-se-poursuivre-tout-au-long-de-2024-annonce-l-armee-sioniste\\\/211224\\\/\"},\"wordCount\":168,\"commentCount\":0,\"publisher\":{\"@id\":\"https:\\\/\\\/www.webdo.tn\\\/fr\\\/#organization\"},\"image\":{\"@id\":\"https:\\\/\\\/www.webdo.tn\\\/fr\\\/actualite\\\/international\\\/la-guerre-a-gaza-va-se-poursuivre-tout-au-long-de-2024-annonce-l-armee-sioniste\\\/211224\\\/#primaryimage\"},\"thumbnailUrl\":\"https:\\\/\\\/www.webdo.tn\\\/fr\\\/wp-content\\\/uploads\\\/2024\\\/01\\\/133484354305c2cd31fcda363ee071e7.jpg\",\"keywords\":[\"Gaza\",\"guerre\",\"isra\u00ebl\"],\"articleSection\":[\"International\"],\"inLanguage\":\"fr-FR\"},{\"@type\":\"WebPage\",\"@id\":\"https:\\\/\\\/www.webdo.tn\\\/fr\\\/actualite\\\/international\\\/la-guerre-a-gaza-va-se-poursuivre-tout-au-long-de-2024-annonce-l-armee-sioniste\\\/211224\\\/\",\"url\":\"https:\\\/\\\/www.webdo.tn\\\/fr\\\/actualite\\\/international\\\/la-guerre-a-gaza-va-se-poursuivre-tout-au-long-de-2024-annonce-l-armee-sioniste\\\/211224\\\/\",\"name\":\"La guerre \u00e0 Gaza va se poursuivre tout au long de 2024, annonce l\u2019arm\u00e9e sioniste\",\"isPartOf\":{\"@id\":\"https:\\\/\\\/www.webdo.tn\\\/fr\\\/#website\"},\"primaryImageOfPage\":{\"@id\":\"https:\\\/\\\/www.webdo.tn\\\/fr\\\/actualite\\\/international\\\/la-guerre-a-gaza-va-se-poursuivre-tout-au-long-de-2024-annonce-l-armee-sioniste\\\/211224\\\/#primaryimage\"},\"image\":{\"@id\":\"https:\\\/\\\/www.webdo.tn\\\/fr\\\/actualite\\\/international\\\/la-guerre-a-gaza-va-se-poursuivre-tout-au-long-de-2024-annonce-l-armee-sioniste\\\/211224\\\/#primaryimage\"},\"thumbnailUrl\":\"https:\\\/\\\/www.webdo.tn\\\/fr\\\/wp-content\\\/uploads\\\/2024\\\/01\\\/133484354305c2cd31fcda363ee071e7.jpg\",\"datePublished\":\"2024-01-01T16:38:00+00:00\",\"dateModified\":\"2025-05-20T22:38:43+00:00\",\"description\":\"\u00ab L'arm\u00e9e doit planifier \u00e0 l'avance car nous serons sollicit\u00e9s pour des t\u00e2ches et des combats suppl\u00e9mentaires tout au long de cette ann\u00e9e , a annonc\u00e9 \u00e0 la press...\",\"breadcrumb\":{\"@id\":\"https:\\\/\\\/www.webdo.tn\\\/fr\\\/actualite\\\/international\\\/la-guerre-a-gaza-va-se-poursuivre-tout-au-long-de-2024-annonce-l-armee-sioniste\\\/211224\\\/#breadcrumb\"},\"inLanguage\":\"fr-FR\",\"potentialAction\":[{\"@type\":\"ReadAction\",\"target\":[\"https:\\\/\\\/www.webdo.tn\\\/fr\\\/actualite\\\/international\\\/la-guerre-a-gaza-va-se-poursuivre-tout-au-long-de-2024-annonce-l-armee-sioniste\\\/211224\\\/\"]}]},{\"@type\":\"ImageObject\",\"inLanguage\":\"fr-FR\",\"@id\":\"https:\\\/\\\/www.webdo.tn\\\/fr\\\/actualite\\\/international\\\/la-guerre-a-gaza-va-se-poursuivre-tout-au-long-de-2024-annonce-l-armee-sioniste\\\/211224\\\/#primaryimage\",\"url\":\"https:\\\/\\\/www.webdo.tn\\\/fr\\\/wp-content\\\/uploads\\\/2024\\\/01\\\/133484354305c2cd31fcda363ee071e7.jpg\",\"contentUrl\":\"https:\\\/\\\/www.webdo.tn\\\/fr\\\/wp-content\\\/uploads\\\/2024\\\/01\\\/133484354305c2cd31fcda363ee071e7.jpg\",\"width\":750,\"height\":400,\"caption\":\"La guerre \u00e0 Gaza va se poursuivre tout au long de 2024, annonce l\u2019arm\u00e9e sioniste\"},{\"@type\":\"BreadcrumbList\",\"@id\":\"https:\\\/\\\/www.webdo.tn\\\/fr\\\/actualite\\\/international\\\/la-guerre-a-gaza-va-se-poursuivre-tout-au-long-de-2024-annonce-l-armee-sioniste\\\/211224\\\/#breadcrumb\",\"itemListElement\":[{\"@type\":\"ListItem\",\"position\":1,\"name\":\"Accueil\",\"item\":\"https:\\\/\\\/www.webdo.tn\\\/fr\\\/\"},{\"@type\":\"ListItem\",\"position\":2,\"name\":\"La guerre \u00e0 Gaza va se poursuivre tout au long de 2024, annonce l\u2019arm\u00e9e sioniste\"}]},{\"@type\":\"WebSite\",\"@id\":\"https:\\\/\\\/www.webdo.tn\\\/fr\\\/#website\",\"url\":\"https:\\\/\\\/www.webdo.tn\\\/fr\\\/\",\"name\":\"webdo\",\"description\":\"Tunisie - News en Tunisie et \u00e0 l&#039;international sur Webdo.tn\",\"publisher\":{\"@id\":\"https:\\\/\\\/www.webdo.tn\\\/fr\\\/#organization\"},\"potentialAction\":[{\"@type\":\"SearchAction\",\"target\":{\"@type\":\"EntryPoint\",\"urlTemplate\":\"https:\\\/\\\/www.webdo.tn\\\/fr\\\/?s={search_term_string}\"},\"query-input\":{\"@type\":\"PropertyValueSpecification\",\"valueRequired\":true,\"valueName\":\"search_term_string\"}}],\"inLanguage\":\"fr-FR\"},{\"@type\":\"Organization\",\"@id\":\"https:\\\/\\\/www.webdo.tn\\\/fr\\\/#organization\",\"name\":\"Webdo\",\"alternateName\":\"Webdo.tn\",\"url\":\"https:\\\/\\\/www.webdo.tn\\\/fr\\\/\",\"logo\":{\"@type\":\"ImageObject\",\"inLanguage\":\"fr-FR\",\"@id\":\"https:\\\/\\\/www.webdo.tn\\\/fr\\\/#\\\/schema\\\/logo\\\/image\\\/\",\"url\":\"https:\\\/\\\/www.webdo.tn\\\/fr\\\/wp-content\\\/uploads\\\/2025\\\/06\\\/Webdo-Tunisie_168377.jpg\",\"contentUrl\":\"https:\\\/\\\/www.webdo.tn\\\/fr\\\/wp-content\\\/uploads\\\/2025\\\/06\\\/Webdo-Tunisie_168377.jpg\",\"width\":301,\"height\":301,\"caption\":\"Webdo\"},\"image\":{\"@id\":\"https:\\\/\\\/www.webdo.tn\\\/fr\\\/#\\\/schema\\\/logo\\\/image\\\/\"},\"sameAs\":[\"https:\\\/\\\/www.facebook.com\\\/webdotn\",\"https:\\\/\\\/x.com\\\/webdo_tn\"],\"description\":\"Webdo est un m\u00e9dia num\u00e9rique tunisien fond\u00e9 en 2010, sp\u00e9cialis\u00e9 dans l\u2019actualit\u00e9 nationale et internationale, l\u2019\u00e9conomie, la soci\u00e9t\u00e9 et les analyses politiques. Le site s\u2019adresse \u00e0 un large public francophone et couvre l\u2019information tunisienne en temps r\u00e9el.\",\"email\":\"redac@webdo.tn\",\"legalName\":\"YNJ SARL\",\"foundingDate\":\"2010-09-06\",\"numberOfEmployees\":{\"@type\":\"QuantitativeValue\",\"minValue\":\"11\",\"maxValue\":\"50\"}},{\"@type\":\"Person\",\"@id\":\"https:\\\/\\\/www.webdo.tn\\\/fr\\\/#\\\/schema\\\/person\\\/f35b42a42c5e2511bbd282959d6385cc\",\"name\":\"CL\",\"image\":{\"@type\":\"ImageObject\",\"inLanguage\":\"fr-FR\",\"@id\":\"https:\\\/\\\/secure.gravatar.com\\\/avatar\\\/1447a49909b67aa657c488aec6512e1dd6143a480c1ecfee9b5b5cd74eb3b59e?s=96&d=mm&r=g\",\"url\":\"https:\\\/\\\/secure.gravatar.com\\\/avatar\\\/1447a49909b67aa657c488aec6512e1dd6143a480c1ecfee9b5b5cd74eb3b59e?s=96&d=mm&r=g\",\"contentUrl\":\"https:\\\/\\\/secure.gravatar.com\\\/avatar\\\/1447a49909b67aa657c488aec6512e1dd6143a480c1ecfee9b5b5cd74eb3b59e?s=96&d=mm&r=g\",\"caption\":\"CL\"},\"url\":\"https:\\\/\\\/www.webdo.tn\\\/fr\\\/actualite\\\/author\\\/cl\\\/\"}]}<\/script>\n<!-- \/ Yoast SEO Premium plugin. -->","yoast_head_json":{"title":"La guerre \u00e0 Gaza va se poursuivre tout au long de 2024, annonce l\u2019arm\u00e9e sioniste","description":"\u00ab L'arm\u00e9e doit planifier \u00e0 l'avance car nous serons sollicit\u00e9s pour des t\u00e2ches et des combats suppl\u00e9mentaires tout au long de cette ann\u00e9e , a annonc\u00e9 \u00e0 la press...","canonical":"https:\/\/www.webdo.tn\/fr\/actualite\/international\/la-guerre-a-gaza-va-se-poursuivre-tout-au-long-de-2024-annonce-l-armee-sioniste\/211224\/","og_locale":"fr_FR","og_type":"article","og_title":"La guerre \u00e0 Gaza va se poursuivre tout au long de 2024, annonce l\u2019arm\u00e9e sioniste","og_description":"\u00ab L'arm\u00e9e doit planifier \u00e0 l'avance car nous serons sollicit\u00e9s pour des t\u00e2ches et des combats suppl\u00e9mentaires tout au long de cette ann\u00e9e , a annonc\u00e9 \u00e0 la press...","og_url":"https:\/\/www.webdo.tn\/fr\/actualite\/international\/la-guerre-a-gaza-va-se-poursuivre-tout-au-long-de-2024-annonce-l-armee-sioniste\/211224\/","og_site_name":"webdo","article_publisher":"https:\/\/www.facebook.com\/webdotn","article_published_time":"2024-01-01T16:38:00+00:00","article_modified_time":"2025-05-20T22:38:43+00:00","og_image":[{"width":750,"height":400,"url":"https:\/\/www.webdo.tn\/fr\/wp-content\/uploads\/2024\/01\/133484354305c2cd31fcda363ee071e7.jpg","type":"image\/jpeg"}],"author":"CL","twitter_card":"summary_large_image","twitter_creator":"@webdo_tn","twitter_site":"@webdo_tn","twitter_misc":{"\u00c9crit par":"CL","Dur\u00e9e de lecture estim\u00e9e":"1 minute"},"schema":{"@context":"https:\/\/schema.org","@graph":[{"@type":"NewsArticle","@id":"https:\/\/www.webdo.tn\/fr\/actualite\/international\/la-guerre-a-gaza-va-se-poursuivre-tout-au-long-de-2024-annonce-l-armee-sioniste\/211224\/#article","isPartOf":{"@id":"https:\/\/www.webdo.tn\/fr\/actualite\/international\/la-guerre-a-gaza-va-se-poursuivre-tout-au-long-de-2024-annonce-l-armee-sioniste\/211224\/"},"author":{"name":"CL","@id":"https:\/\/www.webdo.tn\/fr\/#\/schema\/person\/f35b42a42c5e2511bbd282959d6385cc"},"headline":"La guerre \u00e0 Gaza va se poursuivre tout au long de 2024, annonce l\u2019arm\u00e9e sioniste","datePublished":"2024-01-01T16:38:00+00:00","dateModified":"2025-05-20T22:38:43+00:00","mainEntityOfPage":{"@id":"https:\/\/www.webdo.tn\/fr\/actualite\/international\/la-guerre-a-gaza-va-se-poursuivre-tout-au-long-de-2024-annonce-l-armee-sioniste\/211224\/"},"wordCount":168,"commentCount":0,"publisher":{"@id":"https:\/\/www.webdo.tn\/fr\/#organization"},"image":{"@id":"https:\/\/www.webdo.tn\/fr\/actualite\/international\/la-guerre-a-gaza-va-se-poursuivre-tout-au-long-de-2024-annonce-l-armee-sioniste\/211224\/#primaryimage"},"thumbnailUrl":"https:\/\/www.webdo.tn\/fr\/wp-content\/uploads\/2024\/01\/133484354305c2cd31fcda363ee071e7.jpg","keywords":["Gaza","guerre","isra\u00ebl"],"articleSection":["International"],"inLanguage":"fr-FR"},{"@type":"WebPage","@id":"https:\/\/www.webdo.tn\/fr\/actualite\/international\/la-guerre-a-gaza-va-se-poursuivre-tout-au-long-de-2024-annonce-l-armee-sioniste\/211224\/","url":"https:\/\/www.webdo.tn\/fr\/actualite\/international\/la-guerre-a-gaza-va-se-poursuivre-tout-au-long-de-2024-annonce-l-armee-sioniste\/211224\/","name":"La guerre \u00e0 Gaza va se poursuivre tout au long de 2024, annonce l\u2019arm\u00e9e sioniste","isPartOf":{"@id":"https:\/\/www.webdo.tn\/fr\/#website"},"primaryImageOfPage":{"@id":"https:\/\/www.webdo.tn\/fr\/actualite\/international\/la-guerre-a-gaza-va-se-poursuivre-tout-au-long-de-2024-annonce-l-armee-sioniste\/211224\/#primaryimage"},"image":{"@id":"https:\/\/www.webdo.tn\/fr\/actualite\/international\/la-guerre-a-gaza-va-se-poursuivre-tout-au-long-de-2024-annonce-l-armee-sioniste\/211224\/#primaryimage"},"thumbnailUrl":"https:\/\/www.webdo.tn\/fr\/wp-content\/uploads\/2024\/01\/133484354305c2cd31fcda363ee071e7.jpg","datePublished":"2024-01-01T16:38:00+00:00","dateModified":"2025-05-20T22:38:43+00:00","description":"\u00ab L'arm\u00e9e doit planifier \u00e0 l'avance car nous serons sollicit\u00e9s pour des t\u00e2ches et des combats suppl\u00e9mentaires tout au long de cette ann\u00e9e , a annonc\u00e9 \u00e0 la press...","breadcrumb":{"@id":"https:\/\/www.webdo.tn\/fr\/actualite\/international\/la-guerre-a-gaza-va-se-poursuivre-tout-au-long-de-2024-annonce-l-armee-sioniste\/211224\/#breadcrumb"},"inLanguage":"fr-FR","potentialAction":[{"@type":"ReadAction","target":["https:\/\/www.webdo.tn\/fr\/actualite\/international\/la-guerre-a-gaza-va-se-poursuivre-tout-au-long-de-2024-annonce-l-armee-sioniste\/211224\/"]}]},{"@type":"ImageObject","inLanguage":"fr-FR","@id":"https:\/\/www.webdo.tn\/fr\/actualite\/international\/la-guerre-a-gaza-va-se-poursuivre-tout-au-long-de-2024-annonce-l-armee-sioniste\/211224\/#primaryimage","url":"https:\/\/www.webdo.tn\/fr\/wp-content\/uploads\/2024\/01\/133484354305c2cd31fcda363ee071e7.jpg","contentUrl":"https:\/\/www.webdo.tn\/fr\/wp-content\/uploads\/2024\/01\/133484354305c2cd31fcda363ee071e7.jpg","width":750,"height":400,"caption":"La guerre \u00e0 Gaza va se poursuivre tout au long de 2024, annonce l\u2019arm\u00e9e sioniste"},{"@type":"BreadcrumbList","@id":"https:\/\/www.webdo.tn\/fr\/actualite\/international\/la-guerre-a-gaza-va-se-poursuivre-tout-au-long-de-2024-annonce-l-armee-sioniste\/211224\/#breadcrumb","itemListElement":[{"@type":"ListItem","position":1,"name":"Accueil","item":"https:\/\/www.webdo.tn\/fr\/"},{"@type":"ListItem","position":2,"name":"La guerre \u00e0 Gaza va se poursuivre tout au long de 2024, annonce l\u2019arm\u00e9e sioniste"}]},{"@type":"WebSite","@id":"https:\/\/www.webdo.tn\/fr\/#website","url":"https:\/\/www.webdo.tn\/fr\/","name":"webdo","description":"Tunisie - News en Tunisie et \u00e0 l&#039;international sur Webdo.tn","publisher":{"@id":"https:\/\/www.webdo.tn\/fr\/#organization"},"potentialAction":[{"@type":"SearchAction","target":{"@type":"EntryPoint","urlTemplate":"https:\/\/www.webdo.tn\/fr\/?s={search_term_string}"},"query-input":{"@type":"PropertyValueSpecification","valueRequired":true,"valueName":"search_term_string"}}],"inLanguage":"fr-FR"},{"@type":"Organization","@id":"https:\/\/www.webdo.tn\/fr\/#organization","name":"Webdo","alternateName":"Webdo.tn","url":"https:\/\/www.webdo.tn\/fr\/","logo":{"@type":"ImageObject","inLanguage":"fr-FR","@id":"https:\/\/www.webdo.tn\/fr\/#\/schema\/logo\/image\/","url":"https:\/\/www.webdo.tn\/fr\/wp-content\/uploads\/2025\/06\/Webdo-Tunisie_168377.jpg","contentUrl":"https:\/\/www.webdo.tn\/fr\/wp-content\/uploads\/2025\/06\/Webdo-Tunisie_168377.jpg","width":301,"height":301,"caption":"Webdo"},"image":{"@id":"https:\/\/www.webdo.tn\/fr\/#\/schema\/logo\/image\/"},"sameAs":["https:\/\/www.facebook.com\/webdotn","https:\/\/x.com\/webdo_tn"],"description":"Webdo est un m\u00e9dia num\u00e9rique tunisien fond\u00e9 en 2010, sp\u00e9cialis\u00e9 dans l\u2019actualit\u00e9 nationale et internationale, l\u2019\u00e9conomie, la soci\u00e9t\u00e9 et les analyses politiques. Le site s\u2019adresse \u00e0 un large public francophone et couvre l\u2019information tunisienne en temps r\u00e9el.","email":"redac@webdo.tn","legalName":"YNJ SARL","foundingDate":"2010-09-06","numberOfEmployees":{"@type":"QuantitativeValue","minValue":"11","maxValue":"50"}},{"@type":"Person","@id":"https:\/\/www.webdo.tn\/fr\/#\/schema\/person\/f35b42a42c5e2511bbd282959d6385cc","name":"CL","image":{"@type":"ImageObject","inLanguage":"fr-FR","@id":"https:\/\/secure.gravatar.com\/avatar\/1447a49909b67aa657c488aec6512e1dd6143a480c1ecfee9b5b5cd74eb3b59e?s=96&d=mm&r=g","url":"https:\/\/secure.gravatar.com\/avatar\/1447a49909b67aa657c488aec6512e1dd6143a480c1ecfee9b5b5cd74eb3b59e?s=96&d=mm&r=g","contentUrl":"https:\/\/secure.gravatar.com\/avatar\/1447a49909b67aa657c488aec6512e1dd6143a480c1ecfee9b5b5cd74eb3b59e?s=96&d=mm&r=g","caption":"CL"},"url":"https:\/\/www.webdo.tn\/fr\/actualite\/author\/cl\/"}]}},"_links":{"self":[{"href":"https:\/\/www.webdo.tn\/fr\/wp-json\/wp\/v2\/posts\/211224","targetHints":{"allow":["GET"]}}],"collection":[{"href":"https:\/\/www.webdo.tn\/fr\/wp-json\/wp\/v2\/posts"}],"about":[{"href":"https:\/\/www.webdo.tn\/fr\/wp-json\/wp\/v2\/types\/post"}],"author":[{"embeddable":true,"href":"https:\/\/www.webdo.tn\/fr\/wp-json\/wp\/v2\/users\/3175"}],"replies":[{"embeddable":true,"href":"https:\/\/www.webdo.tn\/fr\/wp-json\/wp\/v2\/comments?post=211224"}],"version-history":[{"count":0,"href":"https:\/\/www.webdo.tn\/fr\/wp-json\/wp\/v2\/posts\/211224\/revisions"}],"wp:featuredmedia":[{"embeddable":true,"href":"https:\/\/www.webdo.tn\/fr\/wp-json\/wp\/v2\/media\/248362"}],"wp:attachment":[{"href":"https:\/\/www.webdo.tn\/fr\/wp-json\/wp\/v2\/media?parent=211224"}],"wp:term":[{"taxonomy":"category","embeddable":true,"href":"https:\/\/www.webdo.tn\/fr\/wp-json\/wp\/v2\/categories?post=211224"},{"taxonomy":"post_tag","embeddable":true,"href":"https:\/\/www.webdo.tn\/fr\/wp-json\/wp\/v2\/tags?post=211224"}],"curies":[{"name":"wp","href":"https:\/\/api.w.org\/{rel}","templated":true}]}}