{"id":211212,"date":"2023-12-31T11:55:00","date_gmt":"2023-12-31T11:55:00","guid":{"rendered":"https:\/\/www.webdo.tn\/fr\/blog\/gaza-termine-l-annee-sur-le-triste-bilan-de-21-822-martyrs\/211212\/"},"modified":"2025-05-20T21:54:19","modified_gmt":"2025-05-20T21:54:19","slug":"gaza-termine-l-annee-sur-le-triste-bilan-de-21-822-martyrs","status":"publish","type":"post","link":"https:\/\/www.webdo.tn\/fr\/actualite\/international\/gaza-termine-l-annee-sur-le-triste-bilan-de-21-822-martyrs\/211212\/","title":{"rendered":"Gaza termine l\u2019ann\u00e9e sur le triste bilan de 21.822 martyrs"},"content":{"rendered":"<p>La guerre se poursuit sans r\u00e9pit \u00e0 Gaza o\u00f9 le bilan des martyrs continue de s\u2019alourdir de jour en jour atteignant d\u00e9sormais 21.822 martyrs.<\/p>\n<p>\t\t\t\t\t\t\t\t\tLa guerre entre le Hamas et l\u2019entit\u00e9 sioniste est entr\u00e9e, hier, dans sa 13e semaine. Cette guerre meurtri\u00e8re se poursuit sans r\u00e9pit, o\u00f9 l\u2019arm\u00e9e d\u2019occupation continue de bombarder sans rel\u00e2che la bande de Gaza en l&rsquo;absence de perspective concr\u00e8te de cessez-le-feu.<\/p>\n<p>Les intenses bombardements, de jour comme de nuit, alourdissent chaque jour le bilan des martyrs palestiniens. Le minist\u00e8re de la Sant\u00e9 du Hamas a annonc\u00e9, ce dimanche 31 d\u00e9cembre, que les agressions isra\u00e9liennes dans la bande de Gaza avaient fait 21.822 morts depuis le d\u00e9but de la guerre le 7 octobre en majorit\u00e9 des femmes, des adolescents et des enfants.<\/p>\n<p>Cent cinquante personnes ont \u00e9t\u00e9 tu\u00e9es et 286 autres bless\u00e9es au cours des derni\u00e8res 24 heures, a-t-il encore pr\u00e9cis\u00e9, faisant aussi \u00e9tat de 56.451 personnes bless\u00e9es depuis le d\u00e9but de la guerre.<\/p>\n<p>Aujourd\u2019hui, 85% des 2,4 millions d&rsquo;habitants de la bande de Gaza ont d\u00fb fuir leur foyer depuis le 7 octobre selon l&rsquo;ONU, et sont confront\u00e9s \u00e0 une situation humanitaire d\u00e9sastreuse : manque d&rsquo;eau, de nourriture, de m\u00e9dicaments et d&rsquo;infrastructures de base.<\/p>\n<p>Malgr\u00e9 les appels incessants du secr\u00e9taire g\u00e9n\u00e9ral de l&rsquo;ONU, Antonio Guterres, en faveur d\u2019un \u00ab\u00a0cessez-le-feu humanitaire imm\u00e9diat\u00a0\u00bb et la mise en garde de l&rsquo;Organisation mondiale de la sant\u00e9 (OMS) contre la menace croissante de propagation de maladies infectieuses, le Premier ministre isra\u00e9lien Benjamin Netanyahu a affirm\u00e9 que \u00ab\u00a0la guerre allait se poursuivre pendant de longs mois, jusqu&rsquo;\u00e0 ce que le Hamas soit \u00e9limin\u00e9 et les otages lib\u00e9r\u00e9s\u00a0\u00bb.<\/p>\n","protected":false},"excerpt":{"rendered":"<p>La guerre entre le Hamas et l\u2019entit\u00e9 sioniste est entr\u00e9e, hier, dans sa 13e semaine. Cette guerre meurtri\u00e8re se poursuit sans r\u00e9pit, o\u00f9 l\u2019arm\u00e9e d\u2019occupation con&#8230;<\/p>\n","protected":false},"author":3162,"featured_media":248354,"comment_status":"open","ping_status":"closed","sticky":false,"template":"","format":"standard","meta":{"footnotes":""},"categories":[2598],"tags":[5941,2689,4472,2688],"class_list":["post-211212","post","type-post","status-publish","format-standard","has-post-thumbnail","hentry","category-international","tag-bilan","tag-gaza","tag-martyrs","tag-palestine"],"yoast_head":"<!-- This site is optimized with the Yoast SEO Premium plugin v27.5 (Yoast SEO v27.5) - https:\/\/yoast.com\/product\/yoast-seo-premium-wordpress\/ -->\n<title>Gaza termine l\u2019ann\u00e9e sur le triste bilan de 21.822 martyrs<\/title>\n<meta name=\"description\" content=\"La guerre entre le Hamas et l\u2019entit\u00e9 sioniste est entr\u00e9e, hier, dans sa 13e semaine. Cette guerre meurtri\u00e8re se poursuit sans r\u00e9pit, o\u00f9 l\u2019arm\u00e9e d\u2019occupation con...\" \/>\n<link rel=\"canonical\" href=\"https:\/\/www.webdo.tn\/fr\/actualite\/international\/gaza-termine-l-annee-sur-le-triste-bilan-de-21-822-martyrs\/211212\/\" \/>\n<meta property=\"og:locale\" content=\"fr_FR\" \/>\n<meta property=\"og:type\" content=\"article\" \/>\n<meta property=\"og:title\" content=\"Gaza termine l\u2019ann\u00e9e sur le triste bilan de 21.822 martyrs\" \/>\n<meta property=\"og:description\" content=\"La guerre entre le Hamas et l\u2019entit\u00e9 sioniste est entr\u00e9e, hier, dans sa 13e semaine. Cette guerre meurtri\u00e8re se poursuit sans r\u00e9pit, o\u00f9 l\u2019arm\u00e9e d\u2019occupation con...\" \/>\n<meta property=\"og:url\" content=\"https:\/\/www.webdo.tn\/fr\/actualite\/international\/gaza-termine-l-annee-sur-le-triste-bilan-de-21-822-martyrs\/211212\/\" \/>\n<meta property=\"og:site_name\" content=\"webdo\" \/>\n<meta property=\"article:publisher\" content=\"https:\/\/www.facebook.com\/webdotn\" \/>\n<meta property=\"article:published_time\" content=\"2023-12-31T11:55:00+00:00\" \/>\n<meta property=\"article:modified_time\" content=\"2025-05-20T21:54:19+00:00\" \/>\n<meta property=\"og:image\" content=\"https:\/\/www.webdo.tn\/fr\/wp-content\/uploads\/2023\/12\/831fc6a1dd6a5aa7cb4fdc7115b2d486.jpg\" \/>\n\t<meta property=\"og:image:width\" content=\"730\" \/>\n\t<meta property=\"og:image:height\" content=\"389\" \/>\n\t<meta property=\"og:image:type\" content=\"image\/jpeg\" \/>\n<meta name=\"author\" content=\"MC\" \/>\n<meta name=\"twitter:card\" content=\"summary_large_image\" \/>\n<meta name=\"twitter:creator\" content=\"@webdo_tn\" \/>\n<meta name=\"twitter:site\" content=\"@webdo_tn\" \/>\n<meta name=\"twitter:label1\" content=\"\u00c9crit par\" \/>\n\t<meta name=\"twitter:data1\" content=\"MC\" \/>\n\t<meta name=\"twitter:label2\" content=\"Dur\u00e9e de lecture estim\u00e9e\" \/>\n\t<meta name=\"twitter:data2\" content=\"1 minute\" \/>\n<script type=\"application\/ld+json\" class=\"yoast-schema-graph\">{\"@context\":\"https:\\\/\\\/schema.org\",\"@graph\":[{\"@type\":\"NewsArticle\",\"@id\":\"https:\\\/\\\/www.webdo.tn\\\/fr\\\/actualite\\\/international\\\/gaza-termine-l-annee-sur-le-triste-bilan-de-21-822-martyrs\\\/211212\\\/#article\",\"isPartOf\":{\"@id\":\"https:\\\/\\\/www.webdo.tn\\\/fr\\\/actualite\\\/international\\\/gaza-termine-l-annee-sur-le-triste-bilan-de-21-822-martyrs\\\/211212\\\/\"},\"author\":{\"name\":\"MC\",\"@id\":\"https:\\\/\\\/www.webdo.tn\\\/fr\\\/#\\\/schema\\\/person\\\/2c4929cbf5a809e3bd38617c6ce150f6\"},\"headline\":\"Gaza termine l\u2019ann\u00e9e sur le triste bilan de 21.822 martyrs\",\"datePublished\":\"2023-12-31T11:55:00+00:00\",\"dateModified\":\"2025-05-20T21:54:19+00:00\",\"mainEntityOfPage\":{\"@id\":\"https:\\\/\\\/www.webdo.tn\\\/fr\\\/actualite\\\/international\\\/gaza-termine-l-annee-sur-le-triste-bilan-de-21-822-martyrs\\\/211212\\\/\"},\"wordCount\":304,\"commentCount\":0,\"publisher\":{\"@id\":\"https:\\\/\\\/www.webdo.tn\\\/fr\\\/#organization\"},\"image\":{\"@id\":\"https:\\\/\\\/www.webdo.tn\\\/fr\\\/actualite\\\/international\\\/gaza-termine-l-annee-sur-le-triste-bilan-de-21-822-martyrs\\\/211212\\\/#primaryimage\"},\"thumbnailUrl\":\"https:\\\/\\\/www.webdo.tn\\\/fr\\\/wp-content\\\/uploads\\\/2023\\\/12\\\/831fc6a1dd6a5aa7cb4fdc7115b2d486.jpg\",\"keywords\":[\"bilan\",\"Gaza\",\"Martyrs\",\"Palestine\"],\"articleSection\":[\"International\"],\"inLanguage\":\"fr-FR\"},{\"@type\":\"WebPage\",\"@id\":\"https:\\\/\\\/www.webdo.tn\\\/fr\\\/actualite\\\/international\\\/gaza-termine-l-annee-sur-le-triste-bilan-de-21-822-martyrs\\\/211212\\\/\",\"url\":\"https:\\\/\\\/www.webdo.tn\\\/fr\\\/actualite\\\/international\\\/gaza-termine-l-annee-sur-le-triste-bilan-de-21-822-martyrs\\\/211212\\\/\",\"name\":\"Gaza termine l\u2019ann\u00e9e sur le triste bilan de 21.822 martyrs\",\"isPartOf\":{\"@id\":\"https:\\\/\\\/www.webdo.tn\\\/fr\\\/#website\"},\"primaryImageOfPage\":{\"@id\":\"https:\\\/\\\/www.webdo.tn\\\/fr\\\/actualite\\\/international\\\/gaza-termine-l-annee-sur-le-triste-bilan-de-21-822-martyrs\\\/211212\\\/#primaryimage\"},\"image\":{\"@id\":\"https:\\\/\\\/www.webdo.tn\\\/fr\\\/actualite\\\/international\\\/gaza-termine-l-annee-sur-le-triste-bilan-de-21-822-martyrs\\\/211212\\\/#primaryimage\"},\"thumbnailUrl\":\"https:\\\/\\\/www.webdo.tn\\\/fr\\\/wp-content\\\/uploads\\\/2023\\\/12\\\/831fc6a1dd6a5aa7cb4fdc7115b2d486.jpg\",\"datePublished\":\"2023-12-31T11:55:00+00:00\",\"dateModified\":\"2025-05-20T21:54:19+00:00\",\"description\":\"La guerre entre le Hamas et l\u2019entit\u00e9 sioniste est entr\u00e9e, hier, dans sa 13e semaine. Cette guerre meurtri\u00e8re se poursuit sans r\u00e9pit, o\u00f9 l\u2019arm\u00e9e d\u2019occupation con...\",\"breadcrumb\":{\"@id\":\"https:\\\/\\\/www.webdo.tn\\\/fr\\\/actualite\\\/international\\\/gaza-termine-l-annee-sur-le-triste-bilan-de-21-822-martyrs\\\/211212\\\/#breadcrumb\"},\"inLanguage\":\"fr-FR\",\"potentialAction\":[{\"@type\":\"ReadAction\",\"target\":[\"https:\\\/\\\/www.webdo.tn\\\/fr\\\/actualite\\\/international\\\/gaza-termine-l-annee-sur-le-triste-bilan-de-21-822-martyrs\\\/211212\\\/\"]}]},{\"@type\":\"ImageObject\",\"inLanguage\":\"fr-FR\",\"@id\":\"https:\\\/\\\/www.webdo.tn\\\/fr\\\/actualite\\\/international\\\/gaza-termine-l-annee-sur-le-triste-bilan-de-21-822-martyrs\\\/211212\\\/#primaryimage\",\"url\":\"https:\\\/\\\/www.webdo.tn\\\/fr\\\/wp-content\\\/uploads\\\/2023\\\/12\\\/831fc6a1dd6a5aa7cb4fdc7115b2d486.jpg\",\"contentUrl\":\"https:\\\/\\\/www.webdo.tn\\\/fr\\\/wp-content\\\/uploads\\\/2023\\\/12\\\/831fc6a1dd6a5aa7cb4fdc7115b2d486.jpg\",\"width\":730,\"height\":389,\"caption\":\"Gaza termine l\u2019ann\u00e9e sur le triste bilan de 21.822 martyrs\"},{\"@type\":\"BreadcrumbList\",\"@id\":\"https:\\\/\\\/www.webdo.tn\\\/fr\\\/actualite\\\/international\\\/gaza-termine-l-annee-sur-le-triste-bilan-de-21-822-martyrs\\\/211212\\\/#breadcrumb\",\"itemListElement\":[{\"@type\":\"ListItem\",\"position\":1,\"name\":\"Accueil\",\"item\":\"https:\\\/\\\/www.webdo.tn\\\/fr\\\/\"},{\"@type\":\"ListItem\",\"position\":2,\"name\":\"Gaza termine l\u2019ann\u00e9e sur le triste bilan de 21.822 martyrs\"}]},{\"@type\":\"WebSite\",\"@id\":\"https:\\\/\\\/www.webdo.tn\\\/fr\\\/#website\",\"url\":\"https:\\\/\\\/www.webdo.tn\\\/fr\\\/\",\"name\":\"webdo\",\"description\":\"Tunisie - News en Tunisie et \u00e0 l&#039;international sur Webdo.tn\",\"publisher\":{\"@id\":\"https:\\\/\\\/www.webdo.tn\\\/fr\\\/#organization\"},\"potentialAction\":[{\"@type\":\"SearchAction\",\"target\":{\"@type\":\"EntryPoint\",\"urlTemplate\":\"https:\\\/\\\/www.webdo.tn\\\/fr\\\/?s={search_term_string}\"},\"query-input\":{\"@type\":\"PropertyValueSpecification\",\"valueRequired\":true,\"valueName\":\"search_term_string\"}}],\"inLanguage\":\"fr-FR\"},{\"@type\":\"Organization\",\"@id\":\"https:\\\/\\\/www.webdo.tn\\\/fr\\\/#organization\",\"name\":\"Webdo\",\"alternateName\":\"Webdo.tn\",\"url\":\"https:\\\/\\\/www.webdo.tn\\\/fr\\\/\",\"logo\":{\"@type\":\"ImageObject\",\"inLanguage\":\"fr-FR\",\"@id\":\"https:\\\/\\\/www.webdo.tn\\\/fr\\\/#\\\/schema\\\/logo\\\/image\\\/\",\"url\":\"https:\\\/\\\/www.webdo.tn\\\/fr\\\/wp-content\\\/uploads\\\/2025\\\/06\\\/Webdo-Tunisie_168377.jpg\",\"contentUrl\":\"https:\\\/\\\/www.webdo.tn\\\/fr\\\/wp-content\\\/uploads\\\/2025\\\/06\\\/Webdo-Tunisie_168377.jpg\",\"width\":301,\"height\":301,\"caption\":\"Webdo\"},\"image\":{\"@id\":\"https:\\\/\\\/www.webdo.tn\\\/fr\\\/#\\\/schema\\\/logo\\\/image\\\/\"},\"sameAs\":[\"https:\\\/\\\/www.facebook.com\\\/webdotn\",\"https:\\\/\\\/x.com\\\/webdo_tn\"],\"description\":\"Webdo est un m\u00e9dia num\u00e9rique tunisien fond\u00e9 en 2010, sp\u00e9cialis\u00e9 dans l\u2019actualit\u00e9 nationale et internationale, l\u2019\u00e9conomie, la soci\u00e9t\u00e9 et les analyses politiques. Le site s\u2019adresse \u00e0 un large public francophone et couvre l\u2019information tunisienne en temps r\u00e9el.\",\"email\":\"redac@webdo.tn\",\"legalName\":\"YNJ SARL\",\"foundingDate\":\"2010-09-06\",\"numberOfEmployees\":{\"@type\":\"QuantitativeValue\",\"minValue\":\"11\",\"maxValue\":\"50\"}},{\"@type\":\"Person\",\"@id\":\"https:\\\/\\\/www.webdo.tn\\\/fr\\\/#\\\/schema\\\/person\\\/2c4929cbf5a809e3bd38617c6ce150f6\",\"name\":\"MC\",\"image\":{\"@type\":\"ImageObject\",\"inLanguage\":\"fr-FR\",\"@id\":\"https:\\\/\\\/secure.gravatar.com\\\/avatar\\\/a545bbb6f84efdd5553dbbc2895e3ca8f1d12c5215e00a041c9670b54aa9b18a?s=96&d=mm&r=g\",\"url\":\"https:\\\/\\\/secure.gravatar.com\\\/avatar\\\/a545bbb6f84efdd5553dbbc2895e3ca8f1d12c5215e00a041c9670b54aa9b18a?s=96&d=mm&r=g\",\"contentUrl\":\"https:\\\/\\\/secure.gravatar.com\\\/avatar\\\/a545bbb6f84efdd5553dbbc2895e3ca8f1d12c5215e00a041c9670b54aa9b18a?s=96&d=mm&r=g\",\"caption\":\"MC\"},\"url\":\"https:\\\/\\\/www.webdo.tn\\\/fr\\\/actualite\\\/author\\\/mc\\\/\"}]}<\/script>\n<!-- \/ Yoast SEO Premium plugin. -->","yoast_head_json":{"title":"Gaza termine l\u2019ann\u00e9e sur le triste bilan de 21.822 martyrs","description":"La guerre entre le Hamas et l\u2019entit\u00e9 sioniste est entr\u00e9e, hier, dans sa 13e semaine. Cette guerre meurtri\u00e8re se poursuit sans r\u00e9pit, o\u00f9 l\u2019arm\u00e9e d\u2019occupation con...","canonical":"https:\/\/www.webdo.tn\/fr\/actualite\/international\/gaza-termine-l-annee-sur-le-triste-bilan-de-21-822-martyrs\/211212\/","og_locale":"fr_FR","og_type":"article","og_title":"Gaza termine l\u2019ann\u00e9e sur le triste bilan de 21.822 martyrs","og_description":"La guerre entre le Hamas et l\u2019entit\u00e9 sioniste est entr\u00e9e, hier, dans sa 13e semaine. Cette guerre meurtri\u00e8re se poursuit sans r\u00e9pit, o\u00f9 l\u2019arm\u00e9e d\u2019occupation con...","og_url":"https:\/\/www.webdo.tn\/fr\/actualite\/international\/gaza-termine-l-annee-sur-le-triste-bilan-de-21-822-martyrs\/211212\/","og_site_name":"webdo","article_publisher":"https:\/\/www.facebook.com\/webdotn","article_published_time":"2023-12-31T11:55:00+00:00","article_modified_time":"2025-05-20T21:54:19+00:00","og_image":[{"width":730,"height":389,"url":"https:\/\/www.webdo.tn\/fr\/wp-content\/uploads\/2023\/12\/831fc6a1dd6a5aa7cb4fdc7115b2d486.jpg","type":"image\/jpeg"}],"author":"MC","twitter_card":"summary_large_image","twitter_creator":"@webdo_tn","twitter_site":"@webdo_tn","twitter_misc":{"\u00c9crit par":"MC","Dur\u00e9e de lecture estim\u00e9e":"1 minute"},"schema":{"@context":"https:\/\/schema.org","@graph":[{"@type":"NewsArticle","@id":"https:\/\/www.webdo.tn\/fr\/actualite\/international\/gaza-termine-l-annee-sur-le-triste-bilan-de-21-822-martyrs\/211212\/#article","isPartOf":{"@id":"https:\/\/www.webdo.tn\/fr\/actualite\/international\/gaza-termine-l-annee-sur-le-triste-bilan-de-21-822-martyrs\/211212\/"},"author":{"name":"MC","@id":"https:\/\/www.webdo.tn\/fr\/#\/schema\/person\/2c4929cbf5a809e3bd38617c6ce150f6"},"headline":"Gaza termine l\u2019ann\u00e9e sur le triste bilan de 21.822 martyrs","datePublished":"2023-12-31T11:55:00+00:00","dateModified":"2025-05-20T21:54:19+00:00","mainEntityOfPage":{"@id":"https:\/\/www.webdo.tn\/fr\/actualite\/international\/gaza-termine-l-annee-sur-le-triste-bilan-de-21-822-martyrs\/211212\/"},"wordCount":304,"commentCount":0,"publisher":{"@id":"https:\/\/www.webdo.tn\/fr\/#organization"},"image":{"@id":"https:\/\/www.webdo.tn\/fr\/actualite\/international\/gaza-termine-l-annee-sur-le-triste-bilan-de-21-822-martyrs\/211212\/#primaryimage"},"thumbnailUrl":"https:\/\/www.webdo.tn\/fr\/wp-content\/uploads\/2023\/12\/831fc6a1dd6a5aa7cb4fdc7115b2d486.jpg","keywords":["bilan","Gaza","Martyrs","Palestine"],"articleSection":["International"],"inLanguage":"fr-FR"},{"@type":"WebPage","@id":"https:\/\/www.webdo.tn\/fr\/actualite\/international\/gaza-termine-l-annee-sur-le-triste-bilan-de-21-822-martyrs\/211212\/","url":"https:\/\/www.webdo.tn\/fr\/actualite\/international\/gaza-termine-l-annee-sur-le-triste-bilan-de-21-822-martyrs\/211212\/","name":"Gaza termine l\u2019ann\u00e9e sur le triste bilan de 21.822 martyrs","isPartOf":{"@id":"https:\/\/www.webdo.tn\/fr\/#website"},"primaryImageOfPage":{"@id":"https:\/\/www.webdo.tn\/fr\/actualite\/international\/gaza-termine-l-annee-sur-le-triste-bilan-de-21-822-martyrs\/211212\/#primaryimage"},"image":{"@id":"https:\/\/www.webdo.tn\/fr\/actualite\/international\/gaza-termine-l-annee-sur-le-triste-bilan-de-21-822-martyrs\/211212\/#primaryimage"},"thumbnailUrl":"https:\/\/www.webdo.tn\/fr\/wp-content\/uploads\/2023\/12\/831fc6a1dd6a5aa7cb4fdc7115b2d486.jpg","datePublished":"2023-12-31T11:55:00+00:00","dateModified":"2025-05-20T21:54:19+00:00","description":"La guerre entre le Hamas et l\u2019entit\u00e9 sioniste est entr\u00e9e, hier, dans sa 13e semaine. Cette guerre meurtri\u00e8re se poursuit sans r\u00e9pit, o\u00f9 l\u2019arm\u00e9e d\u2019occupation con...","breadcrumb":{"@id":"https:\/\/www.webdo.tn\/fr\/actualite\/international\/gaza-termine-l-annee-sur-le-triste-bilan-de-21-822-martyrs\/211212\/#breadcrumb"},"inLanguage":"fr-FR","potentialAction":[{"@type":"ReadAction","target":["https:\/\/www.webdo.tn\/fr\/actualite\/international\/gaza-termine-l-annee-sur-le-triste-bilan-de-21-822-martyrs\/211212\/"]}]},{"@type":"ImageObject","inLanguage":"fr-FR","@id":"https:\/\/www.webdo.tn\/fr\/actualite\/international\/gaza-termine-l-annee-sur-le-triste-bilan-de-21-822-martyrs\/211212\/#primaryimage","url":"https:\/\/www.webdo.tn\/fr\/wp-content\/uploads\/2023\/12\/831fc6a1dd6a5aa7cb4fdc7115b2d486.jpg","contentUrl":"https:\/\/www.webdo.tn\/fr\/wp-content\/uploads\/2023\/12\/831fc6a1dd6a5aa7cb4fdc7115b2d486.jpg","width":730,"height":389,"caption":"Gaza termine l\u2019ann\u00e9e sur le triste bilan de 21.822 martyrs"},{"@type":"BreadcrumbList","@id":"https:\/\/www.webdo.tn\/fr\/actualite\/international\/gaza-termine-l-annee-sur-le-triste-bilan-de-21-822-martyrs\/211212\/#breadcrumb","itemListElement":[{"@type":"ListItem","position":1,"name":"Accueil","item":"https:\/\/www.webdo.tn\/fr\/"},{"@type":"ListItem","position":2,"name":"Gaza termine l\u2019ann\u00e9e sur le triste bilan de 21.822 martyrs"}]},{"@type":"WebSite","@id":"https:\/\/www.webdo.tn\/fr\/#website","url":"https:\/\/www.webdo.tn\/fr\/","name":"webdo","description":"Tunisie - News en Tunisie et \u00e0 l&#039;international sur Webdo.tn","publisher":{"@id":"https:\/\/www.webdo.tn\/fr\/#organization"},"potentialAction":[{"@type":"SearchAction","target":{"@type":"EntryPoint","urlTemplate":"https:\/\/www.webdo.tn\/fr\/?s={search_term_string}"},"query-input":{"@type":"PropertyValueSpecification","valueRequired":true,"valueName":"search_term_string"}}],"inLanguage":"fr-FR"},{"@type":"Organization","@id":"https:\/\/www.webdo.tn\/fr\/#organization","name":"Webdo","alternateName":"Webdo.tn","url":"https:\/\/www.webdo.tn\/fr\/","logo":{"@type":"ImageObject","inLanguage":"fr-FR","@id":"https:\/\/www.webdo.tn\/fr\/#\/schema\/logo\/image\/","url":"https:\/\/www.webdo.tn\/fr\/wp-content\/uploads\/2025\/06\/Webdo-Tunisie_168377.jpg","contentUrl":"https:\/\/www.webdo.tn\/fr\/wp-content\/uploads\/2025\/06\/Webdo-Tunisie_168377.jpg","width":301,"height":301,"caption":"Webdo"},"image":{"@id":"https:\/\/www.webdo.tn\/fr\/#\/schema\/logo\/image\/"},"sameAs":["https:\/\/www.facebook.com\/webdotn","https:\/\/x.com\/webdo_tn"],"description":"Webdo est un m\u00e9dia num\u00e9rique tunisien fond\u00e9 en 2010, sp\u00e9cialis\u00e9 dans l\u2019actualit\u00e9 nationale et internationale, l\u2019\u00e9conomie, la soci\u00e9t\u00e9 et les analyses politiques. Le site s\u2019adresse \u00e0 un large public francophone et couvre l\u2019information tunisienne en temps r\u00e9el.","email":"redac@webdo.tn","legalName":"YNJ SARL","foundingDate":"2010-09-06","numberOfEmployees":{"@type":"QuantitativeValue","minValue":"11","maxValue":"50"}},{"@type":"Person","@id":"https:\/\/www.webdo.tn\/fr\/#\/schema\/person\/2c4929cbf5a809e3bd38617c6ce150f6","name":"MC","image":{"@type":"ImageObject","inLanguage":"fr-FR","@id":"https:\/\/secure.gravatar.com\/avatar\/a545bbb6f84efdd5553dbbc2895e3ca8f1d12c5215e00a041c9670b54aa9b18a?s=96&d=mm&r=g","url":"https:\/\/secure.gravatar.com\/avatar\/a545bbb6f84efdd5553dbbc2895e3ca8f1d12c5215e00a041c9670b54aa9b18a?s=96&d=mm&r=g","contentUrl":"https:\/\/secure.gravatar.com\/avatar\/a545bbb6f84efdd5553dbbc2895e3ca8f1d12c5215e00a041c9670b54aa9b18a?s=96&d=mm&r=g","caption":"MC"},"url":"https:\/\/www.webdo.tn\/fr\/actualite\/author\/mc\/"}]}},"_links":{"self":[{"href":"https:\/\/www.webdo.tn\/fr\/wp-json\/wp\/v2\/posts\/211212","targetHints":{"allow":["GET"]}}],"collection":[{"href":"https:\/\/www.webdo.tn\/fr\/wp-json\/wp\/v2\/posts"}],"about":[{"href":"https:\/\/www.webdo.tn\/fr\/wp-json\/wp\/v2\/types\/post"}],"author":[{"embeddable":true,"href":"https:\/\/www.webdo.tn\/fr\/wp-json\/wp\/v2\/users\/3162"}],"replies":[{"embeddable":true,"href":"https:\/\/www.webdo.tn\/fr\/wp-json\/wp\/v2\/comments?post=211212"}],"version-history":[{"count":0,"href":"https:\/\/www.webdo.tn\/fr\/wp-json\/wp\/v2\/posts\/211212\/revisions"}],"wp:featuredmedia":[{"embeddable":true,"href":"https:\/\/www.webdo.tn\/fr\/wp-json\/wp\/v2\/media\/248354"}],"wp:attachment":[{"href":"https:\/\/www.webdo.tn\/fr\/wp-json\/wp\/v2\/media?parent=211212"}],"wp:term":[{"taxonomy":"category","embeddable":true,"href":"https:\/\/www.webdo.tn\/fr\/wp-json\/wp\/v2\/categories?post=211212"},{"taxonomy":"post_tag","embeddable":true,"href":"https:\/\/www.webdo.tn\/fr\/wp-json\/wp\/v2\/tags?post=211212"}],"curies":[{"name":"wp","href":"https:\/\/api.w.org\/{rel}","templated":true}]}}