{"id":211210,"date":"2023-12-31T10:34:00","date_gmt":"2023-12-31T10:34:00","guid":{"rendered":"https:\/\/www.webdo.tn\/fr\/blog\/rassemblement-de-protestation-en-soutien-a-zied-el-heni-le-1er-janvier\/211210\/"},"modified":"2025-05-20T22:11:15","modified_gmt":"2025-05-20T22:11:15","slug":"rassemblement-de-protestation-en-soutien-a-zied-el-heni-le-1er-janvier","status":"publish","type":"post","link":"https:\/\/www.webdo.tn\/fr\/actualite\/national\/rassemblement-de-protestation-en-soutien-a-zied-el-heni-le-1er-janvier\/211210\/","title":{"rendered":"Rassemblement de protestation en soutien \u00e0 Zied El Heni, le 1er janvier"},"content":{"rendered":"<p>La garde \u00e0 vue de Zied El Heni ayant \u00e9t\u00e9 prolong\u00e9e de 48 heures, sur d\u00e9cision du parquet du Tribunal de premi\u00e8re instance de Tunis, le SNJT a d\u00e9cid\u00e9 de r\u00e9agir en appelant \u00e0 protester pour la remise en libert\u00e9 du journaliste et chroniqueur.<\/p>\n<p>\t\t\t\t\t\t\t\t\tSuite au maintien\u00a0 en garde \u00e0 vue de Zied El Heni pour 48 heures suppl\u00e9mentaires, le Syndicat national des journalistes tunisiens (SNJT) a d\u00e9cid\u00e9 de r\u00e9agir en annon\u00e7ant, hier, en marge d\u2019une r\u00e9union consacr\u00e9e au cas du journaliste, un rassemblement de soutien.<\/p>\n<p>Le SNJT, qui consid\u00e8re que la prolongation de la garde \u00e0 vue de Zied El Heni est en violation des proc\u00e9dures relatives aux poursuites engag\u00e9es contre les journalistes, a appel\u00e9 les journalistes et toutes les forces vives du pays \u00e0 participer, lundi 1er janvier, \u00e0 un rassemblement de protestation devant le Tribunal de premi\u00e8re instance de Tunis, pour r\u00e9clamer la mise en libert\u00e9 du chroniqueur.<\/p>\n<p>Zied Dabbar, pr\u00e9sident du SNJT, estime, en effet qu&rsquo;il s&rsquo;agit d&rsquo;un abus de pouvoir du minist\u00e8re public car, conform\u00e9ment \u00e0 la loi, une arrestation ne peut avoir lieu qu&rsquo;apr\u00e8s une plainte d\u00e9pos\u00e9e par la ministre elle-m\u00eame, la principale int\u00e9ress\u00e9e dans cette affaire.<\/p>\n<p>La FIJ exige la lib\u00e9ration du journaliste<\/p>\n<p>La F\u00e9d\u00e9ration internationale des journalistes s\u2019est jointe \u00e0 son affili\u00e9, le SNJT, pour exiger sa lib\u00e9ration imm\u00e9diate et sans condition.<\/p>\n<p>\u00ab\u00a0Une fois encore, le pouvoir tunisien s\u2019en prend aux journalistes\u00a0\u00bb, a indiqu\u00e9 Anthony Bellanger, Secr\u00e9taire g\u00e9n\u00e9ral de la FIJ, dans un communiqu\u00e9 publi\u00e9 samedi 30 d\u00e9cembre.<\/p>\n<p>\u00ab\u00a0Le d\u00e9cret 54 est utilis\u00e9 pour faire taire les journalistes et les opposants au Pr\u00e9sident tunisien. Les poursuites r\u00e9p\u00e9t\u00e9es et syst\u00e9matiques contre notre confr\u00e8re Zied El Heni sont inacceptables et elles ne visent qu\u2019\u00e0 museler sa voix critique, tr\u00e8s \u00e9cout\u00e9e. La FIJ demande au minist\u00e8re public de lib\u00e9rer sans d\u00e9lai et sans condition Zied El Heni et l\u2019enjoint \u00e0 respecter le droit d\u2019informer et le droit d\u2019\u00eatre inform\u00e9\u00a0\u00bb, indique le communiqu\u00e9.<\/p>\n<p>Le \u00ab\u00a0casi\u00a0\u00bb Zied El Heni !<\/p>\n<p>Zied El Heni a \u00e9t\u00e9 plac\u00e9, jeudi 28 d\u00e9cembre en garde \u00e0 vue et est confront\u00e9 \u00e0 des poursuites judiciaires suite \u00e0 ses commentaires critiques envers la ministre du Commerce Kalthoum Ben Rejeb lors d\u2019une intervention sur les ondes de la radio iFM dans la matin\u00e9e de jeudi.<\/p>\n<p>Selon son avocat, Ayachi Hammami, Zied El Heni encourt une peine qui peut aller jusqu\u2019\u00e0 dix ans de prison conform\u00e9ment aux dispositions du d\u00e9cret 54.<\/p>\n<p>L\u2019accusation dont il fait l\u2019objet est li\u00e9e au mot \u00ab\u00a0casi\u00a0\u00bb employ\u00e9 par le chroniqueur en appelant au limogeage de la ministre selon la formule suivante : \u00ab Qu\u2019on limoge alors la \u00ab\u00a0casi\u00a0\u00bb \u00bb.<\/p>\n","protected":false},"excerpt":{"rendered":"<p>Suite au maintien  en garde \u00e0 vue de Zied El Heni pour 48 heures suppl\u00e9mentaires, le Syndicat national des journalistes tunisiens (SNJT) a d\u00e9cid\u00e9 de r\u00e9agir en a&#8230;<\/p>\n","protected":false},"author":3162,"featured_media":290033,"comment_status":"open","ping_status":"closed","sticky":false,"template":"","format":"standard","meta":{"footnotes":""},"categories":[44],"tags":[7260,2796,2759,3913],"class_list":["post-211210","post","type-post","status-publish","format-standard","has-post-thumbnail","hentry","category-national","tag-fij","tag-protestation","tag-snjt","tag-zied-el-heni"],"yoast_head":"<!-- This site is optimized with the Yoast SEO Premium plugin v27.4 (Yoast SEO v27.5) - https:\/\/yoast.com\/product\/yoast-seo-premium-wordpress\/ -->\n<title>Rassemblement de protestation en soutien \u00e0 Zied El Heni, le 1er janvier<\/title>\n<meta name=\"description\" content=\"Suite au maintien en garde \u00e0 vue de Zied El Heni pour 48 heures suppl\u00e9mentaires, le Syndicat national des journalistes tunisiens (SNJT) a d\u00e9cid\u00e9 de r\u00e9agir en a...\" \/>\n<link rel=\"canonical\" href=\"https:\/\/www.webdo.tn\/fr\/actualite\/national\/rassemblement-de-protestation-en-soutien-a-zied-el-heni-le-1er-janvier\/211210\/\" \/>\n<meta property=\"og:locale\" content=\"fr_FR\" \/>\n<meta property=\"og:type\" content=\"article\" \/>\n<meta property=\"og:title\" content=\"Rassemblement de protestation en soutien \u00e0 Zied El Heni, le 1er janvier\" \/>\n<meta property=\"og:description\" content=\"Suite au maintien en garde \u00e0 vue de Zied El Heni pour 48 heures suppl\u00e9mentaires, le Syndicat national des journalistes tunisiens (SNJT) a d\u00e9cid\u00e9 de r\u00e9agir en a...\" \/>\n<meta property=\"og:url\" content=\"https:\/\/www.webdo.tn\/fr\/actualite\/national\/rassemblement-de-protestation-en-soutien-a-zied-el-heni-le-1er-janvier\/211210\/\" \/>\n<meta property=\"og:site_name\" content=\"webdo\" \/>\n<meta property=\"article:publisher\" content=\"https:\/\/www.facebook.com\/webdotn\" \/>\n<meta property=\"article:published_time\" content=\"2023-12-31T10:34:00+00:00\" \/>\n<meta property=\"article:modified_time\" content=\"2025-05-20T22:11:15+00:00\" \/>\n<meta property=\"og:image\" content=\"https:\/\/www.webdo.tn\/fr\/wp-content\/uploads\/2023\/12\/597505b193d1185e3b86a6e7b8aca42e.jpg\" \/>\n\t<meta property=\"og:image:width\" content=\"750\" \/>\n\t<meta property=\"og:image:height\" content=\"400\" \/>\n\t<meta property=\"og:image:type\" content=\"image\/jpeg\" \/>\n<meta name=\"author\" content=\"MC\" \/>\n<meta name=\"twitter:card\" content=\"summary_large_image\" \/>\n<meta name=\"twitter:creator\" content=\"@webdo_tn\" \/>\n<meta name=\"twitter:site\" content=\"@webdo_tn\" \/>\n<meta name=\"twitter:label1\" content=\"\u00c9crit par\" \/>\n\t<meta name=\"twitter:data1\" content=\"MC\" \/>\n\t<meta name=\"twitter:label2\" content=\"Dur\u00e9e de lecture estim\u00e9e\" \/>\n\t<meta name=\"twitter:data2\" content=\"2 minutes\" \/>\n<script type=\"application\/ld+json\" class=\"yoast-schema-graph\">{\"@context\":\"https:\\\/\\\/schema.org\",\"@graph\":[{\"@type\":\"NewsArticle\",\"@id\":\"https:\\\/\\\/www.webdo.tn\\\/fr\\\/actualite\\\/national\\\/rassemblement-de-protestation-en-soutien-a-zied-el-heni-le-1er-janvier\\\/211210\\\/#article\",\"isPartOf\":{\"@id\":\"https:\\\/\\\/www.webdo.tn\\\/fr\\\/actualite\\\/national\\\/rassemblement-de-protestation-en-soutien-a-zied-el-heni-le-1er-janvier\\\/211210\\\/\"},\"author\":{\"name\":\"MC\",\"@id\":\"https:\\\/\\\/www.webdo.tn\\\/fr\\\/#\\\/schema\\\/person\\\/2c4929cbf5a809e3bd38617c6ce150f6\"},\"headline\":\"Rassemblement de protestation en soutien \u00e0 Zied El Heni, le 1er janvier\",\"datePublished\":\"2023-12-31T10:34:00+00:00\",\"dateModified\":\"2025-05-20T22:11:15+00:00\",\"mainEntityOfPage\":{\"@id\":\"https:\\\/\\\/www.webdo.tn\\\/fr\\\/actualite\\\/national\\\/rassemblement-de-protestation-en-soutien-a-zied-el-heni-le-1er-janvier\\\/211210\\\/\"},\"wordCount\":483,\"commentCount\":0,\"publisher\":{\"@id\":\"https:\\\/\\\/www.webdo.tn\\\/fr\\\/#organization\"},\"image\":{\"@id\":\"https:\\\/\\\/www.webdo.tn\\\/fr\\\/actualite\\\/national\\\/rassemblement-de-protestation-en-soutien-a-zied-el-heni-le-1er-janvier\\\/211210\\\/#primaryimage\"},\"thumbnailUrl\":\"https:\\\/\\\/www.webdo.tn\\\/fr\\\/wp-content\\\/uploads\\\/2023\\\/12\\\/597505b193d1185e3b86a6e7b8aca42e.jpg\",\"keywords\":[\"FIJ\",\"protestation\",\"snjt\",\"Zied El-Heni\"],\"articleSection\":[\"National\"],\"inLanguage\":\"fr-FR\"},{\"@type\":\"WebPage\",\"@id\":\"https:\\\/\\\/www.webdo.tn\\\/fr\\\/actualite\\\/national\\\/rassemblement-de-protestation-en-soutien-a-zied-el-heni-le-1er-janvier\\\/211210\\\/\",\"url\":\"https:\\\/\\\/www.webdo.tn\\\/fr\\\/actualite\\\/national\\\/rassemblement-de-protestation-en-soutien-a-zied-el-heni-le-1er-janvier\\\/211210\\\/\",\"name\":\"Rassemblement de protestation en soutien \u00e0 Zied El Heni, le 1er janvier\",\"isPartOf\":{\"@id\":\"https:\\\/\\\/www.webdo.tn\\\/fr\\\/#website\"},\"primaryImageOfPage\":{\"@id\":\"https:\\\/\\\/www.webdo.tn\\\/fr\\\/actualite\\\/national\\\/rassemblement-de-protestation-en-soutien-a-zied-el-heni-le-1er-janvier\\\/211210\\\/#primaryimage\"},\"image\":{\"@id\":\"https:\\\/\\\/www.webdo.tn\\\/fr\\\/actualite\\\/national\\\/rassemblement-de-protestation-en-soutien-a-zied-el-heni-le-1er-janvier\\\/211210\\\/#primaryimage\"},\"thumbnailUrl\":\"https:\\\/\\\/www.webdo.tn\\\/fr\\\/wp-content\\\/uploads\\\/2023\\\/12\\\/597505b193d1185e3b86a6e7b8aca42e.jpg\",\"datePublished\":\"2023-12-31T10:34:00+00:00\",\"dateModified\":\"2025-05-20T22:11:15+00:00\",\"description\":\"Suite au maintien en garde \u00e0 vue de Zied El Heni pour 48 heures suppl\u00e9mentaires, le Syndicat national des journalistes tunisiens (SNJT) a d\u00e9cid\u00e9 de r\u00e9agir en a...\",\"breadcrumb\":{\"@id\":\"https:\\\/\\\/www.webdo.tn\\\/fr\\\/actualite\\\/national\\\/rassemblement-de-protestation-en-soutien-a-zied-el-heni-le-1er-janvier\\\/211210\\\/#breadcrumb\"},\"inLanguage\":\"fr-FR\",\"potentialAction\":[{\"@type\":\"ReadAction\",\"target\":[\"https:\\\/\\\/www.webdo.tn\\\/fr\\\/actualite\\\/national\\\/rassemblement-de-protestation-en-soutien-a-zied-el-heni-le-1er-janvier\\\/211210\\\/\"]}]},{\"@type\":\"ImageObject\",\"inLanguage\":\"fr-FR\",\"@id\":\"https:\\\/\\\/www.webdo.tn\\\/fr\\\/actualite\\\/national\\\/rassemblement-de-protestation-en-soutien-a-zied-el-heni-le-1er-janvier\\\/211210\\\/#primaryimage\",\"url\":\"https:\\\/\\\/www.webdo.tn\\\/fr\\\/wp-content\\\/uploads\\\/2023\\\/12\\\/597505b193d1185e3b86a6e7b8aca42e.jpg\",\"contentUrl\":\"https:\\\/\\\/www.webdo.tn\\\/fr\\\/wp-content\\\/uploads\\\/2023\\\/12\\\/597505b193d1185e3b86a6e7b8aca42e.jpg\",\"width\":750,\"height\":400,\"caption\":\"Rassemblement de protestation en soutien \u00e0 Zied El Heni, le 1er janvier\"},{\"@type\":\"BreadcrumbList\",\"@id\":\"https:\\\/\\\/www.webdo.tn\\\/fr\\\/actualite\\\/national\\\/rassemblement-de-protestation-en-soutien-a-zied-el-heni-le-1er-janvier\\\/211210\\\/#breadcrumb\",\"itemListElement\":[{\"@type\":\"ListItem\",\"position\":1,\"name\":\"Accueil\",\"item\":\"https:\\\/\\\/www.webdo.tn\\\/fr\\\/\"},{\"@type\":\"ListItem\",\"position\":2,\"name\":\"Rassemblement de protestation en soutien \u00e0 Zied El Heni, le 1er janvier\"}]},{\"@type\":\"WebSite\",\"@id\":\"https:\\\/\\\/www.webdo.tn\\\/fr\\\/#website\",\"url\":\"https:\\\/\\\/www.webdo.tn\\\/fr\\\/\",\"name\":\"webdo\",\"description\":\"Tunisie - News en Tunisie et \u00e0 l&#039;international sur Webdo.tn\",\"publisher\":{\"@id\":\"https:\\\/\\\/www.webdo.tn\\\/fr\\\/#organization\"},\"potentialAction\":[{\"@type\":\"SearchAction\",\"target\":{\"@type\":\"EntryPoint\",\"urlTemplate\":\"https:\\\/\\\/www.webdo.tn\\\/fr\\\/?s={search_term_string}\"},\"query-input\":{\"@type\":\"PropertyValueSpecification\",\"valueRequired\":true,\"valueName\":\"search_term_string\"}}],\"inLanguage\":\"fr-FR\"},{\"@type\":\"Organization\",\"@id\":\"https:\\\/\\\/www.webdo.tn\\\/fr\\\/#organization\",\"name\":\"Webdo\",\"alternateName\":\"Webdo.tn\",\"url\":\"https:\\\/\\\/www.webdo.tn\\\/fr\\\/\",\"logo\":{\"@type\":\"ImageObject\",\"inLanguage\":\"fr-FR\",\"@id\":\"https:\\\/\\\/www.webdo.tn\\\/fr\\\/#\\\/schema\\\/logo\\\/image\\\/\",\"url\":\"https:\\\/\\\/www.webdo.tn\\\/fr\\\/wp-content\\\/uploads\\\/2025\\\/06\\\/Webdo-Tunisie_168377.jpg\",\"contentUrl\":\"https:\\\/\\\/www.webdo.tn\\\/fr\\\/wp-content\\\/uploads\\\/2025\\\/06\\\/Webdo-Tunisie_168377.jpg\",\"width\":301,\"height\":301,\"caption\":\"Webdo\"},\"image\":{\"@id\":\"https:\\\/\\\/www.webdo.tn\\\/fr\\\/#\\\/schema\\\/logo\\\/image\\\/\"},\"sameAs\":[\"https:\\\/\\\/www.facebook.com\\\/webdotn\",\"https:\\\/\\\/x.com\\\/webdo_tn\"],\"description\":\"Webdo est un m\u00e9dia num\u00e9rique tunisien fond\u00e9 en 2010, sp\u00e9cialis\u00e9 dans l\u2019actualit\u00e9 nationale et internationale, l\u2019\u00e9conomie, la soci\u00e9t\u00e9 et les analyses politiques. Le site s\u2019adresse \u00e0 un large public francophone et couvre l\u2019information tunisienne en temps r\u00e9el.\",\"email\":\"redac@webdo.tn\",\"legalName\":\"YNJ SARL\",\"foundingDate\":\"2010-09-06\",\"numberOfEmployees\":{\"@type\":\"QuantitativeValue\",\"minValue\":\"11\",\"maxValue\":\"50\"}},{\"@type\":\"Person\",\"@id\":\"https:\\\/\\\/www.webdo.tn\\\/fr\\\/#\\\/schema\\\/person\\\/2c4929cbf5a809e3bd38617c6ce150f6\",\"name\":\"MC\",\"image\":{\"@type\":\"ImageObject\",\"inLanguage\":\"fr-FR\",\"@id\":\"https:\\\/\\\/secure.gravatar.com\\\/avatar\\\/a545bbb6f84efdd5553dbbc2895e3ca8f1d12c5215e00a041c9670b54aa9b18a?s=96&d=mm&r=g\",\"url\":\"https:\\\/\\\/secure.gravatar.com\\\/avatar\\\/a545bbb6f84efdd5553dbbc2895e3ca8f1d12c5215e00a041c9670b54aa9b18a?s=96&d=mm&r=g\",\"contentUrl\":\"https:\\\/\\\/secure.gravatar.com\\\/avatar\\\/a545bbb6f84efdd5553dbbc2895e3ca8f1d12c5215e00a041c9670b54aa9b18a?s=96&d=mm&r=g\",\"caption\":\"MC\"},\"url\":\"https:\\\/\\\/www.webdo.tn\\\/fr\\\/actualite\\\/author\\\/mc\\\/\"}]}<\/script>\n<!-- \/ Yoast SEO Premium plugin. -->","yoast_head_json":{"title":"Rassemblement de protestation en soutien \u00e0 Zied El Heni, le 1er janvier","description":"Suite au maintien en garde \u00e0 vue de Zied El Heni pour 48 heures suppl\u00e9mentaires, le Syndicat national des journalistes tunisiens (SNJT) a d\u00e9cid\u00e9 de r\u00e9agir en a...","canonical":"https:\/\/www.webdo.tn\/fr\/actualite\/national\/rassemblement-de-protestation-en-soutien-a-zied-el-heni-le-1er-janvier\/211210\/","og_locale":"fr_FR","og_type":"article","og_title":"Rassemblement de protestation en soutien \u00e0 Zied El Heni, le 1er janvier","og_description":"Suite au maintien en garde \u00e0 vue de Zied El Heni pour 48 heures suppl\u00e9mentaires, le Syndicat national des journalistes tunisiens (SNJT) a d\u00e9cid\u00e9 de r\u00e9agir en a...","og_url":"https:\/\/www.webdo.tn\/fr\/actualite\/national\/rassemblement-de-protestation-en-soutien-a-zied-el-heni-le-1er-janvier\/211210\/","og_site_name":"webdo","article_publisher":"https:\/\/www.facebook.com\/webdotn","article_published_time":"2023-12-31T10:34:00+00:00","article_modified_time":"2025-05-20T22:11:15+00:00","og_image":[{"width":750,"height":400,"url":"https:\/\/www.webdo.tn\/fr\/wp-content\/uploads\/2023\/12\/597505b193d1185e3b86a6e7b8aca42e.jpg","type":"image\/jpeg"}],"author":"MC","twitter_card":"summary_large_image","twitter_creator":"@webdo_tn","twitter_site":"@webdo_tn","twitter_misc":{"\u00c9crit par":"MC","Dur\u00e9e de lecture estim\u00e9e":"2 minutes"},"schema":{"@context":"https:\/\/schema.org","@graph":[{"@type":"NewsArticle","@id":"https:\/\/www.webdo.tn\/fr\/actualite\/national\/rassemblement-de-protestation-en-soutien-a-zied-el-heni-le-1er-janvier\/211210\/#article","isPartOf":{"@id":"https:\/\/www.webdo.tn\/fr\/actualite\/national\/rassemblement-de-protestation-en-soutien-a-zied-el-heni-le-1er-janvier\/211210\/"},"author":{"name":"MC","@id":"https:\/\/www.webdo.tn\/fr\/#\/schema\/person\/2c4929cbf5a809e3bd38617c6ce150f6"},"headline":"Rassemblement de protestation en soutien \u00e0 Zied El Heni, le 1er janvier","datePublished":"2023-12-31T10:34:00+00:00","dateModified":"2025-05-20T22:11:15+00:00","mainEntityOfPage":{"@id":"https:\/\/www.webdo.tn\/fr\/actualite\/national\/rassemblement-de-protestation-en-soutien-a-zied-el-heni-le-1er-janvier\/211210\/"},"wordCount":483,"commentCount":0,"publisher":{"@id":"https:\/\/www.webdo.tn\/fr\/#organization"},"image":{"@id":"https:\/\/www.webdo.tn\/fr\/actualite\/national\/rassemblement-de-protestation-en-soutien-a-zied-el-heni-le-1er-janvier\/211210\/#primaryimage"},"thumbnailUrl":"https:\/\/www.webdo.tn\/fr\/wp-content\/uploads\/2023\/12\/597505b193d1185e3b86a6e7b8aca42e.jpg","keywords":["FIJ","protestation","snjt","Zied El-Heni"],"articleSection":["National"],"inLanguage":"fr-FR"},{"@type":"WebPage","@id":"https:\/\/www.webdo.tn\/fr\/actualite\/national\/rassemblement-de-protestation-en-soutien-a-zied-el-heni-le-1er-janvier\/211210\/","url":"https:\/\/www.webdo.tn\/fr\/actualite\/national\/rassemblement-de-protestation-en-soutien-a-zied-el-heni-le-1er-janvier\/211210\/","name":"Rassemblement de protestation en soutien \u00e0 Zied El Heni, le 1er janvier","isPartOf":{"@id":"https:\/\/www.webdo.tn\/fr\/#website"},"primaryImageOfPage":{"@id":"https:\/\/www.webdo.tn\/fr\/actualite\/national\/rassemblement-de-protestation-en-soutien-a-zied-el-heni-le-1er-janvier\/211210\/#primaryimage"},"image":{"@id":"https:\/\/www.webdo.tn\/fr\/actualite\/national\/rassemblement-de-protestation-en-soutien-a-zied-el-heni-le-1er-janvier\/211210\/#primaryimage"},"thumbnailUrl":"https:\/\/www.webdo.tn\/fr\/wp-content\/uploads\/2023\/12\/597505b193d1185e3b86a6e7b8aca42e.jpg","datePublished":"2023-12-31T10:34:00+00:00","dateModified":"2025-05-20T22:11:15+00:00","description":"Suite au maintien en garde \u00e0 vue de Zied El Heni pour 48 heures suppl\u00e9mentaires, le Syndicat national des journalistes tunisiens (SNJT) a d\u00e9cid\u00e9 de r\u00e9agir en a...","breadcrumb":{"@id":"https:\/\/www.webdo.tn\/fr\/actualite\/national\/rassemblement-de-protestation-en-soutien-a-zied-el-heni-le-1er-janvier\/211210\/#breadcrumb"},"inLanguage":"fr-FR","potentialAction":[{"@type":"ReadAction","target":["https:\/\/www.webdo.tn\/fr\/actualite\/national\/rassemblement-de-protestation-en-soutien-a-zied-el-heni-le-1er-janvier\/211210\/"]}]},{"@type":"ImageObject","inLanguage":"fr-FR","@id":"https:\/\/www.webdo.tn\/fr\/actualite\/national\/rassemblement-de-protestation-en-soutien-a-zied-el-heni-le-1er-janvier\/211210\/#primaryimage","url":"https:\/\/www.webdo.tn\/fr\/wp-content\/uploads\/2023\/12\/597505b193d1185e3b86a6e7b8aca42e.jpg","contentUrl":"https:\/\/www.webdo.tn\/fr\/wp-content\/uploads\/2023\/12\/597505b193d1185e3b86a6e7b8aca42e.jpg","width":750,"height":400,"caption":"Rassemblement de protestation en soutien \u00e0 Zied El Heni, le 1er janvier"},{"@type":"BreadcrumbList","@id":"https:\/\/www.webdo.tn\/fr\/actualite\/national\/rassemblement-de-protestation-en-soutien-a-zied-el-heni-le-1er-janvier\/211210\/#breadcrumb","itemListElement":[{"@type":"ListItem","position":1,"name":"Accueil","item":"https:\/\/www.webdo.tn\/fr\/"},{"@type":"ListItem","position":2,"name":"Rassemblement de protestation en soutien \u00e0 Zied El Heni, le 1er janvier"}]},{"@type":"WebSite","@id":"https:\/\/www.webdo.tn\/fr\/#website","url":"https:\/\/www.webdo.tn\/fr\/","name":"webdo","description":"Tunisie - News en Tunisie et \u00e0 l&#039;international sur Webdo.tn","publisher":{"@id":"https:\/\/www.webdo.tn\/fr\/#organization"},"potentialAction":[{"@type":"SearchAction","target":{"@type":"EntryPoint","urlTemplate":"https:\/\/www.webdo.tn\/fr\/?s={search_term_string}"},"query-input":{"@type":"PropertyValueSpecification","valueRequired":true,"valueName":"search_term_string"}}],"inLanguage":"fr-FR"},{"@type":"Organization","@id":"https:\/\/www.webdo.tn\/fr\/#organization","name":"Webdo","alternateName":"Webdo.tn","url":"https:\/\/www.webdo.tn\/fr\/","logo":{"@type":"ImageObject","inLanguage":"fr-FR","@id":"https:\/\/www.webdo.tn\/fr\/#\/schema\/logo\/image\/","url":"https:\/\/www.webdo.tn\/fr\/wp-content\/uploads\/2025\/06\/Webdo-Tunisie_168377.jpg","contentUrl":"https:\/\/www.webdo.tn\/fr\/wp-content\/uploads\/2025\/06\/Webdo-Tunisie_168377.jpg","width":301,"height":301,"caption":"Webdo"},"image":{"@id":"https:\/\/www.webdo.tn\/fr\/#\/schema\/logo\/image\/"},"sameAs":["https:\/\/www.facebook.com\/webdotn","https:\/\/x.com\/webdo_tn"],"description":"Webdo est un m\u00e9dia num\u00e9rique tunisien fond\u00e9 en 2010, sp\u00e9cialis\u00e9 dans l\u2019actualit\u00e9 nationale et internationale, l\u2019\u00e9conomie, la soci\u00e9t\u00e9 et les analyses politiques. Le site s\u2019adresse \u00e0 un large public francophone et couvre l\u2019information tunisienne en temps r\u00e9el.","email":"redac@webdo.tn","legalName":"YNJ SARL","foundingDate":"2010-09-06","numberOfEmployees":{"@type":"QuantitativeValue","minValue":"11","maxValue":"50"}},{"@type":"Person","@id":"https:\/\/www.webdo.tn\/fr\/#\/schema\/person\/2c4929cbf5a809e3bd38617c6ce150f6","name":"MC","image":{"@type":"ImageObject","inLanguage":"fr-FR","@id":"https:\/\/secure.gravatar.com\/avatar\/a545bbb6f84efdd5553dbbc2895e3ca8f1d12c5215e00a041c9670b54aa9b18a?s=96&d=mm&r=g","url":"https:\/\/secure.gravatar.com\/avatar\/a545bbb6f84efdd5553dbbc2895e3ca8f1d12c5215e00a041c9670b54aa9b18a?s=96&d=mm&r=g","contentUrl":"https:\/\/secure.gravatar.com\/avatar\/a545bbb6f84efdd5553dbbc2895e3ca8f1d12c5215e00a041c9670b54aa9b18a?s=96&d=mm&r=g","caption":"MC"},"url":"https:\/\/www.webdo.tn\/fr\/actualite\/author\/mc\/"}]}},"_links":{"self":[{"href":"https:\/\/www.webdo.tn\/fr\/wp-json\/wp\/v2\/posts\/211210","targetHints":{"allow":["GET"]}}],"collection":[{"href":"https:\/\/www.webdo.tn\/fr\/wp-json\/wp\/v2\/posts"}],"about":[{"href":"https:\/\/www.webdo.tn\/fr\/wp-json\/wp\/v2\/types\/post"}],"author":[{"embeddable":true,"href":"https:\/\/www.webdo.tn\/fr\/wp-json\/wp\/v2\/users\/3162"}],"replies":[{"embeddable":true,"href":"https:\/\/www.webdo.tn\/fr\/wp-json\/wp\/v2\/comments?post=211210"}],"version-history":[{"count":0,"href":"https:\/\/www.webdo.tn\/fr\/wp-json\/wp\/v2\/posts\/211210\/revisions"}],"wp:featuredmedia":[{"embeddable":true,"href":"https:\/\/www.webdo.tn\/fr\/wp-json\/wp\/v2\/media\/290033"}],"wp:attachment":[{"href":"https:\/\/www.webdo.tn\/fr\/wp-json\/wp\/v2\/media?parent=211210"}],"wp:term":[{"taxonomy":"category","embeddable":true,"href":"https:\/\/www.webdo.tn\/fr\/wp-json\/wp\/v2\/categories?post=211210"},{"taxonomy":"post_tag","embeddable":true,"href":"https:\/\/www.webdo.tn\/fr\/wp-json\/wp\/v2\/tags?post=211210"}],"curies":[{"name":"wp","href":"https:\/\/api.w.org\/{rel}","templated":true}]}}