{"id":211195,"date":"2023-12-30T10:43:00","date_gmt":"2023-12-30T10:43:00","guid":{"rendered":"https:\/\/www.webdo.tn\/fr\/blog\/chez-marsaoui-au-bon-vieux-temps-des-gateaux-traditionnels\/211195\/"},"modified":"2023-12-30T10:43:00","modified_gmt":"2023-12-30T10:43:00","slug":"chez-marsaoui-au-bon-vieux-temps-des-gateaux-traditionnels","status":"publish","type":"post","link":"https:\/\/www.webdo.tn\/fr\/actualite\/chroniques\/chez-marsaoui-au-bon-vieux-temps-des-gateaux-traditionnels\/211195\/","title":{"rendered":"Chez Marsaoui, au bon vieux temps des g\u00e2teaux traditionnels"},"content":{"rendered":"<p>De leur atelier-boutique \u00e0 la rue Charles de Gaulle, les fr\u00e8res Marsaoui cultivent l&rsquo;art de la p\u00e2tisserie traditionnelle. Au grand bonheur des gourmets !<\/p>\n<p>\t\t\t\t\t\t\t\t\tPour de nombreux gourmets, les meilleurs sp\u00e9cialistes de la p\u00e2tisserie traditionnelle, ce sont Jeloul Marsaoui et ses fils. Et ils n&rsquo;ont pas tort !<\/p>\n<p>De son vivant, Jeloul Marsaoui a su pr\u00e9server de nombreuses sp\u00e9cialit\u00e9s tunisiennes et, comme pour un sacerdoce, il continuait \u00e0 les produire dans son atelier-boutique de la rue Charles de Gaulle.<\/p>\n<p>Il y a une cinquantaine d&rsquo;ann\u00e9es, en 1961, il cr\u00e9ait ainsi \u00ab\u00a0Ayem Zmen\u00a0\u00bb (Le Bon Vieux Temps), un authentique conservatoire de la p\u00e2tisserie tunisienne.<\/p>\n<p>Pour des raisons de sant\u00e9, le fondateur s&rsquo;est retir\u00e9 des affaires depuis une vingtaine d&rsquo;ann\u00e9es et confi\u00e9 \u00e0 ses trois fils, Ahmed, Mohamed et Hassen, le soin de poursuivre la mission.<\/p>\n<p>Excellant dans les g\u00e2teaux traditionnels, les trois fr\u00e8res se relaient et confectionnent bien des recettes \u00e0 l&rsquo;ancienne.<\/p>\n<p>De leur atelier sortent banadhej, takoua, ghraiba, nougat, halqoum et diff\u00e9rentes vari\u00e9t\u00e9s de makroudh. Ils ont \u00e9galement maintenu la production de g\u00e2teaux secs comme les macarons, le yoyo et le bachkoutou.<\/p>\n<p>On continue \u00e0 venir de tr\u00e8s loin pour go\u00fbter aux saveurs des Marsaoui qui, dans la discr\u00e9tion qui sied \u00e0 la tradition, maintiennent le legs du fondateur, un homme f\u00e9ru d&rsquo;art, de musique et de culture. Dans la tradition du vieux Tunis, Jeloul Marsaoui &#8211; comme les Chaouch et les Gmati &#8211; est le digne repr\u00e9sentant d&rsquo;un art de faire qui se rar\u00e9fie.<\/p>\n<p>Apr\u00e8s sa disparition en 2018 \u00e0 l&rsquo;\u00e2ge de 88 ans, c&rsquo;est comme un tr\u00e9sor humain que nous avons perdu.<\/p>\n<p>Heureusement, il a transmis son savoir et, depuis des ann\u00e9es, ses successeurs entretiennent la flamme du bon go\u00fbt et des friandises tradition.<\/p>\n","protected":false},"excerpt":{"rendered":"<p>Pour de nombreux gourmets, les meilleurs sp\u00e9cialistes de la p\u00e2tisserie traditionnelle, ce sont Jeloul Marsaoui et ses fils. Et ils n&rsquo;ont pas tort !<\/p>\n","protected":false},"author":3229,"featured_media":248380,"comment_status":"open","ping_status":"closed","sticky":false,"template":"","format":"standard","meta":{"footnotes":""},"categories":[2596],"tags":[7292,7291],"class_list":["post-211195","post","type-post","status-publish","format-standard","has-post-thumbnail","hentry","category-chroniques","tag-freres-marsaoui","tag-patisserie-traditionnelle"],"yoast_head":"<!-- This site is optimized with the Yoast SEO Premium plugin v27.4 (Yoast SEO v27.5) - https:\/\/yoast.com\/product\/yoast-seo-premium-wordpress\/ -->\n<title>Chez Marsaoui, au bon vieux temps des g\u00e2teaux traditionnels<\/title>\n<meta name=\"description\" content=\"Pour de nombreux gourmets, les meilleurs sp\u00e9cialistes de la p\u00e2tisserie traditionnelle, ce sont Jeloul Marsaoui et ses fils. Et ils n&#039;ont pas tort !\" \/>\n<link rel=\"canonical\" href=\"https:\/\/www.webdo.tn\/fr\/actualite\/chroniques\/chez-marsaoui-au-bon-vieux-temps-des-gateaux-traditionnels\/211195\/\" \/>\n<meta property=\"og:locale\" content=\"fr_FR\" \/>\n<meta property=\"og:type\" content=\"article\" \/>\n<meta property=\"og:title\" content=\"Chez Marsaoui, au bon vieux temps des g\u00e2teaux traditionnels\" \/>\n<meta property=\"og:description\" content=\"Pour de nombreux gourmets, les meilleurs sp\u00e9cialistes de la p\u00e2tisserie traditionnelle, ce sont Jeloul Marsaoui et ses fils. Et ils n&#039;ont pas tort !\" \/>\n<meta property=\"og:url\" content=\"https:\/\/www.webdo.tn\/fr\/actualite\/chroniques\/chez-marsaoui-au-bon-vieux-temps-des-gateaux-traditionnels\/211195\/\" \/>\n<meta property=\"og:site_name\" content=\"webdo\" \/>\n<meta property=\"article:publisher\" content=\"https:\/\/www.facebook.com\/webdotn\" \/>\n<meta property=\"article:author\" content=\"https:\/\/www.facebook.com\/hatem.bourial.2025\" \/>\n<meta property=\"article:published_time\" content=\"2023-12-30T10:43:00+00:00\" \/>\n<meta property=\"og:image\" content=\"https:\/\/www.webdo.tn\/fr\/wp-content\/uploads\/2023\/12\/29a8934ebbaaec78d98048bd33e8e86d.jpg\" \/>\n\t<meta property=\"og:image:width\" content=\"750\" \/>\n\t<meta property=\"og:image:height\" content=\"400\" \/>\n\t<meta property=\"og:image:type\" content=\"image\/jpeg\" \/>\n<meta name=\"author\" content=\"Hatem Bourial\" \/>\n<meta name=\"twitter:card\" content=\"summary_large_image\" \/>\n<meta name=\"twitter:creator\" content=\"@webdo_tn\" \/>\n<meta name=\"twitter:site\" content=\"@webdo_tn\" \/>\n<meta name=\"twitter:label1\" content=\"\u00c9crit par\" \/>\n\t<meta name=\"twitter:data1\" content=\"Hatem Bourial\" \/>\n\t<meta name=\"twitter:label2\" content=\"Dur\u00e9e de lecture estim\u00e9e\" \/>\n\t<meta name=\"twitter:data2\" content=\"2 minutes\" \/>\n<script type=\"application\/ld+json\" class=\"yoast-schema-graph\">{\"@context\":\"https:\\\/\\\/schema.org\",\"@graph\":[{\"@type\":\"NewsArticle\",\"@id\":\"https:\\\/\\\/www.webdo.tn\\\/fr\\\/actualite\\\/chroniques\\\/chez-marsaoui-au-bon-vieux-temps-des-gateaux-traditionnels\\\/211195\\\/#article\",\"isPartOf\":{\"@id\":\"https:\\\/\\\/www.webdo.tn\\\/fr\\\/actualite\\\/chroniques\\\/chez-marsaoui-au-bon-vieux-temps-des-gateaux-traditionnels\\\/211195\\\/\"},\"author\":{\"name\":\"Hatem Bourial\",\"@id\":\"https:\\\/\\\/www.webdo.tn\\\/fr\\\/#\\\/schema\\\/person\\\/6bc0beba2cd23aec27cb5df85ca2554f\"},\"headline\":\"Chez Marsaoui, au bon vieux temps des g\u00e2teaux traditionnels\",\"datePublished\":\"2023-12-30T10:43:00+00:00\",\"mainEntityOfPage\":{\"@id\":\"https:\\\/\\\/www.webdo.tn\\\/fr\\\/actualite\\\/chroniques\\\/chez-marsaoui-au-bon-vieux-temps-des-gateaux-traditionnels\\\/211195\\\/\"},\"wordCount\":321,\"commentCount\":0,\"publisher\":{\"@id\":\"https:\\\/\\\/www.webdo.tn\\\/fr\\\/#organization\"},\"image\":{\"@id\":\"https:\\\/\\\/www.webdo.tn\\\/fr\\\/actualite\\\/chroniques\\\/chez-marsaoui-au-bon-vieux-temps-des-gateaux-traditionnels\\\/211195\\\/#primaryimage\"},\"thumbnailUrl\":\"https:\\\/\\\/www.webdo.tn\\\/fr\\\/wp-content\\\/uploads\\\/2023\\\/12\\\/29a8934ebbaaec78d98048bd33e8e86d.jpg\",\"keywords\":[\"fr\u00e8res marsaoui\",\"p\u00e2tisserie traditionnelle\"],\"articleSection\":[\"Chroniques\"],\"inLanguage\":\"fr-FR\"},{\"@type\":\"WebPage\",\"@id\":\"https:\\\/\\\/www.webdo.tn\\\/fr\\\/actualite\\\/chroniques\\\/chez-marsaoui-au-bon-vieux-temps-des-gateaux-traditionnels\\\/211195\\\/\",\"url\":\"https:\\\/\\\/www.webdo.tn\\\/fr\\\/actualite\\\/chroniques\\\/chez-marsaoui-au-bon-vieux-temps-des-gateaux-traditionnels\\\/211195\\\/\",\"name\":\"Chez Marsaoui, au bon vieux temps des g\u00e2teaux traditionnels\",\"isPartOf\":{\"@id\":\"https:\\\/\\\/www.webdo.tn\\\/fr\\\/#website\"},\"primaryImageOfPage\":{\"@id\":\"https:\\\/\\\/www.webdo.tn\\\/fr\\\/actualite\\\/chroniques\\\/chez-marsaoui-au-bon-vieux-temps-des-gateaux-traditionnels\\\/211195\\\/#primaryimage\"},\"image\":{\"@id\":\"https:\\\/\\\/www.webdo.tn\\\/fr\\\/actualite\\\/chroniques\\\/chez-marsaoui-au-bon-vieux-temps-des-gateaux-traditionnels\\\/211195\\\/#primaryimage\"},\"thumbnailUrl\":\"https:\\\/\\\/www.webdo.tn\\\/fr\\\/wp-content\\\/uploads\\\/2023\\\/12\\\/29a8934ebbaaec78d98048bd33e8e86d.jpg\",\"datePublished\":\"2023-12-30T10:43:00+00:00\",\"description\":\"Pour de nombreux gourmets, les meilleurs sp\u00e9cialistes de la p\u00e2tisserie traditionnelle, ce sont Jeloul Marsaoui et ses fils. Et ils n'ont pas tort !\",\"breadcrumb\":{\"@id\":\"https:\\\/\\\/www.webdo.tn\\\/fr\\\/actualite\\\/chroniques\\\/chez-marsaoui-au-bon-vieux-temps-des-gateaux-traditionnels\\\/211195\\\/#breadcrumb\"},\"inLanguage\":\"fr-FR\",\"potentialAction\":[{\"@type\":\"ReadAction\",\"target\":[\"https:\\\/\\\/www.webdo.tn\\\/fr\\\/actualite\\\/chroniques\\\/chez-marsaoui-au-bon-vieux-temps-des-gateaux-traditionnels\\\/211195\\\/\"]}]},{\"@type\":\"ImageObject\",\"inLanguage\":\"fr-FR\",\"@id\":\"https:\\\/\\\/www.webdo.tn\\\/fr\\\/actualite\\\/chroniques\\\/chez-marsaoui-au-bon-vieux-temps-des-gateaux-traditionnels\\\/211195\\\/#primaryimage\",\"url\":\"https:\\\/\\\/www.webdo.tn\\\/fr\\\/wp-content\\\/uploads\\\/2023\\\/12\\\/29a8934ebbaaec78d98048bd33e8e86d.jpg\",\"contentUrl\":\"https:\\\/\\\/www.webdo.tn\\\/fr\\\/wp-content\\\/uploads\\\/2023\\\/12\\\/29a8934ebbaaec78d98048bd33e8e86d.jpg\",\"width\":750,\"height\":400,\"caption\":\"Chez Marsaoui, au bon vieux temps des g\u00e2teaux traditionnels\"},{\"@type\":\"BreadcrumbList\",\"@id\":\"https:\\\/\\\/www.webdo.tn\\\/fr\\\/actualite\\\/chroniques\\\/chez-marsaoui-au-bon-vieux-temps-des-gateaux-traditionnels\\\/211195\\\/#breadcrumb\",\"itemListElement\":[{\"@type\":\"ListItem\",\"position\":1,\"name\":\"Accueil\",\"item\":\"https:\\\/\\\/www.webdo.tn\\\/fr\\\/\"},{\"@type\":\"ListItem\",\"position\":2,\"name\":\"Chez Marsaoui, au bon vieux temps des g\u00e2teaux traditionnels\"}]},{\"@type\":\"WebSite\",\"@id\":\"https:\\\/\\\/www.webdo.tn\\\/fr\\\/#website\",\"url\":\"https:\\\/\\\/www.webdo.tn\\\/fr\\\/\",\"name\":\"webdo\",\"description\":\"Tunisie - News en Tunisie et \u00e0 l&#039;international sur Webdo.tn\",\"publisher\":{\"@id\":\"https:\\\/\\\/www.webdo.tn\\\/fr\\\/#organization\"},\"potentialAction\":[{\"@type\":\"SearchAction\",\"target\":{\"@type\":\"EntryPoint\",\"urlTemplate\":\"https:\\\/\\\/www.webdo.tn\\\/fr\\\/?s={search_term_string}\"},\"query-input\":{\"@type\":\"PropertyValueSpecification\",\"valueRequired\":true,\"valueName\":\"search_term_string\"}}],\"inLanguage\":\"fr-FR\"},{\"@type\":\"Organization\",\"@id\":\"https:\\\/\\\/www.webdo.tn\\\/fr\\\/#organization\",\"name\":\"Webdo\",\"alternateName\":\"Webdo.tn\",\"url\":\"https:\\\/\\\/www.webdo.tn\\\/fr\\\/\",\"logo\":{\"@type\":\"ImageObject\",\"inLanguage\":\"fr-FR\",\"@id\":\"https:\\\/\\\/www.webdo.tn\\\/fr\\\/#\\\/schema\\\/logo\\\/image\\\/\",\"url\":\"https:\\\/\\\/www.webdo.tn\\\/fr\\\/wp-content\\\/uploads\\\/2025\\\/06\\\/Webdo-Tunisie_168377.jpg\",\"contentUrl\":\"https:\\\/\\\/www.webdo.tn\\\/fr\\\/wp-content\\\/uploads\\\/2025\\\/06\\\/Webdo-Tunisie_168377.jpg\",\"width\":301,\"height\":301,\"caption\":\"Webdo\"},\"image\":{\"@id\":\"https:\\\/\\\/www.webdo.tn\\\/fr\\\/#\\\/schema\\\/logo\\\/image\\\/\"},\"sameAs\":[\"https:\\\/\\\/www.facebook.com\\\/webdotn\",\"https:\\\/\\\/x.com\\\/webdo_tn\"],\"description\":\"Webdo est un m\u00e9dia num\u00e9rique tunisien fond\u00e9 en 2010, sp\u00e9cialis\u00e9 dans l\u2019actualit\u00e9 nationale et internationale, l\u2019\u00e9conomie, la soci\u00e9t\u00e9 et les analyses politiques. Le site s\u2019adresse \u00e0 un large public francophone et couvre l\u2019information tunisienne en temps r\u00e9el.\",\"email\":\"redac@webdo.tn\",\"legalName\":\"YNJ SARL\",\"foundingDate\":\"2010-09-06\",\"numberOfEmployees\":{\"@type\":\"QuantitativeValue\",\"minValue\":\"11\",\"maxValue\":\"50\"}},{\"@type\":\"Person\",\"@id\":\"https:\\\/\\\/www.webdo.tn\\\/fr\\\/#\\\/schema\\\/person\\\/6bc0beba2cd23aec27cb5df85ca2554f\",\"name\":\"Hatem Bourial\",\"image\":{\"@type\":\"ImageObject\",\"inLanguage\":\"fr-FR\",\"@id\":\"https:\\\/\\\/www.webdo.tn\\\/fr\\\/wp-content\\\/uploads\\\/2026\\\/04\\\/hatem-bourial_avatar-96x96.jpg\",\"url\":\"https:\\\/\\\/www.webdo.tn\\\/fr\\\/wp-content\\\/uploads\\\/2026\\\/04\\\/hatem-bourial_avatar-96x96.jpg\",\"contentUrl\":\"https:\\\/\\\/www.webdo.tn\\\/fr\\\/wp-content\\\/uploads\\\/2026\\\/04\\\/hatem-bourial_avatar-96x96.jpg\",\"caption\":\"Hatem Bourial\"},\"description\":\"Hatem Bourial est journaliste, \u00e9crivain et chroniqueur tunisien. Actif depuis plusieurs d\u00e9cennies, il s\u2019est impos\u00e9 comme un observateur attentif de la soci\u00e9t\u00e9 tunisienne, m\u00ealant dans ses \u00e9crits m\u00e9moire, culture et analyse du quotidien. Auteur de nombreux ouvrages, il d\u00e9veloppe une \u0153uvre \u00e0 la crois\u00e9e du r\u00e9cit, de la po\u00e9sie et de l\u2019observation sociologique. Parall\u00e8lement \u00e0 ses contributions dans la presse, il intervient r\u00e9guli\u00e8rement \u00e0 la radio et dans des espaces culturels, o\u00f9 il explore les enjeux li\u00e9s au patrimoine, \u00e0 l\u2019identit\u00e9 et aux transformations du monde contemporain. \u00c0 travers ses chroniques, Hatem Bourial propose une lecture sensible et approfondie de l\u2019actualit\u00e9, nourrie par une exp\u00e9rience journalistique et litt\u00e9raire reconnue. \ud83d\udd17 Facebook : https:\\\/\\\/www.facebook.com\\\/hatem.bourial.2025\",\"sameAs\":[\"https:\\\/\\\/www.facebook.com\\\/hatem.bourial.2025\",\"https:\\\/\\\/fr.wikipedia.org\\\/wiki\\\/Fichier:Hatem_Bourial.jpg\"],\"knowsAbout\":[\"Culture & patrimoine tunisien\",\"Chronique soci\u00e9tale\",\"Litt\u00e9rature & m\u00e9moire\",\"Cin\u00e9ma & critique culturelle\",\"Identit\u00e9 & mutations sociales\"],\"knowsLanguage\":[\"Arabe\",\"Fran\u00e7ais\",\"Anglais\",\"Italien\",\"Polonais\"],\"jobTitle\":\"Journaliste, \u00e9crivain et chroniqueur culturel\",\"worksFor\":\"Webdo\",\"url\":\"https:\\\/\\\/www.webdo.tn\\\/fr\\\/actualite\\\/author\\\/hatem-bourial-2\\\/\"}]}<\/script>\n<!-- \/ Yoast SEO Premium plugin. -->","yoast_head_json":{"title":"Chez Marsaoui, au bon vieux temps des g\u00e2teaux traditionnels","description":"Pour de nombreux gourmets, les meilleurs sp\u00e9cialistes de la p\u00e2tisserie traditionnelle, ce sont Jeloul Marsaoui et ses fils. Et ils n'ont pas tort !","canonical":"https:\/\/www.webdo.tn\/fr\/actualite\/chroniques\/chez-marsaoui-au-bon-vieux-temps-des-gateaux-traditionnels\/211195\/","og_locale":"fr_FR","og_type":"article","og_title":"Chez Marsaoui, au bon vieux temps des g\u00e2teaux traditionnels","og_description":"Pour de nombreux gourmets, les meilleurs sp\u00e9cialistes de la p\u00e2tisserie traditionnelle, ce sont Jeloul Marsaoui et ses fils. Et ils n'ont pas tort !","og_url":"https:\/\/www.webdo.tn\/fr\/actualite\/chroniques\/chez-marsaoui-au-bon-vieux-temps-des-gateaux-traditionnels\/211195\/","og_site_name":"webdo","article_publisher":"https:\/\/www.facebook.com\/webdotn","article_author":"https:\/\/www.facebook.com\/hatem.bourial.2025","article_published_time":"2023-12-30T10:43:00+00:00","og_image":[{"width":750,"height":400,"url":"https:\/\/www.webdo.tn\/fr\/wp-content\/uploads\/2023\/12\/29a8934ebbaaec78d98048bd33e8e86d.jpg","type":"image\/jpeg"}],"author":"Hatem Bourial","twitter_card":"summary_large_image","twitter_creator":"@webdo_tn","twitter_site":"@webdo_tn","twitter_misc":{"\u00c9crit par":"Hatem Bourial","Dur\u00e9e de lecture estim\u00e9e":"2 minutes"},"schema":{"@context":"https:\/\/schema.org","@graph":[{"@type":"NewsArticle","@id":"https:\/\/www.webdo.tn\/fr\/actualite\/chroniques\/chez-marsaoui-au-bon-vieux-temps-des-gateaux-traditionnels\/211195\/#article","isPartOf":{"@id":"https:\/\/www.webdo.tn\/fr\/actualite\/chroniques\/chez-marsaoui-au-bon-vieux-temps-des-gateaux-traditionnels\/211195\/"},"author":{"name":"Hatem Bourial","@id":"https:\/\/www.webdo.tn\/fr\/#\/schema\/person\/6bc0beba2cd23aec27cb5df85ca2554f"},"headline":"Chez Marsaoui, au bon vieux temps des g\u00e2teaux traditionnels","datePublished":"2023-12-30T10:43:00+00:00","mainEntityOfPage":{"@id":"https:\/\/www.webdo.tn\/fr\/actualite\/chroniques\/chez-marsaoui-au-bon-vieux-temps-des-gateaux-traditionnels\/211195\/"},"wordCount":321,"commentCount":0,"publisher":{"@id":"https:\/\/www.webdo.tn\/fr\/#organization"},"image":{"@id":"https:\/\/www.webdo.tn\/fr\/actualite\/chroniques\/chez-marsaoui-au-bon-vieux-temps-des-gateaux-traditionnels\/211195\/#primaryimage"},"thumbnailUrl":"https:\/\/www.webdo.tn\/fr\/wp-content\/uploads\/2023\/12\/29a8934ebbaaec78d98048bd33e8e86d.jpg","keywords":["fr\u00e8res marsaoui","p\u00e2tisserie traditionnelle"],"articleSection":["Chroniques"],"inLanguage":"fr-FR"},{"@type":"WebPage","@id":"https:\/\/www.webdo.tn\/fr\/actualite\/chroniques\/chez-marsaoui-au-bon-vieux-temps-des-gateaux-traditionnels\/211195\/","url":"https:\/\/www.webdo.tn\/fr\/actualite\/chroniques\/chez-marsaoui-au-bon-vieux-temps-des-gateaux-traditionnels\/211195\/","name":"Chez Marsaoui, au bon vieux temps des g\u00e2teaux traditionnels","isPartOf":{"@id":"https:\/\/www.webdo.tn\/fr\/#website"},"primaryImageOfPage":{"@id":"https:\/\/www.webdo.tn\/fr\/actualite\/chroniques\/chez-marsaoui-au-bon-vieux-temps-des-gateaux-traditionnels\/211195\/#primaryimage"},"image":{"@id":"https:\/\/www.webdo.tn\/fr\/actualite\/chroniques\/chez-marsaoui-au-bon-vieux-temps-des-gateaux-traditionnels\/211195\/#primaryimage"},"thumbnailUrl":"https:\/\/www.webdo.tn\/fr\/wp-content\/uploads\/2023\/12\/29a8934ebbaaec78d98048bd33e8e86d.jpg","datePublished":"2023-12-30T10:43:00+00:00","description":"Pour de nombreux gourmets, les meilleurs sp\u00e9cialistes de la p\u00e2tisserie traditionnelle, ce sont Jeloul Marsaoui et ses fils. Et ils n'ont pas tort !","breadcrumb":{"@id":"https:\/\/www.webdo.tn\/fr\/actualite\/chroniques\/chez-marsaoui-au-bon-vieux-temps-des-gateaux-traditionnels\/211195\/#breadcrumb"},"inLanguage":"fr-FR","potentialAction":[{"@type":"ReadAction","target":["https:\/\/www.webdo.tn\/fr\/actualite\/chroniques\/chez-marsaoui-au-bon-vieux-temps-des-gateaux-traditionnels\/211195\/"]}]},{"@type":"ImageObject","inLanguage":"fr-FR","@id":"https:\/\/www.webdo.tn\/fr\/actualite\/chroniques\/chez-marsaoui-au-bon-vieux-temps-des-gateaux-traditionnels\/211195\/#primaryimage","url":"https:\/\/www.webdo.tn\/fr\/wp-content\/uploads\/2023\/12\/29a8934ebbaaec78d98048bd33e8e86d.jpg","contentUrl":"https:\/\/www.webdo.tn\/fr\/wp-content\/uploads\/2023\/12\/29a8934ebbaaec78d98048bd33e8e86d.jpg","width":750,"height":400,"caption":"Chez Marsaoui, au bon vieux temps des g\u00e2teaux traditionnels"},{"@type":"BreadcrumbList","@id":"https:\/\/www.webdo.tn\/fr\/actualite\/chroniques\/chez-marsaoui-au-bon-vieux-temps-des-gateaux-traditionnels\/211195\/#breadcrumb","itemListElement":[{"@type":"ListItem","position":1,"name":"Accueil","item":"https:\/\/www.webdo.tn\/fr\/"},{"@type":"ListItem","position":2,"name":"Chez Marsaoui, au bon vieux temps des g\u00e2teaux traditionnels"}]},{"@type":"WebSite","@id":"https:\/\/www.webdo.tn\/fr\/#website","url":"https:\/\/www.webdo.tn\/fr\/","name":"webdo","description":"Tunisie - News en Tunisie et \u00e0 l&#039;international sur Webdo.tn","publisher":{"@id":"https:\/\/www.webdo.tn\/fr\/#organization"},"potentialAction":[{"@type":"SearchAction","target":{"@type":"EntryPoint","urlTemplate":"https:\/\/www.webdo.tn\/fr\/?s={search_term_string}"},"query-input":{"@type":"PropertyValueSpecification","valueRequired":true,"valueName":"search_term_string"}}],"inLanguage":"fr-FR"},{"@type":"Organization","@id":"https:\/\/www.webdo.tn\/fr\/#organization","name":"Webdo","alternateName":"Webdo.tn","url":"https:\/\/www.webdo.tn\/fr\/","logo":{"@type":"ImageObject","inLanguage":"fr-FR","@id":"https:\/\/www.webdo.tn\/fr\/#\/schema\/logo\/image\/","url":"https:\/\/www.webdo.tn\/fr\/wp-content\/uploads\/2025\/06\/Webdo-Tunisie_168377.jpg","contentUrl":"https:\/\/www.webdo.tn\/fr\/wp-content\/uploads\/2025\/06\/Webdo-Tunisie_168377.jpg","width":301,"height":301,"caption":"Webdo"},"image":{"@id":"https:\/\/www.webdo.tn\/fr\/#\/schema\/logo\/image\/"},"sameAs":["https:\/\/www.facebook.com\/webdotn","https:\/\/x.com\/webdo_tn"],"description":"Webdo est un m\u00e9dia num\u00e9rique tunisien fond\u00e9 en 2010, sp\u00e9cialis\u00e9 dans l\u2019actualit\u00e9 nationale et internationale, l\u2019\u00e9conomie, la soci\u00e9t\u00e9 et les analyses politiques. Le site s\u2019adresse \u00e0 un large public francophone et couvre l\u2019information tunisienne en temps r\u00e9el.","email":"redac@webdo.tn","legalName":"YNJ SARL","foundingDate":"2010-09-06","numberOfEmployees":{"@type":"QuantitativeValue","minValue":"11","maxValue":"50"}},{"@type":"Person","@id":"https:\/\/www.webdo.tn\/fr\/#\/schema\/person\/6bc0beba2cd23aec27cb5df85ca2554f","name":"Hatem Bourial","image":{"@type":"ImageObject","inLanguage":"fr-FR","@id":"https:\/\/www.webdo.tn\/fr\/wp-content\/uploads\/2026\/04\/hatem-bourial_avatar-96x96.jpg","url":"https:\/\/www.webdo.tn\/fr\/wp-content\/uploads\/2026\/04\/hatem-bourial_avatar-96x96.jpg","contentUrl":"https:\/\/www.webdo.tn\/fr\/wp-content\/uploads\/2026\/04\/hatem-bourial_avatar-96x96.jpg","caption":"Hatem Bourial"},"description":"Hatem Bourial est journaliste, \u00e9crivain et chroniqueur tunisien. Actif depuis plusieurs d\u00e9cennies, il s\u2019est impos\u00e9 comme un observateur attentif de la soci\u00e9t\u00e9 tunisienne, m\u00ealant dans ses \u00e9crits m\u00e9moire, culture et analyse du quotidien. Auteur de nombreux ouvrages, il d\u00e9veloppe une \u0153uvre \u00e0 la crois\u00e9e du r\u00e9cit, de la po\u00e9sie et de l\u2019observation sociologique. Parall\u00e8lement \u00e0 ses contributions dans la presse, il intervient r\u00e9guli\u00e8rement \u00e0 la radio et dans des espaces culturels, o\u00f9 il explore les enjeux li\u00e9s au patrimoine, \u00e0 l\u2019identit\u00e9 et aux transformations du monde contemporain. \u00c0 travers ses chroniques, Hatem Bourial propose une lecture sensible et approfondie de l\u2019actualit\u00e9, nourrie par une exp\u00e9rience journalistique et litt\u00e9raire reconnue. \ud83d\udd17 Facebook : https:\/\/www.facebook.com\/hatem.bourial.2025","sameAs":["https:\/\/www.facebook.com\/hatem.bourial.2025","https:\/\/fr.wikipedia.org\/wiki\/Fichier:Hatem_Bourial.jpg"],"knowsAbout":["Culture & patrimoine tunisien","Chronique soci\u00e9tale","Litt\u00e9rature & m\u00e9moire","Cin\u00e9ma & critique culturelle","Identit\u00e9 & mutations sociales"],"knowsLanguage":["Arabe","Fran\u00e7ais","Anglais","Italien","Polonais"],"jobTitle":"Journaliste, \u00e9crivain et chroniqueur culturel","worksFor":"Webdo","url":"https:\/\/www.webdo.tn\/fr\/actualite\/author\/hatem-bourial-2\/"}]}},"_links":{"self":[{"href":"https:\/\/www.webdo.tn\/fr\/wp-json\/wp\/v2\/posts\/211195","targetHints":{"allow":["GET"]}}],"collection":[{"href":"https:\/\/www.webdo.tn\/fr\/wp-json\/wp\/v2\/posts"}],"about":[{"href":"https:\/\/www.webdo.tn\/fr\/wp-json\/wp\/v2\/types\/post"}],"author":[{"embeddable":true,"href":"https:\/\/www.webdo.tn\/fr\/wp-json\/wp\/v2\/users\/3229"}],"replies":[{"embeddable":true,"href":"https:\/\/www.webdo.tn\/fr\/wp-json\/wp\/v2\/comments?post=211195"}],"version-history":[{"count":0,"href":"https:\/\/www.webdo.tn\/fr\/wp-json\/wp\/v2\/posts\/211195\/revisions"}],"wp:featuredmedia":[{"embeddable":true,"href":"https:\/\/www.webdo.tn\/fr\/wp-json\/wp\/v2\/media\/248380"}],"wp:attachment":[{"href":"https:\/\/www.webdo.tn\/fr\/wp-json\/wp\/v2\/media?parent=211195"}],"wp:term":[{"taxonomy":"category","embeddable":true,"href":"https:\/\/www.webdo.tn\/fr\/wp-json\/wp\/v2\/categories?post=211195"},{"taxonomy":"post_tag","embeddable":true,"href":"https:\/\/www.webdo.tn\/fr\/wp-json\/wp\/v2\/tags?post=211195"}],"curies":[{"name":"wp","href":"https:\/\/api.w.org\/{rel}","templated":true}]}}