{"id":211192,"date":"2023-12-30T09:48:00","date_gmt":"2023-12-30T09:48:00","guid":{"rendered":"https:\/\/www.webdo.tn\/fr\/blog\/l-afrique-du-sud-accuse-israel-de-genocide-devant-la-cij\/211192\/"},"modified":"2025-05-20T21:54:23","modified_gmt":"2025-05-20T21:54:23","slug":"l-afrique-du-sud-accuse-israel-de-genocide-devant-la-cij","status":"publish","type":"post","link":"https:\/\/www.webdo.tn\/fr\/actualite\/international\/l-afrique-du-sud-accuse-israel-de-genocide-devant-la-cij\/211192\/","title":{"rendered":"L&rsquo;Afrique du Sud accuse Isra\u00ebl de g\u00e9nocide devant la CIJ"},"content":{"rendered":"<p>L&rsquo;Afrique du Sud a officiellement accus\u00e9 Isra\u00ebl devant la Cour internationale de justice (CIJ) \u00e0 travers une requ\u00eate d\u00e9pos\u00e9e vendredi 29 d\u00e9cembre 2023 dans laquelle elle d\u00e9nonce l\u2019entit\u00e9 sioniste de se livrer \u00e0 des \u00ab\u00a0actes de g\u00e9nocide contre le peuple palestinien \u00e0 Gaza\u00a0\u00bb.<\/p>\n<p>\t\t\t\t\t\t\t\t\tDans cette requ\u00eate d\u00e9pos\u00e9e au sein de l\u2019organe judiciaire principal des Nations unies, l&rsquo;Afrique du Sud affirme que les \u00ab\u00a0actes et omissions d&rsquo;Isra\u00ebl rev\u00eatent un caract\u00e8re g\u00e9nocidaire, car ils s&rsquo;accompagnent de l&rsquo;intention sp\u00e9cifique requise (&#8230;) de d\u00e9truire les Palestiniens de Gaza en tant que partie du groupe national, racial et ethnique plus large des Palestiniens\u00a0\u00bb, a indiqu\u00e9 dans un communiqu\u00e9 la CIJ, bas\u00e9e \u00e0 La Haye.<\/p>\n<p>L\u2019Afrique du Sud consid\u00e8re en effet qu\u2019Isra\u00ebl manque aux obligations qui lui incombent au titre de la convention contre le g\u00e9nocide, qui a fait au moins 21.507 martyrs depuis le d\u00e9clenchement de la guerre entre le Hamas et Isra\u00ebl, le 7 octobre dans la bande de Gaza, dont une majorit\u00e9 de femmes et de mineurs.<\/p>\n<p>La requ\u00eate de l\u2019Afrique du Sud a peu de chances d\u2019aboutir \u00e0 une quelconque sanction, la CIJ n\u2019ayant aucun moyen de faire appliquer ses d\u00e9cisions. En r\u00e9ponse \u00e0 ces accusations, Isra\u00ebl a indiqu\u00e9 qu\u2019elle les rejetait \u00ab\u00a0avec d\u00e9go\u00fbt\u00a0\u00bb.<\/p>\n","protected":false},"excerpt":{"rendered":"<p>L&rsquo;Afrique du Sud accuse Isra\u00ebl devant la Cour internationale de justice.<\/p>\n","protected":false},"author":3162,"featured_media":248381,"comment_status":"open","ping_status":"closed","sticky":false,"template":"","format":"standard","meta":{"footnotes":""},"categories":[2598],"tags":[3629,2689,2636],"class_list":["post-211192","post","type-post","status-publish","format-standard","has-post-thumbnail","hentry","category-international","tag-afrique-du-sud","tag-gaza","tag-israel"],"yoast_head":"<!-- This site is optimized with the Yoast SEO Premium plugin v27.5 (Yoast SEO v27.5) - https:\/\/yoast.com\/product\/yoast-seo-premium-wordpress\/ -->\n<title>L&#039;Afrique du Sud accuse Isra\u00ebl de g\u00e9nocide devant la CIJ<\/title>\n<meta name=\"description\" content=\"L&#039;Afrique du Sud accuse Isra\u00ebl devant la Cour internationale de justice.\" \/>\n<link rel=\"canonical\" href=\"https:\/\/www.webdo.tn\/fr\/actualite\/international\/l-afrique-du-sud-accuse-israel-de-genocide-devant-la-cij\/211192\/\" \/>\n<meta property=\"og:locale\" content=\"fr_FR\" \/>\n<meta property=\"og:type\" content=\"article\" \/>\n<meta property=\"og:title\" content=\"L&#039;Afrique du Sud accuse Isra\u00ebl de g\u00e9nocide devant la CIJ\" \/>\n<meta property=\"og:description\" content=\"L&#039;Afrique du Sud accuse Isra\u00ebl devant la Cour internationale de justice.\" \/>\n<meta property=\"og:url\" content=\"https:\/\/www.webdo.tn\/fr\/actualite\/international\/l-afrique-du-sud-accuse-israel-de-genocide-devant-la-cij\/211192\/\" \/>\n<meta property=\"og:site_name\" content=\"webdo\" \/>\n<meta property=\"article:publisher\" content=\"https:\/\/www.facebook.com\/webdotn\" \/>\n<meta property=\"article:published_time\" content=\"2023-12-30T09:48:00+00:00\" \/>\n<meta property=\"article:modified_time\" content=\"2025-05-20T21:54:23+00:00\" \/>\n<meta property=\"og:image\" content=\"https:\/\/www.webdo.tn\/fr\/wp-content\/uploads\/2023\/12\/67b670e2daa512efcd66d5aaad049d36.jpg\" \/>\n\t<meta property=\"og:image:width\" content=\"750\" \/>\n\t<meta property=\"og:image:height\" content=\"400\" \/>\n\t<meta property=\"og:image:type\" content=\"image\/jpeg\" \/>\n<meta name=\"author\" content=\"MC\" \/>\n<meta name=\"twitter:card\" content=\"summary_large_image\" \/>\n<meta name=\"twitter:creator\" content=\"@webdo_tn\" \/>\n<meta name=\"twitter:site\" content=\"@webdo_tn\" \/>\n<meta name=\"twitter:label1\" content=\"\u00c9crit par\" \/>\n\t<meta name=\"twitter:data1\" content=\"MC\" \/>\n\t<meta name=\"twitter:label2\" content=\"Dur\u00e9e de lecture estim\u00e9e\" \/>\n\t<meta name=\"twitter:data2\" content=\"1 minute\" \/>\n<script type=\"application\/ld+json\" class=\"yoast-schema-graph\">{\"@context\":\"https:\\\/\\\/schema.org\",\"@graph\":[{\"@type\":\"NewsArticle\",\"@id\":\"https:\\\/\\\/www.webdo.tn\\\/fr\\\/actualite\\\/international\\\/l-afrique-du-sud-accuse-israel-de-genocide-devant-la-cij\\\/211192\\\/#article\",\"isPartOf\":{\"@id\":\"https:\\\/\\\/www.webdo.tn\\\/fr\\\/actualite\\\/international\\\/l-afrique-du-sud-accuse-israel-de-genocide-devant-la-cij\\\/211192\\\/\"},\"author\":{\"name\":\"MC\",\"@id\":\"https:\\\/\\\/www.webdo.tn\\\/fr\\\/#\\\/schema\\\/person\\\/2c4929cbf5a809e3bd38617c6ce150f6\"},\"headline\":\"L&rsquo;Afrique du Sud accuse Isra\u00ebl de g\u00e9nocide devant la CIJ\",\"datePublished\":\"2023-12-30T09:48:00+00:00\",\"dateModified\":\"2025-05-20T21:54:23+00:00\",\"mainEntityOfPage\":{\"@id\":\"https:\\\/\\\/www.webdo.tn\\\/fr\\\/actualite\\\/international\\\/l-afrique-du-sud-accuse-israel-de-genocide-devant-la-cij\\\/211192\\\/\"},\"wordCount\":245,\"commentCount\":0,\"publisher\":{\"@id\":\"https:\\\/\\\/www.webdo.tn\\\/fr\\\/#organization\"},\"image\":{\"@id\":\"https:\\\/\\\/www.webdo.tn\\\/fr\\\/actualite\\\/international\\\/l-afrique-du-sud-accuse-israel-de-genocide-devant-la-cij\\\/211192\\\/#primaryimage\"},\"thumbnailUrl\":\"https:\\\/\\\/www.webdo.tn\\\/fr\\\/wp-content\\\/uploads\\\/2023\\\/12\\\/67b670e2daa512efcd66d5aaad049d36.jpg\",\"keywords\":[\"afrique du sud\",\"Gaza\",\"isra\u00ebl\"],\"articleSection\":[\"International\"],\"inLanguage\":\"fr-FR\"},{\"@type\":\"WebPage\",\"@id\":\"https:\\\/\\\/www.webdo.tn\\\/fr\\\/actualite\\\/international\\\/l-afrique-du-sud-accuse-israel-de-genocide-devant-la-cij\\\/211192\\\/\",\"url\":\"https:\\\/\\\/www.webdo.tn\\\/fr\\\/actualite\\\/international\\\/l-afrique-du-sud-accuse-israel-de-genocide-devant-la-cij\\\/211192\\\/\",\"name\":\"L'Afrique du Sud accuse Isra\u00ebl de g\u00e9nocide devant la CIJ\",\"isPartOf\":{\"@id\":\"https:\\\/\\\/www.webdo.tn\\\/fr\\\/#website\"},\"primaryImageOfPage\":{\"@id\":\"https:\\\/\\\/www.webdo.tn\\\/fr\\\/actualite\\\/international\\\/l-afrique-du-sud-accuse-israel-de-genocide-devant-la-cij\\\/211192\\\/#primaryimage\"},\"image\":{\"@id\":\"https:\\\/\\\/www.webdo.tn\\\/fr\\\/actualite\\\/international\\\/l-afrique-du-sud-accuse-israel-de-genocide-devant-la-cij\\\/211192\\\/#primaryimage\"},\"thumbnailUrl\":\"https:\\\/\\\/www.webdo.tn\\\/fr\\\/wp-content\\\/uploads\\\/2023\\\/12\\\/67b670e2daa512efcd66d5aaad049d36.jpg\",\"datePublished\":\"2023-12-30T09:48:00+00:00\",\"dateModified\":\"2025-05-20T21:54:23+00:00\",\"description\":\"L'Afrique du Sud accuse Isra\u00ebl devant la Cour internationale de justice.\",\"breadcrumb\":{\"@id\":\"https:\\\/\\\/www.webdo.tn\\\/fr\\\/actualite\\\/international\\\/l-afrique-du-sud-accuse-israel-de-genocide-devant-la-cij\\\/211192\\\/#breadcrumb\"},\"inLanguage\":\"fr-FR\",\"potentialAction\":[{\"@type\":\"ReadAction\",\"target\":[\"https:\\\/\\\/www.webdo.tn\\\/fr\\\/actualite\\\/international\\\/l-afrique-du-sud-accuse-israel-de-genocide-devant-la-cij\\\/211192\\\/\"]}]},{\"@type\":\"ImageObject\",\"inLanguage\":\"fr-FR\",\"@id\":\"https:\\\/\\\/www.webdo.tn\\\/fr\\\/actualite\\\/international\\\/l-afrique-du-sud-accuse-israel-de-genocide-devant-la-cij\\\/211192\\\/#primaryimage\",\"url\":\"https:\\\/\\\/www.webdo.tn\\\/fr\\\/wp-content\\\/uploads\\\/2023\\\/12\\\/67b670e2daa512efcd66d5aaad049d36.jpg\",\"contentUrl\":\"https:\\\/\\\/www.webdo.tn\\\/fr\\\/wp-content\\\/uploads\\\/2023\\\/12\\\/67b670e2daa512efcd66d5aaad049d36.jpg\",\"width\":750,\"height\":400,\"caption\":\"L'Afrique du Sud accuse Isra\u00ebl de g\u00e9nocide devant la CIJ\"},{\"@type\":\"BreadcrumbList\",\"@id\":\"https:\\\/\\\/www.webdo.tn\\\/fr\\\/actualite\\\/international\\\/l-afrique-du-sud-accuse-israel-de-genocide-devant-la-cij\\\/211192\\\/#breadcrumb\",\"itemListElement\":[{\"@type\":\"ListItem\",\"position\":1,\"name\":\"Accueil\",\"item\":\"https:\\\/\\\/www.webdo.tn\\\/fr\\\/\"},{\"@type\":\"ListItem\",\"position\":2,\"name\":\"L&rsquo;Afrique du Sud accuse Isra\u00ebl de g\u00e9nocide devant la CIJ\"}]},{\"@type\":\"WebSite\",\"@id\":\"https:\\\/\\\/www.webdo.tn\\\/fr\\\/#website\",\"url\":\"https:\\\/\\\/www.webdo.tn\\\/fr\\\/\",\"name\":\"webdo\",\"description\":\"Tunisie - News en Tunisie et \u00e0 l&#039;international sur Webdo.tn\",\"publisher\":{\"@id\":\"https:\\\/\\\/www.webdo.tn\\\/fr\\\/#organization\"},\"potentialAction\":[{\"@type\":\"SearchAction\",\"target\":{\"@type\":\"EntryPoint\",\"urlTemplate\":\"https:\\\/\\\/www.webdo.tn\\\/fr\\\/?s={search_term_string}\"},\"query-input\":{\"@type\":\"PropertyValueSpecification\",\"valueRequired\":true,\"valueName\":\"search_term_string\"}}],\"inLanguage\":\"fr-FR\"},{\"@type\":\"Organization\",\"@id\":\"https:\\\/\\\/www.webdo.tn\\\/fr\\\/#organization\",\"name\":\"Webdo\",\"alternateName\":\"Webdo.tn\",\"url\":\"https:\\\/\\\/www.webdo.tn\\\/fr\\\/\",\"logo\":{\"@type\":\"ImageObject\",\"inLanguage\":\"fr-FR\",\"@id\":\"https:\\\/\\\/www.webdo.tn\\\/fr\\\/#\\\/schema\\\/logo\\\/image\\\/\",\"url\":\"https:\\\/\\\/www.webdo.tn\\\/fr\\\/wp-content\\\/uploads\\\/2025\\\/06\\\/Webdo-Tunisie_168377.jpg\",\"contentUrl\":\"https:\\\/\\\/www.webdo.tn\\\/fr\\\/wp-content\\\/uploads\\\/2025\\\/06\\\/Webdo-Tunisie_168377.jpg\",\"width\":301,\"height\":301,\"caption\":\"Webdo\"},\"image\":{\"@id\":\"https:\\\/\\\/www.webdo.tn\\\/fr\\\/#\\\/schema\\\/logo\\\/image\\\/\"},\"sameAs\":[\"https:\\\/\\\/www.facebook.com\\\/webdotn\",\"https:\\\/\\\/x.com\\\/webdo_tn\"],\"description\":\"Webdo est un m\u00e9dia num\u00e9rique tunisien fond\u00e9 en 2010, sp\u00e9cialis\u00e9 dans l\u2019actualit\u00e9 nationale et internationale, l\u2019\u00e9conomie, la soci\u00e9t\u00e9 et les analyses politiques. Le site s\u2019adresse \u00e0 un large public francophone et couvre l\u2019information tunisienne en temps r\u00e9el.\",\"email\":\"redac@webdo.tn\",\"legalName\":\"YNJ SARL\",\"foundingDate\":\"2010-09-06\",\"numberOfEmployees\":{\"@type\":\"QuantitativeValue\",\"minValue\":\"11\",\"maxValue\":\"50\"}},{\"@type\":\"Person\",\"@id\":\"https:\\\/\\\/www.webdo.tn\\\/fr\\\/#\\\/schema\\\/person\\\/2c4929cbf5a809e3bd38617c6ce150f6\",\"name\":\"MC\",\"image\":{\"@type\":\"ImageObject\",\"inLanguage\":\"fr-FR\",\"@id\":\"https:\\\/\\\/secure.gravatar.com\\\/avatar\\\/a545bbb6f84efdd5553dbbc2895e3ca8f1d12c5215e00a041c9670b54aa9b18a?s=96&d=mm&r=g\",\"url\":\"https:\\\/\\\/secure.gravatar.com\\\/avatar\\\/a545bbb6f84efdd5553dbbc2895e3ca8f1d12c5215e00a041c9670b54aa9b18a?s=96&d=mm&r=g\",\"contentUrl\":\"https:\\\/\\\/secure.gravatar.com\\\/avatar\\\/a545bbb6f84efdd5553dbbc2895e3ca8f1d12c5215e00a041c9670b54aa9b18a?s=96&d=mm&r=g\",\"caption\":\"MC\"},\"url\":\"https:\\\/\\\/www.webdo.tn\\\/fr\\\/actualite\\\/author\\\/mc\\\/\"}]}<\/script>\n<!-- \/ Yoast SEO Premium plugin. -->","yoast_head_json":{"title":"L'Afrique du Sud accuse Isra\u00ebl de g\u00e9nocide devant la CIJ","description":"L'Afrique du Sud accuse Isra\u00ebl devant la Cour internationale de justice.","canonical":"https:\/\/www.webdo.tn\/fr\/actualite\/international\/l-afrique-du-sud-accuse-israel-de-genocide-devant-la-cij\/211192\/","og_locale":"fr_FR","og_type":"article","og_title":"L'Afrique du Sud accuse Isra\u00ebl de g\u00e9nocide devant la CIJ","og_description":"L'Afrique du Sud accuse Isra\u00ebl devant la Cour internationale de justice.","og_url":"https:\/\/www.webdo.tn\/fr\/actualite\/international\/l-afrique-du-sud-accuse-israel-de-genocide-devant-la-cij\/211192\/","og_site_name":"webdo","article_publisher":"https:\/\/www.facebook.com\/webdotn","article_published_time":"2023-12-30T09:48:00+00:00","article_modified_time":"2025-05-20T21:54:23+00:00","og_image":[{"width":750,"height":400,"url":"https:\/\/www.webdo.tn\/fr\/wp-content\/uploads\/2023\/12\/67b670e2daa512efcd66d5aaad049d36.jpg","type":"image\/jpeg"}],"author":"MC","twitter_card":"summary_large_image","twitter_creator":"@webdo_tn","twitter_site":"@webdo_tn","twitter_misc":{"\u00c9crit par":"MC","Dur\u00e9e de lecture estim\u00e9e":"1 minute"},"schema":{"@context":"https:\/\/schema.org","@graph":[{"@type":"NewsArticle","@id":"https:\/\/www.webdo.tn\/fr\/actualite\/international\/l-afrique-du-sud-accuse-israel-de-genocide-devant-la-cij\/211192\/#article","isPartOf":{"@id":"https:\/\/www.webdo.tn\/fr\/actualite\/international\/l-afrique-du-sud-accuse-israel-de-genocide-devant-la-cij\/211192\/"},"author":{"name":"MC","@id":"https:\/\/www.webdo.tn\/fr\/#\/schema\/person\/2c4929cbf5a809e3bd38617c6ce150f6"},"headline":"L&rsquo;Afrique du Sud accuse Isra\u00ebl de g\u00e9nocide devant la CIJ","datePublished":"2023-12-30T09:48:00+00:00","dateModified":"2025-05-20T21:54:23+00:00","mainEntityOfPage":{"@id":"https:\/\/www.webdo.tn\/fr\/actualite\/international\/l-afrique-du-sud-accuse-israel-de-genocide-devant-la-cij\/211192\/"},"wordCount":245,"commentCount":0,"publisher":{"@id":"https:\/\/www.webdo.tn\/fr\/#organization"},"image":{"@id":"https:\/\/www.webdo.tn\/fr\/actualite\/international\/l-afrique-du-sud-accuse-israel-de-genocide-devant-la-cij\/211192\/#primaryimage"},"thumbnailUrl":"https:\/\/www.webdo.tn\/fr\/wp-content\/uploads\/2023\/12\/67b670e2daa512efcd66d5aaad049d36.jpg","keywords":["afrique du sud","Gaza","isra\u00ebl"],"articleSection":["International"],"inLanguage":"fr-FR"},{"@type":"WebPage","@id":"https:\/\/www.webdo.tn\/fr\/actualite\/international\/l-afrique-du-sud-accuse-israel-de-genocide-devant-la-cij\/211192\/","url":"https:\/\/www.webdo.tn\/fr\/actualite\/international\/l-afrique-du-sud-accuse-israel-de-genocide-devant-la-cij\/211192\/","name":"L'Afrique du Sud accuse Isra\u00ebl de g\u00e9nocide devant la CIJ","isPartOf":{"@id":"https:\/\/www.webdo.tn\/fr\/#website"},"primaryImageOfPage":{"@id":"https:\/\/www.webdo.tn\/fr\/actualite\/international\/l-afrique-du-sud-accuse-israel-de-genocide-devant-la-cij\/211192\/#primaryimage"},"image":{"@id":"https:\/\/www.webdo.tn\/fr\/actualite\/international\/l-afrique-du-sud-accuse-israel-de-genocide-devant-la-cij\/211192\/#primaryimage"},"thumbnailUrl":"https:\/\/www.webdo.tn\/fr\/wp-content\/uploads\/2023\/12\/67b670e2daa512efcd66d5aaad049d36.jpg","datePublished":"2023-12-30T09:48:00+00:00","dateModified":"2025-05-20T21:54:23+00:00","description":"L'Afrique du Sud accuse Isra\u00ebl devant la Cour internationale de justice.","breadcrumb":{"@id":"https:\/\/www.webdo.tn\/fr\/actualite\/international\/l-afrique-du-sud-accuse-israel-de-genocide-devant-la-cij\/211192\/#breadcrumb"},"inLanguage":"fr-FR","potentialAction":[{"@type":"ReadAction","target":["https:\/\/www.webdo.tn\/fr\/actualite\/international\/l-afrique-du-sud-accuse-israel-de-genocide-devant-la-cij\/211192\/"]}]},{"@type":"ImageObject","inLanguage":"fr-FR","@id":"https:\/\/www.webdo.tn\/fr\/actualite\/international\/l-afrique-du-sud-accuse-israel-de-genocide-devant-la-cij\/211192\/#primaryimage","url":"https:\/\/www.webdo.tn\/fr\/wp-content\/uploads\/2023\/12\/67b670e2daa512efcd66d5aaad049d36.jpg","contentUrl":"https:\/\/www.webdo.tn\/fr\/wp-content\/uploads\/2023\/12\/67b670e2daa512efcd66d5aaad049d36.jpg","width":750,"height":400,"caption":"L'Afrique du Sud accuse Isra\u00ebl de g\u00e9nocide devant la CIJ"},{"@type":"BreadcrumbList","@id":"https:\/\/www.webdo.tn\/fr\/actualite\/international\/l-afrique-du-sud-accuse-israel-de-genocide-devant-la-cij\/211192\/#breadcrumb","itemListElement":[{"@type":"ListItem","position":1,"name":"Accueil","item":"https:\/\/www.webdo.tn\/fr\/"},{"@type":"ListItem","position":2,"name":"L&rsquo;Afrique du Sud accuse Isra\u00ebl de g\u00e9nocide devant la CIJ"}]},{"@type":"WebSite","@id":"https:\/\/www.webdo.tn\/fr\/#website","url":"https:\/\/www.webdo.tn\/fr\/","name":"webdo","description":"Tunisie - News en Tunisie et \u00e0 l&#039;international sur Webdo.tn","publisher":{"@id":"https:\/\/www.webdo.tn\/fr\/#organization"},"potentialAction":[{"@type":"SearchAction","target":{"@type":"EntryPoint","urlTemplate":"https:\/\/www.webdo.tn\/fr\/?s={search_term_string}"},"query-input":{"@type":"PropertyValueSpecification","valueRequired":true,"valueName":"search_term_string"}}],"inLanguage":"fr-FR"},{"@type":"Organization","@id":"https:\/\/www.webdo.tn\/fr\/#organization","name":"Webdo","alternateName":"Webdo.tn","url":"https:\/\/www.webdo.tn\/fr\/","logo":{"@type":"ImageObject","inLanguage":"fr-FR","@id":"https:\/\/www.webdo.tn\/fr\/#\/schema\/logo\/image\/","url":"https:\/\/www.webdo.tn\/fr\/wp-content\/uploads\/2025\/06\/Webdo-Tunisie_168377.jpg","contentUrl":"https:\/\/www.webdo.tn\/fr\/wp-content\/uploads\/2025\/06\/Webdo-Tunisie_168377.jpg","width":301,"height":301,"caption":"Webdo"},"image":{"@id":"https:\/\/www.webdo.tn\/fr\/#\/schema\/logo\/image\/"},"sameAs":["https:\/\/www.facebook.com\/webdotn","https:\/\/x.com\/webdo_tn"],"description":"Webdo est un m\u00e9dia num\u00e9rique tunisien fond\u00e9 en 2010, sp\u00e9cialis\u00e9 dans l\u2019actualit\u00e9 nationale et internationale, l\u2019\u00e9conomie, la soci\u00e9t\u00e9 et les analyses politiques. Le site s\u2019adresse \u00e0 un large public francophone et couvre l\u2019information tunisienne en temps r\u00e9el.","email":"redac@webdo.tn","legalName":"YNJ SARL","foundingDate":"2010-09-06","numberOfEmployees":{"@type":"QuantitativeValue","minValue":"11","maxValue":"50"}},{"@type":"Person","@id":"https:\/\/www.webdo.tn\/fr\/#\/schema\/person\/2c4929cbf5a809e3bd38617c6ce150f6","name":"MC","image":{"@type":"ImageObject","inLanguage":"fr-FR","@id":"https:\/\/secure.gravatar.com\/avatar\/a545bbb6f84efdd5553dbbc2895e3ca8f1d12c5215e00a041c9670b54aa9b18a?s=96&d=mm&r=g","url":"https:\/\/secure.gravatar.com\/avatar\/a545bbb6f84efdd5553dbbc2895e3ca8f1d12c5215e00a041c9670b54aa9b18a?s=96&d=mm&r=g","contentUrl":"https:\/\/secure.gravatar.com\/avatar\/a545bbb6f84efdd5553dbbc2895e3ca8f1d12c5215e00a041c9670b54aa9b18a?s=96&d=mm&r=g","caption":"MC"},"url":"https:\/\/www.webdo.tn\/fr\/actualite\/author\/mc\/"}]}},"_links":{"self":[{"href":"https:\/\/www.webdo.tn\/fr\/wp-json\/wp\/v2\/posts\/211192","targetHints":{"allow":["GET"]}}],"collection":[{"href":"https:\/\/www.webdo.tn\/fr\/wp-json\/wp\/v2\/posts"}],"about":[{"href":"https:\/\/www.webdo.tn\/fr\/wp-json\/wp\/v2\/types\/post"}],"author":[{"embeddable":true,"href":"https:\/\/www.webdo.tn\/fr\/wp-json\/wp\/v2\/users\/3162"}],"replies":[{"embeddable":true,"href":"https:\/\/www.webdo.tn\/fr\/wp-json\/wp\/v2\/comments?post=211192"}],"version-history":[{"count":0,"href":"https:\/\/www.webdo.tn\/fr\/wp-json\/wp\/v2\/posts\/211192\/revisions"}],"wp:featuredmedia":[{"embeddable":true,"href":"https:\/\/www.webdo.tn\/fr\/wp-json\/wp\/v2\/media\/248381"}],"wp:attachment":[{"href":"https:\/\/www.webdo.tn\/fr\/wp-json\/wp\/v2\/media?parent=211192"}],"wp:term":[{"taxonomy":"category","embeddable":true,"href":"https:\/\/www.webdo.tn\/fr\/wp-json\/wp\/v2\/categories?post=211192"},{"taxonomy":"post_tag","embeddable":true,"href":"https:\/\/www.webdo.tn\/fr\/wp-json\/wp\/v2\/tags?post=211192"}],"curies":[{"name":"wp","href":"https:\/\/api.w.org\/{rel}","templated":true}]}}