{"id":211181,"date":"2023-12-29T18:57:00","date_gmt":"2023-12-29T17:57:00","guid":{"rendered":"https:\/\/www.webdo.tn\/fr\/actualite\/national\/tunisie-l-etat-d-urgence-prolonge-d-un-mois\/211181"},"modified":"2025-06-04T18:05:25","modified_gmt":"2025-06-04T18:05:25","slug":"tunisie-l-etat-d-urgence-prolonge-d-un-mois-3","status":"publish","type":"post","link":"https:\/\/www.webdo.tn\/fr\/actualite\/national\/tunisie-l-etat-d-urgence-prolonge-d-un-mois-3\/211181\/","title":{"rendered":"Tunisie : L&rsquo;\u00e9tat d&rsquo;urgence prolong\u00e9 d&rsquo;un mois"},"content":{"rendered":"<p>En vertu du d\u00e9cret n\u00b0 2023-814 du 29 d\u00e9cembre 2023, publi\u00e9 au JORT n\u00b0149 et paru ce vendredi, l\u2019\u00e9tat d\u2019urgence a \u00e9t\u00e9 prolong\u00e9 sur tout le territoire de la R\u00e9publique tunisienne pour une dur\u00e9e d\u2019un mois, et ce, \u00e0 compter du 1er janvier 2024 jusqu\u2019au 30 janvier 2024.<\/p>\n<p> Il est \u00e0 rappeler qu&rsquo;\u00e0 la m\u00eame p\u00e9riode de l&rsquo;ann\u00e9e 2022, le Pr\u00e9sident de la R\u00e9publique, Kais Saied avait d\u00e9cr\u00e9t\u00e9 l&rsquo;\u00e9tat d&rsquo;urgence pour une dur\u00e9e d&rsquo;un mois, soit du 1er janvier 2023 au 30 janvier 2023.<\/p>\n<p>En f\u00e9vrier dernier, cet \u00e9tat d&rsquo;urgence a \u00e9t\u00e9 prolong\u00e9e de 11 mois selon le\u00a0d\u00e9cret pr\u00e9sidentiel n\u00b02023-47 du 30 janvier 2023.<\/p>\n<p>La premi\u00e8re fois que l&rsquo;\u00e9tat d&rsquo;urgence a \u00e9t\u00e9 d\u00e9cr\u00e9t\u00e9 sur l&rsquo;ensemble du territoire de la Tunisie, c&rsquo;\u00e9tait en 2015, apr\u00e8s l&rsquo;attaque terroriste qui a vis\u00e9 un bus de la Garde pr\u00e9sidentielle. L&rsquo;attentat avait fait 13 morts.<\/p>\n","protected":false},"excerpt":{"rendered":"<p>En vertu du d\u00e9cret n\u00b0 2023-814 du 29 d\u00e9cembre 2023, publi\u00e9 au JORT n\u00b0149 et paru ce vendredi, l\u2019\u00e9tat d\u2019urgence a \u00e9t\u00e9 prolong\u00e9 sur tout le territoire de la R\u00e9pub&#8230;<\/p>\n","protected":false},"author":3222,"featured_media":366728,"comment_status":"open","ping_status":"open","sticky":false,"template":"","format":"standard","meta":{"footnotes":""},"categories":[44],"tags":[4179,3897,2614,2608],"class_list":["post-211181","post","type-post","status-publish","format-standard","has-post-thumbnail","hentry","category-national","tag-etat-durgence","tag-jort","tag-kais-saied","tag-tunisie"],"yoast_head":"<!-- This site is optimized with the Yoast SEO Premium plugin v27.4 (Yoast SEO v27.5) - https:\/\/yoast.com\/product\/yoast-seo-premium-wordpress\/ -->\n<title>Tunisie : L&#039;\u00e9tat d&#039;urgence prolong\u00e9 d&#039;un mois<\/title>\n<meta name=\"description\" content=\"En vertu du d\u00e9cret n\u00b0 2023-814 du 29 d\u00e9cembre 2023, publi\u00e9 au JORT n\u00b0149 et paru ce vendredi, l\u2019\u00e9tat d\u2019urgence a \u00e9t\u00e9 prolong\u00e9 sur tout le territoire de la R\u00e9pub...\" \/>\n<link rel=\"canonical\" href=\"https:\/\/www.webdo.tn\/fr\/actualite\/national\/tunisie-l-etat-d-urgence-prolonge-d-un-mois-3\/211181\/\" \/>\n<meta property=\"og:locale\" content=\"fr_FR\" \/>\n<meta property=\"og:type\" content=\"article\" \/>\n<meta property=\"og:title\" content=\"Tunisie : L&#039;\u00e9tat d&#039;urgence prolong\u00e9 d&#039;un mois\" \/>\n<meta property=\"og:description\" content=\"En vertu du d\u00e9cret n\u00b0 2023-814 du 29 d\u00e9cembre 2023, publi\u00e9 au JORT n\u00b0149 et paru ce vendredi, l\u2019\u00e9tat d\u2019urgence a \u00e9t\u00e9 prolong\u00e9 sur tout le territoire de la R\u00e9pub...\" \/>\n<meta property=\"og:url\" content=\"https:\/\/www.webdo.tn\/fr\/actualite\/national\/tunisie-l-etat-d-urgence-prolonge-d-un-mois-3\/211181\/\" \/>\n<meta property=\"og:site_name\" content=\"webdo\" \/>\n<meta property=\"article:publisher\" content=\"https:\/\/www.facebook.com\/webdotn\" \/>\n<meta property=\"article:published_time\" content=\"2023-12-29T17:57:00+00:00\" \/>\n<meta property=\"article:modified_time\" content=\"2025-06-04T18:05:25+00:00\" \/>\n<meta name=\"author\" content=\"webdo.tn\" \/>\n<meta name=\"twitter:card\" content=\"summary_large_image\" \/>\n<meta name=\"twitter:creator\" content=\"@webdo_tn\" \/>\n<meta name=\"twitter:site\" content=\"@webdo_tn\" \/>\n<meta name=\"twitter:label1\" content=\"\u00c9crit par\" \/>\n\t<meta name=\"twitter:data1\" content=\"webdo.tn\" \/>\n\t<meta name=\"twitter:label2\" content=\"Dur\u00e9e de lecture estim\u00e9e\" \/>\n\t<meta name=\"twitter:data2\" content=\"1 minute\" \/>\n<script type=\"application\/ld+json\" class=\"yoast-schema-graph\">{\"@context\":\"https:\\\/\\\/schema.org\",\"@graph\":[{\"@type\":\"NewsArticle\",\"@id\":\"https:\\\/\\\/www.webdo.tn\\\/fr\\\/actualite\\\/national\\\/tunisie-l-etat-d-urgence-prolonge-d-un-mois-3\\\/211181\\\/#article\",\"isPartOf\":{\"@id\":\"https:\\\/\\\/www.webdo.tn\\\/fr\\\/actualite\\\/national\\\/tunisie-l-etat-d-urgence-prolonge-d-un-mois-3\\\/211181\\\/\"},\"author\":{\"name\":\"webdo.tn\",\"@id\":\"https:\\\/\\\/www.webdo.tn\\\/fr\\\/#\\\/schema\\\/person\\\/9a9c6118d687c117df8ef3cc36a4d175\"},\"headline\":\"Tunisie : L&rsquo;\u00e9tat d&rsquo;urgence prolong\u00e9 d&rsquo;un mois\",\"datePublished\":\"2023-12-29T17:57:00+00:00\",\"dateModified\":\"2025-06-04T18:05:25+00:00\",\"mainEntityOfPage\":{\"@id\":\"https:\\\/\\\/www.webdo.tn\\\/fr\\\/actualite\\\/national\\\/tunisie-l-etat-d-urgence-prolonge-d-un-mois-3\\\/211181\\\/\"},\"wordCount\":171,\"commentCount\":0,\"publisher\":{\"@id\":\"https:\\\/\\\/www.webdo.tn\\\/fr\\\/#organization\"},\"image\":{\"@id\":\"https:\\\/\\\/www.webdo.tn\\\/fr\\\/actualite\\\/national\\\/tunisie-l-etat-d-urgence-prolonge-d-un-mois-3\\\/211181\\\/#primaryimage\"},\"thumbnailUrl\":\"https:\\\/\\\/www.webdo.tn\\\/fr\\\/wp-content\\\/uploads\\\/2025\\\/06\\\/9fa2532c227d667d497a7a4289a8a677_211181.png\",\"keywords\":[\"\u00e9tat d'urgence\",\"JORT\",\"Kais Saied\",\"Tunisie\"],\"articleSection\":[\"National\"],\"inLanguage\":\"fr-FR\"},{\"@type\":\"WebPage\",\"@id\":\"https:\\\/\\\/www.webdo.tn\\\/fr\\\/actualite\\\/national\\\/tunisie-l-etat-d-urgence-prolonge-d-un-mois-3\\\/211181\\\/\",\"url\":\"https:\\\/\\\/www.webdo.tn\\\/fr\\\/actualite\\\/national\\\/tunisie-l-etat-d-urgence-prolonge-d-un-mois-3\\\/211181\\\/\",\"name\":\"Tunisie : L'\u00e9tat d'urgence prolong\u00e9 d'un mois\",\"isPartOf\":{\"@id\":\"https:\\\/\\\/www.webdo.tn\\\/fr\\\/#website\"},\"primaryImageOfPage\":{\"@id\":\"https:\\\/\\\/www.webdo.tn\\\/fr\\\/actualite\\\/national\\\/tunisie-l-etat-d-urgence-prolonge-d-un-mois-3\\\/211181\\\/#primaryimage\"},\"image\":{\"@id\":\"https:\\\/\\\/www.webdo.tn\\\/fr\\\/actualite\\\/national\\\/tunisie-l-etat-d-urgence-prolonge-d-un-mois-3\\\/211181\\\/#primaryimage\"},\"thumbnailUrl\":\"https:\\\/\\\/www.webdo.tn\\\/fr\\\/wp-content\\\/uploads\\\/2025\\\/06\\\/9fa2532c227d667d497a7a4289a8a677_211181.png\",\"datePublished\":\"2023-12-29T17:57:00+00:00\",\"dateModified\":\"2025-06-04T18:05:25+00:00\",\"description\":\"En vertu du d\u00e9cret n\u00b0 2023-814 du 29 d\u00e9cembre 2023, publi\u00e9 au JORT n\u00b0149 et paru ce vendredi, l\u2019\u00e9tat d\u2019urgence a \u00e9t\u00e9 prolong\u00e9 sur tout le territoire de la R\u00e9pub...\",\"breadcrumb\":{\"@id\":\"https:\\\/\\\/www.webdo.tn\\\/fr\\\/actualite\\\/national\\\/tunisie-l-etat-d-urgence-prolonge-d-un-mois-3\\\/211181\\\/#breadcrumb\"},\"inLanguage\":\"fr-FR\",\"potentialAction\":[{\"@type\":\"ReadAction\",\"target\":[\"https:\\\/\\\/www.webdo.tn\\\/fr\\\/actualite\\\/national\\\/tunisie-l-etat-d-urgence-prolonge-d-un-mois-3\\\/211181\\\/\"]}]},{\"@type\":\"ImageObject\",\"inLanguage\":\"fr-FR\",\"@id\":\"https:\\\/\\\/www.webdo.tn\\\/fr\\\/actualite\\\/national\\\/tunisie-l-etat-d-urgence-prolonge-d-un-mois-3\\\/211181\\\/#primaryimage\",\"url\":\"https:\\\/\\\/www.webdo.tn\\\/fr\\\/wp-content\\\/uploads\\\/2025\\\/06\\\/9fa2532c227d667d497a7a4289a8a677_211181.png\",\"contentUrl\":\"https:\\\/\\\/www.webdo.tn\\\/fr\\\/wp-content\\\/uploads\\\/2025\\\/06\\\/9fa2532c227d667d497a7a4289a8a677_211181.png\",\"width\":750,\"height\":400,\"caption\":\"Tunisie : L'\u00e9tat d'urgence prolong\u00e9 d'un mois\"},{\"@type\":\"BreadcrumbList\",\"@id\":\"https:\\\/\\\/www.webdo.tn\\\/fr\\\/actualite\\\/national\\\/tunisie-l-etat-d-urgence-prolonge-d-un-mois-3\\\/211181\\\/#breadcrumb\",\"itemListElement\":[{\"@type\":\"ListItem\",\"position\":1,\"name\":\"Accueil\",\"item\":\"https:\\\/\\\/www.webdo.tn\\\/fr\\\/\"},{\"@type\":\"ListItem\",\"position\":2,\"name\":\"Tunisie : L&rsquo;\u00e9tat d&rsquo;urgence prolong\u00e9 d&rsquo;un mois\"}]},{\"@type\":\"WebSite\",\"@id\":\"https:\\\/\\\/www.webdo.tn\\\/fr\\\/#website\",\"url\":\"https:\\\/\\\/www.webdo.tn\\\/fr\\\/\",\"name\":\"webdo\",\"description\":\"Tunisie - News en Tunisie et \u00e0 l&#039;international sur Webdo.tn\",\"publisher\":{\"@id\":\"https:\\\/\\\/www.webdo.tn\\\/fr\\\/#organization\"},\"potentialAction\":[{\"@type\":\"SearchAction\",\"target\":{\"@type\":\"EntryPoint\",\"urlTemplate\":\"https:\\\/\\\/www.webdo.tn\\\/fr\\\/?s={search_term_string}\"},\"query-input\":{\"@type\":\"PropertyValueSpecification\",\"valueRequired\":true,\"valueName\":\"search_term_string\"}}],\"inLanguage\":\"fr-FR\"},{\"@type\":\"Organization\",\"@id\":\"https:\\\/\\\/www.webdo.tn\\\/fr\\\/#organization\",\"name\":\"Webdo\",\"alternateName\":\"Webdo.tn\",\"url\":\"https:\\\/\\\/www.webdo.tn\\\/fr\\\/\",\"logo\":{\"@type\":\"ImageObject\",\"inLanguage\":\"fr-FR\",\"@id\":\"https:\\\/\\\/www.webdo.tn\\\/fr\\\/#\\\/schema\\\/logo\\\/image\\\/\",\"url\":\"https:\\\/\\\/www.webdo.tn\\\/fr\\\/wp-content\\\/uploads\\\/2025\\\/06\\\/Webdo-Tunisie_168377.jpg\",\"contentUrl\":\"https:\\\/\\\/www.webdo.tn\\\/fr\\\/wp-content\\\/uploads\\\/2025\\\/06\\\/Webdo-Tunisie_168377.jpg\",\"width\":301,\"height\":301,\"caption\":\"Webdo\"},\"image\":{\"@id\":\"https:\\\/\\\/www.webdo.tn\\\/fr\\\/#\\\/schema\\\/logo\\\/image\\\/\"},\"sameAs\":[\"https:\\\/\\\/www.facebook.com\\\/webdotn\",\"https:\\\/\\\/x.com\\\/webdo_tn\"],\"description\":\"Webdo est un m\u00e9dia num\u00e9rique tunisien fond\u00e9 en 2010, sp\u00e9cialis\u00e9 dans l\u2019actualit\u00e9 nationale et internationale, l\u2019\u00e9conomie, la soci\u00e9t\u00e9 et les analyses politiques. Le site s\u2019adresse \u00e0 un large public francophone et couvre l\u2019information tunisienne en temps r\u00e9el.\",\"email\":\"redac@webdo.tn\",\"legalName\":\"YNJ SARL\",\"foundingDate\":\"2010-09-06\",\"numberOfEmployees\":{\"@type\":\"QuantitativeValue\",\"minValue\":\"11\",\"maxValue\":\"50\"}},{\"@type\":\"Person\",\"@id\":\"https:\\\/\\\/www.webdo.tn\\\/fr\\\/#\\\/schema\\\/person\\\/9a9c6118d687c117df8ef3cc36a4d175\",\"name\":\"webdo.tn\",\"image\":{\"@type\":\"ImageObject\",\"inLanguage\":\"fr-FR\",\"@id\":\"https:\\\/\\\/secure.gravatar.com\\\/avatar\\\/7ce1f28c0c3bbac99ff550b85ef8e44a6950c6ee24514fb6a5489e51d06f0298?s=96&d=mm&r=g\",\"url\":\"https:\\\/\\\/secure.gravatar.com\\\/avatar\\\/7ce1f28c0c3bbac99ff550b85ef8e44a6950c6ee24514fb6a5489e51d06f0298?s=96&d=mm&r=g\",\"contentUrl\":\"https:\\\/\\\/secure.gravatar.com\\\/avatar\\\/7ce1f28c0c3bbac99ff550b85ef8e44a6950c6ee24514fb6a5489e51d06f0298?s=96&d=mm&r=g\",\"caption\":\"webdo.tn\"},\"url\":\"https:\\\/\\\/www.webdo.tn\\\/fr\\\/actualite\\\/author\\\/webdotn\\\/\"}]}<\/script>\n<!-- \/ Yoast SEO Premium plugin. -->","yoast_head_json":{"title":"Tunisie : L'\u00e9tat d'urgence prolong\u00e9 d'un mois","description":"En vertu du d\u00e9cret n\u00b0 2023-814 du 29 d\u00e9cembre 2023, publi\u00e9 au JORT n\u00b0149 et paru ce vendredi, l\u2019\u00e9tat d\u2019urgence a \u00e9t\u00e9 prolong\u00e9 sur tout le territoire de la R\u00e9pub...","canonical":"https:\/\/www.webdo.tn\/fr\/actualite\/national\/tunisie-l-etat-d-urgence-prolonge-d-un-mois-3\/211181\/","og_locale":"fr_FR","og_type":"article","og_title":"Tunisie : L'\u00e9tat d'urgence prolong\u00e9 d'un mois","og_description":"En vertu du d\u00e9cret n\u00b0 2023-814 du 29 d\u00e9cembre 2023, publi\u00e9 au JORT n\u00b0149 et paru ce vendredi, l\u2019\u00e9tat d\u2019urgence a \u00e9t\u00e9 prolong\u00e9 sur tout le territoire de la R\u00e9pub...","og_url":"https:\/\/www.webdo.tn\/fr\/actualite\/national\/tunisie-l-etat-d-urgence-prolonge-d-un-mois-3\/211181\/","og_site_name":"webdo","article_publisher":"https:\/\/www.facebook.com\/webdotn","article_published_time":"2023-12-29T17:57:00+00:00","article_modified_time":"2025-06-04T18:05:25+00:00","author":"webdo.tn","twitter_card":"summary_large_image","twitter_creator":"@webdo_tn","twitter_site":"@webdo_tn","twitter_misc":{"\u00c9crit par":"webdo.tn","Dur\u00e9e de lecture estim\u00e9e":"1 minute"},"schema":{"@context":"https:\/\/schema.org","@graph":[{"@type":"NewsArticle","@id":"https:\/\/www.webdo.tn\/fr\/actualite\/national\/tunisie-l-etat-d-urgence-prolonge-d-un-mois-3\/211181\/#article","isPartOf":{"@id":"https:\/\/www.webdo.tn\/fr\/actualite\/national\/tunisie-l-etat-d-urgence-prolonge-d-un-mois-3\/211181\/"},"author":{"name":"webdo.tn","@id":"https:\/\/www.webdo.tn\/fr\/#\/schema\/person\/9a9c6118d687c117df8ef3cc36a4d175"},"headline":"Tunisie : L&rsquo;\u00e9tat d&rsquo;urgence prolong\u00e9 d&rsquo;un mois","datePublished":"2023-12-29T17:57:00+00:00","dateModified":"2025-06-04T18:05:25+00:00","mainEntityOfPage":{"@id":"https:\/\/www.webdo.tn\/fr\/actualite\/national\/tunisie-l-etat-d-urgence-prolonge-d-un-mois-3\/211181\/"},"wordCount":171,"commentCount":0,"publisher":{"@id":"https:\/\/www.webdo.tn\/fr\/#organization"},"image":{"@id":"https:\/\/www.webdo.tn\/fr\/actualite\/national\/tunisie-l-etat-d-urgence-prolonge-d-un-mois-3\/211181\/#primaryimage"},"thumbnailUrl":"https:\/\/www.webdo.tn\/fr\/wp-content\/uploads\/2025\/06\/9fa2532c227d667d497a7a4289a8a677_211181.png","keywords":["\u00e9tat d'urgence","JORT","Kais Saied","Tunisie"],"articleSection":["National"],"inLanguage":"fr-FR"},{"@type":"WebPage","@id":"https:\/\/www.webdo.tn\/fr\/actualite\/national\/tunisie-l-etat-d-urgence-prolonge-d-un-mois-3\/211181\/","url":"https:\/\/www.webdo.tn\/fr\/actualite\/national\/tunisie-l-etat-d-urgence-prolonge-d-un-mois-3\/211181\/","name":"Tunisie : L'\u00e9tat d'urgence prolong\u00e9 d'un mois","isPartOf":{"@id":"https:\/\/www.webdo.tn\/fr\/#website"},"primaryImageOfPage":{"@id":"https:\/\/www.webdo.tn\/fr\/actualite\/national\/tunisie-l-etat-d-urgence-prolonge-d-un-mois-3\/211181\/#primaryimage"},"image":{"@id":"https:\/\/www.webdo.tn\/fr\/actualite\/national\/tunisie-l-etat-d-urgence-prolonge-d-un-mois-3\/211181\/#primaryimage"},"thumbnailUrl":"https:\/\/www.webdo.tn\/fr\/wp-content\/uploads\/2025\/06\/9fa2532c227d667d497a7a4289a8a677_211181.png","datePublished":"2023-12-29T17:57:00+00:00","dateModified":"2025-06-04T18:05:25+00:00","description":"En vertu du d\u00e9cret n\u00b0 2023-814 du 29 d\u00e9cembre 2023, publi\u00e9 au JORT n\u00b0149 et paru ce vendredi, l\u2019\u00e9tat d\u2019urgence a \u00e9t\u00e9 prolong\u00e9 sur tout le territoire de la R\u00e9pub...","breadcrumb":{"@id":"https:\/\/www.webdo.tn\/fr\/actualite\/national\/tunisie-l-etat-d-urgence-prolonge-d-un-mois-3\/211181\/#breadcrumb"},"inLanguage":"fr-FR","potentialAction":[{"@type":"ReadAction","target":["https:\/\/www.webdo.tn\/fr\/actualite\/national\/tunisie-l-etat-d-urgence-prolonge-d-un-mois-3\/211181\/"]}]},{"@type":"ImageObject","inLanguage":"fr-FR","@id":"https:\/\/www.webdo.tn\/fr\/actualite\/national\/tunisie-l-etat-d-urgence-prolonge-d-un-mois-3\/211181\/#primaryimage","url":"https:\/\/www.webdo.tn\/fr\/wp-content\/uploads\/2025\/06\/9fa2532c227d667d497a7a4289a8a677_211181.png","contentUrl":"https:\/\/www.webdo.tn\/fr\/wp-content\/uploads\/2025\/06\/9fa2532c227d667d497a7a4289a8a677_211181.png","width":750,"height":400,"caption":"Tunisie : L'\u00e9tat d'urgence prolong\u00e9 d'un mois"},{"@type":"BreadcrumbList","@id":"https:\/\/www.webdo.tn\/fr\/actualite\/national\/tunisie-l-etat-d-urgence-prolonge-d-un-mois-3\/211181\/#breadcrumb","itemListElement":[{"@type":"ListItem","position":1,"name":"Accueil","item":"https:\/\/www.webdo.tn\/fr\/"},{"@type":"ListItem","position":2,"name":"Tunisie : L&rsquo;\u00e9tat d&rsquo;urgence prolong\u00e9 d&rsquo;un mois"}]},{"@type":"WebSite","@id":"https:\/\/www.webdo.tn\/fr\/#website","url":"https:\/\/www.webdo.tn\/fr\/","name":"webdo","description":"Tunisie - News en Tunisie et \u00e0 l&#039;international sur Webdo.tn","publisher":{"@id":"https:\/\/www.webdo.tn\/fr\/#organization"},"potentialAction":[{"@type":"SearchAction","target":{"@type":"EntryPoint","urlTemplate":"https:\/\/www.webdo.tn\/fr\/?s={search_term_string}"},"query-input":{"@type":"PropertyValueSpecification","valueRequired":true,"valueName":"search_term_string"}}],"inLanguage":"fr-FR"},{"@type":"Organization","@id":"https:\/\/www.webdo.tn\/fr\/#organization","name":"Webdo","alternateName":"Webdo.tn","url":"https:\/\/www.webdo.tn\/fr\/","logo":{"@type":"ImageObject","inLanguage":"fr-FR","@id":"https:\/\/www.webdo.tn\/fr\/#\/schema\/logo\/image\/","url":"https:\/\/www.webdo.tn\/fr\/wp-content\/uploads\/2025\/06\/Webdo-Tunisie_168377.jpg","contentUrl":"https:\/\/www.webdo.tn\/fr\/wp-content\/uploads\/2025\/06\/Webdo-Tunisie_168377.jpg","width":301,"height":301,"caption":"Webdo"},"image":{"@id":"https:\/\/www.webdo.tn\/fr\/#\/schema\/logo\/image\/"},"sameAs":["https:\/\/www.facebook.com\/webdotn","https:\/\/x.com\/webdo_tn"],"description":"Webdo est un m\u00e9dia num\u00e9rique tunisien fond\u00e9 en 2010, sp\u00e9cialis\u00e9 dans l\u2019actualit\u00e9 nationale et internationale, l\u2019\u00e9conomie, la soci\u00e9t\u00e9 et les analyses politiques. Le site s\u2019adresse \u00e0 un large public francophone et couvre l\u2019information tunisienne en temps r\u00e9el.","email":"redac@webdo.tn","legalName":"YNJ SARL","foundingDate":"2010-09-06","numberOfEmployees":{"@type":"QuantitativeValue","minValue":"11","maxValue":"50"}},{"@type":"Person","@id":"https:\/\/www.webdo.tn\/fr\/#\/schema\/person\/9a9c6118d687c117df8ef3cc36a4d175","name":"webdo.tn","image":{"@type":"ImageObject","inLanguage":"fr-FR","@id":"https:\/\/secure.gravatar.com\/avatar\/7ce1f28c0c3bbac99ff550b85ef8e44a6950c6ee24514fb6a5489e51d06f0298?s=96&d=mm&r=g","url":"https:\/\/secure.gravatar.com\/avatar\/7ce1f28c0c3bbac99ff550b85ef8e44a6950c6ee24514fb6a5489e51d06f0298?s=96&d=mm&r=g","contentUrl":"https:\/\/secure.gravatar.com\/avatar\/7ce1f28c0c3bbac99ff550b85ef8e44a6950c6ee24514fb6a5489e51d06f0298?s=96&d=mm&r=g","caption":"webdo.tn"},"url":"https:\/\/www.webdo.tn\/fr\/actualite\/author\/webdotn\/"}]}},"_links":{"self":[{"href":"https:\/\/www.webdo.tn\/fr\/wp-json\/wp\/v2\/posts\/211181","targetHints":{"allow":["GET"]}}],"collection":[{"href":"https:\/\/www.webdo.tn\/fr\/wp-json\/wp\/v2\/posts"}],"about":[{"href":"https:\/\/www.webdo.tn\/fr\/wp-json\/wp\/v2\/types\/post"}],"author":[{"embeddable":true,"href":"https:\/\/www.webdo.tn\/fr\/wp-json\/wp\/v2\/users\/3222"}],"replies":[{"embeddable":true,"href":"https:\/\/www.webdo.tn\/fr\/wp-json\/wp\/v2\/comments?post=211181"}],"version-history":[{"count":0,"href":"https:\/\/www.webdo.tn\/fr\/wp-json\/wp\/v2\/posts\/211181\/revisions"}],"wp:featuredmedia":[{"embeddable":true,"href":"https:\/\/www.webdo.tn\/fr\/wp-json\/wp\/v2\/media\/366728"}],"wp:attachment":[{"href":"https:\/\/www.webdo.tn\/fr\/wp-json\/wp\/v2\/media?parent=211181"}],"wp:term":[{"taxonomy":"category","embeddable":true,"href":"https:\/\/www.webdo.tn\/fr\/wp-json\/wp\/v2\/categories?post=211181"},{"taxonomy":"post_tag","embeddable":true,"href":"https:\/\/www.webdo.tn\/fr\/wp-json\/wp\/v2\/tags?post=211181"}],"curies":[{"name":"wp","href":"https:\/\/api.w.org\/{rel}","templated":true}]}}