{"id":211165,"date":"2023-12-28T21:26:00","date_gmt":"2023-12-28T21:26:00","guid":{"rendered":"https:\/\/www.webdo.tn\/fr\/blog\/nouvel-an-kais-saied-presente-ses-voeux-aux-tunisiens\/211165\/"},"modified":"2025-05-20T22:55:59","modified_gmt":"2025-05-20T22:55:59","slug":"nouvel-an-kais-saied-presente-ses-voeux-aux-tunisiens","status":"publish","type":"post","link":"https:\/\/www.webdo.tn\/fr\/actualite\/national\/nouvel-an-kais-saied-presente-ses-voeux-aux-tunisiens\/211165\/","title":{"rendered":"Nouvel An : Ka\u00efs Sa\u00efed pr\u00e9sente ses v\u0153ux aux Tunisiens"},"content":{"rendered":"<p>A l\u2019occasion du nouvel an, le pr\u00e9sident de la R\u00e9publique, Ka\u00efs Sa\u00efed, a pr\u00e9sent\u00e9 ses v\u0153ux aux Tunisiens lors de la r\u00e9union du conseil des ministres, ce jeudi 28 d\u00e9cembre 2023.<\/p>\n<p>\t\t\t\t\t\t\t\t\t\u00ab La fiert\u00e9 de notre nation restera toujours pr\u00e9sente dans chaque pas que nous faisons. Gr\u00e2ce aux esprits des enfants de ce cher pays, nous allons continuer le militantisme et la lib\u00e9ration, comptant sur Dieu et sur nous-m\u00eame \u00bb, a-t-il d\u00e9clar\u00e9.<\/p>\n<p>Le Chef de l\u2019\u00c9tat a tenu, \u00e0 cette occasion, \u00e0 rendre hommage au peuple palestinien : \u00ab nous sommes certains que la victoire est proche. La Palestine sera lib\u00e9r\u00e9e. [\u2026] Des \u00e9quilibres et des concepts vont changer. Le sionisme va chuter \u00bb.<\/p>\n","protected":false},"excerpt":{"rendered":"<p>Le Chef de l\u2019\u00c9tat a tenu, \u00e0 cette occasion, \u00e0 rendre hommage au peuple palestinien<\/p>\n","protected":false},"author":3182,"featured_media":290028,"comment_status":"open","ping_status":"closed","sticky":false,"template":"","format":"standard","meta":{"footnotes":""},"categories":[44],"tags":[2614,4534,2608,4536],"class_list":["post-211165","post","type-post","status-publish","format-standard","has-post-thumbnail","hentry","category-national","tag-kais-saied","tag-nouvel-an","tag-tunisie","tag-voeux"],"yoast_head":"<!-- This site is optimized with the Yoast SEO Premium plugin v27.5 (Yoast SEO v27.5) - https:\/\/yoast.com\/product\/yoast-seo-premium-wordpress\/ -->\n<title>Nouvel An : Ka\u00efs Sa\u00efed pr\u00e9sente ses v\u0153ux aux Tunisiens<\/title>\n<meta name=\"description\" content=\"Le Chef de l\u2019\u00c9tat a tenu, \u00e0 cette occasion, \u00e0 rendre hommage au peuple palestinien\" \/>\n<link rel=\"canonical\" href=\"https:\/\/www.webdo.tn\/fr\/actualite\/national\/nouvel-an-kais-saied-presente-ses-voeux-aux-tunisiens\/211165\/\" \/>\n<meta property=\"og:locale\" content=\"fr_FR\" \/>\n<meta property=\"og:type\" content=\"article\" \/>\n<meta property=\"og:title\" content=\"Nouvel An : Ka\u00efs Sa\u00efed pr\u00e9sente ses v\u0153ux aux Tunisiens\" \/>\n<meta property=\"og:description\" content=\"Le Chef de l\u2019\u00c9tat a tenu, \u00e0 cette occasion, \u00e0 rendre hommage au peuple palestinien\" \/>\n<meta property=\"og:url\" content=\"https:\/\/www.webdo.tn\/fr\/actualite\/national\/nouvel-an-kais-saied-presente-ses-voeux-aux-tunisiens\/211165\/\" \/>\n<meta property=\"og:site_name\" content=\"webdo\" \/>\n<meta property=\"article:publisher\" content=\"https:\/\/www.facebook.com\/webdotn\" \/>\n<meta property=\"article:published_time\" content=\"2023-12-28T21:26:00+00:00\" \/>\n<meta property=\"article:modified_time\" content=\"2025-05-20T22:55:59+00:00\" \/>\n<meta property=\"og:image\" content=\"https:\/\/www.webdo.tn\/fr\/wp-content\/uploads\/2023\/12\/7e2de49d70f0fb978ed0f33da3f9fe37.png\" \/>\n\t<meta property=\"og:image:width\" content=\"750\" \/>\n\t<meta property=\"og:image:height\" content=\"400\" \/>\n\t<meta property=\"og:image:type\" content=\"image\/png\" \/>\n<meta name=\"author\" content=\"WB\" \/>\n<meta name=\"twitter:card\" content=\"summary_large_image\" \/>\n<meta name=\"twitter:creator\" content=\"@webdo_tn\" \/>\n<meta name=\"twitter:site\" content=\"@webdo_tn\" \/>\n<meta name=\"twitter:label1\" content=\"\u00c9crit par\" \/>\n\t<meta name=\"twitter:data1\" content=\"WB\" \/>\n\t<meta name=\"twitter:label2\" content=\"Dur\u00e9e de lecture estim\u00e9e\" \/>\n\t<meta name=\"twitter:data2\" content=\"1 minute\" \/>\n<script type=\"application\/ld+json\" class=\"yoast-schema-graph\">{\"@context\":\"https:\\\/\\\/schema.org\",\"@graph\":[{\"@type\":\"NewsArticle\",\"@id\":\"https:\\\/\\\/www.webdo.tn\\\/fr\\\/actualite\\\/national\\\/nouvel-an-kais-saied-presente-ses-voeux-aux-tunisiens\\\/211165\\\/#article\",\"isPartOf\":{\"@id\":\"https:\\\/\\\/www.webdo.tn\\\/fr\\\/actualite\\\/national\\\/nouvel-an-kais-saied-presente-ses-voeux-aux-tunisiens\\\/211165\\\/\"},\"author\":{\"name\":\"WB\",\"@id\":\"https:\\\/\\\/www.webdo.tn\\\/fr\\\/#\\\/schema\\\/person\\\/f16bf91e3b3c6347371884777659f9d8\"},\"headline\":\"Nouvel An : Ka\u00efs Sa\u00efed pr\u00e9sente ses v\u0153ux aux Tunisiens\",\"datePublished\":\"2023-12-28T21:26:00+00:00\",\"dateModified\":\"2025-05-20T22:55:59+00:00\",\"mainEntityOfPage\":{\"@id\":\"https:\\\/\\\/www.webdo.tn\\\/fr\\\/actualite\\\/national\\\/nouvel-an-kais-saied-presente-ses-voeux-aux-tunisiens\\\/211165\\\/\"},\"wordCount\":134,\"commentCount\":0,\"publisher\":{\"@id\":\"https:\\\/\\\/www.webdo.tn\\\/fr\\\/#organization\"},\"image\":{\"@id\":\"https:\\\/\\\/www.webdo.tn\\\/fr\\\/actualite\\\/national\\\/nouvel-an-kais-saied-presente-ses-voeux-aux-tunisiens\\\/211165\\\/#primaryimage\"},\"thumbnailUrl\":\"https:\\\/\\\/www.webdo.tn\\\/fr\\\/wp-content\\\/uploads\\\/2023\\\/12\\\/7e2de49d70f0fb978ed0f33da3f9fe37.png\",\"keywords\":[\"Kais Saied\",\"nouvel an\",\"Tunisie\",\"Voeux\"],\"articleSection\":[\"National\"],\"inLanguage\":\"fr-FR\"},{\"@type\":\"WebPage\",\"@id\":\"https:\\\/\\\/www.webdo.tn\\\/fr\\\/actualite\\\/national\\\/nouvel-an-kais-saied-presente-ses-voeux-aux-tunisiens\\\/211165\\\/\",\"url\":\"https:\\\/\\\/www.webdo.tn\\\/fr\\\/actualite\\\/national\\\/nouvel-an-kais-saied-presente-ses-voeux-aux-tunisiens\\\/211165\\\/\",\"name\":\"Nouvel An : Ka\u00efs Sa\u00efed pr\u00e9sente ses v\u0153ux aux Tunisiens\",\"isPartOf\":{\"@id\":\"https:\\\/\\\/www.webdo.tn\\\/fr\\\/#website\"},\"primaryImageOfPage\":{\"@id\":\"https:\\\/\\\/www.webdo.tn\\\/fr\\\/actualite\\\/national\\\/nouvel-an-kais-saied-presente-ses-voeux-aux-tunisiens\\\/211165\\\/#primaryimage\"},\"image\":{\"@id\":\"https:\\\/\\\/www.webdo.tn\\\/fr\\\/actualite\\\/national\\\/nouvel-an-kais-saied-presente-ses-voeux-aux-tunisiens\\\/211165\\\/#primaryimage\"},\"thumbnailUrl\":\"https:\\\/\\\/www.webdo.tn\\\/fr\\\/wp-content\\\/uploads\\\/2023\\\/12\\\/7e2de49d70f0fb978ed0f33da3f9fe37.png\",\"datePublished\":\"2023-12-28T21:26:00+00:00\",\"dateModified\":\"2025-05-20T22:55:59+00:00\",\"description\":\"Le Chef de l\u2019\u00c9tat a tenu, \u00e0 cette occasion, \u00e0 rendre hommage au peuple palestinien\",\"breadcrumb\":{\"@id\":\"https:\\\/\\\/www.webdo.tn\\\/fr\\\/actualite\\\/national\\\/nouvel-an-kais-saied-presente-ses-voeux-aux-tunisiens\\\/211165\\\/#breadcrumb\"},\"inLanguage\":\"fr-FR\",\"potentialAction\":[{\"@type\":\"ReadAction\",\"target\":[\"https:\\\/\\\/www.webdo.tn\\\/fr\\\/actualite\\\/national\\\/nouvel-an-kais-saied-presente-ses-voeux-aux-tunisiens\\\/211165\\\/\"]}]},{\"@type\":\"ImageObject\",\"inLanguage\":\"fr-FR\",\"@id\":\"https:\\\/\\\/www.webdo.tn\\\/fr\\\/actualite\\\/national\\\/nouvel-an-kais-saied-presente-ses-voeux-aux-tunisiens\\\/211165\\\/#primaryimage\",\"url\":\"https:\\\/\\\/www.webdo.tn\\\/fr\\\/wp-content\\\/uploads\\\/2023\\\/12\\\/7e2de49d70f0fb978ed0f33da3f9fe37.png\",\"contentUrl\":\"https:\\\/\\\/www.webdo.tn\\\/fr\\\/wp-content\\\/uploads\\\/2023\\\/12\\\/7e2de49d70f0fb978ed0f33da3f9fe37.png\",\"width\":750,\"height\":400,\"caption\":\"saied\"},{\"@type\":\"BreadcrumbList\",\"@id\":\"https:\\\/\\\/www.webdo.tn\\\/fr\\\/actualite\\\/national\\\/nouvel-an-kais-saied-presente-ses-voeux-aux-tunisiens\\\/211165\\\/#breadcrumb\",\"itemListElement\":[{\"@type\":\"ListItem\",\"position\":1,\"name\":\"Accueil\",\"item\":\"https:\\\/\\\/www.webdo.tn\\\/fr\\\/\"},{\"@type\":\"ListItem\",\"position\":2,\"name\":\"Nouvel An : Ka\u00efs Sa\u00efed pr\u00e9sente ses v\u0153ux aux Tunisiens\"}]},{\"@type\":\"WebSite\",\"@id\":\"https:\\\/\\\/www.webdo.tn\\\/fr\\\/#website\",\"url\":\"https:\\\/\\\/www.webdo.tn\\\/fr\\\/\",\"name\":\"webdo\",\"description\":\"Tunisie - News en Tunisie et \u00e0 l&#039;international sur Webdo.tn\",\"publisher\":{\"@id\":\"https:\\\/\\\/www.webdo.tn\\\/fr\\\/#organization\"},\"potentialAction\":[{\"@type\":\"SearchAction\",\"target\":{\"@type\":\"EntryPoint\",\"urlTemplate\":\"https:\\\/\\\/www.webdo.tn\\\/fr\\\/?s={search_term_string}\"},\"query-input\":{\"@type\":\"PropertyValueSpecification\",\"valueRequired\":true,\"valueName\":\"search_term_string\"}}],\"inLanguage\":\"fr-FR\"},{\"@type\":\"Organization\",\"@id\":\"https:\\\/\\\/www.webdo.tn\\\/fr\\\/#organization\",\"name\":\"Webdo\",\"alternateName\":\"Webdo.tn\",\"url\":\"https:\\\/\\\/www.webdo.tn\\\/fr\\\/\",\"logo\":{\"@type\":\"ImageObject\",\"inLanguage\":\"fr-FR\",\"@id\":\"https:\\\/\\\/www.webdo.tn\\\/fr\\\/#\\\/schema\\\/logo\\\/image\\\/\",\"url\":\"https:\\\/\\\/www.webdo.tn\\\/fr\\\/wp-content\\\/uploads\\\/2025\\\/06\\\/Webdo-Tunisie_168377.jpg\",\"contentUrl\":\"https:\\\/\\\/www.webdo.tn\\\/fr\\\/wp-content\\\/uploads\\\/2025\\\/06\\\/Webdo-Tunisie_168377.jpg\",\"width\":301,\"height\":301,\"caption\":\"Webdo\"},\"image\":{\"@id\":\"https:\\\/\\\/www.webdo.tn\\\/fr\\\/#\\\/schema\\\/logo\\\/image\\\/\"},\"sameAs\":[\"https:\\\/\\\/www.facebook.com\\\/webdotn\",\"https:\\\/\\\/x.com\\\/webdo_tn\"],\"description\":\"Webdo est un m\u00e9dia num\u00e9rique tunisien fond\u00e9 en 2010, sp\u00e9cialis\u00e9 dans l\u2019actualit\u00e9 nationale et internationale, l\u2019\u00e9conomie, la soci\u00e9t\u00e9 et les analyses politiques. Le site s\u2019adresse \u00e0 un large public francophone et couvre l\u2019information tunisienne en temps r\u00e9el.\",\"email\":\"redac@webdo.tn\",\"legalName\":\"YNJ SARL\",\"foundingDate\":\"2010-09-06\",\"numberOfEmployees\":{\"@type\":\"QuantitativeValue\",\"minValue\":\"11\",\"maxValue\":\"50\"}},{\"@type\":\"Person\",\"@id\":\"https:\\\/\\\/www.webdo.tn\\\/fr\\\/#\\\/schema\\\/person\\\/f16bf91e3b3c6347371884777659f9d8\",\"name\":\"WB\",\"image\":{\"@type\":\"ImageObject\",\"inLanguage\":\"fr-FR\",\"@id\":\"https:\\\/\\\/secure.gravatar.com\\\/avatar\\\/fd3caf00dbfd4b6d6ce43e8ea4748ed2e4d0fae2c3a87c1e2f6ba0a54c3ab5cb?s=96&d=mm&r=g\",\"url\":\"https:\\\/\\\/secure.gravatar.com\\\/avatar\\\/fd3caf00dbfd4b6d6ce43e8ea4748ed2e4d0fae2c3a87c1e2f6ba0a54c3ab5cb?s=96&d=mm&r=g\",\"contentUrl\":\"https:\\\/\\\/secure.gravatar.com\\\/avatar\\\/fd3caf00dbfd4b6d6ce43e8ea4748ed2e4d0fae2c3a87c1e2f6ba0a54c3ab5cb?s=96&d=mm&r=g\",\"caption\":\"WB\"},\"url\":\"https:\\\/\\\/www.webdo.tn\\\/fr\\\/actualite\\\/author\\\/wb\\\/\"}]}<\/script>\n<!-- \/ Yoast SEO Premium plugin. -->","yoast_head_json":{"title":"Nouvel An : Ka\u00efs Sa\u00efed pr\u00e9sente ses v\u0153ux aux Tunisiens","description":"Le Chef de l\u2019\u00c9tat a tenu, \u00e0 cette occasion, \u00e0 rendre hommage au peuple palestinien","canonical":"https:\/\/www.webdo.tn\/fr\/actualite\/national\/nouvel-an-kais-saied-presente-ses-voeux-aux-tunisiens\/211165\/","og_locale":"fr_FR","og_type":"article","og_title":"Nouvel An : Ka\u00efs Sa\u00efed pr\u00e9sente ses v\u0153ux aux Tunisiens","og_description":"Le Chef de l\u2019\u00c9tat a tenu, \u00e0 cette occasion, \u00e0 rendre hommage au peuple palestinien","og_url":"https:\/\/www.webdo.tn\/fr\/actualite\/national\/nouvel-an-kais-saied-presente-ses-voeux-aux-tunisiens\/211165\/","og_site_name":"webdo","article_publisher":"https:\/\/www.facebook.com\/webdotn","article_published_time":"2023-12-28T21:26:00+00:00","article_modified_time":"2025-05-20T22:55:59+00:00","og_image":[{"width":750,"height":400,"url":"https:\/\/www.webdo.tn\/fr\/wp-content\/uploads\/2023\/12\/7e2de49d70f0fb978ed0f33da3f9fe37.png","type":"image\/png"}],"author":"WB","twitter_card":"summary_large_image","twitter_creator":"@webdo_tn","twitter_site":"@webdo_tn","twitter_misc":{"\u00c9crit par":"WB","Dur\u00e9e de lecture estim\u00e9e":"1 minute"},"schema":{"@context":"https:\/\/schema.org","@graph":[{"@type":"NewsArticle","@id":"https:\/\/www.webdo.tn\/fr\/actualite\/national\/nouvel-an-kais-saied-presente-ses-voeux-aux-tunisiens\/211165\/#article","isPartOf":{"@id":"https:\/\/www.webdo.tn\/fr\/actualite\/national\/nouvel-an-kais-saied-presente-ses-voeux-aux-tunisiens\/211165\/"},"author":{"name":"WB","@id":"https:\/\/www.webdo.tn\/fr\/#\/schema\/person\/f16bf91e3b3c6347371884777659f9d8"},"headline":"Nouvel An : Ka\u00efs Sa\u00efed pr\u00e9sente ses v\u0153ux aux Tunisiens","datePublished":"2023-12-28T21:26:00+00:00","dateModified":"2025-05-20T22:55:59+00:00","mainEntityOfPage":{"@id":"https:\/\/www.webdo.tn\/fr\/actualite\/national\/nouvel-an-kais-saied-presente-ses-voeux-aux-tunisiens\/211165\/"},"wordCount":134,"commentCount":0,"publisher":{"@id":"https:\/\/www.webdo.tn\/fr\/#organization"},"image":{"@id":"https:\/\/www.webdo.tn\/fr\/actualite\/national\/nouvel-an-kais-saied-presente-ses-voeux-aux-tunisiens\/211165\/#primaryimage"},"thumbnailUrl":"https:\/\/www.webdo.tn\/fr\/wp-content\/uploads\/2023\/12\/7e2de49d70f0fb978ed0f33da3f9fe37.png","keywords":["Kais Saied","nouvel an","Tunisie","Voeux"],"articleSection":["National"],"inLanguage":"fr-FR"},{"@type":"WebPage","@id":"https:\/\/www.webdo.tn\/fr\/actualite\/national\/nouvel-an-kais-saied-presente-ses-voeux-aux-tunisiens\/211165\/","url":"https:\/\/www.webdo.tn\/fr\/actualite\/national\/nouvel-an-kais-saied-presente-ses-voeux-aux-tunisiens\/211165\/","name":"Nouvel An : Ka\u00efs Sa\u00efed pr\u00e9sente ses v\u0153ux aux Tunisiens","isPartOf":{"@id":"https:\/\/www.webdo.tn\/fr\/#website"},"primaryImageOfPage":{"@id":"https:\/\/www.webdo.tn\/fr\/actualite\/national\/nouvel-an-kais-saied-presente-ses-voeux-aux-tunisiens\/211165\/#primaryimage"},"image":{"@id":"https:\/\/www.webdo.tn\/fr\/actualite\/national\/nouvel-an-kais-saied-presente-ses-voeux-aux-tunisiens\/211165\/#primaryimage"},"thumbnailUrl":"https:\/\/www.webdo.tn\/fr\/wp-content\/uploads\/2023\/12\/7e2de49d70f0fb978ed0f33da3f9fe37.png","datePublished":"2023-12-28T21:26:00+00:00","dateModified":"2025-05-20T22:55:59+00:00","description":"Le Chef de l\u2019\u00c9tat a tenu, \u00e0 cette occasion, \u00e0 rendre hommage au peuple palestinien","breadcrumb":{"@id":"https:\/\/www.webdo.tn\/fr\/actualite\/national\/nouvel-an-kais-saied-presente-ses-voeux-aux-tunisiens\/211165\/#breadcrumb"},"inLanguage":"fr-FR","potentialAction":[{"@type":"ReadAction","target":["https:\/\/www.webdo.tn\/fr\/actualite\/national\/nouvel-an-kais-saied-presente-ses-voeux-aux-tunisiens\/211165\/"]}]},{"@type":"ImageObject","inLanguage":"fr-FR","@id":"https:\/\/www.webdo.tn\/fr\/actualite\/national\/nouvel-an-kais-saied-presente-ses-voeux-aux-tunisiens\/211165\/#primaryimage","url":"https:\/\/www.webdo.tn\/fr\/wp-content\/uploads\/2023\/12\/7e2de49d70f0fb978ed0f33da3f9fe37.png","contentUrl":"https:\/\/www.webdo.tn\/fr\/wp-content\/uploads\/2023\/12\/7e2de49d70f0fb978ed0f33da3f9fe37.png","width":750,"height":400,"caption":"saied"},{"@type":"BreadcrumbList","@id":"https:\/\/www.webdo.tn\/fr\/actualite\/national\/nouvel-an-kais-saied-presente-ses-voeux-aux-tunisiens\/211165\/#breadcrumb","itemListElement":[{"@type":"ListItem","position":1,"name":"Accueil","item":"https:\/\/www.webdo.tn\/fr\/"},{"@type":"ListItem","position":2,"name":"Nouvel An : Ka\u00efs Sa\u00efed pr\u00e9sente ses v\u0153ux aux Tunisiens"}]},{"@type":"WebSite","@id":"https:\/\/www.webdo.tn\/fr\/#website","url":"https:\/\/www.webdo.tn\/fr\/","name":"webdo","description":"Tunisie - News en Tunisie et \u00e0 l&#039;international sur Webdo.tn","publisher":{"@id":"https:\/\/www.webdo.tn\/fr\/#organization"},"potentialAction":[{"@type":"SearchAction","target":{"@type":"EntryPoint","urlTemplate":"https:\/\/www.webdo.tn\/fr\/?s={search_term_string}"},"query-input":{"@type":"PropertyValueSpecification","valueRequired":true,"valueName":"search_term_string"}}],"inLanguage":"fr-FR"},{"@type":"Organization","@id":"https:\/\/www.webdo.tn\/fr\/#organization","name":"Webdo","alternateName":"Webdo.tn","url":"https:\/\/www.webdo.tn\/fr\/","logo":{"@type":"ImageObject","inLanguage":"fr-FR","@id":"https:\/\/www.webdo.tn\/fr\/#\/schema\/logo\/image\/","url":"https:\/\/www.webdo.tn\/fr\/wp-content\/uploads\/2025\/06\/Webdo-Tunisie_168377.jpg","contentUrl":"https:\/\/www.webdo.tn\/fr\/wp-content\/uploads\/2025\/06\/Webdo-Tunisie_168377.jpg","width":301,"height":301,"caption":"Webdo"},"image":{"@id":"https:\/\/www.webdo.tn\/fr\/#\/schema\/logo\/image\/"},"sameAs":["https:\/\/www.facebook.com\/webdotn","https:\/\/x.com\/webdo_tn"],"description":"Webdo est un m\u00e9dia num\u00e9rique tunisien fond\u00e9 en 2010, sp\u00e9cialis\u00e9 dans l\u2019actualit\u00e9 nationale et internationale, l\u2019\u00e9conomie, la soci\u00e9t\u00e9 et les analyses politiques. Le site s\u2019adresse \u00e0 un large public francophone et couvre l\u2019information tunisienne en temps r\u00e9el.","email":"redac@webdo.tn","legalName":"YNJ SARL","foundingDate":"2010-09-06","numberOfEmployees":{"@type":"QuantitativeValue","minValue":"11","maxValue":"50"}},{"@type":"Person","@id":"https:\/\/www.webdo.tn\/fr\/#\/schema\/person\/f16bf91e3b3c6347371884777659f9d8","name":"WB","image":{"@type":"ImageObject","inLanguage":"fr-FR","@id":"https:\/\/secure.gravatar.com\/avatar\/fd3caf00dbfd4b6d6ce43e8ea4748ed2e4d0fae2c3a87c1e2f6ba0a54c3ab5cb?s=96&d=mm&r=g","url":"https:\/\/secure.gravatar.com\/avatar\/fd3caf00dbfd4b6d6ce43e8ea4748ed2e4d0fae2c3a87c1e2f6ba0a54c3ab5cb?s=96&d=mm&r=g","contentUrl":"https:\/\/secure.gravatar.com\/avatar\/fd3caf00dbfd4b6d6ce43e8ea4748ed2e4d0fae2c3a87c1e2f6ba0a54c3ab5cb?s=96&d=mm&r=g","caption":"WB"},"url":"https:\/\/www.webdo.tn\/fr\/actualite\/author\/wb\/"}]}},"_links":{"self":[{"href":"https:\/\/www.webdo.tn\/fr\/wp-json\/wp\/v2\/posts\/211165","targetHints":{"allow":["GET"]}}],"collection":[{"href":"https:\/\/www.webdo.tn\/fr\/wp-json\/wp\/v2\/posts"}],"about":[{"href":"https:\/\/www.webdo.tn\/fr\/wp-json\/wp\/v2\/types\/post"}],"author":[{"embeddable":true,"href":"https:\/\/www.webdo.tn\/fr\/wp-json\/wp\/v2\/users\/3182"}],"replies":[{"embeddable":true,"href":"https:\/\/www.webdo.tn\/fr\/wp-json\/wp\/v2\/comments?post=211165"}],"version-history":[{"count":0,"href":"https:\/\/www.webdo.tn\/fr\/wp-json\/wp\/v2\/posts\/211165\/revisions"}],"wp:featuredmedia":[{"embeddable":true,"href":"https:\/\/www.webdo.tn\/fr\/wp-json\/wp\/v2\/media\/290028"}],"wp:attachment":[{"href":"https:\/\/www.webdo.tn\/fr\/wp-json\/wp\/v2\/media?parent=211165"}],"wp:term":[{"taxonomy":"category","embeddable":true,"href":"https:\/\/www.webdo.tn\/fr\/wp-json\/wp\/v2\/categories?post=211165"},{"taxonomy":"post_tag","embeddable":true,"href":"https:\/\/www.webdo.tn\/fr\/wp-json\/wp\/v2\/tags?post=211165"}],"curies":[{"name":"wp","href":"https:\/\/api.w.org\/{rel}","templated":true}]}}