{"id":211160,"date":"2023-12-28T19:47:00","date_gmt":"2023-12-28T18:47:00","guid":{"rendered":"https:\/\/www.webdo.tn\/fr\/actualite\/national\/zied-el-heni-place-en-garde-a-vue\/211160"},"modified":"2023-12-28T19:47:00","modified_gmt":"2023-12-28T18:47:00","slug":"zied-el-heni-place-en-garde-a-vue","status":"publish","type":"post","link":"https:\/\/www.webdo.tn\/fr\/actualite\/national\/zied-el-heni-place-en-garde-a-vue\/211160\/","title":{"rendered":"Zied El H\u00e9ni plac\u00e9 en garde \u00e0 vue"},"content":{"rendered":"<p>Le journaliste et chroniqueur \u00e0 la radio IFM, Zied El Heni, a \u00e9t\u00e9 plac\u00e9 en garde \u00e0 vue, ce jeudi 28 d\u00e9cembre 2023.<\/p>\n<p>\t\t\t\t\t\t\t\t\tPlus t\u00f4t dans la journ\u00e9e, il a \u00e9t\u00e9 convoqu\u00e9 par la cinqui\u00e8me brigade centrale de lutte contre les d\u00e9linquances informatiques et de communication en tant que suspect.<\/p>\n<p>Ce n\u2019est pas une premi\u00e8re pour Zied El H\u00e9ni d\u00e9j\u00e0 convoqu\u00e9 \u00e0 plusieurs reprises ces derni\u00e8res semaines.<\/p>\n<p>Le 26 octobre dernier, certaines d\u00e9clarations faites sur les ondes d\u2019IFM concernant un \u00e9ventuel plan d\u2019assassinat du pr\u00e9sident de la R\u00e9publique, lui ont valu une interpellation.<\/p>\n","protected":false},"excerpt":{"rendered":"<p>Le journaliste et chroniqueur \u00e0 la radio IFM, Zied El Heni, a \u00e9t\u00e9 plac\u00e9 en garde \u00e0 vue, ce jeudi 28 d\u00e9cembre 2023.<\/p>\n","protected":false},"author":3182,"featured_media":370356,"comment_status":"open","ping_status":"open","sticky":false,"template":"","format":"standard","meta":{"footnotes":""},"categories":[44],"tags":[3045,2619,7308,7206],"class_list":["post-211160","post","type-post","status-publish","format-standard","has-post-thumbnail","hentry","category-national","tag-garde-a-vue","tag-justice","tag-laouina","tag-zied-heni"],"yoast_head":"<!-- This site is optimized with the Yoast SEO Premium plugin v27.5 (Yoast SEO v27.5) - https:\/\/yoast.com\/product\/yoast-seo-premium-wordpress\/ -->\n<title>Zied El H\u00e9ni plac\u00e9 en garde \u00e0 vue<\/title>\n<meta name=\"description\" content=\"Le journaliste et chroniqueur \u00e0 la radio IFM, Zied El Heni, a \u00e9t\u00e9 plac\u00e9 en garde \u00e0 vue, ce jeudi 28 d\u00e9cembre 2023.\" \/>\n<link rel=\"canonical\" href=\"https:\/\/www.webdo.tn\/fr\/actualite\/national\/zied-el-heni-place-en-garde-a-vue\/211160\/\" \/>\n<meta property=\"og:locale\" content=\"fr_FR\" \/>\n<meta property=\"og:type\" content=\"article\" \/>\n<meta property=\"og:title\" content=\"Zied El H\u00e9ni plac\u00e9 en garde \u00e0 vue\" \/>\n<meta property=\"og:description\" content=\"Le journaliste et chroniqueur \u00e0 la radio IFM, Zied El Heni, a \u00e9t\u00e9 plac\u00e9 en garde \u00e0 vue, ce jeudi 28 d\u00e9cembre 2023.\" \/>\n<meta property=\"og:url\" content=\"https:\/\/www.webdo.tn\/fr\/actualite\/national\/zied-el-heni-place-en-garde-a-vue\/211160\/\" \/>\n<meta property=\"og:site_name\" content=\"webdo\" \/>\n<meta property=\"article:publisher\" content=\"https:\/\/www.facebook.com\/webdotn\" \/>\n<meta property=\"article:published_time\" content=\"2023-12-28T18:47:00+00:00\" \/>\n<meta property=\"og:image\" content=\"https:\/\/www.webdo.tn\/fr\/wp-content\/uploads\/2025\/06\/9efdd887b1ae9ec61ae713147f4dcffa_211160.jpg\" \/>\n\t<meta property=\"og:image:width\" content=\"750\" \/>\n\t<meta property=\"og:image:height\" content=\"400\" \/>\n\t<meta property=\"og:image:type\" content=\"image\/jpeg\" \/>\n<meta name=\"author\" content=\"WB\" \/>\n<meta name=\"twitter:card\" content=\"summary_large_image\" \/>\n<meta name=\"twitter:creator\" content=\"@webdo_tn\" \/>\n<meta name=\"twitter:site\" content=\"@webdo_tn\" \/>\n<meta name=\"twitter:label1\" content=\"\u00c9crit par\" \/>\n\t<meta name=\"twitter:data1\" content=\"WB\" \/>\n\t<meta name=\"twitter:label2\" content=\"Dur\u00e9e de lecture estim\u00e9e\" \/>\n\t<meta name=\"twitter:data2\" content=\"1 minute\" \/>\n<script type=\"application\/ld+json\" class=\"yoast-schema-graph\">{\"@context\":\"https:\\\/\\\/schema.org\",\"@graph\":[{\"@type\":\"NewsArticle\",\"@id\":\"https:\\\/\\\/www.webdo.tn\\\/fr\\\/actualite\\\/national\\\/zied-el-heni-place-en-garde-a-vue\\\/211160\\\/#article\",\"isPartOf\":{\"@id\":\"https:\\\/\\\/www.webdo.tn\\\/fr\\\/actualite\\\/national\\\/zied-el-heni-place-en-garde-a-vue\\\/211160\\\/\"},\"author\":{\"name\":\"WB\",\"@id\":\"https:\\\/\\\/www.webdo.tn\\\/fr\\\/#\\\/schema\\\/person\\\/f16bf91e3b3c6347371884777659f9d8\"},\"headline\":\"Zied El H\u00e9ni plac\u00e9 en garde \u00e0 vue\",\"datePublished\":\"2023-12-28T18:47:00+00:00\",\"mainEntityOfPage\":{\"@id\":\"https:\\\/\\\/www.webdo.tn\\\/fr\\\/actualite\\\/national\\\/zied-el-heni-place-en-garde-a-vue\\\/211160\\\/\"},\"wordCount\":110,\"commentCount\":0,\"publisher\":{\"@id\":\"https:\\\/\\\/www.webdo.tn\\\/fr\\\/#organization\"},\"image\":{\"@id\":\"https:\\\/\\\/www.webdo.tn\\\/fr\\\/actualite\\\/national\\\/zied-el-heni-place-en-garde-a-vue\\\/211160\\\/#primaryimage\"},\"thumbnailUrl\":\"https:\\\/\\\/www.webdo.tn\\\/fr\\\/wp-content\\\/uploads\\\/2025\\\/06\\\/9efdd887b1ae9ec61ae713147f4dcffa_211160.jpg\",\"keywords\":[\"garde \u00e0 vue\",\"justice\",\"l'Aouina\",\"Zied H\u00e9ni\"],\"articleSection\":[\"National\"],\"inLanguage\":\"fr-FR\"},{\"@type\":\"WebPage\",\"@id\":\"https:\\\/\\\/www.webdo.tn\\\/fr\\\/actualite\\\/national\\\/zied-el-heni-place-en-garde-a-vue\\\/211160\\\/\",\"url\":\"https:\\\/\\\/www.webdo.tn\\\/fr\\\/actualite\\\/national\\\/zied-el-heni-place-en-garde-a-vue\\\/211160\\\/\",\"name\":\"Zied El H\u00e9ni plac\u00e9 en garde \u00e0 vue\",\"isPartOf\":{\"@id\":\"https:\\\/\\\/www.webdo.tn\\\/fr\\\/#website\"},\"primaryImageOfPage\":{\"@id\":\"https:\\\/\\\/www.webdo.tn\\\/fr\\\/actualite\\\/national\\\/zied-el-heni-place-en-garde-a-vue\\\/211160\\\/#primaryimage\"},\"image\":{\"@id\":\"https:\\\/\\\/www.webdo.tn\\\/fr\\\/actualite\\\/national\\\/zied-el-heni-place-en-garde-a-vue\\\/211160\\\/#primaryimage\"},\"thumbnailUrl\":\"https:\\\/\\\/www.webdo.tn\\\/fr\\\/wp-content\\\/uploads\\\/2025\\\/06\\\/9efdd887b1ae9ec61ae713147f4dcffa_211160.jpg\",\"datePublished\":\"2023-12-28T18:47:00+00:00\",\"description\":\"Le journaliste et chroniqueur \u00e0 la radio IFM, Zied El Heni, a \u00e9t\u00e9 plac\u00e9 en garde \u00e0 vue, ce jeudi 28 d\u00e9cembre 2023.\",\"breadcrumb\":{\"@id\":\"https:\\\/\\\/www.webdo.tn\\\/fr\\\/actualite\\\/national\\\/zied-el-heni-place-en-garde-a-vue\\\/211160\\\/#breadcrumb\"},\"inLanguage\":\"fr-FR\",\"potentialAction\":[{\"@type\":\"ReadAction\",\"target\":[\"https:\\\/\\\/www.webdo.tn\\\/fr\\\/actualite\\\/national\\\/zied-el-heni-place-en-garde-a-vue\\\/211160\\\/\"]}]},{\"@type\":\"ImageObject\",\"inLanguage\":\"fr-FR\",\"@id\":\"https:\\\/\\\/www.webdo.tn\\\/fr\\\/actualite\\\/national\\\/zied-el-heni-place-en-garde-a-vue\\\/211160\\\/#primaryimage\",\"url\":\"https:\\\/\\\/www.webdo.tn\\\/fr\\\/wp-content\\\/uploads\\\/2025\\\/06\\\/9efdd887b1ae9ec61ae713147f4dcffa_211160.jpg\",\"contentUrl\":\"https:\\\/\\\/www.webdo.tn\\\/fr\\\/wp-content\\\/uploads\\\/2025\\\/06\\\/9efdd887b1ae9ec61ae713147f4dcffa_211160.jpg\",\"width\":750,\"height\":400,\"caption\":\"H\u00e9ni\"},{\"@type\":\"BreadcrumbList\",\"@id\":\"https:\\\/\\\/www.webdo.tn\\\/fr\\\/actualite\\\/national\\\/zied-el-heni-place-en-garde-a-vue\\\/211160\\\/#breadcrumb\",\"itemListElement\":[{\"@type\":\"ListItem\",\"position\":1,\"name\":\"Accueil\",\"item\":\"https:\\\/\\\/www.webdo.tn\\\/fr\\\/\"},{\"@type\":\"ListItem\",\"position\":2,\"name\":\"Zied El H\u00e9ni plac\u00e9 en garde \u00e0 vue\"}]},{\"@type\":\"WebSite\",\"@id\":\"https:\\\/\\\/www.webdo.tn\\\/fr\\\/#website\",\"url\":\"https:\\\/\\\/www.webdo.tn\\\/fr\\\/\",\"name\":\"webdo\",\"description\":\"Tunisie - News en Tunisie et \u00e0 l&#039;international sur Webdo.tn\",\"publisher\":{\"@id\":\"https:\\\/\\\/www.webdo.tn\\\/fr\\\/#organization\"},\"potentialAction\":[{\"@type\":\"SearchAction\",\"target\":{\"@type\":\"EntryPoint\",\"urlTemplate\":\"https:\\\/\\\/www.webdo.tn\\\/fr\\\/?s={search_term_string}\"},\"query-input\":{\"@type\":\"PropertyValueSpecification\",\"valueRequired\":true,\"valueName\":\"search_term_string\"}}],\"inLanguage\":\"fr-FR\"},{\"@type\":\"Organization\",\"@id\":\"https:\\\/\\\/www.webdo.tn\\\/fr\\\/#organization\",\"name\":\"Webdo\",\"alternateName\":\"Webdo.tn\",\"url\":\"https:\\\/\\\/www.webdo.tn\\\/fr\\\/\",\"logo\":{\"@type\":\"ImageObject\",\"inLanguage\":\"fr-FR\",\"@id\":\"https:\\\/\\\/www.webdo.tn\\\/fr\\\/#\\\/schema\\\/logo\\\/image\\\/\",\"url\":\"https:\\\/\\\/www.webdo.tn\\\/fr\\\/wp-content\\\/uploads\\\/2025\\\/06\\\/Webdo-Tunisie_168377.jpg\",\"contentUrl\":\"https:\\\/\\\/www.webdo.tn\\\/fr\\\/wp-content\\\/uploads\\\/2025\\\/06\\\/Webdo-Tunisie_168377.jpg\",\"width\":301,\"height\":301,\"caption\":\"Webdo\"},\"image\":{\"@id\":\"https:\\\/\\\/www.webdo.tn\\\/fr\\\/#\\\/schema\\\/logo\\\/image\\\/\"},\"sameAs\":[\"https:\\\/\\\/www.facebook.com\\\/webdotn\",\"https:\\\/\\\/x.com\\\/webdo_tn\"],\"description\":\"Webdo est un m\u00e9dia num\u00e9rique tunisien fond\u00e9 en 2010, sp\u00e9cialis\u00e9 dans l\u2019actualit\u00e9 nationale et internationale, l\u2019\u00e9conomie, la soci\u00e9t\u00e9 et les analyses politiques. Le site s\u2019adresse \u00e0 un large public francophone et couvre l\u2019information tunisienne en temps r\u00e9el.\",\"email\":\"redac@webdo.tn\",\"legalName\":\"YNJ SARL\",\"foundingDate\":\"2010-09-06\",\"numberOfEmployees\":{\"@type\":\"QuantitativeValue\",\"minValue\":\"11\",\"maxValue\":\"50\"}},{\"@type\":\"Person\",\"@id\":\"https:\\\/\\\/www.webdo.tn\\\/fr\\\/#\\\/schema\\\/person\\\/f16bf91e3b3c6347371884777659f9d8\",\"name\":\"WB\",\"image\":{\"@type\":\"ImageObject\",\"inLanguage\":\"fr-FR\",\"@id\":\"https:\\\/\\\/secure.gravatar.com\\\/avatar\\\/fd3caf00dbfd4b6d6ce43e8ea4748ed2e4d0fae2c3a87c1e2f6ba0a54c3ab5cb?s=96&d=mm&r=g\",\"url\":\"https:\\\/\\\/secure.gravatar.com\\\/avatar\\\/fd3caf00dbfd4b6d6ce43e8ea4748ed2e4d0fae2c3a87c1e2f6ba0a54c3ab5cb?s=96&d=mm&r=g\",\"contentUrl\":\"https:\\\/\\\/secure.gravatar.com\\\/avatar\\\/fd3caf00dbfd4b6d6ce43e8ea4748ed2e4d0fae2c3a87c1e2f6ba0a54c3ab5cb?s=96&d=mm&r=g\",\"caption\":\"WB\"},\"url\":\"https:\\\/\\\/www.webdo.tn\\\/fr\\\/actualite\\\/author\\\/wb\\\/\"}]}<\/script>\n<!-- \/ Yoast SEO Premium plugin. -->","yoast_head_json":{"title":"Zied El H\u00e9ni plac\u00e9 en garde \u00e0 vue","description":"Le journaliste et chroniqueur \u00e0 la radio IFM, Zied El Heni, a \u00e9t\u00e9 plac\u00e9 en garde \u00e0 vue, ce jeudi 28 d\u00e9cembre 2023.","canonical":"https:\/\/www.webdo.tn\/fr\/actualite\/national\/zied-el-heni-place-en-garde-a-vue\/211160\/","og_locale":"fr_FR","og_type":"article","og_title":"Zied El H\u00e9ni plac\u00e9 en garde \u00e0 vue","og_description":"Le journaliste et chroniqueur \u00e0 la radio IFM, Zied El Heni, a \u00e9t\u00e9 plac\u00e9 en garde \u00e0 vue, ce jeudi 28 d\u00e9cembre 2023.","og_url":"https:\/\/www.webdo.tn\/fr\/actualite\/national\/zied-el-heni-place-en-garde-a-vue\/211160\/","og_site_name":"webdo","article_publisher":"https:\/\/www.facebook.com\/webdotn","article_published_time":"2023-12-28T18:47:00+00:00","og_image":[{"width":750,"height":400,"url":"https:\/\/www.webdo.tn\/fr\/wp-content\/uploads\/2025\/06\/9efdd887b1ae9ec61ae713147f4dcffa_211160.jpg","type":"image\/jpeg"}],"author":"WB","twitter_card":"summary_large_image","twitter_creator":"@webdo_tn","twitter_site":"@webdo_tn","twitter_misc":{"\u00c9crit par":"WB","Dur\u00e9e de lecture estim\u00e9e":"1 minute"},"schema":{"@context":"https:\/\/schema.org","@graph":[{"@type":"NewsArticle","@id":"https:\/\/www.webdo.tn\/fr\/actualite\/national\/zied-el-heni-place-en-garde-a-vue\/211160\/#article","isPartOf":{"@id":"https:\/\/www.webdo.tn\/fr\/actualite\/national\/zied-el-heni-place-en-garde-a-vue\/211160\/"},"author":{"name":"WB","@id":"https:\/\/www.webdo.tn\/fr\/#\/schema\/person\/f16bf91e3b3c6347371884777659f9d8"},"headline":"Zied El H\u00e9ni plac\u00e9 en garde \u00e0 vue","datePublished":"2023-12-28T18:47:00+00:00","mainEntityOfPage":{"@id":"https:\/\/www.webdo.tn\/fr\/actualite\/national\/zied-el-heni-place-en-garde-a-vue\/211160\/"},"wordCount":110,"commentCount":0,"publisher":{"@id":"https:\/\/www.webdo.tn\/fr\/#organization"},"image":{"@id":"https:\/\/www.webdo.tn\/fr\/actualite\/national\/zied-el-heni-place-en-garde-a-vue\/211160\/#primaryimage"},"thumbnailUrl":"https:\/\/www.webdo.tn\/fr\/wp-content\/uploads\/2025\/06\/9efdd887b1ae9ec61ae713147f4dcffa_211160.jpg","keywords":["garde \u00e0 vue","justice","l'Aouina","Zied H\u00e9ni"],"articleSection":["National"],"inLanguage":"fr-FR"},{"@type":"WebPage","@id":"https:\/\/www.webdo.tn\/fr\/actualite\/national\/zied-el-heni-place-en-garde-a-vue\/211160\/","url":"https:\/\/www.webdo.tn\/fr\/actualite\/national\/zied-el-heni-place-en-garde-a-vue\/211160\/","name":"Zied El H\u00e9ni plac\u00e9 en garde \u00e0 vue","isPartOf":{"@id":"https:\/\/www.webdo.tn\/fr\/#website"},"primaryImageOfPage":{"@id":"https:\/\/www.webdo.tn\/fr\/actualite\/national\/zied-el-heni-place-en-garde-a-vue\/211160\/#primaryimage"},"image":{"@id":"https:\/\/www.webdo.tn\/fr\/actualite\/national\/zied-el-heni-place-en-garde-a-vue\/211160\/#primaryimage"},"thumbnailUrl":"https:\/\/www.webdo.tn\/fr\/wp-content\/uploads\/2025\/06\/9efdd887b1ae9ec61ae713147f4dcffa_211160.jpg","datePublished":"2023-12-28T18:47:00+00:00","description":"Le journaliste et chroniqueur \u00e0 la radio IFM, Zied El Heni, a \u00e9t\u00e9 plac\u00e9 en garde \u00e0 vue, ce jeudi 28 d\u00e9cembre 2023.","breadcrumb":{"@id":"https:\/\/www.webdo.tn\/fr\/actualite\/national\/zied-el-heni-place-en-garde-a-vue\/211160\/#breadcrumb"},"inLanguage":"fr-FR","potentialAction":[{"@type":"ReadAction","target":["https:\/\/www.webdo.tn\/fr\/actualite\/national\/zied-el-heni-place-en-garde-a-vue\/211160\/"]}]},{"@type":"ImageObject","inLanguage":"fr-FR","@id":"https:\/\/www.webdo.tn\/fr\/actualite\/national\/zied-el-heni-place-en-garde-a-vue\/211160\/#primaryimage","url":"https:\/\/www.webdo.tn\/fr\/wp-content\/uploads\/2025\/06\/9efdd887b1ae9ec61ae713147f4dcffa_211160.jpg","contentUrl":"https:\/\/www.webdo.tn\/fr\/wp-content\/uploads\/2025\/06\/9efdd887b1ae9ec61ae713147f4dcffa_211160.jpg","width":750,"height":400,"caption":"H\u00e9ni"},{"@type":"BreadcrumbList","@id":"https:\/\/www.webdo.tn\/fr\/actualite\/national\/zied-el-heni-place-en-garde-a-vue\/211160\/#breadcrumb","itemListElement":[{"@type":"ListItem","position":1,"name":"Accueil","item":"https:\/\/www.webdo.tn\/fr\/"},{"@type":"ListItem","position":2,"name":"Zied El H\u00e9ni plac\u00e9 en garde \u00e0 vue"}]},{"@type":"WebSite","@id":"https:\/\/www.webdo.tn\/fr\/#website","url":"https:\/\/www.webdo.tn\/fr\/","name":"webdo","description":"Tunisie - News en Tunisie et \u00e0 l&#039;international sur Webdo.tn","publisher":{"@id":"https:\/\/www.webdo.tn\/fr\/#organization"},"potentialAction":[{"@type":"SearchAction","target":{"@type":"EntryPoint","urlTemplate":"https:\/\/www.webdo.tn\/fr\/?s={search_term_string}"},"query-input":{"@type":"PropertyValueSpecification","valueRequired":true,"valueName":"search_term_string"}}],"inLanguage":"fr-FR"},{"@type":"Organization","@id":"https:\/\/www.webdo.tn\/fr\/#organization","name":"Webdo","alternateName":"Webdo.tn","url":"https:\/\/www.webdo.tn\/fr\/","logo":{"@type":"ImageObject","inLanguage":"fr-FR","@id":"https:\/\/www.webdo.tn\/fr\/#\/schema\/logo\/image\/","url":"https:\/\/www.webdo.tn\/fr\/wp-content\/uploads\/2025\/06\/Webdo-Tunisie_168377.jpg","contentUrl":"https:\/\/www.webdo.tn\/fr\/wp-content\/uploads\/2025\/06\/Webdo-Tunisie_168377.jpg","width":301,"height":301,"caption":"Webdo"},"image":{"@id":"https:\/\/www.webdo.tn\/fr\/#\/schema\/logo\/image\/"},"sameAs":["https:\/\/www.facebook.com\/webdotn","https:\/\/x.com\/webdo_tn"],"description":"Webdo est un m\u00e9dia num\u00e9rique tunisien fond\u00e9 en 2010, sp\u00e9cialis\u00e9 dans l\u2019actualit\u00e9 nationale et internationale, l\u2019\u00e9conomie, la soci\u00e9t\u00e9 et les analyses politiques. Le site s\u2019adresse \u00e0 un large public francophone et couvre l\u2019information tunisienne en temps r\u00e9el.","email":"redac@webdo.tn","legalName":"YNJ SARL","foundingDate":"2010-09-06","numberOfEmployees":{"@type":"QuantitativeValue","minValue":"11","maxValue":"50"}},{"@type":"Person","@id":"https:\/\/www.webdo.tn\/fr\/#\/schema\/person\/f16bf91e3b3c6347371884777659f9d8","name":"WB","image":{"@type":"ImageObject","inLanguage":"fr-FR","@id":"https:\/\/secure.gravatar.com\/avatar\/fd3caf00dbfd4b6d6ce43e8ea4748ed2e4d0fae2c3a87c1e2f6ba0a54c3ab5cb?s=96&d=mm&r=g","url":"https:\/\/secure.gravatar.com\/avatar\/fd3caf00dbfd4b6d6ce43e8ea4748ed2e4d0fae2c3a87c1e2f6ba0a54c3ab5cb?s=96&d=mm&r=g","contentUrl":"https:\/\/secure.gravatar.com\/avatar\/fd3caf00dbfd4b6d6ce43e8ea4748ed2e4d0fae2c3a87c1e2f6ba0a54c3ab5cb?s=96&d=mm&r=g","caption":"WB"},"url":"https:\/\/www.webdo.tn\/fr\/actualite\/author\/wb\/"}]}},"_links":{"self":[{"href":"https:\/\/www.webdo.tn\/fr\/wp-json\/wp\/v2\/posts\/211160","targetHints":{"allow":["GET"]}}],"collection":[{"href":"https:\/\/www.webdo.tn\/fr\/wp-json\/wp\/v2\/posts"}],"about":[{"href":"https:\/\/www.webdo.tn\/fr\/wp-json\/wp\/v2\/types\/post"}],"author":[{"embeddable":true,"href":"https:\/\/www.webdo.tn\/fr\/wp-json\/wp\/v2\/users\/3182"}],"replies":[{"embeddable":true,"href":"https:\/\/www.webdo.tn\/fr\/wp-json\/wp\/v2\/comments?post=211160"}],"version-history":[{"count":0,"href":"https:\/\/www.webdo.tn\/fr\/wp-json\/wp\/v2\/posts\/211160\/revisions"}],"wp:featuredmedia":[{"embeddable":true,"href":"https:\/\/www.webdo.tn\/fr\/wp-json\/wp\/v2\/media\/370356"}],"wp:attachment":[{"href":"https:\/\/www.webdo.tn\/fr\/wp-json\/wp\/v2\/media?parent=211160"}],"wp:term":[{"taxonomy":"category","embeddable":true,"href":"https:\/\/www.webdo.tn\/fr\/wp-json\/wp\/v2\/categories?post=211160"},{"taxonomy":"post_tag","embeddable":true,"href":"https:\/\/www.webdo.tn\/fr\/wp-json\/wp\/v2\/tags?post=211160"}],"curies":[{"name":"wp","href":"https:\/\/api.w.org\/{rel}","templated":true}]}}