{"id":211154,"date":"2023-12-28T16:00:00","date_gmt":"2023-12-28T16:00:00","guid":{"rendered":"https:\/\/www.webdo.tn\/fr\/blog\/prochaine-augmentation-des-prix-des-medicaments\/211154\/"},"modified":"2025-05-20T21:54:27","modified_gmt":"2025-05-20T21:54:27","slug":"prochaine-augmentation-des-prix-des-medicaments","status":"publish","type":"post","link":"https:\/\/www.webdo.tn\/fr\/actualite\/national\/prochaine-augmentation-des-prix-des-medicaments\/211154\/","title":{"rendered":"Prochaine augmentation des prix des m\u00e9dicaments"},"content":{"rendered":"<p>Les prix des m\u00e9dicaments vont augmenter dans les prochains mois, a confirm\u00e9 aujourd\u2019hui le pr\u00e9sident du syndicat des pharmaciens d&rsquo;officine de Tunisie, Naoufel Amira.<\/p>\n<p>\t\t\t\t\t\t\t\t\tIl s\u2019est exprim\u00e9, ce jeudi 28 d\u00e9cembre 2023, sur les ondes de Mosaique fm pour \u00e9voquer la question du secteur pharmaceutique en Tunisie et notamment le renouvellement de la convention sectorielle entre le syndicat tunisien des propri\u00e9taires de pharmacies priv\u00e9s et la caisse nationale d&rsquo;assurance maladies (CNAM), qui prend fin le 31 d\u00e9cembre 2023.<\/p>\n<p>Dans ce contexte, il a annonc\u00e9 que les prix des m\u00e9dicaments allaient augmenter dans les prochains mois, pr\u00e9cisant qu&rsquo;un grand nombre de m\u00e9dicaments vont \u00eatre retir\u00e9s du march\u00e9 au profit de m\u00e9dicaments biologiques, \u00e0 des prix qui augmenteront par rapport au syst\u00e8me pharmaceutique actuel.<\/p>\n<p>Il a r\u00e9v\u00e9l\u00e9, dans le m\u00eame contexte que le syst\u00e8me pharmaceutique dans son ensemble va changer en Tunisie.<\/p>\n","protected":false},"excerpt":{"rendered":"<p>Naoufel Amira a annonc\u00e9 que les prix des m\u00e9dicaments allaient augmenter dans les prochains mois, pr\u00e9cisant qu&rsquo;un grand nombre de m\u00e9dicaments vont \u00eatre retir\u00e9s d&#8230;<\/p>\n","protected":false},"author":3162,"featured_media":248399,"comment_status":"open","ping_status":"closed","sticky":false,"template":"","format":"standard","meta":{"footnotes":""},"categories":[44],"tags":[3479,7307,4589],"class_list":["post-211154","post","type-post","status-publish","format-standard","has-post-thumbnail","hentry","category-national","tag-medicaments","tag-noufel-amira","tag-pharmacies"],"yoast_head":"<!-- This site is optimized with the Yoast SEO Premium plugin v27.4 (Yoast SEO v27.5) - https:\/\/yoast.com\/product\/yoast-seo-premium-wordpress\/ -->\n<title>Prochaine augmentation des prix des m\u00e9dicaments<\/title>\n<meta name=\"description\" content=\"Naoufel Amira a annonc\u00e9 que les prix des m\u00e9dicaments allaient augmenter dans les prochains mois, pr\u00e9cisant qu&#039;un grand nombre de m\u00e9dicaments vont \u00eatre retir\u00e9s d...\" \/>\n<link rel=\"canonical\" href=\"https:\/\/www.webdo.tn\/fr\/actualite\/national\/prochaine-augmentation-des-prix-des-medicaments\/211154\/\" \/>\n<meta property=\"og:locale\" content=\"fr_FR\" \/>\n<meta property=\"og:type\" content=\"article\" \/>\n<meta property=\"og:title\" content=\"Prochaine augmentation des prix des m\u00e9dicaments\" \/>\n<meta property=\"og:description\" content=\"Naoufel Amira a annonc\u00e9 que les prix des m\u00e9dicaments allaient augmenter dans les prochains mois, pr\u00e9cisant qu&#039;un grand nombre de m\u00e9dicaments vont \u00eatre retir\u00e9s d...\" \/>\n<meta property=\"og:url\" content=\"https:\/\/www.webdo.tn\/fr\/actualite\/national\/prochaine-augmentation-des-prix-des-medicaments\/211154\/\" \/>\n<meta property=\"og:site_name\" content=\"webdo\" \/>\n<meta property=\"article:publisher\" content=\"https:\/\/www.facebook.com\/webdotn\" \/>\n<meta property=\"article:published_time\" content=\"2023-12-28T16:00:00+00:00\" \/>\n<meta property=\"article:modified_time\" content=\"2025-05-20T21:54:27+00:00\" \/>\n<meta property=\"og:image\" content=\"https:\/\/www.webdo.tn\/fr\/wp-content\/uploads\/2023\/12\/5d1d54d744b48ef5d99009e921c09db5.jpg\" \/>\n\t<meta property=\"og:image:width\" content=\"750\" \/>\n\t<meta property=\"og:image:height\" content=\"400\" \/>\n\t<meta property=\"og:image:type\" content=\"image\/jpeg\" \/>\n<meta name=\"author\" content=\"MC\" \/>\n<meta name=\"twitter:card\" content=\"summary_large_image\" \/>\n<meta name=\"twitter:creator\" content=\"@webdo_tn\" \/>\n<meta name=\"twitter:site\" content=\"@webdo_tn\" \/>\n<meta name=\"twitter:label1\" content=\"\u00c9crit par\" \/>\n\t<meta name=\"twitter:data1\" content=\"MC\" \/>\n\t<meta name=\"twitter:label2\" content=\"Dur\u00e9e de lecture estim\u00e9e\" \/>\n\t<meta name=\"twitter:data2\" content=\"1 minute\" \/>\n<script type=\"application\/ld+json\" class=\"yoast-schema-graph\">{\"@context\":\"https:\\\/\\\/schema.org\",\"@graph\":[{\"@type\":\"NewsArticle\",\"@id\":\"https:\\\/\\\/www.webdo.tn\\\/fr\\\/actualite\\\/national\\\/prochaine-augmentation-des-prix-des-medicaments\\\/211154\\\/#article\",\"isPartOf\":{\"@id\":\"https:\\\/\\\/www.webdo.tn\\\/fr\\\/actualite\\\/national\\\/prochaine-augmentation-des-prix-des-medicaments\\\/211154\\\/\"},\"author\":{\"name\":\"MC\",\"@id\":\"https:\\\/\\\/www.webdo.tn\\\/fr\\\/#\\\/schema\\\/person\\\/2c4929cbf5a809e3bd38617c6ce150f6\"},\"headline\":\"Prochaine augmentation des prix des m\u00e9dicaments\",\"datePublished\":\"2023-12-28T16:00:00+00:00\",\"dateModified\":\"2025-05-20T21:54:27+00:00\",\"mainEntityOfPage\":{\"@id\":\"https:\\\/\\\/www.webdo.tn\\\/fr\\\/actualite\\\/national\\\/prochaine-augmentation-des-prix-des-medicaments\\\/211154\\\/\"},\"wordCount\":163,\"commentCount\":0,\"publisher\":{\"@id\":\"https:\\\/\\\/www.webdo.tn\\\/fr\\\/#organization\"},\"image\":{\"@id\":\"https:\\\/\\\/www.webdo.tn\\\/fr\\\/actualite\\\/national\\\/prochaine-augmentation-des-prix-des-medicaments\\\/211154\\\/#primaryimage\"},\"thumbnailUrl\":\"https:\\\/\\\/www.webdo.tn\\\/fr\\\/wp-content\\\/uploads\\\/2023\\\/12\\\/5d1d54d744b48ef5d99009e921c09db5.jpg\",\"keywords\":[\"m\u00e9dicaments\",\"noufel amira\",\"pharmacies\"],\"articleSection\":[\"National\"],\"inLanguage\":\"fr-FR\"},{\"@type\":\"WebPage\",\"@id\":\"https:\\\/\\\/www.webdo.tn\\\/fr\\\/actualite\\\/national\\\/prochaine-augmentation-des-prix-des-medicaments\\\/211154\\\/\",\"url\":\"https:\\\/\\\/www.webdo.tn\\\/fr\\\/actualite\\\/national\\\/prochaine-augmentation-des-prix-des-medicaments\\\/211154\\\/\",\"name\":\"Prochaine augmentation des prix des m\u00e9dicaments\",\"isPartOf\":{\"@id\":\"https:\\\/\\\/www.webdo.tn\\\/fr\\\/#website\"},\"primaryImageOfPage\":{\"@id\":\"https:\\\/\\\/www.webdo.tn\\\/fr\\\/actualite\\\/national\\\/prochaine-augmentation-des-prix-des-medicaments\\\/211154\\\/#primaryimage\"},\"image\":{\"@id\":\"https:\\\/\\\/www.webdo.tn\\\/fr\\\/actualite\\\/national\\\/prochaine-augmentation-des-prix-des-medicaments\\\/211154\\\/#primaryimage\"},\"thumbnailUrl\":\"https:\\\/\\\/www.webdo.tn\\\/fr\\\/wp-content\\\/uploads\\\/2023\\\/12\\\/5d1d54d744b48ef5d99009e921c09db5.jpg\",\"datePublished\":\"2023-12-28T16:00:00+00:00\",\"dateModified\":\"2025-05-20T21:54:27+00:00\",\"description\":\"Naoufel Amira a annonc\u00e9 que les prix des m\u00e9dicaments allaient augmenter dans les prochains mois, pr\u00e9cisant qu'un grand nombre de m\u00e9dicaments vont \u00eatre retir\u00e9s d...\",\"breadcrumb\":{\"@id\":\"https:\\\/\\\/www.webdo.tn\\\/fr\\\/actualite\\\/national\\\/prochaine-augmentation-des-prix-des-medicaments\\\/211154\\\/#breadcrumb\"},\"inLanguage\":\"fr-FR\",\"potentialAction\":[{\"@type\":\"ReadAction\",\"target\":[\"https:\\\/\\\/www.webdo.tn\\\/fr\\\/actualite\\\/national\\\/prochaine-augmentation-des-prix-des-medicaments\\\/211154\\\/\"]}]},{\"@type\":\"ImageObject\",\"inLanguage\":\"fr-FR\",\"@id\":\"https:\\\/\\\/www.webdo.tn\\\/fr\\\/actualite\\\/national\\\/prochaine-augmentation-des-prix-des-medicaments\\\/211154\\\/#primaryimage\",\"url\":\"https:\\\/\\\/www.webdo.tn\\\/fr\\\/wp-content\\\/uploads\\\/2023\\\/12\\\/5d1d54d744b48ef5d99009e921c09db5.jpg\",\"contentUrl\":\"https:\\\/\\\/www.webdo.tn\\\/fr\\\/wp-content\\\/uploads\\\/2023\\\/12\\\/5d1d54d744b48ef5d99009e921c09db5.jpg\",\"width\":750,\"height\":400,\"caption\":\"Prochaine augmentation des prix des m\u00e9dicaments\"},{\"@type\":\"BreadcrumbList\",\"@id\":\"https:\\\/\\\/www.webdo.tn\\\/fr\\\/actualite\\\/national\\\/prochaine-augmentation-des-prix-des-medicaments\\\/211154\\\/#breadcrumb\",\"itemListElement\":[{\"@type\":\"ListItem\",\"position\":1,\"name\":\"Accueil\",\"item\":\"https:\\\/\\\/www.webdo.tn\\\/fr\\\/\"},{\"@type\":\"ListItem\",\"position\":2,\"name\":\"Prochaine augmentation des prix des m\u00e9dicaments\"}]},{\"@type\":\"WebSite\",\"@id\":\"https:\\\/\\\/www.webdo.tn\\\/fr\\\/#website\",\"url\":\"https:\\\/\\\/www.webdo.tn\\\/fr\\\/\",\"name\":\"webdo\",\"description\":\"Tunisie - News en Tunisie et \u00e0 l&#039;international sur Webdo.tn\",\"publisher\":{\"@id\":\"https:\\\/\\\/www.webdo.tn\\\/fr\\\/#organization\"},\"potentialAction\":[{\"@type\":\"SearchAction\",\"target\":{\"@type\":\"EntryPoint\",\"urlTemplate\":\"https:\\\/\\\/www.webdo.tn\\\/fr\\\/?s={search_term_string}\"},\"query-input\":{\"@type\":\"PropertyValueSpecification\",\"valueRequired\":true,\"valueName\":\"search_term_string\"}}],\"inLanguage\":\"fr-FR\"},{\"@type\":\"Organization\",\"@id\":\"https:\\\/\\\/www.webdo.tn\\\/fr\\\/#organization\",\"name\":\"Webdo\",\"alternateName\":\"Webdo.tn\",\"url\":\"https:\\\/\\\/www.webdo.tn\\\/fr\\\/\",\"logo\":{\"@type\":\"ImageObject\",\"inLanguage\":\"fr-FR\",\"@id\":\"https:\\\/\\\/www.webdo.tn\\\/fr\\\/#\\\/schema\\\/logo\\\/image\\\/\",\"url\":\"https:\\\/\\\/www.webdo.tn\\\/fr\\\/wp-content\\\/uploads\\\/2025\\\/06\\\/Webdo-Tunisie_168377.jpg\",\"contentUrl\":\"https:\\\/\\\/www.webdo.tn\\\/fr\\\/wp-content\\\/uploads\\\/2025\\\/06\\\/Webdo-Tunisie_168377.jpg\",\"width\":301,\"height\":301,\"caption\":\"Webdo\"},\"image\":{\"@id\":\"https:\\\/\\\/www.webdo.tn\\\/fr\\\/#\\\/schema\\\/logo\\\/image\\\/\"},\"sameAs\":[\"https:\\\/\\\/www.facebook.com\\\/webdotn\",\"https:\\\/\\\/x.com\\\/webdo_tn\"],\"description\":\"Webdo est un m\u00e9dia num\u00e9rique tunisien fond\u00e9 en 2010, sp\u00e9cialis\u00e9 dans l\u2019actualit\u00e9 nationale et internationale, l\u2019\u00e9conomie, la soci\u00e9t\u00e9 et les analyses politiques. Le site s\u2019adresse \u00e0 un large public francophone et couvre l\u2019information tunisienne en temps r\u00e9el.\",\"email\":\"redac@webdo.tn\",\"legalName\":\"YNJ SARL\",\"foundingDate\":\"2010-09-06\",\"numberOfEmployees\":{\"@type\":\"QuantitativeValue\",\"minValue\":\"11\",\"maxValue\":\"50\"}},{\"@type\":\"Person\",\"@id\":\"https:\\\/\\\/www.webdo.tn\\\/fr\\\/#\\\/schema\\\/person\\\/2c4929cbf5a809e3bd38617c6ce150f6\",\"name\":\"MC\",\"image\":{\"@type\":\"ImageObject\",\"inLanguage\":\"fr-FR\",\"@id\":\"https:\\\/\\\/secure.gravatar.com\\\/avatar\\\/a545bbb6f84efdd5553dbbc2895e3ca8f1d12c5215e00a041c9670b54aa9b18a?s=96&d=mm&r=g\",\"url\":\"https:\\\/\\\/secure.gravatar.com\\\/avatar\\\/a545bbb6f84efdd5553dbbc2895e3ca8f1d12c5215e00a041c9670b54aa9b18a?s=96&d=mm&r=g\",\"contentUrl\":\"https:\\\/\\\/secure.gravatar.com\\\/avatar\\\/a545bbb6f84efdd5553dbbc2895e3ca8f1d12c5215e00a041c9670b54aa9b18a?s=96&d=mm&r=g\",\"caption\":\"MC\"},\"url\":\"https:\\\/\\\/www.webdo.tn\\\/fr\\\/actualite\\\/author\\\/mc\\\/\"}]}<\/script>\n<!-- \/ Yoast SEO Premium plugin. -->","yoast_head_json":{"title":"Prochaine augmentation des prix des m\u00e9dicaments","description":"Naoufel Amira a annonc\u00e9 que les prix des m\u00e9dicaments allaient augmenter dans les prochains mois, pr\u00e9cisant qu'un grand nombre de m\u00e9dicaments vont \u00eatre retir\u00e9s d...","canonical":"https:\/\/www.webdo.tn\/fr\/actualite\/national\/prochaine-augmentation-des-prix-des-medicaments\/211154\/","og_locale":"fr_FR","og_type":"article","og_title":"Prochaine augmentation des prix des m\u00e9dicaments","og_description":"Naoufel Amira a annonc\u00e9 que les prix des m\u00e9dicaments allaient augmenter dans les prochains mois, pr\u00e9cisant qu'un grand nombre de m\u00e9dicaments vont \u00eatre retir\u00e9s d...","og_url":"https:\/\/www.webdo.tn\/fr\/actualite\/national\/prochaine-augmentation-des-prix-des-medicaments\/211154\/","og_site_name":"webdo","article_publisher":"https:\/\/www.facebook.com\/webdotn","article_published_time":"2023-12-28T16:00:00+00:00","article_modified_time":"2025-05-20T21:54:27+00:00","og_image":[{"width":750,"height":400,"url":"https:\/\/www.webdo.tn\/fr\/wp-content\/uploads\/2023\/12\/5d1d54d744b48ef5d99009e921c09db5.jpg","type":"image\/jpeg"}],"author":"MC","twitter_card":"summary_large_image","twitter_creator":"@webdo_tn","twitter_site":"@webdo_tn","twitter_misc":{"\u00c9crit par":"MC","Dur\u00e9e de lecture estim\u00e9e":"1 minute"},"schema":{"@context":"https:\/\/schema.org","@graph":[{"@type":"NewsArticle","@id":"https:\/\/www.webdo.tn\/fr\/actualite\/national\/prochaine-augmentation-des-prix-des-medicaments\/211154\/#article","isPartOf":{"@id":"https:\/\/www.webdo.tn\/fr\/actualite\/national\/prochaine-augmentation-des-prix-des-medicaments\/211154\/"},"author":{"name":"MC","@id":"https:\/\/www.webdo.tn\/fr\/#\/schema\/person\/2c4929cbf5a809e3bd38617c6ce150f6"},"headline":"Prochaine augmentation des prix des m\u00e9dicaments","datePublished":"2023-12-28T16:00:00+00:00","dateModified":"2025-05-20T21:54:27+00:00","mainEntityOfPage":{"@id":"https:\/\/www.webdo.tn\/fr\/actualite\/national\/prochaine-augmentation-des-prix-des-medicaments\/211154\/"},"wordCount":163,"commentCount":0,"publisher":{"@id":"https:\/\/www.webdo.tn\/fr\/#organization"},"image":{"@id":"https:\/\/www.webdo.tn\/fr\/actualite\/national\/prochaine-augmentation-des-prix-des-medicaments\/211154\/#primaryimage"},"thumbnailUrl":"https:\/\/www.webdo.tn\/fr\/wp-content\/uploads\/2023\/12\/5d1d54d744b48ef5d99009e921c09db5.jpg","keywords":["m\u00e9dicaments","noufel amira","pharmacies"],"articleSection":["National"],"inLanguage":"fr-FR"},{"@type":"WebPage","@id":"https:\/\/www.webdo.tn\/fr\/actualite\/national\/prochaine-augmentation-des-prix-des-medicaments\/211154\/","url":"https:\/\/www.webdo.tn\/fr\/actualite\/national\/prochaine-augmentation-des-prix-des-medicaments\/211154\/","name":"Prochaine augmentation des prix des m\u00e9dicaments","isPartOf":{"@id":"https:\/\/www.webdo.tn\/fr\/#website"},"primaryImageOfPage":{"@id":"https:\/\/www.webdo.tn\/fr\/actualite\/national\/prochaine-augmentation-des-prix-des-medicaments\/211154\/#primaryimage"},"image":{"@id":"https:\/\/www.webdo.tn\/fr\/actualite\/national\/prochaine-augmentation-des-prix-des-medicaments\/211154\/#primaryimage"},"thumbnailUrl":"https:\/\/www.webdo.tn\/fr\/wp-content\/uploads\/2023\/12\/5d1d54d744b48ef5d99009e921c09db5.jpg","datePublished":"2023-12-28T16:00:00+00:00","dateModified":"2025-05-20T21:54:27+00:00","description":"Naoufel Amira a annonc\u00e9 que les prix des m\u00e9dicaments allaient augmenter dans les prochains mois, pr\u00e9cisant qu'un grand nombre de m\u00e9dicaments vont \u00eatre retir\u00e9s d...","breadcrumb":{"@id":"https:\/\/www.webdo.tn\/fr\/actualite\/national\/prochaine-augmentation-des-prix-des-medicaments\/211154\/#breadcrumb"},"inLanguage":"fr-FR","potentialAction":[{"@type":"ReadAction","target":["https:\/\/www.webdo.tn\/fr\/actualite\/national\/prochaine-augmentation-des-prix-des-medicaments\/211154\/"]}]},{"@type":"ImageObject","inLanguage":"fr-FR","@id":"https:\/\/www.webdo.tn\/fr\/actualite\/national\/prochaine-augmentation-des-prix-des-medicaments\/211154\/#primaryimage","url":"https:\/\/www.webdo.tn\/fr\/wp-content\/uploads\/2023\/12\/5d1d54d744b48ef5d99009e921c09db5.jpg","contentUrl":"https:\/\/www.webdo.tn\/fr\/wp-content\/uploads\/2023\/12\/5d1d54d744b48ef5d99009e921c09db5.jpg","width":750,"height":400,"caption":"Prochaine augmentation des prix des m\u00e9dicaments"},{"@type":"BreadcrumbList","@id":"https:\/\/www.webdo.tn\/fr\/actualite\/national\/prochaine-augmentation-des-prix-des-medicaments\/211154\/#breadcrumb","itemListElement":[{"@type":"ListItem","position":1,"name":"Accueil","item":"https:\/\/www.webdo.tn\/fr\/"},{"@type":"ListItem","position":2,"name":"Prochaine augmentation des prix des m\u00e9dicaments"}]},{"@type":"WebSite","@id":"https:\/\/www.webdo.tn\/fr\/#website","url":"https:\/\/www.webdo.tn\/fr\/","name":"webdo","description":"Tunisie - News en Tunisie et \u00e0 l&#039;international sur Webdo.tn","publisher":{"@id":"https:\/\/www.webdo.tn\/fr\/#organization"},"potentialAction":[{"@type":"SearchAction","target":{"@type":"EntryPoint","urlTemplate":"https:\/\/www.webdo.tn\/fr\/?s={search_term_string}"},"query-input":{"@type":"PropertyValueSpecification","valueRequired":true,"valueName":"search_term_string"}}],"inLanguage":"fr-FR"},{"@type":"Organization","@id":"https:\/\/www.webdo.tn\/fr\/#organization","name":"Webdo","alternateName":"Webdo.tn","url":"https:\/\/www.webdo.tn\/fr\/","logo":{"@type":"ImageObject","inLanguage":"fr-FR","@id":"https:\/\/www.webdo.tn\/fr\/#\/schema\/logo\/image\/","url":"https:\/\/www.webdo.tn\/fr\/wp-content\/uploads\/2025\/06\/Webdo-Tunisie_168377.jpg","contentUrl":"https:\/\/www.webdo.tn\/fr\/wp-content\/uploads\/2025\/06\/Webdo-Tunisie_168377.jpg","width":301,"height":301,"caption":"Webdo"},"image":{"@id":"https:\/\/www.webdo.tn\/fr\/#\/schema\/logo\/image\/"},"sameAs":["https:\/\/www.facebook.com\/webdotn","https:\/\/x.com\/webdo_tn"],"description":"Webdo est un m\u00e9dia num\u00e9rique tunisien fond\u00e9 en 2010, sp\u00e9cialis\u00e9 dans l\u2019actualit\u00e9 nationale et internationale, l\u2019\u00e9conomie, la soci\u00e9t\u00e9 et les analyses politiques. Le site s\u2019adresse \u00e0 un large public francophone et couvre l\u2019information tunisienne en temps r\u00e9el.","email":"redac@webdo.tn","legalName":"YNJ SARL","foundingDate":"2010-09-06","numberOfEmployees":{"@type":"QuantitativeValue","minValue":"11","maxValue":"50"}},{"@type":"Person","@id":"https:\/\/www.webdo.tn\/fr\/#\/schema\/person\/2c4929cbf5a809e3bd38617c6ce150f6","name":"MC","image":{"@type":"ImageObject","inLanguage":"fr-FR","@id":"https:\/\/secure.gravatar.com\/avatar\/a545bbb6f84efdd5553dbbc2895e3ca8f1d12c5215e00a041c9670b54aa9b18a?s=96&d=mm&r=g","url":"https:\/\/secure.gravatar.com\/avatar\/a545bbb6f84efdd5553dbbc2895e3ca8f1d12c5215e00a041c9670b54aa9b18a?s=96&d=mm&r=g","contentUrl":"https:\/\/secure.gravatar.com\/avatar\/a545bbb6f84efdd5553dbbc2895e3ca8f1d12c5215e00a041c9670b54aa9b18a?s=96&d=mm&r=g","caption":"MC"},"url":"https:\/\/www.webdo.tn\/fr\/actualite\/author\/mc\/"}]}},"_links":{"self":[{"href":"https:\/\/www.webdo.tn\/fr\/wp-json\/wp\/v2\/posts\/211154","targetHints":{"allow":["GET"]}}],"collection":[{"href":"https:\/\/www.webdo.tn\/fr\/wp-json\/wp\/v2\/posts"}],"about":[{"href":"https:\/\/www.webdo.tn\/fr\/wp-json\/wp\/v2\/types\/post"}],"author":[{"embeddable":true,"href":"https:\/\/www.webdo.tn\/fr\/wp-json\/wp\/v2\/users\/3162"}],"replies":[{"embeddable":true,"href":"https:\/\/www.webdo.tn\/fr\/wp-json\/wp\/v2\/comments?post=211154"}],"version-history":[{"count":0,"href":"https:\/\/www.webdo.tn\/fr\/wp-json\/wp\/v2\/posts\/211154\/revisions"}],"wp:featuredmedia":[{"embeddable":true,"href":"https:\/\/www.webdo.tn\/fr\/wp-json\/wp\/v2\/media\/248399"}],"wp:attachment":[{"href":"https:\/\/www.webdo.tn\/fr\/wp-json\/wp\/v2\/media?parent=211154"}],"wp:term":[{"taxonomy":"category","embeddable":true,"href":"https:\/\/www.webdo.tn\/fr\/wp-json\/wp\/v2\/categories?post=211154"},{"taxonomy":"post_tag","embeddable":true,"href":"https:\/\/www.webdo.tn\/fr\/wp-json\/wp\/v2\/tags?post=211154"}],"curies":[{"name":"wp","href":"https:\/\/api.w.org\/{rel}","templated":true}]}}