{"id":211153,"date":"2023-12-28T15:23:00","date_gmt":"2023-12-28T15:23:00","guid":{"rendered":"https:\/\/www.webdo.tn\/fr\/blog\/zied-el-heni-convoque-par-la-garde-nationale-de-l-aouina\/211153\/"},"modified":"2025-05-20T21:54:28","modified_gmt":"2025-05-20T21:54:28","slug":"zied-el-heni-convoque-par-la-garde-nationale-de-l-aouina","status":"publish","type":"post","link":"https:\/\/www.webdo.tn\/fr\/actualite\/national\/zied-el-heni-convoque-par-la-garde-nationale-de-l-aouina\/211153\/","title":{"rendered":"Zied El H\u00e9ni convoqu\u00e9 par la Garde nationale de l\u2019Aouina"},"content":{"rendered":"<p>Zied El Heni est de nouveau dans le collimateur de la Garde nationale de l\u2019Aouina. Il a \u00e9t\u00e9 convoqu\u00e9 par la cinqui\u00e8me brigade centrale de lutte contre les d\u00e9linquances informatiques et de communication en tant que suspect.<\/p>\n<p>\t\t\t\t\t\t\t\t\tSelon son avocat Ayachi Hammami, le journaliste Zied El-Heni, a \u00e9t\u00e9 convoqu\u00e9 et doit se pr\u00e9senter \u00ab\u00a0imm\u00e9diatement\u00a0\u00bb \u00e0 la cinqui\u00e8me brigade centrale de lutte contre les d\u00e9linquances informatiques et de communication de la Garde nationale de l\u2019Aouina, en tant que suspect.<\/p>\n<p>Dans une d\u00e9claration accord\u00e9e, ce jeudi 28 d\u00e9cembre 2023 sur les ondes de Mosaique fm, Ayachi Hammami n\u2019a pas invoqu\u00e9 les raisons de cette convocation, qui restent encore inconnues, selon lui.<\/p>\n<p>Ce n\u2019est pas une premi\u00e8re pour Zied El H\u00e9ni d\u00e9j\u00e0 convoqu\u00e9 \u00e0 plusieurs reprises ces derni\u00e8res semaines.<\/p>\n<p>Le 26 octobre dernier, certaines d\u00e9clarations faites sur les ondes d\u2019iFM concernant un \u00e9ventuel plan d\u2019assassinat du pr\u00e9sident de la R\u00e9publique, lui ont valu une interpellation.<\/p>\n<p>Le 21 juin 2023, il avait \u00e9t\u00e9 convoqu\u00e9 dans un premier temps par la Garde nationale de l\u2019Aouina pour compara\u00eetre devant la 5e brigade centrale pour la lutte contre les crimes de t\u00e9l\u00e9communications avant d\u2019\u00eatre plac\u00e9 en garde \u00e0 vue.<\/p>\n<p>Il avait \u00e9t\u00e9 rel\u00e2ch\u00e9 le lendemain apr\u00e8s la d\u00e9cision du procureur de la R\u00e9publique au Tribunal de premi\u00e8re instance de Tunis de le maintenir en \u00e9tat de libert\u00e9.<\/p>\n","protected":false},"excerpt":{"rendered":"<p>Selon son avocat Ayachi Hammami, le journaliste Zied El-Heni, a \u00e9t\u00e9 convoqu\u00e9 et doit se pr\u00e9senter  imm\u00e9diatement  \u00e0 la cinqui\u00e8me brigade centrale de lutte contr&#8230;<\/p>\n","protected":false},"author":3162,"featured_media":248400,"comment_status":"open","ping_status":"closed","sticky":false,"template":"","format":"standard","meta":{"footnotes":""},"categories":[44],"tags":[5119,7308,4706,3913],"class_list":["post-211153","post","type-post","status-publish","format-standard","has-post-thumbnail","hentry","category-national","tag-convocation","tag-laouina","tag-suspect","tag-zied-el-heni"],"yoast_head":"<!-- This site is optimized with the Yoast SEO Premium plugin v27.5 (Yoast SEO v27.5) - https:\/\/yoast.com\/product\/yoast-seo-premium-wordpress\/ -->\n<title>Zied El H\u00e9ni convoqu\u00e9 par la Garde nationale de l\u2019Aouina<\/title>\n<meta name=\"description\" content=\"Selon son avocat Ayachi Hammami, le journaliste Zied El-Heni, a \u00e9t\u00e9 convoqu\u00e9 et doit se pr\u00e9senter imm\u00e9diatement \u00e0 la cinqui\u00e8me brigade centrale de lutte contr...\" \/>\n<link rel=\"canonical\" href=\"https:\/\/www.webdo.tn\/fr\/actualite\/national\/zied-el-heni-convoque-par-la-garde-nationale-de-l-aouina\/211153\/\" \/>\n<meta property=\"og:locale\" content=\"fr_FR\" \/>\n<meta property=\"og:type\" content=\"article\" \/>\n<meta property=\"og:title\" content=\"Zied El H\u00e9ni convoqu\u00e9 par la Garde nationale de l\u2019Aouina\" \/>\n<meta property=\"og:description\" content=\"Selon son avocat Ayachi Hammami, le journaliste Zied El-Heni, a \u00e9t\u00e9 convoqu\u00e9 et doit se pr\u00e9senter imm\u00e9diatement \u00e0 la cinqui\u00e8me brigade centrale de lutte contr...\" \/>\n<meta property=\"og:url\" content=\"https:\/\/www.webdo.tn\/fr\/actualite\/national\/zied-el-heni-convoque-par-la-garde-nationale-de-l-aouina\/211153\/\" \/>\n<meta property=\"og:site_name\" content=\"webdo\" \/>\n<meta property=\"article:publisher\" content=\"https:\/\/www.facebook.com\/webdotn\" \/>\n<meta property=\"article:published_time\" content=\"2023-12-28T15:23:00+00:00\" \/>\n<meta property=\"article:modified_time\" content=\"2025-05-20T21:54:28+00:00\" \/>\n<meta property=\"og:image\" content=\"https:\/\/www.webdo.tn\/fr\/wp-content\/uploads\/2023\/12\/d49d841e26ce9e468fc94dc1aabb1bcb.jpg\" \/>\n\t<meta property=\"og:image:width\" content=\"710\" \/>\n\t<meta property=\"og:image:height\" content=\"379\" \/>\n\t<meta property=\"og:image:type\" content=\"image\/jpeg\" \/>\n<meta name=\"author\" content=\"MC\" \/>\n<meta name=\"twitter:card\" content=\"summary_large_image\" \/>\n<meta name=\"twitter:creator\" content=\"@webdo_tn\" \/>\n<meta name=\"twitter:site\" content=\"@webdo_tn\" \/>\n<meta name=\"twitter:label1\" content=\"\u00c9crit par\" \/>\n\t<meta name=\"twitter:data1\" content=\"MC\" \/>\n\t<meta name=\"twitter:label2\" content=\"Dur\u00e9e de lecture estim\u00e9e\" \/>\n\t<meta name=\"twitter:data2\" content=\"1 minute\" \/>\n<script type=\"application\/ld+json\" class=\"yoast-schema-graph\">{\"@context\":\"https:\\\/\\\/schema.org\",\"@graph\":[{\"@type\":\"NewsArticle\",\"@id\":\"https:\\\/\\\/www.webdo.tn\\\/fr\\\/actualite\\\/national\\\/zied-el-heni-convoque-par-la-garde-nationale-de-l-aouina\\\/211153\\\/#article\",\"isPartOf\":{\"@id\":\"https:\\\/\\\/www.webdo.tn\\\/fr\\\/actualite\\\/national\\\/zied-el-heni-convoque-par-la-garde-nationale-de-l-aouina\\\/211153\\\/\"},\"author\":{\"name\":\"MC\",\"@id\":\"https:\\\/\\\/www.webdo.tn\\\/fr\\\/#\\\/schema\\\/person\\\/2c4929cbf5a809e3bd38617c6ce150f6\"},\"headline\":\"Zied El H\u00e9ni convoqu\u00e9 par la Garde nationale de l\u2019Aouina\",\"datePublished\":\"2023-12-28T15:23:00+00:00\",\"dateModified\":\"2025-05-20T21:54:28+00:00\",\"mainEntityOfPage\":{\"@id\":\"https:\\\/\\\/www.webdo.tn\\\/fr\\\/actualite\\\/national\\\/zied-el-heni-convoque-par-la-garde-nationale-de-l-aouina\\\/211153\\\/\"},\"wordCount\":256,\"commentCount\":0,\"publisher\":{\"@id\":\"https:\\\/\\\/www.webdo.tn\\\/fr\\\/#organization\"},\"image\":{\"@id\":\"https:\\\/\\\/www.webdo.tn\\\/fr\\\/actualite\\\/national\\\/zied-el-heni-convoque-par-la-garde-nationale-de-l-aouina\\\/211153\\\/#primaryimage\"},\"thumbnailUrl\":\"https:\\\/\\\/www.webdo.tn\\\/fr\\\/wp-content\\\/uploads\\\/2023\\\/12\\\/d49d841e26ce9e468fc94dc1aabb1bcb.jpg\",\"keywords\":[\"convocation\",\"l'Aouina\",\"suspect\",\"Zied El-Heni\"],\"articleSection\":[\"National\"],\"inLanguage\":\"fr-FR\"},{\"@type\":\"WebPage\",\"@id\":\"https:\\\/\\\/www.webdo.tn\\\/fr\\\/actualite\\\/national\\\/zied-el-heni-convoque-par-la-garde-nationale-de-l-aouina\\\/211153\\\/\",\"url\":\"https:\\\/\\\/www.webdo.tn\\\/fr\\\/actualite\\\/national\\\/zied-el-heni-convoque-par-la-garde-nationale-de-l-aouina\\\/211153\\\/\",\"name\":\"Zied El H\u00e9ni convoqu\u00e9 par la Garde nationale de l\u2019Aouina\",\"isPartOf\":{\"@id\":\"https:\\\/\\\/www.webdo.tn\\\/fr\\\/#website\"},\"primaryImageOfPage\":{\"@id\":\"https:\\\/\\\/www.webdo.tn\\\/fr\\\/actualite\\\/national\\\/zied-el-heni-convoque-par-la-garde-nationale-de-l-aouina\\\/211153\\\/#primaryimage\"},\"image\":{\"@id\":\"https:\\\/\\\/www.webdo.tn\\\/fr\\\/actualite\\\/national\\\/zied-el-heni-convoque-par-la-garde-nationale-de-l-aouina\\\/211153\\\/#primaryimage\"},\"thumbnailUrl\":\"https:\\\/\\\/www.webdo.tn\\\/fr\\\/wp-content\\\/uploads\\\/2023\\\/12\\\/d49d841e26ce9e468fc94dc1aabb1bcb.jpg\",\"datePublished\":\"2023-12-28T15:23:00+00:00\",\"dateModified\":\"2025-05-20T21:54:28+00:00\",\"description\":\"Selon son avocat Ayachi Hammami, le journaliste Zied El-Heni, a \u00e9t\u00e9 convoqu\u00e9 et doit se pr\u00e9senter imm\u00e9diatement \u00e0 la cinqui\u00e8me brigade centrale de lutte contr...\",\"breadcrumb\":{\"@id\":\"https:\\\/\\\/www.webdo.tn\\\/fr\\\/actualite\\\/national\\\/zied-el-heni-convoque-par-la-garde-nationale-de-l-aouina\\\/211153\\\/#breadcrumb\"},\"inLanguage\":\"fr-FR\",\"potentialAction\":[{\"@type\":\"ReadAction\",\"target\":[\"https:\\\/\\\/www.webdo.tn\\\/fr\\\/actualite\\\/national\\\/zied-el-heni-convoque-par-la-garde-nationale-de-l-aouina\\\/211153\\\/\"]}]},{\"@type\":\"ImageObject\",\"inLanguage\":\"fr-FR\",\"@id\":\"https:\\\/\\\/www.webdo.tn\\\/fr\\\/actualite\\\/national\\\/zied-el-heni-convoque-par-la-garde-nationale-de-l-aouina\\\/211153\\\/#primaryimage\",\"url\":\"https:\\\/\\\/www.webdo.tn\\\/fr\\\/wp-content\\\/uploads\\\/2023\\\/12\\\/d49d841e26ce9e468fc94dc1aabb1bcb.jpg\",\"contentUrl\":\"https:\\\/\\\/www.webdo.tn\\\/fr\\\/wp-content\\\/uploads\\\/2023\\\/12\\\/d49d841e26ce9e468fc94dc1aabb1bcb.jpg\",\"width\":710,\"height\":379,\"caption\":\"Zied El H\u00e9ni convoqu\u00e9 par la Garde nationale de l\u2019Aouina\"},{\"@type\":\"BreadcrumbList\",\"@id\":\"https:\\\/\\\/www.webdo.tn\\\/fr\\\/actualite\\\/national\\\/zied-el-heni-convoque-par-la-garde-nationale-de-l-aouina\\\/211153\\\/#breadcrumb\",\"itemListElement\":[{\"@type\":\"ListItem\",\"position\":1,\"name\":\"Accueil\",\"item\":\"https:\\\/\\\/www.webdo.tn\\\/fr\\\/\"},{\"@type\":\"ListItem\",\"position\":2,\"name\":\"Zied El H\u00e9ni convoqu\u00e9 par la Garde nationale de l\u2019Aouina\"}]},{\"@type\":\"WebSite\",\"@id\":\"https:\\\/\\\/www.webdo.tn\\\/fr\\\/#website\",\"url\":\"https:\\\/\\\/www.webdo.tn\\\/fr\\\/\",\"name\":\"webdo\",\"description\":\"Tunisie - News en Tunisie et \u00e0 l&#039;international sur Webdo.tn\",\"publisher\":{\"@id\":\"https:\\\/\\\/www.webdo.tn\\\/fr\\\/#organization\"},\"potentialAction\":[{\"@type\":\"SearchAction\",\"target\":{\"@type\":\"EntryPoint\",\"urlTemplate\":\"https:\\\/\\\/www.webdo.tn\\\/fr\\\/?s={search_term_string}\"},\"query-input\":{\"@type\":\"PropertyValueSpecification\",\"valueRequired\":true,\"valueName\":\"search_term_string\"}}],\"inLanguage\":\"fr-FR\"},{\"@type\":\"Organization\",\"@id\":\"https:\\\/\\\/www.webdo.tn\\\/fr\\\/#organization\",\"name\":\"Webdo\",\"alternateName\":\"Webdo.tn\",\"url\":\"https:\\\/\\\/www.webdo.tn\\\/fr\\\/\",\"logo\":{\"@type\":\"ImageObject\",\"inLanguage\":\"fr-FR\",\"@id\":\"https:\\\/\\\/www.webdo.tn\\\/fr\\\/#\\\/schema\\\/logo\\\/image\\\/\",\"url\":\"https:\\\/\\\/www.webdo.tn\\\/fr\\\/wp-content\\\/uploads\\\/2025\\\/06\\\/Webdo-Tunisie_168377.jpg\",\"contentUrl\":\"https:\\\/\\\/www.webdo.tn\\\/fr\\\/wp-content\\\/uploads\\\/2025\\\/06\\\/Webdo-Tunisie_168377.jpg\",\"width\":301,\"height\":301,\"caption\":\"Webdo\"},\"image\":{\"@id\":\"https:\\\/\\\/www.webdo.tn\\\/fr\\\/#\\\/schema\\\/logo\\\/image\\\/\"},\"sameAs\":[\"https:\\\/\\\/www.facebook.com\\\/webdotn\",\"https:\\\/\\\/x.com\\\/webdo_tn\"],\"description\":\"Webdo est un m\u00e9dia num\u00e9rique tunisien fond\u00e9 en 2010, sp\u00e9cialis\u00e9 dans l\u2019actualit\u00e9 nationale et internationale, l\u2019\u00e9conomie, la soci\u00e9t\u00e9 et les analyses politiques. Le site s\u2019adresse \u00e0 un large public francophone et couvre l\u2019information tunisienne en temps r\u00e9el.\",\"email\":\"redac@webdo.tn\",\"legalName\":\"YNJ SARL\",\"foundingDate\":\"2010-09-06\",\"numberOfEmployees\":{\"@type\":\"QuantitativeValue\",\"minValue\":\"11\",\"maxValue\":\"50\"}},{\"@type\":\"Person\",\"@id\":\"https:\\\/\\\/www.webdo.tn\\\/fr\\\/#\\\/schema\\\/person\\\/2c4929cbf5a809e3bd38617c6ce150f6\",\"name\":\"MC\",\"image\":{\"@type\":\"ImageObject\",\"inLanguage\":\"fr-FR\",\"@id\":\"https:\\\/\\\/secure.gravatar.com\\\/avatar\\\/a545bbb6f84efdd5553dbbc2895e3ca8f1d12c5215e00a041c9670b54aa9b18a?s=96&d=mm&r=g\",\"url\":\"https:\\\/\\\/secure.gravatar.com\\\/avatar\\\/a545bbb6f84efdd5553dbbc2895e3ca8f1d12c5215e00a041c9670b54aa9b18a?s=96&d=mm&r=g\",\"contentUrl\":\"https:\\\/\\\/secure.gravatar.com\\\/avatar\\\/a545bbb6f84efdd5553dbbc2895e3ca8f1d12c5215e00a041c9670b54aa9b18a?s=96&d=mm&r=g\",\"caption\":\"MC\"},\"url\":\"https:\\\/\\\/www.webdo.tn\\\/fr\\\/actualite\\\/author\\\/mc\\\/\"}]}<\/script>\n<!-- \/ Yoast SEO Premium plugin. -->","yoast_head_json":{"title":"Zied El H\u00e9ni convoqu\u00e9 par la Garde nationale de l\u2019Aouina","description":"Selon son avocat Ayachi Hammami, le journaliste Zied El-Heni, a \u00e9t\u00e9 convoqu\u00e9 et doit se pr\u00e9senter imm\u00e9diatement \u00e0 la cinqui\u00e8me brigade centrale de lutte contr...","canonical":"https:\/\/www.webdo.tn\/fr\/actualite\/national\/zied-el-heni-convoque-par-la-garde-nationale-de-l-aouina\/211153\/","og_locale":"fr_FR","og_type":"article","og_title":"Zied El H\u00e9ni convoqu\u00e9 par la Garde nationale de l\u2019Aouina","og_description":"Selon son avocat Ayachi Hammami, le journaliste Zied El-Heni, a \u00e9t\u00e9 convoqu\u00e9 et doit se pr\u00e9senter imm\u00e9diatement \u00e0 la cinqui\u00e8me brigade centrale de lutte contr...","og_url":"https:\/\/www.webdo.tn\/fr\/actualite\/national\/zied-el-heni-convoque-par-la-garde-nationale-de-l-aouina\/211153\/","og_site_name":"webdo","article_publisher":"https:\/\/www.facebook.com\/webdotn","article_published_time":"2023-12-28T15:23:00+00:00","article_modified_time":"2025-05-20T21:54:28+00:00","og_image":[{"width":710,"height":379,"url":"https:\/\/www.webdo.tn\/fr\/wp-content\/uploads\/2023\/12\/d49d841e26ce9e468fc94dc1aabb1bcb.jpg","type":"image\/jpeg"}],"author":"MC","twitter_card":"summary_large_image","twitter_creator":"@webdo_tn","twitter_site":"@webdo_tn","twitter_misc":{"\u00c9crit par":"MC","Dur\u00e9e de lecture estim\u00e9e":"1 minute"},"schema":{"@context":"https:\/\/schema.org","@graph":[{"@type":"NewsArticle","@id":"https:\/\/www.webdo.tn\/fr\/actualite\/national\/zied-el-heni-convoque-par-la-garde-nationale-de-l-aouina\/211153\/#article","isPartOf":{"@id":"https:\/\/www.webdo.tn\/fr\/actualite\/national\/zied-el-heni-convoque-par-la-garde-nationale-de-l-aouina\/211153\/"},"author":{"name":"MC","@id":"https:\/\/www.webdo.tn\/fr\/#\/schema\/person\/2c4929cbf5a809e3bd38617c6ce150f6"},"headline":"Zied El H\u00e9ni convoqu\u00e9 par la Garde nationale de l\u2019Aouina","datePublished":"2023-12-28T15:23:00+00:00","dateModified":"2025-05-20T21:54:28+00:00","mainEntityOfPage":{"@id":"https:\/\/www.webdo.tn\/fr\/actualite\/national\/zied-el-heni-convoque-par-la-garde-nationale-de-l-aouina\/211153\/"},"wordCount":256,"commentCount":0,"publisher":{"@id":"https:\/\/www.webdo.tn\/fr\/#organization"},"image":{"@id":"https:\/\/www.webdo.tn\/fr\/actualite\/national\/zied-el-heni-convoque-par-la-garde-nationale-de-l-aouina\/211153\/#primaryimage"},"thumbnailUrl":"https:\/\/www.webdo.tn\/fr\/wp-content\/uploads\/2023\/12\/d49d841e26ce9e468fc94dc1aabb1bcb.jpg","keywords":["convocation","l'Aouina","suspect","Zied El-Heni"],"articleSection":["National"],"inLanguage":"fr-FR"},{"@type":"WebPage","@id":"https:\/\/www.webdo.tn\/fr\/actualite\/national\/zied-el-heni-convoque-par-la-garde-nationale-de-l-aouina\/211153\/","url":"https:\/\/www.webdo.tn\/fr\/actualite\/national\/zied-el-heni-convoque-par-la-garde-nationale-de-l-aouina\/211153\/","name":"Zied El H\u00e9ni convoqu\u00e9 par la Garde nationale de l\u2019Aouina","isPartOf":{"@id":"https:\/\/www.webdo.tn\/fr\/#website"},"primaryImageOfPage":{"@id":"https:\/\/www.webdo.tn\/fr\/actualite\/national\/zied-el-heni-convoque-par-la-garde-nationale-de-l-aouina\/211153\/#primaryimage"},"image":{"@id":"https:\/\/www.webdo.tn\/fr\/actualite\/national\/zied-el-heni-convoque-par-la-garde-nationale-de-l-aouina\/211153\/#primaryimage"},"thumbnailUrl":"https:\/\/www.webdo.tn\/fr\/wp-content\/uploads\/2023\/12\/d49d841e26ce9e468fc94dc1aabb1bcb.jpg","datePublished":"2023-12-28T15:23:00+00:00","dateModified":"2025-05-20T21:54:28+00:00","description":"Selon son avocat Ayachi Hammami, le journaliste Zied El-Heni, a \u00e9t\u00e9 convoqu\u00e9 et doit se pr\u00e9senter imm\u00e9diatement \u00e0 la cinqui\u00e8me brigade centrale de lutte contr...","breadcrumb":{"@id":"https:\/\/www.webdo.tn\/fr\/actualite\/national\/zied-el-heni-convoque-par-la-garde-nationale-de-l-aouina\/211153\/#breadcrumb"},"inLanguage":"fr-FR","potentialAction":[{"@type":"ReadAction","target":["https:\/\/www.webdo.tn\/fr\/actualite\/national\/zied-el-heni-convoque-par-la-garde-nationale-de-l-aouina\/211153\/"]}]},{"@type":"ImageObject","inLanguage":"fr-FR","@id":"https:\/\/www.webdo.tn\/fr\/actualite\/national\/zied-el-heni-convoque-par-la-garde-nationale-de-l-aouina\/211153\/#primaryimage","url":"https:\/\/www.webdo.tn\/fr\/wp-content\/uploads\/2023\/12\/d49d841e26ce9e468fc94dc1aabb1bcb.jpg","contentUrl":"https:\/\/www.webdo.tn\/fr\/wp-content\/uploads\/2023\/12\/d49d841e26ce9e468fc94dc1aabb1bcb.jpg","width":710,"height":379,"caption":"Zied El H\u00e9ni convoqu\u00e9 par la Garde nationale de l\u2019Aouina"},{"@type":"BreadcrumbList","@id":"https:\/\/www.webdo.tn\/fr\/actualite\/national\/zied-el-heni-convoque-par-la-garde-nationale-de-l-aouina\/211153\/#breadcrumb","itemListElement":[{"@type":"ListItem","position":1,"name":"Accueil","item":"https:\/\/www.webdo.tn\/fr\/"},{"@type":"ListItem","position":2,"name":"Zied El H\u00e9ni convoqu\u00e9 par la Garde nationale de l\u2019Aouina"}]},{"@type":"WebSite","@id":"https:\/\/www.webdo.tn\/fr\/#website","url":"https:\/\/www.webdo.tn\/fr\/","name":"webdo","description":"Tunisie - News en Tunisie et \u00e0 l&#039;international sur Webdo.tn","publisher":{"@id":"https:\/\/www.webdo.tn\/fr\/#organization"},"potentialAction":[{"@type":"SearchAction","target":{"@type":"EntryPoint","urlTemplate":"https:\/\/www.webdo.tn\/fr\/?s={search_term_string}"},"query-input":{"@type":"PropertyValueSpecification","valueRequired":true,"valueName":"search_term_string"}}],"inLanguage":"fr-FR"},{"@type":"Organization","@id":"https:\/\/www.webdo.tn\/fr\/#organization","name":"Webdo","alternateName":"Webdo.tn","url":"https:\/\/www.webdo.tn\/fr\/","logo":{"@type":"ImageObject","inLanguage":"fr-FR","@id":"https:\/\/www.webdo.tn\/fr\/#\/schema\/logo\/image\/","url":"https:\/\/www.webdo.tn\/fr\/wp-content\/uploads\/2025\/06\/Webdo-Tunisie_168377.jpg","contentUrl":"https:\/\/www.webdo.tn\/fr\/wp-content\/uploads\/2025\/06\/Webdo-Tunisie_168377.jpg","width":301,"height":301,"caption":"Webdo"},"image":{"@id":"https:\/\/www.webdo.tn\/fr\/#\/schema\/logo\/image\/"},"sameAs":["https:\/\/www.facebook.com\/webdotn","https:\/\/x.com\/webdo_tn"],"description":"Webdo est un m\u00e9dia num\u00e9rique tunisien fond\u00e9 en 2010, sp\u00e9cialis\u00e9 dans l\u2019actualit\u00e9 nationale et internationale, l\u2019\u00e9conomie, la soci\u00e9t\u00e9 et les analyses politiques. Le site s\u2019adresse \u00e0 un large public francophone et couvre l\u2019information tunisienne en temps r\u00e9el.","email":"redac@webdo.tn","legalName":"YNJ SARL","foundingDate":"2010-09-06","numberOfEmployees":{"@type":"QuantitativeValue","minValue":"11","maxValue":"50"}},{"@type":"Person","@id":"https:\/\/www.webdo.tn\/fr\/#\/schema\/person\/2c4929cbf5a809e3bd38617c6ce150f6","name":"MC","image":{"@type":"ImageObject","inLanguage":"fr-FR","@id":"https:\/\/secure.gravatar.com\/avatar\/a545bbb6f84efdd5553dbbc2895e3ca8f1d12c5215e00a041c9670b54aa9b18a?s=96&d=mm&r=g","url":"https:\/\/secure.gravatar.com\/avatar\/a545bbb6f84efdd5553dbbc2895e3ca8f1d12c5215e00a041c9670b54aa9b18a?s=96&d=mm&r=g","contentUrl":"https:\/\/secure.gravatar.com\/avatar\/a545bbb6f84efdd5553dbbc2895e3ca8f1d12c5215e00a041c9670b54aa9b18a?s=96&d=mm&r=g","caption":"MC"},"url":"https:\/\/www.webdo.tn\/fr\/actualite\/author\/mc\/"}]}},"_links":{"self":[{"href":"https:\/\/www.webdo.tn\/fr\/wp-json\/wp\/v2\/posts\/211153","targetHints":{"allow":["GET"]}}],"collection":[{"href":"https:\/\/www.webdo.tn\/fr\/wp-json\/wp\/v2\/posts"}],"about":[{"href":"https:\/\/www.webdo.tn\/fr\/wp-json\/wp\/v2\/types\/post"}],"author":[{"embeddable":true,"href":"https:\/\/www.webdo.tn\/fr\/wp-json\/wp\/v2\/users\/3162"}],"replies":[{"embeddable":true,"href":"https:\/\/www.webdo.tn\/fr\/wp-json\/wp\/v2\/comments?post=211153"}],"version-history":[{"count":0,"href":"https:\/\/www.webdo.tn\/fr\/wp-json\/wp\/v2\/posts\/211153\/revisions"}],"wp:featuredmedia":[{"embeddable":true,"href":"https:\/\/www.webdo.tn\/fr\/wp-json\/wp\/v2\/media\/248400"}],"wp:attachment":[{"href":"https:\/\/www.webdo.tn\/fr\/wp-json\/wp\/v2\/media?parent=211153"}],"wp:term":[{"taxonomy":"category","embeddable":true,"href":"https:\/\/www.webdo.tn\/fr\/wp-json\/wp\/v2\/categories?post=211153"},{"taxonomy":"post_tag","embeddable":true,"href":"https:\/\/www.webdo.tn\/fr\/wp-json\/wp\/v2\/tags?post=211153"}],"curies":[{"name":"wp","href":"https:\/\/api.w.org\/{rel}","templated":true}]}}