{"id":211151,"date":"2023-12-28T14:10:00","date_gmt":"2023-12-28T14:10:00","guid":{"rendered":"https:\/\/www.webdo.tn\/fr\/blog\/tunis-4eme-destination-preferee-des-francais-pour-les-fetes-de-fin-d-annee\/211151\/"},"modified":"2023-12-28T14:10:00","modified_gmt":"2023-12-28T14:10:00","slug":"tunis-4eme-destination-preferee-des-francais-pour-les-fetes-de-fin-d-annee","status":"publish","type":"post","link":"https:\/\/www.webdo.tn\/fr\/actualite\/national\/tunis-4eme-destination-preferee-des-francais-pour-les-fetes-de-fin-d-annee\/211151\/","title":{"rendered":"Tunis, 4\u00e8me destination pr\u00e9f\u00e9r\u00e9e des Fran\u00e7ais pour les f\u00eates de fin d\u2019ann\u00e9e"},"content":{"rendered":"<p>Le voyagiste Opodo a dress\u00e9 le top 10 des destinations les plus r\u00e9serv\u00e9es par les Fran\u00e7ais pour cette fin d&rsquo;ann\u00e9e. Tunis occupe la 4\u00e8me position.<\/p>\n<p>\t\t\t\t\t\t\t\t\tPour les Fran\u00e7ais qui c\u00e9l\u00e9breront les f\u00eates en famille, 66% envisagent de les faire \u00e0 l&rsquo;\u00e9tranger. Si les destinations lointaines et ensoleill\u00e9es font toujours autant r\u00eaver, les r\u00e9servations se sont plut\u00f4t port\u00e9es vers des villes de l\u2019Afrique du Nord (Marrakech et Tunis) \u2013 pour des raisons de proximit\u00e9 et de co\u00fbt \u2013 et sur des capitales europ\u00e9ennes.<\/p>\n<p>Le voyagiste Opodo a dress\u00e9 le top 10 des destinations les plus r\u00e9serv\u00e9es par les Fran\u00e7ais pour cette fin d&rsquo;ann\u00e9e. \u00ab\u00a0Pour leurs vacances de No\u00ebl, les Fran\u00e7ais sont majoritairement toujours \u00e0 la recherche de temp\u00e9ratures douces avec la ville de Marrakech en t\u00eate de classement, et de l\u2019effervescence des capitales europ\u00e9ennes avec Lisbonne, Londres et Paris\u00a0\u00bb, note la plateforme dans son communiqu\u00e9.<\/p>\n<p>Top 10 des destinations les plus r\u00e9serv\u00e9es<\/p>\n<p>\tMarrakech<br \/>\n\tLisbonne<br \/>\n\tLondres<br \/>\n\tTunis<br \/>\n\tPorto<br \/>\n\tParis<br \/>\n\tDakar<br \/>\n\tRome<br \/>\n\tMadrid<br \/>\n\tIstanbul<\/p>\n<p>Des r\u00e9servations qui sont intervenues bien en avance pour 32% des sond\u00e9s, soit trois mois ou plus avant le d\u00e9part, 38% entre deux et trois mois et 30% entre un et deux mois.<\/p>\n<p>Concernant les recherches les plus effectu\u00e9es sur Opodo, mais pas synonymes de r\u00e9servations concr\u00e8tes : des villes plus lointaines et souvent tr\u00e8s ensoleill\u00e9es, qui n\u00e9cessitent n\u00e9anmoins un plus gros budget.<\/p>\n<p>\u00ab\u00a0New York et Londres reviennent en force dans le Top 3 des destinations les plus recherch\u00e9es par les Fran\u00e7ais pour les vacances de No\u00ebl, mais en majorit\u00e9, ce sont les destinations ensoleill\u00e9es qui font r\u00eaver les Fran\u00e7ais, dont Bangkok en deuxi\u00e8me place\u00a0\u00bb, souligne le voyagiste.<\/p>\n","protected":false},"excerpt":{"rendered":"<p>Pour les Fran\u00e7ais qui c\u00e9l\u00e9breront les f\u00eates en famille, 66% envisagent de les faire \u00e0 l&rsquo;\u00e9tranger. Les r\u00e9servations se sont plut\u00f4t port\u00e9es vers des villes de l\u2019A&#8230;<\/p>\n","protected":false},"author":3203,"featured_media":248396,"comment_status":"open","ping_status":"closed","sticky":false,"template":"","format":"standard","meta":{"footnotes":""},"categories":[44],"tags":[3760,3697,4534,2640],"class_list":["post-211151","post","type-post","status-publish","format-standard","has-post-thumbnail","hentry","category-national","tag-destination","tag-francais","tag-nouvel-an","tag-tunis"],"yoast_head":"<!-- This site is optimized with the Yoast SEO Premium plugin v27.5 (Yoast SEO v27.5) - https:\/\/yoast.com\/product\/yoast-seo-premium-wordpress\/ -->\n<title>Tunis, 4\u00e8me destination pr\u00e9f\u00e9r\u00e9e des Fran\u00e7ais pour les f\u00eates de fin d\u2019ann\u00e9e<\/title>\n<meta name=\"description\" content=\"Pour les Fran\u00e7ais qui c\u00e9l\u00e9breront les f\u00eates en famille, 66% envisagent de les faire \u00e0 l&#039;\u00e9tranger. Les r\u00e9servations se sont plut\u00f4t port\u00e9es vers des villes de l\u2019A...\" \/>\n<link rel=\"canonical\" href=\"https:\/\/www.webdo.tn\/fr\/actualite\/national\/tunis-4eme-destination-preferee-des-francais-pour-les-fetes-de-fin-d-annee\/211151\/\" \/>\n<meta property=\"og:locale\" content=\"fr_FR\" \/>\n<meta property=\"og:type\" content=\"article\" \/>\n<meta property=\"og:title\" content=\"Tunis, 4\u00e8me destination pr\u00e9f\u00e9r\u00e9e des Fran\u00e7ais pour les f\u00eates de fin d\u2019ann\u00e9e\" \/>\n<meta property=\"og:description\" content=\"Pour les Fran\u00e7ais qui c\u00e9l\u00e9breront les f\u00eates en famille, 66% envisagent de les faire \u00e0 l&#039;\u00e9tranger. Les r\u00e9servations se sont plut\u00f4t port\u00e9es vers des villes de l\u2019A...\" \/>\n<meta property=\"og:url\" content=\"https:\/\/www.webdo.tn\/fr\/actualite\/national\/tunis-4eme-destination-preferee-des-francais-pour-les-fetes-de-fin-d-annee\/211151\/\" \/>\n<meta property=\"og:site_name\" content=\"webdo\" \/>\n<meta property=\"article:publisher\" content=\"https:\/\/www.facebook.com\/webdotn\" \/>\n<meta property=\"article:published_time\" content=\"2023-12-28T14:10:00+00:00\" \/>\n<meta property=\"og:image\" content=\"https:\/\/www.webdo.tn\/fr\/wp-content\/uploads\/2023\/12\/15e8ce3c677e61ecd56b0523c8d870e6.jpg\" \/>\n\t<meta property=\"og:image:width\" content=\"750\" \/>\n\t<meta property=\"og:image:height\" content=\"400\" \/>\n\t<meta property=\"og:image:type\" content=\"image\/jpeg\" \/>\n<meta name=\"author\" content=\"Ramzi Haddad\" \/>\n<meta name=\"twitter:card\" content=\"summary_large_image\" \/>\n<meta name=\"twitter:creator\" content=\"@webdo_tn\" \/>\n<meta name=\"twitter:site\" content=\"@webdo_tn\" \/>\n<meta name=\"twitter:label1\" content=\"\u00c9crit par\" \/>\n\t<meta name=\"twitter:data1\" content=\"Ramzi Haddad\" \/>\n\t<meta name=\"twitter:label2\" content=\"Dur\u00e9e de lecture estim\u00e9e\" \/>\n\t<meta name=\"twitter:data2\" content=\"2 minutes\" \/>\n<script type=\"application\/ld+json\" class=\"yoast-schema-graph\">{\"@context\":\"https:\\\/\\\/schema.org\",\"@graph\":[{\"@type\":\"NewsArticle\",\"@id\":\"https:\\\/\\\/www.webdo.tn\\\/fr\\\/actualite\\\/national\\\/tunis-4eme-destination-preferee-des-francais-pour-les-fetes-de-fin-d-annee\\\/211151\\\/#article\",\"isPartOf\":{\"@id\":\"https:\\\/\\\/www.webdo.tn\\\/fr\\\/actualite\\\/national\\\/tunis-4eme-destination-preferee-des-francais-pour-les-fetes-de-fin-d-annee\\\/211151\\\/\"},\"author\":{\"name\":\"Ramzi Haddad\",\"@id\":\"https:\\\/\\\/www.webdo.tn\\\/fr\\\/#\\\/schema\\\/person\\\/5663044c25eb36d8f88ba5b653f12f8c\"},\"headline\":\"Tunis, 4\u00e8me destination pr\u00e9f\u00e9r\u00e9e des Fran\u00e7ais pour les f\u00eates de fin d\u2019ann\u00e9e\",\"datePublished\":\"2023-12-28T14:10:00+00:00\",\"mainEntityOfPage\":{\"@id\":\"https:\\\/\\\/www.webdo.tn\\\/fr\\\/actualite\\\/national\\\/tunis-4eme-destination-preferee-des-francais-pour-les-fetes-de-fin-d-annee\\\/211151\\\/\"},\"wordCount\":323,\"commentCount\":0,\"publisher\":{\"@id\":\"https:\\\/\\\/www.webdo.tn\\\/fr\\\/#organization\"},\"image\":{\"@id\":\"https:\\\/\\\/www.webdo.tn\\\/fr\\\/actualite\\\/national\\\/tunis-4eme-destination-preferee-des-francais-pour-les-fetes-de-fin-d-annee\\\/211151\\\/#primaryimage\"},\"thumbnailUrl\":\"https:\\\/\\\/www.webdo.tn\\\/fr\\\/wp-content\\\/uploads\\\/2023\\\/12\\\/15e8ce3c677e61ecd56b0523c8d870e6.jpg\",\"keywords\":[\"destination\",\"fran\u00e7ais\",\"nouvel an\",\"Tunis\"],\"articleSection\":[\"National\"],\"inLanguage\":\"fr-FR\"},{\"@type\":\"WebPage\",\"@id\":\"https:\\\/\\\/www.webdo.tn\\\/fr\\\/actualite\\\/national\\\/tunis-4eme-destination-preferee-des-francais-pour-les-fetes-de-fin-d-annee\\\/211151\\\/\",\"url\":\"https:\\\/\\\/www.webdo.tn\\\/fr\\\/actualite\\\/national\\\/tunis-4eme-destination-preferee-des-francais-pour-les-fetes-de-fin-d-annee\\\/211151\\\/\",\"name\":\"Tunis, 4\u00e8me destination pr\u00e9f\u00e9r\u00e9e des Fran\u00e7ais pour les f\u00eates de fin d\u2019ann\u00e9e\",\"isPartOf\":{\"@id\":\"https:\\\/\\\/www.webdo.tn\\\/fr\\\/#website\"},\"primaryImageOfPage\":{\"@id\":\"https:\\\/\\\/www.webdo.tn\\\/fr\\\/actualite\\\/national\\\/tunis-4eme-destination-preferee-des-francais-pour-les-fetes-de-fin-d-annee\\\/211151\\\/#primaryimage\"},\"image\":{\"@id\":\"https:\\\/\\\/www.webdo.tn\\\/fr\\\/actualite\\\/national\\\/tunis-4eme-destination-preferee-des-francais-pour-les-fetes-de-fin-d-annee\\\/211151\\\/#primaryimage\"},\"thumbnailUrl\":\"https:\\\/\\\/www.webdo.tn\\\/fr\\\/wp-content\\\/uploads\\\/2023\\\/12\\\/15e8ce3c677e61ecd56b0523c8d870e6.jpg\",\"datePublished\":\"2023-12-28T14:10:00+00:00\",\"description\":\"Pour les Fran\u00e7ais qui c\u00e9l\u00e9breront les f\u00eates en famille, 66% envisagent de les faire \u00e0 l'\u00e9tranger. Les r\u00e9servations se sont plut\u00f4t port\u00e9es vers des villes de l\u2019A...\",\"breadcrumb\":{\"@id\":\"https:\\\/\\\/www.webdo.tn\\\/fr\\\/actualite\\\/national\\\/tunis-4eme-destination-preferee-des-francais-pour-les-fetes-de-fin-d-annee\\\/211151\\\/#breadcrumb\"},\"inLanguage\":\"fr-FR\",\"potentialAction\":[{\"@type\":\"ReadAction\",\"target\":[\"https:\\\/\\\/www.webdo.tn\\\/fr\\\/actualite\\\/national\\\/tunis-4eme-destination-preferee-des-francais-pour-les-fetes-de-fin-d-annee\\\/211151\\\/\"]}]},{\"@type\":\"ImageObject\",\"inLanguage\":\"fr-FR\",\"@id\":\"https:\\\/\\\/www.webdo.tn\\\/fr\\\/actualite\\\/national\\\/tunis-4eme-destination-preferee-des-francais-pour-les-fetes-de-fin-d-annee\\\/211151\\\/#primaryimage\",\"url\":\"https:\\\/\\\/www.webdo.tn\\\/fr\\\/wp-content\\\/uploads\\\/2023\\\/12\\\/15e8ce3c677e61ecd56b0523c8d870e6.jpg\",\"contentUrl\":\"https:\\\/\\\/www.webdo.tn\\\/fr\\\/wp-content\\\/uploads\\\/2023\\\/12\\\/15e8ce3c677e61ecd56b0523c8d870e6.jpg\",\"width\":750,\"height\":400,\"caption\":\"Tunis, 4\u00e8me destination pr\u00e9f\u00e9r\u00e9e des Fran\u00e7ais pour les f\u00eates de fin d\u2019ann\u00e9e\"},{\"@type\":\"BreadcrumbList\",\"@id\":\"https:\\\/\\\/www.webdo.tn\\\/fr\\\/actualite\\\/national\\\/tunis-4eme-destination-preferee-des-francais-pour-les-fetes-de-fin-d-annee\\\/211151\\\/#breadcrumb\",\"itemListElement\":[{\"@type\":\"ListItem\",\"position\":1,\"name\":\"Accueil\",\"item\":\"https:\\\/\\\/www.webdo.tn\\\/fr\\\/\"},{\"@type\":\"ListItem\",\"position\":2,\"name\":\"Tunis, 4\u00e8me destination pr\u00e9f\u00e9r\u00e9e des Fran\u00e7ais pour les f\u00eates de fin d\u2019ann\u00e9e\"}]},{\"@type\":\"WebSite\",\"@id\":\"https:\\\/\\\/www.webdo.tn\\\/fr\\\/#website\",\"url\":\"https:\\\/\\\/www.webdo.tn\\\/fr\\\/\",\"name\":\"webdo\",\"description\":\"Tunisie - News en Tunisie et \u00e0 l&#039;international sur Webdo.tn\",\"publisher\":{\"@id\":\"https:\\\/\\\/www.webdo.tn\\\/fr\\\/#organization\"},\"potentialAction\":[{\"@type\":\"SearchAction\",\"target\":{\"@type\":\"EntryPoint\",\"urlTemplate\":\"https:\\\/\\\/www.webdo.tn\\\/fr\\\/?s={search_term_string}\"},\"query-input\":{\"@type\":\"PropertyValueSpecification\",\"valueRequired\":true,\"valueName\":\"search_term_string\"}}],\"inLanguage\":\"fr-FR\"},{\"@type\":\"Organization\",\"@id\":\"https:\\\/\\\/www.webdo.tn\\\/fr\\\/#organization\",\"name\":\"Webdo\",\"alternateName\":\"Webdo.tn\",\"url\":\"https:\\\/\\\/www.webdo.tn\\\/fr\\\/\",\"logo\":{\"@type\":\"ImageObject\",\"inLanguage\":\"fr-FR\",\"@id\":\"https:\\\/\\\/www.webdo.tn\\\/fr\\\/#\\\/schema\\\/logo\\\/image\\\/\",\"url\":\"https:\\\/\\\/www.webdo.tn\\\/fr\\\/wp-content\\\/uploads\\\/2025\\\/06\\\/Webdo-Tunisie_168377.jpg\",\"contentUrl\":\"https:\\\/\\\/www.webdo.tn\\\/fr\\\/wp-content\\\/uploads\\\/2025\\\/06\\\/Webdo-Tunisie_168377.jpg\",\"width\":301,\"height\":301,\"caption\":\"Webdo\"},\"image\":{\"@id\":\"https:\\\/\\\/www.webdo.tn\\\/fr\\\/#\\\/schema\\\/logo\\\/image\\\/\"},\"sameAs\":[\"https:\\\/\\\/www.facebook.com\\\/webdotn\",\"https:\\\/\\\/x.com\\\/webdo_tn\"],\"description\":\"Webdo est un m\u00e9dia num\u00e9rique tunisien fond\u00e9 en 2010, sp\u00e9cialis\u00e9 dans l\u2019actualit\u00e9 nationale et internationale, l\u2019\u00e9conomie, la soci\u00e9t\u00e9 et les analyses politiques. Le site s\u2019adresse \u00e0 un large public francophone et couvre l\u2019information tunisienne en temps r\u00e9el.\",\"email\":\"redac@webdo.tn\",\"legalName\":\"YNJ SARL\",\"foundingDate\":\"2010-09-06\",\"numberOfEmployees\":{\"@type\":\"QuantitativeValue\",\"minValue\":\"11\",\"maxValue\":\"50\"}},{\"@type\":\"Person\",\"@id\":\"https:\\\/\\\/www.webdo.tn\\\/fr\\\/#\\\/schema\\\/person\\\/5663044c25eb36d8f88ba5b653f12f8c\",\"name\":\"Ramzi Haddad\",\"image\":{\"@type\":\"ImageObject\",\"inLanguage\":\"fr-FR\",\"@id\":\"https:\\\/\\\/www.webdo.tn\\\/fr\\\/wp-content\\\/uploads\\\/2026\\\/04\\\/ramzi-haddad_avatar-96x96.jpg\",\"url\":\"https:\\\/\\\/www.webdo.tn\\\/fr\\\/wp-content\\\/uploads\\\/2026\\\/04\\\/ramzi-haddad_avatar-96x96.jpg\",\"contentUrl\":\"https:\\\/\\\/www.webdo.tn\\\/fr\\\/wp-content\\\/uploads\\\/2026\\\/04\\\/ramzi-haddad_avatar-96x96.jpg\",\"caption\":\"Ramzi Haddad\"},\"description\":\"Signature \u00e9ditoriale de Walid Ben Youssef Ramzi Haddad est le pseudonyme \u00e9ditorial de Walid Ben Youssef, fondateur et g\u00e9rant de Webdo.tn. Cette signature est d\u00e9di\u00e9e \u00e0 la couverture de l'actualit\u00e9 nationale et internationale, ainsi qu'aux analyses des dynamiques num\u00e9riques. Ce profil b\u00e9n\u00e9ficie de l'expertise de Walid Ben Youssef, pionnier du web en Tunisie depuis 2000 et dipl\u00f4m\u00e9 en Math\u00e9matiques pures de l'Universit\u00e9 d'Oregon. \u00c0 travers cette signature, la r\u00e9daction de Webdo garantit une information structur\u00e9e et v\u00e9rifi\u00e9e, fid\u00e8le aux standards journalistiques du m\u00e9dia.\",\"url\":\"https:\\\/\\\/www.webdo.tn\\\/fr\\\/actualite\\\/author\\\/ramzi-haddad\\\/\"}]}<\/script>\n<!-- \/ Yoast SEO Premium plugin. -->","yoast_head_json":{"title":"Tunis, 4\u00e8me destination pr\u00e9f\u00e9r\u00e9e des Fran\u00e7ais pour les f\u00eates de fin d\u2019ann\u00e9e","description":"Pour les Fran\u00e7ais qui c\u00e9l\u00e9breront les f\u00eates en famille, 66% envisagent de les faire \u00e0 l'\u00e9tranger. Les r\u00e9servations se sont plut\u00f4t port\u00e9es vers des villes de l\u2019A...","canonical":"https:\/\/www.webdo.tn\/fr\/actualite\/national\/tunis-4eme-destination-preferee-des-francais-pour-les-fetes-de-fin-d-annee\/211151\/","og_locale":"fr_FR","og_type":"article","og_title":"Tunis, 4\u00e8me destination pr\u00e9f\u00e9r\u00e9e des Fran\u00e7ais pour les f\u00eates de fin d\u2019ann\u00e9e","og_description":"Pour les Fran\u00e7ais qui c\u00e9l\u00e9breront les f\u00eates en famille, 66% envisagent de les faire \u00e0 l'\u00e9tranger. Les r\u00e9servations se sont plut\u00f4t port\u00e9es vers des villes de l\u2019A...","og_url":"https:\/\/www.webdo.tn\/fr\/actualite\/national\/tunis-4eme-destination-preferee-des-francais-pour-les-fetes-de-fin-d-annee\/211151\/","og_site_name":"webdo","article_publisher":"https:\/\/www.facebook.com\/webdotn","article_published_time":"2023-12-28T14:10:00+00:00","og_image":[{"width":750,"height":400,"url":"https:\/\/www.webdo.tn\/fr\/wp-content\/uploads\/2023\/12\/15e8ce3c677e61ecd56b0523c8d870e6.jpg","type":"image\/jpeg"}],"author":"Ramzi Haddad","twitter_card":"summary_large_image","twitter_creator":"@webdo_tn","twitter_site":"@webdo_tn","twitter_misc":{"\u00c9crit par":"Ramzi Haddad","Dur\u00e9e de lecture estim\u00e9e":"2 minutes"},"schema":{"@context":"https:\/\/schema.org","@graph":[{"@type":"NewsArticle","@id":"https:\/\/www.webdo.tn\/fr\/actualite\/national\/tunis-4eme-destination-preferee-des-francais-pour-les-fetes-de-fin-d-annee\/211151\/#article","isPartOf":{"@id":"https:\/\/www.webdo.tn\/fr\/actualite\/national\/tunis-4eme-destination-preferee-des-francais-pour-les-fetes-de-fin-d-annee\/211151\/"},"author":{"name":"Ramzi Haddad","@id":"https:\/\/www.webdo.tn\/fr\/#\/schema\/person\/5663044c25eb36d8f88ba5b653f12f8c"},"headline":"Tunis, 4\u00e8me destination pr\u00e9f\u00e9r\u00e9e des Fran\u00e7ais pour les f\u00eates de fin d\u2019ann\u00e9e","datePublished":"2023-12-28T14:10:00+00:00","mainEntityOfPage":{"@id":"https:\/\/www.webdo.tn\/fr\/actualite\/national\/tunis-4eme-destination-preferee-des-francais-pour-les-fetes-de-fin-d-annee\/211151\/"},"wordCount":323,"commentCount":0,"publisher":{"@id":"https:\/\/www.webdo.tn\/fr\/#organization"},"image":{"@id":"https:\/\/www.webdo.tn\/fr\/actualite\/national\/tunis-4eme-destination-preferee-des-francais-pour-les-fetes-de-fin-d-annee\/211151\/#primaryimage"},"thumbnailUrl":"https:\/\/www.webdo.tn\/fr\/wp-content\/uploads\/2023\/12\/15e8ce3c677e61ecd56b0523c8d870e6.jpg","keywords":["destination","fran\u00e7ais","nouvel an","Tunis"],"articleSection":["National"],"inLanguage":"fr-FR"},{"@type":"WebPage","@id":"https:\/\/www.webdo.tn\/fr\/actualite\/national\/tunis-4eme-destination-preferee-des-francais-pour-les-fetes-de-fin-d-annee\/211151\/","url":"https:\/\/www.webdo.tn\/fr\/actualite\/national\/tunis-4eme-destination-preferee-des-francais-pour-les-fetes-de-fin-d-annee\/211151\/","name":"Tunis, 4\u00e8me destination pr\u00e9f\u00e9r\u00e9e des Fran\u00e7ais pour les f\u00eates de fin d\u2019ann\u00e9e","isPartOf":{"@id":"https:\/\/www.webdo.tn\/fr\/#website"},"primaryImageOfPage":{"@id":"https:\/\/www.webdo.tn\/fr\/actualite\/national\/tunis-4eme-destination-preferee-des-francais-pour-les-fetes-de-fin-d-annee\/211151\/#primaryimage"},"image":{"@id":"https:\/\/www.webdo.tn\/fr\/actualite\/national\/tunis-4eme-destination-preferee-des-francais-pour-les-fetes-de-fin-d-annee\/211151\/#primaryimage"},"thumbnailUrl":"https:\/\/www.webdo.tn\/fr\/wp-content\/uploads\/2023\/12\/15e8ce3c677e61ecd56b0523c8d870e6.jpg","datePublished":"2023-12-28T14:10:00+00:00","description":"Pour les Fran\u00e7ais qui c\u00e9l\u00e9breront les f\u00eates en famille, 66% envisagent de les faire \u00e0 l'\u00e9tranger. Les r\u00e9servations se sont plut\u00f4t port\u00e9es vers des villes de l\u2019A...","breadcrumb":{"@id":"https:\/\/www.webdo.tn\/fr\/actualite\/national\/tunis-4eme-destination-preferee-des-francais-pour-les-fetes-de-fin-d-annee\/211151\/#breadcrumb"},"inLanguage":"fr-FR","potentialAction":[{"@type":"ReadAction","target":["https:\/\/www.webdo.tn\/fr\/actualite\/national\/tunis-4eme-destination-preferee-des-francais-pour-les-fetes-de-fin-d-annee\/211151\/"]}]},{"@type":"ImageObject","inLanguage":"fr-FR","@id":"https:\/\/www.webdo.tn\/fr\/actualite\/national\/tunis-4eme-destination-preferee-des-francais-pour-les-fetes-de-fin-d-annee\/211151\/#primaryimage","url":"https:\/\/www.webdo.tn\/fr\/wp-content\/uploads\/2023\/12\/15e8ce3c677e61ecd56b0523c8d870e6.jpg","contentUrl":"https:\/\/www.webdo.tn\/fr\/wp-content\/uploads\/2023\/12\/15e8ce3c677e61ecd56b0523c8d870e6.jpg","width":750,"height":400,"caption":"Tunis, 4\u00e8me destination pr\u00e9f\u00e9r\u00e9e des Fran\u00e7ais pour les f\u00eates de fin d\u2019ann\u00e9e"},{"@type":"BreadcrumbList","@id":"https:\/\/www.webdo.tn\/fr\/actualite\/national\/tunis-4eme-destination-preferee-des-francais-pour-les-fetes-de-fin-d-annee\/211151\/#breadcrumb","itemListElement":[{"@type":"ListItem","position":1,"name":"Accueil","item":"https:\/\/www.webdo.tn\/fr\/"},{"@type":"ListItem","position":2,"name":"Tunis, 4\u00e8me destination pr\u00e9f\u00e9r\u00e9e des Fran\u00e7ais pour les f\u00eates de fin d\u2019ann\u00e9e"}]},{"@type":"WebSite","@id":"https:\/\/www.webdo.tn\/fr\/#website","url":"https:\/\/www.webdo.tn\/fr\/","name":"webdo","description":"Tunisie - News en Tunisie et \u00e0 l&#039;international sur Webdo.tn","publisher":{"@id":"https:\/\/www.webdo.tn\/fr\/#organization"},"potentialAction":[{"@type":"SearchAction","target":{"@type":"EntryPoint","urlTemplate":"https:\/\/www.webdo.tn\/fr\/?s={search_term_string}"},"query-input":{"@type":"PropertyValueSpecification","valueRequired":true,"valueName":"search_term_string"}}],"inLanguage":"fr-FR"},{"@type":"Organization","@id":"https:\/\/www.webdo.tn\/fr\/#organization","name":"Webdo","alternateName":"Webdo.tn","url":"https:\/\/www.webdo.tn\/fr\/","logo":{"@type":"ImageObject","inLanguage":"fr-FR","@id":"https:\/\/www.webdo.tn\/fr\/#\/schema\/logo\/image\/","url":"https:\/\/www.webdo.tn\/fr\/wp-content\/uploads\/2025\/06\/Webdo-Tunisie_168377.jpg","contentUrl":"https:\/\/www.webdo.tn\/fr\/wp-content\/uploads\/2025\/06\/Webdo-Tunisie_168377.jpg","width":301,"height":301,"caption":"Webdo"},"image":{"@id":"https:\/\/www.webdo.tn\/fr\/#\/schema\/logo\/image\/"},"sameAs":["https:\/\/www.facebook.com\/webdotn","https:\/\/x.com\/webdo_tn"],"description":"Webdo est un m\u00e9dia num\u00e9rique tunisien fond\u00e9 en 2010, sp\u00e9cialis\u00e9 dans l\u2019actualit\u00e9 nationale et internationale, l\u2019\u00e9conomie, la soci\u00e9t\u00e9 et les analyses politiques. Le site s\u2019adresse \u00e0 un large public francophone et couvre l\u2019information tunisienne en temps r\u00e9el.","email":"redac@webdo.tn","legalName":"YNJ SARL","foundingDate":"2010-09-06","numberOfEmployees":{"@type":"QuantitativeValue","minValue":"11","maxValue":"50"}},{"@type":"Person","@id":"https:\/\/www.webdo.tn\/fr\/#\/schema\/person\/5663044c25eb36d8f88ba5b653f12f8c","name":"Ramzi Haddad","image":{"@type":"ImageObject","inLanguage":"fr-FR","@id":"https:\/\/www.webdo.tn\/fr\/wp-content\/uploads\/2026\/04\/ramzi-haddad_avatar-96x96.jpg","url":"https:\/\/www.webdo.tn\/fr\/wp-content\/uploads\/2026\/04\/ramzi-haddad_avatar-96x96.jpg","contentUrl":"https:\/\/www.webdo.tn\/fr\/wp-content\/uploads\/2026\/04\/ramzi-haddad_avatar-96x96.jpg","caption":"Ramzi Haddad"},"description":"Signature \u00e9ditoriale de Walid Ben Youssef Ramzi Haddad est le pseudonyme \u00e9ditorial de Walid Ben Youssef, fondateur et g\u00e9rant de Webdo.tn. Cette signature est d\u00e9di\u00e9e \u00e0 la couverture de l'actualit\u00e9 nationale et internationale, ainsi qu'aux analyses des dynamiques num\u00e9riques. Ce profil b\u00e9n\u00e9ficie de l'expertise de Walid Ben Youssef, pionnier du web en Tunisie depuis 2000 et dipl\u00f4m\u00e9 en Math\u00e9matiques pures de l'Universit\u00e9 d'Oregon. \u00c0 travers cette signature, la r\u00e9daction de Webdo garantit une information structur\u00e9e et v\u00e9rifi\u00e9e, fid\u00e8le aux standards journalistiques du m\u00e9dia.","url":"https:\/\/www.webdo.tn\/fr\/actualite\/author\/ramzi-haddad\/"}]}},"_links":{"self":[{"href":"https:\/\/www.webdo.tn\/fr\/wp-json\/wp\/v2\/posts\/211151","targetHints":{"allow":["GET"]}}],"collection":[{"href":"https:\/\/www.webdo.tn\/fr\/wp-json\/wp\/v2\/posts"}],"about":[{"href":"https:\/\/www.webdo.tn\/fr\/wp-json\/wp\/v2\/types\/post"}],"author":[{"embeddable":true,"href":"https:\/\/www.webdo.tn\/fr\/wp-json\/wp\/v2\/users\/3203"}],"replies":[{"embeddable":true,"href":"https:\/\/www.webdo.tn\/fr\/wp-json\/wp\/v2\/comments?post=211151"}],"version-history":[{"count":0,"href":"https:\/\/www.webdo.tn\/fr\/wp-json\/wp\/v2\/posts\/211151\/revisions"}],"wp:featuredmedia":[{"embeddable":true,"href":"https:\/\/www.webdo.tn\/fr\/wp-json\/wp\/v2\/media\/248396"}],"wp:attachment":[{"href":"https:\/\/www.webdo.tn\/fr\/wp-json\/wp\/v2\/media?parent=211151"}],"wp:term":[{"taxonomy":"category","embeddable":true,"href":"https:\/\/www.webdo.tn\/fr\/wp-json\/wp\/v2\/categories?post=211151"},{"taxonomy":"post_tag","embeddable":true,"href":"https:\/\/www.webdo.tn\/fr\/wp-json\/wp\/v2\/tags?post=211151"}],"curies":[{"name":"wp","href":"https:\/\/api.w.org\/{rel}","templated":true}]}}