{"id":211130,"date":"2023-12-27T20:30:00","date_gmt":"2023-12-27T20:30:00","guid":{"rendered":"https:\/\/www.webdo.tn\/fr\/blog\/pharmacies-cnam-la-convention-prolongee-d-une-annee\/211130\/"},"modified":"2025-05-20T22:55:43","modified_gmt":"2025-05-20T22:55:43","slug":"pharmacies-cnam-la-convention-prolongee-d-une-annee","status":"publish","type":"post","link":"https:\/\/www.webdo.tn\/fr\/actualite\/national\/pharmacies-cnam-la-convention-prolongee-d-une-annee\/211130\/","title":{"rendered":"Pharmacies &#8211; CNAM : La convention prolong\u00e9e d&rsquo;une ann\u00e9e"},"content":{"rendered":"<p>La convention sectorielle entre le syndicat tunisien des propri\u00e9taires de pharmacies priv\u00e9s et la caisse nationale d&rsquo;assurance maladies (CNAM), qui prend fin le 31 d\u00e9cembre 2023, a \u00e9t\u00e9 renouvel\u00e9e<\/p>\n<p>\t\t\t\t\t\t\t\t\tLe syndicat tunisien des propri\u00e9taires des pharmacies priv\u00e9es et la CNAM ont sign\u00e9 un accord, ce mercredi pour la prolongation de la convention sectorielle entre les deux parties.<\/p>\n<p>En vertu de cet accord, la convention sectorielle sera prolong\u00e9e pour une p\u00e9riode d&rsquo;une ann\u00e9e \u00e0 partir du 1er janvier 2024 jusqu&rsquo;au mois de d\u00e9cembre 2024, selon le syndicat tunisien des propri\u00e9taires des pharmacies priv\u00e9es.<\/p>\n<p>Le syndicat tunisien des propri\u00e9taires de pharmacies avait soulign\u00e9, dans un communiqu\u00e9 rendu public le 19 d\u00e9cembre, son ouverture au dialogue avec les directions de la CNAM pour \u00ab\u00a0trouver une solution permettant d&rsquo;assurer le droit des citoyens aux soins et de pr\u00e9server le droit des pharmaciens \u00e0 accomplir leurs\u00a0r\u00f4les dans les meilleures conditions\u00a0\u00bb.<\/p>\n","protected":false},"excerpt":{"rendered":"<p>La convention sectorielle entre le syndicat tunisien des propri\u00e9taires de pharmacies priv\u00e9s et la CNAM a \u00e9t\u00e9 renouvel\u00e9e d&rsquo;une ann\u00e9e<\/p>\n","protected":false},"author":3182,"featured_media":248386,"comment_status":"open","ping_status":"closed","sticky":false,"template":"","format":"standard","meta":{"footnotes":""},"categories":[44],"tags":[4588,4590,4589,3841],"class_list":["post-211130","post","type-post","status-publish","format-standard","has-post-thumbnail","hentry","category-national","tag-cnam","tag-convention","tag-pharmacies","tag-prolongation"],"yoast_head":"<!-- This site is optimized with the Yoast SEO Premium plugin v27.4 (Yoast SEO v27.5) - https:\/\/yoast.com\/product\/yoast-seo-premium-wordpress\/ -->\n<title>Pharmacies - CNAM : La convention prolong\u00e9e d&#039;une ann\u00e9e<\/title>\n<meta name=\"description\" content=\"La convention sectorielle entre le syndicat tunisien des propri\u00e9taires de pharmacies priv\u00e9s et la CNAM a \u00e9t\u00e9 renouvel\u00e9e d&#039;une ann\u00e9e\" \/>\n<link rel=\"canonical\" href=\"https:\/\/www.webdo.tn\/fr\/actualite\/national\/pharmacies-cnam-la-convention-prolongee-d-une-annee\/211130\/\" \/>\n<meta property=\"og:locale\" content=\"fr_FR\" \/>\n<meta property=\"og:type\" content=\"article\" \/>\n<meta property=\"og:title\" content=\"Pharmacies - CNAM : La convention prolong\u00e9e d&#039;une ann\u00e9e\" \/>\n<meta property=\"og:description\" content=\"La convention sectorielle entre le syndicat tunisien des propri\u00e9taires de pharmacies priv\u00e9s et la CNAM a \u00e9t\u00e9 renouvel\u00e9e d&#039;une ann\u00e9e\" \/>\n<meta property=\"og:url\" content=\"https:\/\/www.webdo.tn\/fr\/actualite\/national\/pharmacies-cnam-la-convention-prolongee-d-une-annee\/211130\/\" \/>\n<meta property=\"og:site_name\" content=\"webdo\" \/>\n<meta property=\"article:publisher\" content=\"https:\/\/www.facebook.com\/webdotn\" \/>\n<meta property=\"article:published_time\" content=\"2023-12-27T20:30:00+00:00\" \/>\n<meta property=\"article:modified_time\" content=\"2025-05-20T22:55:43+00:00\" \/>\n<meta property=\"og:image\" content=\"https:\/\/www.webdo.tn\/fr\/wp-content\/uploads\/2023\/12\/94cb83888ee8f3a260644931b67f003e.webp\" \/>\n\t<meta property=\"og:image:width\" content=\"620\" \/>\n\t<meta property=\"og:image:height\" content=\"331\" \/>\n\t<meta property=\"og:image:type\" content=\"image\/webp\" \/>\n<meta name=\"author\" content=\"WB\" \/>\n<meta name=\"twitter:card\" content=\"summary_large_image\" \/>\n<meta name=\"twitter:creator\" content=\"@webdo_tn\" \/>\n<meta name=\"twitter:site\" content=\"@webdo_tn\" \/>\n<meta name=\"twitter:label1\" content=\"\u00c9crit par\" \/>\n\t<meta name=\"twitter:data1\" content=\"WB\" \/>\n\t<meta name=\"twitter:label2\" content=\"Dur\u00e9e de lecture estim\u00e9e\" \/>\n\t<meta name=\"twitter:data2\" content=\"1 minute\" \/>\n<script type=\"application\/ld+json\" class=\"yoast-schema-graph\">{\"@context\":\"https:\\\/\\\/schema.org\",\"@graph\":[{\"@type\":\"NewsArticle\",\"@id\":\"https:\\\/\\\/www.webdo.tn\\\/fr\\\/actualite\\\/national\\\/pharmacies-cnam-la-convention-prolongee-d-une-annee\\\/211130\\\/#article\",\"isPartOf\":{\"@id\":\"https:\\\/\\\/www.webdo.tn\\\/fr\\\/actualite\\\/national\\\/pharmacies-cnam-la-convention-prolongee-d-une-annee\\\/211130\\\/\"},\"author\":{\"name\":\"WB\",\"@id\":\"https:\\\/\\\/www.webdo.tn\\\/fr\\\/#\\\/schema\\\/person\\\/f16bf91e3b3c6347371884777659f9d8\"},\"headline\":\"Pharmacies &#8211; CNAM : La convention prolong\u00e9e d&rsquo;une ann\u00e9e\",\"datePublished\":\"2023-12-27T20:30:00+00:00\",\"dateModified\":\"2025-05-20T22:55:43+00:00\",\"mainEntityOfPage\":{\"@id\":\"https:\\\/\\\/www.webdo.tn\\\/fr\\\/actualite\\\/national\\\/pharmacies-cnam-la-convention-prolongee-d-une-annee\\\/211130\\\/\"},\"wordCount\":170,\"commentCount\":0,\"publisher\":{\"@id\":\"https:\\\/\\\/www.webdo.tn\\\/fr\\\/#organization\"},\"image\":{\"@id\":\"https:\\\/\\\/www.webdo.tn\\\/fr\\\/actualite\\\/national\\\/pharmacies-cnam-la-convention-prolongee-d-une-annee\\\/211130\\\/#primaryimage\"},\"thumbnailUrl\":\"https:\\\/\\\/www.webdo.tn\\\/fr\\\/wp-content\\\/uploads\\\/2023\\\/12\\\/94cb83888ee8f3a260644931b67f003e.webp\",\"keywords\":[\"CNAM\",\"convention\",\"pharmacies\",\"Prolongation\"],\"articleSection\":[\"National\"],\"inLanguage\":\"fr-FR\"},{\"@type\":\"WebPage\",\"@id\":\"https:\\\/\\\/www.webdo.tn\\\/fr\\\/actualite\\\/national\\\/pharmacies-cnam-la-convention-prolongee-d-une-annee\\\/211130\\\/\",\"url\":\"https:\\\/\\\/www.webdo.tn\\\/fr\\\/actualite\\\/national\\\/pharmacies-cnam-la-convention-prolongee-d-une-annee\\\/211130\\\/\",\"name\":\"Pharmacies - CNAM : La convention prolong\u00e9e d'une ann\u00e9e\",\"isPartOf\":{\"@id\":\"https:\\\/\\\/www.webdo.tn\\\/fr\\\/#website\"},\"primaryImageOfPage\":{\"@id\":\"https:\\\/\\\/www.webdo.tn\\\/fr\\\/actualite\\\/national\\\/pharmacies-cnam-la-convention-prolongee-d-une-annee\\\/211130\\\/#primaryimage\"},\"image\":{\"@id\":\"https:\\\/\\\/www.webdo.tn\\\/fr\\\/actualite\\\/national\\\/pharmacies-cnam-la-convention-prolongee-d-une-annee\\\/211130\\\/#primaryimage\"},\"thumbnailUrl\":\"https:\\\/\\\/www.webdo.tn\\\/fr\\\/wp-content\\\/uploads\\\/2023\\\/12\\\/94cb83888ee8f3a260644931b67f003e.webp\",\"datePublished\":\"2023-12-27T20:30:00+00:00\",\"dateModified\":\"2025-05-20T22:55:43+00:00\",\"description\":\"La convention sectorielle entre le syndicat tunisien des propri\u00e9taires de pharmacies priv\u00e9s et la CNAM a \u00e9t\u00e9 renouvel\u00e9e d'une ann\u00e9e\",\"breadcrumb\":{\"@id\":\"https:\\\/\\\/www.webdo.tn\\\/fr\\\/actualite\\\/national\\\/pharmacies-cnam-la-convention-prolongee-d-une-annee\\\/211130\\\/#breadcrumb\"},\"inLanguage\":\"fr-FR\",\"potentialAction\":[{\"@type\":\"ReadAction\",\"target\":[\"https:\\\/\\\/www.webdo.tn\\\/fr\\\/actualite\\\/national\\\/pharmacies-cnam-la-convention-prolongee-d-une-annee\\\/211130\\\/\"]}]},{\"@type\":\"ImageObject\",\"inLanguage\":\"fr-FR\",\"@id\":\"https:\\\/\\\/www.webdo.tn\\\/fr\\\/actualite\\\/national\\\/pharmacies-cnam-la-convention-prolongee-d-une-annee\\\/211130\\\/#primaryimage\",\"url\":\"https:\\\/\\\/www.webdo.tn\\\/fr\\\/wp-content\\\/uploads\\\/2023\\\/12\\\/94cb83888ee8f3a260644931b67f003e.webp\",\"contentUrl\":\"https:\\\/\\\/www.webdo.tn\\\/fr\\\/wp-content\\\/uploads\\\/2023\\\/12\\\/94cb83888ee8f3a260644931b67f003e.webp\",\"width\":620,\"height\":331,\"caption\":\"CNAM\"},{\"@type\":\"BreadcrumbList\",\"@id\":\"https:\\\/\\\/www.webdo.tn\\\/fr\\\/actualite\\\/national\\\/pharmacies-cnam-la-convention-prolongee-d-une-annee\\\/211130\\\/#breadcrumb\",\"itemListElement\":[{\"@type\":\"ListItem\",\"position\":1,\"name\":\"Accueil\",\"item\":\"https:\\\/\\\/www.webdo.tn\\\/fr\\\/\"},{\"@type\":\"ListItem\",\"position\":2,\"name\":\"Pharmacies &#8211; CNAM : La convention prolong\u00e9e d&#8217;une ann\u00e9e\"}]},{\"@type\":\"WebSite\",\"@id\":\"https:\\\/\\\/www.webdo.tn\\\/fr\\\/#website\",\"url\":\"https:\\\/\\\/www.webdo.tn\\\/fr\\\/\",\"name\":\"webdo\",\"description\":\"Tunisie - News en Tunisie et \u00e0 l&#039;international sur Webdo.tn\",\"publisher\":{\"@id\":\"https:\\\/\\\/www.webdo.tn\\\/fr\\\/#organization\"},\"potentialAction\":[{\"@type\":\"SearchAction\",\"target\":{\"@type\":\"EntryPoint\",\"urlTemplate\":\"https:\\\/\\\/www.webdo.tn\\\/fr\\\/?s={search_term_string}\"},\"query-input\":{\"@type\":\"PropertyValueSpecification\",\"valueRequired\":true,\"valueName\":\"search_term_string\"}}],\"inLanguage\":\"fr-FR\"},{\"@type\":\"Organization\",\"@id\":\"https:\\\/\\\/www.webdo.tn\\\/fr\\\/#organization\",\"name\":\"Webdo\",\"alternateName\":\"Webdo.tn\",\"url\":\"https:\\\/\\\/www.webdo.tn\\\/fr\\\/\",\"logo\":{\"@type\":\"ImageObject\",\"inLanguage\":\"fr-FR\",\"@id\":\"https:\\\/\\\/www.webdo.tn\\\/fr\\\/#\\\/schema\\\/logo\\\/image\\\/\",\"url\":\"https:\\\/\\\/www.webdo.tn\\\/fr\\\/wp-content\\\/uploads\\\/2025\\\/06\\\/Webdo-Tunisie_168377.jpg\",\"contentUrl\":\"https:\\\/\\\/www.webdo.tn\\\/fr\\\/wp-content\\\/uploads\\\/2025\\\/06\\\/Webdo-Tunisie_168377.jpg\",\"width\":301,\"height\":301,\"caption\":\"Webdo\"},\"image\":{\"@id\":\"https:\\\/\\\/www.webdo.tn\\\/fr\\\/#\\\/schema\\\/logo\\\/image\\\/\"},\"sameAs\":[\"https:\\\/\\\/www.facebook.com\\\/webdotn\",\"https:\\\/\\\/x.com\\\/webdo_tn\"],\"description\":\"Webdo est un m\u00e9dia num\u00e9rique tunisien fond\u00e9 en 2010, sp\u00e9cialis\u00e9 dans l\u2019actualit\u00e9 nationale et internationale, l\u2019\u00e9conomie, la soci\u00e9t\u00e9 et les analyses politiques. Le site s\u2019adresse \u00e0 un large public francophone et couvre l\u2019information tunisienne en temps r\u00e9el.\",\"email\":\"redac@webdo.tn\",\"legalName\":\"YNJ SARL\",\"foundingDate\":\"2010-09-06\",\"numberOfEmployees\":{\"@type\":\"QuantitativeValue\",\"minValue\":\"11\",\"maxValue\":\"50\"}},{\"@type\":\"Person\",\"@id\":\"https:\\\/\\\/www.webdo.tn\\\/fr\\\/#\\\/schema\\\/person\\\/f16bf91e3b3c6347371884777659f9d8\",\"name\":\"WB\",\"image\":{\"@type\":\"ImageObject\",\"inLanguage\":\"fr-FR\",\"@id\":\"https:\\\/\\\/secure.gravatar.com\\\/avatar\\\/fd3caf00dbfd4b6d6ce43e8ea4748ed2e4d0fae2c3a87c1e2f6ba0a54c3ab5cb?s=96&d=mm&r=g\",\"url\":\"https:\\\/\\\/secure.gravatar.com\\\/avatar\\\/fd3caf00dbfd4b6d6ce43e8ea4748ed2e4d0fae2c3a87c1e2f6ba0a54c3ab5cb?s=96&d=mm&r=g\",\"contentUrl\":\"https:\\\/\\\/secure.gravatar.com\\\/avatar\\\/fd3caf00dbfd4b6d6ce43e8ea4748ed2e4d0fae2c3a87c1e2f6ba0a54c3ab5cb?s=96&d=mm&r=g\",\"caption\":\"WB\"},\"url\":\"https:\\\/\\\/www.webdo.tn\\\/fr\\\/actualite\\\/author\\\/wb\\\/\"}]}<\/script>\n<!-- \/ Yoast SEO Premium plugin. -->","yoast_head_json":{"title":"Pharmacies - CNAM : La convention prolong\u00e9e d'une ann\u00e9e","description":"La convention sectorielle entre le syndicat tunisien des propri\u00e9taires de pharmacies priv\u00e9s et la CNAM a \u00e9t\u00e9 renouvel\u00e9e d'une ann\u00e9e","canonical":"https:\/\/www.webdo.tn\/fr\/actualite\/national\/pharmacies-cnam-la-convention-prolongee-d-une-annee\/211130\/","og_locale":"fr_FR","og_type":"article","og_title":"Pharmacies - CNAM : La convention prolong\u00e9e d'une ann\u00e9e","og_description":"La convention sectorielle entre le syndicat tunisien des propri\u00e9taires de pharmacies priv\u00e9s et la CNAM a \u00e9t\u00e9 renouvel\u00e9e d'une ann\u00e9e","og_url":"https:\/\/www.webdo.tn\/fr\/actualite\/national\/pharmacies-cnam-la-convention-prolongee-d-une-annee\/211130\/","og_site_name":"webdo","article_publisher":"https:\/\/www.facebook.com\/webdotn","article_published_time":"2023-12-27T20:30:00+00:00","article_modified_time":"2025-05-20T22:55:43+00:00","og_image":[{"width":620,"height":331,"url":"https:\/\/www.webdo.tn\/fr\/wp-content\/uploads\/2023\/12\/94cb83888ee8f3a260644931b67f003e.webp","type":"image\/webp"}],"author":"WB","twitter_card":"summary_large_image","twitter_creator":"@webdo_tn","twitter_site":"@webdo_tn","twitter_misc":{"\u00c9crit par":"WB","Dur\u00e9e de lecture estim\u00e9e":"1 minute"},"schema":{"@context":"https:\/\/schema.org","@graph":[{"@type":"NewsArticle","@id":"https:\/\/www.webdo.tn\/fr\/actualite\/national\/pharmacies-cnam-la-convention-prolongee-d-une-annee\/211130\/#article","isPartOf":{"@id":"https:\/\/www.webdo.tn\/fr\/actualite\/national\/pharmacies-cnam-la-convention-prolongee-d-une-annee\/211130\/"},"author":{"name":"WB","@id":"https:\/\/www.webdo.tn\/fr\/#\/schema\/person\/f16bf91e3b3c6347371884777659f9d8"},"headline":"Pharmacies &#8211; CNAM : La convention prolong\u00e9e d&rsquo;une ann\u00e9e","datePublished":"2023-12-27T20:30:00+00:00","dateModified":"2025-05-20T22:55:43+00:00","mainEntityOfPage":{"@id":"https:\/\/www.webdo.tn\/fr\/actualite\/national\/pharmacies-cnam-la-convention-prolongee-d-une-annee\/211130\/"},"wordCount":170,"commentCount":0,"publisher":{"@id":"https:\/\/www.webdo.tn\/fr\/#organization"},"image":{"@id":"https:\/\/www.webdo.tn\/fr\/actualite\/national\/pharmacies-cnam-la-convention-prolongee-d-une-annee\/211130\/#primaryimage"},"thumbnailUrl":"https:\/\/www.webdo.tn\/fr\/wp-content\/uploads\/2023\/12\/94cb83888ee8f3a260644931b67f003e.webp","keywords":["CNAM","convention","pharmacies","Prolongation"],"articleSection":["National"],"inLanguage":"fr-FR"},{"@type":"WebPage","@id":"https:\/\/www.webdo.tn\/fr\/actualite\/national\/pharmacies-cnam-la-convention-prolongee-d-une-annee\/211130\/","url":"https:\/\/www.webdo.tn\/fr\/actualite\/national\/pharmacies-cnam-la-convention-prolongee-d-une-annee\/211130\/","name":"Pharmacies - CNAM : La convention prolong\u00e9e d'une ann\u00e9e","isPartOf":{"@id":"https:\/\/www.webdo.tn\/fr\/#website"},"primaryImageOfPage":{"@id":"https:\/\/www.webdo.tn\/fr\/actualite\/national\/pharmacies-cnam-la-convention-prolongee-d-une-annee\/211130\/#primaryimage"},"image":{"@id":"https:\/\/www.webdo.tn\/fr\/actualite\/national\/pharmacies-cnam-la-convention-prolongee-d-une-annee\/211130\/#primaryimage"},"thumbnailUrl":"https:\/\/www.webdo.tn\/fr\/wp-content\/uploads\/2023\/12\/94cb83888ee8f3a260644931b67f003e.webp","datePublished":"2023-12-27T20:30:00+00:00","dateModified":"2025-05-20T22:55:43+00:00","description":"La convention sectorielle entre le syndicat tunisien des propri\u00e9taires de pharmacies priv\u00e9s et la CNAM a \u00e9t\u00e9 renouvel\u00e9e d'une ann\u00e9e","breadcrumb":{"@id":"https:\/\/www.webdo.tn\/fr\/actualite\/national\/pharmacies-cnam-la-convention-prolongee-d-une-annee\/211130\/#breadcrumb"},"inLanguage":"fr-FR","potentialAction":[{"@type":"ReadAction","target":["https:\/\/www.webdo.tn\/fr\/actualite\/national\/pharmacies-cnam-la-convention-prolongee-d-une-annee\/211130\/"]}]},{"@type":"ImageObject","inLanguage":"fr-FR","@id":"https:\/\/www.webdo.tn\/fr\/actualite\/national\/pharmacies-cnam-la-convention-prolongee-d-une-annee\/211130\/#primaryimage","url":"https:\/\/www.webdo.tn\/fr\/wp-content\/uploads\/2023\/12\/94cb83888ee8f3a260644931b67f003e.webp","contentUrl":"https:\/\/www.webdo.tn\/fr\/wp-content\/uploads\/2023\/12\/94cb83888ee8f3a260644931b67f003e.webp","width":620,"height":331,"caption":"CNAM"},{"@type":"BreadcrumbList","@id":"https:\/\/www.webdo.tn\/fr\/actualite\/national\/pharmacies-cnam-la-convention-prolongee-d-une-annee\/211130\/#breadcrumb","itemListElement":[{"@type":"ListItem","position":1,"name":"Accueil","item":"https:\/\/www.webdo.tn\/fr\/"},{"@type":"ListItem","position":2,"name":"Pharmacies &#8211; CNAM : La convention prolong\u00e9e d&#8217;une ann\u00e9e"}]},{"@type":"WebSite","@id":"https:\/\/www.webdo.tn\/fr\/#website","url":"https:\/\/www.webdo.tn\/fr\/","name":"webdo","description":"Tunisie - News en Tunisie et \u00e0 l&#039;international sur Webdo.tn","publisher":{"@id":"https:\/\/www.webdo.tn\/fr\/#organization"},"potentialAction":[{"@type":"SearchAction","target":{"@type":"EntryPoint","urlTemplate":"https:\/\/www.webdo.tn\/fr\/?s={search_term_string}"},"query-input":{"@type":"PropertyValueSpecification","valueRequired":true,"valueName":"search_term_string"}}],"inLanguage":"fr-FR"},{"@type":"Organization","@id":"https:\/\/www.webdo.tn\/fr\/#organization","name":"Webdo","alternateName":"Webdo.tn","url":"https:\/\/www.webdo.tn\/fr\/","logo":{"@type":"ImageObject","inLanguage":"fr-FR","@id":"https:\/\/www.webdo.tn\/fr\/#\/schema\/logo\/image\/","url":"https:\/\/www.webdo.tn\/fr\/wp-content\/uploads\/2025\/06\/Webdo-Tunisie_168377.jpg","contentUrl":"https:\/\/www.webdo.tn\/fr\/wp-content\/uploads\/2025\/06\/Webdo-Tunisie_168377.jpg","width":301,"height":301,"caption":"Webdo"},"image":{"@id":"https:\/\/www.webdo.tn\/fr\/#\/schema\/logo\/image\/"},"sameAs":["https:\/\/www.facebook.com\/webdotn","https:\/\/x.com\/webdo_tn"],"description":"Webdo est un m\u00e9dia num\u00e9rique tunisien fond\u00e9 en 2010, sp\u00e9cialis\u00e9 dans l\u2019actualit\u00e9 nationale et internationale, l\u2019\u00e9conomie, la soci\u00e9t\u00e9 et les analyses politiques. Le site s\u2019adresse \u00e0 un large public francophone et couvre l\u2019information tunisienne en temps r\u00e9el.","email":"redac@webdo.tn","legalName":"YNJ SARL","foundingDate":"2010-09-06","numberOfEmployees":{"@type":"QuantitativeValue","minValue":"11","maxValue":"50"}},{"@type":"Person","@id":"https:\/\/www.webdo.tn\/fr\/#\/schema\/person\/f16bf91e3b3c6347371884777659f9d8","name":"WB","image":{"@type":"ImageObject","inLanguage":"fr-FR","@id":"https:\/\/secure.gravatar.com\/avatar\/fd3caf00dbfd4b6d6ce43e8ea4748ed2e4d0fae2c3a87c1e2f6ba0a54c3ab5cb?s=96&d=mm&r=g","url":"https:\/\/secure.gravatar.com\/avatar\/fd3caf00dbfd4b6d6ce43e8ea4748ed2e4d0fae2c3a87c1e2f6ba0a54c3ab5cb?s=96&d=mm&r=g","contentUrl":"https:\/\/secure.gravatar.com\/avatar\/fd3caf00dbfd4b6d6ce43e8ea4748ed2e4d0fae2c3a87c1e2f6ba0a54c3ab5cb?s=96&d=mm&r=g","caption":"WB"},"url":"https:\/\/www.webdo.tn\/fr\/actualite\/author\/wb\/"}]}},"_links":{"self":[{"href":"https:\/\/www.webdo.tn\/fr\/wp-json\/wp\/v2\/posts\/211130","targetHints":{"allow":["GET"]}}],"collection":[{"href":"https:\/\/www.webdo.tn\/fr\/wp-json\/wp\/v2\/posts"}],"about":[{"href":"https:\/\/www.webdo.tn\/fr\/wp-json\/wp\/v2\/types\/post"}],"author":[{"embeddable":true,"href":"https:\/\/www.webdo.tn\/fr\/wp-json\/wp\/v2\/users\/3182"}],"replies":[{"embeddable":true,"href":"https:\/\/www.webdo.tn\/fr\/wp-json\/wp\/v2\/comments?post=211130"}],"version-history":[{"count":0,"href":"https:\/\/www.webdo.tn\/fr\/wp-json\/wp\/v2\/posts\/211130\/revisions"}],"wp:featuredmedia":[{"embeddable":true,"href":"https:\/\/www.webdo.tn\/fr\/wp-json\/wp\/v2\/media\/248386"}],"wp:attachment":[{"href":"https:\/\/www.webdo.tn\/fr\/wp-json\/wp\/v2\/media?parent=211130"}],"wp:term":[{"taxonomy":"category","embeddable":true,"href":"https:\/\/www.webdo.tn\/fr\/wp-json\/wp\/v2\/categories?post=211130"},{"taxonomy":"post_tag","embeddable":true,"href":"https:\/\/www.webdo.tn\/fr\/wp-json\/wp\/v2\/tags?post=211130"}],"curies":[{"name":"wp","href":"https:\/\/api.w.org\/{rel}","templated":true}]}}