{"id":211129,"date":"2023-12-27T20:16:00","date_gmt":"2023-12-27T20:16:00","guid":{"rendered":"https:\/\/www.webdo.tn\/fr\/blog\/kais-saied-recoit-les-lettres-de-creance-de-six-nouveaux-ambassadeurs\/211129\/"},"modified":"2025-05-20T22:55:57","modified_gmt":"2025-05-20T22:55:57","slug":"kais-saied-recoit-les-lettres-de-creance-de-six-nouveaux-ambassadeurs","status":"publish","type":"post","link":"https:\/\/www.webdo.tn\/fr\/actualite\/national\/kais-saied-recoit-les-lettres-de-creance-de-six-nouveaux-ambassadeurs\/211129\/","title":{"rendered":"Kais Sa\u00efed re\u00e7oit les lettres de cr\u00e9ance de six nouveaux ambassadeurs"},"content":{"rendered":"<p>Au cours d&rsquo;une c\u00e9r\u00e9monie organis\u00e9e ce mercredi 27 d\u00e9cembre 2023, au Palais de Carthage, le pr\u00e9sident de la R\u00e9publique Ka\u00efs Sa\u00efed a re\u00e7u les lettres de cr\u00e9ance de six nouveaux ambassadeurs accr\u00e9dit\u00e9s en Tunisie.<\/p>\n<p>\t\t\t\t\t\t\t\t\tIl s\u2019agit de :\u00a0<\/p>\n<p>-L&rsquo;ambassadrice de la R\u00e9publique Fran\u00e7aise, Anne Gu\u00e9guen.<\/p>\n<p>-L&rsquo;ambassadeur de la R\u00e9publique islamique du Pakistan, Javed Ahmed Umrani.<\/p>\n<p>-L&rsquo;ambassadeur du royaume hach\u00e9mite de Jordanie, Abdullah Suleiman Abdullah Abu Rumman.<\/p>\n<p>-L&rsquo;ambassadeur de Roumanie, Valentin-Ciprian Muntean.<\/p>\n<p>&#8211; L&rsquo;ambassadeur de la R\u00e9publique islamique de Mauritanie, Sidi Ali Oueld Sidi Ali.<\/p>\n<p>-L&rsquo;ambassadeur de la R\u00e9publique d\u00e9mocratique du Congo Mwendanga Musengo.<\/p>\n<p>Selon le communiqu\u00e9 de la pr\u00e9sidence de la R\u00e9publique, la c\u00e9r\u00e9monie s&rsquo;est d\u00e9roul\u00e9e en pr\u00e9sence du ministre des Affaires \u00e9trang\u00e8res, de la Migration et des Tunisiens \u00e0 l&rsquo;\u00e9tranger, Nabil Ammar.<\/p>\n","protected":false},"excerpt":{"rendered":"<p>Le pr\u00e9sident de la R\u00e9publique Ka\u00efs Sa\u00efed a re\u00e7u les lettres de cr\u00e9ance de six nouveaux ambassadeurs accr\u00e9dit\u00e9s en Tunisie.<\/p>\n","protected":false},"author":3182,"featured_media":290023,"comment_status":"open","ping_status":"closed","sticky":false,"template":"","format":"standard","meta":{"footnotes":""},"categories":[44],"tags":[9916,5121,2990,2614],"class_list":["post-211129","post","type-post","status-publish","format-standard","has-post-thumbnail","hentry","category-national","tag-lettre","tag-ambassadeurs","tag-diplomatie","tag-kais-saied"],"yoast_head":"<!-- This site is optimized with the Yoast SEO Premium plugin v27.5 (Yoast SEO v27.5) - https:\/\/yoast.com\/product\/yoast-seo-premium-wordpress\/ -->\n<title>Kais Sa\u00efed re\u00e7oit les lettres de cr\u00e9ance de six nouveaux ambassadeurs<\/title>\n<meta name=\"description\" content=\"Le pr\u00e9sident de la R\u00e9publique Ka\u00efs Sa\u00efed a re\u00e7u les lettres de cr\u00e9ance de six nouveaux ambassadeurs accr\u00e9dit\u00e9s en Tunisie.\" \/>\n<link rel=\"canonical\" href=\"https:\/\/www.webdo.tn\/fr\/actualite\/national\/kais-saied-recoit-les-lettres-de-creance-de-six-nouveaux-ambassadeurs\/211129\/\" \/>\n<meta property=\"og:locale\" content=\"fr_FR\" \/>\n<meta property=\"og:type\" content=\"article\" \/>\n<meta property=\"og:title\" content=\"Kais Sa\u00efed re\u00e7oit les lettres de cr\u00e9ance de six nouveaux ambassadeurs\" \/>\n<meta property=\"og:description\" content=\"Le pr\u00e9sident de la R\u00e9publique Ka\u00efs Sa\u00efed a re\u00e7u les lettres de cr\u00e9ance de six nouveaux ambassadeurs accr\u00e9dit\u00e9s en Tunisie.\" \/>\n<meta property=\"og:url\" content=\"https:\/\/www.webdo.tn\/fr\/actualite\/national\/kais-saied-recoit-les-lettres-de-creance-de-six-nouveaux-ambassadeurs\/211129\/\" \/>\n<meta property=\"og:site_name\" content=\"webdo\" \/>\n<meta property=\"article:publisher\" content=\"https:\/\/www.facebook.com\/webdotn\" \/>\n<meta property=\"article:published_time\" content=\"2023-12-27T20:16:00+00:00\" \/>\n<meta property=\"article:modified_time\" content=\"2025-05-20T22:55:57+00:00\" \/>\n<meta property=\"og:image\" content=\"https:\/\/www.webdo.tn\/fr\/wp-content\/uploads\/2023\/12\/79c95c9d883dd98d5a149d77242cb063.jpg\" \/>\n\t<meta property=\"og:image:width\" content=\"750\" \/>\n\t<meta property=\"og:image:height\" content=\"400\" \/>\n\t<meta property=\"og:image:type\" content=\"image\/jpeg\" \/>\n<meta name=\"author\" content=\"WB\" \/>\n<meta name=\"twitter:card\" content=\"summary_large_image\" \/>\n<meta name=\"twitter:creator\" content=\"@webdo_tn\" \/>\n<meta name=\"twitter:site\" content=\"@webdo_tn\" \/>\n<meta name=\"twitter:label1\" content=\"\u00c9crit par\" \/>\n\t<meta name=\"twitter:data1\" content=\"WB\" \/>\n\t<meta name=\"twitter:label2\" content=\"Dur\u00e9e de lecture estim\u00e9e\" \/>\n\t<meta name=\"twitter:data2\" content=\"1 minute\" \/>\n<script type=\"application\/ld+json\" class=\"yoast-schema-graph\">{\"@context\":\"https:\\\/\\\/schema.org\",\"@graph\":[{\"@type\":\"NewsArticle\",\"@id\":\"https:\\\/\\\/www.webdo.tn\\\/fr\\\/actualite\\\/national\\\/kais-saied-recoit-les-lettres-de-creance-de-six-nouveaux-ambassadeurs\\\/211129\\\/#article\",\"isPartOf\":{\"@id\":\"https:\\\/\\\/www.webdo.tn\\\/fr\\\/actualite\\\/national\\\/kais-saied-recoit-les-lettres-de-creance-de-six-nouveaux-ambassadeurs\\\/211129\\\/\"},\"author\":{\"name\":\"WB\",\"@id\":\"https:\\\/\\\/www.webdo.tn\\\/fr\\\/#\\\/schema\\\/person\\\/f16bf91e3b3c6347371884777659f9d8\"},\"headline\":\"Kais Sa\u00efed re\u00e7oit les lettres de cr\u00e9ance de six nouveaux ambassadeurs\",\"datePublished\":\"2023-12-27T20:16:00+00:00\",\"dateModified\":\"2025-05-20T22:55:57+00:00\",\"mainEntityOfPage\":{\"@id\":\"https:\\\/\\\/www.webdo.tn\\\/fr\\\/actualite\\\/national\\\/kais-saied-recoit-les-lettres-de-creance-de-six-nouveaux-ambassadeurs\\\/211129\\\/\"},\"wordCount\":171,\"commentCount\":0,\"publisher\":{\"@id\":\"https:\\\/\\\/www.webdo.tn\\\/fr\\\/#organization\"},\"image\":{\"@id\":\"https:\\\/\\\/www.webdo.tn\\\/fr\\\/actualite\\\/national\\\/kais-saied-recoit-les-lettres-de-creance-de-six-nouveaux-ambassadeurs\\\/211129\\\/#primaryimage\"},\"thumbnailUrl\":\"https:\\\/\\\/www.webdo.tn\\\/fr\\\/wp-content\\\/uploads\\\/2023\\\/12\\\/79c95c9d883dd98d5a149d77242cb063.jpg\",\"keywords\":[\"'Lettre']\",\"ambassadeurs\",\"Diplomatie\",\"Kais Saied\"],\"articleSection\":[\"National\"],\"inLanguage\":\"fr-FR\"},{\"@type\":\"WebPage\",\"@id\":\"https:\\\/\\\/www.webdo.tn\\\/fr\\\/actualite\\\/national\\\/kais-saied-recoit-les-lettres-de-creance-de-six-nouveaux-ambassadeurs\\\/211129\\\/\",\"url\":\"https:\\\/\\\/www.webdo.tn\\\/fr\\\/actualite\\\/national\\\/kais-saied-recoit-les-lettres-de-creance-de-six-nouveaux-ambassadeurs\\\/211129\\\/\",\"name\":\"Kais Sa\u00efed re\u00e7oit les lettres de cr\u00e9ance de six nouveaux ambassadeurs\",\"isPartOf\":{\"@id\":\"https:\\\/\\\/www.webdo.tn\\\/fr\\\/#website\"},\"primaryImageOfPage\":{\"@id\":\"https:\\\/\\\/www.webdo.tn\\\/fr\\\/actualite\\\/national\\\/kais-saied-recoit-les-lettres-de-creance-de-six-nouveaux-ambassadeurs\\\/211129\\\/#primaryimage\"},\"image\":{\"@id\":\"https:\\\/\\\/www.webdo.tn\\\/fr\\\/actualite\\\/national\\\/kais-saied-recoit-les-lettres-de-creance-de-six-nouveaux-ambassadeurs\\\/211129\\\/#primaryimage\"},\"thumbnailUrl\":\"https:\\\/\\\/www.webdo.tn\\\/fr\\\/wp-content\\\/uploads\\\/2023\\\/12\\\/79c95c9d883dd98d5a149d77242cb063.jpg\",\"datePublished\":\"2023-12-27T20:16:00+00:00\",\"dateModified\":\"2025-05-20T22:55:57+00:00\",\"description\":\"Le pr\u00e9sident de la R\u00e9publique Ka\u00efs Sa\u00efed a re\u00e7u les lettres de cr\u00e9ance de six nouveaux ambassadeurs accr\u00e9dit\u00e9s en Tunisie.\",\"breadcrumb\":{\"@id\":\"https:\\\/\\\/www.webdo.tn\\\/fr\\\/actualite\\\/national\\\/kais-saied-recoit-les-lettres-de-creance-de-six-nouveaux-ambassadeurs\\\/211129\\\/#breadcrumb\"},\"inLanguage\":\"fr-FR\",\"potentialAction\":[{\"@type\":\"ReadAction\",\"target\":[\"https:\\\/\\\/www.webdo.tn\\\/fr\\\/actualite\\\/national\\\/kais-saied-recoit-les-lettres-de-creance-de-six-nouveaux-ambassadeurs\\\/211129\\\/\"]}]},{\"@type\":\"ImageObject\",\"inLanguage\":\"fr-FR\",\"@id\":\"https:\\\/\\\/www.webdo.tn\\\/fr\\\/actualite\\\/national\\\/kais-saied-recoit-les-lettres-de-creance-de-six-nouveaux-ambassadeurs\\\/211129\\\/#primaryimage\",\"url\":\"https:\\\/\\\/www.webdo.tn\\\/fr\\\/wp-content\\\/uploads\\\/2023\\\/12\\\/79c95c9d883dd98d5a149d77242cb063.jpg\",\"contentUrl\":\"https:\\\/\\\/www.webdo.tn\\\/fr\\\/wp-content\\\/uploads\\\/2023\\\/12\\\/79c95c9d883dd98d5a149d77242cb063.jpg\",\"width\":750,\"height\":400,\"caption\":\"Kais Saied\"},{\"@type\":\"BreadcrumbList\",\"@id\":\"https:\\\/\\\/www.webdo.tn\\\/fr\\\/actualite\\\/national\\\/kais-saied-recoit-les-lettres-de-creance-de-six-nouveaux-ambassadeurs\\\/211129\\\/#breadcrumb\",\"itemListElement\":[{\"@type\":\"ListItem\",\"position\":1,\"name\":\"Accueil\",\"item\":\"https:\\\/\\\/www.webdo.tn\\\/fr\\\/\"},{\"@type\":\"ListItem\",\"position\":2,\"name\":\"Kais Sa\u00efed re\u00e7oit les lettres de cr\u00e9ance de six nouveaux ambassadeurs\"}]},{\"@type\":\"WebSite\",\"@id\":\"https:\\\/\\\/www.webdo.tn\\\/fr\\\/#website\",\"url\":\"https:\\\/\\\/www.webdo.tn\\\/fr\\\/\",\"name\":\"webdo\",\"description\":\"Tunisie - News en Tunisie et \u00e0 l&#039;international sur Webdo.tn\",\"publisher\":{\"@id\":\"https:\\\/\\\/www.webdo.tn\\\/fr\\\/#organization\"},\"potentialAction\":[{\"@type\":\"SearchAction\",\"target\":{\"@type\":\"EntryPoint\",\"urlTemplate\":\"https:\\\/\\\/www.webdo.tn\\\/fr\\\/?s={search_term_string}\"},\"query-input\":{\"@type\":\"PropertyValueSpecification\",\"valueRequired\":true,\"valueName\":\"search_term_string\"}}],\"inLanguage\":\"fr-FR\"},{\"@type\":\"Organization\",\"@id\":\"https:\\\/\\\/www.webdo.tn\\\/fr\\\/#organization\",\"name\":\"Webdo\",\"alternateName\":\"Webdo.tn\",\"url\":\"https:\\\/\\\/www.webdo.tn\\\/fr\\\/\",\"logo\":{\"@type\":\"ImageObject\",\"inLanguage\":\"fr-FR\",\"@id\":\"https:\\\/\\\/www.webdo.tn\\\/fr\\\/#\\\/schema\\\/logo\\\/image\\\/\",\"url\":\"https:\\\/\\\/www.webdo.tn\\\/fr\\\/wp-content\\\/uploads\\\/2025\\\/06\\\/Webdo-Tunisie_168377.jpg\",\"contentUrl\":\"https:\\\/\\\/www.webdo.tn\\\/fr\\\/wp-content\\\/uploads\\\/2025\\\/06\\\/Webdo-Tunisie_168377.jpg\",\"width\":301,\"height\":301,\"caption\":\"Webdo\"},\"image\":{\"@id\":\"https:\\\/\\\/www.webdo.tn\\\/fr\\\/#\\\/schema\\\/logo\\\/image\\\/\"},\"sameAs\":[\"https:\\\/\\\/www.facebook.com\\\/webdotn\",\"https:\\\/\\\/x.com\\\/webdo_tn\"],\"description\":\"Webdo est un m\u00e9dia num\u00e9rique tunisien fond\u00e9 en 2010, sp\u00e9cialis\u00e9 dans l\u2019actualit\u00e9 nationale et internationale, l\u2019\u00e9conomie, la soci\u00e9t\u00e9 et les analyses politiques. Le site s\u2019adresse \u00e0 un large public francophone et couvre l\u2019information tunisienne en temps r\u00e9el.\",\"email\":\"redac@webdo.tn\",\"legalName\":\"YNJ SARL\",\"foundingDate\":\"2010-09-06\",\"numberOfEmployees\":{\"@type\":\"QuantitativeValue\",\"minValue\":\"11\",\"maxValue\":\"50\"}},{\"@type\":\"Person\",\"@id\":\"https:\\\/\\\/www.webdo.tn\\\/fr\\\/#\\\/schema\\\/person\\\/f16bf91e3b3c6347371884777659f9d8\",\"name\":\"WB\",\"image\":{\"@type\":\"ImageObject\",\"inLanguage\":\"fr-FR\",\"@id\":\"https:\\\/\\\/secure.gravatar.com\\\/avatar\\\/fd3caf00dbfd4b6d6ce43e8ea4748ed2e4d0fae2c3a87c1e2f6ba0a54c3ab5cb?s=96&d=mm&r=g\",\"url\":\"https:\\\/\\\/secure.gravatar.com\\\/avatar\\\/fd3caf00dbfd4b6d6ce43e8ea4748ed2e4d0fae2c3a87c1e2f6ba0a54c3ab5cb?s=96&d=mm&r=g\",\"contentUrl\":\"https:\\\/\\\/secure.gravatar.com\\\/avatar\\\/fd3caf00dbfd4b6d6ce43e8ea4748ed2e4d0fae2c3a87c1e2f6ba0a54c3ab5cb?s=96&d=mm&r=g\",\"caption\":\"WB\"},\"url\":\"https:\\\/\\\/www.webdo.tn\\\/fr\\\/actualite\\\/author\\\/wb\\\/\"}]}<\/script>\n<!-- \/ Yoast SEO Premium plugin. -->","yoast_head_json":{"title":"Kais Sa\u00efed re\u00e7oit les lettres de cr\u00e9ance de six nouveaux ambassadeurs","description":"Le pr\u00e9sident de la R\u00e9publique Ka\u00efs Sa\u00efed a re\u00e7u les lettres de cr\u00e9ance de six nouveaux ambassadeurs accr\u00e9dit\u00e9s en Tunisie.","canonical":"https:\/\/www.webdo.tn\/fr\/actualite\/national\/kais-saied-recoit-les-lettres-de-creance-de-six-nouveaux-ambassadeurs\/211129\/","og_locale":"fr_FR","og_type":"article","og_title":"Kais Sa\u00efed re\u00e7oit les lettres de cr\u00e9ance de six nouveaux ambassadeurs","og_description":"Le pr\u00e9sident de la R\u00e9publique Ka\u00efs Sa\u00efed a re\u00e7u les lettres de cr\u00e9ance de six nouveaux ambassadeurs accr\u00e9dit\u00e9s en Tunisie.","og_url":"https:\/\/www.webdo.tn\/fr\/actualite\/national\/kais-saied-recoit-les-lettres-de-creance-de-six-nouveaux-ambassadeurs\/211129\/","og_site_name":"webdo","article_publisher":"https:\/\/www.facebook.com\/webdotn","article_published_time":"2023-12-27T20:16:00+00:00","article_modified_time":"2025-05-20T22:55:57+00:00","og_image":[{"width":750,"height":400,"url":"https:\/\/www.webdo.tn\/fr\/wp-content\/uploads\/2023\/12\/79c95c9d883dd98d5a149d77242cb063.jpg","type":"image\/jpeg"}],"author":"WB","twitter_card":"summary_large_image","twitter_creator":"@webdo_tn","twitter_site":"@webdo_tn","twitter_misc":{"\u00c9crit par":"WB","Dur\u00e9e de lecture estim\u00e9e":"1 minute"},"schema":{"@context":"https:\/\/schema.org","@graph":[{"@type":"NewsArticle","@id":"https:\/\/www.webdo.tn\/fr\/actualite\/national\/kais-saied-recoit-les-lettres-de-creance-de-six-nouveaux-ambassadeurs\/211129\/#article","isPartOf":{"@id":"https:\/\/www.webdo.tn\/fr\/actualite\/national\/kais-saied-recoit-les-lettres-de-creance-de-six-nouveaux-ambassadeurs\/211129\/"},"author":{"name":"WB","@id":"https:\/\/www.webdo.tn\/fr\/#\/schema\/person\/f16bf91e3b3c6347371884777659f9d8"},"headline":"Kais Sa\u00efed re\u00e7oit les lettres de cr\u00e9ance de six nouveaux ambassadeurs","datePublished":"2023-12-27T20:16:00+00:00","dateModified":"2025-05-20T22:55:57+00:00","mainEntityOfPage":{"@id":"https:\/\/www.webdo.tn\/fr\/actualite\/national\/kais-saied-recoit-les-lettres-de-creance-de-six-nouveaux-ambassadeurs\/211129\/"},"wordCount":171,"commentCount":0,"publisher":{"@id":"https:\/\/www.webdo.tn\/fr\/#organization"},"image":{"@id":"https:\/\/www.webdo.tn\/fr\/actualite\/national\/kais-saied-recoit-les-lettres-de-creance-de-six-nouveaux-ambassadeurs\/211129\/#primaryimage"},"thumbnailUrl":"https:\/\/www.webdo.tn\/fr\/wp-content\/uploads\/2023\/12\/79c95c9d883dd98d5a149d77242cb063.jpg","keywords":["'Lettre']","ambassadeurs","Diplomatie","Kais Saied"],"articleSection":["National"],"inLanguage":"fr-FR"},{"@type":"WebPage","@id":"https:\/\/www.webdo.tn\/fr\/actualite\/national\/kais-saied-recoit-les-lettres-de-creance-de-six-nouveaux-ambassadeurs\/211129\/","url":"https:\/\/www.webdo.tn\/fr\/actualite\/national\/kais-saied-recoit-les-lettres-de-creance-de-six-nouveaux-ambassadeurs\/211129\/","name":"Kais Sa\u00efed re\u00e7oit les lettres de cr\u00e9ance de six nouveaux ambassadeurs","isPartOf":{"@id":"https:\/\/www.webdo.tn\/fr\/#website"},"primaryImageOfPage":{"@id":"https:\/\/www.webdo.tn\/fr\/actualite\/national\/kais-saied-recoit-les-lettres-de-creance-de-six-nouveaux-ambassadeurs\/211129\/#primaryimage"},"image":{"@id":"https:\/\/www.webdo.tn\/fr\/actualite\/national\/kais-saied-recoit-les-lettres-de-creance-de-six-nouveaux-ambassadeurs\/211129\/#primaryimage"},"thumbnailUrl":"https:\/\/www.webdo.tn\/fr\/wp-content\/uploads\/2023\/12\/79c95c9d883dd98d5a149d77242cb063.jpg","datePublished":"2023-12-27T20:16:00+00:00","dateModified":"2025-05-20T22:55:57+00:00","description":"Le pr\u00e9sident de la R\u00e9publique Ka\u00efs Sa\u00efed a re\u00e7u les lettres de cr\u00e9ance de six nouveaux ambassadeurs accr\u00e9dit\u00e9s en Tunisie.","breadcrumb":{"@id":"https:\/\/www.webdo.tn\/fr\/actualite\/national\/kais-saied-recoit-les-lettres-de-creance-de-six-nouveaux-ambassadeurs\/211129\/#breadcrumb"},"inLanguage":"fr-FR","potentialAction":[{"@type":"ReadAction","target":["https:\/\/www.webdo.tn\/fr\/actualite\/national\/kais-saied-recoit-les-lettres-de-creance-de-six-nouveaux-ambassadeurs\/211129\/"]}]},{"@type":"ImageObject","inLanguage":"fr-FR","@id":"https:\/\/www.webdo.tn\/fr\/actualite\/national\/kais-saied-recoit-les-lettres-de-creance-de-six-nouveaux-ambassadeurs\/211129\/#primaryimage","url":"https:\/\/www.webdo.tn\/fr\/wp-content\/uploads\/2023\/12\/79c95c9d883dd98d5a149d77242cb063.jpg","contentUrl":"https:\/\/www.webdo.tn\/fr\/wp-content\/uploads\/2023\/12\/79c95c9d883dd98d5a149d77242cb063.jpg","width":750,"height":400,"caption":"Kais Saied"},{"@type":"BreadcrumbList","@id":"https:\/\/www.webdo.tn\/fr\/actualite\/national\/kais-saied-recoit-les-lettres-de-creance-de-six-nouveaux-ambassadeurs\/211129\/#breadcrumb","itemListElement":[{"@type":"ListItem","position":1,"name":"Accueil","item":"https:\/\/www.webdo.tn\/fr\/"},{"@type":"ListItem","position":2,"name":"Kais Sa\u00efed re\u00e7oit les lettres de cr\u00e9ance de six nouveaux ambassadeurs"}]},{"@type":"WebSite","@id":"https:\/\/www.webdo.tn\/fr\/#website","url":"https:\/\/www.webdo.tn\/fr\/","name":"webdo","description":"Tunisie - News en Tunisie et \u00e0 l&#039;international sur Webdo.tn","publisher":{"@id":"https:\/\/www.webdo.tn\/fr\/#organization"},"potentialAction":[{"@type":"SearchAction","target":{"@type":"EntryPoint","urlTemplate":"https:\/\/www.webdo.tn\/fr\/?s={search_term_string}"},"query-input":{"@type":"PropertyValueSpecification","valueRequired":true,"valueName":"search_term_string"}}],"inLanguage":"fr-FR"},{"@type":"Organization","@id":"https:\/\/www.webdo.tn\/fr\/#organization","name":"Webdo","alternateName":"Webdo.tn","url":"https:\/\/www.webdo.tn\/fr\/","logo":{"@type":"ImageObject","inLanguage":"fr-FR","@id":"https:\/\/www.webdo.tn\/fr\/#\/schema\/logo\/image\/","url":"https:\/\/www.webdo.tn\/fr\/wp-content\/uploads\/2025\/06\/Webdo-Tunisie_168377.jpg","contentUrl":"https:\/\/www.webdo.tn\/fr\/wp-content\/uploads\/2025\/06\/Webdo-Tunisie_168377.jpg","width":301,"height":301,"caption":"Webdo"},"image":{"@id":"https:\/\/www.webdo.tn\/fr\/#\/schema\/logo\/image\/"},"sameAs":["https:\/\/www.facebook.com\/webdotn","https:\/\/x.com\/webdo_tn"],"description":"Webdo est un m\u00e9dia num\u00e9rique tunisien fond\u00e9 en 2010, sp\u00e9cialis\u00e9 dans l\u2019actualit\u00e9 nationale et internationale, l\u2019\u00e9conomie, la soci\u00e9t\u00e9 et les analyses politiques. Le site s\u2019adresse \u00e0 un large public francophone et couvre l\u2019information tunisienne en temps r\u00e9el.","email":"redac@webdo.tn","legalName":"YNJ SARL","foundingDate":"2010-09-06","numberOfEmployees":{"@type":"QuantitativeValue","minValue":"11","maxValue":"50"}},{"@type":"Person","@id":"https:\/\/www.webdo.tn\/fr\/#\/schema\/person\/f16bf91e3b3c6347371884777659f9d8","name":"WB","image":{"@type":"ImageObject","inLanguage":"fr-FR","@id":"https:\/\/secure.gravatar.com\/avatar\/fd3caf00dbfd4b6d6ce43e8ea4748ed2e4d0fae2c3a87c1e2f6ba0a54c3ab5cb?s=96&d=mm&r=g","url":"https:\/\/secure.gravatar.com\/avatar\/fd3caf00dbfd4b6d6ce43e8ea4748ed2e4d0fae2c3a87c1e2f6ba0a54c3ab5cb?s=96&d=mm&r=g","contentUrl":"https:\/\/secure.gravatar.com\/avatar\/fd3caf00dbfd4b6d6ce43e8ea4748ed2e4d0fae2c3a87c1e2f6ba0a54c3ab5cb?s=96&d=mm&r=g","caption":"WB"},"url":"https:\/\/www.webdo.tn\/fr\/actualite\/author\/wb\/"}]}},"_links":{"self":[{"href":"https:\/\/www.webdo.tn\/fr\/wp-json\/wp\/v2\/posts\/211129","targetHints":{"allow":["GET"]}}],"collection":[{"href":"https:\/\/www.webdo.tn\/fr\/wp-json\/wp\/v2\/posts"}],"about":[{"href":"https:\/\/www.webdo.tn\/fr\/wp-json\/wp\/v2\/types\/post"}],"author":[{"embeddable":true,"href":"https:\/\/www.webdo.tn\/fr\/wp-json\/wp\/v2\/users\/3182"}],"replies":[{"embeddable":true,"href":"https:\/\/www.webdo.tn\/fr\/wp-json\/wp\/v2\/comments?post=211129"}],"version-history":[{"count":0,"href":"https:\/\/www.webdo.tn\/fr\/wp-json\/wp\/v2\/posts\/211129\/revisions"}],"wp:featuredmedia":[{"embeddable":true,"href":"https:\/\/www.webdo.tn\/fr\/wp-json\/wp\/v2\/media\/290023"}],"wp:attachment":[{"href":"https:\/\/www.webdo.tn\/fr\/wp-json\/wp\/v2\/media?parent=211129"}],"wp:term":[{"taxonomy":"category","embeddable":true,"href":"https:\/\/www.webdo.tn\/fr\/wp-json\/wp\/v2\/categories?post=211129"},{"taxonomy":"post_tag","embeddable":true,"href":"https:\/\/www.webdo.tn\/fr\/wp-json\/wp\/v2\/tags?post=211129"}],"curies":[{"name":"wp","href":"https:\/\/api.w.org\/{rel}","templated":true}]}}