{"id":211128,"date":"2023-12-27T20:06:00","date_gmt":"2023-12-27T20:06:00","guid":{"rendered":"https:\/\/www.webdo.tn\/fr\/blog\/signature-de-sept-memorandums-d-entente-entre-la-tunisie-et-l-arabie-saoudite\/211128\/"},"modified":"2025-05-20T22:55:56","modified_gmt":"2025-05-20T22:55:56","slug":"signature-de-sept-memorandums-d-entente-entre-la-tunisie-et-l-arabie-saoudite","status":"publish","type":"post","link":"https:\/\/www.webdo.tn\/fr\/actualite\/national\/signature-de-sept-memorandums-d-entente-entre-la-tunisie-et-l-arabie-saoudite\/211128\/","title":{"rendered":"Signature de sept m\u00e9morandums d&rsquo;entente entre la Tunisie et l\u2019Arabie Saoudite"},"content":{"rendered":"<p>Sept m\u00e9morandums d&rsquo;entente dans diff\u00e9rents domaines et secteurs ont \u00e9t\u00e9 sign\u00e9s, ce mercredi apr\u00e8s-midi, \u00e0 Tunis, entre la ministre de l&rsquo;Economie et de la Planification, Sihem Namsia Boughdiri et le ministre saoudien de l&rsquo;Industrie et des Ressources min\u00e9rales, Bandar bin Ibrahim Al-Khorayef.<\/p>\n<p>\t\t\t\t\t\t\t\t\tPlusieurs domaines sont concern\u00e9s par ces m\u00e9morandums, \u00e0 savoir : l&rsquo;eau, la protection de l&rsquo;environnement, la recherche scientifique agricole, la coop\u00e9ration technique et scientifique en mati\u00e8re de climat et de m\u00e9t\u00e9orologie, le tourisme, l&rsquo;industrie et l&#8217;emploi.<\/p>\n<p>Les accords ont \u00e9t\u00e9 conclus en marge des travaux de la 11\u00e8me session de la commission mixte tuniso-saoudienne.<\/p>\n<p>Lors de la c\u00e9r\u00e9monie de signature, les deux ministres ont soulign\u00e9 leur attachement \u00e0 renforcer davantage la coop\u00e9ration entre les deux pays.<\/p>\n","protected":false},"excerpt":{"rendered":"<p>Sept m\u00e9morandums d&rsquo;entente dans diff\u00e9rents domaines et secteurs ont \u00e9t\u00e9 sign\u00e9s \u00e0 Tunis, entre la ministre de l&rsquo;Economie et de la Planification et le ministre sa&#8230;<\/p>\n","protected":false},"author":3182,"featured_media":290019,"comment_status":"open","ping_status":"closed","sticky":false,"template":"","format":"standard","meta":{"footnotes":""},"categories":[44],"tags":[3002,4590,2608],"class_list":["post-211128","post","type-post","status-publish","format-standard","has-post-thumbnail","hentry","category-national","tag-arabie-saoudite","tag-convention","tag-tunisie"],"yoast_head":"<!-- This site is optimized with the Yoast SEO Premium plugin v27.4 (Yoast SEO v27.5) - https:\/\/yoast.com\/product\/yoast-seo-premium-wordpress\/ -->\n<title>Signature de sept m\u00e9morandums d&#039;entente entre la Tunisie et l\u2019Arabie Saoudite<\/title>\n<meta name=\"description\" content=\"Sept m\u00e9morandums d&#039;entente dans diff\u00e9rents domaines et secteurs ont \u00e9t\u00e9 sign\u00e9s \u00e0 Tunis, entre la ministre de l&#039;Economie et de la Planification et le ministre sa...\" \/>\n<link rel=\"canonical\" href=\"https:\/\/www.webdo.tn\/fr\/actualite\/national\/signature-de-sept-memorandums-d-entente-entre-la-tunisie-et-l-arabie-saoudite\/211128\/\" \/>\n<meta property=\"og:locale\" content=\"fr_FR\" \/>\n<meta property=\"og:type\" content=\"article\" \/>\n<meta property=\"og:title\" content=\"Signature de sept m\u00e9morandums d&#039;entente entre la Tunisie et l\u2019Arabie Saoudite\" \/>\n<meta property=\"og:description\" content=\"Sept m\u00e9morandums d&#039;entente dans diff\u00e9rents domaines et secteurs ont \u00e9t\u00e9 sign\u00e9s \u00e0 Tunis, entre la ministre de l&#039;Economie et de la Planification et le ministre sa...\" \/>\n<meta property=\"og:url\" content=\"https:\/\/www.webdo.tn\/fr\/actualite\/national\/signature-de-sept-memorandums-d-entente-entre-la-tunisie-et-l-arabie-saoudite\/211128\/\" \/>\n<meta property=\"og:site_name\" content=\"webdo\" \/>\n<meta property=\"article:publisher\" content=\"https:\/\/www.facebook.com\/webdotn\" \/>\n<meta property=\"article:published_time\" content=\"2023-12-27T20:06:00+00:00\" \/>\n<meta property=\"article:modified_time\" content=\"2025-05-20T22:55:56+00:00\" \/>\n<meta property=\"og:image\" content=\"https:\/\/www.webdo.tn\/fr\/wp-content\/uploads\/2023\/12\/a7de133dcba3b1f014135ae37f59b5b9.jpg\" \/>\n\t<meta property=\"og:image:width\" content=\"750\" \/>\n\t<meta property=\"og:image:height\" content=\"400\" \/>\n\t<meta property=\"og:image:type\" content=\"image\/jpeg\" \/>\n<meta name=\"author\" content=\"WB\" \/>\n<meta name=\"twitter:card\" content=\"summary_large_image\" \/>\n<meta name=\"twitter:creator\" content=\"@webdo_tn\" \/>\n<meta name=\"twitter:site\" content=\"@webdo_tn\" \/>\n<meta name=\"twitter:label1\" content=\"\u00c9crit par\" \/>\n\t<meta name=\"twitter:data1\" content=\"WB\" \/>\n\t<meta name=\"twitter:label2\" content=\"Dur\u00e9e de lecture estim\u00e9e\" \/>\n\t<meta name=\"twitter:data2\" content=\"1 minute\" \/>\n<script type=\"application\/ld+json\" class=\"yoast-schema-graph\">{\"@context\":\"https:\\\/\\\/schema.org\",\"@graph\":[{\"@type\":\"NewsArticle\",\"@id\":\"https:\\\/\\\/www.webdo.tn\\\/fr\\\/actualite\\\/national\\\/signature-de-sept-memorandums-d-entente-entre-la-tunisie-et-l-arabie-saoudite\\\/211128\\\/#article\",\"isPartOf\":{\"@id\":\"https:\\\/\\\/www.webdo.tn\\\/fr\\\/actualite\\\/national\\\/signature-de-sept-memorandums-d-entente-entre-la-tunisie-et-l-arabie-saoudite\\\/211128\\\/\"},\"author\":{\"name\":\"WB\",\"@id\":\"https:\\\/\\\/www.webdo.tn\\\/fr\\\/#\\\/schema\\\/person\\\/f16bf91e3b3c6347371884777659f9d8\"},\"headline\":\"Signature de sept m\u00e9morandums d&rsquo;entente entre la Tunisie et l\u2019Arabie Saoudite\",\"datePublished\":\"2023-12-27T20:06:00+00:00\",\"dateModified\":\"2025-05-20T22:55:56+00:00\",\"mainEntityOfPage\":{\"@id\":\"https:\\\/\\\/www.webdo.tn\\\/fr\\\/actualite\\\/national\\\/signature-de-sept-memorandums-d-entente-entre-la-tunisie-et-l-arabie-saoudite\\\/211128\\\/\"},\"wordCount\":149,\"commentCount\":0,\"publisher\":{\"@id\":\"https:\\\/\\\/www.webdo.tn\\\/fr\\\/#organization\"},\"image\":{\"@id\":\"https:\\\/\\\/www.webdo.tn\\\/fr\\\/actualite\\\/national\\\/signature-de-sept-memorandums-d-entente-entre-la-tunisie-et-l-arabie-saoudite\\\/211128\\\/#primaryimage\"},\"thumbnailUrl\":\"https:\\\/\\\/www.webdo.tn\\\/fr\\\/wp-content\\\/uploads\\\/2023\\\/12\\\/a7de133dcba3b1f014135ae37f59b5b9.jpg\",\"keywords\":[\"Arabie Saoudite\",\"convention\",\"Tunisie\"],\"articleSection\":[\"National\"],\"inLanguage\":\"fr-FR\"},{\"@type\":\"WebPage\",\"@id\":\"https:\\\/\\\/www.webdo.tn\\\/fr\\\/actualite\\\/national\\\/signature-de-sept-memorandums-d-entente-entre-la-tunisie-et-l-arabie-saoudite\\\/211128\\\/\",\"url\":\"https:\\\/\\\/www.webdo.tn\\\/fr\\\/actualite\\\/national\\\/signature-de-sept-memorandums-d-entente-entre-la-tunisie-et-l-arabie-saoudite\\\/211128\\\/\",\"name\":\"Signature de sept m\u00e9morandums d'entente entre la Tunisie et l\u2019Arabie Saoudite\",\"isPartOf\":{\"@id\":\"https:\\\/\\\/www.webdo.tn\\\/fr\\\/#website\"},\"primaryImageOfPage\":{\"@id\":\"https:\\\/\\\/www.webdo.tn\\\/fr\\\/actualite\\\/national\\\/signature-de-sept-memorandums-d-entente-entre-la-tunisie-et-l-arabie-saoudite\\\/211128\\\/#primaryimage\"},\"image\":{\"@id\":\"https:\\\/\\\/www.webdo.tn\\\/fr\\\/actualite\\\/national\\\/signature-de-sept-memorandums-d-entente-entre-la-tunisie-et-l-arabie-saoudite\\\/211128\\\/#primaryimage\"},\"thumbnailUrl\":\"https:\\\/\\\/www.webdo.tn\\\/fr\\\/wp-content\\\/uploads\\\/2023\\\/12\\\/a7de133dcba3b1f014135ae37f59b5b9.jpg\",\"datePublished\":\"2023-12-27T20:06:00+00:00\",\"dateModified\":\"2025-05-20T22:55:56+00:00\",\"description\":\"Sept m\u00e9morandums d'entente dans diff\u00e9rents domaines et secteurs ont \u00e9t\u00e9 sign\u00e9s \u00e0 Tunis, entre la ministre de l'Economie et de la Planification et le ministre sa...\",\"breadcrumb\":{\"@id\":\"https:\\\/\\\/www.webdo.tn\\\/fr\\\/actualite\\\/national\\\/signature-de-sept-memorandums-d-entente-entre-la-tunisie-et-l-arabie-saoudite\\\/211128\\\/#breadcrumb\"},\"inLanguage\":\"fr-FR\",\"potentialAction\":[{\"@type\":\"ReadAction\",\"target\":[\"https:\\\/\\\/www.webdo.tn\\\/fr\\\/actualite\\\/national\\\/signature-de-sept-memorandums-d-entente-entre-la-tunisie-et-l-arabie-saoudite\\\/211128\\\/\"]}]},{\"@type\":\"ImageObject\",\"inLanguage\":\"fr-FR\",\"@id\":\"https:\\\/\\\/www.webdo.tn\\\/fr\\\/actualite\\\/national\\\/signature-de-sept-memorandums-d-entente-entre-la-tunisie-et-l-arabie-saoudite\\\/211128\\\/#primaryimage\",\"url\":\"https:\\\/\\\/www.webdo.tn\\\/fr\\\/wp-content\\\/uploads\\\/2023\\\/12\\\/a7de133dcba3b1f014135ae37f59b5b9.jpg\",\"contentUrl\":\"https:\\\/\\\/www.webdo.tn\\\/fr\\\/wp-content\\\/uploads\\\/2023\\\/12\\\/a7de133dcba3b1f014135ae37f59b5b9.jpg\",\"width\":750,\"height\":400,\"caption\":\"minist\u00e8re\"},{\"@type\":\"BreadcrumbList\",\"@id\":\"https:\\\/\\\/www.webdo.tn\\\/fr\\\/actualite\\\/national\\\/signature-de-sept-memorandums-d-entente-entre-la-tunisie-et-l-arabie-saoudite\\\/211128\\\/#breadcrumb\",\"itemListElement\":[{\"@type\":\"ListItem\",\"position\":1,\"name\":\"Accueil\",\"item\":\"https:\\\/\\\/www.webdo.tn\\\/fr\\\/\"},{\"@type\":\"ListItem\",\"position\":2,\"name\":\"Signature de sept m\u00e9morandums d&rsquo;entente entre la Tunisie et l\u2019Arabie Saoudite\"}]},{\"@type\":\"WebSite\",\"@id\":\"https:\\\/\\\/www.webdo.tn\\\/fr\\\/#website\",\"url\":\"https:\\\/\\\/www.webdo.tn\\\/fr\\\/\",\"name\":\"webdo\",\"description\":\"Tunisie - News en Tunisie et \u00e0 l&#039;international sur Webdo.tn\",\"publisher\":{\"@id\":\"https:\\\/\\\/www.webdo.tn\\\/fr\\\/#organization\"},\"potentialAction\":[{\"@type\":\"SearchAction\",\"target\":{\"@type\":\"EntryPoint\",\"urlTemplate\":\"https:\\\/\\\/www.webdo.tn\\\/fr\\\/?s={search_term_string}\"},\"query-input\":{\"@type\":\"PropertyValueSpecification\",\"valueRequired\":true,\"valueName\":\"search_term_string\"}}],\"inLanguage\":\"fr-FR\"},{\"@type\":\"Organization\",\"@id\":\"https:\\\/\\\/www.webdo.tn\\\/fr\\\/#organization\",\"name\":\"Webdo\",\"alternateName\":\"Webdo.tn\",\"url\":\"https:\\\/\\\/www.webdo.tn\\\/fr\\\/\",\"logo\":{\"@type\":\"ImageObject\",\"inLanguage\":\"fr-FR\",\"@id\":\"https:\\\/\\\/www.webdo.tn\\\/fr\\\/#\\\/schema\\\/logo\\\/image\\\/\",\"url\":\"https:\\\/\\\/www.webdo.tn\\\/fr\\\/wp-content\\\/uploads\\\/2025\\\/06\\\/Webdo-Tunisie_168377.jpg\",\"contentUrl\":\"https:\\\/\\\/www.webdo.tn\\\/fr\\\/wp-content\\\/uploads\\\/2025\\\/06\\\/Webdo-Tunisie_168377.jpg\",\"width\":301,\"height\":301,\"caption\":\"Webdo\"},\"image\":{\"@id\":\"https:\\\/\\\/www.webdo.tn\\\/fr\\\/#\\\/schema\\\/logo\\\/image\\\/\"},\"sameAs\":[\"https:\\\/\\\/www.facebook.com\\\/webdotn\",\"https:\\\/\\\/x.com\\\/webdo_tn\"],\"description\":\"Webdo est un m\u00e9dia num\u00e9rique tunisien fond\u00e9 en 2010, sp\u00e9cialis\u00e9 dans l\u2019actualit\u00e9 nationale et internationale, l\u2019\u00e9conomie, la soci\u00e9t\u00e9 et les analyses politiques. Le site s\u2019adresse \u00e0 un large public francophone et couvre l\u2019information tunisienne en temps r\u00e9el.\",\"email\":\"redac@webdo.tn\",\"legalName\":\"YNJ SARL\",\"foundingDate\":\"2010-09-06\",\"numberOfEmployees\":{\"@type\":\"QuantitativeValue\",\"minValue\":\"11\",\"maxValue\":\"50\"}},{\"@type\":\"Person\",\"@id\":\"https:\\\/\\\/www.webdo.tn\\\/fr\\\/#\\\/schema\\\/person\\\/f16bf91e3b3c6347371884777659f9d8\",\"name\":\"WB\",\"image\":{\"@type\":\"ImageObject\",\"inLanguage\":\"fr-FR\",\"@id\":\"https:\\\/\\\/secure.gravatar.com\\\/avatar\\\/fd3caf00dbfd4b6d6ce43e8ea4748ed2e4d0fae2c3a87c1e2f6ba0a54c3ab5cb?s=96&d=mm&r=g\",\"url\":\"https:\\\/\\\/secure.gravatar.com\\\/avatar\\\/fd3caf00dbfd4b6d6ce43e8ea4748ed2e4d0fae2c3a87c1e2f6ba0a54c3ab5cb?s=96&d=mm&r=g\",\"contentUrl\":\"https:\\\/\\\/secure.gravatar.com\\\/avatar\\\/fd3caf00dbfd4b6d6ce43e8ea4748ed2e4d0fae2c3a87c1e2f6ba0a54c3ab5cb?s=96&d=mm&r=g\",\"caption\":\"WB\"},\"url\":\"https:\\\/\\\/www.webdo.tn\\\/fr\\\/actualite\\\/author\\\/wb\\\/\"}]}<\/script>\n<!-- \/ Yoast SEO Premium plugin. -->","yoast_head_json":{"title":"Signature de sept m\u00e9morandums d'entente entre la Tunisie et l\u2019Arabie Saoudite","description":"Sept m\u00e9morandums d'entente dans diff\u00e9rents domaines et secteurs ont \u00e9t\u00e9 sign\u00e9s \u00e0 Tunis, entre la ministre de l'Economie et de la Planification et le ministre sa...","canonical":"https:\/\/www.webdo.tn\/fr\/actualite\/national\/signature-de-sept-memorandums-d-entente-entre-la-tunisie-et-l-arabie-saoudite\/211128\/","og_locale":"fr_FR","og_type":"article","og_title":"Signature de sept m\u00e9morandums d'entente entre la Tunisie et l\u2019Arabie Saoudite","og_description":"Sept m\u00e9morandums d'entente dans diff\u00e9rents domaines et secteurs ont \u00e9t\u00e9 sign\u00e9s \u00e0 Tunis, entre la ministre de l'Economie et de la Planification et le ministre sa...","og_url":"https:\/\/www.webdo.tn\/fr\/actualite\/national\/signature-de-sept-memorandums-d-entente-entre-la-tunisie-et-l-arabie-saoudite\/211128\/","og_site_name":"webdo","article_publisher":"https:\/\/www.facebook.com\/webdotn","article_published_time":"2023-12-27T20:06:00+00:00","article_modified_time":"2025-05-20T22:55:56+00:00","og_image":[{"width":750,"height":400,"url":"https:\/\/www.webdo.tn\/fr\/wp-content\/uploads\/2023\/12\/a7de133dcba3b1f014135ae37f59b5b9.jpg","type":"image\/jpeg"}],"author":"WB","twitter_card":"summary_large_image","twitter_creator":"@webdo_tn","twitter_site":"@webdo_tn","twitter_misc":{"\u00c9crit par":"WB","Dur\u00e9e de lecture estim\u00e9e":"1 minute"},"schema":{"@context":"https:\/\/schema.org","@graph":[{"@type":"NewsArticle","@id":"https:\/\/www.webdo.tn\/fr\/actualite\/national\/signature-de-sept-memorandums-d-entente-entre-la-tunisie-et-l-arabie-saoudite\/211128\/#article","isPartOf":{"@id":"https:\/\/www.webdo.tn\/fr\/actualite\/national\/signature-de-sept-memorandums-d-entente-entre-la-tunisie-et-l-arabie-saoudite\/211128\/"},"author":{"name":"WB","@id":"https:\/\/www.webdo.tn\/fr\/#\/schema\/person\/f16bf91e3b3c6347371884777659f9d8"},"headline":"Signature de sept m\u00e9morandums d&rsquo;entente entre la Tunisie et l\u2019Arabie Saoudite","datePublished":"2023-12-27T20:06:00+00:00","dateModified":"2025-05-20T22:55:56+00:00","mainEntityOfPage":{"@id":"https:\/\/www.webdo.tn\/fr\/actualite\/national\/signature-de-sept-memorandums-d-entente-entre-la-tunisie-et-l-arabie-saoudite\/211128\/"},"wordCount":149,"commentCount":0,"publisher":{"@id":"https:\/\/www.webdo.tn\/fr\/#organization"},"image":{"@id":"https:\/\/www.webdo.tn\/fr\/actualite\/national\/signature-de-sept-memorandums-d-entente-entre-la-tunisie-et-l-arabie-saoudite\/211128\/#primaryimage"},"thumbnailUrl":"https:\/\/www.webdo.tn\/fr\/wp-content\/uploads\/2023\/12\/a7de133dcba3b1f014135ae37f59b5b9.jpg","keywords":["Arabie Saoudite","convention","Tunisie"],"articleSection":["National"],"inLanguage":"fr-FR"},{"@type":"WebPage","@id":"https:\/\/www.webdo.tn\/fr\/actualite\/national\/signature-de-sept-memorandums-d-entente-entre-la-tunisie-et-l-arabie-saoudite\/211128\/","url":"https:\/\/www.webdo.tn\/fr\/actualite\/national\/signature-de-sept-memorandums-d-entente-entre-la-tunisie-et-l-arabie-saoudite\/211128\/","name":"Signature de sept m\u00e9morandums d'entente entre la Tunisie et l\u2019Arabie Saoudite","isPartOf":{"@id":"https:\/\/www.webdo.tn\/fr\/#website"},"primaryImageOfPage":{"@id":"https:\/\/www.webdo.tn\/fr\/actualite\/national\/signature-de-sept-memorandums-d-entente-entre-la-tunisie-et-l-arabie-saoudite\/211128\/#primaryimage"},"image":{"@id":"https:\/\/www.webdo.tn\/fr\/actualite\/national\/signature-de-sept-memorandums-d-entente-entre-la-tunisie-et-l-arabie-saoudite\/211128\/#primaryimage"},"thumbnailUrl":"https:\/\/www.webdo.tn\/fr\/wp-content\/uploads\/2023\/12\/a7de133dcba3b1f014135ae37f59b5b9.jpg","datePublished":"2023-12-27T20:06:00+00:00","dateModified":"2025-05-20T22:55:56+00:00","description":"Sept m\u00e9morandums d'entente dans diff\u00e9rents domaines et secteurs ont \u00e9t\u00e9 sign\u00e9s \u00e0 Tunis, entre la ministre de l'Economie et de la Planification et le ministre sa...","breadcrumb":{"@id":"https:\/\/www.webdo.tn\/fr\/actualite\/national\/signature-de-sept-memorandums-d-entente-entre-la-tunisie-et-l-arabie-saoudite\/211128\/#breadcrumb"},"inLanguage":"fr-FR","potentialAction":[{"@type":"ReadAction","target":["https:\/\/www.webdo.tn\/fr\/actualite\/national\/signature-de-sept-memorandums-d-entente-entre-la-tunisie-et-l-arabie-saoudite\/211128\/"]}]},{"@type":"ImageObject","inLanguage":"fr-FR","@id":"https:\/\/www.webdo.tn\/fr\/actualite\/national\/signature-de-sept-memorandums-d-entente-entre-la-tunisie-et-l-arabie-saoudite\/211128\/#primaryimage","url":"https:\/\/www.webdo.tn\/fr\/wp-content\/uploads\/2023\/12\/a7de133dcba3b1f014135ae37f59b5b9.jpg","contentUrl":"https:\/\/www.webdo.tn\/fr\/wp-content\/uploads\/2023\/12\/a7de133dcba3b1f014135ae37f59b5b9.jpg","width":750,"height":400,"caption":"minist\u00e8re"},{"@type":"BreadcrumbList","@id":"https:\/\/www.webdo.tn\/fr\/actualite\/national\/signature-de-sept-memorandums-d-entente-entre-la-tunisie-et-l-arabie-saoudite\/211128\/#breadcrumb","itemListElement":[{"@type":"ListItem","position":1,"name":"Accueil","item":"https:\/\/www.webdo.tn\/fr\/"},{"@type":"ListItem","position":2,"name":"Signature de sept m\u00e9morandums d&rsquo;entente entre la Tunisie et l\u2019Arabie Saoudite"}]},{"@type":"WebSite","@id":"https:\/\/www.webdo.tn\/fr\/#website","url":"https:\/\/www.webdo.tn\/fr\/","name":"webdo","description":"Tunisie - News en Tunisie et \u00e0 l&#039;international sur Webdo.tn","publisher":{"@id":"https:\/\/www.webdo.tn\/fr\/#organization"},"potentialAction":[{"@type":"SearchAction","target":{"@type":"EntryPoint","urlTemplate":"https:\/\/www.webdo.tn\/fr\/?s={search_term_string}"},"query-input":{"@type":"PropertyValueSpecification","valueRequired":true,"valueName":"search_term_string"}}],"inLanguage":"fr-FR"},{"@type":"Organization","@id":"https:\/\/www.webdo.tn\/fr\/#organization","name":"Webdo","alternateName":"Webdo.tn","url":"https:\/\/www.webdo.tn\/fr\/","logo":{"@type":"ImageObject","inLanguage":"fr-FR","@id":"https:\/\/www.webdo.tn\/fr\/#\/schema\/logo\/image\/","url":"https:\/\/www.webdo.tn\/fr\/wp-content\/uploads\/2025\/06\/Webdo-Tunisie_168377.jpg","contentUrl":"https:\/\/www.webdo.tn\/fr\/wp-content\/uploads\/2025\/06\/Webdo-Tunisie_168377.jpg","width":301,"height":301,"caption":"Webdo"},"image":{"@id":"https:\/\/www.webdo.tn\/fr\/#\/schema\/logo\/image\/"},"sameAs":["https:\/\/www.facebook.com\/webdotn","https:\/\/x.com\/webdo_tn"],"description":"Webdo est un m\u00e9dia num\u00e9rique tunisien fond\u00e9 en 2010, sp\u00e9cialis\u00e9 dans l\u2019actualit\u00e9 nationale et internationale, l\u2019\u00e9conomie, la soci\u00e9t\u00e9 et les analyses politiques. Le site s\u2019adresse \u00e0 un large public francophone et couvre l\u2019information tunisienne en temps r\u00e9el.","email":"redac@webdo.tn","legalName":"YNJ SARL","foundingDate":"2010-09-06","numberOfEmployees":{"@type":"QuantitativeValue","minValue":"11","maxValue":"50"}},{"@type":"Person","@id":"https:\/\/www.webdo.tn\/fr\/#\/schema\/person\/f16bf91e3b3c6347371884777659f9d8","name":"WB","image":{"@type":"ImageObject","inLanguage":"fr-FR","@id":"https:\/\/secure.gravatar.com\/avatar\/fd3caf00dbfd4b6d6ce43e8ea4748ed2e4d0fae2c3a87c1e2f6ba0a54c3ab5cb?s=96&d=mm&r=g","url":"https:\/\/secure.gravatar.com\/avatar\/fd3caf00dbfd4b6d6ce43e8ea4748ed2e4d0fae2c3a87c1e2f6ba0a54c3ab5cb?s=96&d=mm&r=g","contentUrl":"https:\/\/secure.gravatar.com\/avatar\/fd3caf00dbfd4b6d6ce43e8ea4748ed2e4d0fae2c3a87c1e2f6ba0a54c3ab5cb?s=96&d=mm&r=g","caption":"WB"},"url":"https:\/\/www.webdo.tn\/fr\/actualite\/author\/wb\/"}]}},"_links":{"self":[{"href":"https:\/\/www.webdo.tn\/fr\/wp-json\/wp\/v2\/posts\/211128","targetHints":{"allow":["GET"]}}],"collection":[{"href":"https:\/\/www.webdo.tn\/fr\/wp-json\/wp\/v2\/posts"}],"about":[{"href":"https:\/\/www.webdo.tn\/fr\/wp-json\/wp\/v2\/types\/post"}],"author":[{"embeddable":true,"href":"https:\/\/www.webdo.tn\/fr\/wp-json\/wp\/v2\/users\/3182"}],"replies":[{"embeddable":true,"href":"https:\/\/www.webdo.tn\/fr\/wp-json\/wp\/v2\/comments?post=211128"}],"version-history":[{"count":0,"href":"https:\/\/www.webdo.tn\/fr\/wp-json\/wp\/v2\/posts\/211128\/revisions"}],"wp:featuredmedia":[{"embeddable":true,"href":"https:\/\/www.webdo.tn\/fr\/wp-json\/wp\/v2\/media\/290019"}],"wp:attachment":[{"href":"https:\/\/www.webdo.tn\/fr\/wp-json\/wp\/v2\/media?parent=211128"}],"wp:term":[{"taxonomy":"category","embeddable":true,"href":"https:\/\/www.webdo.tn\/fr\/wp-json\/wp\/v2\/categories?post=211128"},{"taxonomy":"post_tag","embeddable":true,"href":"https:\/\/www.webdo.tn\/fr\/wp-json\/wp\/v2\/tags?post=211128"}],"curies":[{"name":"wp","href":"https:\/\/api.w.org\/{rel}","templated":true}]}}