{"id":211100,"date":"2023-12-26T19:40:00","date_gmt":"2023-12-26T19:40:00","guid":{"rendered":"https:\/\/www.webdo.tn\/fr\/blog\/visite-inopinee-du-president-kais-saied-a-menzel-bourguiba\/211100\/"},"modified":"2025-05-20T22:55:45","modified_gmt":"2025-05-20T22:55:45","slug":"visite-inopinee-du-president-kais-saied-a-menzel-bourguiba","status":"publish","type":"post","link":"https:\/\/www.webdo.tn\/fr\/actualite\/national\/visite-inopinee-du-president-kais-saied-a-menzel-bourguiba\/211100\/","title":{"rendered":"Visite inopin\u00e9e du pr\u00e9sident Ka\u00efs Sa\u00efed \u00e0 Menzel Bourguiba"},"content":{"rendered":"<p>Le pr\u00e9sident de la R\u00e9publique, Ka\u00efs Sa\u00efed, s&rsquo;est rendu, ce mardi 26 d\u00e9cembre \u00e0 Menzel Bourguiba (Bizerte), pour effectuer une visite inopin\u00e9e au si\u00e8ge de la Soci\u00e9t\u00e9 tunisienne de sid\u00e9rurgie Elfouladh.<\/p>\n<p>\t\t\t\t\t\t\t\t\tEn pr\u00e9sence du gouverneur de Bizerte, Samir Abdelaoui et du PDG d&rsquo;El Fouladh, Sami Kabtini, Ka\u00efs Sa\u00efed a discut\u00e9 avec les employ\u00e9s et s&rsquo;est enquis de la situation financi\u00e8re difficile de cette entreprise publique.<\/p>\n<p>Il a \u00e9galement examin\u00e9 les moyens \u00e0 m\u00eame de redynamiser cette soci\u00e9t\u00e9 et lui redonner son rayonnement d&rsquo;antan.<\/p>\n<p>Fond\u00e9e en 1962, la Soci\u00e9t\u00e9 El Fouladh est l&rsquo;unique usine sid\u00e9rurgique dans le pays et la seule \u00e0 produire de l&rsquo;acier liquide et \u00e0 le transformer en ronds \u00e0 b\u00e9ton, avec une capacit\u00e9 de production de 200.000 tonnes par an.<\/p>\n<p>Or depuis plus de 20 ans, l\u2019usine rencontre de nombreuses probl\u00e9matiques qui ont entrav\u00e9 son activit\u00e9 et son rendement.<\/p>\n","protected":false},"excerpt":{"rendered":"<p>En pr\u00e9sence du gouverneur de Bizerte, Samir Abdelaoui et du PDG d&rsquo;El Fouladh, Sami Kabtini, Ka\u00efs Sa\u00efed a discut\u00e9 avec les employ\u00e9s et s&rsquo;est enquis de la situati&#8230;<\/p>\n","protected":false},"author":3182,"featured_media":248408,"comment_status":"open","ping_status":"closed","sticky":false,"template":"","format":"standard","meta":{"footnotes":""},"categories":[44],"tags":[6622,2614,5209],"class_list":["post-211100","post","type-post","status-publish","format-standard","has-post-thumbnail","hentry","category-national","tag-fouladh","tag-kais-saied","tag-visite-inopinee"],"yoast_head":"<!-- This site is optimized with the Yoast SEO Premium plugin v27.5 (Yoast SEO v27.5) - https:\/\/yoast.com\/product\/yoast-seo-premium-wordpress\/ -->\n<title>Visite inopin\u00e9e du pr\u00e9sident Ka\u00efs Sa\u00efed \u00e0 Menzel Bourguiba<\/title>\n<meta name=\"description\" content=\"En pr\u00e9sence du gouverneur de Bizerte, Samir Abdelaoui et du PDG d&#039;El Fouladh, Sami Kabtini, Ka\u00efs Sa\u00efed a discut\u00e9 avec les employ\u00e9s et s&#039;est enquis de la situati...\" \/>\n<link rel=\"canonical\" href=\"https:\/\/www.webdo.tn\/fr\/actualite\/national\/visite-inopinee-du-president-kais-saied-a-menzel-bourguiba\/211100\/\" \/>\n<meta property=\"og:locale\" content=\"fr_FR\" \/>\n<meta property=\"og:type\" content=\"article\" \/>\n<meta property=\"og:title\" content=\"Visite inopin\u00e9e du pr\u00e9sident Ka\u00efs Sa\u00efed \u00e0 Menzel Bourguiba\" \/>\n<meta property=\"og:description\" content=\"En pr\u00e9sence du gouverneur de Bizerte, Samir Abdelaoui et du PDG d&#039;El Fouladh, Sami Kabtini, Ka\u00efs Sa\u00efed a discut\u00e9 avec les employ\u00e9s et s&#039;est enquis de la situati...\" \/>\n<meta property=\"og:url\" content=\"https:\/\/www.webdo.tn\/fr\/actualite\/national\/visite-inopinee-du-president-kais-saied-a-menzel-bourguiba\/211100\/\" \/>\n<meta property=\"og:site_name\" content=\"webdo\" \/>\n<meta property=\"article:publisher\" content=\"https:\/\/www.facebook.com\/webdotn\" \/>\n<meta property=\"article:published_time\" content=\"2023-12-26T19:40:00+00:00\" \/>\n<meta property=\"article:modified_time\" content=\"2025-05-20T22:55:45+00:00\" \/>\n<meta property=\"og:image\" content=\"https:\/\/www.webdo.tn\/fr\/wp-content\/uploads\/2023\/12\/1165e2465d128afa926a736aac68cdfb.jpg\" \/>\n\t<meta property=\"og:image:width\" content=\"750\" \/>\n\t<meta property=\"og:image:height\" content=\"400\" \/>\n\t<meta property=\"og:image:type\" content=\"image\/jpeg\" \/>\n<meta name=\"author\" content=\"WB\" \/>\n<meta name=\"twitter:card\" content=\"summary_large_image\" \/>\n<meta name=\"twitter:creator\" content=\"@webdo_tn\" \/>\n<meta name=\"twitter:site\" content=\"@webdo_tn\" \/>\n<meta name=\"twitter:label1\" content=\"\u00c9crit par\" \/>\n\t<meta name=\"twitter:data1\" content=\"WB\" \/>\n\t<meta name=\"twitter:label2\" content=\"Dur\u00e9e de lecture estim\u00e9e\" \/>\n\t<meta name=\"twitter:data2\" content=\"1 minute\" \/>\n<script type=\"application\/ld+json\" class=\"yoast-schema-graph\">{\"@context\":\"https:\\\/\\\/schema.org\",\"@graph\":[{\"@type\":\"NewsArticle\",\"@id\":\"https:\\\/\\\/www.webdo.tn\\\/fr\\\/actualite\\\/national\\\/visite-inopinee-du-president-kais-saied-a-menzel-bourguiba\\\/211100\\\/#article\",\"isPartOf\":{\"@id\":\"https:\\\/\\\/www.webdo.tn\\\/fr\\\/actualite\\\/national\\\/visite-inopinee-du-president-kais-saied-a-menzel-bourguiba\\\/211100\\\/\"},\"author\":{\"name\":\"WB\",\"@id\":\"https:\\\/\\\/www.webdo.tn\\\/fr\\\/#\\\/schema\\\/person\\\/f16bf91e3b3c6347371884777659f9d8\"},\"headline\":\"Visite inopin\u00e9e du pr\u00e9sident Ka\u00efs Sa\u00efed \u00e0 Menzel Bourguiba\",\"datePublished\":\"2023-12-26T19:40:00+00:00\",\"dateModified\":\"2025-05-20T22:55:45+00:00\",\"mainEntityOfPage\":{\"@id\":\"https:\\\/\\\/www.webdo.tn\\\/fr\\\/actualite\\\/national\\\/visite-inopinee-du-president-kais-saied-a-menzel-bourguiba\\\/211100\\\/\"},\"wordCount\":173,\"commentCount\":0,\"publisher\":{\"@id\":\"https:\\\/\\\/www.webdo.tn\\\/fr\\\/#organization\"},\"image\":{\"@id\":\"https:\\\/\\\/www.webdo.tn\\\/fr\\\/actualite\\\/national\\\/visite-inopinee-du-president-kais-saied-a-menzel-bourguiba\\\/211100\\\/#primaryimage\"},\"thumbnailUrl\":\"https:\\\/\\\/www.webdo.tn\\\/fr\\\/wp-content\\\/uploads\\\/2023\\\/12\\\/1165e2465d128afa926a736aac68cdfb.jpg\",\"keywords\":[\"Fouladh\",\"Kais Saied\",\"Visite inopin\u00e9e\"],\"articleSection\":[\"National\"],\"inLanguage\":\"fr-FR\"},{\"@type\":\"WebPage\",\"@id\":\"https:\\\/\\\/www.webdo.tn\\\/fr\\\/actualite\\\/national\\\/visite-inopinee-du-president-kais-saied-a-menzel-bourguiba\\\/211100\\\/\",\"url\":\"https:\\\/\\\/www.webdo.tn\\\/fr\\\/actualite\\\/national\\\/visite-inopinee-du-president-kais-saied-a-menzel-bourguiba\\\/211100\\\/\",\"name\":\"Visite inopin\u00e9e du pr\u00e9sident Ka\u00efs Sa\u00efed \u00e0 Menzel Bourguiba\",\"isPartOf\":{\"@id\":\"https:\\\/\\\/www.webdo.tn\\\/fr\\\/#website\"},\"primaryImageOfPage\":{\"@id\":\"https:\\\/\\\/www.webdo.tn\\\/fr\\\/actualite\\\/national\\\/visite-inopinee-du-president-kais-saied-a-menzel-bourguiba\\\/211100\\\/#primaryimage\"},\"image\":{\"@id\":\"https:\\\/\\\/www.webdo.tn\\\/fr\\\/actualite\\\/national\\\/visite-inopinee-du-president-kais-saied-a-menzel-bourguiba\\\/211100\\\/#primaryimage\"},\"thumbnailUrl\":\"https:\\\/\\\/www.webdo.tn\\\/fr\\\/wp-content\\\/uploads\\\/2023\\\/12\\\/1165e2465d128afa926a736aac68cdfb.jpg\",\"datePublished\":\"2023-12-26T19:40:00+00:00\",\"dateModified\":\"2025-05-20T22:55:45+00:00\",\"description\":\"En pr\u00e9sence du gouverneur de Bizerte, Samir Abdelaoui et du PDG d'El Fouladh, Sami Kabtini, Ka\u00efs Sa\u00efed a discut\u00e9 avec les employ\u00e9s et s'est enquis de la situati...\",\"breadcrumb\":{\"@id\":\"https:\\\/\\\/www.webdo.tn\\\/fr\\\/actualite\\\/national\\\/visite-inopinee-du-president-kais-saied-a-menzel-bourguiba\\\/211100\\\/#breadcrumb\"},\"inLanguage\":\"fr-FR\",\"potentialAction\":[{\"@type\":\"ReadAction\",\"target\":[\"https:\\\/\\\/www.webdo.tn\\\/fr\\\/actualite\\\/national\\\/visite-inopinee-du-president-kais-saied-a-menzel-bourguiba\\\/211100\\\/\"]}]},{\"@type\":\"ImageObject\",\"inLanguage\":\"fr-FR\",\"@id\":\"https:\\\/\\\/www.webdo.tn\\\/fr\\\/actualite\\\/national\\\/visite-inopinee-du-president-kais-saied-a-menzel-bourguiba\\\/211100\\\/#primaryimage\",\"url\":\"https:\\\/\\\/www.webdo.tn\\\/fr\\\/wp-content\\\/uploads\\\/2023\\\/12\\\/1165e2465d128afa926a736aac68cdfb.jpg\",\"contentUrl\":\"https:\\\/\\\/www.webdo.tn\\\/fr\\\/wp-content\\\/uploads\\\/2023\\\/12\\\/1165e2465d128afa926a736aac68cdfb.jpg\",\"width\":750,\"height\":400,\"caption\":\"Fouladh\"},{\"@type\":\"BreadcrumbList\",\"@id\":\"https:\\\/\\\/www.webdo.tn\\\/fr\\\/actualite\\\/national\\\/visite-inopinee-du-president-kais-saied-a-menzel-bourguiba\\\/211100\\\/#breadcrumb\",\"itemListElement\":[{\"@type\":\"ListItem\",\"position\":1,\"name\":\"Accueil\",\"item\":\"https:\\\/\\\/www.webdo.tn\\\/fr\\\/\"},{\"@type\":\"ListItem\",\"position\":2,\"name\":\"Visite inopin\u00e9e du pr\u00e9sident Ka\u00efs Sa\u00efed \u00e0 Menzel Bourguiba\"}]},{\"@type\":\"WebSite\",\"@id\":\"https:\\\/\\\/www.webdo.tn\\\/fr\\\/#website\",\"url\":\"https:\\\/\\\/www.webdo.tn\\\/fr\\\/\",\"name\":\"webdo\",\"description\":\"Tunisie - News en Tunisie et \u00e0 l&#039;international sur Webdo.tn\",\"publisher\":{\"@id\":\"https:\\\/\\\/www.webdo.tn\\\/fr\\\/#organization\"},\"potentialAction\":[{\"@type\":\"SearchAction\",\"target\":{\"@type\":\"EntryPoint\",\"urlTemplate\":\"https:\\\/\\\/www.webdo.tn\\\/fr\\\/?s={search_term_string}\"},\"query-input\":{\"@type\":\"PropertyValueSpecification\",\"valueRequired\":true,\"valueName\":\"search_term_string\"}}],\"inLanguage\":\"fr-FR\"},{\"@type\":\"Organization\",\"@id\":\"https:\\\/\\\/www.webdo.tn\\\/fr\\\/#organization\",\"name\":\"Webdo\",\"alternateName\":\"Webdo.tn\",\"url\":\"https:\\\/\\\/www.webdo.tn\\\/fr\\\/\",\"logo\":{\"@type\":\"ImageObject\",\"inLanguage\":\"fr-FR\",\"@id\":\"https:\\\/\\\/www.webdo.tn\\\/fr\\\/#\\\/schema\\\/logo\\\/image\\\/\",\"url\":\"https:\\\/\\\/www.webdo.tn\\\/fr\\\/wp-content\\\/uploads\\\/2025\\\/06\\\/Webdo-Tunisie_168377.jpg\",\"contentUrl\":\"https:\\\/\\\/www.webdo.tn\\\/fr\\\/wp-content\\\/uploads\\\/2025\\\/06\\\/Webdo-Tunisie_168377.jpg\",\"width\":301,\"height\":301,\"caption\":\"Webdo\"},\"image\":{\"@id\":\"https:\\\/\\\/www.webdo.tn\\\/fr\\\/#\\\/schema\\\/logo\\\/image\\\/\"},\"sameAs\":[\"https:\\\/\\\/www.facebook.com\\\/webdotn\",\"https:\\\/\\\/x.com\\\/webdo_tn\"],\"description\":\"Webdo est un m\u00e9dia num\u00e9rique tunisien fond\u00e9 en 2010, sp\u00e9cialis\u00e9 dans l\u2019actualit\u00e9 nationale et internationale, l\u2019\u00e9conomie, la soci\u00e9t\u00e9 et les analyses politiques. Le site s\u2019adresse \u00e0 un large public francophone et couvre l\u2019information tunisienne en temps r\u00e9el.\",\"email\":\"redac@webdo.tn\",\"legalName\":\"YNJ SARL\",\"foundingDate\":\"2010-09-06\",\"numberOfEmployees\":{\"@type\":\"QuantitativeValue\",\"minValue\":\"11\",\"maxValue\":\"50\"}},{\"@type\":\"Person\",\"@id\":\"https:\\\/\\\/www.webdo.tn\\\/fr\\\/#\\\/schema\\\/person\\\/f16bf91e3b3c6347371884777659f9d8\",\"name\":\"WB\",\"image\":{\"@type\":\"ImageObject\",\"inLanguage\":\"fr-FR\",\"@id\":\"https:\\\/\\\/secure.gravatar.com\\\/avatar\\\/fd3caf00dbfd4b6d6ce43e8ea4748ed2e4d0fae2c3a87c1e2f6ba0a54c3ab5cb?s=96&d=mm&r=g\",\"url\":\"https:\\\/\\\/secure.gravatar.com\\\/avatar\\\/fd3caf00dbfd4b6d6ce43e8ea4748ed2e4d0fae2c3a87c1e2f6ba0a54c3ab5cb?s=96&d=mm&r=g\",\"contentUrl\":\"https:\\\/\\\/secure.gravatar.com\\\/avatar\\\/fd3caf00dbfd4b6d6ce43e8ea4748ed2e4d0fae2c3a87c1e2f6ba0a54c3ab5cb?s=96&d=mm&r=g\",\"caption\":\"WB\"},\"url\":\"https:\\\/\\\/www.webdo.tn\\\/fr\\\/actualite\\\/author\\\/wb\\\/\"}]}<\/script>\n<!-- \/ Yoast SEO Premium plugin. -->","yoast_head_json":{"title":"Visite inopin\u00e9e du pr\u00e9sident Ka\u00efs Sa\u00efed \u00e0 Menzel Bourguiba","description":"En pr\u00e9sence du gouverneur de Bizerte, Samir Abdelaoui et du PDG d'El Fouladh, Sami Kabtini, Ka\u00efs Sa\u00efed a discut\u00e9 avec les employ\u00e9s et s'est enquis de la situati...","canonical":"https:\/\/www.webdo.tn\/fr\/actualite\/national\/visite-inopinee-du-president-kais-saied-a-menzel-bourguiba\/211100\/","og_locale":"fr_FR","og_type":"article","og_title":"Visite inopin\u00e9e du pr\u00e9sident Ka\u00efs Sa\u00efed \u00e0 Menzel Bourguiba","og_description":"En pr\u00e9sence du gouverneur de Bizerte, Samir Abdelaoui et du PDG d'El Fouladh, Sami Kabtini, Ka\u00efs Sa\u00efed a discut\u00e9 avec les employ\u00e9s et s'est enquis de la situati...","og_url":"https:\/\/www.webdo.tn\/fr\/actualite\/national\/visite-inopinee-du-president-kais-saied-a-menzel-bourguiba\/211100\/","og_site_name":"webdo","article_publisher":"https:\/\/www.facebook.com\/webdotn","article_published_time":"2023-12-26T19:40:00+00:00","article_modified_time":"2025-05-20T22:55:45+00:00","og_image":[{"width":750,"height":400,"url":"https:\/\/www.webdo.tn\/fr\/wp-content\/uploads\/2023\/12\/1165e2465d128afa926a736aac68cdfb.jpg","type":"image\/jpeg"}],"author":"WB","twitter_card":"summary_large_image","twitter_creator":"@webdo_tn","twitter_site":"@webdo_tn","twitter_misc":{"\u00c9crit par":"WB","Dur\u00e9e de lecture estim\u00e9e":"1 minute"},"schema":{"@context":"https:\/\/schema.org","@graph":[{"@type":"NewsArticle","@id":"https:\/\/www.webdo.tn\/fr\/actualite\/national\/visite-inopinee-du-president-kais-saied-a-menzel-bourguiba\/211100\/#article","isPartOf":{"@id":"https:\/\/www.webdo.tn\/fr\/actualite\/national\/visite-inopinee-du-president-kais-saied-a-menzel-bourguiba\/211100\/"},"author":{"name":"WB","@id":"https:\/\/www.webdo.tn\/fr\/#\/schema\/person\/f16bf91e3b3c6347371884777659f9d8"},"headline":"Visite inopin\u00e9e du pr\u00e9sident Ka\u00efs Sa\u00efed \u00e0 Menzel Bourguiba","datePublished":"2023-12-26T19:40:00+00:00","dateModified":"2025-05-20T22:55:45+00:00","mainEntityOfPage":{"@id":"https:\/\/www.webdo.tn\/fr\/actualite\/national\/visite-inopinee-du-president-kais-saied-a-menzel-bourguiba\/211100\/"},"wordCount":173,"commentCount":0,"publisher":{"@id":"https:\/\/www.webdo.tn\/fr\/#organization"},"image":{"@id":"https:\/\/www.webdo.tn\/fr\/actualite\/national\/visite-inopinee-du-president-kais-saied-a-menzel-bourguiba\/211100\/#primaryimage"},"thumbnailUrl":"https:\/\/www.webdo.tn\/fr\/wp-content\/uploads\/2023\/12\/1165e2465d128afa926a736aac68cdfb.jpg","keywords":["Fouladh","Kais Saied","Visite inopin\u00e9e"],"articleSection":["National"],"inLanguage":"fr-FR"},{"@type":"WebPage","@id":"https:\/\/www.webdo.tn\/fr\/actualite\/national\/visite-inopinee-du-president-kais-saied-a-menzel-bourguiba\/211100\/","url":"https:\/\/www.webdo.tn\/fr\/actualite\/national\/visite-inopinee-du-president-kais-saied-a-menzel-bourguiba\/211100\/","name":"Visite inopin\u00e9e du pr\u00e9sident Ka\u00efs Sa\u00efed \u00e0 Menzel Bourguiba","isPartOf":{"@id":"https:\/\/www.webdo.tn\/fr\/#website"},"primaryImageOfPage":{"@id":"https:\/\/www.webdo.tn\/fr\/actualite\/national\/visite-inopinee-du-president-kais-saied-a-menzel-bourguiba\/211100\/#primaryimage"},"image":{"@id":"https:\/\/www.webdo.tn\/fr\/actualite\/national\/visite-inopinee-du-president-kais-saied-a-menzel-bourguiba\/211100\/#primaryimage"},"thumbnailUrl":"https:\/\/www.webdo.tn\/fr\/wp-content\/uploads\/2023\/12\/1165e2465d128afa926a736aac68cdfb.jpg","datePublished":"2023-12-26T19:40:00+00:00","dateModified":"2025-05-20T22:55:45+00:00","description":"En pr\u00e9sence du gouverneur de Bizerte, Samir Abdelaoui et du PDG d'El Fouladh, Sami Kabtini, Ka\u00efs Sa\u00efed a discut\u00e9 avec les employ\u00e9s et s'est enquis de la situati...","breadcrumb":{"@id":"https:\/\/www.webdo.tn\/fr\/actualite\/national\/visite-inopinee-du-president-kais-saied-a-menzel-bourguiba\/211100\/#breadcrumb"},"inLanguage":"fr-FR","potentialAction":[{"@type":"ReadAction","target":["https:\/\/www.webdo.tn\/fr\/actualite\/national\/visite-inopinee-du-president-kais-saied-a-menzel-bourguiba\/211100\/"]}]},{"@type":"ImageObject","inLanguage":"fr-FR","@id":"https:\/\/www.webdo.tn\/fr\/actualite\/national\/visite-inopinee-du-president-kais-saied-a-menzel-bourguiba\/211100\/#primaryimage","url":"https:\/\/www.webdo.tn\/fr\/wp-content\/uploads\/2023\/12\/1165e2465d128afa926a736aac68cdfb.jpg","contentUrl":"https:\/\/www.webdo.tn\/fr\/wp-content\/uploads\/2023\/12\/1165e2465d128afa926a736aac68cdfb.jpg","width":750,"height":400,"caption":"Fouladh"},{"@type":"BreadcrumbList","@id":"https:\/\/www.webdo.tn\/fr\/actualite\/national\/visite-inopinee-du-president-kais-saied-a-menzel-bourguiba\/211100\/#breadcrumb","itemListElement":[{"@type":"ListItem","position":1,"name":"Accueil","item":"https:\/\/www.webdo.tn\/fr\/"},{"@type":"ListItem","position":2,"name":"Visite inopin\u00e9e du pr\u00e9sident Ka\u00efs Sa\u00efed \u00e0 Menzel Bourguiba"}]},{"@type":"WebSite","@id":"https:\/\/www.webdo.tn\/fr\/#website","url":"https:\/\/www.webdo.tn\/fr\/","name":"webdo","description":"Tunisie - News en Tunisie et \u00e0 l&#039;international sur Webdo.tn","publisher":{"@id":"https:\/\/www.webdo.tn\/fr\/#organization"},"potentialAction":[{"@type":"SearchAction","target":{"@type":"EntryPoint","urlTemplate":"https:\/\/www.webdo.tn\/fr\/?s={search_term_string}"},"query-input":{"@type":"PropertyValueSpecification","valueRequired":true,"valueName":"search_term_string"}}],"inLanguage":"fr-FR"},{"@type":"Organization","@id":"https:\/\/www.webdo.tn\/fr\/#organization","name":"Webdo","alternateName":"Webdo.tn","url":"https:\/\/www.webdo.tn\/fr\/","logo":{"@type":"ImageObject","inLanguage":"fr-FR","@id":"https:\/\/www.webdo.tn\/fr\/#\/schema\/logo\/image\/","url":"https:\/\/www.webdo.tn\/fr\/wp-content\/uploads\/2025\/06\/Webdo-Tunisie_168377.jpg","contentUrl":"https:\/\/www.webdo.tn\/fr\/wp-content\/uploads\/2025\/06\/Webdo-Tunisie_168377.jpg","width":301,"height":301,"caption":"Webdo"},"image":{"@id":"https:\/\/www.webdo.tn\/fr\/#\/schema\/logo\/image\/"},"sameAs":["https:\/\/www.facebook.com\/webdotn","https:\/\/x.com\/webdo_tn"],"description":"Webdo est un m\u00e9dia num\u00e9rique tunisien fond\u00e9 en 2010, sp\u00e9cialis\u00e9 dans l\u2019actualit\u00e9 nationale et internationale, l\u2019\u00e9conomie, la soci\u00e9t\u00e9 et les analyses politiques. Le site s\u2019adresse \u00e0 un large public francophone et couvre l\u2019information tunisienne en temps r\u00e9el.","email":"redac@webdo.tn","legalName":"YNJ SARL","foundingDate":"2010-09-06","numberOfEmployees":{"@type":"QuantitativeValue","minValue":"11","maxValue":"50"}},{"@type":"Person","@id":"https:\/\/www.webdo.tn\/fr\/#\/schema\/person\/f16bf91e3b3c6347371884777659f9d8","name":"WB","image":{"@type":"ImageObject","inLanguage":"fr-FR","@id":"https:\/\/secure.gravatar.com\/avatar\/fd3caf00dbfd4b6d6ce43e8ea4748ed2e4d0fae2c3a87c1e2f6ba0a54c3ab5cb?s=96&d=mm&r=g","url":"https:\/\/secure.gravatar.com\/avatar\/fd3caf00dbfd4b6d6ce43e8ea4748ed2e4d0fae2c3a87c1e2f6ba0a54c3ab5cb?s=96&d=mm&r=g","contentUrl":"https:\/\/secure.gravatar.com\/avatar\/fd3caf00dbfd4b6d6ce43e8ea4748ed2e4d0fae2c3a87c1e2f6ba0a54c3ab5cb?s=96&d=mm&r=g","caption":"WB"},"url":"https:\/\/www.webdo.tn\/fr\/actualite\/author\/wb\/"}]}},"_links":{"self":[{"href":"https:\/\/www.webdo.tn\/fr\/wp-json\/wp\/v2\/posts\/211100","targetHints":{"allow":["GET"]}}],"collection":[{"href":"https:\/\/www.webdo.tn\/fr\/wp-json\/wp\/v2\/posts"}],"about":[{"href":"https:\/\/www.webdo.tn\/fr\/wp-json\/wp\/v2\/types\/post"}],"author":[{"embeddable":true,"href":"https:\/\/www.webdo.tn\/fr\/wp-json\/wp\/v2\/users\/3182"}],"replies":[{"embeddable":true,"href":"https:\/\/www.webdo.tn\/fr\/wp-json\/wp\/v2\/comments?post=211100"}],"version-history":[{"count":0,"href":"https:\/\/www.webdo.tn\/fr\/wp-json\/wp\/v2\/posts\/211100\/revisions"}],"wp:featuredmedia":[{"embeddable":true,"href":"https:\/\/www.webdo.tn\/fr\/wp-json\/wp\/v2\/media\/248408"}],"wp:attachment":[{"href":"https:\/\/www.webdo.tn\/fr\/wp-json\/wp\/v2\/media?parent=211100"}],"wp:term":[{"taxonomy":"category","embeddable":true,"href":"https:\/\/www.webdo.tn\/fr\/wp-json\/wp\/v2\/categories?post=211100"},{"taxonomy":"post_tag","embeddable":true,"href":"https:\/\/www.webdo.tn\/fr\/wp-json\/wp\/v2\/tags?post=211100"}],"curies":[{"name":"wp","href":"https:\/\/api.w.org\/{rel}","templated":true}]}}