{"id":211096,"date":"2023-12-26T16:10:00","date_gmt":"2023-12-26T16:10:00","guid":{"rendered":"https:\/\/www.webdo.tn\/fr\/blog\/ligue-1-12eme-j-le-stade-tunisien-nouveau-leader\/211096\/"},"modified":"2025-05-20T21:54:28","modified_gmt":"2025-05-20T21:54:28","slug":"ligue-1-12eme-j-le-stade-tunisien-nouveau-leader","status":"publish","type":"post","link":"https:\/\/www.webdo.tn\/fr\/actualite\/sport\/ligue-1-12eme-j-le-stade-tunisien-nouveau-leader\/211096\/","title":{"rendered":"Ligue 1 | 12\u00e8me J. : Le Stade Tunisien nouveau leader"},"content":{"rendered":"<p>En battant le CA, aujourd\u2019hui au Bardo, le ST s\u2019est empar\u00e9 du fauteuil de leader.<\/p>\n<p>\t\t\t\t\t\t\t\t\tLa 12\u00e8me journ\u00e9e a d\u00e9marr\u00e9 aujourd\u2019hui avec les trois rencontres du groupe A au programme. L\u2019attraction a eu lieu au Complexe Hedi Enneifer du Bardo o\u00f9 le Stade Tunisien a battu le Club Africain sur le score de 2-1 apr\u00e8s avoir \u00e9t\u00e9 men\u00e9 1-0 apr\u00e8s 7 minutes de jeu.<\/p>\n<p>Le CA a d\u00e9marr\u00e9 fort en inscrivant le premier but par Kingsley Eduwo. Mais, les Stadistes ont pu revenir au score d\u2019abord gr\u00e2ce \u00e0 Hamza Khadhraoui 45&prime; avant que Haythem Jouini n\u2019ajoute un second but \u00e0 la 64&prime;.<\/p>\n<p>Gr\u00e2ce \u00e0 cette victoire, le ST s\u2019empare du leadership \u00e0 deux journ\u00e9es de la fin de la premi\u00e8re phase du Championnat de Ligue 1.<\/p>\n<p>Demain, suite de la 12\u00e8me journ\u00e9e avec les rencontres du groupe B et le Clasico entre l\u2019Esp\u00e9rance ST et le CS Sfaxien. Les deux larrons, auxquels il faut ajouter l\u2019US Monastirienne, sont d\u00e9j\u00e0 qualifi\u00e9s au play-off, mais cette rencontre reste d\u00e9cisive pour l\u2019octroi du bonus.<\/p>\n<p>RESULTATS<\/p>\n<p>Groupe A<\/p>\n<p>\tStade Tunisien &#8211; Club Africain 2-1<br \/>\n\tAS Soliman &#8211; EGS Gafsa 0-2<br \/>\n\tO. B\u00e9ja &#8211; US Ben Guerdane 1-1<\/p>\n<p>MERCREDI 27 DECEMBRE (14H00)<\/p>\n<p>Groupe B<\/p>\n<p>\tEsp\u00e9rance ST &#8211; CS Sfaxien<br \/>\n\tES M\u00e9tlaoui &#8211; US Monastirienne<br \/>\n\tUS Tataouine &#8211; Club Athl\u00e9tique Bizertin<\/p>\n<p>CLASSEMENTS<\/p>\n","protected":false},"excerpt":{"rendered":"<p>La 12\u00e8me journ\u00e9e a d\u00e9marr\u00e9 aujourd\u2019hui avec les trois rencontres du groupe A au programme.<\/p>\n","protected":false},"author":3162,"featured_media":248401,"comment_status":"open","ping_status":"closed","sticky":false,"template":"","format":"standard","meta":{"footnotes":""},"categories":[2593],"tags":[3101,2777,4600],"class_list":["post-211096","post","type-post","status-publish","format-standard","has-post-thumbnail","hentry","category-sport","tag-club-africain","tag-ligue-1","tag-stade-tunisien"],"yoast_head":"<!-- This site is optimized with the Yoast SEO Premium plugin v27.4 (Yoast SEO v27.5) - https:\/\/yoast.com\/product\/yoast-seo-premium-wordpress\/ -->\n<title>Ligue 1 | 12\u00e8me J. : Le Stade Tunisien nouveau leader<\/title>\n<meta name=\"description\" content=\"La 12\u00e8me journ\u00e9e a d\u00e9marr\u00e9 aujourd\u2019hui avec les trois rencontres du groupe A au programme.\" \/>\n<link rel=\"canonical\" href=\"https:\/\/www.webdo.tn\/fr\/actualite\/sport\/ligue-1-12eme-j-le-stade-tunisien-nouveau-leader\/211096\/\" \/>\n<meta property=\"og:locale\" content=\"fr_FR\" \/>\n<meta property=\"og:type\" content=\"article\" \/>\n<meta property=\"og:title\" content=\"Ligue 1 | 12\u00e8me J. : Le Stade Tunisien nouveau leader\" \/>\n<meta property=\"og:description\" content=\"La 12\u00e8me journ\u00e9e a d\u00e9marr\u00e9 aujourd\u2019hui avec les trois rencontres du groupe A au programme.\" \/>\n<meta property=\"og:url\" content=\"https:\/\/www.webdo.tn\/fr\/actualite\/sport\/ligue-1-12eme-j-le-stade-tunisien-nouveau-leader\/211096\/\" \/>\n<meta property=\"og:site_name\" content=\"webdo\" \/>\n<meta property=\"article:publisher\" content=\"https:\/\/www.facebook.com\/webdotn\" \/>\n<meta property=\"article:published_time\" content=\"2023-12-26T16:10:00+00:00\" \/>\n<meta property=\"article:modified_time\" content=\"2025-05-20T21:54:28+00:00\" \/>\n<meta property=\"og:image\" content=\"https:\/\/www.webdo.tn\/fr\/wp-content\/uploads\/2023\/12\/c204aa8e7f9080e69aed418b1c07ba92.jpg\" \/>\n\t<meta property=\"og:image:width\" content=\"750\" \/>\n\t<meta property=\"og:image:height\" content=\"400\" \/>\n\t<meta property=\"og:image:type\" content=\"image\/jpeg\" \/>\n<meta name=\"author\" content=\"MC\" \/>\n<meta name=\"twitter:card\" content=\"summary_large_image\" \/>\n<meta name=\"twitter:creator\" content=\"@webdo_tn\" \/>\n<meta name=\"twitter:site\" content=\"@webdo_tn\" \/>\n<meta name=\"twitter:label1\" content=\"\u00c9crit par\" \/>\n\t<meta name=\"twitter:data1\" content=\"MC\" \/>\n\t<meta name=\"twitter:label2\" content=\"Dur\u00e9e de lecture estim\u00e9e\" \/>\n\t<meta name=\"twitter:data2\" content=\"1 minute\" \/>\n<script type=\"application\/ld+json\" class=\"yoast-schema-graph\">{\"@context\":\"https:\\\/\\\/schema.org\",\"@graph\":[{\"@type\":\"NewsArticle\",\"@id\":\"https:\\\/\\\/www.webdo.tn\\\/fr\\\/actualite\\\/sport\\\/ligue-1-12eme-j-le-stade-tunisien-nouveau-leader\\\/211096\\\/#article\",\"isPartOf\":{\"@id\":\"https:\\\/\\\/www.webdo.tn\\\/fr\\\/actualite\\\/sport\\\/ligue-1-12eme-j-le-stade-tunisien-nouveau-leader\\\/211096\\\/\"},\"author\":{\"name\":\"MC\",\"@id\":\"https:\\\/\\\/www.webdo.tn\\\/fr\\\/#\\\/schema\\\/person\\\/2c4929cbf5a809e3bd38617c6ce150f6\"},\"headline\":\"Ligue 1 | 12\u00e8me J. : Le Stade Tunisien nouveau leader\",\"datePublished\":\"2023-12-26T16:10:00+00:00\",\"dateModified\":\"2025-05-20T21:54:28+00:00\",\"mainEntityOfPage\":{\"@id\":\"https:\\\/\\\/www.webdo.tn\\\/fr\\\/actualite\\\/sport\\\/ligue-1-12eme-j-le-stade-tunisien-nouveau-leader\\\/211096\\\/\"},\"wordCount\":243,\"commentCount\":0,\"publisher\":{\"@id\":\"https:\\\/\\\/www.webdo.tn\\\/fr\\\/#organization\"},\"image\":{\"@id\":\"https:\\\/\\\/www.webdo.tn\\\/fr\\\/actualite\\\/sport\\\/ligue-1-12eme-j-le-stade-tunisien-nouveau-leader\\\/211096\\\/#primaryimage\"},\"thumbnailUrl\":\"https:\\\/\\\/www.webdo.tn\\\/fr\\\/wp-content\\\/uploads\\\/2023\\\/12\\\/c204aa8e7f9080e69aed418b1c07ba92.jpg\",\"keywords\":[\"Club Africain\",\"Ligue 1\",\"stade tunisien\"],\"articleSection\":[\"Sport\"],\"inLanguage\":\"fr-FR\"},{\"@type\":\"WebPage\",\"@id\":\"https:\\\/\\\/www.webdo.tn\\\/fr\\\/actualite\\\/sport\\\/ligue-1-12eme-j-le-stade-tunisien-nouveau-leader\\\/211096\\\/\",\"url\":\"https:\\\/\\\/www.webdo.tn\\\/fr\\\/actualite\\\/sport\\\/ligue-1-12eme-j-le-stade-tunisien-nouveau-leader\\\/211096\\\/\",\"name\":\"Ligue 1 | 12\u00e8me J. : Le Stade Tunisien nouveau leader\",\"isPartOf\":{\"@id\":\"https:\\\/\\\/www.webdo.tn\\\/fr\\\/#website\"},\"primaryImageOfPage\":{\"@id\":\"https:\\\/\\\/www.webdo.tn\\\/fr\\\/actualite\\\/sport\\\/ligue-1-12eme-j-le-stade-tunisien-nouveau-leader\\\/211096\\\/#primaryimage\"},\"image\":{\"@id\":\"https:\\\/\\\/www.webdo.tn\\\/fr\\\/actualite\\\/sport\\\/ligue-1-12eme-j-le-stade-tunisien-nouveau-leader\\\/211096\\\/#primaryimage\"},\"thumbnailUrl\":\"https:\\\/\\\/www.webdo.tn\\\/fr\\\/wp-content\\\/uploads\\\/2023\\\/12\\\/c204aa8e7f9080e69aed418b1c07ba92.jpg\",\"datePublished\":\"2023-12-26T16:10:00+00:00\",\"dateModified\":\"2025-05-20T21:54:28+00:00\",\"description\":\"La 12\u00e8me journ\u00e9e a d\u00e9marr\u00e9 aujourd\u2019hui avec les trois rencontres du groupe A au programme.\",\"breadcrumb\":{\"@id\":\"https:\\\/\\\/www.webdo.tn\\\/fr\\\/actualite\\\/sport\\\/ligue-1-12eme-j-le-stade-tunisien-nouveau-leader\\\/211096\\\/#breadcrumb\"},\"inLanguage\":\"fr-FR\",\"potentialAction\":[{\"@type\":\"ReadAction\",\"target\":[\"https:\\\/\\\/www.webdo.tn\\\/fr\\\/actualite\\\/sport\\\/ligue-1-12eme-j-le-stade-tunisien-nouveau-leader\\\/211096\\\/\"]}]},{\"@type\":\"ImageObject\",\"inLanguage\":\"fr-FR\",\"@id\":\"https:\\\/\\\/www.webdo.tn\\\/fr\\\/actualite\\\/sport\\\/ligue-1-12eme-j-le-stade-tunisien-nouveau-leader\\\/211096\\\/#primaryimage\",\"url\":\"https:\\\/\\\/www.webdo.tn\\\/fr\\\/wp-content\\\/uploads\\\/2023\\\/12\\\/c204aa8e7f9080e69aed418b1c07ba92.jpg\",\"contentUrl\":\"https:\\\/\\\/www.webdo.tn\\\/fr\\\/wp-content\\\/uploads\\\/2023\\\/12\\\/c204aa8e7f9080e69aed418b1c07ba92.jpg\",\"width\":750,\"height\":400,\"caption\":\"Ligue 1 | 12\u00e8me J. : Le Stade Tunisien nouveau leader\"},{\"@type\":\"BreadcrumbList\",\"@id\":\"https:\\\/\\\/www.webdo.tn\\\/fr\\\/actualite\\\/sport\\\/ligue-1-12eme-j-le-stade-tunisien-nouveau-leader\\\/211096\\\/#breadcrumb\",\"itemListElement\":[{\"@type\":\"ListItem\",\"position\":1,\"name\":\"Accueil\",\"item\":\"https:\\\/\\\/www.webdo.tn\\\/fr\\\/\"},{\"@type\":\"ListItem\",\"position\":2,\"name\":\"Ligue 1 | 12\u00e8me J. : Le Stade Tunisien nouveau leader\"}]},{\"@type\":\"WebSite\",\"@id\":\"https:\\\/\\\/www.webdo.tn\\\/fr\\\/#website\",\"url\":\"https:\\\/\\\/www.webdo.tn\\\/fr\\\/\",\"name\":\"webdo\",\"description\":\"Tunisie - News en Tunisie et \u00e0 l&#039;international sur Webdo.tn\",\"publisher\":{\"@id\":\"https:\\\/\\\/www.webdo.tn\\\/fr\\\/#organization\"},\"potentialAction\":[{\"@type\":\"SearchAction\",\"target\":{\"@type\":\"EntryPoint\",\"urlTemplate\":\"https:\\\/\\\/www.webdo.tn\\\/fr\\\/?s={search_term_string}\"},\"query-input\":{\"@type\":\"PropertyValueSpecification\",\"valueRequired\":true,\"valueName\":\"search_term_string\"}}],\"inLanguage\":\"fr-FR\"},{\"@type\":\"Organization\",\"@id\":\"https:\\\/\\\/www.webdo.tn\\\/fr\\\/#organization\",\"name\":\"Webdo\",\"alternateName\":\"Webdo.tn\",\"url\":\"https:\\\/\\\/www.webdo.tn\\\/fr\\\/\",\"logo\":{\"@type\":\"ImageObject\",\"inLanguage\":\"fr-FR\",\"@id\":\"https:\\\/\\\/www.webdo.tn\\\/fr\\\/#\\\/schema\\\/logo\\\/image\\\/\",\"url\":\"https:\\\/\\\/www.webdo.tn\\\/fr\\\/wp-content\\\/uploads\\\/2025\\\/06\\\/Webdo-Tunisie_168377.jpg\",\"contentUrl\":\"https:\\\/\\\/www.webdo.tn\\\/fr\\\/wp-content\\\/uploads\\\/2025\\\/06\\\/Webdo-Tunisie_168377.jpg\",\"width\":301,\"height\":301,\"caption\":\"Webdo\"},\"image\":{\"@id\":\"https:\\\/\\\/www.webdo.tn\\\/fr\\\/#\\\/schema\\\/logo\\\/image\\\/\"},\"sameAs\":[\"https:\\\/\\\/www.facebook.com\\\/webdotn\",\"https:\\\/\\\/x.com\\\/webdo_tn\"],\"description\":\"Webdo est un m\u00e9dia num\u00e9rique tunisien fond\u00e9 en 2010, sp\u00e9cialis\u00e9 dans l\u2019actualit\u00e9 nationale et internationale, l\u2019\u00e9conomie, la soci\u00e9t\u00e9 et les analyses politiques. Le site s\u2019adresse \u00e0 un large public francophone et couvre l\u2019information tunisienne en temps r\u00e9el.\",\"email\":\"redac@webdo.tn\",\"legalName\":\"YNJ SARL\",\"foundingDate\":\"2010-09-06\",\"numberOfEmployees\":{\"@type\":\"QuantitativeValue\",\"minValue\":\"11\",\"maxValue\":\"50\"}},{\"@type\":\"Person\",\"@id\":\"https:\\\/\\\/www.webdo.tn\\\/fr\\\/#\\\/schema\\\/person\\\/2c4929cbf5a809e3bd38617c6ce150f6\",\"name\":\"MC\",\"image\":{\"@type\":\"ImageObject\",\"inLanguage\":\"fr-FR\",\"@id\":\"https:\\\/\\\/secure.gravatar.com\\\/avatar\\\/a545bbb6f84efdd5553dbbc2895e3ca8f1d12c5215e00a041c9670b54aa9b18a?s=96&d=mm&r=g\",\"url\":\"https:\\\/\\\/secure.gravatar.com\\\/avatar\\\/a545bbb6f84efdd5553dbbc2895e3ca8f1d12c5215e00a041c9670b54aa9b18a?s=96&d=mm&r=g\",\"contentUrl\":\"https:\\\/\\\/secure.gravatar.com\\\/avatar\\\/a545bbb6f84efdd5553dbbc2895e3ca8f1d12c5215e00a041c9670b54aa9b18a?s=96&d=mm&r=g\",\"caption\":\"MC\"},\"url\":\"https:\\\/\\\/www.webdo.tn\\\/fr\\\/actualite\\\/author\\\/mc\\\/\"}]}<\/script>\n<!-- \/ Yoast SEO Premium plugin. -->","yoast_head_json":{"title":"Ligue 1 | 12\u00e8me J. : Le Stade Tunisien nouveau leader","description":"La 12\u00e8me journ\u00e9e a d\u00e9marr\u00e9 aujourd\u2019hui avec les trois rencontres du groupe A au programme.","canonical":"https:\/\/www.webdo.tn\/fr\/actualite\/sport\/ligue-1-12eme-j-le-stade-tunisien-nouveau-leader\/211096\/","og_locale":"fr_FR","og_type":"article","og_title":"Ligue 1 | 12\u00e8me J. : Le Stade Tunisien nouveau leader","og_description":"La 12\u00e8me journ\u00e9e a d\u00e9marr\u00e9 aujourd\u2019hui avec les trois rencontres du groupe A au programme.","og_url":"https:\/\/www.webdo.tn\/fr\/actualite\/sport\/ligue-1-12eme-j-le-stade-tunisien-nouveau-leader\/211096\/","og_site_name":"webdo","article_publisher":"https:\/\/www.facebook.com\/webdotn","article_published_time":"2023-12-26T16:10:00+00:00","article_modified_time":"2025-05-20T21:54:28+00:00","og_image":[{"width":750,"height":400,"url":"https:\/\/www.webdo.tn\/fr\/wp-content\/uploads\/2023\/12\/c204aa8e7f9080e69aed418b1c07ba92.jpg","type":"image\/jpeg"}],"author":"MC","twitter_card":"summary_large_image","twitter_creator":"@webdo_tn","twitter_site":"@webdo_tn","twitter_misc":{"\u00c9crit par":"MC","Dur\u00e9e de lecture estim\u00e9e":"1 minute"},"schema":{"@context":"https:\/\/schema.org","@graph":[{"@type":"NewsArticle","@id":"https:\/\/www.webdo.tn\/fr\/actualite\/sport\/ligue-1-12eme-j-le-stade-tunisien-nouveau-leader\/211096\/#article","isPartOf":{"@id":"https:\/\/www.webdo.tn\/fr\/actualite\/sport\/ligue-1-12eme-j-le-stade-tunisien-nouveau-leader\/211096\/"},"author":{"name":"MC","@id":"https:\/\/www.webdo.tn\/fr\/#\/schema\/person\/2c4929cbf5a809e3bd38617c6ce150f6"},"headline":"Ligue 1 | 12\u00e8me J. : Le Stade Tunisien nouveau leader","datePublished":"2023-12-26T16:10:00+00:00","dateModified":"2025-05-20T21:54:28+00:00","mainEntityOfPage":{"@id":"https:\/\/www.webdo.tn\/fr\/actualite\/sport\/ligue-1-12eme-j-le-stade-tunisien-nouveau-leader\/211096\/"},"wordCount":243,"commentCount":0,"publisher":{"@id":"https:\/\/www.webdo.tn\/fr\/#organization"},"image":{"@id":"https:\/\/www.webdo.tn\/fr\/actualite\/sport\/ligue-1-12eme-j-le-stade-tunisien-nouveau-leader\/211096\/#primaryimage"},"thumbnailUrl":"https:\/\/www.webdo.tn\/fr\/wp-content\/uploads\/2023\/12\/c204aa8e7f9080e69aed418b1c07ba92.jpg","keywords":["Club Africain","Ligue 1","stade tunisien"],"articleSection":["Sport"],"inLanguage":"fr-FR"},{"@type":"WebPage","@id":"https:\/\/www.webdo.tn\/fr\/actualite\/sport\/ligue-1-12eme-j-le-stade-tunisien-nouveau-leader\/211096\/","url":"https:\/\/www.webdo.tn\/fr\/actualite\/sport\/ligue-1-12eme-j-le-stade-tunisien-nouveau-leader\/211096\/","name":"Ligue 1 | 12\u00e8me J. : Le Stade Tunisien nouveau leader","isPartOf":{"@id":"https:\/\/www.webdo.tn\/fr\/#website"},"primaryImageOfPage":{"@id":"https:\/\/www.webdo.tn\/fr\/actualite\/sport\/ligue-1-12eme-j-le-stade-tunisien-nouveau-leader\/211096\/#primaryimage"},"image":{"@id":"https:\/\/www.webdo.tn\/fr\/actualite\/sport\/ligue-1-12eme-j-le-stade-tunisien-nouveau-leader\/211096\/#primaryimage"},"thumbnailUrl":"https:\/\/www.webdo.tn\/fr\/wp-content\/uploads\/2023\/12\/c204aa8e7f9080e69aed418b1c07ba92.jpg","datePublished":"2023-12-26T16:10:00+00:00","dateModified":"2025-05-20T21:54:28+00:00","description":"La 12\u00e8me journ\u00e9e a d\u00e9marr\u00e9 aujourd\u2019hui avec les trois rencontres du groupe A au programme.","breadcrumb":{"@id":"https:\/\/www.webdo.tn\/fr\/actualite\/sport\/ligue-1-12eme-j-le-stade-tunisien-nouveau-leader\/211096\/#breadcrumb"},"inLanguage":"fr-FR","potentialAction":[{"@type":"ReadAction","target":["https:\/\/www.webdo.tn\/fr\/actualite\/sport\/ligue-1-12eme-j-le-stade-tunisien-nouveau-leader\/211096\/"]}]},{"@type":"ImageObject","inLanguage":"fr-FR","@id":"https:\/\/www.webdo.tn\/fr\/actualite\/sport\/ligue-1-12eme-j-le-stade-tunisien-nouveau-leader\/211096\/#primaryimage","url":"https:\/\/www.webdo.tn\/fr\/wp-content\/uploads\/2023\/12\/c204aa8e7f9080e69aed418b1c07ba92.jpg","contentUrl":"https:\/\/www.webdo.tn\/fr\/wp-content\/uploads\/2023\/12\/c204aa8e7f9080e69aed418b1c07ba92.jpg","width":750,"height":400,"caption":"Ligue 1 | 12\u00e8me J. : Le Stade Tunisien nouveau leader"},{"@type":"BreadcrumbList","@id":"https:\/\/www.webdo.tn\/fr\/actualite\/sport\/ligue-1-12eme-j-le-stade-tunisien-nouveau-leader\/211096\/#breadcrumb","itemListElement":[{"@type":"ListItem","position":1,"name":"Accueil","item":"https:\/\/www.webdo.tn\/fr\/"},{"@type":"ListItem","position":2,"name":"Ligue 1 | 12\u00e8me J. : Le Stade Tunisien nouveau leader"}]},{"@type":"WebSite","@id":"https:\/\/www.webdo.tn\/fr\/#website","url":"https:\/\/www.webdo.tn\/fr\/","name":"webdo","description":"Tunisie - News en Tunisie et \u00e0 l&#039;international sur Webdo.tn","publisher":{"@id":"https:\/\/www.webdo.tn\/fr\/#organization"},"potentialAction":[{"@type":"SearchAction","target":{"@type":"EntryPoint","urlTemplate":"https:\/\/www.webdo.tn\/fr\/?s={search_term_string}"},"query-input":{"@type":"PropertyValueSpecification","valueRequired":true,"valueName":"search_term_string"}}],"inLanguage":"fr-FR"},{"@type":"Organization","@id":"https:\/\/www.webdo.tn\/fr\/#organization","name":"Webdo","alternateName":"Webdo.tn","url":"https:\/\/www.webdo.tn\/fr\/","logo":{"@type":"ImageObject","inLanguage":"fr-FR","@id":"https:\/\/www.webdo.tn\/fr\/#\/schema\/logo\/image\/","url":"https:\/\/www.webdo.tn\/fr\/wp-content\/uploads\/2025\/06\/Webdo-Tunisie_168377.jpg","contentUrl":"https:\/\/www.webdo.tn\/fr\/wp-content\/uploads\/2025\/06\/Webdo-Tunisie_168377.jpg","width":301,"height":301,"caption":"Webdo"},"image":{"@id":"https:\/\/www.webdo.tn\/fr\/#\/schema\/logo\/image\/"},"sameAs":["https:\/\/www.facebook.com\/webdotn","https:\/\/x.com\/webdo_tn"],"description":"Webdo est un m\u00e9dia num\u00e9rique tunisien fond\u00e9 en 2010, sp\u00e9cialis\u00e9 dans l\u2019actualit\u00e9 nationale et internationale, l\u2019\u00e9conomie, la soci\u00e9t\u00e9 et les analyses politiques. Le site s\u2019adresse \u00e0 un large public francophone et couvre l\u2019information tunisienne en temps r\u00e9el.","email":"redac@webdo.tn","legalName":"YNJ SARL","foundingDate":"2010-09-06","numberOfEmployees":{"@type":"QuantitativeValue","minValue":"11","maxValue":"50"}},{"@type":"Person","@id":"https:\/\/www.webdo.tn\/fr\/#\/schema\/person\/2c4929cbf5a809e3bd38617c6ce150f6","name":"MC","image":{"@type":"ImageObject","inLanguage":"fr-FR","@id":"https:\/\/secure.gravatar.com\/avatar\/a545bbb6f84efdd5553dbbc2895e3ca8f1d12c5215e00a041c9670b54aa9b18a?s=96&d=mm&r=g","url":"https:\/\/secure.gravatar.com\/avatar\/a545bbb6f84efdd5553dbbc2895e3ca8f1d12c5215e00a041c9670b54aa9b18a?s=96&d=mm&r=g","contentUrl":"https:\/\/secure.gravatar.com\/avatar\/a545bbb6f84efdd5553dbbc2895e3ca8f1d12c5215e00a041c9670b54aa9b18a?s=96&d=mm&r=g","caption":"MC"},"url":"https:\/\/www.webdo.tn\/fr\/actualite\/author\/mc\/"}]}},"_links":{"self":[{"href":"https:\/\/www.webdo.tn\/fr\/wp-json\/wp\/v2\/posts\/211096","targetHints":{"allow":["GET"]}}],"collection":[{"href":"https:\/\/www.webdo.tn\/fr\/wp-json\/wp\/v2\/posts"}],"about":[{"href":"https:\/\/www.webdo.tn\/fr\/wp-json\/wp\/v2\/types\/post"}],"author":[{"embeddable":true,"href":"https:\/\/www.webdo.tn\/fr\/wp-json\/wp\/v2\/users\/3162"}],"replies":[{"embeddable":true,"href":"https:\/\/www.webdo.tn\/fr\/wp-json\/wp\/v2\/comments?post=211096"}],"version-history":[{"count":0,"href":"https:\/\/www.webdo.tn\/fr\/wp-json\/wp\/v2\/posts\/211096\/revisions"}],"wp:featuredmedia":[{"embeddable":true,"href":"https:\/\/www.webdo.tn\/fr\/wp-json\/wp\/v2\/media\/248401"}],"wp:attachment":[{"href":"https:\/\/www.webdo.tn\/fr\/wp-json\/wp\/v2\/media?parent=211096"}],"wp:term":[{"taxonomy":"category","embeddable":true,"href":"https:\/\/www.webdo.tn\/fr\/wp-json\/wp\/v2\/categories?post=211096"},{"taxonomy":"post_tag","embeddable":true,"href":"https:\/\/www.webdo.tn\/fr\/wp-json\/wp\/v2\/tags?post=211096"}],"curies":[{"name":"wp","href":"https:\/\/api.w.org\/{rel}","templated":true}]}}