{"id":211080,"date":"2023-12-26T07:44:00","date_gmt":"2023-12-26T07:44:00","guid":{"rendered":"https:\/\/www.webdo.tn\/fr\/blog\/tunisie-leila-jaffel-se-prononce-sur-la-bataille-de-liberation-nationale\/211080\/"},"modified":"2025-05-20T22:52:41","modified_gmt":"2025-05-20T22:52:41","slug":"tunisie-leila-jaffel-se-prononce-sur-la-bataille-de-liberation-nationale","status":"publish","type":"post","link":"https:\/\/www.webdo.tn\/fr\/actualite\/national\/tunisie-leila-jaffel-se-prononce-sur-la-bataille-de-liberation-nationale\/211080\/","title":{"rendered":"Tunisie : Leila Jaffel se prononce sur la bataille de lib\u00e9ration nationale"},"content":{"rendered":"<p>Recevant hier lundi 25 d\u00e9cembre un groupe de d\u00e9nonciateurs de corruption, Leila Jaffel, ministre de la Justice s\u2019est prononc\u00e9 sur ce qu\u2019elle a appel\u00e9 la bataille de lib\u00e9ration nationale.\u00a0<\/p>\n<p>Cit\u00e9e dans un communiqu\u00e9 du d\u00e9partement, la ministre a rappel\u00e9 en outre que \u00ab le processus de lutte contre la corruption et de dilapidation des fonds publics fait partie int\u00e9grante de la bataille de lib\u00e9ration nationale pr\u00f4n\u00e9e par le pr\u00e9sident de la R\u00e9publique \u00e0 maintes reprises \u00bb.\u00a0<\/p>\n<p>L&rsquo;accent a \u00e9t\u00e9 \u00e9galement mis sur la n\u00e9cessit\u00e9 d&rsquo;offrir la protection n\u00e9cessaire aux d\u00e9nonciateurs de mani\u00e8re \u00e0 ce qu&rsquo;elle se concr\u00e9tise dans la pratique.<\/p>\n<p>Les d\u00e9nonciateurs ont saisi l&rsquo;occasion pour faire part de leurs soucis et pr\u00e9occupations lorsqu&rsquo;ils proc\u00e8dent \u00e0 la d\u00e9nonciation de faits, actes ou agissements li\u00e9s \u00e0 la corruption ou pouvant porter pr\u00e9judice \u00e0 l&rsquo;int\u00e9r\u00eat national dans certains domaines.<\/p>\n<p>L&rsquo;objectif \u00e9tant de s&rsquo;aligner sur les dispositions de la loi et d&rsquo;\u00eatre en phase avec les choix et les orientations de l&rsquo;Etat visant \u00e0 faire face aux diff\u00e9rentes formes de corruption, de d\u00e9tournement des fonds et d&rsquo;atteintes \u00e0 l&rsquo;int\u00e9r\u00eat national sup\u00e9rieur.<\/p>\n","protected":false},"excerpt":{"rendered":"<p>Cit\u00e9e dans un communiqu\u00e9 du d\u00e9partement, la ministre a rappel\u00e9 en outre que \u00ab le processus de lutte contre la corruption et de dilapidation des fonds publics fa&#8230;<\/p>\n","protected":false},"author":3175,"featured_media":290010,"comment_status":"open","ping_status":"closed","sticky":false,"template":"","format":"standard","meta":{"footnotes":""},"categories":[44],"tags":[9914,2619,2608],"class_list":["post-211080","post","type-post","status-publish","format-standard","has-post-thumbnail","hentry","category-national","tag-liberation-nationale","tag-justice","tag-tunisie"],"yoast_head":"<!-- This site is optimized with the Yoast SEO Premium plugin v27.4 (Yoast SEO v27.4) - https:\/\/yoast.com\/product\/yoast-seo-premium-wordpress\/ -->\n<title>Tunisie : Leila Jaffel se prononce sur la bataille de lib\u00e9ration nationale<\/title>\n<meta name=\"description\" content=\"Cit\u00e9e dans un communiqu\u00e9 du d\u00e9partement, la ministre a rappel\u00e9 en outre que \u00ab le processus de lutte contre la corruption et de dilapidation des fonds publics fa...\" \/>\n<link rel=\"canonical\" href=\"https:\/\/www.webdo.tn\/fr\/actualite\/national\/tunisie-leila-jaffel-se-prononce-sur-la-bataille-de-liberation-nationale\/211080\/\" \/>\n<meta property=\"og:locale\" content=\"fr_FR\" \/>\n<meta property=\"og:type\" content=\"article\" \/>\n<meta property=\"og:title\" content=\"Tunisie : Leila Jaffel se prononce sur la bataille de lib\u00e9ration nationale\" \/>\n<meta property=\"og:description\" content=\"Cit\u00e9e dans un communiqu\u00e9 du d\u00e9partement, la ministre a rappel\u00e9 en outre que \u00ab le processus de lutte contre la corruption et de dilapidation des fonds publics fa...\" \/>\n<meta property=\"og:url\" content=\"https:\/\/www.webdo.tn\/fr\/actualite\/national\/tunisie-leila-jaffel-se-prononce-sur-la-bataille-de-liberation-nationale\/211080\/\" \/>\n<meta property=\"og:site_name\" content=\"webdo\" \/>\n<meta property=\"article:publisher\" content=\"https:\/\/www.facebook.com\/webdotn\" \/>\n<meta property=\"article:published_time\" content=\"2023-12-26T07:44:00+00:00\" \/>\n<meta property=\"article:modified_time\" content=\"2025-05-20T22:52:41+00:00\" \/>\n<meta property=\"og:image\" content=\"https:\/\/www.webdo.tn\/fr\/wp-content\/uploads\/2023\/12\/d392acb2cc3e3b0c06c7a0adc53423f6.jpg\" \/>\n\t<meta property=\"og:image:width\" content=\"750\" \/>\n\t<meta property=\"og:image:height\" content=\"400\" \/>\n\t<meta property=\"og:image:type\" content=\"image\/jpeg\" \/>\n<meta name=\"author\" content=\"CL\" \/>\n<meta name=\"twitter:card\" content=\"summary_large_image\" \/>\n<meta name=\"twitter:creator\" content=\"@webdo_tn\" \/>\n<meta name=\"twitter:site\" content=\"@webdo_tn\" \/>\n<meta name=\"twitter:label1\" content=\"\u00c9crit par\" \/>\n\t<meta name=\"twitter:data1\" content=\"CL\" \/>\n\t<meta name=\"twitter:label2\" content=\"Dur\u00e9e de lecture estim\u00e9e\" \/>\n\t<meta name=\"twitter:data2\" content=\"1 minute\" \/>\n<script type=\"application\/ld+json\" class=\"yoast-schema-graph\">{\"@context\":\"https:\\\/\\\/schema.org\",\"@graph\":[{\"@type\":\"NewsArticle\",\"@id\":\"https:\\\/\\\/www.webdo.tn\\\/fr\\\/actualite\\\/national\\\/tunisie-leila-jaffel-se-prononce-sur-la-bataille-de-liberation-nationale\\\/211080\\\/#article\",\"isPartOf\":{\"@id\":\"https:\\\/\\\/www.webdo.tn\\\/fr\\\/actualite\\\/national\\\/tunisie-leila-jaffel-se-prononce-sur-la-bataille-de-liberation-nationale\\\/211080\\\/\"},\"author\":{\"name\":\"CL\",\"@id\":\"https:\\\/\\\/www.webdo.tn\\\/fr\\\/#\\\/schema\\\/person\\\/f35b42a42c5e2511bbd282959d6385cc\"},\"headline\":\"Tunisie : Leila Jaffel se prononce sur la bataille de lib\u00e9ration nationale\",\"datePublished\":\"2023-12-26T07:44:00+00:00\",\"dateModified\":\"2025-05-20T22:52:41+00:00\",\"mainEntityOfPage\":{\"@id\":\"https:\\\/\\\/www.webdo.tn\\\/fr\\\/actualite\\\/national\\\/tunisie-leila-jaffel-se-prononce-sur-la-bataille-de-liberation-nationale\\\/211080\\\/\"},\"wordCount\":223,\"commentCount\":0,\"publisher\":{\"@id\":\"https:\\\/\\\/www.webdo.tn\\\/fr\\\/#organization\"},\"image\":{\"@id\":\"https:\\\/\\\/www.webdo.tn\\\/fr\\\/actualite\\\/national\\\/tunisie-leila-jaffel-se-prononce-sur-la-bataille-de-liberation-nationale\\\/211080\\\/#primaryimage\"},\"thumbnailUrl\":\"https:\\\/\\\/www.webdo.tn\\\/fr\\\/wp-content\\\/uploads\\\/2023\\\/12\\\/d392acb2cc3e3b0c06c7a0adc53423f6.jpg\",\"keywords\":[\"'Lib\u00e9ration nationale']\",\"justice\",\"Tunisie\"],\"articleSection\":[\"National\"],\"inLanguage\":\"fr-FR\"},{\"@type\":\"WebPage\",\"@id\":\"https:\\\/\\\/www.webdo.tn\\\/fr\\\/actualite\\\/national\\\/tunisie-leila-jaffel-se-prononce-sur-la-bataille-de-liberation-nationale\\\/211080\\\/\",\"url\":\"https:\\\/\\\/www.webdo.tn\\\/fr\\\/actualite\\\/national\\\/tunisie-leila-jaffel-se-prononce-sur-la-bataille-de-liberation-nationale\\\/211080\\\/\",\"name\":\"Tunisie : Leila Jaffel se prononce sur la bataille de lib\u00e9ration nationale\",\"isPartOf\":{\"@id\":\"https:\\\/\\\/www.webdo.tn\\\/fr\\\/#website\"},\"primaryImageOfPage\":{\"@id\":\"https:\\\/\\\/www.webdo.tn\\\/fr\\\/actualite\\\/national\\\/tunisie-leila-jaffel-se-prononce-sur-la-bataille-de-liberation-nationale\\\/211080\\\/#primaryimage\"},\"image\":{\"@id\":\"https:\\\/\\\/www.webdo.tn\\\/fr\\\/actualite\\\/national\\\/tunisie-leila-jaffel-se-prononce-sur-la-bataille-de-liberation-nationale\\\/211080\\\/#primaryimage\"},\"thumbnailUrl\":\"https:\\\/\\\/www.webdo.tn\\\/fr\\\/wp-content\\\/uploads\\\/2023\\\/12\\\/d392acb2cc3e3b0c06c7a0adc53423f6.jpg\",\"datePublished\":\"2023-12-26T07:44:00+00:00\",\"dateModified\":\"2025-05-20T22:52:41+00:00\",\"description\":\"Cit\u00e9e dans un communiqu\u00e9 du d\u00e9partement, la ministre a rappel\u00e9 en outre que \u00ab le processus de lutte contre la corruption et de dilapidation des fonds publics fa...\",\"breadcrumb\":{\"@id\":\"https:\\\/\\\/www.webdo.tn\\\/fr\\\/actualite\\\/national\\\/tunisie-leila-jaffel-se-prononce-sur-la-bataille-de-liberation-nationale\\\/211080\\\/#breadcrumb\"},\"inLanguage\":\"fr-FR\",\"potentialAction\":[{\"@type\":\"ReadAction\",\"target\":[\"https:\\\/\\\/www.webdo.tn\\\/fr\\\/actualite\\\/national\\\/tunisie-leila-jaffel-se-prononce-sur-la-bataille-de-liberation-nationale\\\/211080\\\/\"]}]},{\"@type\":\"ImageObject\",\"inLanguage\":\"fr-FR\",\"@id\":\"https:\\\/\\\/www.webdo.tn\\\/fr\\\/actualite\\\/national\\\/tunisie-leila-jaffel-se-prononce-sur-la-bataille-de-liberation-nationale\\\/211080\\\/#primaryimage\",\"url\":\"https:\\\/\\\/www.webdo.tn\\\/fr\\\/wp-content\\\/uploads\\\/2023\\\/12\\\/d392acb2cc3e3b0c06c7a0adc53423f6.jpg\",\"contentUrl\":\"https:\\\/\\\/www.webdo.tn\\\/fr\\\/wp-content\\\/uploads\\\/2023\\\/12\\\/d392acb2cc3e3b0c06c7a0adc53423f6.jpg\",\"width\":750,\"height\":400,\"caption\":\"Tunisie : Leila Jaffel se prononce sur la bataille de lib\u00e9ration nationale\"},{\"@type\":\"BreadcrumbList\",\"@id\":\"https:\\\/\\\/www.webdo.tn\\\/fr\\\/actualite\\\/national\\\/tunisie-leila-jaffel-se-prononce-sur-la-bataille-de-liberation-nationale\\\/211080\\\/#breadcrumb\",\"itemListElement\":[{\"@type\":\"ListItem\",\"position\":1,\"name\":\"Accueil\",\"item\":\"https:\\\/\\\/www.webdo.tn\\\/fr\\\/\"},{\"@type\":\"ListItem\",\"position\":2,\"name\":\"Tunisie : Leila Jaffel se prononce sur la bataille de lib\u00e9ration nationale\"}]},{\"@type\":\"WebSite\",\"@id\":\"https:\\\/\\\/www.webdo.tn\\\/fr\\\/#website\",\"url\":\"https:\\\/\\\/www.webdo.tn\\\/fr\\\/\",\"name\":\"webdo\",\"description\":\"Tunisie - News en Tunisie et \u00e0 l&#039;international sur Webdo.tn\",\"publisher\":{\"@id\":\"https:\\\/\\\/www.webdo.tn\\\/fr\\\/#organization\"},\"potentialAction\":[{\"@type\":\"SearchAction\",\"target\":{\"@type\":\"EntryPoint\",\"urlTemplate\":\"https:\\\/\\\/www.webdo.tn\\\/fr\\\/?s={search_term_string}\"},\"query-input\":{\"@type\":\"PropertyValueSpecification\",\"valueRequired\":true,\"valueName\":\"search_term_string\"}}],\"inLanguage\":\"fr-FR\"},{\"@type\":\"Organization\",\"@id\":\"https:\\\/\\\/www.webdo.tn\\\/fr\\\/#organization\",\"name\":\"Webdo\",\"alternateName\":\"Webdo.tn\",\"url\":\"https:\\\/\\\/www.webdo.tn\\\/fr\\\/\",\"logo\":{\"@type\":\"ImageObject\",\"inLanguage\":\"fr-FR\",\"@id\":\"https:\\\/\\\/www.webdo.tn\\\/fr\\\/#\\\/schema\\\/logo\\\/image\\\/\",\"url\":\"https:\\\/\\\/www.webdo.tn\\\/fr\\\/wp-content\\\/uploads\\\/2025\\\/06\\\/Webdo-Tunisie_168377.jpg\",\"contentUrl\":\"https:\\\/\\\/www.webdo.tn\\\/fr\\\/wp-content\\\/uploads\\\/2025\\\/06\\\/Webdo-Tunisie_168377.jpg\",\"width\":301,\"height\":301,\"caption\":\"Webdo\"},\"image\":{\"@id\":\"https:\\\/\\\/www.webdo.tn\\\/fr\\\/#\\\/schema\\\/logo\\\/image\\\/\"},\"sameAs\":[\"https:\\\/\\\/www.facebook.com\\\/webdotn\",\"https:\\\/\\\/x.com\\\/webdo_tn\"],\"description\":\"Webdo est un m\u00e9dia num\u00e9rique tunisien fond\u00e9 en 2010, sp\u00e9cialis\u00e9 dans l\u2019actualit\u00e9 nationale et internationale, l\u2019\u00e9conomie, la soci\u00e9t\u00e9 et les analyses politiques. Le site s\u2019adresse \u00e0 un large public francophone et couvre l\u2019information tunisienne en temps r\u00e9el.\",\"email\":\"redac@webdo.tn\",\"legalName\":\"YNJ SARL\",\"foundingDate\":\"2010-09-06\",\"numberOfEmployees\":{\"@type\":\"QuantitativeValue\",\"minValue\":\"11\",\"maxValue\":\"50\"}},{\"@type\":\"Person\",\"@id\":\"https:\\\/\\\/www.webdo.tn\\\/fr\\\/#\\\/schema\\\/person\\\/f35b42a42c5e2511bbd282959d6385cc\",\"name\":\"CL\",\"image\":{\"@type\":\"ImageObject\",\"inLanguage\":\"fr-FR\",\"@id\":\"https:\\\/\\\/secure.gravatar.com\\\/avatar\\\/1447a49909b67aa657c488aec6512e1dd6143a480c1ecfee9b5b5cd74eb3b59e?s=96&d=mm&r=g\",\"url\":\"https:\\\/\\\/secure.gravatar.com\\\/avatar\\\/1447a49909b67aa657c488aec6512e1dd6143a480c1ecfee9b5b5cd74eb3b59e?s=96&d=mm&r=g\",\"contentUrl\":\"https:\\\/\\\/secure.gravatar.com\\\/avatar\\\/1447a49909b67aa657c488aec6512e1dd6143a480c1ecfee9b5b5cd74eb3b59e?s=96&d=mm&r=g\",\"caption\":\"CL\"},\"url\":\"https:\\\/\\\/www.webdo.tn\\\/fr\\\/actualite\\\/author\\\/cl\\\/\"}]}<\/script>\n<!-- \/ Yoast SEO Premium plugin. -->","yoast_head_json":{"title":"Tunisie : Leila Jaffel se prononce sur la bataille de lib\u00e9ration nationale","description":"Cit\u00e9e dans un communiqu\u00e9 du d\u00e9partement, la ministre a rappel\u00e9 en outre que \u00ab le processus de lutte contre la corruption et de dilapidation des fonds publics fa...","canonical":"https:\/\/www.webdo.tn\/fr\/actualite\/national\/tunisie-leila-jaffel-se-prononce-sur-la-bataille-de-liberation-nationale\/211080\/","og_locale":"fr_FR","og_type":"article","og_title":"Tunisie : Leila Jaffel se prononce sur la bataille de lib\u00e9ration nationale","og_description":"Cit\u00e9e dans un communiqu\u00e9 du d\u00e9partement, la ministre a rappel\u00e9 en outre que \u00ab le processus de lutte contre la corruption et de dilapidation des fonds publics fa...","og_url":"https:\/\/www.webdo.tn\/fr\/actualite\/national\/tunisie-leila-jaffel-se-prononce-sur-la-bataille-de-liberation-nationale\/211080\/","og_site_name":"webdo","article_publisher":"https:\/\/www.facebook.com\/webdotn","article_published_time":"2023-12-26T07:44:00+00:00","article_modified_time":"2025-05-20T22:52:41+00:00","og_image":[{"width":750,"height":400,"url":"https:\/\/www.webdo.tn\/fr\/wp-content\/uploads\/2023\/12\/d392acb2cc3e3b0c06c7a0adc53423f6.jpg","type":"image\/jpeg"}],"author":"CL","twitter_card":"summary_large_image","twitter_creator":"@webdo_tn","twitter_site":"@webdo_tn","twitter_misc":{"\u00c9crit par":"CL","Dur\u00e9e de lecture estim\u00e9e":"1 minute"},"schema":{"@context":"https:\/\/schema.org","@graph":[{"@type":"NewsArticle","@id":"https:\/\/www.webdo.tn\/fr\/actualite\/national\/tunisie-leila-jaffel-se-prononce-sur-la-bataille-de-liberation-nationale\/211080\/#article","isPartOf":{"@id":"https:\/\/www.webdo.tn\/fr\/actualite\/national\/tunisie-leila-jaffel-se-prononce-sur-la-bataille-de-liberation-nationale\/211080\/"},"author":{"name":"CL","@id":"https:\/\/www.webdo.tn\/fr\/#\/schema\/person\/f35b42a42c5e2511bbd282959d6385cc"},"headline":"Tunisie : Leila Jaffel se prononce sur la bataille de lib\u00e9ration nationale","datePublished":"2023-12-26T07:44:00+00:00","dateModified":"2025-05-20T22:52:41+00:00","mainEntityOfPage":{"@id":"https:\/\/www.webdo.tn\/fr\/actualite\/national\/tunisie-leila-jaffel-se-prononce-sur-la-bataille-de-liberation-nationale\/211080\/"},"wordCount":223,"commentCount":0,"publisher":{"@id":"https:\/\/www.webdo.tn\/fr\/#organization"},"image":{"@id":"https:\/\/www.webdo.tn\/fr\/actualite\/national\/tunisie-leila-jaffel-se-prononce-sur-la-bataille-de-liberation-nationale\/211080\/#primaryimage"},"thumbnailUrl":"https:\/\/www.webdo.tn\/fr\/wp-content\/uploads\/2023\/12\/d392acb2cc3e3b0c06c7a0adc53423f6.jpg","keywords":["'Lib\u00e9ration nationale']","justice","Tunisie"],"articleSection":["National"],"inLanguage":"fr-FR"},{"@type":"WebPage","@id":"https:\/\/www.webdo.tn\/fr\/actualite\/national\/tunisie-leila-jaffel-se-prononce-sur-la-bataille-de-liberation-nationale\/211080\/","url":"https:\/\/www.webdo.tn\/fr\/actualite\/national\/tunisie-leila-jaffel-se-prononce-sur-la-bataille-de-liberation-nationale\/211080\/","name":"Tunisie : Leila Jaffel se prononce sur la bataille de lib\u00e9ration nationale","isPartOf":{"@id":"https:\/\/www.webdo.tn\/fr\/#website"},"primaryImageOfPage":{"@id":"https:\/\/www.webdo.tn\/fr\/actualite\/national\/tunisie-leila-jaffel-se-prononce-sur-la-bataille-de-liberation-nationale\/211080\/#primaryimage"},"image":{"@id":"https:\/\/www.webdo.tn\/fr\/actualite\/national\/tunisie-leila-jaffel-se-prononce-sur-la-bataille-de-liberation-nationale\/211080\/#primaryimage"},"thumbnailUrl":"https:\/\/www.webdo.tn\/fr\/wp-content\/uploads\/2023\/12\/d392acb2cc3e3b0c06c7a0adc53423f6.jpg","datePublished":"2023-12-26T07:44:00+00:00","dateModified":"2025-05-20T22:52:41+00:00","description":"Cit\u00e9e dans un communiqu\u00e9 du d\u00e9partement, la ministre a rappel\u00e9 en outre que \u00ab le processus de lutte contre la corruption et de dilapidation des fonds publics fa...","breadcrumb":{"@id":"https:\/\/www.webdo.tn\/fr\/actualite\/national\/tunisie-leila-jaffel-se-prononce-sur-la-bataille-de-liberation-nationale\/211080\/#breadcrumb"},"inLanguage":"fr-FR","potentialAction":[{"@type":"ReadAction","target":["https:\/\/www.webdo.tn\/fr\/actualite\/national\/tunisie-leila-jaffel-se-prononce-sur-la-bataille-de-liberation-nationale\/211080\/"]}]},{"@type":"ImageObject","inLanguage":"fr-FR","@id":"https:\/\/www.webdo.tn\/fr\/actualite\/national\/tunisie-leila-jaffel-se-prononce-sur-la-bataille-de-liberation-nationale\/211080\/#primaryimage","url":"https:\/\/www.webdo.tn\/fr\/wp-content\/uploads\/2023\/12\/d392acb2cc3e3b0c06c7a0adc53423f6.jpg","contentUrl":"https:\/\/www.webdo.tn\/fr\/wp-content\/uploads\/2023\/12\/d392acb2cc3e3b0c06c7a0adc53423f6.jpg","width":750,"height":400,"caption":"Tunisie : Leila Jaffel se prononce sur la bataille de lib\u00e9ration nationale"},{"@type":"BreadcrumbList","@id":"https:\/\/www.webdo.tn\/fr\/actualite\/national\/tunisie-leila-jaffel-se-prononce-sur-la-bataille-de-liberation-nationale\/211080\/#breadcrumb","itemListElement":[{"@type":"ListItem","position":1,"name":"Accueil","item":"https:\/\/www.webdo.tn\/fr\/"},{"@type":"ListItem","position":2,"name":"Tunisie : Leila Jaffel se prononce sur la bataille de lib\u00e9ration nationale"}]},{"@type":"WebSite","@id":"https:\/\/www.webdo.tn\/fr\/#website","url":"https:\/\/www.webdo.tn\/fr\/","name":"webdo","description":"Tunisie - News en Tunisie et \u00e0 l&#039;international sur Webdo.tn","publisher":{"@id":"https:\/\/www.webdo.tn\/fr\/#organization"},"potentialAction":[{"@type":"SearchAction","target":{"@type":"EntryPoint","urlTemplate":"https:\/\/www.webdo.tn\/fr\/?s={search_term_string}"},"query-input":{"@type":"PropertyValueSpecification","valueRequired":true,"valueName":"search_term_string"}}],"inLanguage":"fr-FR"},{"@type":"Organization","@id":"https:\/\/www.webdo.tn\/fr\/#organization","name":"Webdo","alternateName":"Webdo.tn","url":"https:\/\/www.webdo.tn\/fr\/","logo":{"@type":"ImageObject","inLanguage":"fr-FR","@id":"https:\/\/www.webdo.tn\/fr\/#\/schema\/logo\/image\/","url":"https:\/\/www.webdo.tn\/fr\/wp-content\/uploads\/2025\/06\/Webdo-Tunisie_168377.jpg","contentUrl":"https:\/\/www.webdo.tn\/fr\/wp-content\/uploads\/2025\/06\/Webdo-Tunisie_168377.jpg","width":301,"height":301,"caption":"Webdo"},"image":{"@id":"https:\/\/www.webdo.tn\/fr\/#\/schema\/logo\/image\/"},"sameAs":["https:\/\/www.facebook.com\/webdotn","https:\/\/x.com\/webdo_tn"],"description":"Webdo est un m\u00e9dia num\u00e9rique tunisien fond\u00e9 en 2010, sp\u00e9cialis\u00e9 dans l\u2019actualit\u00e9 nationale et internationale, l\u2019\u00e9conomie, la soci\u00e9t\u00e9 et les analyses politiques. Le site s\u2019adresse \u00e0 un large public francophone et couvre l\u2019information tunisienne en temps r\u00e9el.","email":"redac@webdo.tn","legalName":"YNJ SARL","foundingDate":"2010-09-06","numberOfEmployees":{"@type":"QuantitativeValue","minValue":"11","maxValue":"50"}},{"@type":"Person","@id":"https:\/\/www.webdo.tn\/fr\/#\/schema\/person\/f35b42a42c5e2511bbd282959d6385cc","name":"CL","image":{"@type":"ImageObject","inLanguage":"fr-FR","@id":"https:\/\/secure.gravatar.com\/avatar\/1447a49909b67aa657c488aec6512e1dd6143a480c1ecfee9b5b5cd74eb3b59e?s=96&d=mm&r=g","url":"https:\/\/secure.gravatar.com\/avatar\/1447a49909b67aa657c488aec6512e1dd6143a480c1ecfee9b5b5cd74eb3b59e?s=96&d=mm&r=g","contentUrl":"https:\/\/secure.gravatar.com\/avatar\/1447a49909b67aa657c488aec6512e1dd6143a480c1ecfee9b5b5cd74eb3b59e?s=96&d=mm&r=g","caption":"CL"},"url":"https:\/\/www.webdo.tn\/fr\/actualite\/author\/cl\/"}]}},"_links":{"self":[{"href":"https:\/\/www.webdo.tn\/fr\/wp-json\/wp\/v2\/posts\/211080","targetHints":{"allow":["GET"]}}],"collection":[{"href":"https:\/\/www.webdo.tn\/fr\/wp-json\/wp\/v2\/posts"}],"about":[{"href":"https:\/\/www.webdo.tn\/fr\/wp-json\/wp\/v2\/types\/post"}],"author":[{"embeddable":true,"href":"https:\/\/www.webdo.tn\/fr\/wp-json\/wp\/v2\/users\/3175"}],"replies":[{"embeddable":true,"href":"https:\/\/www.webdo.tn\/fr\/wp-json\/wp\/v2\/comments?post=211080"}],"version-history":[{"count":0,"href":"https:\/\/www.webdo.tn\/fr\/wp-json\/wp\/v2\/posts\/211080\/revisions"}],"wp:featuredmedia":[{"embeddable":true,"href":"https:\/\/www.webdo.tn\/fr\/wp-json\/wp\/v2\/media\/290010"}],"wp:attachment":[{"href":"https:\/\/www.webdo.tn\/fr\/wp-json\/wp\/v2\/media?parent=211080"}],"wp:term":[{"taxonomy":"category","embeddable":true,"href":"https:\/\/www.webdo.tn\/fr\/wp-json\/wp\/v2\/categories?post=211080"},{"taxonomy":"post_tag","embeddable":true,"href":"https:\/\/www.webdo.tn\/fr\/wp-json\/wp\/v2\/tags?post=211080"}],"curies":[{"name":"wp","href":"https:\/\/api.w.org\/{rel}","templated":true}]}}