{"id":211073,"date":"2023-12-25T19:08:00","date_gmt":"2023-12-25T19:08:00","guid":{"rendered":"https:\/\/www.webdo.tn\/fr\/blog\/el-gouna-2023-l-impact-du-cinema\/211073\/"},"modified":"2025-05-21T08:56:14","modified_gmt":"2025-05-21T08:56:14","slug":"el-gouna-2023-l-impact-du-cinema","status":"publish","type":"post","link":"https:\/\/www.webdo.tn\/fr\/actualite\/culture\/el-gouna-2023-l-impact-du-cinema\/211073\/","title":{"rendered":"El Gouna 2023 &#8211; Cin\u00e9ma \u00e0 impact : mettre les paroles en action"},"content":{"rendered":"<div class=\"single-body entry-content typography-copy\" itemprop=\"articleBody\">\n<p style=\"font-weight: bold; text-align: justify\">\n\t\t\t\t\t\t\t\t\tLa 6\u00e8me \u00e9dition du Festival du Film d\u2019El Gouna (GFF), qui s&rsquo;est d\u00e9roul\u00e9e exceptionnellement du 14 au 21 d\u00e9cembre 2023, a \u00e9t\u00e9 marqu\u00e9e par un panel tr\u00e8s int\u00e9ressant intitul\u00e9 \u00ab Cin\u00e9ma \u00e0 impact : mettre les paroles en action\u00a0\u00bb.\n\t\t\t\t\t\t\t\t<\/p>\n<div class=\"coprs\" style=\"text-align: center\"><\/div>\n<div class=\"coprs\" style=\"text-align: justify\">\n<p><span><span>Les intervenants \u00e9taient : l\u2019acteur \u00e9gyptien Ahmed Malek, le r\u00e9alisateur fran\u00e7ais Sylvain Georges, le sp\u00e9cialiste en communication tunisien Habib Trabelsi, la r\u00e9alisatrice productrice anglaise Mabel Evans et la cin\u00e9aste \u00e9gyptienne Hayat El Jowaily.<\/span><\/span><\/p>\n<p><span><span>La s\u00e9ance a d\u00e9but\u00e9 par la projection du court m\u00e9trage <em>Matar<\/em> (2023) de Hassan Akkad dont l\u2019acteur principal est Ahmed Malek, pr\u00e9sent \u00e0 ce panel.<\/span><\/span><\/p>\n<p><span><u><span>Synopsis :<\/span><\/u><\/span><\/p>\n<p><span><em><span>Matar<\/span><\/em><span> suit l&rsquo;histoire d&rsquo;un demandeur d&rsquo;asile en Angleterre qui, confront\u00e9 au syst\u00e8me d&rsquo;immigration hostile du Royaume-Uni, est contraint de vivre en marge de la soci\u00e9t\u00e9 et de d\u00e9pendre de son v\u00e9lo pour survivre en tant que livreur.<\/span><\/span><\/p>\n<p><span><strong><span>Que signifie utiliser le cin\u00e9ma comme un outil de changement?<\/span><\/strong><\/span><\/p>\n<p><span><strong><span>Mabel Evans\u00a0:<\/span><\/strong><\/span><\/p>\n<p><span><span>Faisant partie de l&rsquo;\u00e9quipe du film <em>Matar<\/em>, nous souhaitions un impact sur l&rsquo;\u00e9quipe de tournage et sur la communaut\u00e9 cible concern\u00e9e par le film. Nous voulions \u00e9galement d\u00e9montrer qu&rsquo;il est absurde de vouloir expulser les r\u00e9fugi\u00e9s qui souhaitent travailler. S&rsquo;ils veulent contribuer, c&rsquo;est un avantage pour tout le pays. Nous avons lanc\u00e9 une campagne contre un projet de loi anti-immigration. Notre objectif \u00e9tait de pr\u00e9senter les r\u00e9fugi\u00e9s sous un visage humain. En tant que cin\u00e9aste britannique, je voulais que mon travail ait un impact sur ma soci\u00e9t\u00e9. Toute l&rsquo;\u00e9quipe du film se demandait comment utiliser ce film pour contre ce projet de loi injuste et comment raconter d\u2019autres histoires qui pourraient avoir un impact sur les gens. \u00a0<em>Matar<\/em> a \u00e9t\u00e9 montr\u00e9 \u00e0 plein de gens, aux livreurs, aux immigr\u00e9s, aux politiciens\u2026 et l\u2019ann\u00e9e prochaine, il va aller devant le parlement britannique. En montrant une certaines r\u00e9alit\u00e9, ce film pourrait contribuer \u00e0 changer les choses. <\/span><\/span><\/p>\n<p><span><span>Il y a aussi un projet avec l\u2019<span>Acad\u00e9mie britannique des arts de la t\u00e9l\u00e9vision et du cin\u00e9ma\u00a0<\/span>(<\/span>BAFTA) pour aider de futurs cin\u00e9astes \u00e0 faire des films \u00e0 impact important. <\/span><\/p>\n<p><span><strong><span>Ahmed Malek\u00a0:<\/span><\/strong><\/span><\/p>\n<p><span><span>En tant qu&rsquo;acteur ayant incarn\u00e9 de nombreux personnages, je consid\u00e8re qu\u2019en Occident, un personnage d&rsquo;\u00e9migrant est une personne avec des r\u00eaves, pas simplement un \u00e9migrant. L&rsquo;art peut-il changer la r\u00e9alit\u00e9? En tant qu&rsquo;artiste, ma mission est de transmettre l&rsquo;exp\u00e9rience humaine et de laisser le spectateur d\u00e9cider. En tant qu&rsquo;acteur, je n&rsquo;adopte rien de sp\u00e9cial lorsque je joue un \u00e9migrant. Pour moi, c&rsquo;est une histoire humaine comme une autre. <\/span><\/span><\/p>\n<p><span><span>C&rsquo;est en voyageant que j&rsquo;ai commenc\u00e9 \u00e0 me poser des questions sur mon identit\u00e9, une r\u00e9flexion que je n&rsquo;avais jamais entreprise en \u00c9gypte. J&rsquo;ai compris mon identit\u00e9 en allant en Occident, confront\u00e9 aux questions et au cadre qui me sont impos\u00e9s. <\/span><\/span><\/p>\n<p><span><span>Avant, nous arabes, \u00e9tions consid\u00e9r\u00e9s comme des terroristes, puis des \u00e9migrants, et je ne sais pas ce que nous deviendrons apr\u00e8s le 7 octobre. J&rsquo;ai essay\u00e9 de m&rsquo;\u00e9loigner de ces st\u00e9r\u00e9otypes, et je pense que cela n&rsquo;est possible qu&rsquo;en incarnant des personnages en tant qu&rsquo;\u00eatres humains tout simplement. Les occidentaux ne nous voient que comme des chiffres, pas comme des humains. Ce que je peux faire, c&rsquo;est leur dire que je suis un \u00eatre humain, m\u00eame si je viens d&rsquo;une certaine r\u00e9gion.<\/span><\/span><\/p>\n<p>\u00a0<\/p>\n<p><img decoding=\"async\" alt=\"\" height=\"1080\" src=\"\/assets\/uploads\/images\/\/Neila\/IMPACT%20FILMMAKING%204.jpeg\" width=\"1080\"><\/p>\n<p>\u00a0<\/p>\n<p><span><strong><span>Sylvain Georges\u00a0:<\/span><\/strong><\/span><\/p>\n<p><span><span>Comment raconter des histoires? Comment les choisir? Je n&rsquo;ai jamais consid\u00e9r\u00e9 l&rsquo;impact de mes films. Pour moi, prendre une cam\u00e9ra, c&rsquo;est me red\u00e9finir et d\u00e9finir ma position par rapport au monde. C&rsquo;est un processus, un mouvement. Je travaille beaucoup pour comprendre ce qu&rsquo;est l&rsquo;\u00e9migration en France, en me concentrant sur les banlieues o\u00f9 les gens sont discrimin\u00e9s. Un film n&rsquo;est pas seulement une distraction, mais propose \u00e9galement un nouveau point de vue, un angle diff\u00e9rent. Pour moi, les documentaires sont un moyen d&rsquo;aider les gens \u00e0 comprendre les autres. <\/span><\/span><\/p>\n<p><span><span>J&rsquo;ai un film sur les migrants arrivant du Maroc bloqu\u00e9s en Espagne. Mon approche consiste \u00e0 venir partager les exp\u00e9riences de ces migrants. Avec ce processus, on peut comprendre beaucoup de choses, pourquoi et comment les gens r\u00e9agissent. Je suis tr\u00e8s ouvert lorsque je commence un film, il \u00e9volue en fonction des \u00e9v\u00e9nements. C&rsquo;est une sorte de dialogue avec la r\u00e9alit\u00e9 et les gens. Pour moi, c&rsquo;est le sens profond d&rsquo;un film, un t\u00e9moignage de la vie de ces gens.<\/span><\/span><\/p>\n<p><span><span>Mon intention n&rsquo;\u00e9tait pas de faire un film sur les migrants, mais sur les r\u00e8gles occidentales en mati\u00e8re d&rsquo;\u00e9migration, \u00e0 travers le regard de ces migrants. J&rsquo;ai essay\u00e9 de rencontrer beaucoup de gens, en particulier ceux en transit et vivant dans la rue. Je me suis pr\u00e9sent\u00e9, ai parl\u00e9 du film que je voulais faire. J&rsquo;ai montr\u00e9 des extraits de mes films pr\u00e9c\u00e9dents sur mon iPhone comme exemples, expliquant mes choix, notamment celui du noir et blanc. Certains ont accept\u00e9 imm\u00e9diatement, d&rsquo;autres non. Certains sont revenus apr\u00e8s un an. Il \u00e9tait important pour moi de passer du temps avec eux, d&rsquo;instaurer un dialogue. Dans des endroits comme Calais, o\u00f9 les migrants sont nombreux, parfois les gens refusent de participer aux tournages, surtout ceux qui passent rapidement. J&rsquo;ai essay\u00e9 de passer beaucoup de temps, de construire des relations avec des personnes qui sont parfois devenues des partenaires, offrant un acc\u00e8s \u00e0 des endroits que d&rsquo;autres ne connaissent pas. Je fais un film aussi pour comprendre comment ces r\u00e8gles sont appliqu\u00e9es.<\/span><\/span><\/p>\n<p>\u00a0<\/p>\n<p><img decoding=\"async\" alt=\"\" height=\"680\" src=\"\/assets\/uploads\/images\/\/Neila\/IMPACT%20FILMMAKING%203%20(1).jpeg\" width=\"1074\"><\/p>\n<p>\u00a0<\/p>\n<p><span><strong><span>Comment utiliser un Film pour Transmettre un Message\u00a0?<\/span><\/strong><\/span><\/p>\n<p><span><strong><span>Habib Trabelsi<\/span><\/strong><\/span><\/p>\n<p><span><span>Certains r\u00e9alisateurs visent un impact d\u00e8s le d\u00e9but d&rsquo;un film. Par exemple, <em>Costa brava, Lebanon<\/em> (2022) de Mounia Akl avait pour objectif de d\u00e9fendre l&rsquo;\u00e9cologie. Parfois, c&rsquo;est apr\u00e8s la r\u00e9alisation du film que l&rsquo;on r\u00e9alise son impact sur les gens, ce qui est positif.<\/span><\/span><\/p>\n<p><span><span>Certains films ont eu un grand impact m\u00eame si ce n&rsquo;\u00e9tait pas l&rsquo;objectif initial du r\u00e9alisateur. En ce qui me concerne, gr\u00e2ce aux films, je pense bien conna\u00eetre la Palestine sans n\u2019y avoir jamais mis les pieds. La Palestine \u00e9tait auparavant r\u00e9duite \u00e0 des chiffres de victimes, mais c&rsquo;est gr\u00e2ce au cin\u00e9ma palestinien que j\u2019ai aujourd&rsquo;hui une connaissance de l&rsquo;histoire de la Palestine.<\/span><\/span><\/p>\n<p><span><span>Les stars ont aussi un grand impact sur le public, ce qui fait que leur engagement pour certaines causes est tr\u00e8s important et peut influer sur le comportement des gens et donc sur la soci\u00e9t\u00e9. Je me demande d\u2019ailleurs m\u00eame si tous les pr\u00e9sents aujourd\u2019hui sont venus \u00e0 ce panel pour le sujet lui-m\u00eame ou pour voir l&rsquo;acteur Ahmed Malek\u00a0?<\/span><\/span><\/p>\n<p>\u00a0<\/p>\n<p><img decoding=\"async\" alt=\"\" height=\"647\" src=\"\/assets\/uploads\/images\/\/Neila\/impact%20filmmaking%202%20(1).jpeg\" width=\"1070\"><\/p>\n<p>\u00a0<\/p>\n<p><span><strong><span>Quels ont \u00e9t\u00e9 les films arabes ayant eu le plus d&rsquo;impact ?<\/span><\/strong><\/span><\/p>\n<p><span><strong><span>Habib Trabelsi\u00a0:<\/span><\/strong><\/span><\/p>\n<p><span><span>La plateforme <em><a href=\"https:\/\/www.aflamuna.online\/\"><span>Aflamuna<\/span><span>,<\/span><\/a><\/em> initialement d\u00e9di\u00e9e \u00e0 la distribution de films, a \u00e9volu\u00e9 pour \u00e9tudier l&rsquo;impact des films sur les gens et la soci\u00e9t\u00e9.<\/span><\/span><\/p>\n<p><span><span><a href=\"https:\/\/aflamuna.org\/resources\/?fbclid=IwAR1DyYZwbk2-1ppacxxsQan4dtJ12qW-QLnShbHj5jx0VNvUwJYzeePnj90\"><span>Quatre films ont eu un impact majeur, comme le r\u00e9v\u00e8le une \u00e9tude disponible sur le site Aflamouna (en anglais) :<\/span><\/a> <em>A Present from the Past : 20 September<\/em> (2016) de Kawthar Younis, <em>Ouridou hallan<\/em> (1975) de Said Marzouk, <em>Days of Democracy<\/em> (1996) d&rsquo;Attiyat Al-Abnudi et <em>Yomeddine<\/em> (2018) d&rsquo;Abu Bakr Shawky.<\/span><\/span><\/p>\n<p><span><span>Par exemple, le film <em>A Present from the Past : 20 September<\/em> a eu un impact significatif sur les jeunes r\u00e9alisateurs, d\u00e9montrant qu&rsquo;ils pouvaient r\u00e9aliser un film de qualit\u00e9 et \u00e0 succ\u00e8s avec des moyens financiers limit\u00e9s, un simple smartphone pouvant suffire, il a aussi contribu\u00e9 \u00e0 changer les documentaires \u00e9gyptiens, en encourageant les cin\u00e9astes \u00e0 parler de leurs propres exp\u00e9riences personnelles et \u00e0 se tourner vers leurs familles. <\/span><\/span><\/p>\n<p><span><span>Le film <em>Ouridou hallan\/Je veux une solution\u00a0<\/em>a contribu\u00e9 \u00e0 modifier la loi sur le divorce en \u00c9gypte, et a donc eu un impact consid\u00e9rable sur la vie des \u00c9gyptiennes.<\/span><\/span><\/p>\n<p>\u00a0<\/p>\n<p><img decoding=\"async\" alt=\"\" height=\"1200\" src=\"\/assets\/uploads\/images\/\/Neila\/IMG_2163.JPG\" width=\"1600\"><\/p>\n<p>\u00a0<\/p>\n<p><span><span>Les feuilletons ont \u00e9galement eu un impact significatif sur le comportement des gens. Par exemple, <em>Lih la 2<\/em> (2020), r\u00e9alis\u00e9 par Mariam Abu Ouf et \u00e9crit par Mariam Naoum, abordant le th\u00e8me de l&rsquo;adoption, a eu un impact \u00e9norme en \u00c9gypte, transformant les mentalit\u00e9s et les comportements envers l&rsquo;adoption, incitant des familles \u00e9gyptiennes \u00e0 se tourner vers les orphelinats pour adopter des enfants.<\/span><\/span><\/p>\n<p><span><span>De m\u00eame, <a href=\"https:\/\/www.webdo.tn\/fr\/actualite\/culture\/le-drame-des-veuves-egyptiennes-tutelle-legale-et-injustice-patriarcale-dans-le-feuilleton-taht-el-wissaya\/205108\">le feuilleton <em>Taht il Wissaya<\/em>\/<span>Sous la tutelle (2023<\/span><\/a><span>), \u00e9crit par Khaled et Shyrine Diab, r\u00e9alis\u00e9 par Mohamed Shaker Khodair<\/span><\/span>a, a donn\u00e9 lieu \u00e0 un projet de loi visant \u00e0 provoquer des changements dans le syst\u00e8me juridique de la garde d\u2019enfants mineurs et leur tutelle. <\/span><\/p>\n<p><span><span>On pourrait \u00e9galement citer <a href=\"https:\/\/www.facebook.com\/massir.destiniii\/posts\/pfbid0pryAhU6F1GWPpnQaK1mu5aqRPVDPp5ecxxp8kt7DEfuUPtVZefLu4qbrvRCmWhhcl\">le feuilleton <em>Faten Amal Harby<\/em> (2022<\/a>), r\u00e9alis\u00e9 par Mohamed Gamal Al Adl et \u00e9crit par Ibrahim Issa, traitant du divorce en \u00c9gypte et de la lutte juridique des \u00e9pouses pour la garde et la tutelle des enfants mineurs. Ce feuilleton a eu un impact majeur sur la soci\u00e9t\u00e9 \u00e9gyptienne, en partie gr\u00e2ce au Conseil National de la Femme, relayant quotidiennement sur Facebook des conseils juridiques aux femmes \u00e0 la fin de chaque diffusion d&rsquo;un \u00e9pisode, en utilisant le feuilleton comme exemple.<\/span><\/span><\/p>\n<p><span><span>Il est \u00e9vident que les m\u00e9dias aussi jouent un r\u00f4le crucial. Dans l&rsquo;univers du cin\u00e9ma, les m\u00e9dias ne font pas que parler des films, ils sont comme des chefs d&rsquo;orchestre qui amplifient leur impact. Ils critiquent, analysent et cr\u00e9ent de l&rsquo;excitation avant la sortie des films. Les m\u00e9dias aident \u00e0 comprendre comment ces histoires s&rsquo;ins\u00e8rent dans notre monde. Ils sont aussi des agents de changement, relayant les messages qui font r\u00e9fl\u00e9chir et influen\u00e7ant la fa\u00e7on dont nous percevons les choses. En somme, les m\u00e9dias ne sont pas simplement des messagers, ils sont les architectes de l&rsquo;impact des films sur nos vies.<\/span> <\/span><\/p>\n<p>\u00a0<\/p>\n<p><img decoding=\"async\" alt=\"\" height=\"1200\" src=\"\/assets\/uploads\/images\/\/Neila\/Impact%20Filmmaking%20Affiche.jpeg\" width=\"960\"><\/p>\n<p>\u00a0<\/p>\n<p><span><span>Ce panel a offert une plong\u00e9e captivante dans le monde du cin\u00e9ma impactant, soulignant son potentiel pour changer les perceptions et influencer positivement la soci\u00e9t\u00e9. Chacun des intervenants a apport\u00e9 une perspective unique, illustrant comment le cin\u00e9ma peut \u00eatre un moyen puissant de catalyser le changement social et culturel.<\/span><\/span><\/p>\n<p><span><strong><span>Ne\u00efla Driss<\/span><\/strong><\/span><\/p>\n<p>\u00a0<\/p>\n<p>\u00a0<\/p>\n<p>\u00a0<\/p>\n<\/p><\/div>\n<div class=\"coprs\" style=\"text-align: center\"><\/div><\/div>\n","protected":false},"excerpt":{"rendered":"<p>La 6\u00e8me \u00e9dition du Festival du Film d\u2019El Gouna (GFF), qui s&rsquo;est d\u00e9roul\u00e9e exceptionnellement du 14 au 21 d\u00e9cembre 2023, a \u00e9t\u00e9 marqu\u00e9e par un panel tr\u00e8s int\u00e9ressa&#8230;<\/p>\n","protected":false},"author":3164,"featured_media":248424,"comment_status":"open","ping_status":"closed","sticky":false,"template":"","format":"standard","meta":{"footnotes":""},"categories":[2594],"tags":[7281,3258,3259,7280,4998],"class_list":["post-211073","post","type-post","status-publish","format-standard","has-post-thumbnail","hentry","category-culture","tag-el-gouna-2023","tag-festival-du-film-del-gouna","tag-gff","tag-gff-2023","tag-panel"],"yoast_head":"<!-- This site is optimized with the Yoast SEO Premium plugin v27.5 (Yoast SEO v27.5) - https:\/\/yoast.com\/product\/yoast-seo-premium-wordpress\/ -->\n<title>El Gouna 2023 - Cin\u00e9ma \u00e0 impact : mettre les paroles en action<\/title>\n<meta name=\"description\" content=\"La 6\u00e8me \u00e9dition du Festival du Film d\u2019El Gouna (GFF), qui s&#039;est d\u00e9roul\u00e9e exceptionnellement du 14 au 21 d\u00e9cembre 2023, a \u00e9t\u00e9 marqu\u00e9e par un panel tr\u00e8s int\u00e9ressa...\" \/>\n<link rel=\"canonical\" href=\"https:\/\/www.webdo.tn\/fr\/actualite\/culture\/el-gouna-2023-l-impact-du-cinema\/211073\/\" \/>\n<meta property=\"og:locale\" content=\"fr_FR\" \/>\n<meta property=\"og:type\" content=\"article\" \/>\n<meta property=\"og:title\" content=\"El Gouna 2023 - Cin\u00e9ma \u00e0 impact : mettre les paroles en action\" \/>\n<meta property=\"og:description\" content=\"La 6\u00e8me \u00e9dition du Festival du Film d\u2019El Gouna (GFF), qui s&#039;est d\u00e9roul\u00e9e exceptionnellement du 14 au 21 d\u00e9cembre 2023, a \u00e9t\u00e9 marqu\u00e9e par un panel tr\u00e8s int\u00e9ressa...\" \/>\n<meta property=\"og:url\" content=\"https:\/\/www.webdo.tn\/fr\/actualite\/culture\/el-gouna-2023-l-impact-du-cinema\/211073\/\" \/>\n<meta property=\"og:site_name\" content=\"webdo\" \/>\n<meta property=\"article:publisher\" content=\"https:\/\/www.facebook.com\/webdotn\" \/>\n<meta property=\"article:author\" content=\"https:\/\/www.facebook.com\/massir.destiniii\/\" \/>\n<meta property=\"article:published_time\" content=\"2023-12-25T19:08:00+00:00\" \/>\n<meta property=\"article:modified_time\" content=\"2025-05-21T08:56:14+00:00\" \/>\n<meta property=\"og:image\" content=\"https:\/\/www.webdo.tn\/fr\/wp-content\/uploads\/2023\/12\/98e22b5113434f44ad1d9aef60d26bd7.jpeg\" \/>\n\t<meta property=\"og:image:width\" content=\"750\" \/>\n\t<meta property=\"og:image:height\" content=\"400\" \/>\n\t<meta property=\"og:image:type\" content=\"image\/jpeg\" \/>\n<meta name=\"author\" content=\"Ne\u00efla DRISS\" \/>\n<meta name=\"twitter:card\" content=\"summary_large_image\" \/>\n<meta name=\"twitter:creator\" content=\"@https:\/\/x.com\/MassirDestin\" \/>\n<meta name=\"twitter:site\" content=\"@webdo_tn\" \/>\n<meta name=\"twitter:label1\" content=\"\u00c9crit par\" \/>\n\t<meta name=\"twitter:data1\" content=\"Ne\u00efla DRISS\" \/>\n\t<meta name=\"twitter:label2\" content=\"Dur\u00e9e de lecture estim\u00e9e\" \/>\n\t<meta name=\"twitter:data2\" content=\"8 minutes\" \/>\n<script type=\"application\/ld+json\" class=\"yoast-schema-graph\">{\"@context\":\"https:\\\/\\\/schema.org\",\"@graph\":[{\"@type\":\"NewsArticle\",\"@id\":\"https:\\\/\\\/www.webdo.tn\\\/fr\\\/actualite\\\/culture\\\/el-gouna-2023-l-impact-du-cinema\\\/211073\\\/#article\",\"isPartOf\":{\"@id\":\"https:\\\/\\\/www.webdo.tn\\\/fr\\\/actualite\\\/culture\\\/el-gouna-2023-l-impact-du-cinema\\\/211073\\\/\"},\"author\":{\"name\":\"Ne\u00efla DRISS\",\"@id\":\"https:\\\/\\\/www.webdo.tn\\\/fr\\\/#\\\/schema\\\/person\\\/60d5ba619ed3f58783b0dc82b7dada80\"},\"headline\":\"El Gouna 2023 &#8211; Cin\u00e9ma \u00e0 impact : mettre les paroles en action\",\"datePublished\":\"2023-12-25T19:08:00+00:00\",\"dateModified\":\"2025-05-21T08:56:14+00:00\",\"mainEntityOfPage\":{\"@id\":\"https:\\\/\\\/www.webdo.tn\\\/fr\\\/actualite\\\/culture\\\/el-gouna-2023-l-impact-du-cinema\\\/211073\\\/\"},\"wordCount\":1759,\"commentCount\":0,\"publisher\":{\"@id\":\"https:\\\/\\\/www.webdo.tn\\\/fr\\\/#organization\"},\"image\":{\"@id\":\"https:\\\/\\\/www.webdo.tn\\\/fr\\\/actualite\\\/culture\\\/el-gouna-2023-l-impact-du-cinema\\\/211073\\\/#primaryimage\"},\"thumbnailUrl\":\"https:\\\/\\\/www.webdo.tn\\\/fr\\\/wp-content\\\/uploads\\\/2023\\\/12\\\/98e22b5113434f44ad1d9aef60d26bd7.jpeg\",\"keywords\":[\"El Gouna 2023\",\"Festival du Film d'El Gouna\",\"GFF\",\"GFF 2023\",\"Panel\"],\"articleSection\":[\"Culture\"],\"inLanguage\":\"fr-FR\"},{\"@type\":\"WebPage\",\"@id\":\"https:\\\/\\\/www.webdo.tn\\\/fr\\\/actualite\\\/culture\\\/el-gouna-2023-l-impact-du-cinema\\\/211073\\\/\",\"url\":\"https:\\\/\\\/www.webdo.tn\\\/fr\\\/actualite\\\/culture\\\/el-gouna-2023-l-impact-du-cinema\\\/211073\\\/\",\"name\":\"El Gouna 2023 - Cin\u00e9ma \u00e0 impact : mettre les paroles en action\",\"isPartOf\":{\"@id\":\"https:\\\/\\\/www.webdo.tn\\\/fr\\\/#website\"},\"primaryImageOfPage\":{\"@id\":\"https:\\\/\\\/www.webdo.tn\\\/fr\\\/actualite\\\/culture\\\/el-gouna-2023-l-impact-du-cinema\\\/211073\\\/#primaryimage\"},\"image\":{\"@id\":\"https:\\\/\\\/www.webdo.tn\\\/fr\\\/actualite\\\/culture\\\/el-gouna-2023-l-impact-du-cinema\\\/211073\\\/#primaryimage\"},\"thumbnailUrl\":\"https:\\\/\\\/www.webdo.tn\\\/fr\\\/wp-content\\\/uploads\\\/2023\\\/12\\\/98e22b5113434f44ad1d9aef60d26bd7.jpeg\",\"datePublished\":\"2023-12-25T19:08:00+00:00\",\"dateModified\":\"2025-05-21T08:56:14+00:00\",\"description\":\"La 6\u00e8me \u00e9dition du Festival du Film d\u2019El Gouna (GFF), qui s'est d\u00e9roul\u00e9e exceptionnellement du 14 au 21 d\u00e9cembre 2023, a \u00e9t\u00e9 marqu\u00e9e par un panel tr\u00e8s int\u00e9ressa...\",\"breadcrumb\":{\"@id\":\"https:\\\/\\\/www.webdo.tn\\\/fr\\\/actualite\\\/culture\\\/el-gouna-2023-l-impact-du-cinema\\\/211073\\\/#breadcrumb\"},\"inLanguage\":\"fr-FR\",\"potentialAction\":[{\"@type\":\"ReadAction\",\"target\":[\"https:\\\/\\\/www.webdo.tn\\\/fr\\\/actualite\\\/culture\\\/el-gouna-2023-l-impact-du-cinema\\\/211073\\\/\"]}]},{\"@type\":\"ImageObject\",\"inLanguage\":\"fr-FR\",\"@id\":\"https:\\\/\\\/www.webdo.tn\\\/fr\\\/actualite\\\/culture\\\/el-gouna-2023-l-impact-du-cinema\\\/211073\\\/#primaryimage\",\"url\":\"https:\\\/\\\/www.webdo.tn\\\/fr\\\/wp-content\\\/uploads\\\/2023\\\/12\\\/98e22b5113434f44ad1d9aef60d26bd7.jpeg\",\"contentUrl\":\"https:\\\/\\\/www.webdo.tn\\\/fr\\\/wp-content\\\/uploads\\\/2023\\\/12\\\/98e22b5113434f44ad1d9aef60d26bd7.jpeg\",\"width\":750,\"height\":400,\"caption\":\"El Gouna 2023 - Cin\u00e9ma \u00e0 impact : mettre les paroles en action\"},{\"@type\":\"BreadcrumbList\",\"@id\":\"https:\\\/\\\/www.webdo.tn\\\/fr\\\/actualite\\\/culture\\\/el-gouna-2023-l-impact-du-cinema\\\/211073\\\/#breadcrumb\",\"itemListElement\":[{\"@type\":\"ListItem\",\"position\":1,\"name\":\"Accueil\",\"item\":\"https:\\\/\\\/www.webdo.tn\\\/fr\\\/\"},{\"@type\":\"ListItem\",\"position\":2,\"name\":\"El Gouna 2023 &#8211; Cin\u00e9ma \u00e0 impact : mettre les paroles en action\"}]},{\"@type\":\"WebSite\",\"@id\":\"https:\\\/\\\/www.webdo.tn\\\/fr\\\/#website\",\"url\":\"https:\\\/\\\/www.webdo.tn\\\/fr\\\/\",\"name\":\"webdo\",\"description\":\"Tunisie - News en Tunisie et \u00e0 l&#039;international sur Webdo.tn\",\"publisher\":{\"@id\":\"https:\\\/\\\/www.webdo.tn\\\/fr\\\/#organization\"},\"potentialAction\":[{\"@type\":\"SearchAction\",\"target\":{\"@type\":\"EntryPoint\",\"urlTemplate\":\"https:\\\/\\\/www.webdo.tn\\\/fr\\\/?s={search_term_string}\"},\"query-input\":{\"@type\":\"PropertyValueSpecification\",\"valueRequired\":true,\"valueName\":\"search_term_string\"}}],\"inLanguage\":\"fr-FR\"},{\"@type\":\"Organization\",\"@id\":\"https:\\\/\\\/www.webdo.tn\\\/fr\\\/#organization\",\"name\":\"Webdo\",\"alternateName\":\"Webdo.tn\",\"url\":\"https:\\\/\\\/www.webdo.tn\\\/fr\\\/\",\"logo\":{\"@type\":\"ImageObject\",\"inLanguage\":\"fr-FR\",\"@id\":\"https:\\\/\\\/www.webdo.tn\\\/fr\\\/#\\\/schema\\\/logo\\\/image\\\/\",\"url\":\"https:\\\/\\\/www.webdo.tn\\\/fr\\\/wp-content\\\/uploads\\\/2025\\\/06\\\/Webdo-Tunisie_168377.jpg\",\"contentUrl\":\"https:\\\/\\\/www.webdo.tn\\\/fr\\\/wp-content\\\/uploads\\\/2025\\\/06\\\/Webdo-Tunisie_168377.jpg\",\"width\":301,\"height\":301,\"caption\":\"Webdo\"},\"image\":{\"@id\":\"https:\\\/\\\/www.webdo.tn\\\/fr\\\/#\\\/schema\\\/logo\\\/image\\\/\"},\"sameAs\":[\"https:\\\/\\\/www.facebook.com\\\/webdotn\",\"https:\\\/\\\/x.com\\\/webdo_tn\"],\"description\":\"Webdo est un m\u00e9dia num\u00e9rique tunisien fond\u00e9 en 2010, sp\u00e9cialis\u00e9 dans l\u2019actualit\u00e9 nationale et internationale, l\u2019\u00e9conomie, la soci\u00e9t\u00e9 et les analyses politiques. Le site s\u2019adresse \u00e0 un large public francophone et couvre l\u2019information tunisienne en temps r\u00e9el.\",\"email\":\"redac@webdo.tn\",\"legalName\":\"YNJ SARL\",\"foundingDate\":\"2010-09-06\",\"numberOfEmployees\":{\"@type\":\"QuantitativeValue\",\"minValue\":\"11\",\"maxValue\":\"50\"}},{\"@type\":\"Person\",\"@id\":\"https:\\\/\\\/www.webdo.tn\\\/fr\\\/#\\\/schema\\\/person\\\/60d5ba619ed3f58783b0dc82b7dada80\",\"name\":\"Ne\u00efla DRISS\",\"image\":{\"@type\":\"ImageObject\",\"inLanguage\":\"fr-FR\",\"@id\":\"https:\\\/\\\/www.webdo.tn\\\/fr\\\/wp-content\\\/uploads\\\/2026\\\/04\\\/neila-driss_avatar-96x96.jpg\",\"url\":\"https:\\\/\\\/www.webdo.tn\\\/fr\\\/wp-content\\\/uploads\\\/2026\\\/04\\\/neila-driss_avatar-96x96.jpg\",\"contentUrl\":\"https:\\\/\\\/www.webdo.tn\\\/fr\\\/wp-content\\\/uploads\\\/2026\\\/04\\\/neila-driss_avatar-96x96.jpg\",\"caption\":\"Ne\u00efla DRISS\"},\"description\":\"Ne\u00efla Driss est juriste, journaliste culturelle et critique de cin\u00e9ma tunisienne. Titulaire d\u2019un DEA en droit priv\u00e9 de l\u2019Universit\u00e9 Paris II et d\u2019un DESS de l\u2019IHEC Carthage, elle d\u00e9bute sa carri\u00e8re comme juriste sp\u00e9cialis\u00e9e en gestion de patrimoine immobilier. Elle s\u2019oriente ensuite vers l\u2019\u00e9criture en ligne, o\u00f9 elle se distingue d\u00e8s 2006 aux Tunisia Blog Awards, avant de se consacrer au journalisme culturel, avec une sp\u00e9cialisation dans la critique cin\u00e9matographique. Elle couvre r\u00e9guli\u00e8rement les grands festivals internationaux, notamment le Festival de Cannes, les Journ\u00e9es Cin\u00e9matographiques de Carthage et le Festival du film du Caire. Membre de l\u2019ATPCC et de la FIPRESCI, elle participe \u00e0 des jurys et initiatives internationales de critique. Depuis 2024, elle est \u00e9lectrice internationale aux Golden Globes. Facebook : https:\\\/\\\/www.facebook.com\\\/massir.destiniii\\\/ X : https:\\\/\\\/x.com\\\/MassirDestin\",\"sameAs\":[\"https:\\\/\\\/www.facebook.com\\\/massir.destiniii\\\/\",\"https:\\\/\\\/www.instagram.com\\\/neila.driss\\\/?hl=fr\",\"https:\\\/\\\/www.linkedin.com\\\/in\\\/neila-driss-22606a80\\\/\",\"https:\\\/\\\/x.com\\\/https:\\\/\\\/x.com\\\/MassirDestin\"],\"knowsAbout\":[\"Cin\u00e9ma international\",\"critique cin\u00e9matographique\",\"festivals de cin\u00e9ma\",\"journalisme culturel\"],\"knowsLanguage\":[\"Fran\u00e7ais\",\"Arabe\",\"Anglais\"],\"jobTitle\":\"Journaliste culturelle et critique de cin\u00e9ma\",\"worksFor\":\"Webdo\",\"url\":\"https:\\\/\\\/www.webdo.tn\\\/fr\\\/actualite\\\/author\\\/neila-driss\\\/\"}]}<\/script>\n<!-- \/ Yoast SEO Premium plugin. -->","yoast_head_json":{"title":"El Gouna 2023 - Cin\u00e9ma \u00e0 impact : mettre les paroles en action","description":"La 6\u00e8me \u00e9dition du Festival du Film d\u2019El Gouna (GFF), qui s'est d\u00e9roul\u00e9e exceptionnellement du 14 au 21 d\u00e9cembre 2023, a \u00e9t\u00e9 marqu\u00e9e par un panel tr\u00e8s int\u00e9ressa...","canonical":"https:\/\/www.webdo.tn\/fr\/actualite\/culture\/el-gouna-2023-l-impact-du-cinema\/211073\/","og_locale":"fr_FR","og_type":"article","og_title":"El Gouna 2023 - Cin\u00e9ma \u00e0 impact : mettre les paroles en action","og_description":"La 6\u00e8me \u00e9dition du Festival du Film d\u2019El Gouna (GFF), qui s'est d\u00e9roul\u00e9e exceptionnellement du 14 au 21 d\u00e9cembre 2023, a \u00e9t\u00e9 marqu\u00e9e par un panel tr\u00e8s int\u00e9ressa...","og_url":"https:\/\/www.webdo.tn\/fr\/actualite\/culture\/el-gouna-2023-l-impact-du-cinema\/211073\/","og_site_name":"webdo","article_publisher":"https:\/\/www.facebook.com\/webdotn","article_author":"https:\/\/www.facebook.com\/massir.destiniii\/","article_published_time":"2023-12-25T19:08:00+00:00","article_modified_time":"2025-05-21T08:56:14+00:00","og_image":[{"width":750,"height":400,"url":"https:\/\/www.webdo.tn\/fr\/wp-content\/uploads\/2023\/12\/98e22b5113434f44ad1d9aef60d26bd7.jpeg","type":"image\/jpeg"}],"author":"Ne\u00efla DRISS","twitter_card":"summary_large_image","twitter_creator":"@https:\/\/x.com\/MassirDestin","twitter_site":"@webdo_tn","twitter_misc":{"\u00c9crit par":"Ne\u00efla DRISS","Dur\u00e9e de lecture estim\u00e9e":"8 minutes"},"schema":{"@context":"https:\/\/schema.org","@graph":[{"@type":"NewsArticle","@id":"https:\/\/www.webdo.tn\/fr\/actualite\/culture\/el-gouna-2023-l-impact-du-cinema\/211073\/#article","isPartOf":{"@id":"https:\/\/www.webdo.tn\/fr\/actualite\/culture\/el-gouna-2023-l-impact-du-cinema\/211073\/"},"author":{"name":"Ne\u00efla DRISS","@id":"https:\/\/www.webdo.tn\/fr\/#\/schema\/person\/60d5ba619ed3f58783b0dc82b7dada80"},"headline":"El Gouna 2023 &#8211; Cin\u00e9ma \u00e0 impact : mettre les paroles en action","datePublished":"2023-12-25T19:08:00+00:00","dateModified":"2025-05-21T08:56:14+00:00","mainEntityOfPage":{"@id":"https:\/\/www.webdo.tn\/fr\/actualite\/culture\/el-gouna-2023-l-impact-du-cinema\/211073\/"},"wordCount":1759,"commentCount":0,"publisher":{"@id":"https:\/\/www.webdo.tn\/fr\/#organization"},"image":{"@id":"https:\/\/www.webdo.tn\/fr\/actualite\/culture\/el-gouna-2023-l-impact-du-cinema\/211073\/#primaryimage"},"thumbnailUrl":"https:\/\/www.webdo.tn\/fr\/wp-content\/uploads\/2023\/12\/98e22b5113434f44ad1d9aef60d26bd7.jpeg","keywords":["El Gouna 2023","Festival du Film d'El Gouna","GFF","GFF 2023","Panel"],"articleSection":["Culture"],"inLanguage":"fr-FR"},{"@type":"WebPage","@id":"https:\/\/www.webdo.tn\/fr\/actualite\/culture\/el-gouna-2023-l-impact-du-cinema\/211073\/","url":"https:\/\/www.webdo.tn\/fr\/actualite\/culture\/el-gouna-2023-l-impact-du-cinema\/211073\/","name":"El Gouna 2023 - Cin\u00e9ma \u00e0 impact : mettre les paroles en action","isPartOf":{"@id":"https:\/\/www.webdo.tn\/fr\/#website"},"primaryImageOfPage":{"@id":"https:\/\/www.webdo.tn\/fr\/actualite\/culture\/el-gouna-2023-l-impact-du-cinema\/211073\/#primaryimage"},"image":{"@id":"https:\/\/www.webdo.tn\/fr\/actualite\/culture\/el-gouna-2023-l-impact-du-cinema\/211073\/#primaryimage"},"thumbnailUrl":"https:\/\/www.webdo.tn\/fr\/wp-content\/uploads\/2023\/12\/98e22b5113434f44ad1d9aef60d26bd7.jpeg","datePublished":"2023-12-25T19:08:00+00:00","dateModified":"2025-05-21T08:56:14+00:00","description":"La 6\u00e8me \u00e9dition du Festival du Film d\u2019El Gouna (GFF), qui s'est d\u00e9roul\u00e9e exceptionnellement du 14 au 21 d\u00e9cembre 2023, a \u00e9t\u00e9 marqu\u00e9e par un panel tr\u00e8s int\u00e9ressa...","breadcrumb":{"@id":"https:\/\/www.webdo.tn\/fr\/actualite\/culture\/el-gouna-2023-l-impact-du-cinema\/211073\/#breadcrumb"},"inLanguage":"fr-FR","potentialAction":[{"@type":"ReadAction","target":["https:\/\/www.webdo.tn\/fr\/actualite\/culture\/el-gouna-2023-l-impact-du-cinema\/211073\/"]}]},{"@type":"ImageObject","inLanguage":"fr-FR","@id":"https:\/\/www.webdo.tn\/fr\/actualite\/culture\/el-gouna-2023-l-impact-du-cinema\/211073\/#primaryimage","url":"https:\/\/www.webdo.tn\/fr\/wp-content\/uploads\/2023\/12\/98e22b5113434f44ad1d9aef60d26bd7.jpeg","contentUrl":"https:\/\/www.webdo.tn\/fr\/wp-content\/uploads\/2023\/12\/98e22b5113434f44ad1d9aef60d26bd7.jpeg","width":750,"height":400,"caption":"El Gouna 2023 - Cin\u00e9ma \u00e0 impact : mettre les paroles en action"},{"@type":"BreadcrumbList","@id":"https:\/\/www.webdo.tn\/fr\/actualite\/culture\/el-gouna-2023-l-impact-du-cinema\/211073\/#breadcrumb","itemListElement":[{"@type":"ListItem","position":1,"name":"Accueil","item":"https:\/\/www.webdo.tn\/fr\/"},{"@type":"ListItem","position":2,"name":"El Gouna 2023 &#8211; Cin\u00e9ma \u00e0 impact : mettre les paroles en action"}]},{"@type":"WebSite","@id":"https:\/\/www.webdo.tn\/fr\/#website","url":"https:\/\/www.webdo.tn\/fr\/","name":"webdo","description":"Tunisie - News en Tunisie et \u00e0 l&#039;international sur Webdo.tn","publisher":{"@id":"https:\/\/www.webdo.tn\/fr\/#organization"},"potentialAction":[{"@type":"SearchAction","target":{"@type":"EntryPoint","urlTemplate":"https:\/\/www.webdo.tn\/fr\/?s={search_term_string}"},"query-input":{"@type":"PropertyValueSpecification","valueRequired":true,"valueName":"search_term_string"}}],"inLanguage":"fr-FR"},{"@type":"Organization","@id":"https:\/\/www.webdo.tn\/fr\/#organization","name":"Webdo","alternateName":"Webdo.tn","url":"https:\/\/www.webdo.tn\/fr\/","logo":{"@type":"ImageObject","inLanguage":"fr-FR","@id":"https:\/\/www.webdo.tn\/fr\/#\/schema\/logo\/image\/","url":"https:\/\/www.webdo.tn\/fr\/wp-content\/uploads\/2025\/06\/Webdo-Tunisie_168377.jpg","contentUrl":"https:\/\/www.webdo.tn\/fr\/wp-content\/uploads\/2025\/06\/Webdo-Tunisie_168377.jpg","width":301,"height":301,"caption":"Webdo"},"image":{"@id":"https:\/\/www.webdo.tn\/fr\/#\/schema\/logo\/image\/"},"sameAs":["https:\/\/www.facebook.com\/webdotn","https:\/\/x.com\/webdo_tn"],"description":"Webdo est un m\u00e9dia num\u00e9rique tunisien fond\u00e9 en 2010, sp\u00e9cialis\u00e9 dans l\u2019actualit\u00e9 nationale et internationale, l\u2019\u00e9conomie, la soci\u00e9t\u00e9 et les analyses politiques. Le site s\u2019adresse \u00e0 un large public francophone et couvre l\u2019information tunisienne en temps r\u00e9el.","email":"redac@webdo.tn","legalName":"YNJ SARL","foundingDate":"2010-09-06","numberOfEmployees":{"@type":"QuantitativeValue","minValue":"11","maxValue":"50"}},{"@type":"Person","@id":"https:\/\/www.webdo.tn\/fr\/#\/schema\/person\/60d5ba619ed3f58783b0dc82b7dada80","name":"Ne\u00efla DRISS","image":{"@type":"ImageObject","inLanguage":"fr-FR","@id":"https:\/\/www.webdo.tn\/fr\/wp-content\/uploads\/2026\/04\/neila-driss_avatar-96x96.jpg","url":"https:\/\/www.webdo.tn\/fr\/wp-content\/uploads\/2026\/04\/neila-driss_avatar-96x96.jpg","contentUrl":"https:\/\/www.webdo.tn\/fr\/wp-content\/uploads\/2026\/04\/neila-driss_avatar-96x96.jpg","caption":"Ne\u00efla DRISS"},"description":"Ne\u00efla Driss est juriste, journaliste culturelle et critique de cin\u00e9ma tunisienne. Titulaire d\u2019un DEA en droit priv\u00e9 de l\u2019Universit\u00e9 Paris II et d\u2019un DESS de l\u2019IHEC Carthage, elle d\u00e9bute sa carri\u00e8re comme juriste sp\u00e9cialis\u00e9e en gestion de patrimoine immobilier. Elle s\u2019oriente ensuite vers l\u2019\u00e9criture en ligne, o\u00f9 elle se distingue d\u00e8s 2006 aux Tunisia Blog Awards, avant de se consacrer au journalisme culturel, avec une sp\u00e9cialisation dans la critique cin\u00e9matographique. Elle couvre r\u00e9guli\u00e8rement les grands festivals internationaux, notamment le Festival de Cannes, les Journ\u00e9es Cin\u00e9matographiques de Carthage et le Festival du film du Caire. Membre de l\u2019ATPCC et de la FIPRESCI, elle participe \u00e0 des jurys et initiatives internationales de critique. Depuis 2024, elle est \u00e9lectrice internationale aux Golden Globes. Facebook : https:\/\/www.facebook.com\/massir.destiniii\/ X : https:\/\/x.com\/MassirDestin","sameAs":["https:\/\/www.facebook.com\/massir.destiniii\/","https:\/\/www.instagram.com\/neila.driss\/?hl=fr","https:\/\/www.linkedin.com\/in\/neila-driss-22606a80\/","https:\/\/x.com\/https:\/\/x.com\/MassirDestin"],"knowsAbout":["Cin\u00e9ma international","critique cin\u00e9matographique","festivals de cin\u00e9ma","journalisme culturel"],"knowsLanguage":["Fran\u00e7ais","Arabe","Anglais"],"jobTitle":"Journaliste culturelle et critique de cin\u00e9ma","worksFor":"Webdo","url":"https:\/\/www.webdo.tn\/fr\/actualite\/author\/neila-driss\/"}]}},"_links":{"self":[{"href":"https:\/\/www.webdo.tn\/fr\/wp-json\/wp\/v2\/posts\/211073","targetHints":{"allow":["GET"]}}],"collection":[{"href":"https:\/\/www.webdo.tn\/fr\/wp-json\/wp\/v2\/posts"}],"about":[{"href":"https:\/\/www.webdo.tn\/fr\/wp-json\/wp\/v2\/types\/post"}],"author":[{"embeddable":true,"href":"https:\/\/www.webdo.tn\/fr\/wp-json\/wp\/v2\/users\/3164"}],"replies":[{"embeddable":true,"href":"https:\/\/www.webdo.tn\/fr\/wp-json\/wp\/v2\/comments?post=211073"}],"version-history":[{"count":0,"href":"https:\/\/www.webdo.tn\/fr\/wp-json\/wp\/v2\/posts\/211073\/revisions"}],"wp:featuredmedia":[{"embeddable":true,"href":"https:\/\/www.webdo.tn\/fr\/wp-json\/wp\/v2\/media\/248424"}],"wp:attachment":[{"href":"https:\/\/www.webdo.tn\/fr\/wp-json\/wp\/v2\/media?parent=211073"}],"wp:term":[{"taxonomy":"category","embeddable":true,"href":"https:\/\/www.webdo.tn\/fr\/wp-json\/wp\/v2\/categories?post=211073"},{"taxonomy":"post_tag","embeddable":true,"href":"https:\/\/www.webdo.tn\/fr\/wp-json\/wp\/v2\/tags?post=211073"}],"curies":[{"name":"wp","href":"https:\/\/api.w.org\/{rel}","templated":true}]}}