{"id":211059,"date":"2023-12-25T09:32:00","date_gmt":"2023-12-25T09:32:00","guid":{"rendered":"https:\/\/www.webdo.tn\/fr\/blog\/mahmoud-triki-ancien-pdg-de-l-agence-tap-n-est-plus\/211059\/"},"modified":"2025-05-20T22:11:11","modified_gmt":"2025-05-20T22:11:11","slug":"mahmoud-triki-ancien-pdg-de-l-agence-tap-n-est-plus","status":"publish","type":"post","link":"https:\/\/www.webdo.tn\/fr\/actualite\/national\/mahmoud-triki-ancien-pdg-de-l-agence-tap-n-est-plus\/211059\/","title":{"rendered":"Mahmoud Triki, ancien PDG de l\u2019agence TAP n\u2019est plus"},"content":{"rendered":"<p>L\u2019ancien diplomate et PDG de l\u2019agence TAP, Mahmoud Triki, est d\u00e9c\u00e9d\u00e9, dimanche 24 d\u00e9cembre 2023 \u00e0 l\u2019\u00e2ge de 87 ans.<\/p>\n<p>\t\t\t\t\t\t\t\t\tMahmoud Triki, ancien Pr\u00e9sident directeur-g\u00e9n\u00e9ral de l\u2019Agence Tunis Afrique-Presse au cours des ann\u00e9es 70, est d\u00e9c\u00e9d\u00e9, dimanche 24 d\u00e9cembre 2023 \u00e0 l\u2019\u00e2ge de 87 ans.<\/p>\n<p>Cet ancien diplomate qui a \u00e9galement occup\u00e9 le poste d\u2019ambassadeur de la Ligue des Etats Arabes aupr\u00e8s de l\u2019Organisation des Nations Unies (ONU), s\u2019est notamment illustr\u00e9 en 2016 lorsqu\u2019il a offert sa biblioth\u00e8que personnelle, riche de 1736 \u0153uvres \u00e0 la Biblioth\u00e8que nationale.<\/p>\n<p>Il \u00e9tait \u00e9galement po\u00e8te et \u00e9crivain, pour avoir publi\u00e9 un recueil de po\u00e8mes et de livres en langues arabe et fran\u00e7aise.<\/p>\n<p>Ses fun\u00e9railles auront lieu aujourd\u2019hui, lundi 25 d\u00e9cembre 2023, \u00e0 Tunis. Paix \u00e0 son \u00e2me !<\/p>\n","protected":false},"excerpt":{"rendered":"<p>Ancien diplomate et PDG de la TAP, \u00e9crivain, po\u00e8te&#8230; Mahmoud Triki est d\u00e9c\u00e9d\u00e9 \u00e0 l&rsquo;\u00e2ge de 87 ans.<\/p>\n","protected":false},"author":3162,"featured_media":290009,"comment_status":"open","ping_status":"closed","sticky":false,"template":"","format":"standard","meta":{"footnotes":""},"categories":[44],"tags":[9913,2830,8919],"class_list":["post-211059","post","type-post","status-publish","format-standard","has-post-thumbnail","hentry","category-national","tag-mahmoud-triki","tag-deces","tag-tap"],"yoast_head":"<!-- This site is optimized with the Yoast SEO Premium plugin v27.4 (Yoast SEO v27.5) - https:\/\/yoast.com\/product\/yoast-seo-premium-wordpress\/ -->\n<title>Mahmoud Triki, ancien PDG de l\u2019agence TAP n\u2019est plus<\/title>\n<meta name=\"description\" content=\"Ancien diplomate et PDG de la TAP, \u00e9crivain, po\u00e8te... Mahmoud Triki est d\u00e9c\u00e9d\u00e9 \u00e0 l&#039;\u00e2ge de 87 ans.\" \/>\n<link rel=\"canonical\" href=\"https:\/\/www.webdo.tn\/fr\/actualite\/national\/mahmoud-triki-ancien-pdg-de-l-agence-tap-n-est-plus\/211059\/\" \/>\n<meta property=\"og:locale\" content=\"fr_FR\" \/>\n<meta property=\"og:type\" content=\"article\" \/>\n<meta property=\"og:title\" content=\"Mahmoud Triki, ancien PDG de l\u2019agence TAP n\u2019est plus\" \/>\n<meta property=\"og:description\" content=\"Ancien diplomate et PDG de la TAP, \u00e9crivain, po\u00e8te... Mahmoud Triki est d\u00e9c\u00e9d\u00e9 \u00e0 l&#039;\u00e2ge de 87 ans.\" \/>\n<meta property=\"og:url\" content=\"https:\/\/www.webdo.tn\/fr\/actualite\/national\/mahmoud-triki-ancien-pdg-de-l-agence-tap-n-est-plus\/211059\/\" \/>\n<meta property=\"og:site_name\" content=\"webdo\" \/>\n<meta property=\"article:publisher\" content=\"https:\/\/www.facebook.com\/webdotn\" \/>\n<meta property=\"article:published_time\" content=\"2023-12-25T09:32:00+00:00\" \/>\n<meta property=\"article:modified_time\" content=\"2025-05-20T22:11:11+00:00\" \/>\n<meta property=\"og:image\" content=\"https:\/\/www.webdo.tn\/fr\/wp-content\/uploads\/2023\/12\/012faee02a4c8e3fa7a4fa4b7e67d41c.jpg\" \/>\n\t<meta property=\"og:image:width\" content=\"750\" \/>\n\t<meta property=\"og:image:height\" content=\"400\" \/>\n\t<meta property=\"og:image:type\" content=\"image\/jpeg\" \/>\n<meta name=\"author\" content=\"MC\" \/>\n<meta name=\"twitter:card\" content=\"summary_large_image\" \/>\n<meta name=\"twitter:creator\" content=\"@webdo_tn\" \/>\n<meta name=\"twitter:site\" content=\"@webdo_tn\" \/>\n<meta name=\"twitter:label1\" content=\"\u00c9crit par\" \/>\n\t<meta name=\"twitter:data1\" content=\"MC\" \/>\n\t<meta name=\"twitter:label2\" content=\"Dur\u00e9e de lecture estim\u00e9e\" \/>\n\t<meta name=\"twitter:data2\" content=\"1 minute\" \/>\n<script type=\"application\/ld+json\" class=\"yoast-schema-graph\">{\"@context\":\"https:\\\/\\\/schema.org\",\"@graph\":[{\"@type\":\"NewsArticle\",\"@id\":\"https:\\\/\\\/www.webdo.tn\\\/fr\\\/actualite\\\/national\\\/mahmoud-triki-ancien-pdg-de-l-agence-tap-n-est-plus\\\/211059\\\/#article\",\"isPartOf\":{\"@id\":\"https:\\\/\\\/www.webdo.tn\\\/fr\\\/actualite\\\/national\\\/mahmoud-triki-ancien-pdg-de-l-agence-tap-n-est-plus\\\/211059\\\/\"},\"author\":{\"name\":\"MC\",\"@id\":\"https:\\\/\\\/www.webdo.tn\\\/fr\\\/#\\\/schema\\\/person\\\/2c4929cbf5a809e3bd38617c6ce150f6\"},\"headline\":\"Mahmoud Triki, ancien PDG de l\u2019agence TAP n\u2019est plus\",\"datePublished\":\"2023-12-25T09:32:00+00:00\",\"dateModified\":\"2025-05-20T22:11:11+00:00\",\"mainEntityOfPage\":{\"@id\":\"https:\\\/\\\/www.webdo.tn\\\/fr\\\/actualite\\\/national\\\/mahmoud-triki-ancien-pdg-de-l-agence-tap-n-est-plus\\\/211059\\\/\"},\"wordCount\":146,\"commentCount\":0,\"publisher\":{\"@id\":\"https:\\\/\\\/www.webdo.tn\\\/fr\\\/#organization\"},\"image\":{\"@id\":\"https:\\\/\\\/www.webdo.tn\\\/fr\\\/actualite\\\/national\\\/mahmoud-triki-ancien-pdg-de-l-agence-tap-n-est-plus\\\/211059\\\/#primaryimage\"},\"thumbnailUrl\":\"https:\\\/\\\/www.webdo.tn\\\/fr\\\/wp-content\\\/uploads\\\/2023\\\/12\\\/012faee02a4c8e3fa7a4fa4b7e67d41c.jpg\",\"keywords\":[\"'mahmoud triki']\",\"D\u00e9c\u00e8s\",\"TAP\"],\"articleSection\":[\"National\"],\"inLanguage\":\"fr-FR\"},{\"@type\":\"WebPage\",\"@id\":\"https:\\\/\\\/www.webdo.tn\\\/fr\\\/actualite\\\/national\\\/mahmoud-triki-ancien-pdg-de-l-agence-tap-n-est-plus\\\/211059\\\/\",\"url\":\"https:\\\/\\\/www.webdo.tn\\\/fr\\\/actualite\\\/national\\\/mahmoud-triki-ancien-pdg-de-l-agence-tap-n-est-plus\\\/211059\\\/\",\"name\":\"Mahmoud Triki, ancien PDG de l\u2019agence TAP n\u2019est plus\",\"isPartOf\":{\"@id\":\"https:\\\/\\\/www.webdo.tn\\\/fr\\\/#website\"},\"primaryImageOfPage\":{\"@id\":\"https:\\\/\\\/www.webdo.tn\\\/fr\\\/actualite\\\/national\\\/mahmoud-triki-ancien-pdg-de-l-agence-tap-n-est-plus\\\/211059\\\/#primaryimage\"},\"image\":{\"@id\":\"https:\\\/\\\/www.webdo.tn\\\/fr\\\/actualite\\\/national\\\/mahmoud-triki-ancien-pdg-de-l-agence-tap-n-est-plus\\\/211059\\\/#primaryimage\"},\"thumbnailUrl\":\"https:\\\/\\\/www.webdo.tn\\\/fr\\\/wp-content\\\/uploads\\\/2023\\\/12\\\/012faee02a4c8e3fa7a4fa4b7e67d41c.jpg\",\"datePublished\":\"2023-12-25T09:32:00+00:00\",\"dateModified\":\"2025-05-20T22:11:11+00:00\",\"description\":\"Ancien diplomate et PDG de la TAP, \u00e9crivain, po\u00e8te... Mahmoud Triki est d\u00e9c\u00e9d\u00e9 \u00e0 l'\u00e2ge de 87 ans.\",\"breadcrumb\":{\"@id\":\"https:\\\/\\\/www.webdo.tn\\\/fr\\\/actualite\\\/national\\\/mahmoud-triki-ancien-pdg-de-l-agence-tap-n-est-plus\\\/211059\\\/#breadcrumb\"},\"inLanguage\":\"fr-FR\",\"potentialAction\":[{\"@type\":\"ReadAction\",\"target\":[\"https:\\\/\\\/www.webdo.tn\\\/fr\\\/actualite\\\/national\\\/mahmoud-triki-ancien-pdg-de-l-agence-tap-n-est-plus\\\/211059\\\/\"]}]},{\"@type\":\"ImageObject\",\"inLanguage\":\"fr-FR\",\"@id\":\"https:\\\/\\\/www.webdo.tn\\\/fr\\\/actualite\\\/national\\\/mahmoud-triki-ancien-pdg-de-l-agence-tap-n-est-plus\\\/211059\\\/#primaryimage\",\"url\":\"https:\\\/\\\/www.webdo.tn\\\/fr\\\/wp-content\\\/uploads\\\/2023\\\/12\\\/012faee02a4c8e3fa7a4fa4b7e67d41c.jpg\",\"contentUrl\":\"https:\\\/\\\/www.webdo.tn\\\/fr\\\/wp-content\\\/uploads\\\/2023\\\/12\\\/012faee02a4c8e3fa7a4fa4b7e67d41c.jpg\",\"width\":750,\"height\":400,\"caption\":\"Mahmoud Triki, ancien PDG de l\u2019agence TAP n\u2019est plus\"},{\"@type\":\"BreadcrumbList\",\"@id\":\"https:\\\/\\\/www.webdo.tn\\\/fr\\\/actualite\\\/national\\\/mahmoud-triki-ancien-pdg-de-l-agence-tap-n-est-plus\\\/211059\\\/#breadcrumb\",\"itemListElement\":[{\"@type\":\"ListItem\",\"position\":1,\"name\":\"Accueil\",\"item\":\"https:\\\/\\\/www.webdo.tn\\\/fr\\\/\"},{\"@type\":\"ListItem\",\"position\":2,\"name\":\"Mahmoud Triki, ancien PDG de l\u2019agence TAP n\u2019est plus\"}]},{\"@type\":\"WebSite\",\"@id\":\"https:\\\/\\\/www.webdo.tn\\\/fr\\\/#website\",\"url\":\"https:\\\/\\\/www.webdo.tn\\\/fr\\\/\",\"name\":\"webdo\",\"description\":\"Tunisie - News en Tunisie et \u00e0 l&#039;international sur Webdo.tn\",\"publisher\":{\"@id\":\"https:\\\/\\\/www.webdo.tn\\\/fr\\\/#organization\"},\"potentialAction\":[{\"@type\":\"SearchAction\",\"target\":{\"@type\":\"EntryPoint\",\"urlTemplate\":\"https:\\\/\\\/www.webdo.tn\\\/fr\\\/?s={search_term_string}\"},\"query-input\":{\"@type\":\"PropertyValueSpecification\",\"valueRequired\":true,\"valueName\":\"search_term_string\"}}],\"inLanguage\":\"fr-FR\"},{\"@type\":\"Organization\",\"@id\":\"https:\\\/\\\/www.webdo.tn\\\/fr\\\/#organization\",\"name\":\"Webdo\",\"alternateName\":\"Webdo.tn\",\"url\":\"https:\\\/\\\/www.webdo.tn\\\/fr\\\/\",\"logo\":{\"@type\":\"ImageObject\",\"inLanguage\":\"fr-FR\",\"@id\":\"https:\\\/\\\/www.webdo.tn\\\/fr\\\/#\\\/schema\\\/logo\\\/image\\\/\",\"url\":\"https:\\\/\\\/www.webdo.tn\\\/fr\\\/wp-content\\\/uploads\\\/2025\\\/06\\\/Webdo-Tunisie_168377.jpg\",\"contentUrl\":\"https:\\\/\\\/www.webdo.tn\\\/fr\\\/wp-content\\\/uploads\\\/2025\\\/06\\\/Webdo-Tunisie_168377.jpg\",\"width\":301,\"height\":301,\"caption\":\"Webdo\"},\"image\":{\"@id\":\"https:\\\/\\\/www.webdo.tn\\\/fr\\\/#\\\/schema\\\/logo\\\/image\\\/\"},\"sameAs\":[\"https:\\\/\\\/www.facebook.com\\\/webdotn\",\"https:\\\/\\\/x.com\\\/webdo_tn\"],\"description\":\"Webdo est un m\u00e9dia num\u00e9rique tunisien fond\u00e9 en 2010, sp\u00e9cialis\u00e9 dans l\u2019actualit\u00e9 nationale et internationale, l\u2019\u00e9conomie, la soci\u00e9t\u00e9 et les analyses politiques. Le site s\u2019adresse \u00e0 un large public francophone et couvre l\u2019information tunisienne en temps r\u00e9el.\",\"email\":\"redac@webdo.tn\",\"legalName\":\"YNJ SARL\",\"foundingDate\":\"2010-09-06\",\"numberOfEmployees\":{\"@type\":\"QuantitativeValue\",\"minValue\":\"11\",\"maxValue\":\"50\"}},{\"@type\":\"Person\",\"@id\":\"https:\\\/\\\/www.webdo.tn\\\/fr\\\/#\\\/schema\\\/person\\\/2c4929cbf5a809e3bd38617c6ce150f6\",\"name\":\"MC\",\"image\":{\"@type\":\"ImageObject\",\"inLanguage\":\"fr-FR\",\"@id\":\"https:\\\/\\\/secure.gravatar.com\\\/avatar\\\/a545bbb6f84efdd5553dbbc2895e3ca8f1d12c5215e00a041c9670b54aa9b18a?s=96&d=mm&r=g\",\"url\":\"https:\\\/\\\/secure.gravatar.com\\\/avatar\\\/a545bbb6f84efdd5553dbbc2895e3ca8f1d12c5215e00a041c9670b54aa9b18a?s=96&d=mm&r=g\",\"contentUrl\":\"https:\\\/\\\/secure.gravatar.com\\\/avatar\\\/a545bbb6f84efdd5553dbbc2895e3ca8f1d12c5215e00a041c9670b54aa9b18a?s=96&d=mm&r=g\",\"caption\":\"MC\"},\"url\":\"https:\\\/\\\/www.webdo.tn\\\/fr\\\/actualite\\\/author\\\/mc\\\/\"}]}<\/script>\n<!-- \/ Yoast SEO Premium plugin. -->","yoast_head_json":{"title":"Mahmoud Triki, ancien PDG de l\u2019agence TAP n\u2019est plus","description":"Ancien diplomate et PDG de la TAP, \u00e9crivain, po\u00e8te... Mahmoud Triki est d\u00e9c\u00e9d\u00e9 \u00e0 l'\u00e2ge de 87 ans.","canonical":"https:\/\/www.webdo.tn\/fr\/actualite\/national\/mahmoud-triki-ancien-pdg-de-l-agence-tap-n-est-plus\/211059\/","og_locale":"fr_FR","og_type":"article","og_title":"Mahmoud Triki, ancien PDG de l\u2019agence TAP n\u2019est plus","og_description":"Ancien diplomate et PDG de la TAP, \u00e9crivain, po\u00e8te... Mahmoud Triki est d\u00e9c\u00e9d\u00e9 \u00e0 l'\u00e2ge de 87 ans.","og_url":"https:\/\/www.webdo.tn\/fr\/actualite\/national\/mahmoud-triki-ancien-pdg-de-l-agence-tap-n-est-plus\/211059\/","og_site_name":"webdo","article_publisher":"https:\/\/www.facebook.com\/webdotn","article_published_time":"2023-12-25T09:32:00+00:00","article_modified_time":"2025-05-20T22:11:11+00:00","og_image":[{"width":750,"height":400,"url":"https:\/\/www.webdo.tn\/fr\/wp-content\/uploads\/2023\/12\/012faee02a4c8e3fa7a4fa4b7e67d41c.jpg","type":"image\/jpeg"}],"author":"MC","twitter_card":"summary_large_image","twitter_creator":"@webdo_tn","twitter_site":"@webdo_tn","twitter_misc":{"\u00c9crit par":"MC","Dur\u00e9e de lecture estim\u00e9e":"1 minute"},"schema":{"@context":"https:\/\/schema.org","@graph":[{"@type":"NewsArticle","@id":"https:\/\/www.webdo.tn\/fr\/actualite\/national\/mahmoud-triki-ancien-pdg-de-l-agence-tap-n-est-plus\/211059\/#article","isPartOf":{"@id":"https:\/\/www.webdo.tn\/fr\/actualite\/national\/mahmoud-triki-ancien-pdg-de-l-agence-tap-n-est-plus\/211059\/"},"author":{"name":"MC","@id":"https:\/\/www.webdo.tn\/fr\/#\/schema\/person\/2c4929cbf5a809e3bd38617c6ce150f6"},"headline":"Mahmoud Triki, ancien PDG de l\u2019agence TAP n\u2019est plus","datePublished":"2023-12-25T09:32:00+00:00","dateModified":"2025-05-20T22:11:11+00:00","mainEntityOfPage":{"@id":"https:\/\/www.webdo.tn\/fr\/actualite\/national\/mahmoud-triki-ancien-pdg-de-l-agence-tap-n-est-plus\/211059\/"},"wordCount":146,"commentCount":0,"publisher":{"@id":"https:\/\/www.webdo.tn\/fr\/#organization"},"image":{"@id":"https:\/\/www.webdo.tn\/fr\/actualite\/national\/mahmoud-triki-ancien-pdg-de-l-agence-tap-n-est-plus\/211059\/#primaryimage"},"thumbnailUrl":"https:\/\/www.webdo.tn\/fr\/wp-content\/uploads\/2023\/12\/012faee02a4c8e3fa7a4fa4b7e67d41c.jpg","keywords":["'mahmoud triki']","D\u00e9c\u00e8s","TAP"],"articleSection":["National"],"inLanguage":"fr-FR"},{"@type":"WebPage","@id":"https:\/\/www.webdo.tn\/fr\/actualite\/national\/mahmoud-triki-ancien-pdg-de-l-agence-tap-n-est-plus\/211059\/","url":"https:\/\/www.webdo.tn\/fr\/actualite\/national\/mahmoud-triki-ancien-pdg-de-l-agence-tap-n-est-plus\/211059\/","name":"Mahmoud Triki, ancien PDG de l\u2019agence TAP n\u2019est plus","isPartOf":{"@id":"https:\/\/www.webdo.tn\/fr\/#website"},"primaryImageOfPage":{"@id":"https:\/\/www.webdo.tn\/fr\/actualite\/national\/mahmoud-triki-ancien-pdg-de-l-agence-tap-n-est-plus\/211059\/#primaryimage"},"image":{"@id":"https:\/\/www.webdo.tn\/fr\/actualite\/national\/mahmoud-triki-ancien-pdg-de-l-agence-tap-n-est-plus\/211059\/#primaryimage"},"thumbnailUrl":"https:\/\/www.webdo.tn\/fr\/wp-content\/uploads\/2023\/12\/012faee02a4c8e3fa7a4fa4b7e67d41c.jpg","datePublished":"2023-12-25T09:32:00+00:00","dateModified":"2025-05-20T22:11:11+00:00","description":"Ancien diplomate et PDG de la TAP, \u00e9crivain, po\u00e8te... Mahmoud Triki est d\u00e9c\u00e9d\u00e9 \u00e0 l'\u00e2ge de 87 ans.","breadcrumb":{"@id":"https:\/\/www.webdo.tn\/fr\/actualite\/national\/mahmoud-triki-ancien-pdg-de-l-agence-tap-n-est-plus\/211059\/#breadcrumb"},"inLanguage":"fr-FR","potentialAction":[{"@type":"ReadAction","target":["https:\/\/www.webdo.tn\/fr\/actualite\/national\/mahmoud-triki-ancien-pdg-de-l-agence-tap-n-est-plus\/211059\/"]}]},{"@type":"ImageObject","inLanguage":"fr-FR","@id":"https:\/\/www.webdo.tn\/fr\/actualite\/national\/mahmoud-triki-ancien-pdg-de-l-agence-tap-n-est-plus\/211059\/#primaryimage","url":"https:\/\/www.webdo.tn\/fr\/wp-content\/uploads\/2023\/12\/012faee02a4c8e3fa7a4fa4b7e67d41c.jpg","contentUrl":"https:\/\/www.webdo.tn\/fr\/wp-content\/uploads\/2023\/12\/012faee02a4c8e3fa7a4fa4b7e67d41c.jpg","width":750,"height":400,"caption":"Mahmoud Triki, ancien PDG de l\u2019agence TAP n\u2019est plus"},{"@type":"BreadcrumbList","@id":"https:\/\/www.webdo.tn\/fr\/actualite\/national\/mahmoud-triki-ancien-pdg-de-l-agence-tap-n-est-plus\/211059\/#breadcrumb","itemListElement":[{"@type":"ListItem","position":1,"name":"Accueil","item":"https:\/\/www.webdo.tn\/fr\/"},{"@type":"ListItem","position":2,"name":"Mahmoud Triki, ancien PDG de l\u2019agence TAP n\u2019est plus"}]},{"@type":"WebSite","@id":"https:\/\/www.webdo.tn\/fr\/#website","url":"https:\/\/www.webdo.tn\/fr\/","name":"webdo","description":"Tunisie - News en Tunisie et \u00e0 l&#039;international sur Webdo.tn","publisher":{"@id":"https:\/\/www.webdo.tn\/fr\/#organization"},"potentialAction":[{"@type":"SearchAction","target":{"@type":"EntryPoint","urlTemplate":"https:\/\/www.webdo.tn\/fr\/?s={search_term_string}"},"query-input":{"@type":"PropertyValueSpecification","valueRequired":true,"valueName":"search_term_string"}}],"inLanguage":"fr-FR"},{"@type":"Organization","@id":"https:\/\/www.webdo.tn\/fr\/#organization","name":"Webdo","alternateName":"Webdo.tn","url":"https:\/\/www.webdo.tn\/fr\/","logo":{"@type":"ImageObject","inLanguage":"fr-FR","@id":"https:\/\/www.webdo.tn\/fr\/#\/schema\/logo\/image\/","url":"https:\/\/www.webdo.tn\/fr\/wp-content\/uploads\/2025\/06\/Webdo-Tunisie_168377.jpg","contentUrl":"https:\/\/www.webdo.tn\/fr\/wp-content\/uploads\/2025\/06\/Webdo-Tunisie_168377.jpg","width":301,"height":301,"caption":"Webdo"},"image":{"@id":"https:\/\/www.webdo.tn\/fr\/#\/schema\/logo\/image\/"},"sameAs":["https:\/\/www.facebook.com\/webdotn","https:\/\/x.com\/webdo_tn"],"description":"Webdo est un m\u00e9dia num\u00e9rique tunisien fond\u00e9 en 2010, sp\u00e9cialis\u00e9 dans l\u2019actualit\u00e9 nationale et internationale, l\u2019\u00e9conomie, la soci\u00e9t\u00e9 et les analyses politiques. Le site s\u2019adresse \u00e0 un large public francophone et couvre l\u2019information tunisienne en temps r\u00e9el.","email":"redac@webdo.tn","legalName":"YNJ SARL","foundingDate":"2010-09-06","numberOfEmployees":{"@type":"QuantitativeValue","minValue":"11","maxValue":"50"}},{"@type":"Person","@id":"https:\/\/www.webdo.tn\/fr\/#\/schema\/person\/2c4929cbf5a809e3bd38617c6ce150f6","name":"MC","image":{"@type":"ImageObject","inLanguage":"fr-FR","@id":"https:\/\/secure.gravatar.com\/avatar\/a545bbb6f84efdd5553dbbc2895e3ca8f1d12c5215e00a041c9670b54aa9b18a?s=96&d=mm&r=g","url":"https:\/\/secure.gravatar.com\/avatar\/a545bbb6f84efdd5553dbbc2895e3ca8f1d12c5215e00a041c9670b54aa9b18a?s=96&d=mm&r=g","contentUrl":"https:\/\/secure.gravatar.com\/avatar\/a545bbb6f84efdd5553dbbc2895e3ca8f1d12c5215e00a041c9670b54aa9b18a?s=96&d=mm&r=g","caption":"MC"},"url":"https:\/\/www.webdo.tn\/fr\/actualite\/author\/mc\/"}]}},"_links":{"self":[{"href":"https:\/\/www.webdo.tn\/fr\/wp-json\/wp\/v2\/posts\/211059","targetHints":{"allow":["GET"]}}],"collection":[{"href":"https:\/\/www.webdo.tn\/fr\/wp-json\/wp\/v2\/posts"}],"about":[{"href":"https:\/\/www.webdo.tn\/fr\/wp-json\/wp\/v2\/types\/post"}],"author":[{"embeddable":true,"href":"https:\/\/www.webdo.tn\/fr\/wp-json\/wp\/v2\/users\/3162"}],"replies":[{"embeddable":true,"href":"https:\/\/www.webdo.tn\/fr\/wp-json\/wp\/v2\/comments?post=211059"}],"version-history":[{"count":0,"href":"https:\/\/www.webdo.tn\/fr\/wp-json\/wp\/v2\/posts\/211059\/revisions"}],"wp:featuredmedia":[{"embeddable":true,"href":"https:\/\/www.webdo.tn\/fr\/wp-json\/wp\/v2\/media\/290009"}],"wp:attachment":[{"href":"https:\/\/www.webdo.tn\/fr\/wp-json\/wp\/v2\/media?parent=211059"}],"wp:term":[{"taxonomy":"category","embeddable":true,"href":"https:\/\/www.webdo.tn\/fr\/wp-json\/wp\/v2\/categories?post=211059"},{"taxonomy":"post_tag","embeddable":true,"href":"https:\/\/www.webdo.tn\/fr\/wp-json\/wp\/v2\/tags?post=211059"}],"curies":[{"name":"wp","href":"https:\/\/api.w.org\/{rel}","templated":true}]}}