{"id":211047,"date":"2023-12-24T12:09:00","date_gmt":"2023-12-24T12:09:00","guid":{"rendered":"https:\/\/www.webdo.tn\/fr\/blog\/en-votant-kais-saied-declare-la-richesse-est-grande-et-notre-volonte-est-illimitee\/211047\/"},"modified":"2025-05-20T22:56:29","modified_gmt":"2025-05-20T22:56:29","slug":"en-votant-kais-saied-declare-la-richesse-est-grande-et-notre-volonte-est-illimitee","status":"publish","type":"post","link":"https:\/\/www.webdo.tn\/fr\/actualite\/national\/en-votant-kais-saied-declare-la-richesse-est-grande-et-notre-volonte-est-illimitee\/211047\/","title":{"rendered":"En votant, Ka\u00efs Sa\u00efed d\u00e9clare : \u00ab La richesse est grande et notre volont\u00e9 est illimit\u00e9e\u2026 \u00bb"},"content":{"rendered":"<p>Le Pr\u00e9sident de la R\u00e9publique, Ka\u00efs Sa\u00efed, et son \u00e9pouse, ont vot\u00e9, ce dimanche 24 d\u00e9cembre 2023, aux \u00e9lections locales, dans un bureau de vote de la r\u00e9gion d\u2019El Mnihla du gouvernorat de l\u2019Ariana.<\/p>\n<p>\t\t\t\t\t\t\t\t\tLors d\u2019une allocution, Sa\u00efed a affirm\u00e9 que \u00ab Vous avez vu l\u2019ampleur de la corruption qui ravage le pays et nous devons nous unir pour construire une nouvelle R\u00e9publique (\u2026). Nous avan\u00e7ons dans la bonne direction et nous r\u00e9pondrons aux espoirs de notre peuple (\u2026) \u00bb.\u00a0<\/p>\n<p>\u00ab La richesse est grande et notre volont\u00e9 est illimit\u00e9e (\u2026). Sa richesse humaine est grande, et nous devons compter sur nous-m\u00eames et sur nos capacit\u00e9s, et nous construirons notre pays avec nos efforts et notre sueur (\u2026) et l\u2019avenir appartient au peuple tunisien souverain(\u2026) \u00bb, a assur\u00e9 le pr\u00e9sident de la R\u00e9publique.<\/p>\n<p>Le pr\u00e9sident a affirm\u00e9 que les r\u00e9formes en cours sont en accord avec le chemin r\u00e9volutionnaire de la Tunisie. Il a \u00e9voqu\u00e9 l\u2019importance de la participation active des citoyens, notamment ceux qui ont \u00e9t\u00e9 marginalis\u00e9s et r\u00e9duits \u00e0 de simples votants lors des \u00e9lections pr\u00e9c\u00e9dentes.<\/p>\n","protected":false},"excerpt":{"rendered":"<p>Le Pr\u00e9sident de la R\u00e9publique, Ka\u00efs Sa\u00efed, et son \u00e9pouse, ont vot\u00e9, ce dimanche 24 d\u00e9cembre 2023, aux \u00e9lections locales.<\/p>\n","protected":false},"author":3185,"featured_media":248442,"comment_status":"open","ping_status":"closed","sticky":false,"template":"","format":"standard","meta":{"footnotes":""},"categories":[44],"tags":[6916,2614,6172],"class_list":["post-211047","post","type-post","status-publish","format-standard","has-post-thumbnail","hentry","category-national","tag-elections-locales","tag-kais-saied","tag-vote"],"yoast_head":"<!-- This site is optimized with the Yoast SEO Premium plugin v27.4 (Yoast SEO v27.4) - https:\/\/yoast.com\/product\/yoast-seo-premium-wordpress\/ -->\n<title>En votant, Ka\u00efs Sa\u00efed d\u00e9clare : \u00ab La richesse est grande et notre volont\u00e9 est illimit\u00e9e\u2026 \u00bb<\/title>\n<meta name=\"description\" content=\"Le Pr\u00e9sident de la R\u00e9publique, Ka\u00efs Sa\u00efed, et son \u00e9pouse, ont vot\u00e9, ce dimanche 24 d\u00e9cembre 2023, aux \u00e9lections locales.\" \/>\n<link rel=\"canonical\" href=\"https:\/\/www.webdo.tn\/fr\/actualite\/national\/en-votant-kais-saied-declare-la-richesse-est-grande-et-notre-volonte-est-illimitee\/211047\/\" \/>\n<meta property=\"og:locale\" content=\"fr_FR\" \/>\n<meta property=\"og:type\" content=\"article\" \/>\n<meta property=\"og:title\" content=\"En votant, Ka\u00efs Sa\u00efed d\u00e9clare : \u00ab La richesse est grande et notre volont\u00e9 est illimit\u00e9e\u2026 \u00bb\" \/>\n<meta property=\"og:description\" content=\"Le Pr\u00e9sident de la R\u00e9publique, Ka\u00efs Sa\u00efed, et son \u00e9pouse, ont vot\u00e9, ce dimanche 24 d\u00e9cembre 2023, aux \u00e9lections locales.\" \/>\n<meta property=\"og:url\" content=\"https:\/\/www.webdo.tn\/fr\/actualite\/national\/en-votant-kais-saied-declare-la-richesse-est-grande-et-notre-volonte-est-illimitee\/211047\/\" \/>\n<meta property=\"og:site_name\" content=\"webdo\" \/>\n<meta property=\"article:publisher\" content=\"https:\/\/www.facebook.com\/webdotn\" \/>\n<meta property=\"article:published_time\" content=\"2023-12-24T12:09:00+00:00\" \/>\n<meta property=\"article:modified_time\" content=\"2025-05-20T22:56:29+00:00\" \/>\n<meta property=\"og:image\" content=\"https:\/\/www.webdo.tn\/fr\/wp-content\/uploads\/2023\/12\/80d79238d9b4bdc294a7f9ebb7d67241.jpg\" \/>\n\t<meta property=\"og:image:width\" content=\"750\" \/>\n\t<meta property=\"og:image:height\" content=\"400\" \/>\n\t<meta property=\"og:image:type\" content=\"image\/jpeg\" \/>\n<meta name=\"author\" content=\"WDA\" \/>\n<meta name=\"twitter:card\" content=\"summary_large_image\" \/>\n<meta name=\"twitter:creator\" content=\"@webdo_tn\" \/>\n<meta name=\"twitter:site\" content=\"@webdo_tn\" \/>\n<meta name=\"twitter:label1\" content=\"\u00c9crit par\" \/>\n\t<meta name=\"twitter:data1\" content=\"WDA\" \/>\n\t<meta name=\"twitter:label2\" content=\"Dur\u00e9e de lecture estim\u00e9e\" \/>\n\t<meta name=\"twitter:data2\" content=\"1 minute\" \/>\n<script type=\"application\/ld+json\" class=\"yoast-schema-graph\">{\"@context\":\"https:\\\/\\\/schema.org\",\"@graph\":[{\"@type\":\"NewsArticle\",\"@id\":\"https:\\\/\\\/www.webdo.tn\\\/fr\\\/actualite\\\/national\\\/en-votant-kais-saied-declare-la-richesse-est-grande-et-notre-volonte-est-illimitee\\\/211047\\\/#article\",\"isPartOf\":{\"@id\":\"https:\\\/\\\/www.webdo.tn\\\/fr\\\/actualite\\\/national\\\/en-votant-kais-saied-declare-la-richesse-est-grande-et-notre-volonte-est-illimitee\\\/211047\\\/\"},\"author\":{\"name\":\"WDA\",\"@id\":\"https:\\\/\\\/www.webdo.tn\\\/fr\\\/#\\\/schema\\\/person\\\/ae999f6cc68c323955dd7bb23b41f2dd\"},\"headline\":\"En votant, Ka\u00efs Sa\u00efed d\u00e9clare : \u00ab La richesse est grande et notre volont\u00e9 est illimit\u00e9e\u2026 \u00bb\",\"datePublished\":\"2023-12-24T12:09:00+00:00\",\"dateModified\":\"2025-05-20T22:56:29+00:00\",\"mainEntityOfPage\":{\"@id\":\"https:\\\/\\\/www.webdo.tn\\\/fr\\\/actualite\\\/national\\\/en-votant-kais-saied-declare-la-richesse-est-grande-et-notre-volonte-est-illimitee\\\/211047\\\/\"},\"wordCount\":213,\"commentCount\":0,\"publisher\":{\"@id\":\"https:\\\/\\\/www.webdo.tn\\\/fr\\\/#organization\"},\"image\":{\"@id\":\"https:\\\/\\\/www.webdo.tn\\\/fr\\\/actualite\\\/national\\\/en-votant-kais-saied-declare-la-richesse-est-grande-et-notre-volonte-est-illimitee\\\/211047\\\/#primaryimage\"},\"thumbnailUrl\":\"https:\\\/\\\/www.webdo.tn\\\/fr\\\/wp-content\\\/uploads\\\/2023\\\/12\\\/80d79238d9b4bdc294a7f9ebb7d67241.jpg\",\"keywords\":[\"Elections locales\",\"Kais Saied\",\"vote\"],\"articleSection\":[\"National\"],\"inLanguage\":\"fr-FR\"},{\"@type\":\"WebPage\",\"@id\":\"https:\\\/\\\/www.webdo.tn\\\/fr\\\/actualite\\\/national\\\/en-votant-kais-saied-declare-la-richesse-est-grande-et-notre-volonte-est-illimitee\\\/211047\\\/\",\"url\":\"https:\\\/\\\/www.webdo.tn\\\/fr\\\/actualite\\\/national\\\/en-votant-kais-saied-declare-la-richesse-est-grande-et-notre-volonte-est-illimitee\\\/211047\\\/\",\"name\":\"En votant, Ka\u00efs Sa\u00efed d\u00e9clare : \u00ab La richesse est grande et notre volont\u00e9 est illimit\u00e9e\u2026 \u00bb\",\"isPartOf\":{\"@id\":\"https:\\\/\\\/www.webdo.tn\\\/fr\\\/#website\"},\"primaryImageOfPage\":{\"@id\":\"https:\\\/\\\/www.webdo.tn\\\/fr\\\/actualite\\\/national\\\/en-votant-kais-saied-declare-la-richesse-est-grande-et-notre-volonte-est-illimitee\\\/211047\\\/#primaryimage\"},\"image\":{\"@id\":\"https:\\\/\\\/www.webdo.tn\\\/fr\\\/actualite\\\/national\\\/en-votant-kais-saied-declare-la-richesse-est-grande-et-notre-volonte-est-illimitee\\\/211047\\\/#primaryimage\"},\"thumbnailUrl\":\"https:\\\/\\\/www.webdo.tn\\\/fr\\\/wp-content\\\/uploads\\\/2023\\\/12\\\/80d79238d9b4bdc294a7f9ebb7d67241.jpg\",\"datePublished\":\"2023-12-24T12:09:00+00:00\",\"dateModified\":\"2025-05-20T22:56:29+00:00\",\"description\":\"Le Pr\u00e9sident de la R\u00e9publique, Ka\u00efs Sa\u00efed, et son \u00e9pouse, ont vot\u00e9, ce dimanche 24 d\u00e9cembre 2023, aux \u00e9lections locales.\",\"breadcrumb\":{\"@id\":\"https:\\\/\\\/www.webdo.tn\\\/fr\\\/actualite\\\/national\\\/en-votant-kais-saied-declare-la-richesse-est-grande-et-notre-volonte-est-illimitee\\\/211047\\\/#breadcrumb\"},\"inLanguage\":\"fr-FR\",\"potentialAction\":[{\"@type\":\"ReadAction\",\"target\":[\"https:\\\/\\\/www.webdo.tn\\\/fr\\\/actualite\\\/national\\\/en-votant-kais-saied-declare-la-richesse-est-grande-et-notre-volonte-est-illimitee\\\/211047\\\/\"]}]},{\"@type\":\"ImageObject\",\"inLanguage\":\"fr-FR\",\"@id\":\"https:\\\/\\\/www.webdo.tn\\\/fr\\\/actualite\\\/national\\\/en-votant-kais-saied-declare-la-richesse-est-grande-et-notre-volonte-est-illimitee\\\/211047\\\/#primaryimage\",\"url\":\"https:\\\/\\\/www.webdo.tn\\\/fr\\\/wp-content\\\/uploads\\\/2023\\\/12\\\/80d79238d9b4bdc294a7f9ebb7d67241.jpg\",\"contentUrl\":\"https:\\\/\\\/www.webdo.tn\\\/fr\\\/wp-content\\\/uploads\\\/2023\\\/12\\\/80d79238d9b4bdc294a7f9ebb7d67241.jpg\",\"width\":750,\"height\":400,\"caption\":\"En votant, Ka\u00efs Sa\u00efed d\u00e9clare : \u00ab La richesse est grande et notre volont\u00e9 est illimit\u00e9e\u2026 \u00bb\"},{\"@type\":\"BreadcrumbList\",\"@id\":\"https:\\\/\\\/www.webdo.tn\\\/fr\\\/actualite\\\/national\\\/en-votant-kais-saied-declare-la-richesse-est-grande-et-notre-volonte-est-illimitee\\\/211047\\\/#breadcrumb\",\"itemListElement\":[{\"@type\":\"ListItem\",\"position\":1,\"name\":\"Accueil\",\"item\":\"https:\\\/\\\/www.webdo.tn\\\/fr\\\/\"},{\"@type\":\"ListItem\",\"position\":2,\"name\":\"En votant, Ka\u00efs Sa\u00efed d\u00e9clare : \u00ab La richesse est grande et notre volont\u00e9 est illimit\u00e9e\u2026 \u00bb\"}]},{\"@type\":\"WebSite\",\"@id\":\"https:\\\/\\\/www.webdo.tn\\\/fr\\\/#website\",\"url\":\"https:\\\/\\\/www.webdo.tn\\\/fr\\\/\",\"name\":\"webdo\",\"description\":\"Tunisie - News en Tunisie et \u00e0 l&#039;international sur Webdo.tn\",\"publisher\":{\"@id\":\"https:\\\/\\\/www.webdo.tn\\\/fr\\\/#organization\"},\"potentialAction\":[{\"@type\":\"SearchAction\",\"target\":{\"@type\":\"EntryPoint\",\"urlTemplate\":\"https:\\\/\\\/www.webdo.tn\\\/fr\\\/?s={search_term_string}\"},\"query-input\":{\"@type\":\"PropertyValueSpecification\",\"valueRequired\":true,\"valueName\":\"search_term_string\"}}],\"inLanguage\":\"fr-FR\"},{\"@type\":\"Organization\",\"@id\":\"https:\\\/\\\/www.webdo.tn\\\/fr\\\/#organization\",\"name\":\"Webdo\",\"alternateName\":\"Webdo.tn\",\"url\":\"https:\\\/\\\/www.webdo.tn\\\/fr\\\/\",\"logo\":{\"@type\":\"ImageObject\",\"inLanguage\":\"fr-FR\",\"@id\":\"https:\\\/\\\/www.webdo.tn\\\/fr\\\/#\\\/schema\\\/logo\\\/image\\\/\",\"url\":\"https:\\\/\\\/www.webdo.tn\\\/fr\\\/wp-content\\\/uploads\\\/2025\\\/06\\\/Webdo-Tunisie_168377.jpg\",\"contentUrl\":\"https:\\\/\\\/www.webdo.tn\\\/fr\\\/wp-content\\\/uploads\\\/2025\\\/06\\\/Webdo-Tunisie_168377.jpg\",\"width\":301,\"height\":301,\"caption\":\"Webdo\"},\"image\":{\"@id\":\"https:\\\/\\\/www.webdo.tn\\\/fr\\\/#\\\/schema\\\/logo\\\/image\\\/\"},\"sameAs\":[\"https:\\\/\\\/www.facebook.com\\\/webdotn\",\"https:\\\/\\\/x.com\\\/webdo_tn\"],\"description\":\"Webdo est un m\u00e9dia num\u00e9rique tunisien fond\u00e9 en 2010, sp\u00e9cialis\u00e9 dans l\u2019actualit\u00e9 nationale et internationale, l\u2019\u00e9conomie, la soci\u00e9t\u00e9 et les analyses politiques. Le site s\u2019adresse \u00e0 un large public francophone et couvre l\u2019information tunisienne en temps r\u00e9el.\",\"email\":\"redac@webdo.tn\",\"legalName\":\"YNJ SARL\",\"foundingDate\":\"2010-09-06\",\"numberOfEmployees\":{\"@type\":\"QuantitativeValue\",\"minValue\":\"11\",\"maxValue\":\"50\"}},{\"@type\":\"Person\",\"@id\":\"https:\\\/\\\/www.webdo.tn\\\/fr\\\/#\\\/schema\\\/person\\\/ae999f6cc68c323955dd7bb23b41f2dd\",\"name\":\"WDA\",\"image\":{\"@type\":\"ImageObject\",\"inLanguage\":\"fr-FR\",\"@id\":\"https:\\\/\\\/secure.gravatar.com\\\/avatar\\\/008e9c4da3bbf467e76fbd05ea8a140d6f047be3ff32b495e3a42ecd99d95622?s=96&d=mm&r=g\",\"url\":\"https:\\\/\\\/secure.gravatar.com\\\/avatar\\\/008e9c4da3bbf467e76fbd05ea8a140d6f047be3ff32b495e3a42ecd99d95622?s=96&d=mm&r=g\",\"contentUrl\":\"https:\\\/\\\/secure.gravatar.com\\\/avatar\\\/008e9c4da3bbf467e76fbd05ea8a140d6f047be3ff32b495e3a42ecd99d95622?s=96&d=mm&r=g\",\"caption\":\"WDA\"},\"url\":\"https:\\\/\\\/www.webdo.tn\\\/fr\\\/actualite\\\/author\\\/wda\\\/\"}]}<\/script>\n<!-- \/ Yoast SEO Premium plugin. -->","yoast_head_json":{"title":"En votant, Ka\u00efs Sa\u00efed d\u00e9clare : \u00ab La richesse est grande et notre volont\u00e9 est illimit\u00e9e\u2026 \u00bb","description":"Le Pr\u00e9sident de la R\u00e9publique, Ka\u00efs Sa\u00efed, et son \u00e9pouse, ont vot\u00e9, ce dimanche 24 d\u00e9cembre 2023, aux \u00e9lections locales.","canonical":"https:\/\/www.webdo.tn\/fr\/actualite\/national\/en-votant-kais-saied-declare-la-richesse-est-grande-et-notre-volonte-est-illimitee\/211047\/","og_locale":"fr_FR","og_type":"article","og_title":"En votant, Ka\u00efs Sa\u00efed d\u00e9clare : \u00ab La richesse est grande et notre volont\u00e9 est illimit\u00e9e\u2026 \u00bb","og_description":"Le Pr\u00e9sident de la R\u00e9publique, Ka\u00efs Sa\u00efed, et son \u00e9pouse, ont vot\u00e9, ce dimanche 24 d\u00e9cembre 2023, aux \u00e9lections locales.","og_url":"https:\/\/www.webdo.tn\/fr\/actualite\/national\/en-votant-kais-saied-declare-la-richesse-est-grande-et-notre-volonte-est-illimitee\/211047\/","og_site_name":"webdo","article_publisher":"https:\/\/www.facebook.com\/webdotn","article_published_time":"2023-12-24T12:09:00+00:00","article_modified_time":"2025-05-20T22:56:29+00:00","og_image":[{"width":750,"height":400,"url":"https:\/\/www.webdo.tn\/fr\/wp-content\/uploads\/2023\/12\/80d79238d9b4bdc294a7f9ebb7d67241.jpg","type":"image\/jpeg"}],"author":"WDA","twitter_card":"summary_large_image","twitter_creator":"@webdo_tn","twitter_site":"@webdo_tn","twitter_misc":{"\u00c9crit par":"WDA","Dur\u00e9e de lecture estim\u00e9e":"1 minute"},"schema":{"@context":"https:\/\/schema.org","@graph":[{"@type":"NewsArticle","@id":"https:\/\/www.webdo.tn\/fr\/actualite\/national\/en-votant-kais-saied-declare-la-richesse-est-grande-et-notre-volonte-est-illimitee\/211047\/#article","isPartOf":{"@id":"https:\/\/www.webdo.tn\/fr\/actualite\/national\/en-votant-kais-saied-declare-la-richesse-est-grande-et-notre-volonte-est-illimitee\/211047\/"},"author":{"name":"WDA","@id":"https:\/\/www.webdo.tn\/fr\/#\/schema\/person\/ae999f6cc68c323955dd7bb23b41f2dd"},"headline":"En votant, Ka\u00efs Sa\u00efed d\u00e9clare : \u00ab La richesse est grande et notre volont\u00e9 est illimit\u00e9e\u2026 \u00bb","datePublished":"2023-12-24T12:09:00+00:00","dateModified":"2025-05-20T22:56:29+00:00","mainEntityOfPage":{"@id":"https:\/\/www.webdo.tn\/fr\/actualite\/national\/en-votant-kais-saied-declare-la-richesse-est-grande-et-notre-volonte-est-illimitee\/211047\/"},"wordCount":213,"commentCount":0,"publisher":{"@id":"https:\/\/www.webdo.tn\/fr\/#organization"},"image":{"@id":"https:\/\/www.webdo.tn\/fr\/actualite\/national\/en-votant-kais-saied-declare-la-richesse-est-grande-et-notre-volonte-est-illimitee\/211047\/#primaryimage"},"thumbnailUrl":"https:\/\/www.webdo.tn\/fr\/wp-content\/uploads\/2023\/12\/80d79238d9b4bdc294a7f9ebb7d67241.jpg","keywords":["Elections locales","Kais Saied","vote"],"articleSection":["National"],"inLanguage":"fr-FR"},{"@type":"WebPage","@id":"https:\/\/www.webdo.tn\/fr\/actualite\/national\/en-votant-kais-saied-declare-la-richesse-est-grande-et-notre-volonte-est-illimitee\/211047\/","url":"https:\/\/www.webdo.tn\/fr\/actualite\/national\/en-votant-kais-saied-declare-la-richesse-est-grande-et-notre-volonte-est-illimitee\/211047\/","name":"En votant, Ka\u00efs Sa\u00efed d\u00e9clare : \u00ab La richesse est grande et notre volont\u00e9 est illimit\u00e9e\u2026 \u00bb","isPartOf":{"@id":"https:\/\/www.webdo.tn\/fr\/#website"},"primaryImageOfPage":{"@id":"https:\/\/www.webdo.tn\/fr\/actualite\/national\/en-votant-kais-saied-declare-la-richesse-est-grande-et-notre-volonte-est-illimitee\/211047\/#primaryimage"},"image":{"@id":"https:\/\/www.webdo.tn\/fr\/actualite\/national\/en-votant-kais-saied-declare-la-richesse-est-grande-et-notre-volonte-est-illimitee\/211047\/#primaryimage"},"thumbnailUrl":"https:\/\/www.webdo.tn\/fr\/wp-content\/uploads\/2023\/12\/80d79238d9b4bdc294a7f9ebb7d67241.jpg","datePublished":"2023-12-24T12:09:00+00:00","dateModified":"2025-05-20T22:56:29+00:00","description":"Le Pr\u00e9sident de la R\u00e9publique, Ka\u00efs Sa\u00efed, et son \u00e9pouse, ont vot\u00e9, ce dimanche 24 d\u00e9cembre 2023, aux \u00e9lections locales.","breadcrumb":{"@id":"https:\/\/www.webdo.tn\/fr\/actualite\/national\/en-votant-kais-saied-declare-la-richesse-est-grande-et-notre-volonte-est-illimitee\/211047\/#breadcrumb"},"inLanguage":"fr-FR","potentialAction":[{"@type":"ReadAction","target":["https:\/\/www.webdo.tn\/fr\/actualite\/national\/en-votant-kais-saied-declare-la-richesse-est-grande-et-notre-volonte-est-illimitee\/211047\/"]}]},{"@type":"ImageObject","inLanguage":"fr-FR","@id":"https:\/\/www.webdo.tn\/fr\/actualite\/national\/en-votant-kais-saied-declare-la-richesse-est-grande-et-notre-volonte-est-illimitee\/211047\/#primaryimage","url":"https:\/\/www.webdo.tn\/fr\/wp-content\/uploads\/2023\/12\/80d79238d9b4bdc294a7f9ebb7d67241.jpg","contentUrl":"https:\/\/www.webdo.tn\/fr\/wp-content\/uploads\/2023\/12\/80d79238d9b4bdc294a7f9ebb7d67241.jpg","width":750,"height":400,"caption":"En votant, Ka\u00efs Sa\u00efed d\u00e9clare : \u00ab La richesse est grande et notre volont\u00e9 est illimit\u00e9e\u2026 \u00bb"},{"@type":"BreadcrumbList","@id":"https:\/\/www.webdo.tn\/fr\/actualite\/national\/en-votant-kais-saied-declare-la-richesse-est-grande-et-notre-volonte-est-illimitee\/211047\/#breadcrumb","itemListElement":[{"@type":"ListItem","position":1,"name":"Accueil","item":"https:\/\/www.webdo.tn\/fr\/"},{"@type":"ListItem","position":2,"name":"En votant, Ka\u00efs Sa\u00efed d\u00e9clare : \u00ab La richesse est grande et notre volont\u00e9 est illimit\u00e9e\u2026 \u00bb"}]},{"@type":"WebSite","@id":"https:\/\/www.webdo.tn\/fr\/#website","url":"https:\/\/www.webdo.tn\/fr\/","name":"webdo","description":"Tunisie - News en Tunisie et \u00e0 l&#039;international sur Webdo.tn","publisher":{"@id":"https:\/\/www.webdo.tn\/fr\/#organization"},"potentialAction":[{"@type":"SearchAction","target":{"@type":"EntryPoint","urlTemplate":"https:\/\/www.webdo.tn\/fr\/?s={search_term_string}"},"query-input":{"@type":"PropertyValueSpecification","valueRequired":true,"valueName":"search_term_string"}}],"inLanguage":"fr-FR"},{"@type":"Organization","@id":"https:\/\/www.webdo.tn\/fr\/#organization","name":"Webdo","alternateName":"Webdo.tn","url":"https:\/\/www.webdo.tn\/fr\/","logo":{"@type":"ImageObject","inLanguage":"fr-FR","@id":"https:\/\/www.webdo.tn\/fr\/#\/schema\/logo\/image\/","url":"https:\/\/www.webdo.tn\/fr\/wp-content\/uploads\/2025\/06\/Webdo-Tunisie_168377.jpg","contentUrl":"https:\/\/www.webdo.tn\/fr\/wp-content\/uploads\/2025\/06\/Webdo-Tunisie_168377.jpg","width":301,"height":301,"caption":"Webdo"},"image":{"@id":"https:\/\/www.webdo.tn\/fr\/#\/schema\/logo\/image\/"},"sameAs":["https:\/\/www.facebook.com\/webdotn","https:\/\/x.com\/webdo_tn"],"description":"Webdo est un m\u00e9dia num\u00e9rique tunisien fond\u00e9 en 2010, sp\u00e9cialis\u00e9 dans l\u2019actualit\u00e9 nationale et internationale, l\u2019\u00e9conomie, la soci\u00e9t\u00e9 et les analyses politiques. Le site s\u2019adresse \u00e0 un large public francophone et couvre l\u2019information tunisienne en temps r\u00e9el.","email":"redac@webdo.tn","legalName":"YNJ SARL","foundingDate":"2010-09-06","numberOfEmployees":{"@type":"QuantitativeValue","minValue":"11","maxValue":"50"}},{"@type":"Person","@id":"https:\/\/www.webdo.tn\/fr\/#\/schema\/person\/ae999f6cc68c323955dd7bb23b41f2dd","name":"WDA","image":{"@type":"ImageObject","inLanguage":"fr-FR","@id":"https:\/\/secure.gravatar.com\/avatar\/008e9c4da3bbf467e76fbd05ea8a140d6f047be3ff32b495e3a42ecd99d95622?s=96&d=mm&r=g","url":"https:\/\/secure.gravatar.com\/avatar\/008e9c4da3bbf467e76fbd05ea8a140d6f047be3ff32b495e3a42ecd99d95622?s=96&d=mm&r=g","contentUrl":"https:\/\/secure.gravatar.com\/avatar\/008e9c4da3bbf467e76fbd05ea8a140d6f047be3ff32b495e3a42ecd99d95622?s=96&d=mm&r=g","caption":"WDA"},"url":"https:\/\/www.webdo.tn\/fr\/actualite\/author\/wda\/"}]}},"_links":{"self":[{"href":"https:\/\/www.webdo.tn\/fr\/wp-json\/wp\/v2\/posts\/211047","targetHints":{"allow":["GET"]}}],"collection":[{"href":"https:\/\/www.webdo.tn\/fr\/wp-json\/wp\/v2\/posts"}],"about":[{"href":"https:\/\/www.webdo.tn\/fr\/wp-json\/wp\/v2\/types\/post"}],"author":[{"embeddable":true,"href":"https:\/\/www.webdo.tn\/fr\/wp-json\/wp\/v2\/users\/3185"}],"replies":[{"embeddable":true,"href":"https:\/\/www.webdo.tn\/fr\/wp-json\/wp\/v2\/comments?post=211047"}],"version-history":[{"count":0,"href":"https:\/\/www.webdo.tn\/fr\/wp-json\/wp\/v2\/posts\/211047\/revisions"}],"wp:featuredmedia":[{"embeddable":true,"href":"https:\/\/www.webdo.tn\/fr\/wp-json\/wp\/v2\/media\/248442"}],"wp:attachment":[{"href":"https:\/\/www.webdo.tn\/fr\/wp-json\/wp\/v2\/media?parent=211047"}],"wp:term":[{"taxonomy":"category","embeddable":true,"href":"https:\/\/www.webdo.tn\/fr\/wp-json\/wp\/v2\/categories?post=211047"},{"taxonomy":"post_tag","embeddable":true,"href":"https:\/\/www.webdo.tn\/fr\/wp-json\/wp\/v2\/tags?post=211047"}],"curies":[{"name":"wp","href":"https:\/\/api.w.org\/{rel}","templated":true}]}}