{"id":211034,"date":"2023-12-22T21:09:00","date_gmt":"2023-12-22T21:09:00","guid":{"rendered":"https:\/\/www.webdo.tn\/fr\/blog\/grand-soulagement-de-la-tunisie-dans-l-affaire-de-la-bft\/211034\/"},"modified":"2025-05-20T22:38:55","modified_gmt":"2025-05-20T22:38:55","slug":"grand-soulagement-de-la-tunisie-dans-l-affaire-de-la-bft","status":"publish","type":"post","link":"https:\/\/www.webdo.tn\/fr\/actualite\/national\/grand-soulagement-de-la-tunisie-dans-l-affaire-de-la-bft\/211034\/","title":{"rendered":"Grand soulagement de la Tunisie dans l\u2019affaire de la BFT"},"content":{"rendered":"<p>La Tunisie est soulag\u00e9e. L\u2019Affaire de la Banque Franco-tunisienne connait un nouveau rebondissement de taille, et cette fois-ci, c\u2019est en faveur de la Tunisie.\u00a0<\/p>\n<p>\t\t\t\t\t\t\t\t\tSelon le charg\u00e9 g\u00e9n\u00e9ral des litiges de l\u2019Etat, le Centre international pour le r\u00e8glement des diff\u00e9rends relatifs aux investissements (CIRDI) vient d\u2019annoncer son verdict dans l\u2019affaire BFT, opposant l\u2019Etat tunisien au groupe ABCI investments.<\/p>\n<p>Ainsi, la Tunisie devra payer seulement une compensation de trois millions de dinars au lieu d\u2019un montant de trois milliards de dinars, comme le stipule un ancien jugement.\u00a0<\/p>\n<p>Il faut rappeler que la BFT constitue le plus lourd dossier de corruption dans l\u2019histoire du pays. La Tunisie avait \u00e9t\u00e9 condamn\u00e9 \u00e0 plus de trois milliards de dinars au profit du groupe qui avait rachet\u00e9 cette banque. L\u2019affaire de la Banque franco-tunisienne (BFT) concerne un litige qui dure depuis plus de 36 ans, opposant l\u2019Etat tunisien au groupe d\u2019investissement Arab Business Consortium International (Abci), ayant acquis la banque apr\u00e8s sa privatisation.\u00a0<\/p>\n<p>Rappelons que la Commission de R\u00e9solution des Banques et des Etablissements Financiers en situation compromise, avait annonc\u00e9 la faillite officielle de la Banque et avait engag\u00e9 sa dissolution.<\/p>\n","protected":false},"excerpt":{"rendered":"<p>Selon le charg\u00e9 g\u00e9n\u00e9ral des litiges de l\u2019Etat, cit\u00e9 par plusieurs sources concordantes, le Centre international pour le r\u00e8glement des diff\u00e9rends relatifs aux in&#8230;<\/p>\n","protected":false},"author":3175,"featured_media":248433,"comment_status":"open","ping_status":"closed","sticky":false,"template":"","format":"standard","meta":{"footnotes":""},"categories":[44],"tags":[5322,6334,7019,2608],"class_list":["post-211034","post","type-post","status-publish","format-standard","has-post-thumbnail","hentry","category-national","tag-affaire","tag-banque","tag-bft","tag-tunisie"],"yoast_head":"<!-- This site is optimized with the Yoast SEO Premium plugin v27.5 (Yoast SEO v27.5) - https:\/\/yoast.com\/product\/yoast-seo-premium-wordpress\/ -->\n<title>Grand soulagement de la Tunisie dans l\u2019affaire de la BFT<\/title>\n<meta name=\"description\" content=\"Selon le charg\u00e9 g\u00e9n\u00e9ral des litiges de l\u2019Etat, cit\u00e9 par plusieurs sources concordantes, le Centre international pour le r\u00e8glement des diff\u00e9rends relatifs aux in...\" \/>\n<link rel=\"canonical\" href=\"https:\/\/www.webdo.tn\/fr\/actualite\/national\/grand-soulagement-de-la-tunisie-dans-l-affaire-de-la-bft\/211034\/\" \/>\n<meta property=\"og:locale\" content=\"fr_FR\" \/>\n<meta property=\"og:type\" content=\"article\" \/>\n<meta property=\"og:title\" content=\"Grand soulagement de la Tunisie dans l\u2019affaire de la BFT\" \/>\n<meta property=\"og:description\" content=\"Selon le charg\u00e9 g\u00e9n\u00e9ral des litiges de l\u2019Etat, cit\u00e9 par plusieurs sources concordantes, le Centre international pour le r\u00e8glement des diff\u00e9rends relatifs aux in...\" \/>\n<meta property=\"og:url\" content=\"https:\/\/www.webdo.tn\/fr\/actualite\/national\/grand-soulagement-de-la-tunisie-dans-l-affaire-de-la-bft\/211034\/\" \/>\n<meta property=\"og:site_name\" content=\"webdo\" \/>\n<meta property=\"article:publisher\" content=\"https:\/\/www.facebook.com\/webdotn\" \/>\n<meta property=\"article:published_time\" content=\"2023-12-22T21:09:00+00:00\" \/>\n<meta property=\"article:modified_time\" content=\"2025-05-20T22:38:55+00:00\" \/>\n<meta property=\"og:image\" content=\"https:\/\/www.webdo.tn\/fr\/wp-content\/uploads\/2023\/12\/51438b9f4372746db528deaf62a0ff76.jpg\" \/>\n\t<meta property=\"og:image:width\" content=\"750\" \/>\n\t<meta property=\"og:image:height\" content=\"400\" \/>\n\t<meta property=\"og:image:type\" content=\"image\/jpeg\" \/>\n<meta name=\"author\" content=\"CL\" \/>\n<meta name=\"twitter:card\" content=\"summary_large_image\" \/>\n<meta name=\"twitter:creator\" content=\"@webdo_tn\" \/>\n<meta name=\"twitter:site\" content=\"@webdo_tn\" \/>\n<meta name=\"twitter:label1\" content=\"\u00c9crit par\" \/>\n\t<meta name=\"twitter:data1\" content=\"CL\" \/>\n\t<meta name=\"twitter:label2\" content=\"Dur\u00e9e de lecture estim\u00e9e\" \/>\n\t<meta name=\"twitter:data2\" content=\"1 minute\" \/>\n<script type=\"application\/ld+json\" class=\"yoast-schema-graph\">{\"@context\":\"https:\\\/\\\/schema.org\",\"@graph\":[{\"@type\":\"NewsArticle\",\"@id\":\"https:\\\/\\\/www.webdo.tn\\\/fr\\\/actualite\\\/national\\\/grand-soulagement-de-la-tunisie-dans-l-affaire-de-la-bft\\\/211034\\\/#article\",\"isPartOf\":{\"@id\":\"https:\\\/\\\/www.webdo.tn\\\/fr\\\/actualite\\\/national\\\/grand-soulagement-de-la-tunisie-dans-l-affaire-de-la-bft\\\/211034\\\/\"},\"author\":{\"name\":\"CL\",\"@id\":\"https:\\\/\\\/www.webdo.tn\\\/fr\\\/#\\\/schema\\\/person\\\/f35b42a42c5e2511bbd282959d6385cc\"},\"headline\":\"Grand soulagement de la Tunisie dans l\u2019affaire de la BFT\",\"datePublished\":\"2023-12-22T21:09:00+00:00\",\"dateModified\":\"2025-05-20T22:38:55+00:00\",\"mainEntityOfPage\":{\"@id\":\"https:\\\/\\\/www.webdo.tn\\\/fr\\\/actualite\\\/national\\\/grand-soulagement-de-la-tunisie-dans-l-affaire-de-la-bft\\\/211034\\\/\"},\"wordCount\":213,\"commentCount\":0,\"publisher\":{\"@id\":\"https:\\\/\\\/www.webdo.tn\\\/fr\\\/#organization\"},\"image\":{\"@id\":\"https:\\\/\\\/www.webdo.tn\\\/fr\\\/actualite\\\/national\\\/grand-soulagement-de-la-tunisie-dans-l-affaire-de-la-bft\\\/211034\\\/#primaryimage\"},\"thumbnailUrl\":\"https:\\\/\\\/www.webdo.tn\\\/fr\\\/wp-content\\\/uploads\\\/2023\\\/12\\\/51438b9f4372746db528deaf62a0ff76.jpg\",\"keywords\":[\"Affaire\",\"Banque\",\"BFT\",\"Tunisie\"],\"articleSection\":[\"National\"],\"inLanguage\":\"fr-FR\"},{\"@type\":\"WebPage\",\"@id\":\"https:\\\/\\\/www.webdo.tn\\\/fr\\\/actualite\\\/national\\\/grand-soulagement-de-la-tunisie-dans-l-affaire-de-la-bft\\\/211034\\\/\",\"url\":\"https:\\\/\\\/www.webdo.tn\\\/fr\\\/actualite\\\/national\\\/grand-soulagement-de-la-tunisie-dans-l-affaire-de-la-bft\\\/211034\\\/\",\"name\":\"Grand soulagement de la Tunisie dans l\u2019affaire de la BFT\",\"isPartOf\":{\"@id\":\"https:\\\/\\\/www.webdo.tn\\\/fr\\\/#website\"},\"primaryImageOfPage\":{\"@id\":\"https:\\\/\\\/www.webdo.tn\\\/fr\\\/actualite\\\/national\\\/grand-soulagement-de-la-tunisie-dans-l-affaire-de-la-bft\\\/211034\\\/#primaryimage\"},\"image\":{\"@id\":\"https:\\\/\\\/www.webdo.tn\\\/fr\\\/actualite\\\/national\\\/grand-soulagement-de-la-tunisie-dans-l-affaire-de-la-bft\\\/211034\\\/#primaryimage\"},\"thumbnailUrl\":\"https:\\\/\\\/www.webdo.tn\\\/fr\\\/wp-content\\\/uploads\\\/2023\\\/12\\\/51438b9f4372746db528deaf62a0ff76.jpg\",\"datePublished\":\"2023-12-22T21:09:00+00:00\",\"dateModified\":\"2025-05-20T22:38:55+00:00\",\"description\":\"Selon le charg\u00e9 g\u00e9n\u00e9ral des litiges de l\u2019Etat, cit\u00e9 par plusieurs sources concordantes, le Centre international pour le r\u00e8glement des diff\u00e9rends relatifs aux in...\",\"breadcrumb\":{\"@id\":\"https:\\\/\\\/www.webdo.tn\\\/fr\\\/actualite\\\/national\\\/grand-soulagement-de-la-tunisie-dans-l-affaire-de-la-bft\\\/211034\\\/#breadcrumb\"},\"inLanguage\":\"fr-FR\",\"potentialAction\":[{\"@type\":\"ReadAction\",\"target\":[\"https:\\\/\\\/www.webdo.tn\\\/fr\\\/actualite\\\/national\\\/grand-soulagement-de-la-tunisie-dans-l-affaire-de-la-bft\\\/211034\\\/\"]}]},{\"@type\":\"ImageObject\",\"inLanguage\":\"fr-FR\",\"@id\":\"https:\\\/\\\/www.webdo.tn\\\/fr\\\/actualite\\\/national\\\/grand-soulagement-de-la-tunisie-dans-l-affaire-de-la-bft\\\/211034\\\/#primaryimage\",\"url\":\"https:\\\/\\\/www.webdo.tn\\\/fr\\\/wp-content\\\/uploads\\\/2023\\\/12\\\/51438b9f4372746db528deaf62a0ff76.jpg\",\"contentUrl\":\"https:\\\/\\\/www.webdo.tn\\\/fr\\\/wp-content\\\/uploads\\\/2023\\\/12\\\/51438b9f4372746db528deaf62a0ff76.jpg\",\"width\":750,\"height\":400,\"caption\":\"Grand soulagement de la Tunisie dans l\u2019affaire de la BFT\"},{\"@type\":\"BreadcrumbList\",\"@id\":\"https:\\\/\\\/www.webdo.tn\\\/fr\\\/actualite\\\/national\\\/grand-soulagement-de-la-tunisie-dans-l-affaire-de-la-bft\\\/211034\\\/#breadcrumb\",\"itemListElement\":[{\"@type\":\"ListItem\",\"position\":1,\"name\":\"Accueil\",\"item\":\"https:\\\/\\\/www.webdo.tn\\\/fr\\\/\"},{\"@type\":\"ListItem\",\"position\":2,\"name\":\"Grand soulagement de la Tunisie dans l\u2019affaire de la BFT\"}]},{\"@type\":\"WebSite\",\"@id\":\"https:\\\/\\\/www.webdo.tn\\\/fr\\\/#website\",\"url\":\"https:\\\/\\\/www.webdo.tn\\\/fr\\\/\",\"name\":\"webdo\",\"description\":\"Tunisie - News en Tunisie et \u00e0 l&#039;international sur Webdo.tn\",\"publisher\":{\"@id\":\"https:\\\/\\\/www.webdo.tn\\\/fr\\\/#organization\"},\"potentialAction\":[{\"@type\":\"SearchAction\",\"target\":{\"@type\":\"EntryPoint\",\"urlTemplate\":\"https:\\\/\\\/www.webdo.tn\\\/fr\\\/?s={search_term_string}\"},\"query-input\":{\"@type\":\"PropertyValueSpecification\",\"valueRequired\":true,\"valueName\":\"search_term_string\"}}],\"inLanguage\":\"fr-FR\"},{\"@type\":\"Organization\",\"@id\":\"https:\\\/\\\/www.webdo.tn\\\/fr\\\/#organization\",\"name\":\"Webdo\",\"alternateName\":\"Webdo.tn\",\"url\":\"https:\\\/\\\/www.webdo.tn\\\/fr\\\/\",\"logo\":{\"@type\":\"ImageObject\",\"inLanguage\":\"fr-FR\",\"@id\":\"https:\\\/\\\/www.webdo.tn\\\/fr\\\/#\\\/schema\\\/logo\\\/image\\\/\",\"url\":\"https:\\\/\\\/www.webdo.tn\\\/fr\\\/wp-content\\\/uploads\\\/2025\\\/06\\\/Webdo-Tunisie_168377.jpg\",\"contentUrl\":\"https:\\\/\\\/www.webdo.tn\\\/fr\\\/wp-content\\\/uploads\\\/2025\\\/06\\\/Webdo-Tunisie_168377.jpg\",\"width\":301,\"height\":301,\"caption\":\"Webdo\"},\"image\":{\"@id\":\"https:\\\/\\\/www.webdo.tn\\\/fr\\\/#\\\/schema\\\/logo\\\/image\\\/\"},\"sameAs\":[\"https:\\\/\\\/www.facebook.com\\\/webdotn\",\"https:\\\/\\\/x.com\\\/webdo_tn\"],\"description\":\"Webdo est un m\u00e9dia num\u00e9rique tunisien fond\u00e9 en 2010, sp\u00e9cialis\u00e9 dans l\u2019actualit\u00e9 nationale et internationale, l\u2019\u00e9conomie, la soci\u00e9t\u00e9 et les analyses politiques. Le site s\u2019adresse \u00e0 un large public francophone et couvre l\u2019information tunisienne en temps r\u00e9el.\",\"email\":\"redac@webdo.tn\",\"legalName\":\"YNJ SARL\",\"foundingDate\":\"2010-09-06\",\"numberOfEmployees\":{\"@type\":\"QuantitativeValue\",\"minValue\":\"11\",\"maxValue\":\"50\"}},{\"@type\":\"Person\",\"@id\":\"https:\\\/\\\/www.webdo.tn\\\/fr\\\/#\\\/schema\\\/person\\\/f35b42a42c5e2511bbd282959d6385cc\",\"name\":\"CL\",\"image\":{\"@type\":\"ImageObject\",\"inLanguage\":\"fr-FR\",\"@id\":\"https:\\\/\\\/secure.gravatar.com\\\/avatar\\\/1447a49909b67aa657c488aec6512e1dd6143a480c1ecfee9b5b5cd74eb3b59e?s=96&d=mm&r=g\",\"url\":\"https:\\\/\\\/secure.gravatar.com\\\/avatar\\\/1447a49909b67aa657c488aec6512e1dd6143a480c1ecfee9b5b5cd74eb3b59e?s=96&d=mm&r=g\",\"contentUrl\":\"https:\\\/\\\/secure.gravatar.com\\\/avatar\\\/1447a49909b67aa657c488aec6512e1dd6143a480c1ecfee9b5b5cd74eb3b59e?s=96&d=mm&r=g\",\"caption\":\"CL\"},\"url\":\"https:\\\/\\\/www.webdo.tn\\\/fr\\\/actualite\\\/author\\\/cl\\\/\"}]}<\/script>\n<!-- \/ Yoast SEO Premium plugin. -->","yoast_head_json":{"title":"Grand soulagement de la Tunisie dans l\u2019affaire de la BFT","description":"Selon le charg\u00e9 g\u00e9n\u00e9ral des litiges de l\u2019Etat, cit\u00e9 par plusieurs sources concordantes, le Centre international pour le r\u00e8glement des diff\u00e9rends relatifs aux in...","canonical":"https:\/\/www.webdo.tn\/fr\/actualite\/national\/grand-soulagement-de-la-tunisie-dans-l-affaire-de-la-bft\/211034\/","og_locale":"fr_FR","og_type":"article","og_title":"Grand soulagement de la Tunisie dans l\u2019affaire de la BFT","og_description":"Selon le charg\u00e9 g\u00e9n\u00e9ral des litiges de l\u2019Etat, cit\u00e9 par plusieurs sources concordantes, le Centre international pour le r\u00e8glement des diff\u00e9rends relatifs aux in...","og_url":"https:\/\/www.webdo.tn\/fr\/actualite\/national\/grand-soulagement-de-la-tunisie-dans-l-affaire-de-la-bft\/211034\/","og_site_name":"webdo","article_publisher":"https:\/\/www.facebook.com\/webdotn","article_published_time":"2023-12-22T21:09:00+00:00","article_modified_time":"2025-05-20T22:38:55+00:00","og_image":[{"width":750,"height":400,"url":"https:\/\/www.webdo.tn\/fr\/wp-content\/uploads\/2023\/12\/51438b9f4372746db528deaf62a0ff76.jpg","type":"image\/jpeg"}],"author":"CL","twitter_card":"summary_large_image","twitter_creator":"@webdo_tn","twitter_site":"@webdo_tn","twitter_misc":{"\u00c9crit par":"CL","Dur\u00e9e de lecture estim\u00e9e":"1 minute"},"schema":{"@context":"https:\/\/schema.org","@graph":[{"@type":"NewsArticle","@id":"https:\/\/www.webdo.tn\/fr\/actualite\/national\/grand-soulagement-de-la-tunisie-dans-l-affaire-de-la-bft\/211034\/#article","isPartOf":{"@id":"https:\/\/www.webdo.tn\/fr\/actualite\/national\/grand-soulagement-de-la-tunisie-dans-l-affaire-de-la-bft\/211034\/"},"author":{"name":"CL","@id":"https:\/\/www.webdo.tn\/fr\/#\/schema\/person\/f35b42a42c5e2511bbd282959d6385cc"},"headline":"Grand soulagement de la Tunisie dans l\u2019affaire de la BFT","datePublished":"2023-12-22T21:09:00+00:00","dateModified":"2025-05-20T22:38:55+00:00","mainEntityOfPage":{"@id":"https:\/\/www.webdo.tn\/fr\/actualite\/national\/grand-soulagement-de-la-tunisie-dans-l-affaire-de-la-bft\/211034\/"},"wordCount":213,"commentCount":0,"publisher":{"@id":"https:\/\/www.webdo.tn\/fr\/#organization"},"image":{"@id":"https:\/\/www.webdo.tn\/fr\/actualite\/national\/grand-soulagement-de-la-tunisie-dans-l-affaire-de-la-bft\/211034\/#primaryimage"},"thumbnailUrl":"https:\/\/www.webdo.tn\/fr\/wp-content\/uploads\/2023\/12\/51438b9f4372746db528deaf62a0ff76.jpg","keywords":["Affaire","Banque","BFT","Tunisie"],"articleSection":["National"],"inLanguage":"fr-FR"},{"@type":"WebPage","@id":"https:\/\/www.webdo.tn\/fr\/actualite\/national\/grand-soulagement-de-la-tunisie-dans-l-affaire-de-la-bft\/211034\/","url":"https:\/\/www.webdo.tn\/fr\/actualite\/national\/grand-soulagement-de-la-tunisie-dans-l-affaire-de-la-bft\/211034\/","name":"Grand soulagement de la Tunisie dans l\u2019affaire de la BFT","isPartOf":{"@id":"https:\/\/www.webdo.tn\/fr\/#website"},"primaryImageOfPage":{"@id":"https:\/\/www.webdo.tn\/fr\/actualite\/national\/grand-soulagement-de-la-tunisie-dans-l-affaire-de-la-bft\/211034\/#primaryimage"},"image":{"@id":"https:\/\/www.webdo.tn\/fr\/actualite\/national\/grand-soulagement-de-la-tunisie-dans-l-affaire-de-la-bft\/211034\/#primaryimage"},"thumbnailUrl":"https:\/\/www.webdo.tn\/fr\/wp-content\/uploads\/2023\/12\/51438b9f4372746db528deaf62a0ff76.jpg","datePublished":"2023-12-22T21:09:00+00:00","dateModified":"2025-05-20T22:38:55+00:00","description":"Selon le charg\u00e9 g\u00e9n\u00e9ral des litiges de l\u2019Etat, cit\u00e9 par plusieurs sources concordantes, le Centre international pour le r\u00e8glement des diff\u00e9rends relatifs aux in...","breadcrumb":{"@id":"https:\/\/www.webdo.tn\/fr\/actualite\/national\/grand-soulagement-de-la-tunisie-dans-l-affaire-de-la-bft\/211034\/#breadcrumb"},"inLanguage":"fr-FR","potentialAction":[{"@type":"ReadAction","target":["https:\/\/www.webdo.tn\/fr\/actualite\/national\/grand-soulagement-de-la-tunisie-dans-l-affaire-de-la-bft\/211034\/"]}]},{"@type":"ImageObject","inLanguage":"fr-FR","@id":"https:\/\/www.webdo.tn\/fr\/actualite\/national\/grand-soulagement-de-la-tunisie-dans-l-affaire-de-la-bft\/211034\/#primaryimage","url":"https:\/\/www.webdo.tn\/fr\/wp-content\/uploads\/2023\/12\/51438b9f4372746db528deaf62a0ff76.jpg","contentUrl":"https:\/\/www.webdo.tn\/fr\/wp-content\/uploads\/2023\/12\/51438b9f4372746db528deaf62a0ff76.jpg","width":750,"height":400,"caption":"Grand soulagement de la Tunisie dans l\u2019affaire de la BFT"},{"@type":"BreadcrumbList","@id":"https:\/\/www.webdo.tn\/fr\/actualite\/national\/grand-soulagement-de-la-tunisie-dans-l-affaire-de-la-bft\/211034\/#breadcrumb","itemListElement":[{"@type":"ListItem","position":1,"name":"Accueil","item":"https:\/\/www.webdo.tn\/fr\/"},{"@type":"ListItem","position":2,"name":"Grand soulagement de la Tunisie dans l\u2019affaire de la BFT"}]},{"@type":"WebSite","@id":"https:\/\/www.webdo.tn\/fr\/#website","url":"https:\/\/www.webdo.tn\/fr\/","name":"webdo","description":"Tunisie - News en Tunisie et \u00e0 l&#039;international sur Webdo.tn","publisher":{"@id":"https:\/\/www.webdo.tn\/fr\/#organization"},"potentialAction":[{"@type":"SearchAction","target":{"@type":"EntryPoint","urlTemplate":"https:\/\/www.webdo.tn\/fr\/?s={search_term_string}"},"query-input":{"@type":"PropertyValueSpecification","valueRequired":true,"valueName":"search_term_string"}}],"inLanguage":"fr-FR"},{"@type":"Organization","@id":"https:\/\/www.webdo.tn\/fr\/#organization","name":"Webdo","alternateName":"Webdo.tn","url":"https:\/\/www.webdo.tn\/fr\/","logo":{"@type":"ImageObject","inLanguage":"fr-FR","@id":"https:\/\/www.webdo.tn\/fr\/#\/schema\/logo\/image\/","url":"https:\/\/www.webdo.tn\/fr\/wp-content\/uploads\/2025\/06\/Webdo-Tunisie_168377.jpg","contentUrl":"https:\/\/www.webdo.tn\/fr\/wp-content\/uploads\/2025\/06\/Webdo-Tunisie_168377.jpg","width":301,"height":301,"caption":"Webdo"},"image":{"@id":"https:\/\/www.webdo.tn\/fr\/#\/schema\/logo\/image\/"},"sameAs":["https:\/\/www.facebook.com\/webdotn","https:\/\/x.com\/webdo_tn"],"description":"Webdo est un m\u00e9dia num\u00e9rique tunisien fond\u00e9 en 2010, sp\u00e9cialis\u00e9 dans l\u2019actualit\u00e9 nationale et internationale, l\u2019\u00e9conomie, la soci\u00e9t\u00e9 et les analyses politiques. Le site s\u2019adresse \u00e0 un large public francophone et couvre l\u2019information tunisienne en temps r\u00e9el.","email":"redac@webdo.tn","legalName":"YNJ SARL","foundingDate":"2010-09-06","numberOfEmployees":{"@type":"QuantitativeValue","minValue":"11","maxValue":"50"}},{"@type":"Person","@id":"https:\/\/www.webdo.tn\/fr\/#\/schema\/person\/f35b42a42c5e2511bbd282959d6385cc","name":"CL","image":{"@type":"ImageObject","inLanguage":"fr-FR","@id":"https:\/\/secure.gravatar.com\/avatar\/1447a49909b67aa657c488aec6512e1dd6143a480c1ecfee9b5b5cd74eb3b59e?s=96&d=mm&r=g","url":"https:\/\/secure.gravatar.com\/avatar\/1447a49909b67aa657c488aec6512e1dd6143a480c1ecfee9b5b5cd74eb3b59e?s=96&d=mm&r=g","contentUrl":"https:\/\/secure.gravatar.com\/avatar\/1447a49909b67aa657c488aec6512e1dd6143a480c1ecfee9b5b5cd74eb3b59e?s=96&d=mm&r=g","caption":"CL"},"url":"https:\/\/www.webdo.tn\/fr\/actualite\/author\/cl\/"}]}},"_links":{"self":[{"href":"https:\/\/www.webdo.tn\/fr\/wp-json\/wp\/v2\/posts\/211034","targetHints":{"allow":["GET"]}}],"collection":[{"href":"https:\/\/www.webdo.tn\/fr\/wp-json\/wp\/v2\/posts"}],"about":[{"href":"https:\/\/www.webdo.tn\/fr\/wp-json\/wp\/v2\/types\/post"}],"author":[{"embeddable":true,"href":"https:\/\/www.webdo.tn\/fr\/wp-json\/wp\/v2\/users\/3175"}],"replies":[{"embeddable":true,"href":"https:\/\/www.webdo.tn\/fr\/wp-json\/wp\/v2\/comments?post=211034"}],"version-history":[{"count":0,"href":"https:\/\/www.webdo.tn\/fr\/wp-json\/wp\/v2\/posts\/211034\/revisions"}],"wp:featuredmedia":[{"embeddable":true,"href":"https:\/\/www.webdo.tn\/fr\/wp-json\/wp\/v2\/media\/248433"}],"wp:attachment":[{"href":"https:\/\/www.webdo.tn\/fr\/wp-json\/wp\/v2\/media?parent=211034"}],"wp:term":[{"taxonomy":"category","embeddable":true,"href":"https:\/\/www.webdo.tn\/fr\/wp-json\/wp\/v2\/categories?post=211034"},{"taxonomy":"post_tag","embeddable":true,"href":"https:\/\/www.webdo.tn\/fr\/wp-json\/wp\/v2\/tags?post=211034"}],"curies":[{"name":"wp","href":"https:\/\/api.w.org\/{rel}","templated":true}]}}