{"id":211025,"date":"2023-12-22T15:22:00","date_gmt":"2023-12-22T15:22:00","guid":{"rendered":"https:\/\/www.webdo.tn\/fr\/blog\/affaire-des-passeports-mandat-de-depot-contre-fethi-baldi\/211025\/"},"modified":"2025-05-20T22:38:54","modified_gmt":"2025-05-20T22:38:54","slug":"affaire-des-passeports-mandat-de-depot-contre-fethi-baldi","status":"publish","type":"post","link":"https:\/\/www.webdo.tn\/fr\/actualite\/national\/affaire-des-passeports-mandat-de-depot-contre-fethi-baldi\/211025\/","title":{"rendered":"Affaire des passeports : Mandat de d\u00e9p\u00f4t contre Fethi Baldi"},"content":{"rendered":"<p>L\u2019ancien cadre s\u00e9curitaire Fethi Beldi a \u00e9t\u00e9 vis\u00e9 ce vendredi 22 d\u00e9cembre 2023 par un mandat de d\u00e9p\u00f4t dans le cadre de l\u2019affaire d\u2019octroi de passeports et de nationalit\u00e9s \u00e0 des terroristes.\u00a0<\/p>\n<p>Selon Mosa\u00efque FM, c\u2019est le juge d\u2019instruction au P\u00f4le judiciaire de lutte contre le terrorisme qui a pris cette d\u00e9cision contre cet accus\u00e9.\u00a0<\/p>\n<p>Baldi \u00e9tait conseiller sp\u00e9cial du ministre de l&rsquo;Int\u00e9rieur Ali Laarayedh \u00e0 l&rsquo;\u00e9poque de la tro\u00efka. Selon l\u2019activiste politique Abdenaceur Laaouini, il \u00e9tait parvenu \u00e0 former un r\u00e9seau de relations avec de multiples cadres s\u00e9curitaires au sein du minist\u00e8re.<\/p>\n<p>Notons \u00e9galement que le P\u00f4le judiciaire de lutte contre le terrorisme a \u00e9mis hier un mandat de d\u00e9p\u00f4t contre le dirigeant au mouvement Ennahdha et l&rsquo;ex-ministre de la Justice, Noureddine Bhiri, dans le cadre de la m\u00eame affaire.\u00a0<\/p>\n<p>Ladite affaire concerne la falsification de passeports au profit d&rsquo;\u00e9trangers impliqu\u00e9s dans des affaires de terrorisme international en 2013.\u00a0<\/p>\n<p>Outre l&rsquo;ancien ministre de la Justice, sont \u00e9galement impliqu\u00e9s trois magistrats et des cadres des minist\u00e8res de la Justice et de l\u2019Int\u00e9rieur<\/p>\n<p>Noureddine Bhiri a \u00e9t\u00e9 arr\u00eat\u00e9 le 13 f\u00e9vrier 2023 \u00e0 son domicile et a fait l\u2019objet d&rsquo;un autre mandat de d\u00e9p\u00f4t le 14 f\u00e9vrier.<\/p>\n","protected":false},"excerpt":{"rendered":"<p>Selon Mosa\u00efque FM, c\u2019est le juge d\u2019instruction au P\u00f4le judiciaire de lutte contre le terrorisme qui a pris cette d\u00e9cision contre cet accus\u00e9.\u00a0<\/p>\n","protected":false},"author":3175,"featured_media":248429,"comment_status":"open","ping_status":"closed","sticky":false,"template":"","format":"standard","meta":{"footnotes":""},"categories":[44],"tags":[7326,7327,2608],"class_list":["post-211025","post","type-post","status-publish","format-standard","has-post-thumbnail","hentry","category-national","tag-jusitce","tag-passeports","tag-tunisie"],"yoast_head":"<!-- This site is optimized with the Yoast SEO Premium plugin v27.4 (Yoast SEO v27.4) - https:\/\/yoast.com\/product\/yoast-seo-premium-wordpress\/ -->\n<title>Affaire des passeports : Mandat de d\u00e9p\u00f4t contre Fethi Baldi<\/title>\n<meta name=\"description\" content=\"Selon Mosa\u00efque FM, c\u2019est le juge d\u2019instruction au P\u00f4le judiciaire de lutte contre le terrorisme qui a pris cette d\u00e9cision contre cet accus\u00e9.\u00a0\" \/>\n<link rel=\"canonical\" href=\"https:\/\/www.webdo.tn\/fr\/actualite\/national\/affaire-des-passeports-mandat-de-depot-contre-fethi-baldi\/211025\/\" \/>\n<meta property=\"og:locale\" content=\"fr_FR\" \/>\n<meta property=\"og:type\" content=\"article\" \/>\n<meta property=\"og:title\" content=\"Affaire des passeports : Mandat de d\u00e9p\u00f4t contre Fethi Baldi\" \/>\n<meta property=\"og:description\" content=\"Selon Mosa\u00efque FM, c\u2019est le juge d\u2019instruction au P\u00f4le judiciaire de lutte contre le terrorisme qui a pris cette d\u00e9cision contre cet accus\u00e9.\u00a0\" \/>\n<meta property=\"og:url\" content=\"https:\/\/www.webdo.tn\/fr\/actualite\/national\/affaire-des-passeports-mandat-de-depot-contre-fethi-baldi\/211025\/\" \/>\n<meta property=\"og:site_name\" content=\"webdo\" \/>\n<meta property=\"article:publisher\" content=\"https:\/\/www.facebook.com\/webdotn\" \/>\n<meta property=\"article:published_time\" content=\"2023-12-22T15:22:00+00:00\" \/>\n<meta property=\"article:modified_time\" content=\"2025-05-20T22:38:54+00:00\" \/>\n<meta property=\"og:image\" content=\"https:\/\/www.webdo.tn\/fr\/wp-content\/uploads\/2023\/12\/ece0aa6a29a9ee588e299afeab25dc22.png\" \/>\n\t<meta property=\"og:image:width\" content=\"652\" \/>\n\t<meta property=\"og:image:height\" content=\"348\" \/>\n\t<meta property=\"og:image:type\" content=\"image\/png\" \/>\n<meta name=\"author\" content=\"CL\" \/>\n<meta name=\"twitter:card\" content=\"summary_large_image\" \/>\n<meta name=\"twitter:creator\" content=\"@webdo_tn\" \/>\n<meta name=\"twitter:site\" content=\"@webdo_tn\" \/>\n<meta name=\"twitter:label1\" content=\"\u00c9crit par\" \/>\n\t<meta name=\"twitter:data1\" content=\"CL\" \/>\n\t<meta name=\"twitter:label2\" content=\"Dur\u00e9e de lecture estim\u00e9e\" \/>\n\t<meta name=\"twitter:data2\" content=\"1 minute\" \/>\n<script type=\"application\/ld+json\" class=\"yoast-schema-graph\">{\"@context\":\"https:\\\/\\\/schema.org\",\"@graph\":[{\"@type\":\"NewsArticle\",\"@id\":\"https:\\\/\\\/www.webdo.tn\\\/fr\\\/actualite\\\/national\\\/affaire-des-passeports-mandat-de-depot-contre-fethi-baldi\\\/211025\\\/#article\",\"isPartOf\":{\"@id\":\"https:\\\/\\\/www.webdo.tn\\\/fr\\\/actualite\\\/national\\\/affaire-des-passeports-mandat-de-depot-contre-fethi-baldi\\\/211025\\\/\"},\"author\":{\"name\":\"CL\",\"@id\":\"https:\\\/\\\/www.webdo.tn\\\/fr\\\/#\\\/schema\\\/person\\\/f35b42a42c5e2511bbd282959d6385cc\"},\"headline\":\"Affaire des passeports : Mandat de d\u00e9p\u00f4t contre Fethi Baldi\",\"datePublished\":\"2023-12-22T15:22:00+00:00\",\"dateModified\":\"2025-05-20T22:38:54+00:00\",\"mainEntityOfPage\":{\"@id\":\"https:\\\/\\\/www.webdo.tn\\\/fr\\\/actualite\\\/national\\\/affaire-des-passeports-mandat-de-depot-contre-fethi-baldi\\\/211025\\\/\"},\"wordCount\":238,\"commentCount\":0,\"publisher\":{\"@id\":\"https:\\\/\\\/www.webdo.tn\\\/fr\\\/#organization\"},\"image\":{\"@id\":\"https:\\\/\\\/www.webdo.tn\\\/fr\\\/actualite\\\/national\\\/affaire-des-passeports-mandat-de-depot-contre-fethi-baldi\\\/211025\\\/#primaryimage\"},\"thumbnailUrl\":\"https:\\\/\\\/www.webdo.tn\\\/fr\\\/wp-content\\\/uploads\\\/2023\\\/12\\\/ece0aa6a29a9ee588e299afeab25dc22.png\",\"keywords\":[\"jusitce\",\"passeports\",\"Tunisie\"],\"articleSection\":[\"National\"],\"inLanguage\":\"fr-FR\"},{\"@type\":\"WebPage\",\"@id\":\"https:\\\/\\\/www.webdo.tn\\\/fr\\\/actualite\\\/national\\\/affaire-des-passeports-mandat-de-depot-contre-fethi-baldi\\\/211025\\\/\",\"url\":\"https:\\\/\\\/www.webdo.tn\\\/fr\\\/actualite\\\/national\\\/affaire-des-passeports-mandat-de-depot-contre-fethi-baldi\\\/211025\\\/\",\"name\":\"Affaire des passeports : Mandat de d\u00e9p\u00f4t contre Fethi Baldi\",\"isPartOf\":{\"@id\":\"https:\\\/\\\/www.webdo.tn\\\/fr\\\/#website\"},\"primaryImageOfPage\":{\"@id\":\"https:\\\/\\\/www.webdo.tn\\\/fr\\\/actualite\\\/national\\\/affaire-des-passeports-mandat-de-depot-contre-fethi-baldi\\\/211025\\\/#primaryimage\"},\"image\":{\"@id\":\"https:\\\/\\\/www.webdo.tn\\\/fr\\\/actualite\\\/national\\\/affaire-des-passeports-mandat-de-depot-contre-fethi-baldi\\\/211025\\\/#primaryimage\"},\"thumbnailUrl\":\"https:\\\/\\\/www.webdo.tn\\\/fr\\\/wp-content\\\/uploads\\\/2023\\\/12\\\/ece0aa6a29a9ee588e299afeab25dc22.png\",\"datePublished\":\"2023-12-22T15:22:00+00:00\",\"dateModified\":\"2025-05-20T22:38:54+00:00\",\"description\":\"Selon Mosa\u00efque FM, c\u2019est le juge d\u2019instruction au P\u00f4le judiciaire de lutte contre le terrorisme qui a pris cette d\u00e9cision contre cet accus\u00e9.\u00a0\",\"breadcrumb\":{\"@id\":\"https:\\\/\\\/www.webdo.tn\\\/fr\\\/actualite\\\/national\\\/affaire-des-passeports-mandat-de-depot-contre-fethi-baldi\\\/211025\\\/#breadcrumb\"},\"inLanguage\":\"fr-FR\",\"potentialAction\":[{\"@type\":\"ReadAction\",\"target\":[\"https:\\\/\\\/www.webdo.tn\\\/fr\\\/actualite\\\/national\\\/affaire-des-passeports-mandat-de-depot-contre-fethi-baldi\\\/211025\\\/\"]}]},{\"@type\":\"ImageObject\",\"inLanguage\":\"fr-FR\",\"@id\":\"https:\\\/\\\/www.webdo.tn\\\/fr\\\/actualite\\\/national\\\/affaire-des-passeports-mandat-de-depot-contre-fethi-baldi\\\/211025\\\/#primaryimage\",\"url\":\"https:\\\/\\\/www.webdo.tn\\\/fr\\\/wp-content\\\/uploads\\\/2023\\\/12\\\/ece0aa6a29a9ee588e299afeab25dc22.png\",\"contentUrl\":\"https:\\\/\\\/www.webdo.tn\\\/fr\\\/wp-content\\\/uploads\\\/2023\\\/12\\\/ece0aa6a29a9ee588e299afeab25dc22.png\",\"width\":652,\"height\":348,\"caption\":\"Affaire des passeports : Mandat de d\u00e9p\u00f4t contre Fethi Baldi\"},{\"@type\":\"BreadcrumbList\",\"@id\":\"https:\\\/\\\/www.webdo.tn\\\/fr\\\/actualite\\\/national\\\/affaire-des-passeports-mandat-de-depot-contre-fethi-baldi\\\/211025\\\/#breadcrumb\",\"itemListElement\":[{\"@type\":\"ListItem\",\"position\":1,\"name\":\"Accueil\",\"item\":\"https:\\\/\\\/www.webdo.tn\\\/fr\\\/\"},{\"@type\":\"ListItem\",\"position\":2,\"name\":\"Affaire des passeports : Mandat de d\u00e9p\u00f4t contre Fethi Baldi\"}]},{\"@type\":\"WebSite\",\"@id\":\"https:\\\/\\\/www.webdo.tn\\\/fr\\\/#website\",\"url\":\"https:\\\/\\\/www.webdo.tn\\\/fr\\\/\",\"name\":\"webdo\",\"description\":\"Tunisie - News en Tunisie et \u00e0 l&#039;international sur Webdo.tn\",\"publisher\":{\"@id\":\"https:\\\/\\\/www.webdo.tn\\\/fr\\\/#organization\"},\"potentialAction\":[{\"@type\":\"SearchAction\",\"target\":{\"@type\":\"EntryPoint\",\"urlTemplate\":\"https:\\\/\\\/www.webdo.tn\\\/fr\\\/?s={search_term_string}\"},\"query-input\":{\"@type\":\"PropertyValueSpecification\",\"valueRequired\":true,\"valueName\":\"search_term_string\"}}],\"inLanguage\":\"fr-FR\"},{\"@type\":\"Organization\",\"@id\":\"https:\\\/\\\/www.webdo.tn\\\/fr\\\/#organization\",\"name\":\"Webdo\",\"alternateName\":\"Webdo.tn\",\"url\":\"https:\\\/\\\/www.webdo.tn\\\/fr\\\/\",\"logo\":{\"@type\":\"ImageObject\",\"inLanguage\":\"fr-FR\",\"@id\":\"https:\\\/\\\/www.webdo.tn\\\/fr\\\/#\\\/schema\\\/logo\\\/image\\\/\",\"url\":\"https:\\\/\\\/www.webdo.tn\\\/fr\\\/wp-content\\\/uploads\\\/2025\\\/06\\\/Webdo-Tunisie_168377.jpg\",\"contentUrl\":\"https:\\\/\\\/www.webdo.tn\\\/fr\\\/wp-content\\\/uploads\\\/2025\\\/06\\\/Webdo-Tunisie_168377.jpg\",\"width\":301,\"height\":301,\"caption\":\"Webdo\"},\"image\":{\"@id\":\"https:\\\/\\\/www.webdo.tn\\\/fr\\\/#\\\/schema\\\/logo\\\/image\\\/\"},\"sameAs\":[\"https:\\\/\\\/www.facebook.com\\\/webdotn\",\"https:\\\/\\\/x.com\\\/webdo_tn\"],\"description\":\"Webdo est un m\u00e9dia num\u00e9rique tunisien fond\u00e9 en 2010, sp\u00e9cialis\u00e9 dans l\u2019actualit\u00e9 nationale et internationale, l\u2019\u00e9conomie, la soci\u00e9t\u00e9 et les analyses politiques. Le site s\u2019adresse \u00e0 un large public francophone et couvre l\u2019information tunisienne en temps r\u00e9el.\",\"email\":\"redac@webdo.tn\",\"legalName\":\"YNJ SARL\",\"foundingDate\":\"2010-09-06\",\"numberOfEmployees\":{\"@type\":\"QuantitativeValue\",\"minValue\":\"11\",\"maxValue\":\"50\"}},{\"@type\":\"Person\",\"@id\":\"https:\\\/\\\/www.webdo.tn\\\/fr\\\/#\\\/schema\\\/person\\\/f35b42a42c5e2511bbd282959d6385cc\",\"name\":\"CL\",\"image\":{\"@type\":\"ImageObject\",\"inLanguage\":\"fr-FR\",\"@id\":\"https:\\\/\\\/secure.gravatar.com\\\/avatar\\\/1447a49909b67aa657c488aec6512e1dd6143a480c1ecfee9b5b5cd74eb3b59e?s=96&d=mm&r=g\",\"url\":\"https:\\\/\\\/secure.gravatar.com\\\/avatar\\\/1447a49909b67aa657c488aec6512e1dd6143a480c1ecfee9b5b5cd74eb3b59e?s=96&d=mm&r=g\",\"contentUrl\":\"https:\\\/\\\/secure.gravatar.com\\\/avatar\\\/1447a49909b67aa657c488aec6512e1dd6143a480c1ecfee9b5b5cd74eb3b59e?s=96&d=mm&r=g\",\"caption\":\"CL\"},\"url\":\"https:\\\/\\\/www.webdo.tn\\\/fr\\\/actualite\\\/author\\\/cl\\\/\"}]}<\/script>\n<!-- \/ Yoast SEO Premium plugin. -->","yoast_head_json":{"title":"Affaire des passeports : Mandat de d\u00e9p\u00f4t contre Fethi Baldi","description":"Selon Mosa\u00efque FM, c\u2019est le juge d\u2019instruction au P\u00f4le judiciaire de lutte contre le terrorisme qui a pris cette d\u00e9cision contre cet accus\u00e9.\u00a0","canonical":"https:\/\/www.webdo.tn\/fr\/actualite\/national\/affaire-des-passeports-mandat-de-depot-contre-fethi-baldi\/211025\/","og_locale":"fr_FR","og_type":"article","og_title":"Affaire des passeports : Mandat de d\u00e9p\u00f4t contre Fethi Baldi","og_description":"Selon Mosa\u00efque FM, c\u2019est le juge d\u2019instruction au P\u00f4le judiciaire de lutte contre le terrorisme qui a pris cette d\u00e9cision contre cet accus\u00e9.\u00a0","og_url":"https:\/\/www.webdo.tn\/fr\/actualite\/national\/affaire-des-passeports-mandat-de-depot-contre-fethi-baldi\/211025\/","og_site_name":"webdo","article_publisher":"https:\/\/www.facebook.com\/webdotn","article_published_time":"2023-12-22T15:22:00+00:00","article_modified_time":"2025-05-20T22:38:54+00:00","og_image":[{"width":652,"height":348,"url":"https:\/\/www.webdo.tn\/fr\/wp-content\/uploads\/2023\/12\/ece0aa6a29a9ee588e299afeab25dc22.png","type":"image\/png"}],"author":"CL","twitter_card":"summary_large_image","twitter_creator":"@webdo_tn","twitter_site":"@webdo_tn","twitter_misc":{"\u00c9crit par":"CL","Dur\u00e9e de lecture estim\u00e9e":"1 minute"},"schema":{"@context":"https:\/\/schema.org","@graph":[{"@type":"NewsArticle","@id":"https:\/\/www.webdo.tn\/fr\/actualite\/national\/affaire-des-passeports-mandat-de-depot-contre-fethi-baldi\/211025\/#article","isPartOf":{"@id":"https:\/\/www.webdo.tn\/fr\/actualite\/national\/affaire-des-passeports-mandat-de-depot-contre-fethi-baldi\/211025\/"},"author":{"name":"CL","@id":"https:\/\/www.webdo.tn\/fr\/#\/schema\/person\/f35b42a42c5e2511bbd282959d6385cc"},"headline":"Affaire des passeports : Mandat de d\u00e9p\u00f4t contre Fethi Baldi","datePublished":"2023-12-22T15:22:00+00:00","dateModified":"2025-05-20T22:38:54+00:00","mainEntityOfPage":{"@id":"https:\/\/www.webdo.tn\/fr\/actualite\/national\/affaire-des-passeports-mandat-de-depot-contre-fethi-baldi\/211025\/"},"wordCount":238,"commentCount":0,"publisher":{"@id":"https:\/\/www.webdo.tn\/fr\/#organization"},"image":{"@id":"https:\/\/www.webdo.tn\/fr\/actualite\/national\/affaire-des-passeports-mandat-de-depot-contre-fethi-baldi\/211025\/#primaryimage"},"thumbnailUrl":"https:\/\/www.webdo.tn\/fr\/wp-content\/uploads\/2023\/12\/ece0aa6a29a9ee588e299afeab25dc22.png","keywords":["jusitce","passeports","Tunisie"],"articleSection":["National"],"inLanguage":"fr-FR"},{"@type":"WebPage","@id":"https:\/\/www.webdo.tn\/fr\/actualite\/national\/affaire-des-passeports-mandat-de-depot-contre-fethi-baldi\/211025\/","url":"https:\/\/www.webdo.tn\/fr\/actualite\/national\/affaire-des-passeports-mandat-de-depot-contre-fethi-baldi\/211025\/","name":"Affaire des passeports : Mandat de d\u00e9p\u00f4t contre Fethi Baldi","isPartOf":{"@id":"https:\/\/www.webdo.tn\/fr\/#website"},"primaryImageOfPage":{"@id":"https:\/\/www.webdo.tn\/fr\/actualite\/national\/affaire-des-passeports-mandat-de-depot-contre-fethi-baldi\/211025\/#primaryimage"},"image":{"@id":"https:\/\/www.webdo.tn\/fr\/actualite\/national\/affaire-des-passeports-mandat-de-depot-contre-fethi-baldi\/211025\/#primaryimage"},"thumbnailUrl":"https:\/\/www.webdo.tn\/fr\/wp-content\/uploads\/2023\/12\/ece0aa6a29a9ee588e299afeab25dc22.png","datePublished":"2023-12-22T15:22:00+00:00","dateModified":"2025-05-20T22:38:54+00:00","description":"Selon Mosa\u00efque FM, c\u2019est le juge d\u2019instruction au P\u00f4le judiciaire de lutte contre le terrorisme qui a pris cette d\u00e9cision contre cet accus\u00e9.\u00a0","breadcrumb":{"@id":"https:\/\/www.webdo.tn\/fr\/actualite\/national\/affaire-des-passeports-mandat-de-depot-contre-fethi-baldi\/211025\/#breadcrumb"},"inLanguage":"fr-FR","potentialAction":[{"@type":"ReadAction","target":["https:\/\/www.webdo.tn\/fr\/actualite\/national\/affaire-des-passeports-mandat-de-depot-contre-fethi-baldi\/211025\/"]}]},{"@type":"ImageObject","inLanguage":"fr-FR","@id":"https:\/\/www.webdo.tn\/fr\/actualite\/national\/affaire-des-passeports-mandat-de-depot-contre-fethi-baldi\/211025\/#primaryimage","url":"https:\/\/www.webdo.tn\/fr\/wp-content\/uploads\/2023\/12\/ece0aa6a29a9ee588e299afeab25dc22.png","contentUrl":"https:\/\/www.webdo.tn\/fr\/wp-content\/uploads\/2023\/12\/ece0aa6a29a9ee588e299afeab25dc22.png","width":652,"height":348,"caption":"Affaire des passeports : Mandat de d\u00e9p\u00f4t contre Fethi Baldi"},{"@type":"BreadcrumbList","@id":"https:\/\/www.webdo.tn\/fr\/actualite\/national\/affaire-des-passeports-mandat-de-depot-contre-fethi-baldi\/211025\/#breadcrumb","itemListElement":[{"@type":"ListItem","position":1,"name":"Accueil","item":"https:\/\/www.webdo.tn\/fr\/"},{"@type":"ListItem","position":2,"name":"Affaire des passeports : Mandat de d\u00e9p\u00f4t contre Fethi Baldi"}]},{"@type":"WebSite","@id":"https:\/\/www.webdo.tn\/fr\/#website","url":"https:\/\/www.webdo.tn\/fr\/","name":"webdo","description":"Tunisie - News en Tunisie et \u00e0 l&#039;international sur Webdo.tn","publisher":{"@id":"https:\/\/www.webdo.tn\/fr\/#organization"},"potentialAction":[{"@type":"SearchAction","target":{"@type":"EntryPoint","urlTemplate":"https:\/\/www.webdo.tn\/fr\/?s={search_term_string}"},"query-input":{"@type":"PropertyValueSpecification","valueRequired":true,"valueName":"search_term_string"}}],"inLanguage":"fr-FR"},{"@type":"Organization","@id":"https:\/\/www.webdo.tn\/fr\/#organization","name":"Webdo","alternateName":"Webdo.tn","url":"https:\/\/www.webdo.tn\/fr\/","logo":{"@type":"ImageObject","inLanguage":"fr-FR","@id":"https:\/\/www.webdo.tn\/fr\/#\/schema\/logo\/image\/","url":"https:\/\/www.webdo.tn\/fr\/wp-content\/uploads\/2025\/06\/Webdo-Tunisie_168377.jpg","contentUrl":"https:\/\/www.webdo.tn\/fr\/wp-content\/uploads\/2025\/06\/Webdo-Tunisie_168377.jpg","width":301,"height":301,"caption":"Webdo"},"image":{"@id":"https:\/\/www.webdo.tn\/fr\/#\/schema\/logo\/image\/"},"sameAs":["https:\/\/www.facebook.com\/webdotn","https:\/\/x.com\/webdo_tn"],"description":"Webdo est un m\u00e9dia num\u00e9rique tunisien fond\u00e9 en 2010, sp\u00e9cialis\u00e9 dans l\u2019actualit\u00e9 nationale et internationale, l\u2019\u00e9conomie, la soci\u00e9t\u00e9 et les analyses politiques. Le site s\u2019adresse \u00e0 un large public francophone et couvre l\u2019information tunisienne en temps r\u00e9el.","email":"redac@webdo.tn","legalName":"YNJ SARL","foundingDate":"2010-09-06","numberOfEmployees":{"@type":"QuantitativeValue","minValue":"11","maxValue":"50"}},{"@type":"Person","@id":"https:\/\/www.webdo.tn\/fr\/#\/schema\/person\/f35b42a42c5e2511bbd282959d6385cc","name":"CL","image":{"@type":"ImageObject","inLanguage":"fr-FR","@id":"https:\/\/secure.gravatar.com\/avatar\/1447a49909b67aa657c488aec6512e1dd6143a480c1ecfee9b5b5cd74eb3b59e?s=96&d=mm&r=g","url":"https:\/\/secure.gravatar.com\/avatar\/1447a49909b67aa657c488aec6512e1dd6143a480c1ecfee9b5b5cd74eb3b59e?s=96&d=mm&r=g","contentUrl":"https:\/\/secure.gravatar.com\/avatar\/1447a49909b67aa657c488aec6512e1dd6143a480c1ecfee9b5b5cd74eb3b59e?s=96&d=mm&r=g","caption":"CL"},"url":"https:\/\/www.webdo.tn\/fr\/actualite\/author\/cl\/"}]}},"_links":{"self":[{"href":"https:\/\/www.webdo.tn\/fr\/wp-json\/wp\/v2\/posts\/211025","targetHints":{"allow":["GET"]}}],"collection":[{"href":"https:\/\/www.webdo.tn\/fr\/wp-json\/wp\/v2\/posts"}],"about":[{"href":"https:\/\/www.webdo.tn\/fr\/wp-json\/wp\/v2\/types\/post"}],"author":[{"embeddable":true,"href":"https:\/\/www.webdo.tn\/fr\/wp-json\/wp\/v2\/users\/3175"}],"replies":[{"embeddable":true,"href":"https:\/\/www.webdo.tn\/fr\/wp-json\/wp\/v2\/comments?post=211025"}],"version-history":[{"count":0,"href":"https:\/\/www.webdo.tn\/fr\/wp-json\/wp\/v2\/posts\/211025\/revisions"}],"wp:featuredmedia":[{"embeddable":true,"href":"https:\/\/www.webdo.tn\/fr\/wp-json\/wp\/v2\/media\/248429"}],"wp:attachment":[{"href":"https:\/\/www.webdo.tn\/fr\/wp-json\/wp\/v2\/media?parent=211025"}],"wp:term":[{"taxonomy":"category","embeddable":true,"href":"https:\/\/www.webdo.tn\/fr\/wp-json\/wp\/v2\/categories?post=211025"},{"taxonomy":"post_tag","embeddable":true,"href":"https:\/\/www.webdo.tn\/fr\/wp-json\/wp\/v2\/tags?post=211025"}],"curies":[{"name":"wp","href":"https:\/\/api.w.org\/{rel}","templated":true}]}}