{"id":211024,"date":"2023-12-22T15:17:00","date_gmt":"2023-12-22T15:17:00","guid":{"rendered":"https:\/\/www.webdo.tn\/fr\/blog\/el-gouna-2023-ceremonie-de-cloture\/211024\/"},"modified":"2025-05-21T08:57:18","modified_gmt":"2025-05-21T08:57:18","slug":"el-gouna-2023-ceremonie-de-cloture","status":"publish","type":"post","link":"https:\/\/www.webdo.tn\/fr\/actualite\/culture\/el-gouna-2023-ceremonie-de-cloture\/211024\/","title":{"rendered":"Cl\u00f4ture du 6\u00e8me Festival du Film d&rsquo;El Gouna : D\u00e9fis, R\u00e9ussites et Focus sur la Palestine"},"content":{"rendered":"<div class=\"single-body entry-content typography-copy\" itemprop=\"articleBody\">\n<p style=\"font-weight: bold; text-align: justify\">\n\t\t\t\t\t\t\t\t\tC\u2019est hier soir que s\u2019est achev\u00e9e la sixi\u00e8me \u00e9dition du Festival du Film d\u2019El Gouna qui s\u2019est d\u00e9roul\u00e9e du 14 au 21 D\u00e9cembre 2023.\n\t\t\t\t\t\t\t\t<\/p>\n<div class=\"coprs\" style=\"text-align: center\"><\/div>\n<div class=\"coprs\" style=\"text-align: justify\">\n<p><span><span>Pour rester dans le th\u00e8me de l\u2019\u00e9dition sp\u00e9ciale Palestine, la c\u00e9r\u00e9monie de cl\u00f4ture, <a href=\"https:\/\/www.webdo.tn\/fr\/actualite\/culture\/ceremonie-d-ouverture-du-festival-du-film-d-el-gouna-2023-dignite-solidarite-et-sobriete\/210829\">toujours aussi sobre et digne que la c\u00e9r\u00e9monie d\u2019ouverture,<\/a> a d\u00e9but\u00e9e avec le groupe Cairokee qui a interpr\u00e9t\u00e9 deux chansons engag\u00e9es \u00a0et d\u00e9di\u00e9s \u00e0 la Palestine\u00a0: \u00ab\u00a0Tilka Al-Qadiya\u00a0\u00bb (Cette Cause) et \u00ab\u00a0Ana Njim\u00a0\u00bb (Je suis une \u00e9toile). <\/span><\/span><\/p>\n<p><iframe allowfullscreen=\"true\" frameborder=\"0\" height=\"314\" scrolling=\"no\" src=\"https:\/\/www.facebook.com\/plugins\/video.php?height=314&amp;href=https%3A%2F%2Fwww.facebook.com%2Fmassir.destiniii%2Fvideos%2F376632284728649%2F&amp;show_text=false&amp;width=560&amp;t=0\" width=\"560\"><\/iframe><br \/>\n<iframe allowfullscreen=\"true\" frameborder=\"0\" height=\"314\" scrolling=\"no\" src=\"https:\/\/www.facebook.com\/plugins\/video.php?height=314&amp;href=https%3A%2F%2Fwww.facebook.com%2Fmassir.destiniii%2Fvideos%2F732992925415957%2F&amp;show_text=false&amp;width=560&amp;t=0\" width=\"560\"><\/iframe><\/p>\n<p>\n<span><span>Amr Mansi, le cofondateur et directeur ex\u00e9cutif, s&rsquo;est r\u00e9joui du succ\u00e8s du festival malgr\u00e9 les d\u00e9fis, <a href=\"https:\/\/www.webdo.tn\/fr\/actualite\/culture\/report-du-festival-du-film-d-el-gouna-en-consideration-des-evenements-tragiques-a-gaza\/209492\">notamment les deux reports successifs<\/a>. Il a soulign\u00e9 la complexit\u00e9 de l&rsquo;organisation, en particulier avec <a href=\"https:\/\/www.webdo.tn\/fr\/actualite\/culture\/une-edition-du-festival-du-film-d-el-gouna-dediee-a-la-palestine-du-14-au-21-decembre-2023\/210412\">l&rsquo;annonce des dates \u00e0 la derni\u00e8re minute,<\/a> co\u00efncidant avec les vacances de No\u00ebl et entra\u00eenant l&rsquo;absence de nombreux invit\u00e9s pr\u00e9vus.<\/span><\/span><\/p>\n<p><span><span>Amr Mansi a mis en avant la cr\u00e9ation, cette ann\u00e9e, d&rsquo;un Hub pour regrouper les professionnels, facilitant ainsi le travail et les rencontres fructueuses. Il a not\u00e9 que bien que le festival ait toujours \u00e9t\u00e9 un lieu de travail pour les professionnels du cin\u00e9ma, c&rsquo;est peut-\u00eatre la premi\u00e8re fois que la presse accorde enfin de l&rsquo;importance aux aspects cin\u00e9matographiques plut\u00f4t qu&rsquo;\u00e0 des d\u00e9tails futiles tels que les tenues vestimentaires.<\/span><\/span><\/p>\n<p><span><span><a href=\"https:\/\/www.webdo.tn\/fr\/actualite\/culture\/gff-2023-marianne-khoury-nouvelle-directrice-artistique-du-festival-du-film-d-el-gouna\/206847\">C\u2019est la directrice artistique du Festival d&rsquo;El Gouna, Marianne Khoury<\/a>, qui a remis un prix d\u2019honneur \u00e0 la star internationale Christophe Lambert, dont elle a rappel\u00e9 la longue carri\u00e8re artistique et ses comp\u00e9tences exceptionnelles.<\/span><\/span><\/p>\n<p><span><span>Christophe Lambert a lui-m\u00eame fait r\u00e9f\u00e9rence \u00e0 son parcours depuis des ann\u00e9es et a soulign\u00e9 qu\u2019enfant, il n&rsquo;imaginait pas qu&rsquo;une cam\u00e9ra pourrait capturer les \u00e9motions d&rsquo;un acteur \u00e0 l&rsquo;\u00e9cran. Il a \u00e9galement \u00e9voqu\u00e9 le Festival d&rsquo;El Gouna, saluant son excellente r\u00e9alisation et soulignant l&rsquo;importance d&rsquo;avoir un festival ax\u00e9 sur l&rsquo;humanit\u00e9, car c&rsquo;est l&rsquo;humanit\u00e9 qui l&rsquo;a motiv\u00e9 \u00e0 faire du cin\u00e9ma.<\/span><\/span><\/p>\n<p>\u00a0<\/p>\n<p><img decoding=\"async\" alt=\"\" height=\"535\" src=\"\/assets\/uploads\/images\/\/Neila\/Cloture%20christophe%20Lambert%20MLG_6434%20-%20Moyenne.jpeg\" width=\"357\"><\/p>\n<p>\u00a0<\/p>\n<p><span><span>Un vid\u00e9o hommage a \u00e9t\u00e9 ensuite projet\u00e9e, en m\u00e9moire des grandes personnalit\u00e9s du monde du cin\u00e9ma \u00e9gyptien, disparues au cours de cette ann\u00e9e 2023\u00a0: les acteurs Mustafa Darwich, Ashraf Abdel Ghafour, Ashraf Meselhi et Tarek Abdel Aziz, les r\u00e9alisateurs Ahmed El Badri et Ahmed Sami Al Adl et la productrice Nahed Farid Shawki.<\/span><\/span><\/p>\n<p>\u00a0<\/p>\n<p><iframe allowfullscreen=\"true\" frameborder=\"0\" height=\"314\" scrolling=\"no\" src=\"https:\/\/www.facebook.com\/plugins\/video.php?height=314&amp;href=https%3A%2F%2Fwww.facebook.com%2Fmassir.destiniii%2Fvideos%2F5802042843253981%2F&amp;show_text=false&amp;width=560&amp;t=0\" width=\"560\"><\/iframe><\/p>\n<p>\u00a0<\/p>\n<p><u><strong><span><span>Le palmar\u00e8s de cette \u00e9dition a enfin \u00e9t\u00e9 d\u00e9voil\u00e9\u00a0: <\/span><\/span><\/strong><\/u><\/p>\n<p><span><span><strong>DIVERS PRIX\u00a0:<\/strong><\/span><\/span><\/p>\n<ul>\n<li><span><span>Le prix NETPAC du meilleur film asiatique a \u00e9t\u00e9 d\u00e9cern\u00e9 \u00e0 <em>From Abdul to Leila<\/em>, r\u00e9alis\u00e9 par Leila Al Bayaty, cin\u00e9aste d&rsquo;origine irakienne bas\u00e9e en France.<\/span><\/span><\/li>\n<li><span><span>Le prix FIPRESCI a \u00e9t\u00e9 d\u00e9cern\u00e9 \u00e0 <em>Hollywoodgate<\/em>, r\u00e9alis\u00e9 par Ibrahim Nash\u2019at, cin\u00e9aste \u00e9gyptien bas\u00e9 en Allemagne.<\/span><\/span><\/li>\n<li><span><span>Le prix du Public Cinema for Humanity qui r\u00e9compense un long m\u00e9trage incarnant des th\u00e8mes humanitaires, a \u00e9t\u00e9 d\u00e9cern\u00e9 \u00e0 <em>Goodbye Julia<\/em> (wada&rsquo;n julia) r\u00e9alis\u00e9 par Mohamed Kordofani, du Soudan.<\/span><\/span><\/li>\n<\/ul>\n<p>\n<span><span><strong>COMP\u00c9TITION DES COURTS M\u00c9TRAGES\u00a0:<\/strong><\/span><\/span><\/p>\n<ul>\n<li><span><span>L&rsquo;Etoile d&rsquo;El Gouna du meilleur court m\u00e9trage arabe a \u00e9t\u00e9 d\u00e9cern\u00e9e \u00e0 <em>Les chenilles<\/em> r\u00e9alis\u00e9 par Michelle &amp; Noel Keserwany du Liban (France).<\/span><\/span><\/li>\n<li><span><span>L&rsquo;Etoile de Bronze d&rsquo;El Gouna pour le court m\u00e9trage a \u00e9t\u00e9 remport\u00e9e par <em>At last, the day <\/em>r\u00e9alis\u00e9 par Carolina Vergara de l&rsquo;Argentine.<\/span><\/span><\/li>\n<li><span><span>L&rsquo;Etoile d&rsquo;Argent d&rsquo;El Gouna pour les courts m\u00e9trages a \u00e9t\u00e9 remport\u00e9e par <em>The red sea makes me wanna cry <\/em>r\u00e9alis\u00e9 par Faris Alrjoob de Jordanie.<\/span><\/span><\/li>\n<li><span><span>L&rsquo;Etoile d&rsquo;Or d&rsquo;El Gouna pour le meilleur court m\u00e9trage a \u00e9t\u00e9 d\u00e9cern\u00e9e \u00e0 <em>Cross my heart and hope to die <\/em>r\u00e9alis\u00e9 par Sam Manacsa des Philippines.<\/span><\/span><\/li>\n<\/ul>\n<p>\u00a0<\/p>\n<p><span><span><strong>COMP\u00c9TITION DE DOCUMENTAIRES &amp; PRIX EL GOUNA GREEN STAR<\/strong><\/span><\/span><\/p>\n<ul>\n<li><span><span>Le Prix El Gouna Green Star a \u00e9t\u00e9 remport\u00e9 par the <em>Buriti Flower<\/em> r\u00e9alis\u00e9 par Jo\u00e3o Salaviza &amp; Ren\u00e9e Nader Messora du Br\u00e9sil.<\/span><\/span><\/li>\n<li><span><span>L&rsquo;Etoile d&rsquo;El Gouna du meilleur documentaire arabe a \u00e9t\u00e9 remport\u00e9e par <em>Machtat <\/em>r\u00e9alis\u00e9 par Sonia Ben Slama de Tunisie. <a href=\"https:\/\/www.webdo.tn\/fr\/actualite\/culture\/le-cinema-tunisien-au-festival-de-cannes-de-1955-a-2023\/205546\">Il est \u00e0 rappeler que ce film avait fait sa premi\u00e8re dans la section ACID du festival de Cannes en mai 202<\/a>3.<\/span><\/span><\/li>\n<li><span><span>L&rsquo;Etoile de Bronze d&rsquo;El Gouna pour le documentaire a \u00e9t\u00e9 remport\u00e9e par <em>On the Adamant<\/em> r\u00e9alis\u00e9 par Nicolas Philibert de France.<\/span><\/span><\/li>\n<li><span><span>Le jury a d\u00e9cid\u00e9 de d\u00e9cerner l\u2019Etoile d\u2019Argent pour le documentaire \u00e0 deux films remarquables ex-aequo\u00a0: <em>Non align\u00e9s:\u00a0Sc\u00e8nes\u00a0des archives\u00a0Labudovi\u0107<\/em>\u00a0r\u00e9alis\u00e9 par Mila Turajlic de Serbie et <em>Seven winters in Tehran<\/em> r\u00e9alis\u00e9 par Steffi Niederzoll d\u2019Allemagne.<\/span><\/span><\/li>\n<li><span><span>L&rsquo;Etoile d&rsquo;Or d&rsquo;El Gouna pour le documentaire a \u00e9t\u00e9 remport\u00e9e par<em> Hollywoodgate<\/em> r\u00e9alis\u00e9 par Ibrahim Nash\u2019at.<\/span><\/span><\/li>\n<\/ul>\n<div>\n<figure class=\"image\"><img decoding=\"async\" alt=\"\" height=\"585\" src=\"\/assets\/uploads\/images\/\/Neila\/Cloture%20Machtat%20MLG_6939%20-%20Moyenne.jpeg\" width=\"877\"><figcaption><em>Lamia Guiga, directrice artistique des JCC 2023, re\u00e7oit le prix du film tunisien Machtat\u00a0<\/em><\/figcaption><\/figure>\n<\/div>\n<p>\u00a0<\/p>\n<p><span><span><strong><a href=\"https:\/\/www.webdo.tn\/fr\/actualite\/culture\/el-gouna-2023-14-films-en-competition-dans-longs-metrages-de-fiction\/208737\">COMP\u00c9TITION DES LONGS M\u00c9TRAGES DE FICTION\u00a0:<\/a><\/strong><\/span><\/span><\/p>\n<ul>\n<li><span><span>L&rsquo;Etoile d&rsquo;El Gouna du meilleur acteur a \u00e9t\u00e9 remport\u00e9e par Bottsooj Uortaikh pour le film <em>If only i could hibernate<\/em> r\u00e9alis\u00e9 par Zoljargal Purevdash de la Mongolie. Ce premier film mongol s\u00e9lectionn\u00e9 \u00e0 Cannes, raconte l&rsquo;histoire du jeune Ulzii (Bottsooj Uortaikh), fier mais pauvre, d\u00e9termin\u00e9 \u00e0 remporter une comp\u00e9tition de physique pour obtenir une bourse d&rsquo;\u00e9tudes.<\/span><\/span><\/li>\n<li><span><span>L&rsquo;Etoile d&rsquo;El Gouna de la meilleure actrice a \u00e9t\u00e9 remport\u00e9e par Parwin Rajabi, pour son interpr\u00e9tation remarquable d&rsquo;une femme qui n&rsquo;a jamais attir\u00e9 l&rsquo;attention de son mari jusqu&rsquo;\u00e0 ce qu&rsquo;elle tombe malade, dans <em>Transient Happiness<\/em> r\u00e9alis\u00e9 par Sina Muhammed de l&rsquo;Irak, qui remporte \u00e9galement l&rsquo;Etoile d&rsquo;El Gouna du meilleur film de fiction arabe.<\/span><\/span><\/li>\n<li><span><span>L&rsquo;Etoile de Bronze d&rsquo;El Gouna pour un film de fiction a \u00e9t\u00e9 d\u00e9cern\u00e9e \u00e0 <em>A Strange Pat<\/em>h r\u00e9alis\u00e9 par Guto Parente du Br\u00e9sil.<\/span><\/span><\/li>\n<li><span><span>L&rsquo;Etoile d\u2019Argent d&rsquo;El Gouna pour un film de fiction a \u00e9t\u00e9 remport\u00e9e par <em>A greyhound of a girl <\/em>r\u00e9alis\u00e9 par Enzo D&rsquo;Al\u00f2 d&rsquo;Italie.<\/span><\/span><\/li>\n<li><span><span>L&rsquo;Etoile d\u2019Or d&rsquo;El Gouna pour un film de fiction a \u00e9t\u00e9 d\u00e9cern\u00e9e par le jury \u00e0 <em>In our day<\/em> r\u00e9alis\u00e9 par Hong Sangsoo de la Cor\u00e9e du Sud. Dans cette 30\u00e8me addition \u00e0 sa filmographie impressionnante, il d\u00e9peint avec ma\u00eetrise deux conversations s\u00e9par\u00e9es et altern\u00e9es : l&rsquo;une entre une actrice et un amateur, et l&rsquo;autre entre un vieux po\u00e8te et un fan.<\/span><\/span><\/li>\n<\/ul>\n<p>\u00a0<\/p>\n<div>\n<figure class=\"image\"><img decoding=\"async\" alt=\"\" height=\"673\" src=\"\/assets\/uploads\/images\/\/Neila\/Cloture%20meilleur%20acteur%20%20IMG_7497.jpeg\" width=\"897\"><figcaption><em>L&rsquo;Etoile d&rsquo;El Gouna du meilleur acteur a \u00e9t\u00e9 remport\u00e9e par Bottsooj Uortaikh pour le film If only i could hibernate (Mongolie)<\/em><\/figcaption><\/figure>\n<\/div>\n<p>\u00a0<\/p>\n<p><span><span>Cette sixi\u00e8me \u00e9dition s\u2019est achev\u00e9e en beaut\u00e9. Malgr\u00e9 les d\u00e9fis, <a href=\"https:\/\/www.webdo.tn\/fr\/actualite\/culture\/el-gouna-2023-annonce-d-une-premiere-partie-de-la-selection-officielle\/208135\">le festival de cette ann\u00e9e a pr\u00e9sent\u00e9 90 films de 49 pays dans diff\u00e9rentes cat\u00e9gories<\/a>, notamment les longs m\u00e9trages de fiction, les documentaires, les courts m\u00e9trages, la s\u00e9lection officielle hors comp\u00e9tition et les sections sp\u00e9ciales, qui ont captiv\u00e9 l&rsquo;attention du public et des professionnels de l&rsquo;industrie.<\/span><\/span><\/p>\n<p><span><span>C\u2019est \u00e9galement lors de cette sixi\u00e8me \u00e9dition que le Festival d&rsquo;El Gouna a attribu\u00e9 <a href=\"https:\/\/www.webdo.tn\/fr\/actualite\/culture\/gff-2023-marwan-hamed\/207447\">un prix d\u2019honneur pour l\u2019ensemble de son \u0153uvre \u00e0 Marwan Hamed<\/a>, un r\u00e9alisateur \u00e9gyptien parmi les plus \u00e9minents de sa g\u00e9n\u00e9ration.<\/span><\/span><\/p>\n<p><span><span>En collaboration avec la Fondation du Film Palestinien, le festival a pr\u00e9sent\u00e9 la section \u00ab\u00a0<a href=\"https:\/\/www.webdo.tn\/fr\/actualite\/culture\/regards-sur-la-palestine-a-la-6eme-edition-du-festival-du-film-d-el-gouna\/210710\">Fen\u00eatre sur la Palestine<\/a>\u00ab\u00a0, mettant en lumi\u00e8re des films approfondissant les histoires palestiniennes et donnant la voix aux palestiniens dans ces circonstances o\u00f9 justement ils ont besoin qu\u2019on les entende. <\/span><\/span><\/p>\n<p><span><span>Naguib Sawiris, fondateur du festival, a d\u2019ailleurs rappel\u00e9 que la direction du festival avait beaucoup h\u00e9sit\u00e9 apr\u00e8s les \u00e9v\u00e8nements du 7 octobre et le d\u00e9but de la Guerre \u00e0 Gaza\u00a0: fallait-il annuler le festival ou le maintenir\u00a0? Mais la d\u00e9cision a \u00e9t\u00e9 prise de le maintenir, dans une \u00e9dition sp\u00e9ciale Palestine, en solidarit\u00e9 avec le peuple palestinien. \u00ab\u00a0<em>C\u2019est un festival qui a pour slogan cin\u00e9ma pour l\u2019humanit\u00e9, il \u00e9tait donc logique de l\u2019offrir \u00e0 la Palestine. Notre festival est au service de l\u2019humanit\u00e9 qui fait un peu d\u00e9faut ces derniers temp<\/em>s\u00a0\u00bb a-t-il \u00e0 juste titre d\u00e9clar\u00e9. Et il avait bien raison\u00a0! \u00a0<\/span><\/span><\/p>\n<p><span><span>Le festival a accueilli 14 discussions, conf\u00e9rences et ateliers dans le cadre de CineGouna Bridge, dont une session intitul\u00e9e \u00ab\u00a0Le cin\u00e9ma en temps de crise : un regard sur la Palestine\u00a0\u00bb. Un atelier de d\u00e9veloppement cr\u00e9atif et de promotion intitul\u00e9 \u00ab\u00a0Du marketing \u00e0 la production\u00a0\u00bb a \u00e9t\u00e9 organis\u00e9 en collaboration avec le groupe Rawiyat, mettant l&rsquo;accent sur les projets de r\u00e9alisatrices \u00e9gyptiennes. Une master class sur l&rsquo;industrie du cin\u00e9ma avec le r\u00e9alisateur honor\u00e9 cette ann\u00e9e, Marwan Hamed, a \u00e9galement eu lieu et <a href=\"https:\/\/www.webdo.tn\/fr\/actualite\/culture\/master-class-de-yousra-au-festival-d-el-gouna-cinema-passion-et-confidences\/210887\">une autre avec la grande star Yousra<\/a>. <\/span><\/span><\/p>\n<p><span><span><a href=\"https:\/\/www.webdo.tn\/fr\/actualite\/culture\/le-marche-cinegouna-nouveau-pilier-du-festival-du-film-d-el-gouna\/208479\">Pour la premi\u00e8re fois, le festival a lanc\u00e9 le \u00ab\u00a0March\u00e9 d&rsquo;El Gouna<\/a>\u00ab\u00a0, une initiative visant \u00e0 connecter les contenus avec les acheteurs potentiels, les distributeurs et les partenaires, soulignant l&rsquo;engagement du festival envers l&rsquo;industrie cin\u00e9matographique.<\/span><\/span><\/p>\n<p><span><span>Dans le cadre de cette c\u00e9r\u00e9monie de cl\u00f4ture, Intishal Al Timimi, le directeur du festival, a d\u00e9clar\u00e9 : \u00ab\u00a0<em>Nous appr\u00e9cions les contributions de chaque cin\u00e9aste qui a partag\u00e9 ses cr\u00e9ations avec nous. L&rsquo;esprit du festival appr\u00e9cie la passion, le d\u00e9vouement et la cr\u00e9ativit\u00e9 ancr\u00e9s dans chaque film, reconnaissant que chaque film occupe une place unique dans la trame de cette aventure cin\u00e9matographique exceptionnelle. Bien que seules certaines \u0153uvres aient remport\u00e9 des prix, chaque film a laiss\u00e9 une empreinte ind\u00e9l\u00e9bile dans nos esprits et nos c\u0153urs, contribuant de mani\u00e8re pr\u00e9cieuse \u00e0 l&rsquo;h\u00e9ritage collectif du Festival du Film d&rsquo;El Gouna cette ann\u00e9e<\/em>.\u00a0\u00bb<\/span><\/span><\/p>\n<p><span><span><strong>Ne\u00efla Driss<\/strong><\/span><\/span><\/p>\n<\/p><\/div>\n<div class=\"coprs\" style=\"text-align: center\"><\/div><\/div>\n","protected":false},"excerpt":{"rendered":"<p>C\u2019est hier soir que s\u2019est achev\u00e9e la sixi\u00e8me \u00e9dition du Festival du Film d\u2019El Gouna qui s\u2019est d\u00e9roul\u00e9e du 14 au 21 D\u00e9cembre 2023.<\/p>\n","protected":false},"author":3164,"featured_media":290005,"comment_status":"open","ping_status":"closed","sticky":false,"template":"","format":"standard","meta":{"footnotes":""},"categories":[2594],"tags":[9911,7281,3258,3259,7280],"class_list":["post-211024","post","type-post","status-publish","format-standard","has-post-thumbnail","hentry","category-culture","tag-cloture","tag-el-gouna-2023","tag-festival-du-film-del-gouna","tag-gff","tag-gff-2023"],"yoast_head":"<!-- This site is optimized with the Yoast SEO Premium plugin v27.5 (Yoast SEO v27.5) - https:\/\/yoast.com\/product\/yoast-seo-premium-wordpress\/ -->\n<title>Cl\u00f4ture du 6\u00e8me Festival du Film d&#039;El Gouna : D\u00e9fis, R\u00e9ussites et Focus sur la Palestine<\/title>\n<meta name=\"description\" content=\"C\u2019est hier soir que s\u2019est achev\u00e9e la sixi\u00e8me \u00e9dition du Festival du Film d\u2019El Gouna qui s\u2019est d\u00e9roul\u00e9e du 14 au 21 D\u00e9cembre 2023.\" \/>\n<link rel=\"canonical\" href=\"https:\/\/www.webdo.tn\/fr\/actualite\/culture\/el-gouna-2023-ceremonie-de-cloture\/211024\/\" \/>\n<meta property=\"og:locale\" content=\"fr_FR\" \/>\n<meta property=\"og:type\" content=\"article\" \/>\n<meta property=\"og:title\" content=\"Cl\u00f4ture du 6\u00e8me Festival du Film d&#039;El Gouna : D\u00e9fis, R\u00e9ussites et Focus sur la Palestine\" \/>\n<meta property=\"og:description\" content=\"C\u2019est hier soir que s\u2019est achev\u00e9e la sixi\u00e8me \u00e9dition du Festival du Film d\u2019El Gouna qui s\u2019est d\u00e9roul\u00e9e du 14 au 21 D\u00e9cembre 2023.\" \/>\n<meta property=\"og:url\" content=\"https:\/\/www.webdo.tn\/fr\/actualite\/culture\/el-gouna-2023-ceremonie-de-cloture\/211024\/\" \/>\n<meta property=\"og:site_name\" content=\"webdo\" \/>\n<meta property=\"article:publisher\" content=\"https:\/\/www.facebook.com\/webdotn\" \/>\n<meta property=\"article:author\" content=\"https:\/\/www.facebook.com\/massir.destiniii\/\" \/>\n<meta property=\"article:published_time\" content=\"2023-12-22T15:17:00+00:00\" \/>\n<meta property=\"article:modified_time\" content=\"2025-05-21T08:57:18+00:00\" \/>\n<meta property=\"og:image\" content=\"https:\/\/www.webdo.tn\/fr\/wp-content\/uploads\/2023\/12\/0b76f5b19b23bfde35b5fd68a727f828.jpeg\" \/>\n\t<meta property=\"og:image:width\" content=\"750\" \/>\n\t<meta property=\"og:image:height\" content=\"400\" \/>\n\t<meta property=\"og:image:type\" content=\"image\/jpeg\" \/>\n<meta name=\"author\" content=\"Ne\u00efla DRISS\" \/>\n<meta name=\"twitter:card\" content=\"summary_large_image\" \/>\n<meta name=\"twitter:creator\" content=\"@https:\/\/x.com\/MassirDestin\" \/>\n<meta name=\"twitter:site\" content=\"@webdo_tn\" \/>\n<meta name=\"twitter:label1\" content=\"\u00c9crit par\" \/>\n\t<meta name=\"twitter:data1\" content=\"Ne\u00efla DRISS\" \/>\n\t<meta name=\"twitter:label2\" content=\"Dur\u00e9e de lecture estim\u00e9e\" \/>\n\t<meta name=\"twitter:data2\" content=\"8 minutes\" \/>\n<script type=\"application\/ld+json\" class=\"yoast-schema-graph\">{\"@context\":\"https:\\\/\\\/schema.org\",\"@graph\":[{\"@type\":\"NewsArticle\",\"@id\":\"https:\\\/\\\/www.webdo.tn\\\/fr\\\/actualite\\\/culture\\\/el-gouna-2023-ceremonie-de-cloture\\\/211024\\\/#article\",\"isPartOf\":{\"@id\":\"https:\\\/\\\/www.webdo.tn\\\/fr\\\/actualite\\\/culture\\\/el-gouna-2023-ceremonie-de-cloture\\\/211024\\\/\"},\"author\":{\"name\":\"Ne\u00efla DRISS\",\"@id\":\"https:\\\/\\\/www.webdo.tn\\\/fr\\\/#\\\/schema\\\/person\\\/60d5ba619ed3f58783b0dc82b7dada80\"},\"headline\":\"Cl\u00f4ture du 6\u00e8me Festival du Film d&rsquo;El Gouna : D\u00e9fis, R\u00e9ussites et Focus sur la Palestine\",\"datePublished\":\"2023-12-22T15:17:00+00:00\",\"dateModified\":\"2025-05-21T08:57:18+00:00\",\"mainEntityOfPage\":{\"@id\":\"https:\\\/\\\/www.webdo.tn\\\/fr\\\/actualite\\\/culture\\\/el-gouna-2023-ceremonie-de-cloture\\\/211024\\\/\"},\"wordCount\":1663,\"commentCount\":0,\"publisher\":{\"@id\":\"https:\\\/\\\/www.webdo.tn\\\/fr\\\/#organization\"},\"image\":{\"@id\":\"https:\\\/\\\/www.webdo.tn\\\/fr\\\/actualite\\\/culture\\\/el-gouna-2023-ceremonie-de-cloture\\\/211024\\\/#primaryimage\"},\"thumbnailUrl\":\"https:\\\/\\\/www.webdo.tn\\\/fr\\\/wp-content\\\/uploads\\\/2023\\\/12\\\/0b76f5b19b23bfde35b5fd68a727f828.jpeg\",\"keywords\":[\"'Cl\u00f4ture']\",\"El Gouna 2023\",\"Festival du Film d'El Gouna\",\"GFF\",\"GFF 2023\"],\"articleSection\":[\"Culture\"],\"inLanguage\":\"fr-FR\"},{\"@type\":\"WebPage\",\"@id\":\"https:\\\/\\\/www.webdo.tn\\\/fr\\\/actualite\\\/culture\\\/el-gouna-2023-ceremonie-de-cloture\\\/211024\\\/\",\"url\":\"https:\\\/\\\/www.webdo.tn\\\/fr\\\/actualite\\\/culture\\\/el-gouna-2023-ceremonie-de-cloture\\\/211024\\\/\",\"name\":\"Cl\u00f4ture du 6\u00e8me Festival du Film d'El Gouna : D\u00e9fis, R\u00e9ussites et Focus sur la Palestine\",\"isPartOf\":{\"@id\":\"https:\\\/\\\/www.webdo.tn\\\/fr\\\/#website\"},\"primaryImageOfPage\":{\"@id\":\"https:\\\/\\\/www.webdo.tn\\\/fr\\\/actualite\\\/culture\\\/el-gouna-2023-ceremonie-de-cloture\\\/211024\\\/#primaryimage\"},\"image\":{\"@id\":\"https:\\\/\\\/www.webdo.tn\\\/fr\\\/actualite\\\/culture\\\/el-gouna-2023-ceremonie-de-cloture\\\/211024\\\/#primaryimage\"},\"thumbnailUrl\":\"https:\\\/\\\/www.webdo.tn\\\/fr\\\/wp-content\\\/uploads\\\/2023\\\/12\\\/0b76f5b19b23bfde35b5fd68a727f828.jpeg\",\"datePublished\":\"2023-12-22T15:17:00+00:00\",\"dateModified\":\"2025-05-21T08:57:18+00:00\",\"description\":\"C\u2019est hier soir que s\u2019est achev\u00e9e la sixi\u00e8me \u00e9dition du Festival du Film d\u2019El Gouna qui s\u2019est d\u00e9roul\u00e9e du 14 au 21 D\u00e9cembre 2023.\",\"breadcrumb\":{\"@id\":\"https:\\\/\\\/www.webdo.tn\\\/fr\\\/actualite\\\/culture\\\/el-gouna-2023-ceremonie-de-cloture\\\/211024\\\/#breadcrumb\"},\"inLanguage\":\"fr-FR\",\"potentialAction\":[{\"@type\":\"ReadAction\",\"target\":[\"https:\\\/\\\/www.webdo.tn\\\/fr\\\/actualite\\\/culture\\\/el-gouna-2023-ceremonie-de-cloture\\\/211024\\\/\"]}]},{\"@type\":\"ImageObject\",\"inLanguage\":\"fr-FR\",\"@id\":\"https:\\\/\\\/www.webdo.tn\\\/fr\\\/actualite\\\/culture\\\/el-gouna-2023-ceremonie-de-cloture\\\/211024\\\/#primaryimage\",\"url\":\"https:\\\/\\\/www.webdo.tn\\\/fr\\\/wp-content\\\/uploads\\\/2023\\\/12\\\/0b76f5b19b23bfde35b5fd68a727f828.jpeg\",\"contentUrl\":\"https:\\\/\\\/www.webdo.tn\\\/fr\\\/wp-content\\\/uploads\\\/2023\\\/12\\\/0b76f5b19b23bfde35b5fd68a727f828.jpeg\",\"width\":750,\"height\":400,\"caption\":\"L'Etoile d'El Gouna du meilleur documentaire arabe a \u00e9t\u00e9 remport\u00e9e par Machtat r\u00e9alis\u00e9 par Sonia Ben Slama de Tunisie.\"},{\"@type\":\"BreadcrumbList\",\"@id\":\"https:\\\/\\\/www.webdo.tn\\\/fr\\\/actualite\\\/culture\\\/el-gouna-2023-ceremonie-de-cloture\\\/211024\\\/#breadcrumb\",\"itemListElement\":[{\"@type\":\"ListItem\",\"position\":1,\"name\":\"Accueil\",\"item\":\"https:\\\/\\\/www.webdo.tn\\\/fr\\\/\"},{\"@type\":\"ListItem\",\"position\":2,\"name\":\"Cl\u00f4ture du 6\u00e8me Festival du Film d&rsquo;El Gouna : D\u00e9fis, R\u00e9ussites et Focus sur la Palestine\"}]},{\"@type\":\"WebSite\",\"@id\":\"https:\\\/\\\/www.webdo.tn\\\/fr\\\/#website\",\"url\":\"https:\\\/\\\/www.webdo.tn\\\/fr\\\/\",\"name\":\"webdo\",\"description\":\"Tunisie - News en Tunisie et \u00e0 l&#039;international sur Webdo.tn\",\"publisher\":{\"@id\":\"https:\\\/\\\/www.webdo.tn\\\/fr\\\/#organization\"},\"potentialAction\":[{\"@type\":\"SearchAction\",\"target\":{\"@type\":\"EntryPoint\",\"urlTemplate\":\"https:\\\/\\\/www.webdo.tn\\\/fr\\\/?s={search_term_string}\"},\"query-input\":{\"@type\":\"PropertyValueSpecification\",\"valueRequired\":true,\"valueName\":\"search_term_string\"}}],\"inLanguage\":\"fr-FR\"},{\"@type\":\"Organization\",\"@id\":\"https:\\\/\\\/www.webdo.tn\\\/fr\\\/#organization\",\"name\":\"Webdo\",\"alternateName\":\"Webdo.tn\",\"url\":\"https:\\\/\\\/www.webdo.tn\\\/fr\\\/\",\"logo\":{\"@type\":\"ImageObject\",\"inLanguage\":\"fr-FR\",\"@id\":\"https:\\\/\\\/www.webdo.tn\\\/fr\\\/#\\\/schema\\\/logo\\\/image\\\/\",\"url\":\"https:\\\/\\\/www.webdo.tn\\\/fr\\\/wp-content\\\/uploads\\\/2025\\\/06\\\/Webdo-Tunisie_168377.jpg\",\"contentUrl\":\"https:\\\/\\\/www.webdo.tn\\\/fr\\\/wp-content\\\/uploads\\\/2025\\\/06\\\/Webdo-Tunisie_168377.jpg\",\"width\":301,\"height\":301,\"caption\":\"Webdo\"},\"image\":{\"@id\":\"https:\\\/\\\/www.webdo.tn\\\/fr\\\/#\\\/schema\\\/logo\\\/image\\\/\"},\"sameAs\":[\"https:\\\/\\\/www.facebook.com\\\/webdotn\",\"https:\\\/\\\/x.com\\\/webdo_tn\"],\"description\":\"Webdo est un m\u00e9dia num\u00e9rique tunisien fond\u00e9 en 2010, sp\u00e9cialis\u00e9 dans l\u2019actualit\u00e9 nationale et internationale, l\u2019\u00e9conomie, la soci\u00e9t\u00e9 et les analyses politiques. Le site s\u2019adresse \u00e0 un large public francophone et couvre l\u2019information tunisienne en temps r\u00e9el.\",\"email\":\"redac@webdo.tn\",\"legalName\":\"YNJ SARL\",\"foundingDate\":\"2010-09-06\",\"numberOfEmployees\":{\"@type\":\"QuantitativeValue\",\"minValue\":\"11\",\"maxValue\":\"50\"}},{\"@type\":\"Person\",\"@id\":\"https:\\\/\\\/www.webdo.tn\\\/fr\\\/#\\\/schema\\\/person\\\/60d5ba619ed3f58783b0dc82b7dada80\",\"name\":\"Ne\u00efla DRISS\",\"image\":{\"@type\":\"ImageObject\",\"inLanguage\":\"fr-FR\",\"@id\":\"https:\\\/\\\/www.webdo.tn\\\/fr\\\/wp-content\\\/uploads\\\/2026\\\/04\\\/neila-driss_avatar-96x96.jpg\",\"url\":\"https:\\\/\\\/www.webdo.tn\\\/fr\\\/wp-content\\\/uploads\\\/2026\\\/04\\\/neila-driss_avatar-96x96.jpg\",\"contentUrl\":\"https:\\\/\\\/www.webdo.tn\\\/fr\\\/wp-content\\\/uploads\\\/2026\\\/04\\\/neila-driss_avatar-96x96.jpg\",\"caption\":\"Ne\u00efla DRISS\"},\"description\":\"Ne\u00efla Driss est juriste, journaliste culturelle et critique de cin\u00e9ma tunisienne. Titulaire d\u2019un DEA en droit priv\u00e9 de l\u2019Universit\u00e9 Paris II et d\u2019un DESS de l\u2019IHEC Carthage, elle d\u00e9bute sa carri\u00e8re comme juriste sp\u00e9cialis\u00e9e en gestion de patrimoine immobilier. Elle s\u2019oriente ensuite vers l\u2019\u00e9criture en ligne, o\u00f9 elle se distingue d\u00e8s 2006 aux Tunisia Blog Awards, avant de se consacrer au journalisme culturel, avec une sp\u00e9cialisation dans la critique cin\u00e9matographique. Elle couvre r\u00e9guli\u00e8rement les grands festivals internationaux, notamment le Festival de Cannes, les Journ\u00e9es Cin\u00e9matographiques de Carthage et le Festival du film du Caire. Membre de l\u2019ATPCC et de la FIPRESCI, elle participe \u00e0 des jurys et initiatives internationales de critique. Depuis 2024, elle est \u00e9lectrice internationale aux Golden Globes. Facebook : https:\\\/\\\/www.facebook.com\\\/massir.destiniii\\\/ X : https:\\\/\\\/x.com\\\/MassirDestin\",\"sameAs\":[\"https:\\\/\\\/www.facebook.com\\\/massir.destiniii\\\/\",\"https:\\\/\\\/www.instagram.com\\\/neila.driss\\\/?hl=fr\",\"https:\\\/\\\/www.linkedin.com\\\/in\\\/neila-driss-22606a80\\\/\",\"https:\\\/\\\/x.com\\\/https:\\\/\\\/x.com\\\/MassirDestin\"],\"knowsAbout\":[\"Cin\u00e9ma international\",\"critique cin\u00e9matographique\",\"festivals de cin\u00e9ma\",\"journalisme culturel\"],\"knowsLanguage\":[\"Fran\u00e7ais\",\"Arabe\",\"Anglais\"],\"jobTitle\":\"Journaliste culturelle et critique de cin\u00e9ma\",\"worksFor\":\"Webdo\",\"url\":\"https:\\\/\\\/www.webdo.tn\\\/fr\\\/actualite\\\/author\\\/neila-driss\\\/\"}]}<\/script>\n<!-- \/ Yoast SEO Premium plugin. -->","yoast_head_json":{"title":"Cl\u00f4ture du 6\u00e8me Festival du Film d'El Gouna : D\u00e9fis, R\u00e9ussites et Focus sur la Palestine","description":"C\u2019est hier soir que s\u2019est achev\u00e9e la sixi\u00e8me \u00e9dition du Festival du Film d\u2019El Gouna qui s\u2019est d\u00e9roul\u00e9e du 14 au 21 D\u00e9cembre 2023.","canonical":"https:\/\/www.webdo.tn\/fr\/actualite\/culture\/el-gouna-2023-ceremonie-de-cloture\/211024\/","og_locale":"fr_FR","og_type":"article","og_title":"Cl\u00f4ture du 6\u00e8me Festival du Film d'El Gouna : D\u00e9fis, R\u00e9ussites et Focus sur la Palestine","og_description":"C\u2019est hier soir que s\u2019est achev\u00e9e la sixi\u00e8me \u00e9dition du Festival du Film d\u2019El Gouna qui s\u2019est d\u00e9roul\u00e9e du 14 au 21 D\u00e9cembre 2023.","og_url":"https:\/\/www.webdo.tn\/fr\/actualite\/culture\/el-gouna-2023-ceremonie-de-cloture\/211024\/","og_site_name":"webdo","article_publisher":"https:\/\/www.facebook.com\/webdotn","article_author":"https:\/\/www.facebook.com\/massir.destiniii\/","article_published_time":"2023-12-22T15:17:00+00:00","article_modified_time":"2025-05-21T08:57:18+00:00","og_image":[{"width":750,"height":400,"url":"https:\/\/www.webdo.tn\/fr\/wp-content\/uploads\/2023\/12\/0b76f5b19b23bfde35b5fd68a727f828.jpeg","type":"image\/jpeg"}],"author":"Ne\u00efla DRISS","twitter_card":"summary_large_image","twitter_creator":"@https:\/\/x.com\/MassirDestin","twitter_site":"@webdo_tn","twitter_misc":{"\u00c9crit par":"Ne\u00efla DRISS","Dur\u00e9e de lecture estim\u00e9e":"8 minutes"},"schema":{"@context":"https:\/\/schema.org","@graph":[{"@type":"NewsArticle","@id":"https:\/\/www.webdo.tn\/fr\/actualite\/culture\/el-gouna-2023-ceremonie-de-cloture\/211024\/#article","isPartOf":{"@id":"https:\/\/www.webdo.tn\/fr\/actualite\/culture\/el-gouna-2023-ceremonie-de-cloture\/211024\/"},"author":{"name":"Ne\u00efla DRISS","@id":"https:\/\/www.webdo.tn\/fr\/#\/schema\/person\/60d5ba619ed3f58783b0dc82b7dada80"},"headline":"Cl\u00f4ture du 6\u00e8me Festival du Film d&rsquo;El Gouna : D\u00e9fis, R\u00e9ussites et Focus sur la Palestine","datePublished":"2023-12-22T15:17:00+00:00","dateModified":"2025-05-21T08:57:18+00:00","mainEntityOfPage":{"@id":"https:\/\/www.webdo.tn\/fr\/actualite\/culture\/el-gouna-2023-ceremonie-de-cloture\/211024\/"},"wordCount":1663,"commentCount":0,"publisher":{"@id":"https:\/\/www.webdo.tn\/fr\/#organization"},"image":{"@id":"https:\/\/www.webdo.tn\/fr\/actualite\/culture\/el-gouna-2023-ceremonie-de-cloture\/211024\/#primaryimage"},"thumbnailUrl":"https:\/\/www.webdo.tn\/fr\/wp-content\/uploads\/2023\/12\/0b76f5b19b23bfde35b5fd68a727f828.jpeg","keywords":["'Cl\u00f4ture']","El Gouna 2023","Festival du Film d'El Gouna","GFF","GFF 2023"],"articleSection":["Culture"],"inLanguage":"fr-FR"},{"@type":"WebPage","@id":"https:\/\/www.webdo.tn\/fr\/actualite\/culture\/el-gouna-2023-ceremonie-de-cloture\/211024\/","url":"https:\/\/www.webdo.tn\/fr\/actualite\/culture\/el-gouna-2023-ceremonie-de-cloture\/211024\/","name":"Cl\u00f4ture du 6\u00e8me Festival du Film d'El Gouna : D\u00e9fis, R\u00e9ussites et Focus sur la Palestine","isPartOf":{"@id":"https:\/\/www.webdo.tn\/fr\/#website"},"primaryImageOfPage":{"@id":"https:\/\/www.webdo.tn\/fr\/actualite\/culture\/el-gouna-2023-ceremonie-de-cloture\/211024\/#primaryimage"},"image":{"@id":"https:\/\/www.webdo.tn\/fr\/actualite\/culture\/el-gouna-2023-ceremonie-de-cloture\/211024\/#primaryimage"},"thumbnailUrl":"https:\/\/www.webdo.tn\/fr\/wp-content\/uploads\/2023\/12\/0b76f5b19b23bfde35b5fd68a727f828.jpeg","datePublished":"2023-12-22T15:17:00+00:00","dateModified":"2025-05-21T08:57:18+00:00","description":"C\u2019est hier soir que s\u2019est achev\u00e9e la sixi\u00e8me \u00e9dition du Festival du Film d\u2019El Gouna qui s\u2019est d\u00e9roul\u00e9e du 14 au 21 D\u00e9cembre 2023.","breadcrumb":{"@id":"https:\/\/www.webdo.tn\/fr\/actualite\/culture\/el-gouna-2023-ceremonie-de-cloture\/211024\/#breadcrumb"},"inLanguage":"fr-FR","potentialAction":[{"@type":"ReadAction","target":["https:\/\/www.webdo.tn\/fr\/actualite\/culture\/el-gouna-2023-ceremonie-de-cloture\/211024\/"]}]},{"@type":"ImageObject","inLanguage":"fr-FR","@id":"https:\/\/www.webdo.tn\/fr\/actualite\/culture\/el-gouna-2023-ceremonie-de-cloture\/211024\/#primaryimage","url":"https:\/\/www.webdo.tn\/fr\/wp-content\/uploads\/2023\/12\/0b76f5b19b23bfde35b5fd68a727f828.jpeg","contentUrl":"https:\/\/www.webdo.tn\/fr\/wp-content\/uploads\/2023\/12\/0b76f5b19b23bfde35b5fd68a727f828.jpeg","width":750,"height":400,"caption":"L'Etoile d'El Gouna du meilleur documentaire arabe a \u00e9t\u00e9 remport\u00e9e par Machtat r\u00e9alis\u00e9 par Sonia Ben Slama de Tunisie."},{"@type":"BreadcrumbList","@id":"https:\/\/www.webdo.tn\/fr\/actualite\/culture\/el-gouna-2023-ceremonie-de-cloture\/211024\/#breadcrumb","itemListElement":[{"@type":"ListItem","position":1,"name":"Accueil","item":"https:\/\/www.webdo.tn\/fr\/"},{"@type":"ListItem","position":2,"name":"Cl\u00f4ture du 6\u00e8me Festival du Film d&rsquo;El Gouna : D\u00e9fis, R\u00e9ussites et Focus sur la Palestine"}]},{"@type":"WebSite","@id":"https:\/\/www.webdo.tn\/fr\/#website","url":"https:\/\/www.webdo.tn\/fr\/","name":"webdo","description":"Tunisie - News en Tunisie et \u00e0 l&#039;international sur Webdo.tn","publisher":{"@id":"https:\/\/www.webdo.tn\/fr\/#organization"},"potentialAction":[{"@type":"SearchAction","target":{"@type":"EntryPoint","urlTemplate":"https:\/\/www.webdo.tn\/fr\/?s={search_term_string}"},"query-input":{"@type":"PropertyValueSpecification","valueRequired":true,"valueName":"search_term_string"}}],"inLanguage":"fr-FR"},{"@type":"Organization","@id":"https:\/\/www.webdo.tn\/fr\/#organization","name":"Webdo","alternateName":"Webdo.tn","url":"https:\/\/www.webdo.tn\/fr\/","logo":{"@type":"ImageObject","inLanguage":"fr-FR","@id":"https:\/\/www.webdo.tn\/fr\/#\/schema\/logo\/image\/","url":"https:\/\/www.webdo.tn\/fr\/wp-content\/uploads\/2025\/06\/Webdo-Tunisie_168377.jpg","contentUrl":"https:\/\/www.webdo.tn\/fr\/wp-content\/uploads\/2025\/06\/Webdo-Tunisie_168377.jpg","width":301,"height":301,"caption":"Webdo"},"image":{"@id":"https:\/\/www.webdo.tn\/fr\/#\/schema\/logo\/image\/"},"sameAs":["https:\/\/www.facebook.com\/webdotn","https:\/\/x.com\/webdo_tn"],"description":"Webdo est un m\u00e9dia num\u00e9rique tunisien fond\u00e9 en 2010, sp\u00e9cialis\u00e9 dans l\u2019actualit\u00e9 nationale et internationale, l\u2019\u00e9conomie, la soci\u00e9t\u00e9 et les analyses politiques. Le site s\u2019adresse \u00e0 un large public francophone et couvre l\u2019information tunisienne en temps r\u00e9el.","email":"redac@webdo.tn","legalName":"YNJ SARL","foundingDate":"2010-09-06","numberOfEmployees":{"@type":"QuantitativeValue","minValue":"11","maxValue":"50"}},{"@type":"Person","@id":"https:\/\/www.webdo.tn\/fr\/#\/schema\/person\/60d5ba619ed3f58783b0dc82b7dada80","name":"Ne\u00efla DRISS","image":{"@type":"ImageObject","inLanguage":"fr-FR","@id":"https:\/\/www.webdo.tn\/fr\/wp-content\/uploads\/2026\/04\/neila-driss_avatar-96x96.jpg","url":"https:\/\/www.webdo.tn\/fr\/wp-content\/uploads\/2026\/04\/neila-driss_avatar-96x96.jpg","contentUrl":"https:\/\/www.webdo.tn\/fr\/wp-content\/uploads\/2026\/04\/neila-driss_avatar-96x96.jpg","caption":"Ne\u00efla DRISS"},"description":"Ne\u00efla Driss est juriste, journaliste culturelle et critique de cin\u00e9ma tunisienne. Titulaire d\u2019un DEA en droit priv\u00e9 de l\u2019Universit\u00e9 Paris II et d\u2019un DESS de l\u2019IHEC Carthage, elle d\u00e9bute sa carri\u00e8re comme juriste sp\u00e9cialis\u00e9e en gestion de patrimoine immobilier. Elle s\u2019oriente ensuite vers l\u2019\u00e9criture en ligne, o\u00f9 elle se distingue d\u00e8s 2006 aux Tunisia Blog Awards, avant de se consacrer au journalisme culturel, avec une sp\u00e9cialisation dans la critique cin\u00e9matographique. Elle couvre r\u00e9guli\u00e8rement les grands festivals internationaux, notamment le Festival de Cannes, les Journ\u00e9es Cin\u00e9matographiques de Carthage et le Festival du film du Caire. Membre de l\u2019ATPCC et de la FIPRESCI, elle participe \u00e0 des jurys et initiatives internationales de critique. Depuis 2024, elle est \u00e9lectrice internationale aux Golden Globes. Facebook : https:\/\/www.facebook.com\/massir.destiniii\/ X : https:\/\/x.com\/MassirDestin","sameAs":["https:\/\/www.facebook.com\/massir.destiniii\/","https:\/\/www.instagram.com\/neila.driss\/?hl=fr","https:\/\/www.linkedin.com\/in\/neila-driss-22606a80\/","https:\/\/x.com\/https:\/\/x.com\/MassirDestin"],"knowsAbout":["Cin\u00e9ma international","critique cin\u00e9matographique","festivals de cin\u00e9ma","journalisme culturel"],"knowsLanguage":["Fran\u00e7ais","Arabe","Anglais"],"jobTitle":"Journaliste culturelle et critique de cin\u00e9ma","worksFor":"Webdo","url":"https:\/\/www.webdo.tn\/fr\/actualite\/author\/neila-driss\/"}]}},"_links":{"self":[{"href":"https:\/\/www.webdo.tn\/fr\/wp-json\/wp\/v2\/posts\/211024","targetHints":{"allow":["GET"]}}],"collection":[{"href":"https:\/\/www.webdo.tn\/fr\/wp-json\/wp\/v2\/posts"}],"about":[{"href":"https:\/\/www.webdo.tn\/fr\/wp-json\/wp\/v2\/types\/post"}],"author":[{"embeddable":true,"href":"https:\/\/www.webdo.tn\/fr\/wp-json\/wp\/v2\/users\/3164"}],"replies":[{"embeddable":true,"href":"https:\/\/www.webdo.tn\/fr\/wp-json\/wp\/v2\/comments?post=211024"}],"version-history":[{"count":0,"href":"https:\/\/www.webdo.tn\/fr\/wp-json\/wp\/v2\/posts\/211024\/revisions"}],"wp:featuredmedia":[{"embeddable":true,"href":"https:\/\/www.webdo.tn\/fr\/wp-json\/wp\/v2\/media\/290005"}],"wp:attachment":[{"href":"https:\/\/www.webdo.tn\/fr\/wp-json\/wp\/v2\/media?parent=211024"}],"wp:term":[{"taxonomy":"category","embeddable":true,"href":"https:\/\/www.webdo.tn\/fr\/wp-json\/wp\/v2\/categories?post=211024"},{"taxonomy":"post_tag","embeddable":true,"href":"https:\/\/www.webdo.tn\/fr\/wp-json\/wp\/v2\/tags?post=211024"}],"curies":[{"name":"wp","href":"https:\/\/api.w.org\/{rel}","templated":true}]}}