{"id":211022,"date":"2023-12-22T14:46:00","date_gmt":"2023-12-22T14:46:00","guid":{"rendered":"https:\/\/www.webdo.tn\/fr\/blog\/la-tunisie-a-t-elle-une-capacite-hoteliere-de-9-millions-de-touristes\/211022\/"},"modified":"2023-12-22T14:46:00","modified_gmt":"2023-12-22T14:46:00","slug":"la-tunisie-a-t-elle-une-capacite-hoteliere-de-9-millions-de-touristes","status":"publish","type":"post","link":"https:\/\/www.webdo.tn\/fr\/actualite\/national\/la-tunisie-a-t-elle-une-capacite-hoteliere-de-9-millions-de-touristes\/211022\/","title":{"rendered":"La Tunisie a-t-elle une capacit\u00e9 h\u00f4teli\u00e8re de 9 millions de touristes !?"},"content":{"rendered":"<p>Au 10 d\u00e9cembre 2023, \u00ab\u00a0la Tunisie a enregistr\u00e9 l\u2019entr\u00e9e de 8,8 millions de visiteurs et si nous gardons la m\u00eame tendance d&rsquo;ici la fin de 2023, nous atteindrons les 9,6 millions de visiteurs\u00a0\u00bb, a soulign\u00e9 \u00e0 l&rsquo;AFP Aymen Rahmani, directeur des \u00e9tudes et de la coop\u00e9ration \u00e0 l&rsquo;Office national du tourisme tunisien (ONTT).<\/p>\n<p>\t\t\t\t\t\t\t\t\tL\u2019ann\u00e9e 2023 est historique pour le tourisme tunisien. Une telle affirmation devrait r\u00e9jouir, \u00e0 bien des \u00e9gards, les professionnels du tourisme, \u00e0 savoir les h\u00f4teliers, les agences de voyages, la compagnie nationale (Tunisair), et les autres acteurs du secteur.<\/p>\n<p>Sauf que derri\u00e8re les chiffres officiels publi\u00e9s par la tutelle, il y a une sorte d\u2019amalgame quant \u00e0 la signification r\u00e9elle de touriste qui doit \u00eatre lev\u00e9. Que d\u00e9signe-t-on, au fait, du mot touriste ? Celui qui entre \u00e0 travers les fronti\u00e8res (terrestres ou par l\u2019espace a\u00e9rien), celui qui est h\u00e9berg\u00e9 dans les h\u00f4tels, celui qui rentre en vacances pendant l\u2019\u00e9t\u00e9 parmi les TRE ? Ou tout \u00e7a \u00e0 la fois ? Lequel cas, ces chiffres seraient in\u00e9vitablement biais\u00e9s.<\/p>\n<p>Akram Cherif, professionnel du tourisme, nous donne son point de vue : \u00ab\u00a0Pour conna\u00eetre les chiffres r\u00e9els du tourisme, le seul indicateur cr\u00e9dible auquel il faut se r\u00e9f\u00e9rer est celui du nombre de nuit\u00e9es pass\u00e9es dans les h\u00f4tels. Pour mesurer l\u2019importance des touristes alg\u00e9riens et libyens en tant que march\u00e9 \u00e9metteurs, il faut voir le nombre de nuit\u00e9es pass\u00e9es par ces ressortissants dans les unit\u00e9s h\u00f4teli\u00e8res.<\/p>\n<p>Celui qui entre par les fronti\u00e8res alg\u00e9rienne et libyenne pour passer un ou deux jours en Tunisie en dehors des h\u00f4tels, ne peut \u00eatre consid\u00e9r\u00e9 comme touriste. Au m\u00eame titre que les TRE \u00e0 leur retour au pays. Combien parmi ces derniers d\u00e9cident de passer des vacances dans des h\u00f4tels ? Un nombre insignifiant.<\/p>\n<p>Il ne faut pas se le cacher : le pourcentage de visiteurs libyens qui entrent en Tunisie et qui h\u00e9bergent dans les h\u00f4tels devrait se situer autour de 10% contre 30% pour les Alg\u00e9riens. D\u2019o\u00f9 la question d\u2019imposer, \u00e0 notre avis, les r\u00e9servations dans les h\u00f4tels pour tout Alg\u00e9rien et Libyen qui entre dans le territoire tunisien. C\u2019est la seule proc\u00e9dure qui puisse donner un \u00e9lan au secteur h\u00f4telier dont la rentabilit\u00e9 est en berne.<\/p>\n<p>Est-il besoin de rappeler que le R\u00e9sultat Brut d\u2019Exploitation (RBE) des h\u00f4tels se situait autour de 55% dans les ann\u00e9es 2000. En 2018, il est pass\u00e9 \u00e0 40%, aujourd\u2019hui il est autour de 25 et 30%. Si on retranche les cr\u00e9dits bancaires et les frais y aff\u00e9rents, le r\u00e9sultat brut serait de l\u2019ordre de 5%. Et comme cela ne suffit pas, l\u2019Etat vient d\u2019ajouter une taxe de 3% sur le CA des h\u00f4tels. Une aberration.<\/p>\n<p>Tout compte fait, il me semble que la situation du secteur du tourisme n\u2019est pas aussi reluisante que donnent \u00e0 voir les chiffres. Au plus, ce sont 3 millions de touristes qui sont r\u00e9ellement arriv\u00e9s en 2023 sous nos cieux et sont h\u00e9berg\u00e9s dans les h\u00f4tels. D\u2019ailleurs, notre pays n\u2019a pas une capacit\u00e9 d\u2019h\u00e9bergement pour 9 millions de touristes\u00a0\u00bb, conclut Akram Cherif.<\/p>\n<p>En 2019, ann\u00e9e de r\u00e9f\u00e9rence, sur les 242.000 lits que compte l&rsquo;h\u00f4tellerie tunisienne, 184.000 seulement ont \u00e9t\u00e9 mis en exploitation, soit 76% ; ce qui repr\u00e9sente les trois quarts de la capacit\u00e9 totale.<\/p>\n","protected":false},"excerpt":{"rendered":"<p>Au 10 d\u00e9cembre 2023,  la Tunisie a enregistr\u00e9 l\u2019entr\u00e9e de 8,8 millions de visiteurs et si nous gardons la m\u00eame tendance d&rsquo;ici la fin de 2023, nous atteindrons l&#8230;<\/p>\n","protected":false},"author":3203,"featured_media":290004,"comment_status":"open","ping_status":"closed","sticky":false,"template":"","format":"standard","meta":{"footnotes":""},"categories":[44],"tags":[9910,4297,2798,2608],"class_list":["post-211022","post","type-post","status-publish","format-standard","has-post-thumbnail","hentry","category-national","tag-nuitees","tag-recettes","tag-tourisme","tag-tunisie"],"yoast_head":"<!-- This site is optimized with the Yoast SEO Premium plugin v27.5 (Yoast SEO v27.5) - https:\/\/yoast.com\/product\/yoast-seo-premium-wordpress\/ -->\n<title>La Tunisie a-t-elle une capacit\u00e9 h\u00f4teli\u00e8re de 9 millions de touristes !?<\/title>\n<meta name=\"description\" content=\"Au 10 d\u00e9cembre 2023, la Tunisie a enregistr\u00e9 l\u2019entr\u00e9e de 8,8 millions de visiteurs et si nous gardons la m\u00eame tendance d&#039;ici la fin de 2023, nous atteindrons l...\" \/>\n<link rel=\"canonical\" href=\"https:\/\/www.webdo.tn\/fr\/actualite\/national\/la-tunisie-a-t-elle-une-capacite-hoteliere-de-9-millions-de-touristes\/211022\/\" \/>\n<meta property=\"og:locale\" content=\"fr_FR\" \/>\n<meta property=\"og:type\" content=\"article\" \/>\n<meta property=\"og:title\" content=\"La Tunisie a-t-elle une capacit\u00e9 h\u00f4teli\u00e8re de 9 millions de touristes !?\" \/>\n<meta property=\"og:description\" content=\"Au 10 d\u00e9cembre 2023, la Tunisie a enregistr\u00e9 l\u2019entr\u00e9e de 8,8 millions de visiteurs et si nous gardons la m\u00eame tendance d&#039;ici la fin de 2023, nous atteindrons l...\" \/>\n<meta property=\"og:url\" content=\"https:\/\/www.webdo.tn\/fr\/actualite\/national\/la-tunisie-a-t-elle-une-capacite-hoteliere-de-9-millions-de-touristes\/211022\/\" \/>\n<meta property=\"og:site_name\" content=\"webdo\" \/>\n<meta property=\"article:publisher\" content=\"https:\/\/www.facebook.com\/webdotn\" \/>\n<meta property=\"article:published_time\" content=\"2023-12-22T14:46:00+00:00\" \/>\n<meta property=\"og:image\" content=\"https:\/\/www.webdo.tn\/fr\/wp-content\/uploads\/2023\/12\/93efb82ab502a10bb429e0687e0bc346.jpg\" \/>\n\t<meta property=\"og:image:width\" content=\"555\" \/>\n\t<meta property=\"og:image:height\" content=\"296\" \/>\n\t<meta property=\"og:image:type\" content=\"image\/jpeg\" \/>\n<meta name=\"author\" content=\"Ramzi Haddad\" \/>\n<meta name=\"twitter:card\" content=\"summary_large_image\" \/>\n<meta name=\"twitter:creator\" content=\"@webdo_tn\" \/>\n<meta name=\"twitter:site\" content=\"@webdo_tn\" \/>\n<meta name=\"twitter:label1\" content=\"\u00c9crit par\" \/>\n\t<meta name=\"twitter:data1\" content=\"Ramzi Haddad\" \/>\n\t<meta name=\"twitter:label2\" content=\"Dur\u00e9e de lecture estim\u00e9e\" \/>\n\t<meta name=\"twitter:data2\" content=\"3 minutes\" \/>\n<script type=\"application\/ld+json\" class=\"yoast-schema-graph\">{\"@context\":\"https:\\\/\\\/schema.org\",\"@graph\":[{\"@type\":\"NewsArticle\",\"@id\":\"https:\\\/\\\/www.webdo.tn\\\/fr\\\/actualite\\\/national\\\/la-tunisie-a-t-elle-une-capacite-hoteliere-de-9-millions-de-touristes\\\/211022\\\/#article\",\"isPartOf\":{\"@id\":\"https:\\\/\\\/www.webdo.tn\\\/fr\\\/actualite\\\/national\\\/la-tunisie-a-t-elle-une-capacite-hoteliere-de-9-millions-de-touristes\\\/211022\\\/\"},\"author\":{\"name\":\"Ramzi Haddad\",\"@id\":\"https:\\\/\\\/www.webdo.tn\\\/fr\\\/#\\\/schema\\\/person\\\/5663044c25eb36d8f88ba5b653f12f8c\"},\"headline\":\"La Tunisie a-t-elle une capacit\u00e9 h\u00f4teli\u00e8re de 9 millions de touristes !?\",\"datePublished\":\"2023-12-22T14:46:00+00:00\",\"mainEntityOfPage\":{\"@id\":\"https:\\\/\\\/www.webdo.tn\\\/fr\\\/actualite\\\/national\\\/la-tunisie-a-t-elle-une-capacite-hoteliere-de-9-millions-de-touristes\\\/211022\\\/\"},\"wordCount\":593,\"commentCount\":0,\"publisher\":{\"@id\":\"https:\\\/\\\/www.webdo.tn\\\/fr\\\/#organization\"},\"image\":{\"@id\":\"https:\\\/\\\/www.webdo.tn\\\/fr\\\/actualite\\\/national\\\/la-tunisie-a-t-elle-une-capacite-hoteliere-de-9-millions-de-touristes\\\/211022\\\/#primaryimage\"},\"thumbnailUrl\":\"https:\\\/\\\/www.webdo.tn\\\/fr\\\/wp-content\\\/uploads\\\/2023\\\/12\\\/93efb82ab502a10bb429e0687e0bc346.jpg\",\"keywords\":[\"'nuit\u00e9es']\",\"recettes\",\"Tourisme\",\"Tunisie\"],\"articleSection\":[\"National\"],\"inLanguage\":\"fr-FR\"},{\"@type\":\"WebPage\",\"@id\":\"https:\\\/\\\/www.webdo.tn\\\/fr\\\/actualite\\\/national\\\/la-tunisie-a-t-elle-une-capacite-hoteliere-de-9-millions-de-touristes\\\/211022\\\/\",\"url\":\"https:\\\/\\\/www.webdo.tn\\\/fr\\\/actualite\\\/national\\\/la-tunisie-a-t-elle-une-capacite-hoteliere-de-9-millions-de-touristes\\\/211022\\\/\",\"name\":\"La Tunisie a-t-elle une capacit\u00e9 h\u00f4teli\u00e8re de 9 millions de touristes !?\",\"isPartOf\":{\"@id\":\"https:\\\/\\\/www.webdo.tn\\\/fr\\\/#website\"},\"primaryImageOfPage\":{\"@id\":\"https:\\\/\\\/www.webdo.tn\\\/fr\\\/actualite\\\/national\\\/la-tunisie-a-t-elle-une-capacite-hoteliere-de-9-millions-de-touristes\\\/211022\\\/#primaryimage\"},\"image\":{\"@id\":\"https:\\\/\\\/www.webdo.tn\\\/fr\\\/actualite\\\/national\\\/la-tunisie-a-t-elle-une-capacite-hoteliere-de-9-millions-de-touristes\\\/211022\\\/#primaryimage\"},\"thumbnailUrl\":\"https:\\\/\\\/www.webdo.tn\\\/fr\\\/wp-content\\\/uploads\\\/2023\\\/12\\\/93efb82ab502a10bb429e0687e0bc346.jpg\",\"datePublished\":\"2023-12-22T14:46:00+00:00\",\"description\":\"Au 10 d\u00e9cembre 2023, la Tunisie a enregistr\u00e9 l\u2019entr\u00e9e de 8,8 millions de visiteurs et si nous gardons la m\u00eame tendance d'ici la fin de 2023, nous atteindrons l...\",\"breadcrumb\":{\"@id\":\"https:\\\/\\\/www.webdo.tn\\\/fr\\\/actualite\\\/national\\\/la-tunisie-a-t-elle-une-capacite-hoteliere-de-9-millions-de-touristes\\\/211022\\\/#breadcrumb\"},\"inLanguage\":\"fr-FR\",\"potentialAction\":[{\"@type\":\"ReadAction\",\"target\":[\"https:\\\/\\\/www.webdo.tn\\\/fr\\\/actualite\\\/national\\\/la-tunisie-a-t-elle-une-capacite-hoteliere-de-9-millions-de-touristes\\\/211022\\\/\"]}]},{\"@type\":\"ImageObject\",\"inLanguage\":\"fr-FR\",\"@id\":\"https:\\\/\\\/www.webdo.tn\\\/fr\\\/actualite\\\/national\\\/la-tunisie-a-t-elle-une-capacite-hoteliere-de-9-millions-de-touristes\\\/211022\\\/#primaryimage\",\"url\":\"https:\\\/\\\/www.webdo.tn\\\/fr\\\/wp-content\\\/uploads\\\/2023\\\/12\\\/93efb82ab502a10bb429e0687e0bc346.jpg\",\"contentUrl\":\"https:\\\/\\\/www.webdo.tn\\\/fr\\\/wp-content\\\/uploads\\\/2023\\\/12\\\/93efb82ab502a10bb429e0687e0bc346.jpg\",\"width\":555,\"height\":296,\"caption\":\"La Tunisie a-t-elle une capacit\u00e9 h\u00f4teli\u00e8re de 9 millions de touristes !?\"},{\"@type\":\"BreadcrumbList\",\"@id\":\"https:\\\/\\\/www.webdo.tn\\\/fr\\\/actualite\\\/national\\\/la-tunisie-a-t-elle-une-capacite-hoteliere-de-9-millions-de-touristes\\\/211022\\\/#breadcrumb\",\"itemListElement\":[{\"@type\":\"ListItem\",\"position\":1,\"name\":\"Accueil\",\"item\":\"https:\\\/\\\/www.webdo.tn\\\/fr\\\/\"},{\"@type\":\"ListItem\",\"position\":2,\"name\":\"La Tunisie a-t-elle une capacit\u00e9 h\u00f4teli\u00e8re de 9 millions de touristes !?\"}]},{\"@type\":\"WebSite\",\"@id\":\"https:\\\/\\\/www.webdo.tn\\\/fr\\\/#website\",\"url\":\"https:\\\/\\\/www.webdo.tn\\\/fr\\\/\",\"name\":\"webdo\",\"description\":\"Tunisie - News en Tunisie et \u00e0 l&#039;international sur Webdo.tn\",\"publisher\":{\"@id\":\"https:\\\/\\\/www.webdo.tn\\\/fr\\\/#organization\"},\"potentialAction\":[{\"@type\":\"SearchAction\",\"target\":{\"@type\":\"EntryPoint\",\"urlTemplate\":\"https:\\\/\\\/www.webdo.tn\\\/fr\\\/?s={search_term_string}\"},\"query-input\":{\"@type\":\"PropertyValueSpecification\",\"valueRequired\":true,\"valueName\":\"search_term_string\"}}],\"inLanguage\":\"fr-FR\"},{\"@type\":\"Organization\",\"@id\":\"https:\\\/\\\/www.webdo.tn\\\/fr\\\/#organization\",\"name\":\"Webdo\",\"alternateName\":\"Webdo.tn\",\"url\":\"https:\\\/\\\/www.webdo.tn\\\/fr\\\/\",\"logo\":{\"@type\":\"ImageObject\",\"inLanguage\":\"fr-FR\",\"@id\":\"https:\\\/\\\/www.webdo.tn\\\/fr\\\/#\\\/schema\\\/logo\\\/image\\\/\",\"url\":\"https:\\\/\\\/www.webdo.tn\\\/fr\\\/wp-content\\\/uploads\\\/2025\\\/06\\\/Webdo-Tunisie_168377.jpg\",\"contentUrl\":\"https:\\\/\\\/www.webdo.tn\\\/fr\\\/wp-content\\\/uploads\\\/2025\\\/06\\\/Webdo-Tunisie_168377.jpg\",\"width\":301,\"height\":301,\"caption\":\"Webdo\"},\"image\":{\"@id\":\"https:\\\/\\\/www.webdo.tn\\\/fr\\\/#\\\/schema\\\/logo\\\/image\\\/\"},\"sameAs\":[\"https:\\\/\\\/www.facebook.com\\\/webdotn\",\"https:\\\/\\\/x.com\\\/webdo_tn\"],\"description\":\"Webdo est un m\u00e9dia num\u00e9rique tunisien fond\u00e9 en 2010, sp\u00e9cialis\u00e9 dans l\u2019actualit\u00e9 nationale et internationale, l\u2019\u00e9conomie, la soci\u00e9t\u00e9 et les analyses politiques. Le site s\u2019adresse \u00e0 un large public francophone et couvre l\u2019information tunisienne en temps r\u00e9el.\",\"email\":\"redac@webdo.tn\",\"legalName\":\"YNJ SARL\",\"foundingDate\":\"2010-09-06\",\"numberOfEmployees\":{\"@type\":\"QuantitativeValue\",\"minValue\":\"11\",\"maxValue\":\"50\"}},{\"@type\":\"Person\",\"@id\":\"https:\\\/\\\/www.webdo.tn\\\/fr\\\/#\\\/schema\\\/person\\\/5663044c25eb36d8f88ba5b653f12f8c\",\"name\":\"Ramzi Haddad\",\"image\":{\"@type\":\"ImageObject\",\"inLanguage\":\"fr-FR\",\"@id\":\"https:\\\/\\\/www.webdo.tn\\\/fr\\\/wp-content\\\/uploads\\\/2026\\\/04\\\/ramzi-haddad_avatar-96x96.jpg\",\"url\":\"https:\\\/\\\/www.webdo.tn\\\/fr\\\/wp-content\\\/uploads\\\/2026\\\/04\\\/ramzi-haddad_avatar-96x96.jpg\",\"contentUrl\":\"https:\\\/\\\/www.webdo.tn\\\/fr\\\/wp-content\\\/uploads\\\/2026\\\/04\\\/ramzi-haddad_avatar-96x96.jpg\",\"caption\":\"Ramzi Haddad\"},\"description\":\"Signature \u00e9ditoriale de Walid Ben Youssef Ramzi Haddad est le pseudonyme \u00e9ditorial de Walid Ben Youssef, fondateur et g\u00e9rant de Webdo.tn. Cette signature est d\u00e9di\u00e9e \u00e0 la couverture de l'actualit\u00e9 nationale et internationale, ainsi qu'aux analyses des dynamiques num\u00e9riques. Ce profil b\u00e9n\u00e9ficie de l'expertise de Walid Ben Youssef, pionnier du web en Tunisie depuis 2000 et dipl\u00f4m\u00e9 en Math\u00e9matiques pures de l'Universit\u00e9 d'Oregon. \u00c0 travers cette signature, la r\u00e9daction de Webdo garantit une information structur\u00e9e et v\u00e9rifi\u00e9e, fid\u00e8le aux standards journalistiques du m\u00e9dia.\",\"url\":\"https:\\\/\\\/www.webdo.tn\\\/fr\\\/actualite\\\/author\\\/ramzi-haddad\\\/\"}]}<\/script>\n<!-- \/ Yoast SEO Premium plugin. -->","yoast_head_json":{"title":"La Tunisie a-t-elle une capacit\u00e9 h\u00f4teli\u00e8re de 9 millions de touristes !?","description":"Au 10 d\u00e9cembre 2023, la Tunisie a enregistr\u00e9 l\u2019entr\u00e9e de 8,8 millions de visiteurs et si nous gardons la m\u00eame tendance d'ici la fin de 2023, nous atteindrons l...","canonical":"https:\/\/www.webdo.tn\/fr\/actualite\/national\/la-tunisie-a-t-elle-une-capacite-hoteliere-de-9-millions-de-touristes\/211022\/","og_locale":"fr_FR","og_type":"article","og_title":"La Tunisie a-t-elle une capacit\u00e9 h\u00f4teli\u00e8re de 9 millions de touristes !?","og_description":"Au 10 d\u00e9cembre 2023, la Tunisie a enregistr\u00e9 l\u2019entr\u00e9e de 8,8 millions de visiteurs et si nous gardons la m\u00eame tendance d'ici la fin de 2023, nous atteindrons l...","og_url":"https:\/\/www.webdo.tn\/fr\/actualite\/national\/la-tunisie-a-t-elle-une-capacite-hoteliere-de-9-millions-de-touristes\/211022\/","og_site_name":"webdo","article_publisher":"https:\/\/www.facebook.com\/webdotn","article_published_time":"2023-12-22T14:46:00+00:00","og_image":[{"width":555,"height":296,"url":"https:\/\/www.webdo.tn\/fr\/wp-content\/uploads\/2023\/12\/93efb82ab502a10bb429e0687e0bc346.jpg","type":"image\/jpeg"}],"author":"Ramzi Haddad","twitter_card":"summary_large_image","twitter_creator":"@webdo_tn","twitter_site":"@webdo_tn","twitter_misc":{"\u00c9crit par":"Ramzi Haddad","Dur\u00e9e de lecture estim\u00e9e":"3 minutes"},"schema":{"@context":"https:\/\/schema.org","@graph":[{"@type":"NewsArticle","@id":"https:\/\/www.webdo.tn\/fr\/actualite\/national\/la-tunisie-a-t-elle-une-capacite-hoteliere-de-9-millions-de-touristes\/211022\/#article","isPartOf":{"@id":"https:\/\/www.webdo.tn\/fr\/actualite\/national\/la-tunisie-a-t-elle-une-capacite-hoteliere-de-9-millions-de-touristes\/211022\/"},"author":{"name":"Ramzi Haddad","@id":"https:\/\/www.webdo.tn\/fr\/#\/schema\/person\/5663044c25eb36d8f88ba5b653f12f8c"},"headline":"La Tunisie a-t-elle une capacit\u00e9 h\u00f4teli\u00e8re de 9 millions de touristes !?","datePublished":"2023-12-22T14:46:00+00:00","mainEntityOfPage":{"@id":"https:\/\/www.webdo.tn\/fr\/actualite\/national\/la-tunisie-a-t-elle-une-capacite-hoteliere-de-9-millions-de-touristes\/211022\/"},"wordCount":593,"commentCount":0,"publisher":{"@id":"https:\/\/www.webdo.tn\/fr\/#organization"},"image":{"@id":"https:\/\/www.webdo.tn\/fr\/actualite\/national\/la-tunisie-a-t-elle-une-capacite-hoteliere-de-9-millions-de-touristes\/211022\/#primaryimage"},"thumbnailUrl":"https:\/\/www.webdo.tn\/fr\/wp-content\/uploads\/2023\/12\/93efb82ab502a10bb429e0687e0bc346.jpg","keywords":["'nuit\u00e9es']","recettes","Tourisme","Tunisie"],"articleSection":["National"],"inLanguage":"fr-FR"},{"@type":"WebPage","@id":"https:\/\/www.webdo.tn\/fr\/actualite\/national\/la-tunisie-a-t-elle-une-capacite-hoteliere-de-9-millions-de-touristes\/211022\/","url":"https:\/\/www.webdo.tn\/fr\/actualite\/national\/la-tunisie-a-t-elle-une-capacite-hoteliere-de-9-millions-de-touristes\/211022\/","name":"La Tunisie a-t-elle une capacit\u00e9 h\u00f4teli\u00e8re de 9 millions de touristes !?","isPartOf":{"@id":"https:\/\/www.webdo.tn\/fr\/#website"},"primaryImageOfPage":{"@id":"https:\/\/www.webdo.tn\/fr\/actualite\/national\/la-tunisie-a-t-elle-une-capacite-hoteliere-de-9-millions-de-touristes\/211022\/#primaryimage"},"image":{"@id":"https:\/\/www.webdo.tn\/fr\/actualite\/national\/la-tunisie-a-t-elle-une-capacite-hoteliere-de-9-millions-de-touristes\/211022\/#primaryimage"},"thumbnailUrl":"https:\/\/www.webdo.tn\/fr\/wp-content\/uploads\/2023\/12\/93efb82ab502a10bb429e0687e0bc346.jpg","datePublished":"2023-12-22T14:46:00+00:00","description":"Au 10 d\u00e9cembre 2023, la Tunisie a enregistr\u00e9 l\u2019entr\u00e9e de 8,8 millions de visiteurs et si nous gardons la m\u00eame tendance d'ici la fin de 2023, nous atteindrons l...","breadcrumb":{"@id":"https:\/\/www.webdo.tn\/fr\/actualite\/national\/la-tunisie-a-t-elle-une-capacite-hoteliere-de-9-millions-de-touristes\/211022\/#breadcrumb"},"inLanguage":"fr-FR","potentialAction":[{"@type":"ReadAction","target":["https:\/\/www.webdo.tn\/fr\/actualite\/national\/la-tunisie-a-t-elle-une-capacite-hoteliere-de-9-millions-de-touristes\/211022\/"]}]},{"@type":"ImageObject","inLanguage":"fr-FR","@id":"https:\/\/www.webdo.tn\/fr\/actualite\/national\/la-tunisie-a-t-elle-une-capacite-hoteliere-de-9-millions-de-touristes\/211022\/#primaryimage","url":"https:\/\/www.webdo.tn\/fr\/wp-content\/uploads\/2023\/12\/93efb82ab502a10bb429e0687e0bc346.jpg","contentUrl":"https:\/\/www.webdo.tn\/fr\/wp-content\/uploads\/2023\/12\/93efb82ab502a10bb429e0687e0bc346.jpg","width":555,"height":296,"caption":"La Tunisie a-t-elle une capacit\u00e9 h\u00f4teli\u00e8re de 9 millions de touristes !?"},{"@type":"BreadcrumbList","@id":"https:\/\/www.webdo.tn\/fr\/actualite\/national\/la-tunisie-a-t-elle-une-capacite-hoteliere-de-9-millions-de-touristes\/211022\/#breadcrumb","itemListElement":[{"@type":"ListItem","position":1,"name":"Accueil","item":"https:\/\/www.webdo.tn\/fr\/"},{"@type":"ListItem","position":2,"name":"La Tunisie a-t-elle une capacit\u00e9 h\u00f4teli\u00e8re de 9 millions de touristes !?"}]},{"@type":"WebSite","@id":"https:\/\/www.webdo.tn\/fr\/#website","url":"https:\/\/www.webdo.tn\/fr\/","name":"webdo","description":"Tunisie - News en Tunisie et \u00e0 l&#039;international sur Webdo.tn","publisher":{"@id":"https:\/\/www.webdo.tn\/fr\/#organization"},"potentialAction":[{"@type":"SearchAction","target":{"@type":"EntryPoint","urlTemplate":"https:\/\/www.webdo.tn\/fr\/?s={search_term_string}"},"query-input":{"@type":"PropertyValueSpecification","valueRequired":true,"valueName":"search_term_string"}}],"inLanguage":"fr-FR"},{"@type":"Organization","@id":"https:\/\/www.webdo.tn\/fr\/#organization","name":"Webdo","alternateName":"Webdo.tn","url":"https:\/\/www.webdo.tn\/fr\/","logo":{"@type":"ImageObject","inLanguage":"fr-FR","@id":"https:\/\/www.webdo.tn\/fr\/#\/schema\/logo\/image\/","url":"https:\/\/www.webdo.tn\/fr\/wp-content\/uploads\/2025\/06\/Webdo-Tunisie_168377.jpg","contentUrl":"https:\/\/www.webdo.tn\/fr\/wp-content\/uploads\/2025\/06\/Webdo-Tunisie_168377.jpg","width":301,"height":301,"caption":"Webdo"},"image":{"@id":"https:\/\/www.webdo.tn\/fr\/#\/schema\/logo\/image\/"},"sameAs":["https:\/\/www.facebook.com\/webdotn","https:\/\/x.com\/webdo_tn"],"description":"Webdo est un m\u00e9dia num\u00e9rique tunisien fond\u00e9 en 2010, sp\u00e9cialis\u00e9 dans l\u2019actualit\u00e9 nationale et internationale, l\u2019\u00e9conomie, la soci\u00e9t\u00e9 et les analyses politiques. Le site s\u2019adresse \u00e0 un large public francophone et couvre l\u2019information tunisienne en temps r\u00e9el.","email":"redac@webdo.tn","legalName":"YNJ SARL","foundingDate":"2010-09-06","numberOfEmployees":{"@type":"QuantitativeValue","minValue":"11","maxValue":"50"}},{"@type":"Person","@id":"https:\/\/www.webdo.tn\/fr\/#\/schema\/person\/5663044c25eb36d8f88ba5b653f12f8c","name":"Ramzi Haddad","image":{"@type":"ImageObject","inLanguage":"fr-FR","@id":"https:\/\/www.webdo.tn\/fr\/wp-content\/uploads\/2026\/04\/ramzi-haddad_avatar-96x96.jpg","url":"https:\/\/www.webdo.tn\/fr\/wp-content\/uploads\/2026\/04\/ramzi-haddad_avatar-96x96.jpg","contentUrl":"https:\/\/www.webdo.tn\/fr\/wp-content\/uploads\/2026\/04\/ramzi-haddad_avatar-96x96.jpg","caption":"Ramzi Haddad"},"description":"Signature \u00e9ditoriale de Walid Ben Youssef Ramzi Haddad est le pseudonyme \u00e9ditorial de Walid Ben Youssef, fondateur et g\u00e9rant de Webdo.tn. Cette signature est d\u00e9di\u00e9e \u00e0 la couverture de l'actualit\u00e9 nationale et internationale, ainsi qu'aux analyses des dynamiques num\u00e9riques. Ce profil b\u00e9n\u00e9ficie de l'expertise de Walid Ben Youssef, pionnier du web en Tunisie depuis 2000 et dipl\u00f4m\u00e9 en Math\u00e9matiques pures de l'Universit\u00e9 d'Oregon. \u00c0 travers cette signature, la r\u00e9daction de Webdo garantit une information structur\u00e9e et v\u00e9rifi\u00e9e, fid\u00e8le aux standards journalistiques du m\u00e9dia.","url":"https:\/\/www.webdo.tn\/fr\/actualite\/author\/ramzi-haddad\/"}]}},"_links":{"self":[{"href":"https:\/\/www.webdo.tn\/fr\/wp-json\/wp\/v2\/posts\/211022","targetHints":{"allow":["GET"]}}],"collection":[{"href":"https:\/\/www.webdo.tn\/fr\/wp-json\/wp\/v2\/posts"}],"about":[{"href":"https:\/\/www.webdo.tn\/fr\/wp-json\/wp\/v2\/types\/post"}],"author":[{"embeddable":true,"href":"https:\/\/www.webdo.tn\/fr\/wp-json\/wp\/v2\/users\/3203"}],"replies":[{"embeddable":true,"href":"https:\/\/www.webdo.tn\/fr\/wp-json\/wp\/v2\/comments?post=211022"}],"version-history":[{"count":0,"href":"https:\/\/www.webdo.tn\/fr\/wp-json\/wp\/v2\/posts\/211022\/revisions"}],"wp:featuredmedia":[{"embeddable":true,"href":"https:\/\/www.webdo.tn\/fr\/wp-json\/wp\/v2\/media\/290004"}],"wp:attachment":[{"href":"https:\/\/www.webdo.tn\/fr\/wp-json\/wp\/v2\/media?parent=211022"}],"wp:term":[{"taxonomy":"category","embeddable":true,"href":"https:\/\/www.webdo.tn\/fr\/wp-json\/wp\/v2\/categories?post=211022"},{"taxonomy":"post_tag","embeddable":true,"href":"https:\/\/www.webdo.tn\/fr\/wp-json\/wp\/v2\/tags?post=211022"}],"curies":[{"name":"wp","href":"https:\/\/api.w.org\/{rel}","templated":true}]}}