{"id":211003,"date":"2023-12-21T17:54:00","date_gmt":"2023-12-21T17:54:00","guid":{"rendered":"https:\/\/www.webdo.tn\/fr\/blog\/dix-morts-dans-une-fusillade-a-prague\/211003\/"},"modified":"2025-05-20T22:38:55","modified_gmt":"2025-05-20T22:38:55","slug":"dix-morts-dans-une-fusillade-a-prague","status":"publish","type":"post","link":"https:\/\/www.webdo.tn\/fr\/actualite\/international\/dix-morts-dans-une-fusillade-a-prague\/211003\/","title":{"rendered":"Dix morts dans une fusillade \u00e0 Prague"},"content":{"rendered":"<p>Dix morts sont tomb\u00e9s dans une fusillade \u00e0 l\u2019Universit\u00e9 de Prague, en R\u00e9publique tch\u00e8que, ce jeudi 21 d\u00e9cembre 2023.\u00a0<\/p>\n<p>La police a fait \u00e9tat de \u00ab neuf bless\u00e9s graves, cinq ou six bless\u00e9s moyennement graves, jusqu\u2019\u00e0 10 bless\u00e9s l\u00e9gers \u00bb. \u00ab Les chiffres peuvent encore changer \u00bb, a-t-elle d\u00e9clar\u00e9 sur X, indiquant que l&rsquo;assaillant a \u00e9t\u00e9 neutralis\u00e9.\u00a0<\/p>\n<p>\u00ab Le tireur a \u00e9t\u00e9 \u00e9limin\u00e9 ! Le b\u00e2timent est actuellement \u00e9vacu\u00e9 et il y a plusieurs morts et des dizaines de bless\u00e9s sur les lieux \u00bb, a pr\u00e9cis\u00e9 la police en milieu d\u2019apr\u00e8s-midi.<\/p>\n<p>Selon les m\u00e9dias tch\u00e8ques, la fusillade s\u2019est produite \u00e0 la Facult\u00e9 des Arts, dont les enseignants et les \u00e9tudiants ont re\u00e7u l\u2019ordre de s\u2019enfermer pendant l\u2019intervention de la police.<\/p>\n","protected":false},"excerpt":{"rendered":"<p>La police a fait \u00e9tat de \u00ab neuf bless\u00e9s graves, cinq ou six bless\u00e9s moyennement graves, jusqu\u2019\u00e0 10 bless\u00e9s l\u00e9gers \u00bb. \u00ab Les chiffres peuvent encore changer \u00bb, a-&#8230;<\/p>\n","protected":false},"author":3175,"featured_media":248448,"comment_status":"open","ping_status":"closed","sticky":false,"template":"","format":"standard","meta":{"footnotes":""},"categories":[2598],"tags":[4147,7338,7337],"class_list":["post-211003","post","type-post","status-publish","format-standard","has-post-thumbnail","hentry","category-international","tag-fusillade","tag-prague","tag-tchequie"],"yoast_head":"<!-- This site is optimized with the Yoast SEO Premium plugin v27.5 (Yoast SEO v27.5) - https:\/\/yoast.com\/product\/yoast-seo-premium-wordpress\/ -->\n<title>Dix morts dans une fusillade \u00e0 Prague<\/title>\n<meta name=\"description\" content=\"La police a fait \u00e9tat de \u00ab neuf bless\u00e9s graves, cinq ou six bless\u00e9s moyennement graves, jusqu\u2019\u00e0 10 bless\u00e9s l\u00e9gers \u00bb. \u00ab Les chiffres peuvent encore changer \u00bb, a-...\" \/>\n<link rel=\"canonical\" href=\"https:\/\/www.webdo.tn\/fr\/actualite\/international\/dix-morts-dans-une-fusillade-a-prague\/211003\/\" \/>\n<meta property=\"og:locale\" content=\"fr_FR\" \/>\n<meta property=\"og:type\" content=\"article\" \/>\n<meta property=\"og:title\" content=\"Dix morts dans une fusillade \u00e0 Prague\" \/>\n<meta property=\"og:description\" content=\"La police a fait \u00e9tat de \u00ab neuf bless\u00e9s graves, cinq ou six bless\u00e9s moyennement graves, jusqu\u2019\u00e0 10 bless\u00e9s l\u00e9gers \u00bb. \u00ab Les chiffres peuvent encore changer \u00bb, a-...\" \/>\n<meta property=\"og:url\" content=\"https:\/\/www.webdo.tn\/fr\/actualite\/international\/dix-morts-dans-une-fusillade-a-prague\/211003\/\" \/>\n<meta property=\"og:site_name\" content=\"webdo\" \/>\n<meta property=\"article:publisher\" content=\"https:\/\/www.facebook.com\/webdotn\" \/>\n<meta property=\"article:published_time\" content=\"2023-12-21T17:54:00+00:00\" \/>\n<meta property=\"article:modified_time\" content=\"2025-05-20T22:38:55+00:00\" \/>\n<meta property=\"og:image\" content=\"https:\/\/www.webdo.tn\/fr\/wp-content\/uploads\/2023\/12\/38b299eed6a04ca9b604a81ecdafa954.jpg\" \/>\n\t<meta property=\"og:image:width\" content=\"750\" \/>\n\t<meta property=\"og:image:height\" content=\"400\" \/>\n\t<meta property=\"og:image:type\" content=\"image\/jpeg\" \/>\n<meta name=\"author\" content=\"CL\" \/>\n<meta name=\"twitter:card\" content=\"summary_large_image\" \/>\n<meta name=\"twitter:creator\" content=\"@webdo_tn\" \/>\n<meta name=\"twitter:site\" content=\"@webdo_tn\" \/>\n<meta name=\"twitter:label1\" content=\"\u00c9crit par\" \/>\n\t<meta name=\"twitter:data1\" content=\"CL\" \/>\n\t<meta name=\"twitter:label2\" content=\"Dur\u00e9e de lecture estim\u00e9e\" \/>\n\t<meta name=\"twitter:data2\" content=\"1 minute\" \/>\n<script type=\"application\/ld+json\" class=\"yoast-schema-graph\">{\"@context\":\"https:\\\/\\\/schema.org\",\"@graph\":[{\"@type\":\"NewsArticle\",\"@id\":\"https:\\\/\\\/www.webdo.tn\\\/fr\\\/actualite\\\/international\\\/dix-morts-dans-une-fusillade-a-prague\\\/211003\\\/#article\",\"isPartOf\":{\"@id\":\"https:\\\/\\\/www.webdo.tn\\\/fr\\\/actualite\\\/international\\\/dix-morts-dans-une-fusillade-a-prague\\\/211003\\\/\"},\"author\":{\"name\":\"CL\",\"@id\":\"https:\\\/\\\/www.webdo.tn\\\/fr\\\/#\\\/schema\\\/person\\\/f35b42a42c5e2511bbd282959d6385cc\"},\"headline\":\"Dix morts dans une fusillade \u00e0 Prague\",\"datePublished\":\"2023-12-21T17:54:00+00:00\",\"dateModified\":\"2025-05-20T22:38:55+00:00\",\"mainEntityOfPage\":{\"@id\":\"https:\\\/\\\/www.webdo.tn\\\/fr\\\/actualite\\\/international\\\/dix-morts-dans-une-fusillade-a-prague\\\/211003\\\/\"},\"wordCount\":137,\"commentCount\":0,\"publisher\":{\"@id\":\"https:\\\/\\\/www.webdo.tn\\\/fr\\\/#organization\"},\"image\":{\"@id\":\"https:\\\/\\\/www.webdo.tn\\\/fr\\\/actualite\\\/international\\\/dix-morts-dans-une-fusillade-a-prague\\\/211003\\\/#primaryimage\"},\"thumbnailUrl\":\"https:\\\/\\\/www.webdo.tn\\\/fr\\\/wp-content\\\/uploads\\\/2023\\\/12\\\/38b299eed6a04ca9b604a81ecdafa954.jpg\",\"keywords\":[\"fusillade\",\"Prague\",\"tch\u00e9quie\"],\"articleSection\":[\"International\"],\"inLanguage\":\"fr-FR\"},{\"@type\":\"WebPage\",\"@id\":\"https:\\\/\\\/www.webdo.tn\\\/fr\\\/actualite\\\/international\\\/dix-morts-dans-une-fusillade-a-prague\\\/211003\\\/\",\"url\":\"https:\\\/\\\/www.webdo.tn\\\/fr\\\/actualite\\\/international\\\/dix-morts-dans-une-fusillade-a-prague\\\/211003\\\/\",\"name\":\"Dix morts dans une fusillade \u00e0 Prague\",\"isPartOf\":{\"@id\":\"https:\\\/\\\/www.webdo.tn\\\/fr\\\/#website\"},\"primaryImageOfPage\":{\"@id\":\"https:\\\/\\\/www.webdo.tn\\\/fr\\\/actualite\\\/international\\\/dix-morts-dans-une-fusillade-a-prague\\\/211003\\\/#primaryimage\"},\"image\":{\"@id\":\"https:\\\/\\\/www.webdo.tn\\\/fr\\\/actualite\\\/international\\\/dix-morts-dans-une-fusillade-a-prague\\\/211003\\\/#primaryimage\"},\"thumbnailUrl\":\"https:\\\/\\\/www.webdo.tn\\\/fr\\\/wp-content\\\/uploads\\\/2023\\\/12\\\/38b299eed6a04ca9b604a81ecdafa954.jpg\",\"datePublished\":\"2023-12-21T17:54:00+00:00\",\"dateModified\":\"2025-05-20T22:38:55+00:00\",\"description\":\"La police a fait \u00e9tat de \u00ab neuf bless\u00e9s graves, cinq ou six bless\u00e9s moyennement graves, jusqu\u2019\u00e0 10 bless\u00e9s l\u00e9gers \u00bb. \u00ab Les chiffres peuvent encore changer \u00bb, a-...\",\"breadcrumb\":{\"@id\":\"https:\\\/\\\/www.webdo.tn\\\/fr\\\/actualite\\\/international\\\/dix-morts-dans-une-fusillade-a-prague\\\/211003\\\/#breadcrumb\"},\"inLanguage\":\"fr-FR\",\"potentialAction\":[{\"@type\":\"ReadAction\",\"target\":[\"https:\\\/\\\/www.webdo.tn\\\/fr\\\/actualite\\\/international\\\/dix-morts-dans-une-fusillade-a-prague\\\/211003\\\/\"]}]},{\"@type\":\"ImageObject\",\"inLanguage\":\"fr-FR\",\"@id\":\"https:\\\/\\\/www.webdo.tn\\\/fr\\\/actualite\\\/international\\\/dix-morts-dans-une-fusillade-a-prague\\\/211003\\\/#primaryimage\",\"url\":\"https:\\\/\\\/www.webdo.tn\\\/fr\\\/wp-content\\\/uploads\\\/2023\\\/12\\\/38b299eed6a04ca9b604a81ecdafa954.jpg\",\"contentUrl\":\"https:\\\/\\\/www.webdo.tn\\\/fr\\\/wp-content\\\/uploads\\\/2023\\\/12\\\/38b299eed6a04ca9b604a81ecdafa954.jpg\",\"width\":750,\"height\":400,\"caption\":\"Dix morts dans une fusillade \u00e0 Prague\"},{\"@type\":\"BreadcrumbList\",\"@id\":\"https:\\\/\\\/www.webdo.tn\\\/fr\\\/actualite\\\/international\\\/dix-morts-dans-une-fusillade-a-prague\\\/211003\\\/#breadcrumb\",\"itemListElement\":[{\"@type\":\"ListItem\",\"position\":1,\"name\":\"Accueil\",\"item\":\"https:\\\/\\\/www.webdo.tn\\\/fr\\\/\"},{\"@type\":\"ListItem\",\"position\":2,\"name\":\"Dix morts dans une fusillade \u00e0 Prague\"}]},{\"@type\":\"WebSite\",\"@id\":\"https:\\\/\\\/www.webdo.tn\\\/fr\\\/#website\",\"url\":\"https:\\\/\\\/www.webdo.tn\\\/fr\\\/\",\"name\":\"webdo\",\"description\":\"Tunisie - News en Tunisie et \u00e0 l&#039;international sur Webdo.tn\",\"publisher\":{\"@id\":\"https:\\\/\\\/www.webdo.tn\\\/fr\\\/#organization\"},\"potentialAction\":[{\"@type\":\"SearchAction\",\"target\":{\"@type\":\"EntryPoint\",\"urlTemplate\":\"https:\\\/\\\/www.webdo.tn\\\/fr\\\/?s={search_term_string}\"},\"query-input\":{\"@type\":\"PropertyValueSpecification\",\"valueRequired\":true,\"valueName\":\"search_term_string\"}}],\"inLanguage\":\"fr-FR\"},{\"@type\":\"Organization\",\"@id\":\"https:\\\/\\\/www.webdo.tn\\\/fr\\\/#organization\",\"name\":\"Webdo\",\"alternateName\":\"Webdo.tn\",\"url\":\"https:\\\/\\\/www.webdo.tn\\\/fr\\\/\",\"logo\":{\"@type\":\"ImageObject\",\"inLanguage\":\"fr-FR\",\"@id\":\"https:\\\/\\\/www.webdo.tn\\\/fr\\\/#\\\/schema\\\/logo\\\/image\\\/\",\"url\":\"https:\\\/\\\/www.webdo.tn\\\/fr\\\/wp-content\\\/uploads\\\/2025\\\/06\\\/Webdo-Tunisie_168377.jpg\",\"contentUrl\":\"https:\\\/\\\/www.webdo.tn\\\/fr\\\/wp-content\\\/uploads\\\/2025\\\/06\\\/Webdo-Tunisie_168377.jpg\",\"width\":301,\"height\":301,\"caption\":\"Webdo\"},\"image\":{\"@id\":\"https:\\\/\\\/www.webdo.tn\\\/fr\\\/#\\\/schema\\\/logo\\\/image\\\/\"},\"sameAs\":[\"https:\\\/\\\/www.facebook.com\\\/webdotn\",\"https:\\\/\\\/x.com\\\/webdo_tn\"],\"description\":\"Webdo est un m\u00e9dia num\u00e9rique tunisien fond\u00e9 en 2010, sp\u00e9cialis\u00e9 dans l\u2019actualit\u00e9 nationale et internationale, l\u2019\u00e9conomie, la soci\u00e9t\u00e9 et les analyses politiques. Le site s\u2019adresse \u00e0 un large public francophone et couvre l\u2019information tunisienne en temps r\u00e9el.\",\"email\":\"redac@webdo.tn\",\"legalName\":\"YNJ SARL\",\"foundingDate\":\"2010-09-06\",\"numberOfEmployees\":{\"@type\":\"QuantitativeValue\",\"minValue\":\"11\",\"maxValue\":\"50\"}},{\"@type\":\"Person\",\"@id\":\"https:\\\/\\\/www.webdo.tn\\\/fr\\\/#\\\/schema\\\/person\\\/f35b42a42c5e2511bbd282959d6385cc\",\"name\":\"CL\",\"image\":{\"@type\":\"ImageObject\",\"inLanguage\":\"fr-FR\",\"@id\":\"https:\\\/\\\/secure.gravatar.com\\\/avatar\\\/1447a49909b67aa657c488aec6512e1dd6143a480c1ecfee9b5b5cd74eb3b59e?s=96&d=mm&r=g\",\"url\":\"https:\\\/\\\/secure.gravatar.com\\\/avatar\\\/1447a49909b67aa657c488aec6512e1dd6143a480c1ecfee9b5b5cd74eb3b59e?s=96&d=mm&r=g\",\"contentUrl\":\"https:\\\/\\\/secure.gravatar.com\\\/avatar\\\/1447a49909b67aa657c488aec6512e1dd6143a480c1ecfee9b5b5cd74eb3b59e?s=96&d=mm&r=g\",\"caption\":\"CL\"},\"url\":\"https:\\\/\\\/www.webdo.tn\\\/fr\\\/actualite\\\/author\\\/cl\\\/\"}]}<\/script>\n<!-- \/ Yoast SEO Premium plugin. -->","yoast_head_json":{"title":"Dix morts dans une fusillade \u00e0 Prague","description":"La police a fait \u00e9tat de \u00ab neuf bless\u00e9s graves, cinq ou six bless\u00e9s moyennement graves, jusqu\u2019\u00e0 10 bless\u00e9s l\u00e9gers \u00bb. \u00ab Les chiffres peuvent encore changer \u00bb, a-...","canonical":"https:\/\/www.webdo.tn\/fr\/actualite\/international\/dix-morts-dans-une-fusillade-a-prague\/211003\/","og_locale":"fr_FR","og_type":"article","og_title":"Dix morts dans une fusillade \u00e0 Prague","og_description":"La police a fait \u00e9tat de \u00ab neuf bless\u00e9s graves, cinq ou six bless\u00e9s moyennement graves, jusqu\u2019\u00e0 10 bless\u00e9s l\u00e9gers \u00bb. \u00ab Les chiffres peuvent encore changer \u00bb, a-...","og_url":"https:\/\/www.webdo.tn\/fr\/actualite\/international\/dix-morts-dans-une-fusillade-a-prague\/211003\/","og_site_name":"webdo","article_publisher":"https:\/\/www.facebook.com\/webdotn","article_published_time":"2023-12-21T17:54:00+00:00","article_modified_time":"2025-05-20T22:38:55+00:00","og_image":[{"width":750,"height":400,"url":"https:\/\/www.webdo.tn\/fr\/wp-content\/uploads\/2023\/12\/38b299eed6a04ca9b604a81ecdafa954.jpg","type":"image\/jpeg"}],"author":"CL","twitter_card":"summary_large_image","twitter_creator":"@webdo_tn","twitter_site":"@webdo_tn","twitter_misc":{"\u00c9crit par":"CL","Dur\u00e9e de lecture estim\u00e9e":"1 minute"},"schema":{"@context":"https:\/\/schema.org","@graph":[{"@type":"NewsArticle","@id":"https:\/\/www.webdo.tn\/fr\/actualite\/international\/dix-morts-dans-une-fusillade-a-prague\/211003\/#article","isPartOf":{"@id":"https:\/\/www.webdo.tn\/fr\/actualite\/international\/dix-morts-dans-une-fusillade-a-prague\/211003\/"},"author":{"name":"CL","@id":"https:\/\/www.webdo.tn\/fr\/#\/schema\/person\/f35b42a42c5e2511bbd282959d6385cc"},"headline":"Dix morts dans une fusillade \u00e0 Prague","datePublished":"2023-12-21T17:54:00+00:00","dateModified":"2025-05-20T22:38:55+00:00","mainEntityOfPage":{"@id":"https:\/\/www.webdo.tn\/fr\/actualite\/international\/dix-morts-dans-une-fusillade-a-prague\/211003\/"},"wordCount":137,"commentCount":0,"publisher":{"@id":"https:\/\/www.webdo.tn\/fr\/#organization"},"image":{"@id":"https:\/\/www.webdo.tn\/fr\/actualite\/international\/dix-morts-dans-une-fusillade-a-prague\/211003\/#primaryimage"},"thumbnailUrl":"https:\/\/www.webdo.tn\/fr\/wp-content\/uploads\/2023\/12\/38b299eed6a04ca9b604a81ecdafa954.jpg","keywords":["fusillade","Prague","tch\u00e9quie"],"articleSection":["International"],"inLanguage":"fr-FR"},{"@type":"WebPage","@id":"https:\/\/www.webdo.tn\/fr\/actualite\/international\/dix-morts-dans-une-fusillade-a-prague\/211003\/","url":"https:\/\/www.webdo.tn\/fr\/actualite\/international\/dix-morts-dans-une-fusillade-a-prague\/211003\/","name":"Dix morts dans une fusillade \u00e0 Prague","isPartOf":{"@id":"https:\/\/www.webdo.tn\/fr\/#website"},"primaryImageOfPage":{"@id":"https:\/\/www.webdo.tn\/fr\/actualite\/international\/dix-morts-dans-une-fusillade-a-prague\/211003\/#primaryimage"},"image":{"@id":"https:\/\/www.webdo.tn\/fr\/actualite\/international\/dix-morts-dans-une-fusillade-a-prague\/211003\/#primaryimage"},"thumbnailUrl":"https:\/\/www.webdo.tn\/fr\/wp-content\/uploads\/2023\/12\/38b299eed6a04ca9b604a81ecdafa954.jpg","datePublished":"2023-12-21T17:54:00+00:00","dateModified":"2025-05-20T22:38:55+00:00","description":"La police a fait \u00e9tat de \u00ab neuf bless\u00e9s graves, cinq ou six bless\u00e9s moyennement graves, jusqu\u2019\u00e0 10 bless\u00e9s l\u00e9gers \u00bb. \u00ab Les chiffres peuvent encore changer \u00bb, a-...","breadcrumb":{"@id":"https:\/\/www.webdo.tn\/fr\/actualite\/international\/dix-morts-dans-une-fusillade-a-prague\/211003\/#breadcrumb"},"inLanguage":"fr-FR","potentialAction":[{"@type":"ReadAction","target":["https:\/\/www.webdo.tn\/fr\/actualite\/international\/dix-morts-dans-une-fusillade-a-prague\/211003\/"]}]},{"@type":"ImageObject","inLanguage":"fr-FR","@id":"https:\/\/www.webdo.tn\/fr\/actualite\/international\/dix-morts-dans-une-fusillade-a-prague\/211003\/#primaryimage","url":"https:\/\/www.webdo.tn\/fr\/wp-content\/uploads\/2023\/12\/38b299eed6a04ca9b604a81ecdafa954.jpg","contentUrl":"https:\/\/www.webdo.tn\/fr\/wp-content\/uploads\/2023\/12\/38b299eed6a04ca9b604a81ecdafa954.jpg","width":750,"height":400,"caption":"Dix morts dans une fusillade \u00e0 Prague"},{"@type":"BreadcrumbList","@id":"https:\/\/www.webdo.tn\/fr\/actualite\/international\/dix-morts-dans-une-fusillade-a-prague\/211003\/#breadcrumb","itemListElement":[{"@type":"ListItem","position":1,"name":"Accueil","item":"https:\/\/www.webdo.tn\/fr\/"},{"@type":"ListItem","position":2,"name":"Dix morts dans une fusillade \u00e0 Prague"}]},{"@type":"WebSite","@id":"https:\/\/www.webdo.tn\/fr\/#website","url":"https:\/\/www.webdo.tn\/fr\/","name":"webdo","description":"Tunisie - News en Tunisie et \u00e0 l&#039;international sur Webdo.tn","publisher":{"@id":"https:\/\/www.webdo.tn\/fr\/#organization"},"potentialAction":[{"@type":"SearchAction","target":{"@type":"EntryPoint","urlTemplate":"https:\/\/www.webdo.tn\/fr\/?s={search_term_string}"},"query-input":{"@type":"PropertyValueSpecification","valueRequired":true,"valueName":"search_term_string"}}],"inLanguage":"fr-FR"},{"@type":"Organization","@id":"https:\/\/www.webdo.tn\/fr\/#organization","name":"Webdo","alternateName":"Webdo.tn","url":"https:\/\/www.webdo.tn\/fr\/","logo":{"@type":"ImageObject","inLanguage":"fr-FR","@id":"https:\/\/www.webdo.tn\/fr\/#\/schema\/logo\/image\/","url":"https:\/\/www.webdo.tn\/fr\/wp-content\/uploads\/2025\/06\/Webdo-Tunisie_168377.jpg","contentUrl":"https:\/\/www.webdo.tn\/fr\/wp-content\/uploads\/2025\/06\/Webdo-Tunisie_168377.jpg","width":301,"height":301,"caption":"Webdo"},"image":{"@id":"https:\/\/www.webdo.tn\/fr\/#\/schema\/logo\/image\/"},"sameAs":["https:\/\/www.facebook.com\/webdotn","https:\/\/x.com\/webdo_tn"],"description":"Webdo est un m\u00e9dia num\u00e9rique tunisien fond\u00e9 en 2010, sp\u00e9cialis\u00e9 dans l\u2019actualit\u00e9 nationale et internationale, l\u2019\u00e9conomie, la soci\u00e9t\u00e9 et les analyses politiques. Le site s\u2019adresse \u00e0 un large public francophone et couvre l\u2019information tunisienne en temps r\u00e9el.","email":"redac@webdo.tn","legalName":"YNJ SARL","foundingDate":"2010-09-06","numberOfEmployees":{"@type":"QuantitativeValue","minValue":"11","maxValue":"50"}},{"@type":"Person","@id":"https:\/\/www.webdo.tn\/fr\/#\/schema\/person\/f35b42a42c5e2511bbd282959d6385cc","name":"CL","image":{"@type":"ImageObject","inLanguage":"fr-FR","@id":"https:\/\/secure.gravatar.com\/avatar\/1447a49909b67aa657c488aec6512e1dd6143a480c1ecfee9b5b5cd74eb3b59e?s=96&d=mm&r=g","url":"https:\/\/secure.gravatar.com\/avatar\/1447a49909b67aa657c488aec6512e1dd6143a480c1ecfee9b5b5cd74eb3b59e?s=96&d=mm&r=g","contentUrl":"https:\/\/secure.gravatar.com\/avatar\/1447a49909b67aa657c488aec6512e1dd6143a480c1ecfee9b5b5cd74eb3b59e?s=96&d=mm&r=g","caption":"CL"},"url":"https:\/\/www.webdo.tn\/fr\/actualite\/author\/cl\/"}]}},"_links":{"self":[{"href":"https:\/\/www.webdo.tn\/fr\/wp-json\/wp\/v2\/posts\/211003","targetHints":{"allow":["GET"]}}],"collection":[{"href":"https:\/\/www.webdo.tn\/fr\/wp-json\/wp\/v2\/posts"}],"about":[{"href":"https:\/\/www.webdo.tn\/fr\/wp-json\/wp\/v2\/types\/post"}],"author":[{"embeddable":true,"href":"https:\/\/www.webdo.tn\/fr\/wp-json\/wp\/v2\/users\/3175"}],"replies":[{"embeddable":true,"href":"https:\/\/www.webdo.tn\/fr\/wp-json\/wp\/v2\/comments?post=211003"}],"version-history":[{"count":0,"href":"https:\/\/www.webdo.tn\/fr\/wp-json\/wp\/v2\/posts\/211003\/revisions"}],"wp:featuredmedia":[{"embeddable":true,"href":"https:\/\/www.webdo.tn\/fr\/wp-json\/wp\/v2\/media\/248448"}],"wp:attachment":[{"href":"https:\/\/www.webdo.tn\/fr\/wp-json\/wp\/v2\/media?parent=211003"}],"wp:term":[{"taxonomy":"category","embeddable":true,"href":"https:\/\/www.webdo.tn\/fr\/wp-json\/wp\/v2\/categories?post=211003"},{"taxonomy":"post_tag","embeddable":true,"href":"https:\/\/www.webdo.tn\/fr\/wp-json\/wp\/v2\/tags?post=211003"}],"curies":[{"name":"wp","href":"https:\/\/api.w.org\/{rel}","templated":true}]}}