{"id":211000,"date":"2023-12-21T15:55:00","date_gmt":"2023-12-21T15:55:00","guid":{"rendered":"https:\/\/www.webdo.tn\/fr\/blog\/hwr-facebook-et-instagram-ont-censure-plus-d-un-millier-de-contenus-pro-palestiniens\/211000\/"},"modified":"2025-05-20T21:54:33","modified_gmt":"2025-05-20T21:54:33","slug":"hwr-facebook-et-instagram-ont-censure-plus-d-un-millier-de-contenus-pro-palestiniens","status":"publish","type":"post","link":"https:\/\/www.webdo.tn\/fr\/actualite\/international\/hwr-facebook-et-instagram-ont-censure-plus-d-un-millier-de-contenus-pro-palestiniens\/211000\/","title":{"rendered":"HWR : Facebook et Instagram ont censur\u00e9 plus d&rsquo;un millier de contenus pro-palestiniens"},"content":{"rendered":"<p>Facebook et Instagram sont accus\u00e9s d\u2019avoir bloqu\u00e9 des comptes et supprim\u00e9s des contenus dans le contexte de la guerre entre le Hamas et Isra\u00ebl. Ils ont \u00e9t\u00e9 \u00e9pingl\u00e9s par Human Rights Watch (HWR).<\/p>\n<p>\t\t\t\t\t\t\t\t\tL\u2019organisation Human Rights Watch accuse, en effet, dans un rapport de 50 pages, Meta (Facebook et Instagram) d\u2019avoir op\u00e9r\u00e9 une censure syst\u00e9matique sur les messages de soutien \u00e0 la Palestine sur ses plateformes depuis le 7 octobre, date \u00e0 laquelle a \u00e9t\u00e9 d\u00e9clench\u00e9e la guerre \u00e0 Gaza.<\/p>\n<p>HWR a relev\u00e9 plus d\u2019un millier d\u2019exemples de censure des expressions de soutien \u00e0 la Palestine, tous r\u00e9pertori\u00e9s dans un rapport. De \u00ab\u00a0Palestine libre\u00a0\u00bb \u00e0 \u00ab\u00a0Stop au g\u00e9nocide\u00a0\u00bb en passant par \u00ab\u00a0Cessez-le-feu maintenant\u00a0\u00bb, de nombreux slogans ont fait l\u2019objet de censure voire ont \u00e9t\u00e9 supprim\u00e9s, souligne l\u2019organisation.<\/p>\n<p>HWR rel\u00e8ve \u00e9galement que ces slogans sont r\u00e9guli\u00e8rement supprim\u00e9s sur Facebook ou Instagram depuis le 7 octobre. Pire encore, l\u2019\u00e9moji d\u2019un drapeau palestinien dans un commentaire est souvent masqu\u00e9.<\/p>\n<p>Des comptes ont m\u00eame \u00e9t\u00e9 suspendus au seul fait d\u2019avoir \u00e9voqu\u00e9 le terme \u00ab\u00a0Hamas\u00a0\u00bb m\u00eame sans parti pris envers l\u2019organisation palestinienne. Au total, l\u2019enqu\u00eate men\u00e9e par HWR, jusqu\u2019au 28 novembre sur des contenus en ligne provenant de plus de 60 pays sur les cinq continents, essentiellement en anglais, \u00e9pingle 1050 cas de censure, dont 1049 en soutien \u00e0 la Palestine et un seul \u00e0 Isra\u00ebl.<\/p>\n","protected":false},"excerpt":{"rendered":"<p>Le rapport de Human Rights Watch pointe 1050 cas de suppressions de contenu et de censure dont 1049 en soutien \u00e0 la Palestine.<\/p>\n","protected":false},"author":3162,"featured_media":248450,"comment_status":"open","ping_status":"closed","sticky":false,"template":"","format":"standard","meta":{"footnotes":""},"categories":[2598],"tags":[7340,4744,2689,7341,4205,4746],"class_list":["post-211000","post","type-post","status-publish","format-standard","has-post-thumbnail","hentry","category-international","tag-censure","tag-facebook","tag-gaza","tag-hwr","tag-instagram","tag-meta"],"yoast_head":"<!-- This site is optimized with the Yoast SEO Premium plugin v27.5 (Yoast SEO v27.5) - https:\/\/yoast.com\/product\/yoast-seo-premium-wordpress\/ -->\n<title>HWR : Facebook et Instagram ont censur\u00e9 plus d&#039;un millier de contenus pro-palestiniens<\/title>\n<meta name=\"description\" content=\"Le rapport de Human Rights Watch pointe 1050 cas de suppressions de contenu et de censure dont 1049 en soutien \u00e0 la Palestine.\" \/>\n<link rel=\"canonical\" href=\"https:\/\/www.webdo.tn\/fr\/actualite\/international\/hwr-facebook-et-instagram-ont-censure-plus-d-un-millier-de-contenus-pro-palestiniens\/211000\/\" \/>\n<meta property=\"og:locale\" content=\"fr_FR\" \/>\n<meta property=\"og:type\" content=\"article\" \/>\n<meta property=\"og:title\" content=\"HWR : Facebook et Instagram ont censur\u00e9 plus d&#039;un millier de contenus pro-palestiniens\" \/>\n<meta property=\"og:description\" content=\"Le rapport de Human Rights Watch pointe 1050 cas de suppressions de contenu et de censure dont 1049 en soutien \u00e0 la Palestine.\" \/>\n<meta property=\"og:url\" content=\"https:\/\/www.webdo.tn\/fr\/actualite\/international\/hwr-facebook-et-instagram-ont-censure-plus-d-un-millier-de-contenus-pro-palestiniens\/211000\/\" \/>\n<meta property=\"og:site_name\" content=\"webdo\" \/>\n<meta property=\"article:publisher\" content=\"https:\/\/www.facebook.com\/webdotn\" \/>\n<meta property=\"article:published_time\" content=\"2023-12-21T15:55:00+00:00\" \/>\n<meta property=\"article:modified_time\" content=\"2025-05-20T21:54:33+00:00\" \/>\n<meta property=\"og:image\" content=\"https:\/\/www.webdo.tn\/fr\/wp-content\/uploads\/2023\/12\/e8c949a660e616d5d6c6dd69e8d172bb.jpg\" \/>\n\t<meta property=\"og:image:width\" content=\"750\" \/>\n\t<meta property=\"og:image:height\" content=\"400\" \/>\n\t<meta property=\"og:image:type\" content=\"image\/jpeg\" \/>\n<meta name=\"author\" content=\"MC\" \/>\n<meta name=\"twitter:card\" content=\"summary_large_image\" \/>\n<meta name=\"twitter:creator\" content=\"@webdo_tn\" \/>\n<meta name=\"twitter:site\" content=\"@webdo_tn\" \/>\n<meta name=\"twitter:label1\" content=\"\u00c9crit par\" \/>\n\t<meta name=\"twitter:data1\" content=\"MC\" \/>\n\t<meta name=\"twitter:label2\" content=\"Dur\u00e9e de lecture estim\u00e9e\" \/>\n\t<meta name=\"twitter:data2\" content=\"1 minute\" \/>\n<script type=\"application\/ld+json\" class=\"yoast-schema-graph\">{\"@context\":\"https:\\\/\\\/schema.org\",\"@graph\":[{\"@type\":\"NewsArticle\",\"@id\":\"https:\\\/\\\/www.webdo.tn\\\/fr\\\/actualite\\\/international\\\/hwr-facebook-et-instagram-ont-censure-plus-d-un-millier-de-contenus-pro-palestiniens\\\/211000\\\/#article\",\"isPartOf\":{\"@id\":\"https:\\\/\\\/www.webdo.tn\\\/fr\\\/actualite\\\/international\\\/hwr-facebook-et-instagram-ont-censure-plus-d-un-millier-de-contenus-pro-palestiniens\\\/211000\\\/\"},\"author\":{\"name\":\"MC\",\"@id\":\"https:\\\/\\\/www.webdo.tn\\\/fr\\\/#\\\/schema\\\/person\\\/2c4929cbf5a809e3bd38617c6ce150f6\"},\"headline\":\"HWR : Facebook et Instagram ont censur\u00e9 plus d&rsquo;un millier de contenus pro-palestiniens\",\"datePublished\":\"2023-12-21T15:55:00+00:00\",\"dateModified\":\"2025-05-20T21:54:33+00:00\",\"mainEntityOfPage\":{\"@id\":\"https:\\\/\\\/www.webdo.tn\\\/fr\\\/actualite\\\/international\\\/hwr-facebook-et-instagram-ont-censure-plus-d-un-millier-de-contenus-pro-palestiniens\\\/211000\\\/\"},\"wordCount\":254,\"commentCount\":0,\"publisher\":{\"@id\":\"https:\\\/\\\/www.webdo.tn\\\/fr\\\/#organization\"},\"image\":{\"@id\":\"https:\\\/\\\/www.webdo.tn\\\/fr\\\/actualite\\\/international\\\/hwr-facebook-et-instagram-ont-censure-plus-d-un-millier-de-contenus-pro-palestiniens\\\/211000\\\/#primaryimage\"},\"thumbnailUrl\":\"https:\\\/\\\/www.webdo.tn\\\/fr\\\/wp-content\\\/uploads\\\/2023\\\/12\\\/e8c949a660e616d5d6c6dd69e8d172bb.jpg\",\"keywords\":[\"censure\",\"Facebook\",\"Gaza\",\"hwr\",\"Instagram\",\"meta\"],\"articleSection\":[\"International\"],\"inLanguage\":\"fr-FR\"},{\"@type\":\"WebPage\",\"@id\":\"https:\\\/\\\/www.webdo.tn\\\/fr\\\/actualite\\\/international\\\/hwr-facebook-et-instagram-ont-censure-plus-d-un-millier-de-contenus-pro-palestiniens\\\/211000\\\/\",\"url\":\"https:\\\/\\\/www.webdo.tn\\\/fr\\\/actualite\\\/international\\\/hwr-facebook-et-instagram-ont-censure-plus-d-un-millier-de-contenus-pro-palestiniens\\\/211000\\\/\",\"name\":\"HWR : Facebook et Instagram ont censur\u00e9 plus d'un millier de contenus pro-palestiniens\",\"isPartOf\":{\"@id\":\"https:\\\/\\\/www.webdo.tn\\\/fr\\\/#website\"},\"primaryImageOfPage\":{\"@id\":\"https:\\\/\\\/www.webdo.tn\\\/fr\\\/actualite\\\/international\\\/hwr-facebook-et-instagram-ont-censure-plus-d-un-millier-de-contenus-pro-palestiniens\\\/211000\\\/#primaryimage\"},\"image\":{\"@id\":\"https:\\\/\\\/www.webdo.tn\\\/fr\\\/actualite\\\/international\\\/hwr-facebook-et-instagram-ont-censure-plus-d-un-millier-de-contenus-pro-palestiniens\\\/211000\\\/#primaryimage\"},\"thumbnailUrl\":\"https:\\\/\\\/www.webdo.tn\\\/fr\\\/wp-content\\\/uploads\\\/2023\\\/12\\\/e8c949a660e616d5d6c6dd69e8d172bb.jpg\",\"datePublished\":\"2023-12-21T15:55:00+00:00\",\"dateModified\":\"2025-05-20T21:54:33+00:00\",\"description\":\"Le rapport de Human Rights Watch pointe 1050 cas de suppressions de contenu et de censure dont 1049 en soutien \u00e0 la Palestine.\",\"breadcrumb\":{\"@id\":\"https:\\\/\\\/www.webdo.tn\\\/fr\\\/actualite\\\/international\\\/hwr-facebook-et-instagram-ont-censure-plus-d-un-millier-de-contenus-pro-palestiniens\\\/211000\\\/#breadcrumb\"},\"inLanguage\":\"fr-FR\",\"potentialAction\":[{\"@type\":\"ReadAction\",\"target\":[\"https:\\\/\\\/www.webdo.tn\\\/fr\\\/actualite\\\/international\\\/hwr-facebook-et-instagram-ont-censure-plus-d-un-millier-de-contenus-pro-palestiniens\\\/211000\\\/\"]}]},{\"@type\":\"ImageObject\",\"inLanguage\":\"fr-FR\",\"@id\":\"https:\\\/\\\/www.webdo.tn\\\/fr\\\/actualite\\\/international\\\/hwr-facebook-et-instagram-ont-censure-plus-d-un-millier-de-contenus-pro-palestiniens\\\/211000\\\/#primaryimage\",\"url\":\"https:\\\/\\\/www.webdo.tn\\\/fr\\\/wp-content\\\/uploads\\\/2023\\\/12\\\/e8c949a660e616d5d6c6dd69e8d172bb.jpg\",\"contentUrl\":\"https:\\\/\\\/www.webdo.tn\\\/fr\\\/wp-content\\\/uploads\\\/2023\\\/12\\\/e8c949a660e616d5d6c6dd69e8d172bb.jpg\",\"width\":750,\"height\":400,\"caption\":\"HWR : Facebook et Instagram ont censur\u00e9 plus d'un millier de contenus pro-palestiniens\"},{\"@type\":\"BreadcrumbList\",\"@id\":\"https:\\\/\\\/www.webdo.tn\\\/fr\\\/actualite\\\/international\\\/hwr-facebook-et-instagram-ont-censure-plus-d-un-millier-de-contenus-pro-palestiniens\\\/211000\\\/#breadcrumb\",\"itemListElement\":[{\"@type\":\"ListItem\",\"position\":1,\"name\":\"Accueil\",\"item\":\"https:\\\/\\\/www.webdo.tn\\\/fr\\\/\"},{\"@type\":\"ListItem\",\"position\":2,\"name\":\"HWR : Facebook et Instagram ont censur\u00e9 plus d&rsquo;un millier de contenus pro-palestiniens\"}]},{\"@type\":\"WebSite\",\"@id\":\"https:\\\/\\\/www.webdo.tn\\\/fr\\\/#website\",\"url\":\"https:\\\/\\\/www.webdo.tn\\\/fr\\\/\",\"name\":\"webdo\",\"description\":\"Tunisie - News en Tunisie et \u00e0 l&#039;international sur Webdo.tn\",\"publisher\":{\"@id\":\"https:\\\/\\\/www.webdo.tn\\\/fr\\\/#organization\"},\"potentialAction\":[{\"@type\":\"SearchAction\",\"target\":{\"@type\":\"EntryPoint\",\"urlTemplate\":\"https:\\\/\\\/www.webdo.tn\\\/fr\\\/?s={search_term_string}\"},\"query-input\":{\"@type\":\"PropertyValueSpecification\",\"valueRequired\":true,\"valueName\":\"search_term_string\"}}],\"inLanguage\":\"fr-FR\"},{\"@type\":\"Organization\",\"@id\":\"https:\\\/\\\/www.webdo.tn\\\/fr\\\/#organization\",\"name\":\"Webdo\",\"alternateName\":\"Webdo.tn\",\"url\":\"https:\\\/\\\/www.webdo.tn\\\/fr\\\/\",\"logo\":{\"@type\":\"ImageObject\",\"inLanguage\":\"fr-FR\",\"@id\":\"https:\\\/\\\/www.webdo.tn\\\/fr\\\/#\\\/schema\\\/logo\\\/image\\\/\",\"url\":\"https:\\\/\\\/www.webdo.tn\\\/fr\\\/wp-content\\\/uploads\\\/2025\\\/06\\\/Webdo-Tunisie_168377.jpg\",\"contentUrl\":\"https:\\\/\\\/www.webdo.tn\\\/fr\\\/wp-content\\\/uploads\\\/2025\\\/06\\\/Webdo-Tunisie_168377.jpg\",\"width\":301,\"height\":301,\"caption\":\"Webdo\"},\"image\":{\"@id\":\"https:\\\/\\\/www.webdo.tn\\\/fr\\\/#\\\/schema\\\/logo\\\/image\\\/\"},\"sameAs\":[\"https:\\\/\\\/www.facebook.com\\\/webdotn\",\"https:\\\/\\\/x.com\\\/webdo_tn\"],\"description\":\"Webdo est un m\u00e9dia num\u00e9rique tunisien fond\u00e9 en 2010, sp\u00e9cialis\u00e9 dans l\u2019actualit\u00e9 nationale et internationale, l\u2019\u00e9conomie, la soci\u00e9t\u00e9 et les analyses politiques. Le site s\u2019adresse \u00e0 un large public francophone et couvre l\u2019information tunisienne en temps r\u00e9el.\",\"email\":\"redac@webdo.tn\",\"legalName\":\"YNJ SARL\",\"foundingDate\":\"2010-09-06\",\"numberOfEmployees\":{\"@type\":\"QuantitativeValue\",\"minValue\":\"11\",\"maxValue\":\"50\"}},{\"@type\":\"Person\",\"@id\":\"https:\\\/\\\/www.webdo.tn\\\/fr\\\/#\\\/schema\\\/person\\\/2c4929cbf5a809e3bd38617c6ce150f6\",\"name\":\"MC\",\"image\":{\"@type\":\"ImageObject\",\"inLanguage\":\"fr-FR\",\"@id\":\"https:\\\/\\\/secure.gravatar.com\\\/avatar\\\/a545bbb6f84efdd5553dbbc2895e3ca8f1d12c5215e00a041c9670b54aa9b18a?s=96&d=mm&r=g\",\"url\":\"https:\\\/\\\/secure.gravatar.com\\\/avatar\\\/a545bbb6f84efdd5553dbbc2895e3ca8f1d12c5215e00a041c9670b54aa9b18a?s=96&d=mm&r=g\",\"contentUrl\":\"https:\\\/\\\/secure.gravatar.com\\\/avatar\\\/a545bbb6f84efdd5553dbbc2895e3ca8f1d12c5215e00a041c9670b54aa9b18a?s=96&d=mm&r=g\",\"caption\":\"MC\"},\"url\":\"https:\\\/\\\/www.webdo.tn\\\/fr\\\/actualite\\\/author\\\/mc\\\/\"}]}<\/script>\n<!-- \/ Yoast SEO Premium plugin. -->","yoast_head_json":{"title":"HWR : Facebook et Instagram ont censur\u00e9 plus d'un millier de contenus pro-palestiniens","description":"Le rapport de Human Rights Watch pointe 1050 cas de suppressions de contenu et de censure dont 1049 en soutien \u00e0 la Palestine.","canonical":"https:\/\/www.webdo.tn\/fr\/actualite\/international\/hwr-facebook-et-instagram-ont-censure-plus-d-un-millier-de-contenus-pro-palestiniens\/211000\/","og_locale":"fr_FR","og_type":"article","og_title":"HWR : Facebook et Instagram ont censur\u00e9 plus d'un millier de contenus pro-palestiniens","og_description":"Le rapport de Human Rights Watch pointe 1050 cas de suppressions de contenu et de censure dont 1049 en soutien \u00e0 la Palestine.","og_url":"https:\/\/www.webdo.tn\/fr\/actualite\/international\/hwr-facebook-et-instagram-ont-censure-plus-d-un-millier-de-contenus-pro-palestiniens\/211000\/","og_site_name":"webdo","article_publisher":"https:\/\/www.facebook.com\/webdotn","article_published_time":"2023-12-21T15:55:00+00:00","article_modified_time":"2025-05-20T21:54:33+00:00","og_image":[{"width":750,"height":400,"url":"https:\/\/www.webdo.tn\/fr\/wp-content\/uploads\/2023\/12\/e8c949a660e616d5d6c6dd69e8d172bb.jpg","type":"image\/jpeg"}],"author":"MC","twitter_card":"summary_large_image","twitter_creator":"@webdo_tn","twitter_site":"@webdo_tn","twitter_misc":{"\u00c9crit par":"MC","Dur\u00e9e de lecture estim\u00e9e":"1 minute"},"schema":{"@context":"https:\/\/schema.org","@graph":[{"@type":"NewsArticle","@id":"https:\/\/www.webdo.tn\/fr\/actualite\/international\/hwr-facebook-et-instagram-ont-censure-plus-d-un-millier-de-contenus-pro-palestiniens\/211000\/#article","isPartOf":{"@id":"https:\/\/www.webdo.tn\/fr\/actualite\/international\/hwr-facebook-et-instagram-ont-censure-plus-d-un-millier-de-contenus-pro-palestiniens\/211000\/"},"author":{"name":"MC","@id":"https:\/\/www.webdo.tn\/fr\/#\/schema\/person\/2c4929cbf5a809e3bd38617c6ce150f6"},"headline":"HWR : Facebook et Instagram ont censur\u00e9 plus d&rsquo;un millier de contenus pro-palestiniens","datePublished":"2023-12-21T15:55:00+00:00","dateModified":"2025-05-20T21:54:33+00:00","mainEntityOfPage":{"@id":"https:\/\/www.webdo.tn\/fr\/actualite\/international\/hwr-facebook-et-instagram-ont-censure-plus-d-un-millier-de-contenus-pro-palestiniens\/211000\/"},"wordCount":254,"commentCount":0,"publisher":{"@id":"https:\/\/www.webdo.tn\/fr\/#organization"},"image":{"@id":"https:\/\/www.webdo.tn\/fr\/actualite\/international\/hwr-facebook-et-instagram-ont-censure-plus-d-un-millier-de-contenus-pro-palestiniens\/211000\/#primaryimage"},"thumbnailUrl":"https:\/\/www.webdo.tn\/fr\/wp-content\/uploads\/2023\/12\/e8c949a660e616d5d6c6dd69e8d172bb.jpg","keywords":["censure","Facebook","Gaza","hwr","Instagram","meta"],"articleSection":["International"],"inLanguage":"fr-FR"},{"@type":"WebPage","@id":"https:\/\/www.webdo.tn\/fr\/actualite\/international\/hwr-facebook-et-instagram-ont-censure-plus-d-un-millier-de-contenus-pro-palestiniens\/211000\/","url":"https:\/\/www.webdo.tn\/fr\/actualite\/international\/hwr-facebook-et-instagram-ont-censure-plus-d-un-millier-de-contenus-pro-palestiniens\/211000\/","name":"HWR : Facebook et Instagram ont censur\u00e9 plus d'un millier de contenus pro-palestiniens","isPartOf":{"@id":"https:\/\/www.webdo.tn\/fr\/#website"},"primaryImageOfPage":{"@id":"https:\/\/www.webdo.tn\/fr\/actualite\/international\/hwr-facebook-et-instagram-ont-censure-plus-d-un-millier-de-contenus-pro-palestiniens\/211000\/#primaryimage"},"image":{"@id":"https:\/\/www.webdo.tn\/fr\/actualite\/international\/hwr-facebook-et-instagram-ont-censure-plus-d-un-millier-de-contenus-pro-palestiniens\/211000\/#primaryimage"},"thumbnailUrl":"https:\/\/www.webdo.tn\/fr\/wp-content\/uploads\/2023\/12\/e8c949a660e616d5d6c6dd69e8d172bb.jpg","datePublished":"2023-12-21T15:55:00+00:00","dateModified":"2025-05-20T21:54:33+00:00","description":"Le rapport de Human Rights Watch pointe 1050 cas de suppressions de contenu et de censure dont 1049 en soutien \u00e0 la Palestine.","breadcrumb":{"@id":"https:\/\/www.webdo.tn\/fr\/actualite\/international\/hwr-facebook-et-instagram-ont-censure-plus-d-un-millier-de-contenus-pro-palestiniens\/211000\/#breadcrumb"},"inLanguage":"fr-FR","potentialAction":[{"@type":"ReadAction","target":["https:\/\/www.webdo.tn\/fr\/actualite\/international\/hwr-facebook-et-instagram-ont-censure-plus-d-un-millier-de-contenus-pro-palestiniens\/211000\/"]}]},{"@type":"ImageObject","inLanguage":"fr-FR","@id":"https:\/\/www.webdo.tn\/fr\/actualite\/international\/hwr-facebook-et-instagram-ont-censure-plus-d-un-millier-de-contenus-pro-palestiniens\/211000\/#primaryimage","url":"https:\/\/www.webdo.tn\/fr\/wp-content\/uploads\/2023\/12\/e8c949a660e616d5d6c6dd69e8d172bb.jpg","contentUrl":"https:\/\/www.webdo.tn\/fr\/wp-content\/uploads\/2023\/12\/e8c949a660e616d5d6c6dd69e8d172bb.jpg","width":750,"height":400,"caption":"HWR : Facebook et Instagram ont censur\u00e9 plus d'un millier de contenus pro-palestiniens"},{"@type":"BreadcrumbList","@id":"https:\/\/www.webdo.tn\/fr\/actualite\/international\/hwr-facebook-et-instagram-ont-censure-plus-d-un-millier-de-contenus-pro-palestiniens\/211000\/#breadcrumb","itemListElement":[{"@type":"ListItem","position":1,"name":"Accueil","item":"https:\/\/www.webdo.tn\/fr\/"},{"@type":"ListItem","position":2,"name":"HWR : Facebook et Instagram ont censur\u00e9 plus d&rsquo;un millier de contenus pro-palestiniens"}]},{"@type":"WebSite","@id":"https:\/\/www.webdo.tn\/fr\/#website","url":"https:\/\/www.webdo.tn\/fr\/","name":"webdo","description":"Tunisie - News en Tunisie et \u00e0 l&#039;international sur Webdo.tn","publisher":{"@id":"https:\/\/www.webdo.tn\/fr\/#organization"},"potentialAction":[{"@type":"SearchAction","target":{"@type":"EntryPoint","urlTemplate":"https:\/\/www.webdo.tn\/fr\/?s={search_term_string}"},"query-input":{"@type":"PropertyValueSpecification","valueRequired":true,"valueName":"search_term_string"}}],"inLanguage":"fr-FR"},{"@type":"Organization","@id":"https:\/\/www.webdo.tn\/fr\/#organization","name":"Webdo","alternateName":"Webdo.tn","url":"https:\/\/www.webdo.tn\/fr\/","logo":{"@type":"ImageObject","inLanguage":"fr-FR","@id":"https:\/\/www.webdo.tn\/fr\/#\/schema\/logo\/image\/","url":"https:\/\/www.webdo.tn\/fr\/wp-content\/uploads\/2025\/06\/Webdo-Tunisie_168377.jpg","contentUrl":"https:\/\/www.webdo.tn\/fr\/wp-content\/uploads\/2025\/06\/Webdo-Tunisie_168377.jpg","width":301,"height":301,"caption":"Webdo"},"image":{"@id":"https:\/\/www.webdo.tn\/fr\/#\/schema\/logo\/image\/"},"sameAs":["https:\/\/www.facebook.com\/webdotn","https:\/\/x.com\/webdo_tn"],"description":"Webdo est un m\u00e9dia num\u00e9rique tunisien fond\u00e9 en 2010, sp\u00e9cialis\u00e9 dans l\u2019actualit\u00e9 nationale et internationale, l\u2019\u00e9conomie, la soci\u00e9t\u00e9 et les analyses politiques. Le site s\u2019adresse \u00e0 un large public francophone et couvre l\u2019information tunisienne en temps r\u00e9el.","email":"redac@webdo.tn","legalName":"YNJ SARL","foundingDate":"2010-09-06","numberOfEmployees":{"@type":"QuantitativeValue","minValue":"11","maxValue":"50"}},{"@type":"Person","@id":"https:\/\/www.webdo.tn\/fr\/#\/schema\/person\/2c4929cbf5a809e3bd38617c6ce150f6","name":"MC","image":{"@type":"ImageObject","inLanguage":"fr-FR","@id":"https:\/\/secure.gravatar.com\/avatar\/a545bbb6f84efdd5553dbbc2895e3ca8f1d12c5215e00a041c9670b54aa9b18a?s=96&d=mm&r=g","url":"https:\/\/secure.gravatar.com\/avatar\/a545bbb6f84efdd5553dbbc2895e3ca8f1d12c5215e00a041c9670b54aa9b18a?s=96&d=mm&r=g","contentUrl":"https:\/\/secure.gravatar.com\/avatar\/a545bbb6f84efdd5553dbbc2895e3ca8f1d12c5215e00a041c9670b54aa9b18a?s=96&d=mm&r=g","caption":"MC"},"url":"https:\/\/www.webdo.tn\/fr\/actualite\/author\/mc\/"}]}},"_links":{"self":[{"href":"https:\/\/www.webdo.tn\/fr\/wp-json\/wp\/v2\/posts\/211000","targetHints":{"allow":["GET"]}}],"collection":[{"href":"https:\/\/www.webdo.tn\/fr\/wp-json\/wp\/v2\/posts"}],"about":[{"href":"https:\/\/www.webdo.tn\/fr\/wp-json\/wp\/v2\/types\/post"}],"author":[{"embeddable":true,"href":"https:\/\/www.webdo.tn\/fr\/wp-json\/wp\/v2\/users\/3162"}],"replies":[{"embeddable":true,"href":"https:\/\/www.webdo.tn\/fr\/wp-json\/wp\/v2\/comments?post=211000"}],"version-history":[{"count":0,"href":"https:\/\/www.webdo.tn\/fr\/wp-json\/wp\/v2\/posts\/211000\/revisions"}],"wp:featuredmedia":[{"embeddable":true,"href":"https:\/\/www.webdo.tn\/fr\/wp-json\/wp\/v2\/media\/248450"}],"wp:attachment":[{"href":"https:\/\/www.webdo.tn\/fr\/wp-json\/wp\/v2\/media?parent=211000"}],"wp:term":[{"taxonomy":"category","embeddable":true,"href":"https:\/\/www.webdo.tn\/fr\/wp-json\/wp\/v2\/categories?post=211000"},{"taxonomy":"post_tag","embeddable":true,"href":"https:\/\/www.webdo.tn\/fr\/wp-json\/wp\/v2\/tags?post=211000"}],"curies":[{"name":"wp","href":"https:\/\/api.w.org\/{rel}","templated":true}]}}