{"id":210995,"date":"2023-12-21T14:46:00","date_gmt":"2023-12-21T14:46:00","guid":{"rendered":"https:\/\/www.webdo.tn\/fr\/blog\/kais-saied-ordonne-une-enquete-approfondie-concernant-la-societe-stil\/210995\/"},"modified":"2025-05-20T21:54:32","modified_gmt":"2025-05-20T21:54:32","slug":"kais-saied-ordonne-une-enquete-approfondie-concernant-la-societe-stil","status":"publish","type":"post","link":"https:\/\/www.webdo.tn\/fr\/actualite\/national\/kais-saied-ordonne-une-enquete-approfondie-concernant-la-societe-stil\/210995\/","title":{"rendered":"Kais Saied ordonne une enqu\u00eate approfondie concernant la soci\u00e9t\u00e9 Stil"},"content":{"rendered":"<p>Le pr\u00e9sident de la R\u00e9publique, Kais Saied, s&rsquo;est rendu, hier, mercredi 20 d\u00e9cembre 2023, \u00e0 Zaghouan, \u00e0 B\u00e9ja et \u00e0 Bab Sa\u00e2doun o\u00f9 il a effectu\u00e9 des visites inopin\u00e9es.<\/p>\n<p>\t\t\t\t\t\t\t\t\tLe Chef de l\u2019Etat a effectu\u00e9 une premi\u00e8re visite \u00e0 la Soci\u00e9t\u00e9 de conditionnement d&rsquo;eau et de fabrication de jus \u00e0 Zaghouan, puis \u00e0 une soci\u00e9t\u00e9 de collecte de lait \u00e0 Nefza, au gouvernorat de B\u00e9ja, avant de se rendre \u00e0 l&rsquo;ancien si\u00e8ge de la Soci\u00e9t\u00e9 Tunisienne des Industries Laiti\u00e8res (Stil), \u00e0 Bab Sa\u00e2doun.<\/p>\n<p>Dans une vid\u00e9o publi\u00e9e sur la page Facebook de la Pr\u00e9sidence de la R\u00e9publique, le Chef de l&rsquo;Etat a soulign\u00e9 l&rsquo;imp\u00e9ratif \u00ab\u00a0d&rsquo;ouvrir une enqu\u00eate approfondie concernant la Soci\u00e9t\u00e9 Stil, suite \u00e0 la d\u00e9cision de sa cession en 2002, sous pr\u00e9texte de la mise \u00e0 niveau des entreprises et des \u00e9tablissements publics\u00a0\u00bb.<\/p>\n<p>Lors de son intervention, Kais Saied a mis l&rsquo;accent sur \u00ab\u00a0l&rsquo;aspect criminel qui a accompagn\u00e9 l&rsquo;op\u00e9ration de sa liquidation sur 20 ans, et sur la mani\u00e8re d&rsquo;acquisition de sa marque commerciale et de ses biens immobiliers par d&rsquo;autres soci\u00e9t\u00e9s\u00a0\u00bb.<\/p>\n<p>Le pr\u00e9sident de la R\u00e9publique a \u00e9t\u00e9 cat\u00e9gorique en soulignant que \u00ab\u00a0des examens ont \u00e9t\u00e9 men\u00e9s relatifs \u00e0 la situation de la soci\u00e9t\u00e9 Stil, rappelant que l&rsquo;op\u00e9ration de liquidation de cette soci\u00e9t\u00e9 nationale, entam\u00e9e en 2003 et qui se poursuit encore, au nom de la privatisation, est en fait une tentative de mainmise sur l&rsquo;un des \u00e9quipements publics en Tunisie\u00a0\u00bb.<\/p>\n<p>Il estime que \u00ab\u00a0plusieurs \u00e9l\u00e9ments prouvent l&rsquo;existence d&rsquo;un r\u00e9seau de corruption en relation avec la marque commerciale Stil, l&rsquo;usine et les biens immobiliers, ainsi que la mani\u00e8re dont elle a \u00e9t\u00e9 mise en faillite, en plus de l&rsquo;existence des comptes courants dans plusieurs banques\u00a0\u00bb.<\/p>\n<p>Le Pr\u00e9sident de la R\u00e9publique a rappel\u00e9 que \u00ab\u00a0Stil a \u00e9t\u00e9 mise en vente plusieurs fois et fait l&rsquo;objet de liquidation, soulignant l&rsquo;existence de tout un r\u00e9seau d&rsquo;entreprises ou de filiales et de nombreux produits qui portent encore la marque commerciale Stil, restant ainsi une \u00ab\u00a0soci\u00e9t\u00e9 \u00e9cran\u00a0\u00bb derri\u00e8re laquelle se pr\u00e9sentent d&rsquo;autres entreprises.<\/p>\n<p>Kais Saied a rappel\u00e9 que la soci\u00e9t\u00e9 a \u00e9t\u00e9 mise en faillite, et a \u00e9t\u00e9 vendue \u00e0 un prix qui ne correspond pas \u00e0 sa valeur r\u00e9elle. Il a \u00e9galement indiqu\u00e9 que 11 appartements appartenant \u00e0 \u00ab\u00a0Stil\u00a0\u00bb ont \u00e9t\u00e9 d\u00e9couverts, hier \u00e0 la Marsa.<\/p>\n<p>Il a \u00e9galement annonc\u00e9 qu&rsquo;un office des fourrages sera mis en place prochainement pour mettre fin au monopole et \u00e0 la manipulation des prix du lait.<\/p>\n","protected":false},"excerpt":{"rendered":"<p>Kais Saied a mis l&rsquo;accent sur la soci\u00e9t\u00e9 Stil et sur  l&rsquo;aspect criminel qui a accompagn\u00e9 l&rsquo;op\u00e9ration de sa liquidation sur 20 ans .<\/p>\n","protected":false},"author":3162,"featured_media":248447,"comment_status":"open","ping_status":"closed","sticky":false,"template":"","format":"standard","meta":{"footnotes":""},"categories":[44],"tags":[3202,5618,7336],"class_list":["post-210995","post","type-post","status-publish","format-standard","has-post-thumbnail","hentry","category-national","tag-enquete","tag-lait","tag-stil"],"yoast_head":"<!-- This site is optimized with the Yoast SEO Premium plugin v27.5 (Yoast SEO v27.5) - https:\/\/yoast.com\/product\/yoast-seo-premium-wordpress\/ -->\n<title>Kais Saied ordonne une enqu\u00eate approfondie concernant la soci\u00e9t\u00e9 Stil<\/title>\n<meta name=\"description\" content=\"Kais Saied a mis l&#039;accent sur la soci\u00e9t\u00e9 Stil et sur l&#039;aspect criminel qui a accompagn\u00e9 l&#039;op\u00e9ration de sa liquidation sur 20 ans .\" \/>\n<link rel=\"canonical\" href=\"https:\/\/www.webdo.tn\/fr\/actualite\/national\/kais-saied-ordonne-une-enquete-approfondie-concernant-la-societe-stil\/210995\/\" \/>\n<meta property=\"og:locale\" content=\"fr_FR\" \/>\n<meta property=\"og:type\" content=\"article\" \/>\n<meta property=\"og:title\" content=\"Kais Saied ordonne une enqu\u00eate approfondie concernant la soci\u00e9t\u00e9 Stil\" \/>\n<meta property=\"og:description\" content=\"Kais Saied a mis l&#039;accent sur la soci\u00e9t\u00e9 Stil et sur l&#039;aspect criminel qui a accompagn\u00e9 l&#039;op\u00e9ration de sa liquidation sur 20 ans .\" \/>\n<meta property=\"og:url\" content=\"https:\/\/www.webdo.tn\/fr\/actualite\/national\/kais-saied-ordonne-une-enquete-approfondie-concernant-la-societe-stil\/210995\/\" \/>\n<meta property=\"og:site_name\" content=\"webdo\" \/>\n<meta property=\"article:publisher\" content=\"https:\/\/www.facebook.com\/webdotn\" \/>\n<meta property=\"article:published_time\" content=\"2023-12-21T14:46:00+00:00\" \/>\n<meta property=\"article:modified_time\" content=\"2025-05-20T21:54:32+00:00\" \/>\n<meta property=\"og:image\" content=\"https:\/\/www.webdo.tn\/fr\/wp-content\/uploads\/2023\/12\/89c4ed9001ad077cf2d803a17ad11fe6.jpg\" \/>\n\t<meta property=\"og:image:width\" content=\"750\" \/>\n\t<meta property=\"og:image:height\" content=\"400\" \/>\n\t<meta property=\"og:image:type\" content=\"image\/jpeg\" \/>\n<meta name=\"author\" content=\"MC\" \/>\n<meta name=\"twitter:card\" content=\"summary_large_image\" \/>\n<meta name=\"twitter:creator\" content=\"@webdo_tn\" \/>\n<meta name=\"twitter:site\" content=\"@webdo_tn\" \/>\n<meta name=\"twitter:label1\" content=\"\u00c9crit par\" \/>\n\t<meta name=\"twitter:data1\" content=\"MC\" \/>\n\t<meta name=\"twitter:label2\" content=\"Dur\u00e9e de lecture estim\u00e9e\" \/>\n\t<meta name=\"twitter:data2\" content=\"2 minutes\" \/>\n<script type=\"application\/ld+json\" class=\"yoast-schema-graph\">{\"@context\":\"https:\\\/\\\/schema.org\",\"@graph\":[{\"@type\":\"NewsArticle\",\"@id\":\"https:\\\/\\\/www.webdo.tn\\\/fr\\\/actualite\\\/national\\\/kais-saied-ordonne-une-enquete-approfondie-concernant-la-societe-stil\\\/210995\\\/#article\",\"isPartOf\":{\"@id\":\"https:\\\/\\\/www.webdo.tn\\\/fr\\\/actualite\\\/national\\\/kais-saied-ordonne-une-enquete-approfondie-concernant-la-societe-stil\\\/210995\\\/\"},\"author\":{\"name\":\"MC\",\"@id\":\"https:\\\/\\\/www.webdo.tn\\\/fr\\\/#\\\/schema\\\/person\\\/2c4929cbf5a809e3bd38617c6ce150f6\"},\"headline\":\"Kais Saied ordonne une enqu\u00eate approfondie concernant la soci\u00e9t\u00e9 Stil\",\"datePublished\":\"2023-12-21T14:46:00+00:00\",\"dateModified\":\"2025-05-20T21:54:32+00:00\",\"mainEntityOfPage\":{\"@id\":\"https:\\\/\\\/www.webdo.tn\\\/fr\\\/actualite\\\/national\\\/kais-saied-ordonne-une-enquete-approfondie-concernant-la-societe-stil\\\/210995\\\/\"},\"wordCount\":459,\"commentCount\":0,\"publisher\":{\"@id\":\"https:\\\/\\\/www.webdo.tn\\\/fr\\\/#organization\"},\"image\":{\"@id\":\"https:\\\/\\\/www.webdo.tn\\\/fr\\\/actualite\\\/national\\\/kais-saied-ordonne-une-enquete-approfondie-concernant-la-societe-stil\\\/210995\\\/#primaryimage\"},\"thumbnailUrl\":\"https:\\\/\\\/www.webdo.tn\\\/fr\\\/wp-content\\\/uploads\\\/2023\\\/12\\\/89c4ed9001ad077cf2d803a17ad11fe6.jpg\",\"keywords\":[\"Enqu\u00eate\",\"Lait\",\"stil\"],\"articleSection\":[\"National\"],\"inLanguage\":\"fr-FR\"},{\"@type\":\"WebPage\",\"@id\":\"https:\\\/\\\/www.webdo.tn\\\/fr\\\/actualite\\\/national\\\/kais-saied-ordonne-une-enquete-approfondie-concernant-la-societe-stil\\\/210995\\\/\",\"url\":\"https:\\\/\\\/www.webdo.tn\\\/fr\\\/actualite\\\/national\\\/kais-saied-ordonne-une-enquete-approfondie-concernant-la-societe-stil\\\/210995\\\/\",\"name\":\"Kais Saied ordonne une enqu\u00eate approfondie concernant la soci\u00e9t\u00e9 Stil\",\"isPartOf\":{\"@id\":\"https:\\\/\\\/www.webdo.tn\\\/fr\\\/#website\"},\"primaryImageOfPage\":{\"@id\":\"https:\\\/\\\/www.webdo.tn\\\/fr\\\/actualite\\\/national\\\/kais-saied-ordonne-une-enquete-approfondie-concernant-la-societe-stil\\\/210995\\\/#primaryimage\"},\"image\":{\"@id\":\"https:\\\/\\\/www.webdo.tn\\\/fr\\\/actualite\\\/national\\\/kais-saied-ordonne-une-enquete-approfondie-concernant-la-societe-stil\\\/210995\\\/#primaryimage\"},\"thumbnailUrl\":\"https:\\\/\\\/www.webdo.tn\\\/fr\\\/wp-content\\\/uploads\\\/2023\\\/12\\\/89c4ed9001ad077cf2d803a17ad11fe6.jpg\",\"datePublished\":\"2023-12-21T14:46:00+00:00\",\"dateModified\":\"2025-05-20T21:54:32+00:00\",\"description\":\"Kais Saied a mis l'accent sur la soci\u00e9t\u00e9 Stil et sur l'aspect criminel qui a accompagn\u00e9 l'op\u00e9ration de sa liquidation sur 20 ans .\",\"breadcrumb\":{\"@id\":\"https:\\\/\\\/www.webdo.tn\\\/fr\\\/actualite\\\/national\\\/kais-saied-ordonne-une-enquete-approfondie-concernant-la-societe-stil\\\/210995\\\/#breadcrumb\"},\"inLanguage\":\"fr-FR\",\"potentialAction\":[{\"@type\":\"ReadAction\",\"target\":[\"https:\\\/\\\/www.webdo.tn\\\/fr\\\/actualite\\\/national\\\/kais-saied-ordonne-une-enquete-approfondie-concernant-la-societe-stil\\\/210995\\\/\"]}]},{\"@type\":\"ImageObject\",\"inLanguage\":\"fr-FR\",\"@id\":\"https:\\\/\\\/www.webdo.tn\\\/fr\\\/actualite\\\/national\\\/kais-saied-ordonne-une-enquete-approfondie-concernant-la-societe-stil\\\/210995\\\/#primaryimage\",\"url\":\"https:\\\/\\\/www.webdo.tn\\\/fr\\\/wp-content\\\/uploads\\\/2023\\\/12\\\/89c4ed9001ad077cf2d803a17ad11fe6.jpg\",\"contentUrl\":\"https:\\\/\\\/www.webdo.tn\\\/fr\\\/wp-content\\\/uploads\\\/2023\\\/12\\\/89c4ed9001ad077cf2d803a17ad11fe6.jpg\",\"width\":750,\"height\":400,\"caption\":\"Kais Saied ordonne une enqu\u00eate approfondie concernant la soci\u00e9t\u00e9 Stil\"},{\"@type\":\"BreadcrumbList\",\"@id\":\"https:\\\/\\\/www.webdo.tn\\\/fr\\\/actualite\\\/national\\\/kais-saied-ordonne-une-enquete-approfondie-concernant-la-societe-stil\\\/210995\\\/#breadcrumb\",\"itemListElement\":[{\"@type\":\"ListItem\",\"position\":1,\"name\":\"Accueil\",\"item\":\"https:\\\/\\\/www.webdo.tn\\\/fr\\\/\"},{\"@type\":\"ListItem\",\"position\":2,\"name\":\"Kais Saied ordonne une enqu\u00eate approfondie concernant la soci\u00e9t\u00e9 Stil\"}]},{\"@type\":\"WebSite\",\"@id\":\"https:\\\/\\\/www.webdo.tn\\\/fr\\\/#website\",\"url\":\"https:\\\/\\\/www.webdo.tn\\\/fr\\\/\",\"name\":\"webdo\",\"description\":\"Tunisie - News en Tunisie et \u00e0 l&#039;international sur Webdo.tn\",\"publisher\":{\"@id\":\"https:\\\/\\\/www.webdo.tn\\\/fr\\\/#organization\"},\"potentialAction\":[{\"@type\":\"SearchAction\",\"target\":{\"@type\":\"EntryPoint\",\"urlTemplate\":\"https:\\\/\\\/www.webdo.tn\\\/fr\\\/?s={search_term_string}\"},\"query-input\":{\"@type\":\"PropertyValueSpecification\",\"valueRequired\":true,\"valueName\":\"search_term_string\"}}],\"inLanguage\":\"fr-FR\"},{\"@type\":\"Organization\",\"@id\":\"https:\\\/\\\/www.webdo.tn\\\/fr\\\/#organization\",\"name\":\"Webdo\",\"alternateName\":\"Webdo.tn\",\"url\":\"https:\\\/\\\/www.webdo.tn\\\/fr\\\/\",\"logo\":{\"@type\":\"ImageObject\",\"inLanguage\":\"fr-FR\",\"@id\":\"https:\\\/\\\/www.webdo.tn\\\/fr\\\/#\\\/schema\\\/logo\\\/image\\\/\",\"url\":\"https:\\\/\\\/www.webdo.tn\\\/fr\\\/wp-content\\\/uploads\\\/2025\\\/06\\\/Webdo-Tunisie_168377.jpg\",\"contentUrl\":\"https:\\\/\\\/www.webdo.tn\\\/fr\\\/wp-content\\\/uploads\\\/2025\\\/06\\\/Webdo-Tunisie_168377.jpg\",\"width\":301,\"height\":301,\"caption\":\"Webdo\"},\"image\":{\"@id\":\"https:\\\/\\\/www.webdo.tn\\\/fr\\\/#\\\/schema\\\/logo\\\/image\\\/\"},\"sameAs\":[\"https:\\\/\\\/www.facebook.com\\\/webdotn\",\"https:\\\/\\\/x.com\\\/webdo_tn\"],\"description\":\"Webdo est un m\u00e9dia num\u00e9rique tunisien fond\u00e9 en 2010, sp\u00e9cialis\u00e9 dans l\u2019actualit\u00e9 nationale et internationale, l\u2019\u00e9conomie, la soci\u00e9t\u00e9 et les analyses politiques. Le site s\u2019adresse \u00e0 un large public francophone et couvre l\u2019information tunisienne en temps r\u00e9el.\",\"email\":\"redac@webdo.tn\",\"legalName\":\"YNJ SARL\",\"foundingDate\":\"2010-09-06\",\"numberOfEmployees\":{\"@type\":\"QuantitativeValue\",\"minValue\":\"11\",\"maxValue\":\"50\"}},{\"@type\":\"Person\",\"@id\":\"https:\\\/\\\/www.webdo.tn\\\/fr\\\/#\\\/schema\\\/person\\\/2c4929cbf5a809e3bd38617c6ce150f6\",\"name\":\"MC\",\"image\":{\"@type\":\"ImageObject\",\"inLanguage\":\"fr-FR\",\"@id\":\"https:\\\/\\\/secure.gravatar.com\\\/avatar\\\/a545bbb6f84efdd5553dbbc2895e3ca8f1d12c5215e00a041c9670b54aa9b18a?s=96&d=mm&r=g\",\"url\":\"https:\\\/\\\/secure.gravatar.com\\\/avatar\\\/a545bbb6f84efdd5553dbbc2895e3ca8f1d12c5215e00a041c9670b54aa9b18a?s=96&d=mm&r=g\",\"contentUrl\":\"https:\\\/\\\/secure.gravatar.com\\\/avatar\\\/a545bbb6f84efdd5553dbbc2895e3ca8f1d12c5215e00a041c9670b54aa9b18a?s=96&d=mm&r=g\",\"caption\":\"MC\"},\"url\":\"https:\\\/\\\/www.webdo.tn\\\/fr\\\/actualite\\\/author\\\/mc\\\/\"}]}<\/script>\n<!-- \/ Yoast SEO Premium plugin. -->","yoast_head_json":{"title":"Kais Saied ordonne une enqu\u00eate approfondie concernant la soci\u00e9t\u00e9 Stil","description":"Kais Saied a mis l'accent sur la soci\u00e9t\u00e9 Stil et sur l'aspect criminel qui a accompagn\u00e9 l'op\u00e9ration de sa liquidation sur 20 ans .","canonical":"https:\/\/www.webdo.tn\/fr\/actualite\/national\/kais-saied-ordonne-une-enquete-approfondie-concernant-la-societe-stil\/210995\/","og_locale":"fr_FR","og_type":"article","og_title":"Kais Saied ordonne une enqu\u00eate approfondie concernant la soci\u00e9t\u00e9 Stil","og_description":"Kais Saied a mis l'accent sur la soci\u00e9t\u00e9 Stil et sur l'aspect criminel qui a accompagn\u00e9 l'op\u00e9ration de sa liquidation sur 20 ans .","og_url":"https:\/\/www.webdo.tn\/fr\/actualite\/national\/kais-saied-ordonne-une-enquete-approfondie-concernant-la-societe-stil\/210995\/","og_site_name":"webdo","article_publisher":"https:\/\/www.facebook.com\/webdotn","article_published_time":"2023-12-21T14:46:00+00:00","article_modified_time":"2025-05-20T21:54:32+00:00","og_image":[{"width":750,"height":400,"url":"https:\/\/www.webdo.tn\/fr\/wp-content\/uploads\/2023\/12\/89c4ed9001ad077cf2d803a17ad11fe6.jpg","type":"image\/jpeg"}],"author":"MC","twitter_card":"summary_large_image","twitter_creator":"@webdo_tn","twitter_site":"@webdo_tn","twitter_misc":{"\u00c9crit par":"MC","Dur\u00e9e de lecture estim\u00e9e":"2 minutes"},"schema":{"@context":"https:\/\/schema.org","@graph":[{"@type":"NewsArticle","@id":"https:\/\/www.webdo.tn\/fr\/actualite\/national\/kais-saied-ordonne-une-enquete-approfondie-concernant-la-societe-stil\/210995\/#article","isPartOf":{"@id":"https:\/\/www.webdo.tn\/fr\/actualite\/national\/kais-saied-ordonne-une-enquete-approfondie-concernant-la-societe-stil\/210995\/"},"author":{"name":"MC","@id":"https:\/\/www.webdo.tn\/fr\/#\/schema\/person\/2c4929cbf5a809e3bd38617c6ce150f6"},"headline":"Kais Saied ordonne une enqu\u00eate approfondie concernant la soci\u00e9t\u00e9 Stil","datePublished":"2023-12-21T14:46:00+00:00","dateModified":"2025-05-20T21:54:32+00:00","mainEntityOfPage":{"@id":"https:\/\/www.webdo.tn\/fr\/actualite\/national\/kais-saied-ordonne-une-enquete-approfondie-concernant-la-societe-stil\/210995\/"},"wordCount":459,"commentCount":0,"publisher":{"@id":"https:\/\/www.webdo.tn\/fr\/#organization"},"image":{"@id":"https:\/\/www.webdo.tn\/fr\/actualite\/national\/kais-saied-ordonne-une-enquete-approfondie-concernant-la-societe-stil\/210995\/#primaryimage"},"thumbnailUrl":"https:\/\/www.webdo.tn\/fr\/wp-content\/uploads\/2023\/12\/89c4ed9001ad077cf2d803a17ad11fe6.jpg","keywords":["Enqu\u00eate","Lait","stil"],"articleSection":["National"],"inLanguage":"fr-FR"},{"@type":"WebPage","@id":"https:\/\/www.webdo.tn\/fr\/actualite\/national\/kais-saied-ordonne-une-enquete-approfondie-concernant-la-societe-stil\/210995\/","url":"https:\/\/www.webdo.tn\/fr\/actualite\/national\/kais-saied-ordonne-une-enquete-approfondie-concernant-la-societe-stil\/210995\/","name":"Kais Saied ordonne une enqu\u00eate approfondie concernant la soci\u00e9t\u00e9 Stil","isPartOf":{"@id":"https:\/\/www.webdo.tn\/fr\/#website"},"primaryImageOfPage":{"@id":"https:\/\/www.webdo.tn\/fr\/actualite\/national\/kais-saied-ordonne-une-enquete-approfondie-concernant-la-societe-stil\/210995\/#primaryimage"},"image":{"@id":"https:\/\/www.webdo.tn\/fr\/actualite\/national\/kais-saied-ordonne-une-enquete-approfondie-concernant-la-societe-stil\/210995\/#primaryimage"},"thumbnailUrl":"https:\/\/www.webdo.tn\/fr\/wp-content\/uploads\/2023\/12\/89c4ed9001ad077cf2d803a17ad11fe6.jpg","datePublished":"2023-12-21T14:46:00+00:00","dateModified":"2025-05-20T21:54:32+00:00","description":"Kais Saied a mis l'accent sur la soci\u00e9t\u00e9 Stil et sur l'aspect criminel qui a accompagn\u00e9 l'op\u00e9ration de sa liquidation sur 20 ans .","breadcrumb":{"@id":"https:\/\/www.webdo.tn\/fr\/actualite\/national\/kais-saied-ordonne-une-enquete-approfondie-concernant-la-societe-stil\/210995\/#breadcrumb"},"inLanguage":"fr-FR","potentialAction":[{"@type":"ReadAction","target":["https:\/\/www.webdo.tn\/fr\/actualite\/national\/kais-saied-ordonne-une-enquete-approfondie-concernant-la-societe-stil\/210995\/"]}]},{"@type":"ImageObject","inLanguage":"fr-FR","@id":"https:\/\/www.webdo.tn\/fr\/actualite\/national\/kais-saied-ordonne-une-enquete-approfondie-concernant-la-societe-stil\/210995\/#primaryimage","url":"https:\/\/www.webdo.tn\/fr\/wp-content\/uploads\/2023\/12\/89c4ed9001ad077cf2d803a17ad11fe6.jpg","contentUrl":"https:\/\/www.webdo.tn\/fr\/wp-content\/uploads\/2023\/12\/89c4ed9001ad077cf2d803a17ad11fe6.jpg","width":750,"height":400,"caption":"Kais Saied ordonne une enqu\u00eate approfondie concernant la soci\u00e9t\u00e9 Stil"},{"@type":"BreadcrumbList","@id":"https:\/\/www.webdo.tn\/fr\/actualite\/national\/kais-saied-ordonne-une-enquete-approfondie-concernant-la-societe-stil\/210995\/#breadcrumb","itemListElement":[{"@type":"ListItem","position":1,"name":"Accueil","item":"https:\/\/www.webdo.tn\/fr\/"},{"@type":"ListItem","position":2,"name":"Kais Saied ordonne une enqu\u00eate approfondie concernant la soci\u00e9t\u00e9 Stil"}]},{"@type":"WebSite","@id":"https:\/\/www.webdo.tn\/fr\/#website","url":"https:\/\/www.webdo.tn\/fr\/","name":"webdo","description":"Tunisie - News en Tunisie et \u00e0 l&#039;international sur Webdo.tn","publisher":{"@id":"https:\/\/www.webdo.tn\/fr\/#organization"},"potentialAction":[{"@type":"SearchAction","target":{"@type":"EntryPoint","urlTemplate":"https:\/\/www.webdo.tn\/fr\/?s={search_term_string}"},"query-input":{"@type":"PropertyValueSpecification","valueRequired":true,"valueName":"search_term_string"}}],"inLanguage":"fr-FR"},{"@type":"Organization","@id":"https:\/\/www.webdo.tn\/fr\/#organization","name":"Webdo","alternateName":"Webdo.tn","url":"https:\/\/www.webdo.tn\/fr\/","logo":{"@type":"ImageObject","inLanguage":"fr-FR","@id":"https:\/\/www.webdo.tn\/fr\/#\/schema\/logo\/image\/","url":"https:\/\/www.webdo.tn\/fr\/wp-content\/uploads\/2025\/06\/Webdo-Tunisie_168377.jpg","contentUrl":"https:\/\/www.webdo.tn\/fr\/wp-content\/uploads\/2025\/06\/Webdo-Tunisie_168377.jpg","width":301,"height":301,"caption":"Webdo"},"image":{"@id":"https:\/\/www.webdo.tn\/fr\/#\/schema\/logo\/image\/"},"sameAs":["https:\/\/www.facebook.com\/webdotn","https:\/\/x.com\/webdo_tn"],"description":"Webdo est un m\u00e9dia num\u00e9rique tunisien fond\u00e9 en 2010, sp\u00e9cialis\u00e9 dans l\u2019actualit\u00e9 nationale et internationale, l\u2019\u00e9conomie, la soci\u00e9t\u00e9 et les analyses politiques. Le site s\u2019adresse \u00e0 un large public francophone et couvre l\u2019information tunisienne en temps r\u00e9el.","email":"redac@webdo.tn","legalName":"YNJ SARL","foundingDate":"2010-09-06","numberOfEmployees":{"@type":"QuantitativeValue","minValue":"11","maxValue":"50"}},{"@type":"Person","@id":"https:\/\/www.webdo.tn\/fr\/#\/schema\/person\/2c4929cbf5a809e3bd38617c6ce150f6","name":"MC","image":{"@type":"ImageObject","inLanguage":"fr-FR","@id":"https:\/\/secure.gravatar.com\/avatar\/a545bbb6f84efdd5553dbbc2895e3ca8f1d12c5215e00a041c9670b54aa9b18a?s=96&d=mm&r=g","url":"https:\/\/secure.gravatar.com\/avatar\/a545bbb6f84efdd5553dbbc2895e3ca8f1d12c5215e00a041c9670b54aa9b18a?s=96&d=mm&r=g","contentUrl":"https:\/\/secure.gravatar.com\/avatar\/a545bbb6f84efdd5553dbbc2895e3ca8f1d12c5215e00a041c9670b54aa9b18a?s=96&d=mm&r=g","caption":"MC"},"url":"https:\/\/www.webdo.tn\/fr\/actualite\/author\/mc\/"}]}},"_links":{"self":[{"href":"https:\/\/www.webdo.tn\/fr\/wp-json\/wp\/v2\/posts\/210995","targetHints":{"allow":["GET"]}}],"collection":[{"href":"https:\/\/www.webdo.tn\/fr\/wp-json\/wp\/v2\/posts"}],"about":[{"href":"https:\/\/www.webdo.tn\/fr\/wp-json\/wp\/v2\/types\/post"}],"author":[{"embeddable":true,"href":"https:\/\/www.webdo.tn\/fr\/wp-json\/wp\/v2\/users\/3162"}],"replies":[{"embeddable":true,"href":"https:\/\/www.webdo.tn\/fr\/wp-json\/wp\/v2\/comments?post=210995"}],"version-history":[{"count":0,"href":"https:\/\/www.webdo.tn\/fr\/wp-json\/wp\/v2\/posts\/210995\/revisions"}],"wp:featuredmedia":[{"embeddable":true,"href":"https:\/\/www.webdo.tn\/fr\/wp-json\/wp\/v2\/media\/248447"}],"wp:attachment":[{"href":"https:\/\/www.webdo.tn\/fr\/wp-json\/wp\/v2\/media?parent=210995"}],"wp:term":[{"taxonomy":"category","embeddable":true,"href":"https:\/\/www.webdo.tn\/fr\/wp-json\/wp\/v2\/categories?post=210995"},{"taxonomy":"post_tag","embeddable":true,"href":"https:\/\/www.webdo.tn\/fr\/wp-json\/wp\/v2\/tags?post=210995"}],"curies":[{"name":"wp","href":"https:\/\/api.w.org\/{rel}","templated":true}]}}